{"id":37176,"date":"2021-10-20T10:00:32","date_gmt":"2021-10-20T08:00:32","guid":{"rendered":"https:\/\/exaudi.wpengine.com\/?p=37176"},"modified":"2021-10-21T09:59:05","modified_gmt":"2021-10-21T07:59:05","slug":"cardenal-arizmendi-otro-pais-sin-pederastas","status":"publish","type":"post","link":"https:\/\/exaudi.org\/es\/cardenal-arizmendi-otro-pais-sin-pederastas\/","title":{"rendered":"Cardenal Arizmendi: Otro pa\u00eds, sin pederastas"},"content":{"rendered":"<p>El\u00a0<a href=\"https:\/\/exaudi.wpengine.com\/es\/author\/felipearizmendi\/\" target=\"_blank\" rel=\"noopener\">cardenal Felipe Arizmendi Esquivel<\/a>, obispo em\u00e9rito de San Crist\u00f3bal de Las Casas y responsable de la Doctrina de la Fe en la\u00a0<a href=\"https:\/\/www.cem.org.mx\/\" target=\"_blank\" rel=\"noopener\">Conferencia del Episcopado Mexicano (CEM)<\/a>, ofrece a los lectores de Exaudi su art\u00edculo semanal titulado \u201cOtro pa\u00eds, sin pederastas\u201d, sobre los casos de abusos dentro de la Iglesia.<\/p>\n<h4><strong>Ver<\/strong><\/h4>\n<p>Ha sido vergonzoso el informe sobre los miles de casos de sacerdotes pederastas en Francia, desde mitad del siglo pasado y lo que llevamos de \u00e9ste, as\u00ed como de personas con alg\u00fan cargo religioso en ese pa\u00eds. Igualmente, son muy lamentables los casos ocurridos en M\u00e9xico, Estados Unidos, Chile, Irlanda, Alemania y en otras partes. No tienen justificaci\u00f3n. Se ha avanzado mucho en procurar que esto no suceda m\u00e1s y se han endurecido las penas can\u00f3nicas, pero no podemos quedar tranquilos hasta que este delito desaparezca totalmente. Desde la selecci\u00f3n de candidatos en el Seminario, hasta la formaci\u00f3n permanente, se han de seguir tomando todas las medidas necesarias para que lleguemos a una tolerancia cero.<\/p>\n<p>\u00bfQu\u00e9 tanto est\u00e1 influyendo esto para que disminuya el n\u00famero de cat\u00f3licos y para que decaiga la pr\u00e1ctica religiosa? Es obvio que nosotros mismos estamos destruyendo la credibilidad que durante mucho tiempo ha tenido la instituci\u00f3n eclesial. Durante a\u00f1os, nuestra Iglesia ha obtenido uno de los m\u00e1s altos porcentajes de confianza, seg\u00fan encuestas no pagadas por nosotros, pero esto se est\u00e1 perdiendo, sobre todo en ambientes ya de por s\u00ed alejados o no creyentes. Sin embargo, en gran parte de nuestras poblaciones, e incluso en las ciudades, la gran mayor\u00eda de los cat\u00f3licos sigue confiando en sus sacerdotes, porque doy testimonio de que, salvo esos doloros\u00edsimos casos, todos son fieles a su vocaci\u00f3n, desgastan su vida en el ministerio diario y oculto, son respetuosos de ni\u00f1os y adolescentes, y por ello gozan del aprecio de la comunidad. Los conocen y se dan cuenta de que no han ca\u00eddo en ese grave delito. He recorrido bastantes di\u00f3cesis del pa\u00eds, acompa\u00f1ando retiros espirituales con sacerdotes, y todos luchan por ser mejores en lo humano, en lo espiritual, en lo intelectual y en lo pastoral. En casi todos los Seminarios, hay equipos de especialistas en psicolog\u00eda, para analizar caso por caso, y a tiempo detectar a los no id\u00f3neos.<\/p>\n<p>En nuestro trato profundo con miles de personas, advertimos que la pederastia en el mismo ambiente familiar es un crimen m\u00e1s frecuente de lo que se piensa. Esto no disminuye la gravedad entre el clero, pero significa que es un problema social que, entre todos, hemos de atacar debidamente. Nuestros cr\u00edticos, que parecen unos talibanes anticlericales, se ceban con nuestras deficiencias, que son innegables, sin reconocer que est\u00e1n obteniendo fama, \u00e9xito y hasta emolumentos econ\u00f3micos, a base de atacar sistem\u00e1ticamente a su madre en la fe, su propia Iglesia. Ojal\u00e1 sus cr\u00edticas nos ayuden a purificarnos.<\/p>\n<h4><strong>\u00a0<\/strong><strong>Pensar<\/strong><\/h4>\n<p>El Papa Francisco, que ha luchado tanto contra este crimen, resume as\u00ed su postura en una carta que escribi\u00f3 a todo el Pueblo de Dios el 20 de agosto de 2018:<\/p>\n<p>\u201cSi un miembro sufre, todos sufren con \u00e9l\u00bb (1 Co 12,26). Estas palabras de san Pablo resuenan con fuerza en mi coraz\u00f3n al constatar una vez m\u00e1s el sufrimiento vivido por muchos menores a causa de abusos sexuales, de poder y de conciencia cometidos por un notable n\u00famero de cl\u00e9rigos y personas consagradas. Un crimen que genera hondas heridas de dolor e impotencia; en primer lugar, en las v\u00edctimas, pero tambi\u00e9n en sus familiares y en toda la comunidad, sean creyentes o no creyentes. Mirando hacia el pasado nunca ser\u00e1 suficiente lo que se haga para pedir perd\u00f3n y buscar reparar el da\u00f1o causado. Mirando hacia el futuro nunca ser\u00e1 poco todo lo que se haga para generar una cultura capaz de evitar que estas situaciones no solo no se repitan, sino que no encuentren espacios para ser encubiertas y perpetuarse. El dolor de las v\u00edctimas y sus familias es tambi\u00e9n nuestro dolor, por eso urge reafirmar una vez m\u00e1s nuestro compromiso para garantizar la protecci\u00f3n de los menores y de los adultos en situaci\u00f3n de vulnerabilidad\u201d.<\/p>\n<p>Los obispos mexicanos, en el Proyecto Global de Pastoral 2031+2033, decimos: \u201cVivimos con mucho dolor y tristeza el sufrimiento de las v\u00edctimas del abuso sexual de menores y de sus familiares por parte de presb\u00edteros. La Iglesia es la primera instituci\u00f3n que ha de promover el respeto por la ley para que, en estas situaciones tan deplorables, las personas que han cometido estas transgresiones, sean llevadas hasta las autoridades correspondientes. Como Iglesia hemos de comprometernos cada vez m\u00e1s para vigilar y erradicar este mal: atendiendo los da\u00f1os de los afectados y de sus familiares en todos los aspectos; fortaleciendo la cultura de la denuncia de estos delitos; siendo m\u00e1s cuidadosos en la idoneidad y la formaci\u00f3n para los candidatos al sacerdocio. Ante esta situaci\u00f3n, uno de los desaf\u00edos m\u00e1s importantes de nuestro ministerio episcopal ha de ser el acompa\u00f1amiento y la formaci\u00f3n permanente de los presb\u00edteros\u201d (No. 71).<\/p>\n<h4><strong>A<\/strong><strong>ctuar<\/strong><\/h4>\n<p>Si alguien ha sufrido este abuso, o tiene conocimiento cierto sobre alg\u00fan caso, de inmediato haga la denuncia ante las autoridades religiosas y civiles, para que no se siga da\u00f1ando impunemente a otras personas.<\/p>\n<p>Hay que evitar el hacinamiento en los hogares, procurando disponer habitaciones separadas para los pap\u00e1s, las hijas y los hijos, y as\u00ed evitar este peligro desde el hogar. Pero tambi\u00e9n educar, desde la casa, la escuela, las parroquias y los medios de comunicaci\u00f3n, para aprender a respetar a la ni\u00f1ez y a toda persona vulnerable. No s\u00f3lo criticar, sino educar.<\/p>\n<audio class=\"wp-audio-shortcode\" id=\"audio-37176-1\" preload=\"none\" style=\"width: 100%;\" controls=\"controls\"><source type=\"audio\/mpeg\" src=\"https:\/\/exaudi.wpengine.com\/wp-content\/uploads\/2021\/10\/Articulo-20-octubre.mp3?_=1\" \/><a href=\"https:\/\/exaudi.wpengine.com\/wp-content\/uploads\/2021\/10\/Articulo-20-octubre.mp3\">https:\/\/exaudi.wpengine.com\/wp-content\/uploads\/2021\/10\/Articulo-20-octubre.mp3<\/a><\/audio>\n","protected":false},"excerpt":{"rendered":"<p>No solo basta criticar, sino educar<\/p>\n","protected":false},"author":24,"featured_media":37177,"comment_status":"open","ping_status":"open","sticky":false,"template":"","format":"standard","meta":{"_acf_changed":false,"_crdt_document":"","inline_featured_image":false,"footnotes":""},"categories":[298,130],"tags":[3727,4608,1743],"class_list":["post-37176","post","type-post","status-publish","format-standard","has-post-thumbnail","hentry","category-ultimas-noticias","category-voces","tag-cardenal-felipe-arizmendi","tag-pederastia","tag-proteccion-de-menores"],"acf":[],"yoast_head":"<!-- This site is optimized with the Yoast SEO plugin v27.5 - https:\/\/yoast.com\/product\/yoast-seo-wordpress\/ -->\n<title>Cardenal Arizmendi: Otro pa\u00eds, sin pederastas &#8211; Exaudi<\/title>\n<meta name=\"description\" content=\"El\u00a0cardenal Felipe Arizmendi, obispo em\u00e9rito de San Crist\u00f3bal de Las Casas, ofrece su art\u00edculo semanal titulado \u201cOtro pa\u00eds, sin pederastas&quot;\" \/>\n<meta name=\"robots\" content=\"index, follow, max-snippet:-1, max-image-preview:large, max-video-preview:-1\" \/>\n<link rel=\"canonical\" href=\"https:\/\/exaudi.org\/es\/cardenal-arizmendi-otro-pais-sin-pederastas\/\" \/>\n<meta property=\"og:locale\" content=\"es_ES\" \/>\n<meta property=\"og:type\" content=\"article\" \/>\n<meta property=\"og:title\" content=\"Cardenal Arizmendi: Otro pa\u00eds, sin pederastas &#8211; Exaudi\" \/>\n<meta property=\"og:description\" content=\"El\u00a0cardenal Felipe Arizmendi, obispo em\u00e9rito de San Crist\u00f3bal de Las Casas, ofrece su art\u00edculo semanal titulado \u201cOtro pa\u00eds, sin pederastas&quot;\" \/>\n<meta property=\"og:url\" content=\"https:\/\/exaudi.org\/es\/cardenal-arizmendi-otro-pais-sin-pederastas\/\" \/>\n<meta property=\"og:site_name\" content=\"Exaudi\" \/>\n<meta property=\"article:publisher\" content=\"https:\/\/www.facebook.com\/ExaudiNews\" \/>\n<meta property=\"article:published_time\" content=\"2021-10-20T08:00:32+00:00\" \/>\n<meta property=\"article:modified_time\" content=\"2021-10-21T07:59:05+00:00\" \/>\n<meta property=\"og:image\" content=\"https:\/\/exaudi.org\/wp-content\/uploads\/2021\/10\/pexels-mike-chai-842339-scaled.jpg\" \/>\n\t<meta property=\"og:image:width\" content=\"2560\" \/>\n\t<meta property=\"og:image:height\" content=\"1708\" \/>\n\t<meta property=\"og:image:type\" content=\"image\/jpeg\" \/>\n<meta name=\"author\" content=\"Cardenal Felipe Arizmendi\" \/>\n<meta name=\"twitter:card\" content=\"summary_large_image\" \/>\n<meta name=\"twitter:creator\" content=\"@Exaudi_News\" \/>\n<meta name=\"twitter:site\" content=\"@Exaudi_News\" \/>\n<meta name=\"twitter:label1\" content=\"Escrito por\" \/>\n\t<meta name=\"twitter:data1\" content=\"Cardenal Felipe Arizmendi\" \/>\n\t<meta name=\"twitter:label2\" content=\"Tiempo de lectura\" \/>\n\t<meta name=\"twitter:data2\" content=\"5 minutos\" \/>\n<script type=\"application\/ld+json\" class=\"yoast-schema-graph\">{\"@context\":\"https:\\\/\\\/schema.org\",\"@graph\":[{\"@type\":\"Article\",\"@id\":\"https:\\\/\\\/exaudi.org\\\/es\\\/cardenal-arizmendi-otro-pais-sin-pederastas\\\/#article\",\"isPartOf\":{\"@id\":\"https:\\\/\\\/exaudi.org\\\/es\\\/cardenal-arizmendi-otro-pais-sin-pederastas\\\/\"},\"author\":{\"name\":\"Cardenal Felipe Arizmendi\",\"@id\":\"https:\\\/\\\/exaudi.org\\\/#\\\/schema\\\/person\\\/c7d223f87e58f1105d044d8da1439102\"},\"headline\":\"Cardenal Arizmendi: Otro pa\u00eds, sin pederastas\",\"datePublished\":\"2021-10-20T08:00:32+00:00\",\"dateModified\":\"2021-10-21T07:59:05+00:00\",\"mainEntityOfPage\":{\"@id\":\"https:\\\/\\\/exaudi.org\\\/es\\\/cardenal-arizmendi-otro-pais-sin-pederastas\\\/\"},\"wordCount\":1004,\"commentCount\":0,\"image\":{\"@id\":\"https:\\\/\\\/exaudi.org\\\/es\\\/cardenal-arizmendi-otro-pais-sin-pederastas\\\/#primaryimage\"},\"thumbnailUrl\":\"https:\\\/\\\/exaudi.org\\\/wp-content\\\/uploads\\\/2021\\\/10\\\/pexels-mike-chai-842339-scaled.jpg\",\"keywords\":[\"Cardenal Felipe Arizmendi\",\"Pederast\u00eda\",\"Protecci\u00f3n de menores\"],\"articleSection\":[\"\u00daltimas noticias\",\"Voces\"],\"inLanguage\":\"es\",\"potentialAction\":[{\"@type\":\"CommentAction\",\"name\":\"Comment\",\"target\":[\"https:\\\/\\\/exaudi.org\\\/es\\\/cardenal-arizmendi-otro-pais-sin-pederastas\\\/#respond\"]}]},{\"@type\":\"WebPage\",\"@id\":\"https:\\\/\\\/exaudi.org\\\/es\\\/cardenal-arizmendi-otro-pais-sin-pederastas\\\/\",\"url\":\"https:\\\/\\\/exaudi.org\\\/es\\\/cardenal-arizmendi-otro-pais-sin-pederastas\\\/\",\"name\":\"Cardenal Arizmendi: Otro pa\u00eds, sin pederastas &#8211; Exaudi\",\"isPartOf\":{\"@id\":\"https:\\\/\\\/exaudi.org\\\/#website\"},\"primaryImageOfPage\":{\"@id\":\"https:\\\/\\\/exaudi.org\\\/es\\\/cardenal-arizmendi-otro-pais-sin-pederastas\\\/#primaryimage\"},\"image\":{\"@id\":\"https:\\\/\\\/exaudi.org\\\/es\\\/cardenal-arizmendi-otro-pais-sin-pederastas\\\/#primaryimage\"},\"thumbnailUrl\":\"https:\\\/\\\/exaudi.org\\\/wp-content\\\/uploads\\\/2021\\\/10\\\/pexels-mike-chai-842339-scaled.jpg\",\"datePublished\":\"2021-10-20T08:00:32+00:00\",\"dateModified\":\"2021-10-21T07:59:05+00:00\",\"author\":{\"@id\":\"https:\\\/\\\/exaudi.org\\\/#\\\/schema\\\/person\\\/c7d223f87e58f1105d044d8da1439102\"},\"description\":\"El\u00a0cardenal Felipe Arizmendi, obispo em\u00e9rito de San Crist\u00f3bal de Las Casas, ofrece su art\u00edculo semanal titulado \u201cOtro pa\u00eds, sin pederastas\\\"\",\"breadcrumb\":{\"@id\":\"https:\\\/\\\/exaudi.org\\\/es\\\/cardenal-arizmendi-otro-pais-sin-pederastas\\\/#breadcrumb\"},\"inLanguage\":\"es\",\"potentialAction\":[{\"@type\":\"ReadAction\",\"target\":[\"https:\\\/\\\/exaudi.org\\\/es\\\/cardenal-arizmendi-otro-pais-sin-pederastas\\\/\"]}]},{\"@type\":\"ImageObject\",\"inLanguage\":\"es\",\"@id\":\"https:\\\/\\\/exaudi.org\\\/es\\\/cardenal-arizmendi-otro-pais-sin-pederastas\\\/#primaryimage\",\"url\":\"https:\\\/\\\/exaudi.org\\\/wp-content\\\/uploads\\\/2021\\\/10\\\/pexels-mike-chai-842339-scaled.jpg\",\"contentUrl\":\"https:\\\/\\\/exaudi.org\\\/wp-content\\\/uploads\\\/2021\\\/10\\\/pexels-mike-chai-842339-scaled.jpg\",\"width\":2560,\"height\":1708,\"caption\":\"Gente en la calle \u00a9 Pexels. Mike Chai\"},{\"@type\":\"BreadcrumbList\",\"@id\":\"https:\\\/\\\/exaudi.org\\\/es\\\/cardenal-arizmendi-otro-pais-sin-pederastas\\\/#breadcrumb\",\"itemListElement\":[{\"@type\":\"ListItem\",\"position\":1,\"name\":\"Portada\",\"item\":\"https:\\\/\\\/exaudi.org\\\/es\\\/\"},{\"@type\":\"ListItem\",\"position\":2,\"name\":\"Cardenal Arizmendi: Otro pa\u00eds, sin pederastas\"}]},{\"@type\":\"WebSite\",\"@id\":\"https:\\\/\\\/exaudi.org\\\/#website\",\"url\":\"https:\\\/\\\/exaudi.org\\\/\",\"name\":\"Exaudi\",\"description\":\"News\",\"potentialAction\":[{\"@type\":\"SearchAction\",\"target\":{\"@type\":\"EntryPoint\",\"urlTemplate\":\"https:\\\/\\\/exaudi.org\\\/?s={search_term_string}\"},\"query-input\":{\"@type\":\"PropertyValueSpecification\",\"valueRequired\":true,\"valueName\":\"search_term_string\"}}],\"inLanguage\":\"es\"},{\"@type\":\"Person\",\"@id\":\"https:\\\/\\\/exaudi.org\\\/#\\\/schema\\\/person\\\/c7d223f87e58f1105d044d8da1439102\",\"name\":\"Cardenal Felipe Arizmendi\",\"image\":{\"@type\":\"ImageObject\",\"inLanguage\":\"es\",\"@id\":\"https:\\\/\\\/secure.gravatar.com\\\/avatar\\\/4ffc5520d896b86d39346168903de33a17ef0f23d16de0ff45062c1ff422ed2f?s=96&d=mm&r=g\",\"url\":\"https:\\\/\\\/secure.gravatar.com\\\/avatar\\\/4ffc5520d896b86d39346168903de33a17ef0f23d16de0ff45062c1ff422ed2f?s=96&d=mm&r=g\",\"contentUrl\":\"https:\\\/\\\/secure.gravatar.com\\\/avatar\\\/4ffc5520d896b86d39346168903de33a17ef0f23d16de0ff45062c1ff422ed2f?s=96&d=mm&r=g\",\"caption\":\"Cardenal Felipe Arizmendi\"},\"description\":\"Nacido en Chiltepec el 1 de mayo de 1940. Estudi\u00f3 Humanidades y Filosof\u00eda en el Seminario de Toluca, de 1952 a 1959. Curs\u00f3 la Teolog\u00eda en la Universidad Pontificia de Salamanca, Espa\u00f1a, de 1959 a 1963, obteniendo la licenciatura en Teolog\u00eda Dogm\u00e1tica. Por su cuenta, se especializ\u00f3 en Liturgia. Fue ordenado sacerdote el 25 de agosto de 1963 en Toluca. Sirvi\u00f3 como Vicario Parroquial en tres parroquias por tres a\u00f1os y medio y fue p\u00e1rroco de una comunidad ind\u00edgena otom\u00ed, de 1967 a 1970. Fue Director Espiritual del Seminario de Toluca por diez a\u00f1os, y Rector del mismo de 1981 a 1991. El 7 de marzo de 1991, fue ordenado obispo de la di\u00f3cesis de Tapachula, donde estuvo hasta el 30 de abril del a\u00f1o 2000. El 1 de mayo del 2000, inici\u00f3 su ministerio episcopal como XLVI obispo de la di\u00f3cesis de San Crist\u00f3bal de las Casas, Chiapas, una de las di\u00f3cesis m\u00e1s antiguas de M\u00e9xico, erigida en 1539; all\u00ed sirvi\u00f3 por casi 18 a\u00f1os. Ha ocupado diversos cargos en la Conferencia del Episcopado Mexicano y en el CELAM. El 3 de noviembre de 2017, el Papa Francisco le acept\u00f3, por edad, su renuncia al servicio episcopal en esta di\u00f3cesis, que entreg\u00f3 a su sucesor el 3 de enero de 2018. Desde entonces, reside en la ciudad de Toluca. Desde 1979, escribe art\u00edculos de actualidad en varios medios religiosos y civiles. Es autor de varias publicaciones.\",\"url\":\"https:\\\/\\\/exaudi.org\\\/es\\\/author\\\/felipearizmendi\\\/\"}]}<\/script>\n<!-- \/ Yoast SEO plugin. -->","yoast_head_json":{"title":"Cardenal Arizmendi: Otro pa\u00eds, sin pederastas &#8211; Exaudi","description":"El\u00a0cardenal Felipe Arizmendi, obispo em\u00e9rito de San Crist\u00f3bal de Las Casas, ofrece su art\u00edculo semanal titulado \u201cOtro pa\u00eds, sin pederastas\"","robots":{"index":"index","follow":"follow","max-snippet":"max-snippet:-1","max-image-preview":"max-image-preview:large","max-video-preview":"max-video-preview:-1"},"canonical":"https:\/\/exaudi.org\/es\/cardenal-arizmendi-otro-pais-sin-pederastas\/","og_locale":"es_ES","og_type":"article","og_title":"Cardenal Arizmendi: Otro pa\u00eds, sin pederastas &#8211; Exaudi","og_description":"El\u00a0cardenal Felipe Arizmendi, obispo em\u00e9rito de San Crist\u00f3bal de Las Casas, ofrece su art\u00edculo semanal titulado \u201cOtro pa\u00eds, sin pederastas\"","og_url":"https:\/\/exaudi.org\/es\/cardenal-arizmendi-otro-pais-sin-pederastas\/","og_site_name":"Exaudi","article_publisher":"https:\/\/www.facebook.com\/ExaudiNews","article_published_time":"2021-10-20T08:00:32+00:00","article_modified_time":"2021-10-21T07:59:05+00:00","og_image":[{"width":2560,"height":1708,"url":"https:\/\/exaudi.org\/wp-content\/uploads\/2021\/10\/pexels-mike-chai-842339-scaled.jpg","type":"image\/jpeg"}],"author":"Cardenal Felipe Arizmendi","twitter_card":"summary_large_image","twitter_creator":"@Exaudi_News","twitter_site":"@Exaudi_News","twitter_misc":{"Escrito por":"Cardenal Felipe Arizmendi","Tiempo de lectura":"5 minutos"},"schema":{"@context":"https:\/\/schema.org","@graph":[{"@type":"Article","@id":"https:\/\/exaudi.org\/es\/cardenal-arizmendi-otro-pais-sin-pederastas\/#article","isPartOf":{"@id":"https:\/\/exaudi.org\/es\/cardenal-arizmendi-otro-pais-sin-pederastas\/"},"author":{"name":"Cardenal Felipe Arizmendi","@id":"https:\/\/exaudi.org\/#\/schema\/person\/c7d223f87e58f1105d044d8da1439102"},"headline":"Cardenal Arizmendi: Otro pa\u00eds, sin pederastas","datePublished":"2021-10-20T08:00:32+00:00","dateModified":"2021-10-21T07:59:05+00:00","mainEntityOfPage":{"@id":"https:\/\/exaudi.org\/es\/cardenal-arizmendi-otro-pais-sin-pederastas\/"},"wordCount":1004,"commentCount":0,"image":{"@id":"https:\/\/exaudi.org\/es\/cardenal-arizmendi-otro-pais-sin-pederastas\/#primaryimage"},"thumbnailUrl":"https:\/\/exaudi.org\/wp-content\/uploads\/2021\/10\/pexels-mike-chai-842339-scaled.jpg","keywords":["Cardenal Felipe Arizmendi","Pederast\u00eda","Protecci\u00f3n de menores"],"articleSection":["\u00daltimas noticias","Voces"],"inLanguage":"es","potentialAction":[{"@type":"CommentAction","name":"Comment","target":["https:\/\/exaudi.org\/es\/cardenal-arizmendi-otro-pais-sin-pederastas\/#respond"]}]},{"@type":"WebPage","@id":"https:\/\/exaudi.org\/es\/cardenal-arizmendi-otro-pais-sin-pederastas\/","url":"https:\/\/exaudi.org\/es\/cardenal-arizmendi-otro-pais-sin-pederastas\/","name":"Cardenal Arizmendi: Otro pa\u00eds, sin pederastas &#8211; Exaudi","isPartOf":{"@id":"https:\/\/exaudi.org\/#website"},"primaryImageOfPage":{"@id":"https:\/\/exaudi.org\/es\/cardenal-arizmendi-otro-pais-sin-pederastas\/#primaryimage"},"image":{"@id":"https:\/\/exaudi.org\/es\/cardenal-arizmendi-otro-pais-sin-pederastas\/#primaryimage"},"thumbnailUrl":"https:\/\/exaudi.org\/wp-content\/uploads\/2021\/10\/pexels-mike-chai-842339-scaled.jpg","datePublished":"2021-10-20T08:00:32+00:00","dateModified":"2021-10-21T07:59:05+00:00","author":{"@id":"https:\/\/exaudi.org\/#\/schema\/person\/c7d223f87e58f1105d044d8da1439102"},"description":"El\u00a0cardenal Felipe Arizmendi, obispo em\u00e9rito de San Crist\u00f3bal de Las Casas, ofrece su art\u00edculo semanal titulado \u201cOtro pa\u00eds, sin pederastas\"","breadcrumb":{"@id":"https:\/\/exaudi.org\/es\/cardenal-arizmendi-otro-pais-sin-pederastas\/#breadcrumb"},"inLanguage":"es","potentialAction":[{"@type":"ReadAction","target":["https:\/\/exaudi.org\/es\/cardenal-arizmendi-otro-pais-sin-pederastas\/"]}]},{"@type":"ImageObject","inLanguage":"es","@id":"https:\/\/exaudi.org\/es\/cardenal-arizmendi-otro-pais-sin-pederastas\/#primaryimage","url":"https:\/\/exaudi.org\/wp-content\/uploads\/2021\/10\/pexels-mike-chai-842339-scaled.jpg","contentUrl":"https:\/\/exaudi.org\/wp-content\/uploads\/2021\/10\/pexels-mike-chai-842339-scaled.jpg","width":2560,"height":1708,"caption":"Gente en la calle \u00a9 Pexels. Mike Chai"},{"@type":"BreadcrumbList","@id":"https:\/\/exaudi.org\/es\/cardenal-arizmendi-otro-pais-sin-pederastas\/#breadcrumb","itemListElement":[{"@type":"ListItem","position":1,"name":"Portada","item":"https:\/\/exaudi.org\/es\/"},{"@type":"ListItem","position":2,"name":"Cardenal Arizmendi: Otro pa\u00eds, sin pederastas"}]},{"@type":"WebSite","@id":"https:\/\/exaudi.org\/#website","url":"https:\/\/exaudi.org\/","name":"Exaudi","description":"News","potentialAction":[{"@type":"SearchAction","target":{"@type":"EntryPoint","urlTemplate":"https:\/\/exaudi.org\/?s={search_term_string}"},"query-input":{"@type":"PropertyValueSpecification","valueRequired":true,"valueName":"search_term_string"}}],"inLanguage":"es"},{"@type":"Person","@id":"https:\/\/exaudi.org\/#\/schema\/person\/c7d223f87e58f1105d044d8da1439102","name":"Cardenal Felipe Arizmendi","image":{"@type":"ImageObject","inLanguage":"es","@id":"https:\/\/secure.gravatar.com\/avatar\/4ffc5520d896b86d39346168903de33a17ef0f23d16de0ff45062c1ff422ed2f?s=96&d=mm&r=g","url":"https:\/\/secure.gravatar.com\/avatar\/4ffc5520d896b86d39346168903de33a17ef0f23d16de0ff45062c1ff422ed2f?s=96&d=mm&r=g","contentUrl":"https:\/\/secure.gravatar.com\/avatar\/4ffc5520d896b86d39346168903de33a17ef0f23d16de0ff45062c1ff422ed2f?s=96&d=mm&r=g","caption":"Cardenal Felipe Arizmendi"},"description":"Nacido en Chiltepec el 1 de mayo de 1940. Estudi\u00f3 Humanidades y Filosof\u00eda en el Seminario de Toluca, de 1952 a 1959. Curs\u00f3 la Teolog\u00eda en la Universidad Pontificia de Salamanca, Espa\u00f1a, de 1959 a 1963, obteniendo la licenciatura en Teolog\u00eda Dogm\u00e1tica. Por su cuenta, se especializ\u00f3 en Liturgia. Fue ordenado sacerdote el 25 de agosto de 1963 en Toluca. Sirvi\u00f3 como Vicario Parroquial en tres parroquias por tres a\u00f1os y medio y fue p\u00e1rroco de una comunidad ind\u00edgena otom\u00ed, de 1967 a 1970. Fue Director Espiritual del Seminario de Toluca por diez a\u00f1os, y Rector del mismo de 1981 a 1991. El 7 de marzo de 1991, fue ordenado obispo de la di\u00f3cesis de Tapachula, donde estuvo hasta el 30 de abril del a\u00f1o 2000. El 1 de mayo del 2000, inici\u00f3 su ministerio episcopal como XLVI obispo de la di\u00f3cesis de San Crist\u00f3bal de las Casas, Chiapas, una de las di\u00f3cesis m\u00e1s antiguas de M\u00e9xico, erigida en 1539; all\u00ed sirvi\u00f3 por casi 18 a\u00f1os. Ha ocupado diversos cargos en la Conferencia del Episcopado Mexicano y en el CELAM. El 3 de noviembre de 2017, el Papa Francisco le acept\u00f3, por edad, su renuncia al servicio episcopal en esta di\u00f3cesis, que entreg\u00f3 a su sucesor el 3 de enero de 2018. Desde entonces, reside en la ciudad de Toluca. Desde 1979, escribe art\u00edculos de actualidad en varios medios religiosos y civiles. Es autor de varias publicaciones.","url":"https:\/\/exaudi.org\/es\/author\/felipearizmendi\/"}]}},"jetpack_featured_media_url":"https:\/\/exaudi.org\/wp-content\/uploads\/2021\/10\/pexels-mike-chai-842339-scaled.jpg","jetpack_shortlink":"https:\/\/wp.me\/pgKjF2-9FC","_links":{"self":[{"href":"https:\/\/exaudi.org\/es\/wp-json\/wp\/v2\/posts\/37176","targetHints":{"allow":["GET"]}}],"collection":[{"href":"https:\/\/exaudi.org\/es\/wp-json\/wp\/v2\/posts"}],"about":[{"href":"https:\/\/exaudi.org\/es\/wp-json\/wp\/v2\/types\/post"}],"author":[{"embeddable":true,"href":"https:\/\/exaudi.org\/es\/wp-json\/wp\/v2\/users\/24"}],"replies":[{"embeddable":true,"href":"https:\/\/exaudi.org\/es\/wp-json\/wp\/v2\/comments?post=37176"}],"version-history":[{"count":0,"href":"https:\/\/exaudi.org\/es\/wp-json\/wp\/v2\/posts\/37176\/revisions"}],"wp:featuredmedia":[{"embeddable":true,"href":"https:\/\/exaudi.org\/es\/wp-json\/wp\/v2\/media\/37177"}],"wp:attachment":[{"href":"https:\/\/exaudi.org\/es\/wp-json\/wp\/v2\/media?parent=37176"}],"wp:term":[{"taxonomy":"category","embeddable":true,"href":"https:\/\/exaudi.org\/es\/wp-json\/wp\/v2\/categories?post=37176"},{"taxonomy":"post_tag","embeddable":true,"href":"https:\/\/exaudi.org\/es\/wp-json\/wp\/v2\/tags?post=37176"}],"curies":[{"name":"wp","href":"https:\/\/api.w.org\/{rel}","templated":true}]}}