{"id":37143,"date":"2021-10-19T16:27:51","date_gmt":"2021-10-19T14:27:51","guid":{"rendered":"https:\/\/exaudi.wpengine.com\/?p=37143"},"modified":"2021-10-20T15:41:26","modified_gmt":"2021-10-20T13:41:26","slug":"venezuela-iglesia-detencion-activistas-humanos","status":"publish","type":"post","link":"https:\/\/exaudi.org\/es\/venezuela-iglesia-detencion-activistas-humanos\/","title":{"rendered":"Venezuela: Iglesia habla ante detenci\u00f3n de activistas humanos"},"content":{"rendered":"<p>La Comisi\u00f3n de Justicia y Paz de la <a href=\"https:\/\/conferenciaepiscopalvenezolana.com\/\" target=\"_blank\" rel=\"noopener\">Iglesia de Venezuela<\/a> (CEV) emiti\u00f3 ayer, lunes 18 de octubre de 2021, un comunicado ante la detenci\u00f3n de activistas defensores de derechos humanos Jos\u00e9 Rafael Tarazona y Omar de Dios Garc\u00eda, en el que llama a las autoridades a garantizar los derechos de quienes est\u00e1n bajo su responsabilidad al encontrarse detenidos, y aboga por una salida segura a la problem\u00e1tica.<\/p>\n<p>Seg\u00fan el Episcopado, los dos hombres se encuentran detenidos desde el mes de julio en una de las sedes del Servicio Bolivariano de Inteligencia Nacional, siendo que fueron apresados en el \u201cejercicio de las labores de denuncia y promoci\u00f3n de los derechos humanos como activistas en temas de particular sensibilidad\u201d y sin orden judicial.<\/p>\n<p>La CEV tambi\u00e9n aclara que \u201clos distintos instrumentos de protecci\u00f3n de los derechos humanos garantizan el debido proceso de las personas detenidas. En particular, el deber de informar inmediatamente a la persona detenida, sus familiares y representantes, sobre los motivos y razones de la detenci\u00f3n. De igual forma, se debe asegurar una defensa adecuada que permita que las personas acusadas tengan contacto regular con su representante legal y se involucren en la preparaci\u00f3n de sus respectivas audiencias\u201d.<\/p>\n<p>\u201cHemos recibido informaci\u00f3n de los familiares que indica que las personas privadas de su libertad se encontrar\u00edan en condiciones inadecuadas de detenci\u00f3n. En el actual contexto de pandemia, esta situaci\u00f3n pondr\u00eda en mayor riesgo a las personas privadas de libertad. Igualmente hemos recibido la informaci\u00f3n de que los se\u00f1ores Javier Tarazona, Jos\u00e9 Rafael Tarazona y Omar De Dios Garc\u00eda se han contagiado de COVID-19; han sido trasladados a un centro de atenci\u00f3n m\u00e9dica, que los familiares desconocen con exactitud y se les ha negado informaci\u00f3n sobre su estado de salud\u201d, relata el comunicado.<\/p>\n<p>Por todo ello, la Comisi\u00f3n <a href=\"https:\/\/exaudi.wpengine.com\/es\/venezuela-iglesia-lanza-campana-abrazo-en-familia\/\" target=\"_blank\" rel=\"noopener\">venezolana<\/a> exige \u201crespeto al trabajo de los defensores de los derechos humanos en el territorio nacional\u201d, as\u00ed como \u201cinformaci\u00f3n fidedigna y oportuna de las condiciones de salud y jur\u00eddicas de los defensores de derechos humanos aprehendidos\u201d, y por \u00faltimo solicita \u201cse considere el otorgamiento de una medida humanitaria por razones de salud a Javier Tarazona, Jos\u00e9 Rafael Tarazona y Omar De Dios Garc\u00eda\u201d.<\/p>\n","protected":false},"excerpt":{"rendered":"<p>El Gobierno apres\u00f3 a dos activistas<\/p>\n","protected":false},"author":6,"featured_media":37145,"comment_status":"closed","ping_status":"closed","sticky":false,"template":"","format":"standard","meta":{"_acf_changed":false,"_crdt_document":"","inline_featured_image":false,"footnotes":""},"categories":[86,94,298],"tags":[835,802],"class_list":["post-37143","post","type-post","status-publish","format-standard","has-post-thumbnail","hentry","category-iglesia-local","category-justicia-y-paz","category-ultimas-noticias","tag-conferencia-episcopal-de-venezuela-cev","tag-derechos-humanos"],"acf":[],"yoast_head":"<!-- This site is optimized with the Yoast SEO plugin v27.5 - https:\/\/yoast.com\/product\/yoast-seo-wordpress\/ -->\n<title>Venezuela: Iglesia habla ante detenci\u00f3n de activistas humanos<\/title>\n<meta name=\"description\" content=\"La Comisi\u00f3n de Justicia y Paz de la Iglesia de Venezuela ha hablado en relaci\u00f3n a la detenci\u00f3n de dos activistas humanos.\" \/>\n<meta name=\"robots\" content=\"index, follow, max-snippet:-1, max-image-preview:large, max-video-preview:-1\" \/>\n<link rel=\"canonical\" href=\"https:\/\/exaudi.org\/es\/venezuela-iglesia-detencion-activistas-humanos\/\" \/>\n<meta property=\"og:locale\" content=\"es_ES\" \/>\n<meta property=\"og:type\" content=\"article\" \/>\n<meta property=\"og:title\" content=\"Venezuela: Iglesia habla ante detenci\u00f3n de activistas humanos\" \/>\n<meta property=\"og:description\" content=\"La Comisi\u00f3n de Justicia y Paz de la Iglesia de Venezuela ha hablado en relaci\u00f3n a la detenci\u00f3n de dos activistas humanos.\" \/>\n<meta property=\"og:url\" content=\"https:\/\/exaudi.org\/es\/venezuela-iglesia-detencion-activistas-humanos\/\" \/>\n<meta property=\"og:site_name\" content=\"Exaudi\" \/>\n<meta property=\"article:publisher\" content=\"https:\/\/www.facebook.com\/ExaudiNews\" \/>\n<meta property=\"article:published_time\" content=\"2021-10-19T14:27:51+00:00\" \/>\n<meta property=\"article:modified_time\" content=\"2021-10-20T13:41:26+00:00\" \/>\n<meta property=\"og:image\" content=\"https:\/\/exaudi.org\/wp-content\/uploads\/2021\/10\/cq5dam.thumbnail.cropped.750.422-4.jpeg\" \/>\n\t<meta property=\"og:image:width\" content=\"750\" \/>\n\t<meta property=\"og:image:height\" content=\"422\" \/>\n\t<meta property=\"og:image:type\" content=\"image\/jpeg\" \/>\n<meta name=\"author\" content=\"Gabriel Sales\" \/>\n<meta name=\"twitter:card\" content=\"summary_large_image\" \/>\n<meta name=\"twitter:creator\" content=\"@habemusman\" \/>\n<meta name=\"twitter:site\" content=\"@Exaudi_News\" \/>\n<meta name=\"twitter:label1\" content=\"Escrito por\" \/>\n\t<meta name=\"twitter:data1\" content=\"Gabriel Sales\" \/>\n\t<meta name=\"twitter:label2\" content=\"Tiempo de lectura\" \/>\n\t<meta name=\"twitter:data2\" content=\"2 minutos\" \/>\n<script type=\"application\/ld+json\" class=\"yoast-schema-graph\">{\"@context\":\"https:\\\/\\\/schema.org\",\"@graph\":[{\"@type\":\"Article\",\"@id\":\"https:\\\/\\\/exaudi.org\\\/es\\\/venezuela-iglesia-detencion-activistas-humanos\\\/#article\",\"isPartOf\":{\"@id\":\"https:\\\/\\\/exaudi.org\\\/es\\\/venezuela-iglesia-detencion-activistas-humanos\\\/\"},\"author\":{\"name\":\"Gabriel Sales\",\"@id\":\"https:\\\/\\\/exaudi.org\\\/#\\\/schema\\\/person\\\/d134b96438278131ce90c90c03fda6cd\"},\"headline\":\"Venezuela: Iglesia habla ante detenci\u00f3n de activistas humanos\",\"datePublished\":\"2021-10-19T14:27:51+00:00\",\"dateModified\":\"2021-10-20T13:41:26+00:00\",\"mainEntityOfPage\":{\"@id\":\"https:\\\/\\\/exaudi.org\\\/es\\\/venezuela-iglesia-detencion-activistas-humanos\\\/\"},\"wordCount\":393,\"image\":{\"@id\":\"https:\\\/\\\/exaudi.org\\\/es\\\/venezuela-iglesia-detencion-activistas-humanos\\\/#primaryimage\"},\"thumbnailUrl\":\"https:\\\/\\\/exaudi.org\\\/wp-content\\\/uploads\\\/2021\\\/10\\\/cq5dam.thumbnail.cropped.750.422-4.jpeg\",\"keywords\":[\"Conferencia Episcopal de Venezuela (CEV)\",\"Derechos Humanos\"],\"articleSection\":[\"Iglesia Local\",\"Justicia y Paz\",\"\u00daltimas noticias\"],\"inLanguage\":\"es\"},{\"@type\":\"WebPage\",\"@id\":\"https:\\\/\\\/exaudi.org\\\/es\\\/venezuela-iglesia-detencion-activistas-humanos\\\/\",\"url\":\"https:\\\/\\\/exaudi.org\\\/es\\\/venezuela-iglesia-detencion-activistas-humanos\\\/\",\"name\":\"Venezuela: Iglesia habla ante detenci\u00f3n de activistas humanos\",\"isPartOf\":{\"@id\":\"https:\\\/\\\/exaudi.org\\\/#website\"},\"primaryImageOfPage\":{\"@id\":\"https:\\\/\\\/exaudi.org\\\/es\\\/venezuela-iglesia-detencion-activistas-humanos\\\/#primaryimage\"},\"image\":{\"@id\":\"https:\\\/\\\/exaudi.org\\\/es\\\/venezuela-iglesia-detencion-activistas-humanos\\\/#primaryimage\"},\"thumbnailUrl\":\"https:\\\/\\\/exaudi.org\\\/wp-content\\\/uploads\\\/2021\\\/10\\\/cq5dam.thumbnail.cropped.750.422-4.jpeg\",\"datePublished\":\"2021-10-19T14:27:51+00:00\",\"dateModified\":\"2021-10-20T13:41:26+00:00\",\"author\":{\"@id\":\"https:\\\/\\\/exaudi.org\\\/#\\\/schema\\\/person\\\/d134b96438278131ce90c90c03fda6cd\"},\"description\":\"La Comisi\u00f3n de Justicia y Paz de la Iglesia de Venezuela ha hablado en relaci\u00f3n a la detenci\u00f3n de dos activistas humanos.\",\"breadcrumb\":{\"@id\":\"https:\\\/\\\/exaudi.org\\\/es\\\/venezuela-iglesia-detencion-activistas-humanos\\\/#breadcrumb\"},\"inLanguage\":\"es\",\"potentialAction\":[{\"@type\":\"ReadAction\",\"target\":[\"https:\\\/\\\/exaudi.org\\\/es\\\/venezuela-iglesia-detencion-activistas-humanos\\\/\"]}]},{\"@type\":\"ImageObject\",\"inLanguage\":\"es\",\"@id\":\"https:\\\/\\\/exaudi.org\\\/es\\\/venezuela-iglesia-detencion-activistas-humanos\\\/#primaryimage\",\"url\":\"https:\\\/\\\/exaudi.org\\\/wp-content\\\/uploads\\\/2021\\\/10\\\/cq5dam.thumbnail.cropped.750.422-4.jpeg\",\"contentUrl\":\"https:\\\/\\\/exaudi.org\\\/wp-content\\\/uploads\\\/2021\\\/10\\\/cq5dam.thumbnail.cropped.750.422-4.jpeg\",\"width\":750,\"height\":422,\"caption\":\"\u00a9 Vatican Media\"},{\"@type\":\"BreadcrumbList\",\"@id\":\"https:\\\/\\\/exaudi.org\\\/es\\\/venezuela-iglesia-detencion-activistas-humanos\\\/#breadcrumb\",\"itemListElement\":[{\"@type\":\"ListItem\",\"position\":1,\"name\":\"Portada\",\"item\":\"https:\\\/\\\/exaudi.org\\\/es\\\/\"},{\"@type\":\"ListItem\",\"position\":2,\"name\":\"Venezuela: Iglesia habla ante detenci\u00f3n de activistas humanos\"}]},{\"@type\":\"WebSite\",\"@id\":\"https:\\\/\\\/exaudi.org\\\/#website\",\"url\":\"https:\\\/\\\/exaudi.org\\\/\",\"name\":\"Exaudi\",\"description\":\"News\",\"potentialAction\":[{\"@type\":\"SearchAction\",\"target\":{\"@type\":\"EntryPoint\",\"urlTemplate\":\"https:\\\/\\\/exaudi.org\\\/?s={search_term_string}\"},\"query-input\":{\"@type\":\"PropertyValueSpecification\",\"valueRequired\":true,\"valueName\":\"search_term_string\"}}],\"inLanguage\":\"es\"},{\"@type\":\"Person\",\"@id\":\"https:\\\/\\\/exaudi.org\\\/#\\\/schema\\\/person\\\/d134b96438278131ce90c90c03fda6cd\",\"name\":\"Gabriel Sales\",\"image\":{\"@type\":\"ImageObject\",\"inLanguage\":\"es\",\"@id\":\"https:\\\/\\\/secure.gravatar.com\\\/avatar\\\/9b1269566f6a063ed26ffb3532b66a373cdde231ce5d0effb266167437fdaffd?s=96&d=mm&r=g\",\"url\":\"https:\\\/\\\/secure.gravatar.com\\\/avatar\\\/9b1269566f6a063ed26ffb3532b66a373cdde231ce5d0effb266167437fdaffd?s=96&d=mm&r=g\",\"contentUrl\":\"https:\\\/\\\/secure.gravatar.com\\\/avatar\\\/9b1269566f6a063ed26ffb3532b66a373cdde231ce5d0effb266167437fdaffd?s=96&d=mm&r=g\",\"caption\":\"Gabriel Sales\"},\"description\":\"Periodista y especialista en Comunicaci\u00f3n y Branding digital. Cin\u00e9filo y cr\u00edtico de cine y series de televisi\u00f3n.\",\"sameAs\":[\"https:\\\/\\\/www.instagram.com\\\/cine90segundos\\\/\",\"www.linkedin.com\\\/in\\\/habemusman\",\"https:\\\/\\\/x.com\\\/habemusman\",\"https:\\\/\\\/www.youtube.com\\\/channel\\\/UCVfCiOMkJ_C7T7OpyjuaLDg\"],\"url\":\"https:\\\/\\\/exaudi.org\\\/es\\\/author\\\/gsalesexaudi-org\\\/\"}]}<\/script>\n<!-- \/ Yoast SEO plugin. -->","yoast_head_json":{"title":"Venezuela: Iglesia habla ante detenci\u00f3n de activistas humanos","description":"La Comisi\u00f3n de Justicia y Paz de la Iglesia de Venezuela ha hablado en relaci\u00f3n a la detenci\u00f3n de dos activistas humanos.","robots":{"index":"index","follow":"follow","max-snippet":"max-snippet:-1","max-image-preview":"max-image-preview:large","max-video-preview":"max-video-preview:-1"},"canonical":"https:\/\/exaudi.org\/es\/venezuela-iglesia-detencion-activistas-humanos\/","og_locale":"es_ES","og_type":"article","og_title":"Venezuela: Iglesia habla ante detenci\u00f3n de activistas humanos","og_description":"La Comisi\u00f3n de Justicia y Paz de la Iglesia de Venezuela ha hablado en relaci\u00f3n a la detenci\u00f3n de dos activistas humanos.","og_url":"https:\/\/exaudi.org\/es\/venezuela-iglesia-detencion-activistas-humanos\/","og_site_name":"Exaudi","article_publisher":"https:\/\/www.facebook.com\/ExaudiNews","article_published_time":"2021-10-19T14:27:51+00:00","article_modified_time":"2021-10-20T13:41:26+00:00","og_image":[{"width":750,"height":422,"url":"https:\/\/exaudi.org\/wp-content\/uploads\/2021\/10\/cq5dam.thumbnail.cropped.750.422-4.jpeg","type":"image\/jpeg"}],"author":"Gabriel Sales","twitter_card":"summary_large_image","twitter_creator":"@habemusman","twitter_site":"@Exaudi_News","twitter_misc":{"Escrito por":"Gabriel Sales","Tiempo de lectura":"2 minutos"},"schema":{"@context":"https:\/\/schema.org","@graph":[{"@type":"Article","@id":"https:\/\/exaudi.org\/es\/venezuela-iglesia-detencion-activistas-humanos\/#article","isPartOf":{"@id":"https:\/\/exaudi.org\/es\/venezuela-iglesia-detencion-activistas-humanos\/"},"author":{"name":"Gabriel Sales","@id":"https:\/\/exaudi.org\/#\/schema\/person\/d134b96438278131ce90c90c03fda6cd"},"headline":"Venezuela: Iglesia habla ante detenci\u00f3n de activistas humanos","datePublished":"2021-10-19T14:27:51+00:00","dateModified":"2021-10-20T13:41:26+00:00","mainEntityOfPage":{"@id":"https:\/\/exaudi.org\/es\/venezuela-iglesia-detencion-activistas-humanos\/"},"wordCount":393,"image":{"@id":"https:\/\/exaudi.org\/es\/venezuela-iglesia-detencion-activistas-humanos\/#primaryimage"},"thumbnailUrl":"https:\/\/exaudi.org\/wp-content\/uploads\/2021\/10\/cq5dam.thumbnail.cropped.750.422-4.jpeg","keywords":["Conferencia Episcopal de Venezuela (CEV)","Derechos Humanos"],"articleSection":["Iglesia Local","Justicia y Paz","\u00daltimas noticias"],"inLanguage":"es"},{"@type":"WebPage","@id":"https:\/\/exaudi.org\/es\/venezuela-iglesia-detencion-activistas-humanos\/","url":"https:\/\/exaudi.org\/es\/venezuela-iglesia-detencion-activistas-humanos\/","name":"Venezuela: Iglesia habla ante detenci\u00f3n de activistas humanos","isPartOf":{"@id":"https:\/\/exaudi.org\/#website"},"primaryImageOfPage":{"@id":"https:\/\/exaudi.org\/es\/venezuela-iglesia-detencion-activistas-humanos\/#primaryimage"},"image":{"@id":"https:\/\/exaudi.org\/es\/venezuela-iglesia-detencion-activistas-humanos\/#primaryimage"},"thumbnailUrl":"https:\/\/exaudi.org\/wp-content\/uploads\/2021\/10\/cq5dam.thumbnail.cropped.750.422-4.jpeg","datePublished":"2021-10-19T14:27:51+00:00","dateModified":"2021-10-20T13:41:26+00:00","author":{"@id":"https:\/\/exaudi.org\/#\/schema\/person\/d134b96438278131ce90c90c03fda6cd"},"description":"La Comisi\u00f3n de Justicia y Paz de la Iglesia de Venezuela ha hablado en relaci\u00f3n a la detenci\u00f3n de dos activistas humanos.","breadcrumb":{"@id":"https:\/\/exaudi.org\/es\/venezuela-iglesia-detencion-activistas-humanos\/#breadcrumb"},"inLanguage":"es","potentialAction":[{"@type":"ReadAction","target":["https:\/\/exaudi.org\/es\/venezuela-iglesia-detencion-activistas-humanos\/"]}]},{"@type":"ImageObject","inLanguage":"es","@id":"https:\/\/exaudi.org\/es\/venezuela-iglesia-detencion-activistas-humanos\/#primaryimage","url":"https:\/\/exaudi.org\/wp-content\/uploads\/2021\/10\/cq5dam.thumbnail.cropped.750.422-4.jpeg","contentUrl":"https:\/\/exaudi.org\/wp-content\/uploads\/2021\/10\/cq5dam.thumbnail.cropped.750.422-4.jpeg","width":750,"height":422,"caption":"\u00a9 Vatican Media"},{"@type":"BreadcrumbList","@id":"https:\/\/exaudi.org\/es\/venezuela-iglesia-detencion-activistas-humanos\/#breadcrumb","itemListElement":[{"@type":"ListItem","position":1,"name":"Portada","item":"https:\/\/exaudi.org\/es\/"},{"@type":"ListItem","position":2,"name":"Venezuela: Iglesia habla ante detenci\u00f3n de activistas humanos"}]},{"@type":"WebSite","@id":"https:\/\/exaudi.org\/#website","url":"https:\/\/exaudi.org\/","name":"Exaudi","description":"News","potentialAction":[{"@type":"SearchAction","target":{"@type":"EntryPoint","urlTemplate":"https:\/\/exaudi.org\/?s={search_term_string}"},"query-input":{"@type":"PropertyValueSpecification","valueRequired":true,"valueName":"search_term_string"}}],"inLanguage":"es"},{"@type":"Person","@id":"https:\/\/exaudi.org\/#\/schema\/person\/d134b96438278131ce90c90c03fda6cd","name":"Gabriel Sales","image":{"@type":"ImageObject","inLanguage":"es","@id":"https:\/\/secure.gravatar.com\/avatar\/9b1269566f6a063ed26ffb3532b66a373cdde231ce5d0effb266167437fdaffd?s=96&d=mm&r=g","url":"https:\/\/secure.gravatar.com\/avatar\/9b1269566f6a063ed26ffb3532b66a373cdde231ce5d0effb266167437fdaffd?s=96&d=mm&r=g","contentUrl":"https:\/\/secure.gravatar.com\/avatar\/9b1269566f6a063ed26ffb3532b66a373cdde231ce5d0effb266167437fdaffd?s=96&d=mm&r=g","caption":"Gabriel Sales"},"description":"Periodista y especialista en Comunicaci\u00f3n y Branding digital. Cin\u00e9filo y cr\u00edtico de cine y series de televisi\u00f3n.","sameAs":["https:\/\/www.instagram.com\/cine90segundos\/","www.linkedin.com\/in\/habemusman","https:\/\/x.com\/habemusman","https:\/\/www.youtube.com\/channel\/UCVfCiOMkJ_C7T7OpyjuaLDg"],"url":"https:\/\/exaudi.org\/es\/author\/gsalesexaudi-org\/"}]}},"jetpack_featured_media_url":"https:\/\/exaudi.org\/wp-content\/uploads\/2021\/10\/cq5dam.thumbnail.cropped.750.422-4.jpeg","jetpack_shortlink":"https:\/\/wp.me\/pgKjF2-9F5","_links":{"self":[{"href":"https:\/\/exaudi.org\/es\/wp-json\/wp\/v2\/posts\/37143","targetHints":{"allow":["GET"]}}],"collection":[{"href":"https:\/\/exaudi.org\/es\/wp-json\/wp\/v2\/posts"}],"about":[{"href":"https:\/\/exaudi.org\/es\/wp-json\/wp\/v2\/types\/post"}],"author":[{"embeddable":true,"href":"https:\/\/exaudi.org\/es\/wp-json\/wp\/v2\/users\/6"}],"replies":[{"embeddable":true,"href":"https:\/\/exaudi.org\/es\/wp-json\/wp\/v2\/comments?post=37143"}],"version-history":[{"count":0,"href":"https:\/\/exaudi.org\/es\/wp-json\/wp\/v2\/posts\/37143\/revisions"}],"wp:featuredmedia":[{"embeddable":true,"href":"https:\/\/exaudi.org\/es\/wp-json\/wp\/v2\/media\/37145"}],"wp:attachment":[{"href":"https:\/\/exaudi.org\/es\/wp-json\/wp\/v2\/media?parent=37143"}],"wp:term":[{"taxonomy":"category","embeddable":true,"href":"https:\/\/exaudi.org\/es\/wp-json\/wp\/v2\/categories?post=37143"},{"taxonomy":"post_tag","embeddable":true,"href":"https:\/\/exaudi.org\/es\/wp-json\/wp\/v2\/tags?post=37143"}],"curies":[{"name":"wp","href":"https:\/\/api.w.org\/{rel}","templated":true}]}}