{"id":37128,"date":"2025-10-22T07:30:50","date_gmt":"2025-10-22T05:30:50","guid":{"rendered":"https:\/\/exaudi.wpengine.com\/?p=37128"},"modified":"2025-10-22T13:54:46","modified_gmt":"2025-10-22T11:54:46","slug":"san-juan-pablo-ii-22-octubre","status":"publish","type":"post","link":"https:\/\/exaudi.org\/es\/san-juan-pablo-ii-22-octubre\/","title":{"rendered":"San Juan Pablo II, \u201cel Grande\u201d"},"content":{"rendered":"<p><span style=\"font-weight: 400;\">Karol J\u00f3zef Wojty\u0142a, aclamado pont\u00edfice san Juan Pablo II, conmovi\u00f3 al mundo durante casi tres d\u00e9cadas del siglo XX. Sus gestos de bondad, la capacidad para llegar al coraz\u00f3n de creyentes y no creyentes, sus dotes de comunicador, los incesantes viajes apost\u00f3licos en los que no ces\u00f3 de transmitir el amor de Dios, como hizo con su ingente obra, sedujeron a millones de j\u00f3venes y adultos.<\/span><\/p>\n<p><iframe title=\"Spotify Embed: San Juan Pablo II, \u201cel Grande\u201d.\" style=\"border-radius: 12px\" width=\"100%\" height=\"152\" frameborder=\"0\" allowfullscreen allow=\"autoplay; clipboard-write; encrypted-media; fullscreen; picture-in-picture\" loading=\"lazy\" src=\"https:\/\/open.spotify.com\/embed\/episode\/5x2nL0IiJS4dtMC7xkkdla?si=e398697a06b54e53&#038;utm_source=oembed\"><\/iframe><\/p>\n<p><span style=\"font-weight: 400;\">El dolor humano, con su car\u00e1cter de esencial ofrenda a Cristo, ha tenido en \u00e9l uno de sus insignes valedores. Al ver los estragos del sufrimiento en su persona, todo el planeta pudo constatar la grandeza del mismo cuando se asume como \u00e9l lo hizo. As\u00ed coron\u00f3 su vida de entrega entrado el siglo XXI, siendo faro para todos los que sufren.<\/span><\/p>\n<p><span style=\"font-weight: 400;\">Naci\u00f3 en Wadowice, Cracovia, Polonia, el 18 de mayo de 1920. Fue el menor de tres hermanos, aunque Olga apenas sobrevivi\u00f3. Perdi\u00f3 a su madre a los 9 a\u00f1os y poco despu\u00e9s a Edmund, el primog\u00e9nito, un m\u00e9dico que se contagi\u00f3 en el ejercicio de su profesi\u00f3n. Sus padres dejaron en Karol fuertemente arraigada la semilla de la fe cat\u00f3lica. <\/span><\/p>\n<p><span style=\"font-weight: 400;\">Brillante en sus estudios, con una mente privilegiada, curs\u00f3 filosof\u00eda en la universidad Jagell\u00f3nica de Cracovia. Al mismo tiempo se vincul\u00f3 a un c\u00edrculo teatral. En esa \u00e9poca obtuvo varios galardones como jugador de ajedrez. En 1939, durante la invasi\u00f3n nazi, fue pe\u00f3n en una cantera y obrero en una f\u00e1brica qu\u00edmica.<\/span><\/p>\n<p><span style=\"font-weight: 400;\"> Era un l\u00edder nato, joven atractivo, de carism\u00e1tica personalidad y singular magnetismo para atraer a la gente. Gozaba del respeto y admiraci\u00f3n de sus compa\u00f1eros, cat\u00f3licos idealistas y entusiastas, que conformaron el grupo Unia y que defend\u00edan a los m\u00e1s d\u00e9biles. En 1941, en plena ocupaci\u00f3n alemana, falleci\u00f3 su padre, oficial del ej\u00e9rcito polaco.<\/span><\/p>\n<p><span style=\"font-weight: 400;\">La Gestapo iba tras \u00e9l, y se recluy\u00f3 en una buhardilla. Un sastre le dio a conocer a san Juan de la Cruz y se entusiasm\u00f3. En esa \u00e9poca se sinti\u00f3 llamado al sacerdocio. Tuvo que formarse en el seminario clandestino de Cracovia hasta que el arzobispo, cardenal Stefan Sapieha, acogi\u00f3 al grupo de aspirantes en su palacio. Ordenado sacerdote en noviembre de 1946, \u00e9l lo envi\u00f3 a Roma. Estudi\u00f3 en el Angellicum doctor\u00e1ndose en teolog\u00eda con una tesis sobre su estimado santo y reformador carmelita espa\u00f1ol. <\/span><\/p>\n<p><span style=\"font-weight: 400;\">En Polonia fue vicario parroquial, capell\u00e1n universitario y profesor de teolog\u00eda moral y de \u00e9tica en el seminario y en las universidades Jagell\u00f3nica y de Lublin; era af\u00edn al pensamiento de Scheler, sobre el que hizo su tesis. En 1958 P\u00edo XII lo design\u00f3 obispo auxiliar de Cracovia. <\/span><\/p>\n<p><span style=\"font-weight: 400;\">En 1962, Karol particip\u00f3 en el Concilio Vaticano II, donde sus intervenciones sobre el ate\u00edsmo y la libertad religiosa no pasaron desapercibidas. Pablo VI lo nombr\u00f3 cardenal en 1967. Al fallecer Juan Pablo I, tras su fugaz asunci\u00f3n de la C\u00e1tedra de Pedro, fue elegido para sucederle; tom\u00f3 el nombre de este antecesor.\u00a0<\/span><\/p>\n<p><span style=\"font-weight: 400;\">A partir de entonces este polaco, primero en ostentar la alt\u00edsima misi\u00f3n como Vicario de Cristo en la tierra, inici\u00f3 un pontificado excepcional. Enamorado de la Eucarist\u00eda y devoto de Mar\u00eda, supo llegar al coraz\u00f3n de todos con independencia de razas, credos, edades, profesiones\u2026 Fue un atleta de Cristo, sacerdote y obispo ejemplar, un gran pastor. <\/span><\/p>\n<p><span style=\"font-weight: 400;\">Tambi\u00e9n fil\u00f3sofo y te\u00f3logo destacado, defensor de la moral y de los derechos humanos, de la cultura de la vida, amante de la paz y de la justicia, Papa de los j\u00f3venes y de las familias, adalid de los derechos del no nacido, de los ancianos y de los enfermos. Ap\u00f3stol de la reconciliaci\u00f3n que supo aglutinar a credos diversos en As\u00eds abriendo una v\u00eda ecum\u00e9nica del di\u00e1logo interreligioso de un valor incalculable.<\/span><\/p>\n<p><span style=\"font-weight: 400;\"> El Papa viajero que recorri\u00f3 el mundo una y otra vez abrazando y bendiciendo a todos. En su pontificado se registr\u00f3 la ca\u00edda de la cortina de hierro y el desmoronamiento del imperio sovi\u00e9tico, lo que es atribuido por muchos estudiosos a la presencia de un Papa del este europeo.<\/span><\/p>\n<p><span style=\"font-weight: 400;\">El grav\u00edsimo atentado sufrido en mayo de 1981, poco a poco fue minando su salud. Perdon\u00f3 al agresor y sigui\u00f3 viviendo alumbrado por Cristo y por Mar\u00eda, que lo rescat\u00f3 de una muerte prematura, pudiendo llevar a cabo de manera heroica su responsabilidad. Afront\u00f3 magistralmente numerosos problemas y dificultades que se le presentaron.<\/span><\/p>\n<p><span style=\"font-weight: 400;\"> Fue un hombre de oraci\u00f3n que mostr\u00f3 siempre una imponente fortaleza ante las adversidades. Los \u00faltimos a\u00f1os de su vida no ocult\u00f3 al mundo su deterioro f\u00edsico; se mantuvo al frente de la sede de Pedro dando ejemplo de su inalterable fidelidad a Cristo y a la Iglesia.\u00a0<\/span><\/p>\n<p><span style=\"font-weight: 400;\">Catorce enc\u00edclicas, once constituciones apost\u00f3licas y 1060 audiencias p\u00fablicas celebradas dan prueba del alcance de su entrega y ardor apost\u00f3lico. En uno de sus mensajes record\u00f3: \u201cLa vocaci\u00f3n del cristiano es la santidad, en todo momento de la vida. En la primavera de la juventud, en la plenitud del verano de la edad madura, y despu\u00e9s tambi\u00e9n en el oto\u00f1o y en el invierno de la vejez, y por \u00faltimo, en la hora de la muerte\u201d.<\/span><\/p>\n<p><span style=\"font-weight: 400;\"> \u00c9l lo cumpli\u00f3 con creces. Si se pudiera hablar en t\u00e9rminos num\u00e9ricos ser\u00eda uno de los pocos pont\u00edfices que ostent\u00f3 uno de los records m\u00e1s altos. Y no solo por los casi veintisiete a\u00f1os de duraci\u00f3n de su pontificado, el tercero m\u00e1s largo de la historia. Tambi\u00e9n por la muchedumbre que le sigui\u00f3 en directo y en diferido multiplicando sus palabras y gestos gracias a los diversos medios de comunicaci\u00f3n. Ellos mostraron el dolor que produjo su muerte acaecida el 2 de abril de 2005, y el impresionante gent\u00edo que se dio cita en su duelo.\u00a0<\/span><\/p>\n<p><span style=\"font-weight: 400;\">Hay que dejar atr\u00e1s los detractores que tuvo y sigue teniendo, que tambi\u00e9n han perseguido a otros integrantes de la vida santa, como se ha recordado aqu\u00ed para otras biograf\u00edas; ah\u00ed est\u00e1 la reciente de Teresa de Calcuta. Es in\u00fatil que traten de silenciar con absurdo griter\u00edo el eco de las obras de los grandes hijos de Dios. <\/span><\/p>\n<p><span style=\"font-weight: 400;\">\u00c9l es su valedor; no se le puede acallar. Habla a trav\u00e9s de los santos aunque pasen los siglos. La realidad es que por sus muchas virtudes Juan Pablo II fue beatificado por Benedicto XVI el 1 de mayo de 2011. Francisco lo canoniz\u00f3 el 27 de abril de 2014, fiesta de la Divina Misericordia que este gran polaco instituy\u00f3.<\/span><\/p>\n<p><img loading=\"lazy\" decoding=\"async\" class=\"size-full wp-image-111257 alignnone\" src=\"https:\/\/exaudi.org\/wp-content\/uploads\/2024\/10\/464143057_957819906384033_3380774074271322646_n.jpg\" alt=\"\" width=\"526\" height=\"526\" srcset=\"https:\/\/exaudi.org\/wp-content\/uploads\/2024\/10\/464143057_957819906384033_3380774074271322646_n.jpg 526w, https:\/\/exaudi.org\/wp-content\/uploads\/2024\/10\/464143057_957819906384033_3380774074271322646_n-300x300.jpg 300w, https:\/\/exaudi.org\/wp-content\/uploads\/2024\/10\/464143057_957819906384033_3380774074271322646_n-100x100.jpg?crop=1 100w, https:\/\/exaudi.org\/wp-content\/uploads\/2024\/10\/464143057_957819906384033_3380774074271322646_n-500x500.jpg 500w, https:\/\/exaudi.org\/wp-content\/uploads\/2024\/10\/464143057_957819906384033_3380774074271322646_n-293x293.jpg 293w, https:\/\/exaudi.org\/wp-content\/uploads\/2024\/10\/464143057_957819906384033_3380774074271322646_n-390x390.jpg 390w\" sizes=\"auto, (max-width: 526px) 100vw, 526px\" \/><\/p>\n<h6><em>\u00a9\u00a0<a href=\"https:\/\/exaudi.wpengine.com\/es\/author\/isabelorellana\/\" target=\"_blank\" rel=\"noopener noreferrer\">Isabel Orellana Vilches<\/a>, 2018<\/em><\/h6>\n<h6><em>Autora vinculada a<\/em><\/h6>\n<h6><em><img loading=\"lazy\" decoding=\"async\" class=\"alignright wp-image-2208\" src=\"https:\/\/exaudi.org\/wp-content\/uploads\/2021\/02\/santoral-scaled-1-725x1024.jpg\" alt=\"santoral Isabel Orellana\" width=\"262\" height=\"370\" \/><\/em><img loading=\"lazy\" decoding=\"async\" class=\"alignnone size-full wp-image-41949\" src=\"https:\/\/www.idente.org\/wp-content\/uploads\/logo-cedro-v01-843x295-1-e1603384654546.png\" alt=\"\" width=\"80\" height=\"28\" \/><br \/>\nObra protegida por derechos de autor.<br \/>\nInscrita en el Registro de la Propiedad Intelectual el 24 de noviembre de 2014.<br \/>\n________________<br \/>\nDerechos de edici\u00f3n reservados:<br \/>\n<a href=\"https:\/\/rielo.com\/\" target=\"_blank\" rel=\"noopener noreferrer\">Fundaci\u00f3n Fernando Rielo<\/a><br \/>\nGoya 20, 4.\u00ba izq. int. 28001 Madrid<br \/>\nTlf.: (34) 91 575 40 91<br \/>\nCorreo electr\u00f3nico:\u00a0fundacion@rielo.com<\/h6>\n<div class=\"page\" title=\"Page 4\">\n<div class=\"layoutArea\">\n<div class=\"column\">\n<h6>Dep\u00f3sito legal: M-18664-2020<br \/>\nISBN: 978-84-946646-6-3<\/h6>\n<\/div>\n<\/div>\n<\/div>\n","protected":false},"excerpt":{"rendered":"<p>\u201cEl Papa de los j\u00f3venes\u201d<\/p>\n","protected":false},"author":23,"featured_media":37129,"comment_status":"closed","ping_status":"closed","sticky":false,"template":"","format":"standard","meta":{"_acf_changed":false,"_crdt_document":"","inline_featured_image":false,"footnotes":""},"categories":[74,2772],"tags":[388,1855,1222,387,58880],"class_list":["post-37128","post","type-post","status-publish","format-standard","has-post-thumbnail","hentry","category-iglesia-y-mundo","category-santoral","tag-isabel-orellana-vilches","tag-jovenes","tag-san-juan-pablo-ii","tag-santoral","tag-trending-es-151"],"acf":[],"yoast_head":"<!-- This site is optimized with the Yoast SEO plugin v27.4 - https:\/\/yoast.com\/product\/yoast-seo-wordpress\/ -->\n<title>San Juan Pablo II, \u201cel Grande\u201d - Exaudi Catholic News<\/title>\n<meta name=\"description\" content=\"Santoral del 22 de octubre, san Juan Pablo II, escrito por Isabel Orellana y editado por la Fundaci\u00f3n Fernando Rielo.\" \/>\n<meta name=\"robots\" content=\"index, follow, max-snippet:-1, max-image-preview:large, max-video-preview:-1\" \/>\n<link rel=\"canonical\" href=\"https:\/\/exaudi.org\/es\/san-juan-pablo-ii-22-octubre\/\" \/>\n<meta property=\"og:locale\" content=\"es_ES\" \/>\n<meta property=\"og:type\" content=\"article\" \/>\n<meta property=\"og:title\" content=\"San Juan Pablo II, \u201cel Grande\u201d - Exaudi Catholic News\" \/>\n<meta property=\"og:description\" content=\"Santoral del 22 de octubre, san Juan Pablo II, escrito por Isabel Orellana y editado por la Fundaci\u00f3n Fernando Rielo.\" \/>\n<meta property=\"og:url\" content=\"https:\/\/exaudi.org\/es\/san-juan-pablo-ii-22-octubre\/\" \/>\n<meta property=\"og:site_name\" content=\"Exaudi\" \/>\n<meta property=\"article:publisher\" content=\"https:\/\/www.facebook.com\/ExaudiNews\" \/>\n<meta property=\"article:published_time\" content=\"2025-10-22T05:30:50+00:00\" \/>\n<meta property=\"article:modified_time\" content=\"2025-10-22T11:54:46+00:00\" \/>\n<meta property=\"og:image\" content=\"https:\/\/exaudi.org\/wp-content\/uploads\/2021\/10\/cq5dam.thumbnail.cropped.1500.844-6.jpeg\" \/>\n\t<meta property=\"og:image:width\" content=\"1500\" \/>\n\t<meta property=\"og:image:height\" content=\"844\" \/>\n\t<meta property=\"og:image:type\" content=\"image\/jpeg\" \/>\n<meta name=\"author\" content=\"Isabel Orellana\" \/>\n<meta name=\"twitter:card\" content=\"summary_large_image\" \/>\n<meta name=\"twitter:creator\" content=\"@Exaudi_News\" \/>\n<meta name=\"twitter:site\" content=\"@Exaudi_News\" \/>\n<meta name=\"twitter:label1\" content=\"Escrito por\" \/>\n\t<meta name=\"twitter:data1\" content=\"Isabel Orellana\" \/>\n\t<meta name=\"twitter:label2\" content=\"Tiempo de lectura\" \/>\n\t<meta name=\"twitter:data2\" content=\"6 minutos\" \/>\n<script type=\"application\/ld+json\" class=\"yoast-schema-graph\">{\"@context\":\"https:\\\/\\\/schema.org\",\"@graph\":[{\"@type\":\"Article\",\"@id\":\"https:\\\/\\\/exaudi.org\\\/es\\\/san-juan-pablo-ii-22-octubre\\\/#article\",\"isPartOf\":{\"@id\":\"https:\\\/\\\/exaudi.org\\\/es\\\/san-juan-pablo-ii-22-octubre\\\/\"},\"author\":{\"name\":\"Isabel Orellana\",\"@id\":\"https:\\\/\\\/exaudi.org\\\/#\\\/schema\\\/person\\\/64e18b96fd6118559a9217b5b3375fdc\"},\"headline\":\"San Juan Pablo II, \u201cel Grande\u201d\",\"datePublished\":\"2025-10-22T05:30:50+00:00\",\"dateModified\":\"2025-10-22T11:54:46+00:00\",\"mainEntityOfPage\":{\"@id\":\"https:\\\/\\\/exaudi.org\\\/es\\\/san-juan-pablo-ii-22-octubre\\\/\"},\"wordCount\":1199,\"image\":{\"@id\":\"https:\\\/\\\/exaudi.org\\\/es\\\/san-juan-pablo-ii-22-octubre\\\/#primaryimage\"},\"thumbnailUrl\":\"https:\\\/\\\/exaudi.org\\\/wp-content\\\/uploads\\\/2021\\\/10\\\/cq5dam.thumbnail.cropped.1500.844-6.jpeg\",\"keywords\":[\"Isabel Orellana Vilches\",\"J\u00f3venes\",\"San Juan Pablo II\",\"Santoral\",\"Trending\"],\"articleSection\":[\"Iglesia y Mundo\",\"Santoral\"],\"inLanguage\":\"es\"},{\"@type\":\"WebPage\",\"@id\":\"https:\\\/\\\/exaudi.org\\\/es\\\/san-juan-pablo-ii-22-octubre\\\/\",\"url\":\"https:\\\/\\\/exaudi.org\\\/es\\\/san-juan-pablo-ii-22-octubre\\\/\",\"name\":\"San Juan Pablo II, \u201cel Grande\u201d - Exaudi Catholic News\",\"isPartOf\":{\"@id\":\"https:\\\/\\\/exaudi.org\\\/#website\"},\"primaryImageOfPage\":{\"@id\":\"https:\\\/\\\/exaudi.org\\\/es\\\/san-juan-pablo-ii-22-octubre\\\/#primaryimage\"},\"image\":{\"@id\":\"https:\\\/\\\/exaudi.org\\\/es\\\/san-juan-pablo-ii-22-octubre\\\/#primaryimage\"},\"thumbnailUrl\":\"https:\\\/\\\/exaudi.org\\\/wp-content\\\/uploads\\\/2021\\\/10\\\/cq5dam.thumbnail.cropped.1500.844-6.jpeg\",\"datePublished\":\"2025-10-22T05:30:50+00:00\",\"dateModified\":\"2025-10-22T11:54:46+00:00\",\"author\":{\"@id\":\"https:\\\/\\\/exaudi.org\\\/#\\\/schema\\\/person\\\/64e18b96fd6118559a9217b5b3375fdc\"},\"description\":\"Santoral del 22 de octubre, san Juan Pablo II, escrito por Isabel Orellana y editado por la Fundaci\u00f3n Fernando Rielo.\",\"breadcrumb\":{\"@id\":\"https:\\\/\\\/exaudi.org\\\/es\\\/san-juan-pablo-ii-22-octubre\\\/#breadcrumb\"},\"inLanguage\":\"es\",\"potentialAction\":[{\"@type\":\"ReadAction\",\"target\":[\"https:\\\/\\\/exaudi.org\\\/es\\\/san-juan-pablo-ii-22-octubre\\\/\"]}]},{\"@type\":\"ImageObject\",\"inLanguage\":\"es\",\"@id\":\"https:\\\/\\\/exaudi.org\\\/es\\\/san-juan-pablo-ii-22-octubre\\\/#primaryimage\",\"url\":\"https:\\\/\\\/exaudi.org\\\/wp-content\\\/uploads\\\/2021\\\/10\\\/cq5dam.thumbnail.cropped.1500.844-6.jpeg\",\"contentUrl\":\"https:\\\/\\\/exaudi.org\\\/wp-content\\\/uploads\\\/2021\\\/10\\\/cq5dam.thumbnail.cropped.1500.844-6.jpeg\",\"width\":1500,\"height\":844,\"caption\":\"San Juan Pablo II \u00a9 Vatican Media\"},{\"@type\":\"BreadcrumbList\",\"@id\":\"https:\\\/\\\/exaudi.org\\\/es\\\/san-juan-pablo-ii-22-octubre\\\/#breadcrumb\",\"itemListElement\":[{\"@type\":\"ListItem\",\"position\":1,\"name\":\"Portada\",\"item\":\"https:\\\/\\\/exaudi.org\\\/es\\\/\"},{\"@type\":\"ListItem\",\"position\":2,\"name\":\"San Juan Pablo II, \u201cel Grande\u201d\"}]},{\"@type\":\"WebSite\",\"@id\":\"https:\\\/\\\/exaudi.org\\\/#website\",\"url\":\"https:\\\/\\\/exaudi.org\\\/\",\"name\":\"Exaudi\",\"description\":\"News\",\"potentialAction\":[{\"@type\":\"SearchAction\",\"target\":{\"@type\":\"EntryPoint\",\"urlTemplate\":\"https:\\\/\\\/exaudi.org\\\/?s={search_term_string}\"},\"query-input\":{\"@type\":\"PropertyValueSpecification\",\"valueRequired\":true,\"valueName\":\"search_term_string\"}}],\"inLanguage\":\"es\"},{\"@type\":\"Person\",\"@id\":\"https:\\\/\\\/exaudi.org\\\/#\\\/schema\\\/person\\\/64e18b96fd6118559a9217b5b3375fdc\",\"name\":\"Isabel Orellana\",\"image\":{\"@type\":\"ImageObject\",\"inLanguage\":\"es\",\"@id\":\"https:\\\/\\\/secure.gravatar.com\\\/avatar\\\/51968380bbb6b22ae85c605634860366fd9a2a611c6341125115bca32cd6c171?s=96&d=mm&r=g\",\"url\":\"https:\\\/\\\/secure.gravatar.com\\\/avatar\\\/51968380bbb6b22ae85c605634860366fd9a2a611c6341125115bca32cd6c171?s=96&d=mm&r=g\",\"contentUrl\":\"https:\\\/\\\/secure.gravatar.com\\\/avatar\\\/51968380bbb6b22ae85c605634860366fd9a2a611c6341125115bca32cd6c171?s=96&d=mm&r=g\",\"caption\":\"Isabel Orellana\"},\"description\":\"Isabel Orellana Vilches Misionera idente. Doctora en Filosof\u00eda por la Universidad Aut\u00f3noma de Barcelona con la tesis Realismo y progreso cient\u00edfico en la epistemolog\u00eda popperiana. Ha cursado estudios de teolog\u00eda en la Universidad Pontificia de Salamanca. Con amplia actividad docente desde 1986, ha publicado libros como: Realismo y progreso cient\u00edfico en la epistemolog\u00eda popperiana, Universitat Aut\u00f2noma de Barcelona, 1993; El evangelio habla a los j\u00f3venes, Atenas, Madrid, 1997; Qu\u00e9 es... LA TOLERANCIA, Paulinas, Madrid, 1999; Pedagog\u00eda del dolor. Ensayo antropol\u00f3gico, Palabra, Madrid, 1999; En colaboraci\u00f3n con Enrique Rivera de Ventosa (\u2020) OFM. Cap. San Francisco de As\u00eds y Fernando Rielo: Convergencias. Respuestas desde la fe a los interrogantes del hombre de hoy, Universidad Pontificia, Salamanca, 2001; La \\\"mirada\\\" del cine. Recursos did\u00e1cticos del s\u00e9ptimo arte. Librer\u00eda Cervantes, Salamanca, 2001; Paradojas de la convivencia, San Pablo, Madrid, 2002; En la Universidad T\u00e9cnica Particular de Loja, Ecuador, ha publicado: La confianza. El arte de amar, 2002; Educar para la responsabilidad, 2003; Apuntes de \u00e9tica en Karl R. Popper, 2003; De soledades y comunicaci\u00f3n, 2005; Yo educo; t\u00fa respondes, 2008; Humanismo y fe en un crisol de culturas, 2008; Repensar lo cotidiano, 2008; Convivir: un constante desaf\u00edo, 2009; La l\u00f3gica del amor, 2010; El dolor del amor. Apuntes sobre la enfermedad y el dolor en relaci\u00f3n con la virtud heroica, el martirio y la vida santa. Seminario Diocesano de M\u00e1laga, 2006 y Universidad T\u00e9cnica Particular de Loja, Ecuador (2007). Cuenta con numerosas colaboraciones en obras colectivas, as\u00ed como relatos, cuentos, f\u00e1bula y novela juvenil, adem\u00e1s de art\u00edculos de tem\u00e1tica cient\u00edfica, pedag\u00f3gica y espiritual, que viene publicando en distintas revistas nacionales e internacionales. En 2012 culmin\u00f3 el santoral Llamados a ser santos y poco m\u00e1s tarde Epopeyas de amor prologado por mons. Fernando Sebasti\u00e1n. Es la bi\u00f3grafa oficial del fundador de su familia espiritual, autora de Fernando Rielo Pardal. Fundador de los Misioneros Identes, Descl\u00e9e de Brouwer, Bilbao, 2009. Culmina la biograf\u00eda completa. Encargada del santoral de ZENIT desde 2012 a 2020 y ahora en Exaudi\",\"url\":\"https:\\\/\\\/exaudi.org\\\/es\\\/author\\\/isabelorellana\\\/\"}]}<\/script>\n<!-- \/ Yoast SEO plugin. -->","yoast_head_json":{"title":"San Juan Pablo II, \u201cel Grande\u201d - Exaudi Catholic News","description":"Santoral del 22 de octubre, san Juan Pablo II, escrito por Isabel Orellana y editado por la Fundaci\u00f3n Fernando Rielo.","robots":{"index":"index","follow":"follow","max-snippet":"max-snippet:-1","max-image-preview":"max-image-preview:large","max-video-preview":"max-video-preview:-1"},"canonical":"https:\/\/exaudi.org\/es\/san-juan-pablo-ii-22-octubre\/","og_locale":"es_ES","og_type":"article","og_title":"San Juan Pablo II, \u201cel Grande\u201d - Exaudi Catholic News","og_description":"Santoral del 22 de octubre, san Juan Pablo II, escrito por Isabel Orellana y editado por la Fundaci\u00f3n Fernando Rielo.","og_url":"https:\/\/exaudi.org\/es\/san-juan-pablo-ii-22-octubre\/","og_site_name":"Exaudi","article_publisher":"https:\/\/www.facebook.com\/ExaudiNews","article_published_time":"2025-10-22T05:30:50+00:00","article_modified_time":"2025-10-22T11:54:46+00:00","og_image":[{"width":1500,"height":844,"url":"https:\/\/exaudi.org\/wp-content\/uploads\/2021\/10\/cq5dam.thumbnail.cropped.1500.844-6.jpeg","type":"image\/jpeg"}],"author":"Isabel Orellana","twitter_card":"summary_large_image","twitter_creator":"@Exaudi_News","twitter_site":"@Exaudi_News","twitter_misc":{"Escrito por":"Isabel Orellana","Tiempo de lectura":"6 minutos"},"schema":{"@context":"https:\/\/schema.org","@graph":[{"@type":"Article","@id":"https:\/\/exaudi.org\/es\/san-juan-pablo-ii-22-octubre\/#article","isPartOf":{"@id":"https:\/\/exaudi.org\/es\/san-juan-pablo-ii-22-octubre\/"},"author":{"name":"Isabel Orellana","@id":"https:\/\/exaudi.org\/#\/schema\/person\/64e18b96fd6118559a9217b5b3375fdc"},"headline":"San Juan Pablo II, \u201cel Grande\u201d","datePublished":"2025-10-22T05:30:50+00:00","dateModified":"2025-10-22T11:54:46+00:00","mainEntityOfPage":{"@id":"https:\/\/exaudi.org\/es\/san-juan-pablo-ii-22-octubre\/"},"wordCount":1199,"image":{"@id":"https:\/\/exaudi.org\/es\/san-juan-pablo-ii-22-octubre\/#primaryimage"},"thumbnailUrl":"https:\/\/exaudi.org\/wp-content\/uploads\/2021\/10\/cq5dam.thumbnail.cropped.1500.844-6.jpeg","keywords":["Isabel Orellana Vilches","J\u00f3venes","San Juan Pablo II","Santoral","Trending"],"articleSection":["Iglesia y Mundo","Santoral"],"inLanguage":"es"},{"@type":"WebPage","@id":"https:\/\/exaudi.org\/es\/san-juan-pablo-ii-22-octubre\/","url":"https:\/\/exaudi.org\/es\/san-juan-pablo-ii-22-octubre\/","name":"San Juan Pablo II, \u201cel Grande\u201d - Exaudi Catholic News","isPartOf":{"@id":"https:\/\/exaudi.org\/#website"},"primaryImageOfPage":{"@id":"https:\/\/exaudi.org\/es\/san-juan-pablo-ii-22-octubre\/#primaryimage"},"image":{"@id":"https:\/\/exaudi.org\/es\/san-juan-pablo-ii-22-octubre\/#primaryimage"},"thumbnailUrl":"https:\/\/exaudi.org\/wp-content\/uploads\/2021\/10\/cq5dam.thumbnail.cropped.1500.844-6.jpeg","datePublished":"2025-10-22T05:30:50+00:00","dateModified":"2025-10-22T11:54:46+00:00","author":{"@id":"https:\/\/exaudi.org\/#\/schema\/person\/64e18b96fd6118559a9217b5b3375fdc"},"description":"Santoral del 22 de octubre, san Juan Pablo II, escrito por Isabel Orellana y editado por la Fundaci\u00f3n Fernando Rielo.","breadcrumb":{"@id":"https:\/\/exaudi.org\/es\/san-juan-pablo-ii-22-octubre\/#breadcrumb"},"inLanguage":"es","potentialAction":[{"@type":"ReadAction","target":["https:\/\/exaudi.org\/es\/san-juan-pablo-ii-22-octubre\/"]}]},{"@type":"ImageObject","inLanguage":"es","@id":"https:\/\/exaudi.org\/es\/san-juan-pablo-ii-22-octubre\/#primaryimage","url":"https:\/\/exaudi.org\/wp-content\/uploads\/2021\/10\/cq5dam.thumbnail.cropped.1500.844-6.jpeg","contentUrl":"https:\/\/exaudi.org\/wp-content\/uploads\/2021\/10\/cq5dam.thumbnail.cropped.1500.844-6.jpeg","width":1500,"height":844,"caption":"San Juan Pablo II \u00a9 Vatican Media"},{"@type":"BreadcrumbList","@id":"https:\/\/exaudi.org\/es\/san-juan-pablo-ii-22-octubre\/#breadcrumb","itemListElement":[{"@type":"ListItem","position":1,"name":"Portada","item":"https:\/\/exaudi.org\/es\/"},{"@type":"ListItem","position":2,"name":"San Juan Pablo II, \u201cel Grande\u201d"}]},{"@type":"WebSite","@id":"https:\/\/exaudi.org\/#website","url":"https:\/\/exaudi.org\/","name":"Exaudi","description":"News","potentialAction":[{"@type":"SearchAction","target":{"@type":"EntryPoint","urlTemplate":"https:\/\/exaudi.org\/?s={search_term_string}"},"query-input":{"@type":"PropertyValueSpecification","valueRequired":true,"valueName":"search_term_string"}}],"inLanguage":"es"},{"@type":"Person","@id":"https:\/\/exaudi.org\/#\/schema\/person\/64e18b96fd6118559a9217b5b3375fdc","name":"Isabel Orellana","image":{"@type":"ImageObject","inLanguage":"es","@id":"https:\/\/secure.gravatar.com\/avatar\/51968380bbb6b22ae85c605634860366fd9a2a611c6341125115bca32cd6c171?s=96&d=mm&r=g","url":"https:\/\/secure.gravatar.com\/avatar\/51968380bbb6b22ae85c605634860366fd9a2a611c6341125115bca32cd6c171?s=96&d=mm&r=g","contentUrl":"https:\/\/secure.gravatar.com\/avatar\/51968380bbb6b22ae85c605634860366fd9a2a611c6341125115bca32cd6c171?s=96&d=mm&r=g","caption":"Isabel Orellana"},"description":"Isabel Orellana Vilches Misionera idente. Doctora en Filosof\u00eda por la Universidad Aut\u00f3noma de Barcelona con la tesis Realismo y progreso cient\u00edfico en la epistemolog\u00eda popperiana. Ha cursado estudios de teolog\u00eda en la Universidad Pontificia de Salamanca. Con amplia actividad docente desde 1986, ha publicado libros como: Realismo y progreso cient\u00edfico en la epistemolog\u00eda popperiana, Universitat Aut\u00f2noma de Barcelona, 1993; El evangelio habla a los j\u00f3venes, Atenas, Madrid, 1997; Qu\u00e9 es... LA TOLERANCIA, Paulinas, Madrid, 1999; Pedagog\u00eda del dolor. Ensayo antropol\u00f3gico, Palabra, Madrid, 1999; En colaboraci\u00f3n con Enrique Rivera de Ventosa (\u2020) OFM. Cap. San Francisco de As\u00eds y Fernando Rielo: Convergencias. Respuestas desde la fe a los interrogantes del hombre de hoy, Universidad Pontificia, Salamanca, 2001; La \"mirada\" del cine. Recursos did\u00e1cticos del s\u00e9ptimo arte. Librer\u00eda Cervantes, Salamanca, 2001; Paradojas de la convivencia, San Pablo, Madrid, 2002; En la Universidad T\u00e9cnica Particular de Loja, Ecuador, ha publicado: La confianza. El arte de amar, 2002; Educar para la responsabilidad, 2003; Apuntes de \u00e9tica en Karl R. Popper, 2003; De soledades y comunicaci\u00f3n, 2005; Yo educo; t\u00fa respondes, 2008; Humanismo y fe en un crisol de culturas, 2008; Repensar lo cotidiano, 2008; Convivir: un constante desaf\u00edo, 2009; La l\u00f3gica del amor, 2010; El dolor del amor. Apuntes sobre la enfermedad y el dolor en relaci\u00f3n con la virtud heroica, el martirio y la vida santa. Seminario Diocesano de M\u00e1laga, 2006 y Universidad T\u00e9cnica Particular de Loja, Ecuador (2007). Cuenta con numerosas colaboraciones en obras colectivas, as\u00ed como relatos, cuentos, f\u00e1bula y novela juvenil, adem\u00e1s de art\u00edculos de tem\u00e1tica cient\u00edfica, pedag\u00f3gica y espiritual, que viene publicando en distintas revistas nacionales e internacionales. En 2012 culmin\u00f3 el santoral Llamados a ser santos y poco m\u00e1s tarde Epopeyas de amor prologado por mons. Fernando Sebasti\u00e1n. Es la bi\u00f3grafa oficial del fundador de su familia espiritual, autora de Fernando Rielo Pardal. Fundador de los Misioneros Identes, Descl\u00e9e de Brouwer, Bilbao, 2009. Culmina la biograf\u00eda completa. Encargada del santoral de ZENIT desde 2012 a 2020 y ahora en Exaudi","url":"https:\/\/exaudi.org\/es\/author\/isabelorellana\/"}]}},"jetpack_featured_media_url":"https:\/\/exaudi.org\/wp-content\/uploads\/2021\/10\/cq5dam.thumbnail.cropped.1500.844-6.jpeg","jetpack_shortlink":"https:\/\/wp.me\/pgKjF2-9EQ","_links":{"self":[{"href":"https:\/\/exaudi.org\/es\/wp-json\/wp\/v2\/posts\/37128","targetHints":{"allow":["GET"]}}],"collection":[{"href":"https:\/\/exaudi.org\/es\/wp-json\/wp\/v2\/posts"}],"about":[{"href":"https:\/\/exaudi.org\/es\/wp-json\/wp\/v2\/types\/post"}],"author":[{"embeddable":true,"href":"https:\/\/exaudi.org\/es\/wp-json\/wp\/v2\/users\/23"}],"replies":[{"embeddable":true,"href":"https:\/\/exaudi.org\/es\/wp-json\/wp\/v2\/comments?post=37128"}],"version-history":[{"count":3,"href":"https:\/\/exaudi.org\/es\/wp-json\/wp\/v2\/posts\/37128\/revisions"}],"predecessor-version":[{"id":143150,"href":"https:\/\/exaudi.org\/es\/wp-json\/wp\/v2\/posts\/37128\/revisions\/143150"}],"wp:featuredmedia":[{"embeddable":true,"href":"https:\/\/exaudi.org\/es\/wp-json\/wp\/v2\/media\/37129"}],"wp:attachment":[{"href":"https:\/\/exaudi.org\/es\/wp-json\/wp\/v2\/media?parent=37128"}],"wp:term":[{"taxonomy":"category","embeddable":true,"href":"https:\/\/exaudi.org\/es\/wp-json\/wp\/v2\/categories?post=37128"},{"taxonomy":"post_tag","embeddable":true,"href":"https:\/\/exaudi.org\/es\/wp-json\/wp\/v2\/tags?post=37128"}],"curies":[{"name":"wp","href":"https:\/\/api.w.org\/{rel}","templated":true}]}}