{"id":37081,"date":"2021-10-19T11:53:07","date_gmt":"2021-10-19T09:53:07","guid":{"rendered":"https:\/\/exaudi.wpengine.com\/?p=37081"},"modified":"2021-10-19T16:27:52","modified_gmt":"2021-10-19T14:27:52","slug":"bolivia-iglesia-gobierno-priorizar-trabajo","status":"publish","type":"post","link":"https:\/\/exaudi.org\/es\/bolivia-iglesia-gobierno-priorizar-trabajo\/","title":{"rendered":"Bolivia: Iglesia llama al Gobierno a priorizar el trabajo"},"content":{"rendered":"<p>El presidente de la <a href=\"https:\/\/www.iglesiaviva.net\/\" target=\"_blank\" rel=\"noopener\">Iglesia de Bolivia<\/a> (CEB), monse\u00f1or Ricardo Centellas, ha visto con buenos ojos la decisi\u00f3n del Gobierno de dejar sin efecto el tratamiento del proyecto de ley de legitimaci\u00f3n de ganancias il\u00edcitas, y a su vez ha pedido ahondar esfuerzos en buscar salidas de paz y que prioricen las necesidades m\u00e1s imperiosas, como es la del trabajo.<\/p>\n<p>\u201cToda ley que no es consensuada, tiende a generar rechazo y a provocar malestar en la poblaci\u00f3n, por eso es importante trabajar en leyes que prioricen el trabajo en b\u00fasqueda del bienestar de los m\u00e1s necesitados, si priorizas leyes de persecuci\u00f3n o que consoliden da\u00f1o a otros sectores, tendr\u00e1s este tipo de conflictos que s\u00f3lo acrecientan la polarizaci\u00f3n del pa\u00eds, ahora se debe trabajar en unificar los sectores, trabajar por la paz en un pa\u00eds en cuyo menor situaci\u00f3n puede desatar una espiral de conflictos y violencia, es ah\u00ed a donde no queremos llegar\u201d, ha expresado Centellas en un v\u00eddeo comunicado.<\/p>\n<h4><strong>Proyecto de ley retirado<\/strong><\/h4>\n<p>Seg\u00fan inform\u00f3 la Agencia\u00a0<em>Fides\u00a0<\/em>en una nota, la ministra de la Presidencia del gobierno <a href=\"https:\/\/exaudi.wpengine.com\/es\/bolivia-convenio-iglesia-estado-mejorar-nivel-educacion\/\" target=\"_blank\" rel=\"noopener\">boliviano<\/a> anunci\u00f3 la decisi\u00f3n estatal de retirar el proyecto de ley contra la legitimaci\u00f3n de ganancias il\u00edcitas, para evitar enfrentamientos entre bolivianos y la desestabilizaci\u00f3n del pa\u00eds por parte de ciertos grupos que se basan en campa\u00f1as de desinformaci\u00f3n.<\/p>\n<p>El presidente episcopal reitera en su v\u00eddeo la importancia de trabajar en leyes que den prioridad al trabajo, buscando el bienestar de los m\u00e1s necesitados. \u201cSi se priorizan las leyes que persiguen o consolidan el da\u00f1o a otros sectores, se tendr\u00e1 este tipo de conflictos que s\u00f3lo aumentan la polarizaci\u00f3n del pa\u00eds. Ahora debemos trabajar para unificar los sectores y trabajar por la paz en un pa\u00eds en el que la m\u00e1s m\u00ednima situaci\u00f3n puede desencadenar una espiral de conflicto y violencia. Ah\u00ed es donde no queremos llegar\u201d, apunta.<\/p>\n<p>El pasado domingo 17 de octubre de 2021, abriendo la fase diocesana del proceso Sinodal, Mons. Centellas subray\u00f3 la importancia de caminar juntos, de reflexionar y compartir como vivimos en comuni\u00f3n dentro de nuestra Iglesia y fuera de ella: \u201cEl trabajo que nos pide es compartir nuestra experiencia de comuni\u00f3n, de caminar como Iglesia de Vivir como el Se\u00f1or nos ha mandado, la experiencia de vivir la misi\u00f3n que cada uno tiene en su grupo\u201d, se\u00f1al\u00f3 en la homil\u00eda.<\/p>\n<p>Tambi\u00e9n exhort\u00f3 a participar ya que \u201cnadie puede quedarse callado, porque es un tiempo especial para que nos dejemos llevar por el Esp\u00edritu Santo e iluminados por el Esp\u00edritu Santo compartamos lo que vivimos como cristianos, con el carisma que tenemos. Pero tambi\u00e9n veamos los desaf\u00edos m\u00e1s urgentes que la Iglesia tiene en este tiempo\u201d.<\/p>\n<p>Vivimos, concluy\u00f3, \u201cen pandemia que ha movido muchos criterios personales y mundiales y como Iglesia tenemos que responder a lo que necesita la gente de hoy, nuestros pueblos y sin olvidarnos lo que nos dice Jes\u00fas, que nos acerquemos a los m\u00e1s necesitados, a los pobres\u201d.<\/p>\n<p><iframe loading=\"lazy\" title=\"MONS  RICARDO CENTELLAS ANTE PROYECTO DE LEY DE LEGITIMACI\u00d3N DE GANANCIAS IL\u00cdCITAS\" width=\"500\" height=\"281\" src=\"https:\/\/www.youtube.com\/embed\/Ro4mn9TMQjk?feature=oembed\" frameborder=\"0\" allow=\"accelerometer; autoplay; clipboard-write; encrypted-media; gyroscope; picture-in-picture; web-share\" referrerpolicy=\"strict-origin-when-cross-origin\" allowfullscreen><\/iframe><\/p>\n","protected":false},"excerpt":{"rendered":"<p>Aplaude la decisi\u00f3n estatal de dejar sin efecto el tratamiento del proyecto de ley de legitimaci\u00f3n de ganancias il\u00edcitas<\/p>\n","protected":false},"author":6,"featured_media":37083,"comment_status":"closed","ping_status":"closed","sticky":false,"template":"","format":"standard","meta":{"_acf_changed":false,"_crdt_document":"","inline_featured_image":false,"footnotes":""},"categories":[86,298],"tags":[2022,927,2533,2008],"class_list":["post-37081","post","type-post","status-publish","format-standard","has-post-thumbnail","hentry","category-iglesia-local","category-ultimas-noticias","tag-conferencia-episcopal-boliviana-ceb","tag-gobierno","tag-monsenor-ricardo-centellas","tag-trabajo"],"acf":[],"yoast_head":"<!-- This site is optimized with the Yoast SEO plugin v27.4 - https:\/\/yoast.com\/product\/yoast-seo-wordpress\/ -->\n<title>Bolivia: Iglesia llama al Gobierno a priorizar el trabajo - Exaudi<\/title>\n<meta name=\"description\" content=\"Mons. Centellas, presidente de la Iglesia en Bolivia, lanza un v\u00eddeo en el que llama al Gobierno a centrar esfuerzos en el trabajo.\" \/>\n<meta name=\"robots\" content=\"index, follow, max-snippet:-1, max-image-preview:large, max-video-preview:-1\" \/>\n<link rel=\"canonical\" href=\"https:\/\/exaudi.org\/es\/bolivia-iglesia-gobierno-priorizar-trabajo\/\" \/>\n<meta property=\"og:locale\" content=\"es_ES\" \/>\n<meta property=\"og:type\" content=\"article\" \/>\n<meta property=\"og:title\" content=\"Bolivia: Iglesia llama al Gobierno a priorizar el trabajo - Exaudi\" \/>\n<meta property=\"og:description\" content=\"Mons. Centellas, presidente de la Iglesia en Bolivia, lanza un v\u00eddeo en el que llama al Gobierno a centrar esfuerzos en el trabajo.\" \/>\n<meta property=\"og:url\" content=\"https:\/\/exaudi.org\/es\/bolivia-iglesia-gobierno-priorizar-trabajo\/\" \/>\n<meta property=\"og:site_name\" content=\"Exaudi\" \/>\n<meta property=\"article:publisher\" content=\"https:\/\/www.facebook.com\/ExaudiNews\" \/>\n<meta property=\"article:published_time\" content=\"2021-10-19T09:53:07+00:00\" \/>\n<meta property=\"article:modified_time\" content=\"2021-10-19T14:27:52+00:00\" \/>\n<meta property=\"og:image\" content=\"https:\/\/exaudi.org\/wp-content\/uploads\/2021\/10\/65a4sdasd-3.jpeg\" \/>\n\t<meta property=\"og:image:width\" content=\"727\" \/>\n\t<meta property=\"og:image:height\" content=\"409\" \/>\n\t<meta property=\"og:image:type\" content=\"image\/jpeg\" \/>\n<meta name=\"author\" content=\"Gabriel Sales\" \/>\n<meta name=\"twitter:card\" content=\"summary_large_image\" \/>\n<meta name=\"twitter:creator\" content=\"@habemusman\" \/>\n<meta name=\"twitter:site\" content=\"@Exaudi_News\" \/>\n<meta name=\"twitter:label1\" content=\"Escrito por\" \/>\n\t<meta name=\"twitter:data1\" content=\"Gabriel Sales\" \/>\n\t<meta name=\"twitter:label2\" content=\"Tiempo de lectura\" \/>\n\t<meta name=\"twitter:data2\" content=\"3 minutos\" \/>\n<script type=\"application\/ld+json\" class=\"yoast-schema-graph\">{\"@context\":\"https:\\\/\\\/schema.org\",\"@graph\":[{\"@type\":\"Article\",\"@id\":\"https:\\\/\\\/exaudi.org\\\/es\\\/bolivia-iglesia-gobierno-priorizar-trabajo\\\/#article\",\"isPartOf\":{\"@id\":\"https:\\\/\\\/exaudi.org\\\/es\\\/bolivia-iglesia-gobierno-priorizar-trabajo\\\/\"},\"author\":{\"name\":\"Gabriel Sales\",\"@id\":\"https:\\\/\\\/exaudi.org\\\/#\\\/schema\\\/person\\\/d134b96438278131ce90c90c03fda6cd\"},\"headline\":\"Bolivia: Iglesia llama al Gobierno a priorizar el trabajo\",\"datePublished\":\"2021-10-19T09:53:07+00:00\",\"dateModified\":\"2021-10-19T14:27:52+00:00\",\"mainEntityOfPage\":{\"@id\":\"https:\\\/\\\/exaudi.org\\\/es\\\/bolivia-iglesia-gobierno-priorizar-trabajo\\\/\"},\"wordCount\":555,\"image\":{\"@id\":\"https:\\\/\\\/exaudi.org\\\/es\\\/bolivia-iglesia-gobierno-priorizar-trabajo\\\/#primaryimage\"},\"thumbnailUrl\":\"https:\\\/\\\/exaudi.org\\\/wp-content\\\/uploads\\\/2021\\\/10\\\/65a4sdasd-3.jpeg\",\"keywords\":[\"Conferencia Episcopal Boliviana (CEB)\",\"Gobierno\",\"Monse\u00f1or Ricardo Centellas\",\"Trabajo\"],\"articleSection\":[\"Iglesia Local\",\"\u00daltimas noticias\"],\"inLanguage\":\"es\"},{\"@type\":\"WebPage\",\"@id\":\"https:\\\/\\\/exaudi.org\\\/es\\\/bolivia-iglesia-gobierno-priorizar-trabajo\\\/\",\"url\":\"https:\\\/\\\/exaudi.org\\\/es\\\/bolivia-iglesia-gobierno-priorizar-trabajo\\\/\",\"name\":\"Bolivia: Iglesia llama al Gobierno a priorizar el trabajo - Exaudi\",\"isPartOf\":{\"@id\":\"https:\\\/\\\/exaudi.org\\\/#website\"},\"primaryImageOfPage\":{\"@id\":\"https:\\\/\\\/exaudi.org\\\/es\\\/bolivia-iglesia-gobierno-priorizar-trabajo\\\/#primaryimage\"},\"image\":{\"@id\":\"https:\\\/\\\/exaudi.org\\\/es\\\/bolivia-iglesia-gobierno-priorizar-trabajo\\\/#primaryimage\"},\"thumbnailUrl\":\"https:\\\/\\\/exaudi.org\\\/wp-content\\\/uploads\\\/2021\\\/10\\\/65a4sdasd-3.jpeg\",\"datePublished\":\"2021-10-19T09:53:07+00:00\",\"dateModified\":\"2021-10-19T14:27:52+00:00\",\"author\":{\"@id\":\"https:\\\/\\\/exaudi.org\\\/#\\\/schema\\\/person\\\/d134b96438278131ce90c90c03fda6cd\"},\"description\":\"Mons. Centellas, presidente de la Iglesia en Bolivia, lanza un v\u00eddeo en el que llama al Gobierno a centrar esfuerzos en el trabajo.\",\"breadcrumb\":{\"@id\":\"https:\\\/\\\/exaudi.org\\\/es\\\/bolivia-iglesia-gobierno-priorizar-trabajo\\\/#breadcrumb\"},\"inLanguage\":\"es\",\"potentialAction\":[{\"@type\":\"ReadAction\",\"target\":[\"https:\\\/\\\/exaudi.org\\\/es\\\/bolivia-iglesia-gobierno-priorizar-trabajo\\\/\"]}]},{\"@type\":\"ImageObject\",\"inLanguage\":\"es\",\"@id\":\"https:\\\/\\\/exaudi.org\\\/es\\\/bolivia-iglesia-gobierno-priorizar-trabajo\\\/#primaryimage\",\"url\":\"https:\\\/\\\/exaudi.org\\\/wp-content\\\/uploads\\\/2021\\\/10\\\/65a4sdasd-3.jpeg\",\"contentUrl\":\"https:\\\/\\\/exaudi.org\\\/wp-content\\\/uploads\\\/2021\\\/10\\\/65a4sdasd-3.jpeg\",\"width\":727,\"height\":409,\"caption\":\"Mons. Centellas \u00a9 Vatican Media\"},{\"@type\":\"BreadcrumbList\",\"@id\":\"https:\\\/\\\/exaudi.org\\\/es\\\/bolivia-iglesia-gobierno-priorizar-trabajo\\\/#breadcrumb\",\"itemListElement\":[{\"@type\":\"ListItem\",\"position\":1,\"name\":\"Portada\",\"item\":\"https:\\\/\\\/exaudi.org\\\/es\\\/\"},{\"@type\":\"ListItem\",\"position\":2,\"name\":\"Bolivia: Iglesia llama al Gobierno a priorizar el trabajo\"}]},{\"@type\":\"WebSite\",\"@id\":\"https:\\\/\\\/exaudi.org\\\/#website\",\"url\":\"https:\\\/\\\/exaudi.org\\\/\",\"name\":\"Exaudi\",\"description\":\"News\",\"potentialAction\":[{\"@type\":\"SearchAction\",\"target\":{\"@type\":\"EntryPoint\",\"urlTemplate\":\"https:\\\/\\\/exaudi.org\\\/?s={search_term_string}\"},\"query-input\":{\"@type\":\"PropertyValueSpecification\",\"valueRequired\":true,\"valueName\":\"search_term_string\"}}],\"inLanguage\":\"es\"},{\"@type\":\"Person\",\"@id\":\"https:\\\/\\\/exaudi.org\\\/#\\\/schema\\\/person\\\/d134b96438278131ce90c90c03fda6cd\",\"name\":\"Gabriel Sales\",\"image\":{\"@type\":\"ImageObject\",\"inLanguage\":\"es\",\"@id\":\"https:\\\/\\\/secure.gravatar.com\\\/avatar\\\/9b1269566f6a063ed26ffb3532b66a373cdde231ce5d0effb266167437fdaffd?s=96&d=mm&r=g\",\"url\":\"https:\\\/\\\/secure.gravatar.com\\\/avatar\\\/9b1269566f6a063ed26ffb3532b66a373cdde231ce5d0effb266167437fdaffd?s=96&d=mm&r=g\",\"contentUrl\":\"https:\\\/\\\/secure.gravatar.com\\\/avatar\\\/9b1269566f6a063ed26ffb3532b66a373cdde231ce5d0effb266167437fdaffd?s=96&d=mm&r=g\",\"caption\":\"Gabriel Sales\"},\"description\":\"Periodista y especialista en Comunicaci\u00f3n y Branding digital. Cin\u00e9filo y cr\u00edtico de cine y series de televisi\u00f3n.\",\"sameAs\":[\"https:\\\/\\\/www.instagram.com\\\/cine90segundos\\\/\",\"www.linkedin.com\\\/in\\\/habemusman\",\"https:\\\/\\\/x.com\\\/habemusman\",\"https:\\\/\\\/www.youtube.com\\\/channel\\\/UCVfCiOMkJ_C7T7OpyjuaLDg\"],\"url\":\"https:\\\/\\\/exaudi.org\\\/es\\\/author\\\/gsalesexaudi-org\\\/\"}]}<\/script>\n<!-- \/ Yoast SEO plugin. -->","yoast_head_json":{"title":"Bolivia: Iglesia llama al Gobierno a priorizar el trabajo - Exaudi","description":"Mons. Centellas, presidente de la Iglesia en Bolivia, lanza un v\u00eddeo en el que llama al Gobierno a centrar esfuerzos en el trabajo.","robots":{"index":"index","follow":"follow","max-snippet":"max-snippet:-1","max-image-preview":"max-image-preview:large","max-video-preview":"max-video-preview:-1"},"canonical":"https:\/\/exaudi.org\/es\/bolivia-iglesia-gobierno-priorizar-trabajo\/","og_locale":"es_ES","og_type":"article","og_title":"Bolivia: Iglesia llama al Gobierno a priorizar el trabajo - Exaudi","og_description":"Mons. Centellas, presidente de la Iglesia en Bolivia, lanza un v\u00eddeo en el que llama al Gobierno a centrar esfuerzos en el trabajo.","og_url":"https:\/\/exaudi.org\/es\/bolivia-iglesia-gobierno-priorizar-trabajo\/","og_site_name":"Exaudi","article_publisher":"https:\/\/www.facebook.com\/ExaudiNews","article_published_time":"2021-10-19T09:53:07+00:00","article_modified_time":"2021-10-19T14:27:52+00:00","og_image":[{"width":727,"height":409,"url":"https:\/\/exaudi.org\/wp-content\/uploads\/2021\/10\/65a4sdasd-3.jpeg","type":"image\/jpeg"}],"author":"Gabriel Sales","twitter_card":"summary_large_image","twitter_creator":"@habemusman","twitter_site":"@Exaudi_News","twitter_misc":{"Escrito por":"Gabriel Sales","Tiempo de lectura":"3 minutos"},"schema":{"@context":"https:\/\/schema.org","@graph":[{"@type":"Article","@id":"https:\/\/exaudi.org\/es\/bolivia-iglesia-gobierno-priorizar-trabajo\/#article","isPartOf":{"@id":"https:\/\/exaudi.org\/es\/bolivia-iglesia-gobierno-priorizar-trabajo\/"},"author":{"name":"Gabriel Sales","@id":"https:\/\/exaudi.org\/#\/schema\/person\/d134b96438278131ce90c90c03fda6cd"},"headline":"Bolivia: Iglesia llama al Gobierno a priorizar el trabajo","datePublished":"2021-10-19T09:53:07+00:00","dateModified":"2021-10-19T14:27:52+00:00","mainEntityOfPage":{"@id":"https:\/\/exaudi.org\/es\/bolivia-iglesia-gobierno-priorizar-trabajo\/"},"wordCount":555,"image":{"@id":"https:\/\/exaudi.org\/es\/bolivia-iglesia-gobierno-priorizar-trabajo\/#primaryimage"},"thumbnailUrl":"https:\/\/exaudi.org\/wp-content\/uploads\/2021\/10\/65a4sdasd-3.jpeg","keywords":["Conferencia Episcopal Boliviana (CEB)","Gobierno","Monse\u00f1or Ricardo Centellas","Trabajo"],"articleSection":["Iglesia Local","\u00daltimas noticias"],"inLanguage":"es"},{"@type":"WebPage","@id":"https:\/\/exaudi.org\/es\/bolivia-iglesia-gobierno-priorizar-trabajo\/","url":"https:\/\/exaudi.org\/es\/bolivia-iglesia-gobierno-priorizar-trabajo\/","name":"Bolivia: Iglesia llama al Gobierno a priorizar el trabajo - Exaudi","isPartOf":{"@id":"https:\/\/exaudi.org\/#website"},"primaryImageOfPage":{"@id":"https:\/\/exaudi.org\/es\/bolivia-iglesia-gobierno-priorizar-trabajo\/#primaryimage"},"image":{"@id":"https:\/\/exaudi.org\/es\/bolivia-iglesia-gobierno-priorizar-trabajo\/#primaryimage"},"thumbnailUrl":"https:\/\/exaudi.org\/wp-content\/uploads\/2021\/10\/65a4sdasd-3.jpeg","datePublished":"2021-10-19T09:53:07+00:00","dateModified":"2021-10-19T14:27:52+00:00","author":{"@id":"https:\/\/exaudi.org\/#\/schema\/person\/d134b96438278131ce90c90c03fda6cd"},"description":"Mons. Centellas, presidente de la Iglesia en Bolivia, lanza un v\u00eddeo en el que llama al Gobierno a centrar esfuerzos en el trabajo.","breadcrumb":{"@id":"https:\/\/exaudi.org\/es\/bolivia-iglesia-gobierno-priorizar-trabajo\/#breadcrumb"},"inLanguage":"es","potentialAction":[{"@type":"ReadAction","target":["https:\/\/exaudi.org\/es\/bolivia-iglesia-gobierno-priorizar-trabajo\/"]}]},{"@type":"ImageObject","inLanguage":"es","@id":"https:\/\/exaudi.org\/es\/bolivia-iglesia-gobierno-priorizar-trabajo\/#primaryimage","url":"https:\/\/exaudi.org\/wp-content\/uploads\/2021\/10\/65a4sdasd-3.jpeg","contentUrl":"https:\/\/exaudi.org\/wp-content\/uploads\/2021\/10\/65a4sdasd-3.jpeg","width":727,"height":409,"caption":"Mons. Centellas \u00a9 Vatican Media"},{"@type":"BreadcrumbList","@id":"https:\/\/exaudi.org\/es\/bolivia-iglesia-gobierno-priorizar-trabajo\/#breadcrumb","itemListElement":[{"@type":"ListItem","position":1,"name":"Portada","item":"https:\/\/exaudi.org\/es\/"},{"@type":"ListItem","position":2,"name":"Bolivia: Iglesia llama al Gobierno a priorizar el trabajo"}]},{"@type":"WebSite","@id":"https:\/\/exaudi.org\/#website","url":"https:\/\/exaudi.org\/","name":"Exaudi","description":"News","potentialAction":[{"@type":"SearchAction","target":{"@type":"EntryPoint","urlTemplate":"https:\/\/exaudi.org\/?s={search_term_string}"},"query-input":{"@type":"PropertyValueSpecification","valueRequired":true,"valueName":"search_term_string"}}],"inLanguage":"es"},{"@type":"Person","@id":"https:\/\/exaudi.org\/#\/schema\/person\/d134b96438278131ce90c90c03fda6cd","name":"Gabriel Sales","image":{"@type":"ImageObject","inLanguage":"es","@id":"https:\/\/secure.gravatar.com\/avatar\/9b1269566f6a063ed26ffb3532b66a373cdde231ce5d0effb266167437fdaffd?s=96&d=mm&r=g","url":"https:\/\/secure.gravatar.com\/avatar\/9b1269566f6a063ed26ffb3532b66a373cdde231ce5d0effb266167437fdaffd?s=96&d=mm&r=g","contentUrl":"https:\/\/secure.gravatar.com\/avatar\/9b1269566f6a063ed26ffb3532b66a373cdde231ce5d0effb266167437fdaffd?s=96&d=mm&r=g","caption":"Gabriel Sales"},"description":"Periodista y especialista en Comunicaci\u00f3n y Branding digital. Cin\u00e9filo y cr\u00edtico de cine y series de televisi\u00f3n.","sameAs":["https:\/\/www.instagram.com\/cine90segundos\/","www.linkedin.com\/in\/habemusman","https:\/\/x.com\/habemusman","https:\/\/www.youtube.com\/channel\/UCVfCiOMkJ_C7T7OpyjuaLDg"],"url":"https:\/\/exaudi.org\/es\/author\/gsalesexaudi-org\/"}]}},"jetpack_featured_media_url":"https:\/\/exaudi.org\/wp-content\/uploads\/2021\/10\/65a4sdasd-3.jpeg","jetpack_shortlink":"https:\/\/wp.me\/pgKjF2-9E5","_links":{"self":[{"href":"https:\/\/exaudi.org\/es\/wp-json\/wp\/v2\/posts\/37081","targetHints":{"allow":["GET"]}}],"collection":[{"href":"https:\/\/exaudi.org\/es\/wp-json\/wp\/v2\/posts"}],"about":[{"href":"https:\/\/exaudi.org\/es\/wp-json\/wp\/v2\/types\/post"}],"author":[{"embeddable":true,"href":"https:\/\/exaudi.org\/es\/wp-json\/wp\/v2\/users\/6"}],"replies":[{"embeddable":true,"href":"https:\/\/exaudi.org\/es\/wp-json\/wp\/v2\/comments?post=37081"}],"version-history":[{"count":0,"href":"https:\/\/exaudi.org\/es\/wp-json\/wp\/v2\/posts\/37081\/revisions"}],"wp:featuredmedia":[{"embeddable":true,"href":"https:\/\/exaudi.org\/es\/wp-json\/wp\/v2\/media\/37083"}],"wp:attachment":[{"href":"https:\/\/exaudi.org\/es\/wp-json\/wp\/v2\/media?parent=37081"}],"wp:term":[{"taxonomy":"category","embeddable":true,"href":"https:\/\/exaudi.org\/es\/wp-json\/wp\/v2\/categories?post=37081"},{"taxonomy":"post_tag","embeddable":true,"href":"https:\/\/exaudi.org\/es\/wp-json\/wp\/v2\/tags?post=37081"}],"curies":[{"name":"wp","href":"https:\/\/api.w.org\/{rel}","templated":true}]}}