{"id":37023,"date":"2025-10-19T07:30:57","date_gmt":"2025-10-19T05:30:57","guid":{"rendered":"https:\/\/exaudi.wpengine.com\/?p=37023"},"modified":"2025-10-20T08:45:36","modified_gmt":"2025-10-20T06:45:36","slug":"san-pablo-de-la-cruz-19-octubre","status":"publish","type":"post","link":"https:\/\/exaudi.org\/es\/san-pablo-de-la-cruz-19-octubre\/","title":{"rendered":"San Pablo de la Cruz, 19 de octubre"},"content":{"rendered":"<p><span style=\"font-weight: 400;\">Paolo Francesco Danei Massari naci\u00f3 en Ovada, Italia, el 3 de enero de 1694. Era hijo de un comerciante. De diecis\u00e9is hermanos nacidos en la familia, solo sobrevivieron seis. Las penurias econ\u00f3micas marcaron su infancia. Vi\u00e9ndose obligado a trabajar y cambiar con frecuencia de domicilio, apenas pudo estudiar.<\/span><\/p>\n<p><iframe title=\"Spotify Embed: San Pablo de la Cruz, 19 de octubre\" style=\"border-radius: 12px\" width=\"100%\" height=\"152\" frameborder=\"0\" allowfullscreen allow=\"autoplay; clipboard-write; encrypted-media; fullscreen; picture-in-picture\" loading=\"lazy\" src=\"https:\/\/open.spotify.com\/embed\/episode\/0kJONN5vZRqPiU6l1q47Ps?si=e998c9293cf645b9&#038;utm_source=oembed\"><\/iframe><\/p>\n<p><span style=\"font-weight: 400;\"> Pero sus padres compensaron esta dificultad leg\u00e1ndole un patrimonio inigualable para conocer y experimentar la verdadera sabidur\u00eda que procede de Dios. Luchino, su padre, le le\u00eda vidas de santos y le marcaba la senda que le conven\u00eda seguir, manteni\u00e9ndole al abrigo de malas compa\u00f1\u00edas. Su madre, Anna Mar\u00eda, suscit\u00f3 en \u00e9l un amor inmenso por el Crucificado, ense\u00f1\u00e1ndole a acudir a \u00c9l ante cualquier contrariedad de la vida, que ya en su infancia determin\u00f3 entregarle.\u00a0<\/span><\/p>\n<p><span style=\"font-weight: 400;\">En un serm\u00f3n se produjo lo que denomin\u00f3 su \u201cconversi\u00f3n\u201d. Fue en 1713. Despu\u00e9s de escuchar el pasaje evang\u00e9lico: \u201cSi no os convert\u00eds, todos perecer\u00e9is\u201d (Lc 13,5), \u201csinti\u00f3 un impulso irresistible de darse a una vida santa y perfecta\u201d, hizo confesi\u00f3n general, y tom\u00f3 la v\u00eda penitencial alentado por la oraci\u00f3n y lectura de las biograf\u00edas de los santos que conoc\u00eda. Junto a j\u00f3venes afines, promovi\u00f3 una asociaci\u00f3n de asistencia al pr\u00f3jimo; su palabra y ejemplo propici\u00f3 la consagraci\u00f3n religiosa de algunos.<\/span><\/p>\n<p><span style=\"font-weight: 400;\"> Quiso ser m\u00e1rtir de la fe, y durante un a\u00f1o luch\u00f3 en la cruzada contra los turcos impulsada por Clemente XI. Viendo que no era su camino, regres\u00f3 junto a sus padres y llev\u00f3 vida de intensa oraci\u00f3n y penitencia. En ese periodo se le present\u00f3 un futuro halag\u00fce\u00f1o a nivel empresarial y personal, con un ventajoso matrimonio, aunque nada de ello logr\u00f3 seducirle.\u00a0<\/span><\/p>\n<p><span style=\"font-weight: 400;\">En 1720, en sue\u00f1os, Pablo vio el h\u00e1bito distintivo de la Orden que deb\u00eda fundar, y a rengl\u00f3n seguido Mar\u00eda le confirmaba que esta deber\u00eda tener como carisma el amor a la Pasi\u00f3n. De ah\u00ed brot\u00f3 su hondo sentimiento: \u201cSer y hacer memoria del Crucificado y de los crucificados\u201d.<\/span><\/p>\n<p><span style=\"font-weight: 400;\"> Con permiso del obispo de Alejandr\u00eda, que le impuso el h\u00e1bito, se recluy\u00f3 en un inh\u00f3spito y h\u00famedo trastero de la sacrist\u00eda de la iglesia de San Carlos, de Castellazzo. Ayunando, sin apenas descanso, compuso las reglas e inici\u00f3 la redacci\u00f3n de un \u201cDiario espiritual\u201d que tuvo que escribir por obediencia. Este era su af\u00e1n: \u201cNo deseo saber otra cosa ni quiero gustar consuelo alguno; solo deseo estar crucificado con Jes\u00fas\u201d.\u00a0<\/span><\/p>\n<p><span style=\"font-weight: 400;\">Viviendo en soledad, emprendi\u00f3 su acci\u00f3n apost\u00f3lica en zonas circundantes. Los destinatarios eran los ni\u00f1os a los que catequizaba. Difundi\u00f3 las Misiones Populares en el entorno con grandes frutos. Entre las primeras vocaciones hubo abandonos de los que pensaron que no podr\u00edan sobrellevar el rigor de la regla. Pero \u00e9l sigui\u00f3 predicando, crucifijo en mano, con los brazos extendidos. Colocaba al lado una cruz de grandes proporciones y se dirig\u00eda al Crucificado.<\/span><\/p>\n<p><span style=\"font-weight: 400;\"> En su t\u00e1ctica apost\u00f3lica, ensamblada con la fe, no hab\u00eda lugar para falsos pudores humanos. Cuando observaba que los corazones no se encend\u00edan ante el relato de los sufrimientos del Redentor, \u00e9l mismo se inflig\u00eda azotes ante el auditorio. A veces, aparec\u00eda con una corona de espinas en la cabeza. Hab\u00eda escrito: \u201cEl camino m\u00e1s corto para llegar a la santidad es el perderse enteramente en el abismo del sufrimiento del Salvador\u201d. <\/span><\/p>\n<p><span style=\"font-weight: 400;\">Todo lo que ten\u00eda de inflexible a la hora de invitar a los pecadores a la conversi\u00f3n radical, se trocaba en comprensi\u00f3n y paciencia cuando los recib\u00eda en confesi\u00f3n; los animaba y confortaba haci\u00e9ndoles ver la viabilidad de la perfecci\u00f3n. Era claro en sus apreciaciones: \u201cSi quer\u00e9is, llevad un collar de perlas cuando salg\u00e1is, pero recordad que Jes\u00fas ha llevado una cuerda y una cadena al cuello\u201d.\u00a0<\/span><\/p>\n<p><span style=\"font-weight: 400;\">En 1721 lleg\u00f3 a Roma so\u00f1ando en la aprobaci\u00f3n pontificia de la regla, pero fue tratado desp\u00f3ticamente por la guardia. Luego, ante la Virgen Salus Populi Romani, en la bas\u00edlica de Santa Mar\u00eda la Mayor, prometi\u00f3 \u201cdedicarse a promover en los fieles la devoci\u00f3n a la Pasi\u00f3n de Cristo y empe\u00f1arse en reunir compa\u00f1eros para hacer esto mismo\u201d. Su hermano carnal, Juan Bautista, se uni\u00f3 a \u00e9l en Castellazzo; le acompa\u00f1\u00f3 en las misiones y fue su confesor hasta su muerte.<\/span><\/p>\n<p><span style=\"font-weight: 400;\"> En una ocasi\u00f3n hubo entre ellos un malentendido, y el santo le retir\u00f3 la palabra. Tres d\u00edas m\u00e1s tarde se postr\u00f3 de rodillas ante \u00e9l y le pidi\u00f3 perd\u00f3n. Despu\u00e9s de intentos infructuosos para fundar, ambos se trasladaron a Roma; trabajaron en el hospital de San Gallicano. Fueron ordenados sacerdotes en 1727 por Benedicto XIII, quien les autoriz\u00f3 a fundar. Se instalaron en Monte Argentario y all\u00ed florecieron las vocaciones dando lugar al primer convento que se abri\u00f3 en 1737.\u00a0<\/span><\/p>\n<p><span style=\"font-weight: 400;\">Suavizada la regla por una comisi\u00f3n cardenalicia, Benedicto XIV la reconoci\u00f3 en 1741. En su carisma se hallaba la predilecci\u00f3n por los pobres, aunque la idea rectora era infundir en todos el amor a Cristo crucificado ya que con \u00e9l quedar\u00eda erradicada toda injusticia promovida por el pecado. \u201cCuando comet\u00e1is una falta, humillaos delante de Dios con profundo arrepentimiento, y luego, con un acto de gran confianza lanzad vuestra culpa al oc\u00e9ano de su inmensa bondad\u201d. <\/span><\/p>\n<p><span style=\"font-weight: 400;\">\u201cLos sufrimientos de Jes\u00fas deben ser las joyas de nuestro coraz\u00f3n\u201d. \u201cCuando est\u00e9is angustiados por temores y dudas, decid a Jes\u00fas crucificado: \u00a1Oh, Jes\u00fas, amor de mi coraz\u00f3n, yo creo en ti, espero en ti, te amo solo a ti!\u201d. Como no pod\u00eda ser menos en alguien que amaba al Crucificado, ten\u00eda gran devoci\u00f3n por Mar\u00eda que transmiti\u00f3: \u201cRogad a Mar\u00eda que ba\u00f1e vuestro coraz\u00f3n con sus l\u00e1grimas dolorosas, con el fin de que teng\u00e1is un continuo recuerdo de la Pasi\u00f3n de Jes\u00fas y de sus penas maternales\u201d.<\/span><\/p>\n<p><span style=\"font-weight: 400;\">En 1771 fund\u00f3 las Hermanas Pasionistas. En 1772 vio que se acercaba su muerte, solicit\u00f3 la bendici\u00f3n del Papa y este le dijo que la Iglesia lo necesitaba. Tres a\u00f1os m\u00e1s tarde, el 18 de octubre de 1775, se apag\u00f3 su vida. Dejaba atr\u00e1s m\u00e1s de una decena de casas abiertas, dos centenares de misiones, 80 ejercicios espirituales e incontables conversiones. Hab\u00eda recibido el don de profec\u00eda y de milagros. P\u00edo IX lo beatific\u00f3 el 1 de mayo de 1853, y lo canoniz\u00f3 el 29 de junio de 1867.<\/span><\/p>\n<p><img loading=\"lazy\" decoding=\"async\" class=\"size-full wp-image-136087 alignnone\" src=\"https:\/\/exaudi.org\/wp-content\/uploads\/2025\/10\/Santoral-4.jpg\" alt=\"\" width=\"1080\" height=\"1080\" srcset=\"https:\/\/exaudi.org\/wp-content\/uploads\/2025\/10\/Santoral-4.jpg 1080w, https:\/\/exaudi.org\/wp-content\/uploads\/2025\/10\/Santoral-4-300x300.jpg 300w, https:\/\/exaudi.org\/wp-content\/uploads\/2025\/10\/Santoral-4-1024x1024.jpg 1024w, https:\/\/exaudi.org\/wp-content\/uploads\/2025\/10\/Santoral-4-100x100.jpg?crop=1 100w, https:\/\/exaudi.org\/wp-content\/uploads\/2025\/10\/Santoral-4-770x770.jpg 770w, https:\/\/exaudi.org\/wp-content\/uploads\/2025\/10\/Santoral-4-500x500.jpg 500w\" sizes=\"auto, (max-width: 1080px) 100vw, 1080px\" \/><\/p>\n<h6><em>\u00a9\u00a0<a href=\"https:\/\/exaudi.wpengine.com\/es\/author\/isabelorellana\/\" target=\"_blank\" rel=\"noopener noreferrer\">Isabel Orellana Vilches<\/a>, 2018<\/em><\/h6>\n<h6><em>Autora vinculada a<\/em><\/h6>\n<h6><em><img loading=\"lazy\" decoding=\"async\" class=\"alignright wp-image-2208\" src=\"https:\/\/exaudi.org\/wp-content\/uploads\/2021\/02\/santoral-scaled-1-725x1024.jpg\" alt=\"santoral Isabel Orellana\" width=\"262\" height=\"370\" \/><\/em><img loading=\"lazy\" decoding=\"async\" class=\"alignnone size-full wp-image-41949\" src=\"https:\/\/www.idente.org\/wp-content\/uploads\/logo-cedro-v01-843x295-1-e1603384654546.png\" alt=\"\" width=\"80\" height=\"28\" \/><br \/>\nObra protegida por derechos de autor.<br \/>\nInscrita en el Registro de la Propiedad Intelectual el 24 de noviembre de 2014.<br \/>\n________________<br \/>\nDerechos de edici\u00f3n reservados:<br \/>\n<a href=\"https:\/\/rielo.com\/\" target=\"_blank\" rel=\"noopener noreferrer\">Fundaci\u00f3n Fernando Rielo<\/a><br \/>\nGoya 20, 4.\u00ba izq. int. 28001 Madrid<br \/>\nTlf.: (34) 91 575 40 91<br \/>\nCorreo electr\u00f3nico:\u00a0fundacion@rielo.com<\/h6>\n<div class=\"page\" title=\"Page 4\">\n<div class=\"layoutArea\">\n<div class=\"column\">\n<h6>Dep\u00f3sito legal: M-18664-2020<br \/>\nISBN: 978-84-946646-6-3<\/h6>\n<\/div>\n<\/div>\n<\/div>\n","protected":false},"excerpt":{"rendered":"<p>M\u00edstico y fundador<\/p>\n","protected":false},"author":23,"featured_media":37024,"comment_status":"closed","ping_status":"closed","sticky":false,"template":"","format":"standard","meta":{"_acf_changed":false,"_crdt_document":"","inline_featured_image":false,"footnotes":""},"categories":[74,2772],"tags":[388,4585,387,58880],"class_list":["post-37023","post","type-post","status-publish","format-standard","has-post-thumbnail","hentry","category-iglesia-y-mundo","category-santoral","tag-isabel-orellana-vilches","tag-san-pablo-de-la-cruz","tag-santoral","tag-trending-es-151"],"acf":[],"yoast_head":"<!-- This site is optimized with the Yoast SEO plugin v27.5 - https:\/\/yoast.com\/product\/yoast-seo-wordpress\/ -->\n<title>San Pablo de la Cruz, 19 de octubre - Exaudi Catholic News<\/title>\n<meta name=\"description\" content=\"Santoral del 18 de octubre, san Pablo de la Cruz, escrito por Isabel Orellana y editado por la Fundaci\u00f3n Fernando Rielo.\" \/>\n<meta name=\"robots\" content=\"index, follow, max-snippet:-1, max-image-preview:large, max-video-preview:-1\" \/>\n<link rel=\"canonical\" href=\"https:\/\/exaudi.org\/es\/san-pablo-de-la-cruz-19-octubre\/\" \/>\n<meta property=\"og:locale\" content=\"es_ES\" \/>\n<meta property=\"og:type\" content=\"article\" \/>\n<meta property=\"og:title\" content=\"San Pablo de la Cruz, 19 de octubre - Exaudi Catholic News\" \/>\n<meta property=\"og:description\" content=\"Santoral del 18 de octubre, san Pablo de la Cruz, escrito por Isabel Orellana y editado por la Fundaci\u00f3n Fernando Rielo.\" \/>\n<meta property=\"og:url\" content=\"https:\/\/exaudi.org\/es\/san-pablo-de-la-cruz-19-octubre\/\" \/>\n<meta property=\"og:site_name\" content=\"Exaudi\" \/>\n<meta property=\"article:publisher\" content=\"https:\/\/www.facebook.com\/ExaudiNews\" \/>\n<meta property=\"article:published_time\" content=\"2025-10-19T05:30:57+00:00\" \/>\n<meta property=\"article:modified_time\" content=\"2025-10-20T06:45:36+00:00\" \/>\n<meta property=\"og:image\" content=\"https:\/\/exaudi.org\/wp-content\/uploads\/2021\/10\/San-Pablo-de-la-Cruz-700x393-1.jpg\" \/>\n\t<meta property=\"og:image:width\" content=\"700\" \/>\n\t<meta property=\"og:image:height\" content=\"393\" \/>\n\t<meta property=\"og:image:type\" content=\"image\/jpeg\" \/>\n<meta name=\"author\" content=\"Isabel Orellana\" \/>\n<meta name=\"twitter:card\" content=\"summary_large_image\" \/>\n<meta name=\"twitter:creator\" content=\"@Exaudi_News\" \/>\n<meta name=\"twitter:site\" content=\"@Exaudi_News\" \/>\n<meta name=\"twitter:label1\" content=\"Escrito por\" \/>\n\t<meta name=\"twitter:data1\" content=\"Isabel Orellana\" \/>\n\t<meta name=\"twitter:label2\" content=\"Tiempo de lectura\" \/>\n\t<meta name=\"twitter:data2\" content=\"6 minutos\" \/>\n<script type=\"application\/ld+json\" class=\"yoast-schema-graph\">{\"@context\":\"https:\\\/\\\/schema.org\",\"@graph\":[{\"@type\":\"Article\",\"@id\":\"https:\\\/\\\/exaudi.org\\\/es\\\/san-pablo-de-la-cruz-19-octubre\\\/#article\",\"isPartOf\":{\"@id\":\"https:\\\/\\\/exaudi.org\\\/es\\\/san-pablo-de-la-cruz-19-octubre\\\/\"},\"author\":{\"name\":\"Isabel Orellana\",\"@id\":\"https:\\\/\\\/exaudi.org\\\/#\\\/schema\\\/person\\\/64e18b96fd6118559a9217b5b3375fdc\"},\"headline\":\"San Pablo de la Cruz, 19 de octubre\",\"datePublished\":\"2025-10-19T05:30:57+00:00\",\"dateModified\":\"2025-10-20T06:45:36+00:00\",\"mainEntityOfPage\":{\"@id\":\"https:\\\/\\\/exaudi.org\\\/es\\\/san-pablo-de-la-cruz-19-octubre\\\/\"},\"wordCount\":1185,\"image\":{\"@id\":\"https:\\\/\\\/exaudi.org\\\/es\\\/san-pablo-de-la-cruz-19-octubre\\\/#primaryimage\"},\"thumbnailUrl\":\"https:\\\/\\\/exaudi.org\\\/wp-content\\\/uploads\\\/2021\\\/10\\\/San-Pablo-de-la-Cruz-700x393-1.jpg\",\"keywords\":[\"Isabel Orellana Vilches\",\"San Pablo de la Cruz\",\"Santoral\",\"Trending\"],\"articleSection\":[\"Iglesia y Mundo\",\"Santoral\"],\"inLanguage\":\"es\"},{\"@type\":\"WebPage\",\"@id\":\"https:\\\/\\\/exaudi.org\\\/es\\\/san-pablo-de-la-cruz-19-octubre\\\/\",\"url\":\"https:\\\/\\\/exaudi.org\\\/es\\\/san-pablo-de-la-cruz-19-octubre\\\/\",\"name\":\"San Pablo de la Cruz, 19 de octubre - Exaudi Catholic News\",\"isPartOf\":{\"@id\":\"https:\\\/\\\/exaudi.org\\\/#website\"},\"primaryImageOfPage\":{\"@id\":\"https:\\\/\\\/exaudi.org\\\/es\\\/san-pablo-de-la-cruz-19-octubre\\\/#primaryimage\"},\"image\":{\"@id\":\"https:\\\/\\\/exaudi.org\\\/es\\\/san-pablo-de-la-cruz-19-octubre\\\/#primaryimage\"},\"thumbnailUrl\":\"https:\\\/\\\/exaudi.org\\\/wp-content\\\/uploads\\\/2021\\\/10\\\/San-Pablo-de-la-Cruz-700x393-1.jpg\",\"datePublished\":\"2025-10-19T05:30:57+00:00\",\"dateModified\":\"2025-10-20T06:45:36+00:00\",\"author\":{\"@id\":\"https:\\\/\\\/exaudi.org\\\/#\\\/schema\\\/person\\\/64e18b96fd6118559a9217b5b3375fdc\"},\"description\":\"Santoral del 18 de octubre, san Pablo de la Cruz, escrito por Isabel Orellana y editado por la Fundaci\u00f3n Fernando Rielo.\",\"breadcrumb\":{\"@id\":\"https:\\\/\\\/exaudi.org\\\/es\\\/san-pablo-de-la-cruz-19-octubre\\\/#breadcrumb\"},\"inLanguage\":\"es\",\"potentialAction\":[{\"@type\":\"ReadAction\",\"target\":[\"https:\\\/\\\/exaudi.org\\\/es\\\/san-pablo-de-la-cruz-19-octubre\\\/\"]}]},{\"@type\":\"ImageObject\",\"inLanguage\":\"es\",\"@id\":\"https:\\\/\\\/exaudi.org\\\/es\\\/san-pablo-de-la-cruz-19-octubre\\\/#primaryimage\",\"url\":\"https:\\\/\\\/exaudi.org\\\/wp-content\\\/uploads\\\/2021\\\/10\\\/San-Pablo-de-la-Cruz-700x393-1.jpg\",\"contentUrl\":\"https:\\\/\\\/exaudi.org\\\/wp-content\\\/uploads\\\/2021\\\/10\\\/San-Pablo-de-la-Cruz-700x393-1.jpg\",\"width\":700,\"height\":393,\"caption\":\"San Pablo de la Cruz \u00a9 Gaudiumpress.org\"},{\"@type\":\"BreadcrumbList\",\"@id\":\"https:\\\/\\\/exaudi.org\\\/es\\\/san-pablo-de-la-cruz-19-octubre\\\/#breadcrumb\",\"itemListElement\":[{\"@type\":\"ListItem\",\"position\":1,\"name\":\"Portada\",\"item\":\"https:\\\/\\\/exaudi.org\\\/es\\\/\"},{\"@type\":\"ListItem\",\"position\":2,\"name\":\"San Pablo de la Cruz, 19 de octubre\"}]},{\"@type\":\"WebSite\",\"@id\":\"https:\\\/\\\/exaudi.org\\\/#website\",\"url\":\"https:\\\/\\\/exaudi.org\\\/\",\"name\":\"Exaudi\",\"description\":\"News\",\"potentialAction\":[{\"@type\":\"SearchAction\",\"target\":{\"@type\":\"EntryPoint\",\"urlTemplate\":\"https:\\\/\\\/exaudi.org\\\/?s={search_term_string}\"},\"query-input\":{\"@type\":\"PropertyValueSpecification\",\"valueRequired\":true,\"valueName\":\"search_term_string\"}}],\"inLanguage\":\"es\"},{\"@type\":\"Person\",\"@id\":\"https:\\\/\\\/exaudi.org\\\/#\\\/schema\\\/person\\\/64e18b96fd6118559a9217b5b3375fdc\",\"name\":\"Isabel Orellana\",\"image\":{\"@type\":\"ImageObject\",\"inLanguage\":\"es\",\"@id\":\"https:\\\/\\\/secure.gravatar.com\\\/avatar\\\/51968380bbb6b22ae85c605634860366fd9a2a611c6341125115bca32cd6c171?s=96&d=mm&r=g\",\"url\":\"https:\\\/\\\/secure.gravatar.com\\\/avatar\\\/51968380bbb6b22ae85c605634860366fd9a2a611c6341125115bca32cd6c171?s=96&d=mm&r=g\",\"contentUrl\":\"https:\\\/\\\/secure.gravatar.com\\\/avatar\\\/51968380bbb6b22ae85c605634860366fd9a2a611c6341125115bca32cd6c171?s=96&d=mm&r=g\",\"caption\":\"Isabel Orellana\"},\"description\":\"Isabel Orellana Vilches Misionera idente. Doctora en Filosof\u00eda por la Universidad Aut\u00f3noma de Barcelona con la tesis Realismo y progreso cient\u00edfico en la epistemolog\u00eda popperiana. Ha cursado estudios de teolog\u00eda en la Universidad Pontificia de Salamanca. Con amplia actividad docente desde 1986, ha publicado libros como: Realismo y progreso cient\u00edfico en la epistemolog\u00eda popperiana, Universitat Aut\u00f2noma de Barcelona, 1993; El evangelio habla a los j\u00f3venes, Atenas, Madrid, 1997; Qu\u00e9 es... LA TOLERANCIA, Paulinas, Madrid, 1999; Pedagog\u00eda del dolor. Ensayo antropol\u00f3gico, Palabra, Madrid, 1999; En colaboraci\u00f3n con Enrique Rivera de Ventosa (\u2020) OFM. Cap. San Francisco de As\u00eds y Fernando Rielo: Convergencias. Respuestas desde la fe a los interrogantes del hombre de hoy, Universidad Pontificia, Salamanca, 2001; La \\\"mirada\\\" del cine. Recursos did\u00e1cticos del s\u00e9ptimo arte. Librer\u00eda Cervantes, Salamanca, 2001; Paradojas de la convivencia, San Pablo, Madrid, 2002; En la Universidad T\u00e9cnica Particular de Loja, Ecuador, ha publicado: La confianza. El arte de amar, 2002; Educar para la responsabilidad, 2003; Apuntes de \u00e9tica en Karl R. Popper, 2003; De soledades y comunicaci\u00f3n, 2005; Yo educo; t\u00fa respondes, 2008; Humanismo y fe en un crisol de culturas, 2008; Repensar lo cotidiano, 2008; Convivir: un constante desaf\u00edo, 2009; La l\u00f3gica del amor, 2010; El dolor del amor. Apuntes sobre la enfermedad y el dolor en relaci\u00f3n con la virtud heroica, el martirio y la vida santa. Seminario Diocesano de M\u00e1laga, 2006 y Universidad T\u00e9cnica Particular de Loja, Ecuador (2007). Cuenta con numerosas colaboraciones en obras colectivas, as\u00ed como relatos, cuentos, f\u00e1bula y novela juvenil, adem\u00e1s de art\u00edculos de tem\u00e1tica cient\u00edfica, pedag\u00f3gica y espiritual, que viene publicando en distintas revistas nacionales e internacionales. En 2012 culmin\u00f3 el santoral Llamados a ser santos y poco m\u00e1s tarde Epopeyas de amor prologado por mons. Fernando Sebasti\u00e1n. Es la bi\u00f3grafa oficial del fundador de su familia espiritual, autora de Fernando Rielo Pardal. Fundador de los Misioneros Identes, Descl\u00e9e de Brouwer, Bilbao, 2009. Culmina la biograf\u00eda completa. Encargada del santoral de ZENIT desde 2012 a 2020 y ahora en Exaudi\",\"url\":\"https:\\\/\\\/exaudi.org\\\/es\\\/author\\\/isabelorellana\\\/\"}]}<\/script>\n<!-- \/ Yoast SEO plugin. -->","yoast_head_json":{"title":"San Pablo de la Cruz, 19 de octubre - Exaudi Catholic News","description":"Santoral del 18 de octubre, san Pablo de la Cruz, escrito por Isabel Orellana y editado por la Fundaci\u00f3n Fernando Rielo.","robots":{"index":"index","follow":"follow","max-snippet":"max-snippet:-1","max-image-preview":"max-image-preview:large","max-video-preview":"max-video-preview:-1"},"canonical":"https:\/\/exaudi.org\/es\/san-pablo-de-la-cruz-19-octubre\/","og_locale":"es_ES","og_type":"article","og_title":"San Pablo de la Cruz, 19 de octubre - Exaudi Catholic News","og_description":"Santoral del 18 de octubre, san Pablo de la Cruz, escrito por Isabel Orellana y editado por la Fundaci\u00f3n Fernando Rielo.","og_url":"https:\/\/exaudi.org\/es\/san-pablo-de-la-cruz-19-octubre\/","og_site_name":"Exaudi","article_publisher":"https:\/\/www.facebook.com\/ExaudiNews","article_published_time":"2025-10-19T05:30:57+00:00","article_modified_time":"2025-10-20T06:45:36+00:00","og_image":[{"width":700,"height":393,"url":"https:\/\/exaudi.org\/wp-content\/uploads\/2021\/10\/San-Pablo-de-la-Cruz-700x393-1.jpg","type":"image\/jpeg"}],"author":"Isabel Orellana","twitter_card":"summary_large_image","twitter_creator":"@Exaudi_News","twitter_site":"@Exaudi_News","twitter_misc":{"Escrito por":"Isabel Orellana","Tiempo de lectura":"6 minutos"},"schema":{"@context":"https:\/\/schema.org","@graph":[{"@type":"Article","@id":"https:\/\/exaudi.org\/es\/san-pablo-de-la-cruz-19-octubre\/#article","isPartOf":{"@id":"https:\/\/exaudi.org\/es\/san-pablo-de-la-cruz-19-octubre\/"},"author":{"name":"Isabel Orellana","@id":"https:\/\/exaudi.org\/#\/schema\/person\/64e18b96fd6118559a9217b5b3375fdc"},"headline":"San Pablo de la Cruz, 19 de octubre","datePublished":"2025-10-19T05:30:57+00:00","dateModified":"2025-10-20T06:45:36+00:00","mainEntityOfPage":{"@id":"https:\/\/exaudi.org\/es\/san-pablo-de-la-cruz-19-octubre\/"},"wordCount":1185,"image":{"@id":"https:\/\/exaudi.org\/es\/san-pablo-de-la-cruz-19-octubre\/#primaryimage"},"thumbnailUrl":"https:\/\/exaudi.org\/wp-content\/uploads\/2021\/10\/San-Pablo-de-la-Cruz-700x393-1.jpg","keywords":["Isabel Orellana Vilches","San Pablo de la Cruz","Santoral","Trending"],"articleSection":["Iglesia y Mundo","Santoral"],"inLanguage":"es"},{"@type":"WebPage","@id":"https:\/\/exaudi.org\/es\/san-pablo-de-la-cruz-19-octubre\/","url":"https:\/\/exaudi.org\/es\/san-pablo-de-la-cruz-19-octubre\/","name":"San Pablo de la Cruz, 19 de octubre - Exaudi Catholic News","isPartOf":{"@id":"https:\/\/exaudi.org\/#website"},"primaryImageOfPage":{"@id":"https:\/\/exaudi.org\/es\/san-pablo-de-la-cruz-19-octubre\/#primaryimage"},"image":{"@id":"https:\/\/exaudi.org\/es\/san-pablo-de-la-cruz-19-octubre\/#primaryimage"},"thumbnailUrl":"https:\/\/exaudi.org\/wp-content\/uploads\/2021\/10\/San-Pablo-de-la-Cruz-700x393-1.jpg","datePublished":"2025-10-19T05:30:57+00:00","dateModified":"2025-10-20T06:45:36+00:00","author":{"@id":"https:\/\/exaudi.org\/#\/schema\/person\/64e18b96fd6118559a9217b5b3375fdc"},"description":"Santoral del 18 de octubre, san Pablo de la Cruz, escrito por Isabel Orellana y editado por la Fundaci\u00f3n Fernando Rielo.","breadcrumb":{"@id":"https:\/\/exaudi.org\/es\/san-pablo-de-la-cruz-19-octubre\/#breadcrumb"},"inLanguage":"es","potentialAction":[{"@type":"ReadAction","target":["https:\/\/exaudi.org\/es\/san-pablo-de-la-cruz-19-octubre\/"]}]},{"@type":"ImageObject","inLanguage":"es","@id":"https:\/\/exaudi.org\/es\/san-pablo-de-la-cruz-19-octubre\/#primaryimage","url":"https:\/\/exaudi.org\/wp-content\/uploads\/2021\/10\/San-Pablo-de-la-Cruz-700x393-1.jpg","contentUrl":"https:\/\/exaudi.org\/wp-content\/uploads\/2021\/10\/San-Pablo-de-la-Cruz-700x393-1.jpg","width":700,"height":393,"caption":"San Pablo de la Cruz \u00a9 Gaudiumpress.org"},{"@type":"BreadcrumbList","@id":"https:\/\/exaudi.org\/es\/san-pablo-de-la-cruz-19-octubre\/#breadcrumb","itemListElement":[{"@type":"ListItem","position":1,"name":"Portada","item":"https:\/\/exaudi.org\/es\/"},{"@type":"ListItem","position":2,"name":"San Pablo de la Cruz, 19 de octubre"}]},{"@type":"WebSite","@id":"https:\/\/exaudi.org\/#website","url":"https:\/\/exaudi.org\/","name":"Exaudi","description":"News","potentialAction":[{"@type":"SearchAction","target":{"@type":"EntryPoint","urlTemplate":"https:\/\/exaudi.org\/?s={search_term_string}"},"query-input":{"@type":"PropertyValueSpecification","valueRequired":true,"valueName":"search_term_string"}}],"inLanguage":"es"},{"@type":"Person","@id":"https:\/\/exaudi.org\/#\/schema\/person\/64e18b96fd6118559a9217b5b3375fdc","name":"Isabel Orellana","image":{"@type":"ImageObject","inLanguage":"es","@id":"https:\/\/secure.gravatar.com\/avatar\/51968380bbb6b22ae85c605634860366fd9a2a611c6341125115bca32cd6c171?s=96&d=mm&r=g","url":"https:\/\/secure.gravatar.com\/avatar\/51968380bbb6b22ae85c605634860366fd9a2a611c6341125115bca32cd6c171?s=96&d=mm&r=g","contentUrl":"https:\/\/secure.gravatar.com\/avatar\/51968380bbb6b22ae85c605634860366fd9a2a611c6341125115bca32cd6c171?s=96&d=mm&r=g","caption":"Isabel Orellana"},"description":"Isabel Orellana Vilches Misionera idente. Doctora en Filosof\u00eda por la Universidad Aut\u00f3noma de Barcelona con la tesis Realismo y progreso cient\u00edfico en la epistemolog\u00eda popperiana. Ha cursado estudios de teolog\u00eda en la Universidad Pontificia de Salamanca. Con amplia actividad docente desde 1986, ha publicado libros como: Realismo y progreso cient\u00edfico en la epistemolog\u00eda popperiana, Universitat Aut\u00f2noma de Barcelona, 1993; El evangelio habla a los j\u00f3venes, Atenas, Madrid, 1997; Qu\u00e9 es... LA TOLERANCIA, Paulinas, Madrid, 1999; Pedagog\u00eda del dolor. Ensayo antropol\u00f3gico, Palabra, Madrid, 1999; En colaboraci\u00f3n con Enrique Rivera de Ventosa (\u2020) OFM. Cap. San Francisco de As\u00eds y Fernando Rielo: Convergencias. Respuestas desde la fe a los interrogantes del hombre de hoy, Universidad Pontificia, Salamanca, 2001; La \"mirada\" del cine. Recursos did\u00e1cticos del s\u00e9ptimo arte. Librer\u00eda Cervantes, Salamanca, 2001; Paradojas de la convivencia, San Pablo, Madrid, 2002; En la Universidad T\u00e9cnica Particular de Loja, Ecuador, ha publicado: La confianza. El arte de amar, 2002; Educar para la responsabilidad, 2003; Apuntes de \u00e9tica en Karl R. Popper, 2003; De soledades y comunicaci\u00f3n, 2005; Yo educo; t\u00fa respondes, 2008; Humanismo y fe en un crisol de culturas, 2008; Repensar lo cotidiano, 2008; Convivir: un constante desaf\u00edo, 2009; La l\u00f3gica del amor, 2010; El dolor del amor. Apuntes sobre la enfermedad y el dolor en relaci\u00f3n con la virtud heroica, el martirio y la vida santa. Seminario Diocesano de M\u00e1laga, 2006 y Universidad T\u00e9cnica Particular de Loja, Ecuador (2007). Cuenta con numerosas colaboraciones en obras colectivas, as\u00ed como relatos, cuentos, f\u00e1bula y novela juvenil, adem\u00e1s de art\u00edculos de tem\u00e1tica cient\u00edfica, pedag\u00f3gica y espiritual, que viene publicando en distintas revistas nacionales e internacionales. En 2012 culmin\u00f3 el santoral Llamados a ser santos y poco m\u00e1s tarde Epopeyas de amor prologado por mons. Fernando Sebasti\u00e1n. Es la bi\u00f3grafa oficial del fundador de su familia espiritual, autora de Fernando Rielo Pardal. Fundador de los Misioneros Identes, Descl\u00e9e de Brouwer, Bilbao, 2009. Culmina la biograf\u00eda completa. Encargada del santoral de ZENIT desde 2012 a 2020 y ahora en Exaudi","url":"https:\/\/exaudi.org\/es\/author\/isabelorellana\/"}]}},"jetpack_featured_media_url":"https:\/\/exaudi.org\/wp-content\/uploads\/2021\/10\/San-Pablo-de-la-Cruz-700x393-1.jpg","jetpack_shortlink":"https:\/\/wp.me\/pgKjF2-9D9","_links":{"self":[{"href":"https:\/\/exaudi.org\/es\/wp-json\/wp\/v2\/posts\/37023","targetHints":{"allow":["GET"]}}],"collection":[{"href":"https:\/\/exaudi.org\/es\/wp-json\/wp\/v2\/posts"}],"about":[{"href":"https:\/\/exaudi.org\/es\/wp-json\/wp\/v2\/types\/post"}],"author":[{"embeddable":true,"href":"https:\/\/exaudi.org\/es\/wp-json\/wp\/v2\/users\/23"}],"replies":[{"embeddable":true,"href":"https:\/\/exaudi.org\/es\/wp-json\/wp\/v2\/comments?post=37023"}],"version-history":[{"count":4,"href":"https:\/\/exaudi.org\/es\/wp-json\/wp\/v2\/posts\/37023\/revisions"}],"predecessor-version":[{"id":140845,"href":"https:\/\/exaudi.org\/es\/wp-json\/wp\/v2\/posts\/37023\/revisions\/140845"}],"wp:featuredmedia":[{"embeddable":true,"href":"https:\/\/exaudi.org\/es\/wp-json\/wp\/v2\/media\/37024"}],"wp:attachment":[{"href":"https:\/\/exaudi.org\/es\/wp-json\/wp\/v2\/media?parent=37023"}],"wp:term":[{"taxonomy":"category","embeddable":true,"href":"https:\/\/exaudi.org\/es\/wp-json\/wp\/v2\/categories?post=37023"},{"taxonomy":"post_tag","embeddable":true,"href":"https:\/\/exaudi.org\/es\/wp-json\/wp\/v2\/tags?post=37023"}],"curies":[{"name":"wp","href":"https:\/\/api.w.org\/{rel}","templated":true}]}}