{"id":37008,"date":"2021-10-18T14:25:07","date_gmt":"2021-10-18T12:25:07","guid":{"rendered":"https:\/\/exaudi.wpengine.com\/?p=37008"},"modified":"2021-10-19T13:44:49","modified_gmt":"2021-10-19T11:44:49","slug":"el-papa-celebrara-misa-en-universidad-del-sagrado-corazon","status":"publish","type":"post","link":"https:\/\/exaudi.org\/es\/el-papa-celebrara-misa-en-universidad-del-sagrado-corazon\/","title":{"rendered":"El Papa celebrar\u00e1 Misa en Universidad del Sagrado Coraz\u00f3n"},"content":{"rendered":"<p>La Prefectura de la Casa Pontificia anuncia que el viernes 5 de noviembre de 2021, a las 10:30 horas, el Papa Francisco celebrar\u00e1 la Santa Misa en la sede romana de la Universidad Cat\u00f3lica del Sagrado Coraz\u00f3n con motivo del 60\u00ba aniversario de la inauguraci\u00f3n de la <a href=\"https:\/\/roma.unicatt.it\/facolta\/medicina-e-chirurgia\" target=\"_blank\" rel=\"noopener\">Facultad de Medicina y Cirug\u00eda<\/a>.<\/p>\n<p>El Papa Francisco envi\u00f3 una <a href=\"https:\/\/exaudi.wpengine.com\/es\/papa-francisco-cuidado-expresion-del-corazon\/\" target=\"_blank\" rel=\"noopener\">carta<\/a> al rector de la Universidad Cat\u00f3lica del Sagrado Coraz\u00f3n el pasado mes de julio. En ella renov\u00f3 su gratitud por la atenci\u00f3n recibida: \u201cEl cuidado es una expresi\u00f3n del coraz\u00f3n. La Universidad Cat\u00f3lica del Sagrado Coraz\u00f3n lleva en su nombre la vocaci\u00f3n de cuidar a la persona humana\u201d, escribe el Santo Padre tras su hospitalizaci\u00f3n en el Policl\u00ednico Agostino Gemelli, el pasado 4 de julio, para una operaci\u00f3n del colon.<\/p>\n<p>Francisco anima al centro educativo a seguir adelante en la \u201cpromoci\u00f3n cultural e integral de la persona humana que abre la puerta al futuro\u201d,. Asimismo, el Pont\u00edfice expres\u00f3 su gratitud y manifiesta su afecto \u201cpor la cercan\u00eda que ha experimentado, por la cordialidad genuina y solidaria que ha visto en cada rostro, por la profesionalidad de todos los que lo han atendido\u201d.<\/p>\n<p>El Obispo de Roma remarc\u00f3 tambi\u00e9n que su hospitalizaci\u00f3n en el Policl\u00ednico Agostino Gemelli, \u201ctuvo lugar precisamente en el a\u00f1o en que \u2018la Cat\u00f3lica\u2019 ha cumplido un siglo de vida, celebrando el aniversario con una frase que me ha impactado: Un siglo de futuro\u201d.<\/p>\n<h4><strong>Universidad Cat\u00f3lica del Sagrado Coraz\u00f3n<\/strong><\/h4>\n<p>Tal y como indica su p\u00e1gina web, el campus de Roma de la Universidad Cat\u00f3lica del Sagrado Coraz\u00f3n, situado en Largo Francesco Vito 1, se cre\u00f3 con el establecimiento de la Facultad de Medicina y Cirug\u00eda y el Hospital Universitario A. Gemelli adjunto.<\/p>\n<p>El fundador de la Universidad Cat\u00f3lica, el padre Agostino Gemelli, aspiraba a crear una Facultad de Medicina y Cirug\u00eda nada m\u00e1s fundar la Universidad. Las l\u00edneas b\u00e1sicas las expuso en un art\u00edculo de gran resonancia titulado \u201cPor qu\u00e9 los cat\u00f3licos italianos quieren tener una Facultad de Medicina\u201d (<em>Vita e Pensiero<\/em>, 1958) donde especificaba: \u201cLos cat\u00f3licos somos cada vez m\u00e1s conscientes de la necesidad de m\u00e9dicos que, en el ejercicio de su arte, vivan su inspiraci\u00f3n cristiana. En otras palabras, necesitamos m\u00e9dicos cuyas almas est\u00e9n educadas en la observancia de las normas dictadas por el catolicismo, y que vean en el enfermo a un hermano al que hay que ayudar\u201d.<\/p>\n","protected":false},"excerpt":{"rendered":"<p>Por el 60\u00ba aniversario de la inauguraci\u00f3n de la Facultad de Medicina y Cirug\u00eda<\/p>\n","protected":false},"author":5,"featured_media":37016,"comment_status":"open","ping_status":"open","sticky":false,"template":"","format":"standard","meta":{"_acf_changed":false,"_crdt_document":"","inline_featured_image":false,"footnotes":""},"categories":[68,298],"tags":[158,1533,4582],"class_list":["post-37008","post","type-post","status-publish","format-standard","has-post-thumbnail","hentry","category-leon-xiv","category-ultimas-noticias","tag-papa-francisco","tag-roma-es","tag-universidad-catolica-sagrado-corazon"],"acf":[],"yoast_head":"<!-- This site is optimized with the Yoast SEO plugin v27.5 - https:\/\/yoast.com\/product\/yoast-seo-wordpress\/ -->\n<title>El Papa celebrar\u00e1 Misa en Universidad del Sagrado Coraz\u00f3n &#8211; Exaudi<\/title>\n<meta name=\"description\" content=\"El Papa celebrar\u00e1 Misa en la Universidad Cat\u00f3lica del Sagrado Coraz\u00f3n por el 60\u00ba aniversario de la inauguraci\u00f3n de la Facultad de Medicina y Cirug\u00eda\" \/>\n<meta name=\"robots\" content=\"index, follow, max-snippet:-1, max-image-preview:large, max-video-preview:-1\" \/>\n<link rel=\"canonical\" href=\"https:\/\/exaudi.org\/es\/el-papa-celebrara-misa-en-universidad-del-sagrado-corazon\/\" \/>\n<meta property=\"og:locale\" content=\"es_ES\" \/>\n<meta property=\"og:type\" content=\"article\" \/>\n<meta property=\"og:title\" content=\"El Papa celebrar\u00e1 Misa en Universidad del Sagrado Coraz\u00f3n &#8211; Exaudi\" \/>\n<meta property=\"og:description\" content=\"El Papa celebrar\u00e1 Misa en la Universidad Cat\u00f3lica del Sagrado Coraz\u00f3n por el 60\u00ba aniversario de la inauguraci\u00f3n de la Facultad de Medicina y Cirug\u00eda\" \/>\n<meta property=\"og:url\" content=\"https:\/\/exaudi.org\/es\/el-papa-celebrara-misa-en-universidad-del-sagrado-corazon\/\" \/>\n<meta property=\"og:site_name\" content=\"Exaudi\" \/>\n<meta property=\"article:publisher\" content=\"https:\/\/www.facebook.com\/ExaudiNews\" \/>\n<meta property=\"article:published_time\" content=\"2021-10-18T12:25:07+00:00\" \/>\n<meta property=\"article:modified_time\" content=\"2021-10-19T11:44:49+00:00\" \/>\n<meta property=\"og:image\" content=\"https:\/\/exaudi.org\/wp-content\/uploads\/2021\/10\/Universidad-Catolica-del-Sagrado-Corazon.jpg\" \/>\n\t<meta property=\"og:image:width\" content=\"1380\" \/>\n\t<meta property=\"og:image:height\" content=\"776\" \/>\n\t<meta property=\"og:image:type\" content=\"image\/jpeg\" \/>\n<meta name=\"author\" content=\"Larissa I. L\u00f3pez\" \/>\n<meta name=\"twitter:card\" content=\"summary_large_image\" \/>\n<meta name=\"twitter:creator\" content=\"@Exaudi_News\" \/>\n<meta name=\"twitter:site\" content=\"@Exaudi_News\" \/>\n<meta name=\"twitter:label1\" content=\"Escrito por\" \/>\n\t<meta name=\"twitter:data1\" content=\"Larissa I. L\u00f3pez\" \/>\n\t<meta name=\"twitter:label2\" content=\"Tiempo de lectura\" \/>\n\t<meta name=\"twitter:data2\" content=\"2 minutos\" \/>\n<script type=\"application\/ld+json\" class=\"yoast-schema-graph\">{\"@context\":\"https:\\\/\\\/schema.org\",\"@graph\":[{\"@type\":\"Article\",\"@id\":\"https:\\\/\\\/exaudi.org\\\/es\\\/el-papa-celebrara-misa-en-universidad-del-sagrado-corazon\\\/#article\",\"isPartOf\":{\"@id\":\"https:\\\/\\\/exaudi.org\\\/es\\\/el-papa-celebrara-misa-en-universidad-del-sagrado-corazon\\\/\"},\"author\":{\"name\":\"Larissa I. L\u00f3pez\",\"@id\":\"https:\\\/\\\/exaudi.org\\\/#\\\/schema\\\/person\\\/7d2f77db033c2c0929edfab6dbe8c588\"},\"headline\":\"El Papa celebrar\u00e1 Misa en Universidad del Sagrado Coraz\u00f3n\",\"datePublished\":\"2021-10-18T12:25:07+00:00\",\"dateModified\":\"2021-10-19T11:44:49+00:00\",\"mainEntityOfPage\":{\"@id\":\"https:\\\/\\\/exaudi.org\\\/es\\\/el-papa-celebrara-misa-en-universidad-del-sagrado-corazon\\\/\"},\"wordCount\":436,\"commentCount\":0,\"image\":{\"@id\":\"https:\\\/\\\/exaudi.org\\\/es\\\/el-papa-celebrara-misa-en-universidad-del-sagrado-corazon\\\/#primaryimage\"},\"thumbnailUrl\":\"https:\\\/\\\/exaudi.org\\\/wp-content\\\/uploads\\\/2021\\\/10\\\/Universidad-Catolica-del-Sagrado-Corazon.jpg\",\"keywords\":[\"papa francisco\",\"Roma\",\"Universidad Cat\u00f3lica Sagrado Coraz\u00f3n\"],\"articleSection\":[\"Le\u00f3n XIV\",\"\u00daltimas noticias\"],\"inLanguage\":\"es\",\"potentialAction\":[{\"@type\":\"CommentAction\",\"name\":\"Comment\",\"target\":[\"https:\\\/\\\/exaudi.org\\\/es\\\/el-papa-celebrara-misa-en-universidad-del-sagrado-corazon\\\/#respond\"]}]},{\"@type\":\"WebPage\",\"@id\":\"https:\\\/\\\/exaudi.org\\\/es\\\/el-papa-celebrara-misa-en-universidad-del-sagrado-corazon\\\/\",\"url\":\"https:\\\/\\\/exaudi.org\\\/es\\\/el-papa-celebrara-misa-en-universidad-del-sagrado-corazon\\\/\",\"name\":\"El Papa celebrar\u00e1 Misa en Universidad del Sagrado Coraz\u00f3n &#8211; Exaudi\",\"isPartOf\":{\"@id\":\"https:\\\/\\\/exaudi.org\\\/#website\"},\"primaryImageOfPage\":{\"@id\":\"https:\\\/\\\/exaudi.org\\\/es\\\/el-papa-celebrara-misa-en-universidad-del-sagrado-corazon\\\/#primaryimage\"},\"image\":{\"@id\":\"https:\\\/\\\/exaudi.org\\\/es\\\/el-papa-celebrara-misa-en-universidad-del-sagrado-corazon\\\/#primaryimage\"},\"thumbnailUrl\":\"https:\\\/\\\/exaudi.org\\\/wp-content\\\/uploads\\\/2021\\\/10\\\/Universidad-Catolica-del-Sagrado-Corazon.jpg\",\"datePublished\":\"2021-10-18T12:25:07+00:00\",\"dateModified\":\"2021-10-19T11:44:49+00:00\",\"author\":{\"@id\":\"https:\\\/\\\/exaudi.org\\\/#\\\/schema\\\/person\\\/7d2f77db033c2c0929edfab6dbe8c588\"},\"description\":\"El Papa celebrar\u00e1 Misa en la Universidad Cat\u00f3lica del Sagrado Coraz\u00f3n por el 60\u00ba aniversario de la inauguraci\u00f3n de la Facultad de Medicina y Cirug\u00eda\",\"breadcrumb\":{\"@id\":\"https:\\\/\\\/exaudi.org\\\/es\\\/el-papa-celebrara-misa-en-universidad-del-sagrado-corazon\\\/#breadcrumb\"},\"inLanguage\":\"es\",\"potentialAction\":[{\"@type\":\"ReadAction\",\"target\":[\"https:\\\/\\\/exaudi.org\\\/es\\\/el-papa-celebrara-misa-en-universidad-del-sagrado-corazon\\\/\"]}]},{\"@type\":\"ImageObject\",\"inLanguage\":\"es\",\"@id\":\"https:\\\/\\\/exaudi.org\\\/es\\\/el-papa-celebrara-misa-en-universidad-del-sagrado-corazon\\\/#primaryimage\",\"url\":\"https:\\\/\\\/exaudi.org\\\/wp-content\\\/uploads\\\/2021\\\/10\\\/Universidad-Catolica-del-Sagrado-Corazon.jpg\",\"contentUrl\":\"https:\\\/\\\/exaudi.org\\\/wp-content\\\/uploads\\\/2021\\\/10\\\/Universidad-Catolica-del-Sagrado-Corazon.jpg\",\"width\":1380,\"height\":776,\"caption\":\"\u00a9 Universidad Cat\u00f3lica del Sagrado Coraz\u00f3n\"},{\"@type\":\"BreadcrumbList\",\"@id\":\"https:\\\/\\\/exaudi.org\\\/es\\\/el-papa-celebrara-misa-en-universidad-del-sagrado-corazon\\\/#breadcrumb\",\"itemListElement\":[{\"@type\":\"ListItem\",\"position\":1,\"name\":\"Portada\",\"item\":\"https:\\\/\\\/exaudi.org\\\/es\\\/\"},{\"@type\":\"ListItem\",\"position\":2,\"name\":\"El Papa celebrar\u00e1 Misa en Universidad del Sagrado Coraz\u00f3n\"}]},{\"@type\":\"WebSite\",\"@id\":\"https:\\\/\\\/exaudi.org\\\/#website\",\"url\":\"https:\\\/\\\/exaudi.org\\\/\",\"name\":\"Exaudi\",\"description\":\"News\",\"potentialAction\":[{\"@type\":\"SearchAction\",\"target\":{\"@type\":\"EntryPoint\",\"urlTemplate\":\"https:\\\/\\\/exaudi.org\\\/?s={search_term_string}\"},\"query-input\":{\"@type\":\"PropertyValueSpecification\",\"valueRequired\":true,\"valueName\":\"search_term_string\"}}],\"inLanguage\":\"es\"},{\"@type\":\"Person\",\"@id\":\"https:\\\/\\\/exaudi.org\\\/#\\\/schema\\\/person\\\/7d2f77db033c2c0929edfab6dbe8c588\",\"name\":\"Larissa I. L\u00f3pez\",\"image\":{\"@type\":\"ImageObject\",\"inLanguage\":\"es\",\"@id\":\"https:\\\/\\\/secure.gravatar.com\\\/avatar\\\/db3ef399ff343d0bb9d25dc5198bc8ece5ac6d621eca79876697a354dabc1e3f?s=96&d=mm&r=g\",\"url\":\"https:\\\/\\\/secure.gravatar.com\\\/avatar\\\/db3ef399ff343d0bb9d25dc5198bc8ece5ac6d621eca79876697a354dabc1e3f?s=96&d=mm&r=g\",\"contentUrl\":\"https:\\\/\\\/secure.gravatar.com\\\/avatar\\\/db3ef399ff343d0bb9d25dc5198bc8ece5ac6d621eca79876697a354dabc1e3f?s=96&d=mm&r=g\",\"caption\":\"Larissa I. L\u00f3pez\"},\"description\":\"Doctora en Comunicaci\u00f3n. Mi trayectoria profesional ha transcurrido entre el \u00e1mbito de la comunicaci\u00f3n y el de la docencia. En los \u00faltimos a\u00f1os, he trabajado como coordinadora y redactora de la edici\u00f3n de ZENIT en espa\u00f1ol. Como profesora, he impartido clases en la universidad y en centros de FP y bachillerato. Cordobesa de nacimiento, tambi\u00e9n he vivido en Sevilla, Madrid y Roma\",\"url\":\"https:\\\/\\\/exaudi.org\\\/es\\\/author\\\/llopezexaudi-org\\\/\"}]}<\/script>\n<!-- \/ Yoast SEO plugin. -->","yoast_head_json":{"title":"El Papa celebrar\u00e1 Misa en Universidad del Sagrado Coraz\u00f3n &#8211; Exaudi","description":"El Papa celebrar\u00e1 Misa en la Universidad Cat\u00f3lica del Sagrado Coraz\u00f3n por el 60\u00ba aniversario de la inauguraci\u00f3n de la Facultad de Medicina y Cirug\u00eda","robots":{"index":"index","follow":"follow","max-snippet":"max-snippet:-1","max-image-preview":"max-image-preview:large","max-video-preview":"max-video-preview:-1"},"canonical":"https:\/\/exaudi.org\/es\/el-papa-celebrara-misa-en-universidad-del-sagrado-corazon\/","og_locale":"es_ES","og_type":"article","og_title":"El Papa celebrar\u00e1 Misa en Universidad del Sagrado Coraz\u00f3n &#8211; Exaudi","og_description":"El Papa celebrar\u00e1 Misa en la Universidad Cat\u00f3lica del Sagrado Coraz\u00f3n por el 60\u00ba aniversario de la inauguraci\u00f3n de la Facultad de Medicina y Cirug\u00eda","og_url":"https:\/\/exaudi.org\/es\/el-papa-celebrara-misa-en-universidad-del-sagrado-corazon\/","og_site_name":"Exaudi","article_publisher":"https:\/\/www.facebook.com\/ExaudiNews","article_published_time":"2021-10-18T12:25:07+00:00","article_modified_time":"2021-10-19T11:44:49+00:00","og_image":[{"width":1380,"height":776,"url":"https:\/\/exaudi.org\/wp-content\/uploads\/2021\/10\/Universidad-Catolica-del-Sagrado-Corazon.jpg","type":"image\/jpeg"}],"author":"Larissa I. L\u00f3pez","twitter_card":"summary_large_image","twitter_creator":"@Exaudi_News","twitter_site":"@Exaudi_News","twitter_misc":{"Escrito por":"Larissa I. L\u00f3pez","Tiempo de lectura":"2 minutos"},"schema":{"@context":"https:\/\/schema.org","@graph":[{"@type":"Article","@id":"https:\/\/exaudi.org\/es\/el-papa-celebrara-misa-en-universidad-del-sagrado-corazon\/#article","isPartOf":{"@id":"https:\/\/exaudi.org\/es\/el-papa-celebrara-misa-en-universidad-del-sagrado-corazon\/"},"author":{"name":"Larissa I. L\u00f3pez","@id":"https:\/\/exaudi.org\/#\/schema\/person\/7d2f77db033c2c0929edfab6dbe8c588"},"headline":"El Papa celebrar\u00e1 Misa en Universidad del Sagrado Coraz\u00f3n","datePublished":"2021-10-18T12:25:07+00:00","dateModified":"2021-10-19T11:44:49+00:00","mainEntityOfPage":{"@id":"https:\/\/exaudi.org\/es\/el-papa-celebrara-misa-en-universidad-del-sagrado-corazon\/"},"wordCount":436,"commentCount":0,"image":{"@id":"https:\/\/exaudi.org\/es\/el-papa-celebrara-misa-en-universidad-del-sagrado-corazon\/#primaryimage"},"thumbnailUrl":"https:\/\/exaudi.org\/wp-content\/uploads\/2021\/10\/Universidad-Catolica-del-Sagrado-Corazon.jpg","keywords":["papa francisco","Roma","Universidad Cat\u00f3lica Sagrado Coraz\u00f3n"],"articleSection":["Le\u00f3n XIV","\u00daltimas noticias"],"inLanguage":"es","potentialAction":[{"@type":"CommentAction","name":"Comment","target":["https:\/\/exaudi.org\/es\/el-papa-celebrara-misa-en-universidad-del-sagrado-corazon\/#respond"]}]},{"@type":"WebPage","@id":"https:\/\/exaudi.org\/es\/el-papa-celebrara-misa-en-universidad-del-sagrado-corazon\/","url":"https:\/\/exaudi.org\/es\/el-papa-celebrara-misa-en-universidad-del-sagrado-corazon\/","name":"El Papa celebrar\u00e1 Misa en Universidad del Sagrado Coraz\u00f3n &#8211; Exaudi","isPartOf":{"@id":"https:\/\/exaudi.org\/#website"},"primaryImageOfPage":{"@id":"https:\/\/exaudi.org\/es\/el-papa-celebrara-misa-en-universidad-del-sagrado-corazon\/#primaryimage"},"image":{"@id":"https:\/\/exaudi.org\/es\/el-papa-celebrara-misa-en-universidad-del-sagrado-corazon\/#primaryimage"},"thumbnailUrl":"https:\/\/exaudi.org\/wp-content\/uploads\/2021\/10\/Universidad-Catolica-del-Sagrado-Corazon.jpg","datePublished":"2021-10-18T12:25:07+00:00","dateModified":"2021-10-19T11:44:49+00:00","author":{"@id":"https:\/\/exaudi.org\/#\/schema\/person\/7d2f77db033c2c0929edfab6dbe8c588"},"description":"El Papa celebrar\u00e1 Misa en la Universidad Cat\u00f3lica del Sagrado Coraz\u00f3n por el 60\u00ba aniversario de la inauguraci\u00f3n de la Facultad de Medicina y Cirug\u00eda","breadcrumb":{"@id":"https:\/\/exaudi.org\/es\/el-papa-celebrara-misa-en-universidad-del-sagrado-corazon\/#breadcrumb"},"inLanguage":"es","potentialAction":[{"@type":"ReadAction","target":["https:\/\/exaudi.org\/es\/el-papa-celebrara-misa-en-universidad-del-sagrado-corazon\/"]}]},{"@type":"ImageObject","inLanguage":"es","@id":"https:\/\/exaudi.org\/es\/el-papa-celebrara-misa-en-universidad-del-sagrado-corazon\/#primaryimage","url":"https:\/\/exaudi.org\/wp-content\/uploads\/2021\/10\/Universidad-Catolica-del-Sagrado-Corazon.jpg","contentUrl":"https:\/\/exaudi.org\/wp-content\/uploads\/2021\/10\/Universidad-Catolica-del-Sagrado-Corazon.jpg","width":1380,"height":776,"caption":"\u00a9 Universidad Cat\u00f3lica del Sagrado Coraz\u00f3n"},{"@type":"BreadcrumbList","@id":"https:\/\/exaudi.org\/es\/el-papa-celebrara-misa-en-universidad-del-sagrado-corazon\/#breadcrumb","itemListElement":[{"@type":"ListItem","position":1,"name":"Portada","item":"https:\/\/exaudi.org\/es\/"},{"@type":"ListItem","position":2,"name":"El Papa celebrar\u00e1 Misa en Universidad del Sagrado Coraz\u00f3n"}]},{"@type":"WebSite","@id":"https:\/\/exaudi.org\/#website","url":"https:\/\/exaudi.org\/","name":"Exaudi","description":"News","potentialAction":[{"@type":"SearchAction","target":{"@type":"EntryPoint","urlTemplate":"https:\/\/exaudi.org\/?s={search_term_string}"},"query-input":{"@type":"PropertyValueSpecification","valueRequired":true,"valueName":"search_term_string"}}],"inLanguage":"es"},{"@type":"Person","@id":"https:\/\/exaudi.org\/#\/schema\/person\/7d2f77db033c2c0929edfab6dbe8c588","name":"Larissa I. L\u00f3pez","image":{"@type":"ImageObject","inLanguage":"es","@id":"https:\/\/secure.gravatar.com\/avatar\/db3ef399ff343d0bb9d25dc5198bc8ece5ac6d621eca79876697a354dabc1e3f?s=96&d=mm&r=g","url":"https:\/\/secure.gravatar.com\/avatar\/db3ef399ff343d0bb9d25dc5198bc8ece5ac6d621eca79876697a354dabc1e3f?s=96&d=mm&r=g","contentUrl":"https:\/\/secure.gravatar.com\/avatar\/db3ef399ff343d0bb9d25dc5198bc8ece5ac6d621eca79876697a354dabc1e3f?s=96&d=mm&r=g","caption":"Larissa I. L\u00f3pez"},"description":"Doctora en Comunicaci\u00f3n. Mi trayectoria profesional ha transcurrido entre el \u00e1mbito de la comunicaci\u00f3n y el de la docencia. En los \u00faltimos a\u00f1os, he trabajado como coordinadora y redactora de la edici\u00f3n de ZENIT en espa\u00f1ol. Como profesora, he impartido clases en la universidad y en centros de FP y bachillerato. Cordobesa de nacimiento, tambi\u00e9n he vivido en Sevilla, Madrid y Roma","url":"https:\/\/exaudi.org\/es\/author\/llopezexaudi-org\/"}]}},"jetpack_featured_media_url":"https:\/\/exaudi.org\/wp-content\/uploads\/2021\/10\/Universidad-Catolica-del-Sagrado-Corazon.jpg","jetpack_shortlink":"https:\/\/wp.me\/pgKjF2-9CU","_links":{"self":[{"href":"https:\/\/exaudi.org\/es\/wp-json\/wp\/v2\/posts\/37008","targetHints":{"allow":["GET"]}}],"collection":[{"href":"https:\/\/exaudi.org\/es\/wp-json\/wp\/v2\/posts"}],"about":[{"href":"https:\/\/exaudi.org\/es\/wp-json\/wp\/v2\/types\/post"}],"author":[{"embeddable":true,"href":"https:\/\/exaudi.org\/es\/wp-json\/wp\/v2\/users\/5"}],"replies":[{"embeddable":true,"href":"https:\/\/exaudi.org\/es\/wp-json\/wp\/v2\/comments?post=37008"}],"version-history":[{"count":0,"href":"https:\/\/exaudi.org\/es\/wp-json\/wp\/v2\/posts\/37008\/revisions"}],"wp:featuredmedia":[{"embeddable":true,"href":"https:\/\/exaudi.org\/es\/wp-json\/wp\/v2\/media\/37016"}],"wp:attachment":[{"href":"https:\/\/exaudi.org\/es\/wp-json\/wp\/v2\/media?parent=37008"}],"wp:term":[{"taxonomy":"category","embeddable":true,"href":"https:\/\/exaudi.org\/es\/wp-json\/wp\/v2\/categories?post=37008"},{"taxonomy":"post_tag","embeddable":true,"href":"https:\/\/exaudi.org\/es\/wp-json\/wp\/v2\/tags?post=37008"}],"curies":[{"name":"wp","href":"https:\/\/api.w.org\/{rel}","templated":true}]}}