{"id":36990,"date":"2021-10-18T13:56:58","date_gmt":"2021-10-18T11:56:58","guid":{"rendered":"https:\/\/exaudi.wpengine.com\/?p=36990"},"modified":"2021-10-18T13:59:50","modified_gmt":"2021-10-18T11:59:50","slug":"francisco-anteponer-enfermo-enfermedad","status":"publish","type":"post","link":"https:\/\/exaudi.org\/es\/francisco-anteponer-enfermo-enfermedad\/","title":{"rendered":"Francisco: \u201cAnteponer el enfermo a la enfermedad\u201d"},"content":{"rendered":"<p>Esta ma\u00f1ana, 18 de octubre de 2021, el <a href=\"https:\/\/exaudi.wpengine.com\/es\/papa-gloria-dios-amor-servicio\/\" target=\"_blank\" rel=\"noopener\">Papa Francisco<\/a> se ha reunido en el Vaticano con los miembros de la Fundaci\u00f3n Universitaria del Campus Biom\u00e9dico de Roma, a los que ha dicho que \u201canteponer el enfermo a la enfermedad es esencial en todos los campos de la medicina; es fundamental para que el tratamiento sea verdaderamente integral, verdaderamente humano. El enfermo antes que la enfermedad\u201d.<\/p>\n<h4><strong>Centrarse en la persona<\/strong><\/h4>\n<p>Al comienzo de su argumentaci\u00f3n, el Santo Padre ha expresado que la sanidad p\u00fablica est\u00e1 llamada a \u201ctestimoniar con hechos que no hay vidas indignas o que descartar porque no responden al criterio de la utilidad o a las exigencias del beneficio\u201d. Vivimos, explica,\u00a0\u201cuna verdadera cultura del descarte\u201d, y \u201ctodo centro sanitario, en particular los de inspiraci\u00f3n cristiana, deber\u00eda ser un lugar donde se practica el cuidado de la persona\u201d.<\/p>\n<p>Hay que centrase, indica, \u201cen la atenci\u00f3n al individuo, sin olvidar la importancia de la ciencia y la investigaci\u00f3n. Porque el cuidado sin la ciencia es vano, al igual que la ciencia sin el cuidado es est\u00e9ril. Los dos van juntos, y s\u00f3lo juntos hacen de la medicina un arte, un arte que implica cabeza y coraz\u00f3n, que combina conocimiento y compasi\u00f3n, profesionalidad y piedad, competencia y empat\u00eda\u201d.<\/p>\n<h4><strong>Necesidad del enfermo<\/strong><\/h4>\n<p>El Pont\u00edfice ha relatado que que \u201ca menudo se persiguen los caminos rentables del beneficio, olvidando\u00a0 que antes de las oportunidades de ganancias est\u00e1n las necesidades de los enfermos que evolucionan constantemente, por lo que hay que estar preparados para hacer frente a patolog\u00edas y afecciones siempre nuevas\u201d. Y pone el ejemplo de \u201cmuchas personas mayores y las relacionadas con tantas enfermedades raras, que no se sabe lo que son, todav\u00eda no hay investigaciones para entenderlas\u201d.<\/p>\n<p>Es hermoso, contin\u00faa, \u201cpoder hacer frente a mayores emergencias con aperturas cada vez m\u00e1s grandes. Y es importante hacerlo juntos. Hago hincapi\u00e9 en esta sencilla pero dif\u00edcil palabra: juntos. La pandemia nos ha mostrado la importancia de conectarnos, de colaborar, de abordar unidos los problemas comunes. La sanidad, en particular la cat\u00f3lica, necesita y necesitar\u00e1 cada vez m\u00e1s esto, estar en red, que es una forma de expresar el conjunto\u201d.<\/p>\n<p>Y concluye aclarando sobre las vacunas que \u201ces urgente ayudar a los pa\u00edses que tienen menos, pero hay que hacerlo con planes de largo alcance, no s\u00f3lo motivados por la prisa de las naciones ricas por ser m\u00e1s seguras. Los medicamentos deben distribuirse con dignidad, no como limosnas piadosas. Para hacer un bien real, necesitamos promover la ciencia y su aplicaci\u00f3n integral: entender los contextos, enraizar los tratamientos, fomentar la cultura sanitaria\u201d.<\/p>\n<div>\n<p>A continuaci\u00f3n, sigue el discurso completo de Su Santidad, ofrecido por la <a href=\"https:\/\/www.vatican.va\/news_services\/press\/index_sp.htm\" target=\"_blank\" rel=\"noopener\">Oficina de Prensa de la Santa Sede.<\/a><\/p>\n<p>***<\/p>\n<h4><strong>Discurso del Papa Francisco<\/strong><\/h4>\n<p>Queridos hermanos y hermanas,<\/p>\n<p>Os doy la bienvenida y os agradezco vuestra presencia y el regalo. Agradezco al profesor Paolo Arullani, Presidente de la Fundaci\u00f3n, las palabras que me ha dirigido en nombre vuestro. Es un placer conoceros en persona en el mismo d\u00eda en que celebramos a San Lucas, a quien el ap\u00f3stol Pablo llama \u201cel querido m\u00e9dico\u201d (Col\u00a04,14).<\/p>\n<p>He aceptado de buen grado la propuesta de encontraros por lo que s\u00e9 del Campus Biom\u00e9dico de Roma. S\u00e9 lo dif\u00edcil que es hoy en d\u00eda llevar a cabo un trabajo en el \u00e1mbito de la sanidad, sobre todo cuando, como en su policl\u00ednico, no s\u00f3lo se apuesta por la asistencia, sino tambi\u00e9n por la investigaci\u00f3n para proporcionar a los pacientes las terapias m\u00e1s adecuadas, y sobre todo se hace con amor a la persona. Anteponer el enfermo a la enfermedad es esencial en todos los campos de la medicina; es fundamental para que el tratamiento sea verdaderamente integral, verdaderamente humano. El enfermo antes que la enfermedad. A esto os anim\u00f3 el beato \u00c1lvaro del Portillo a poneros cada d\u00eda al servicio de la persona humana en su totalidad. Os doy las gracias por esto, es muy agradable a Dios.<\/p>\n<p>La centralidad de la persona, que es la base de vuestro compromiso con la asistencia, pero tambi\u00e9n con la docencia y la investigaci\u00f3n, os ayuda a fortalecer una visi\u00f3n unitaria y sin\u00e9rgica. Una visi\u00f3n que no pone en primer lugar las ideas, las t\u00e9cnicas y los proyectos, sino al hombre concreto, al paciente, al que hay que cuidar sabiendo su historia, conociendo su experiencia, estableciendo relaciones amistosas que sanan el coraz\u00f3n. El amor al hombre, especialmente en su condici\u00f3n de fragilidad, en el que brilla la imagen de Jes\u00fas Crucificado, es espec\u00edfico de una realidad cristiana y no debe perderse nunca.<\/p>\n<p>La Fundaci\u00f3n y el Campus Bio-M\u00e9dico, y la sanidad cat\u00f3lica en general, est\u00e1n llamados a testimoniar con hechos que no hay vidas indignas o que descartar porque no responden al criterio de la utilidad o a las exigencias del beneficio. Vivimos una verdadera cultura del descarte; es, un poco, el aire que se respira y tenemos que reaccionar contra esta cultura del descarte. Todo centro sanitario, en particular los de inspiraci\u00f3n cristiana, deber\u00eda ser un lugar donde se practica el cuidado de la persona y donde se puede decir: \u201cAqu\u00ed no se ven s\u00f3lo m\u00e9dicos y enfermos, sino personas que se acogen y se ayudan mutuamente: aqu\u00ed se puede experimentar la terapia de la dignidad humana\u201d\u00a0que nunca puede negociarse y que hay que defender siempre.<\/p>\n<p>Hay que centrarse, pues, en la atenci\u00f3n al individuo, sin olvidar la importancia de la ciencia y la investigaci\u00f3n. Porque el cuidado sin la ciencia es vano, al igual que la ciencia sin el cuidado es est\u00e9ril. Los dos van juntos, y s\u00f3lo juntos hacen de la medicina un arte, un arte que implica cabeza y coraz\u00f3n, que combina conocimiento y compasi\u00f3n, profesionalidad y piedad, competencia y empat\u00eda.<\/p>\n<p>Queridos amigos, gracias por favorecer el desarrollo humano de la investigaci\u00f3n. Desgraciadamente, a menudo se persiguen los caminos rentables del beneficio, olvidando\u00a0 que antes de las oportunidades de ganancias est\u00e1n las necesidades de los enfermos que evolucionan constantemente, por lo que hay que estar preparados para hacer frente a patolog\u00edas y afecciones siempre nuevas. Tengo en mente, entre otras, las de muchas personas mayores y las relacionadas con tantas enfermedades raras, que no se sabe lo que son, todav\u00eda no hay investigaciones para entenderlas\u2026 Adem\u00e1s de promover la investigaci\u00f3n, ayud\u00e1is\u00a0 a quienes carecen de medios econ\u00f3micos para pagar la educaci\u00f3n universitaria y hac\u00e9is frente a gastos considerables que el presupuesto ordinario no puede sostener. Pienso, en particular, en los esfuerzos que ya realizados para el Centro Covid, la sala de urgencias y el reciente proyecto de hospicio.<\/p>\n<p>Todo esto es muy bueno, es hermoso poder hacer frente a mayores emergencias con aperturas cada vez m\u00e1s grandes.\u00a0 Y es importante hacerlo juntos. Hago hincapi\u00e9 en esta sencilla pero dif\u00edcil palabra: juntos. La pandemia nos ha mostrado la importancia de conectarnos, de colaborar, de abordar unidos los problemas comunes. La sanidad, en particular la cat\u00f3lica, necesita y necesitar\u00e1 cada vez m\u00e1s esto,\u00a0estar en red, que es una forma de expresar el conjunto. Ya no es tiempo de seguir el propio carisma de forma aislada. La caridad requiere el don: el saber se comparte, la competencia se intercambia, la ciencia se pone en com\u00fan.<\/p>\n<p>La ciencia -digo-, no s\u00f3lo los productos de la ciencia que, si se ofrecen solos, siguen siendo tiritas capaces de taponar el mal pero no de curarlo en profundidad. Esto se aplica a las vacunas, por ejemplo: es urgente\u00a0 ayudar a los pa\u00edses que tienen menos, pero hay que hacerlo con planes de largo alcance, no s\u00f3lo motivados por la prisa de las naciones ricas por ser m\u00e1s seguras. Los medicamentos deben distribuirse con dignidad, no como limosnas piadosas. Para hacer un bien real, necesitamos promover la ciencia y su aplicaci\u00f3n integral: entender los contextos, enraizar\u00a0los tratamientos, fomentar la\u00a0cultura sanitaria. No es f\u00e1cil, es una verdadera misi\u00f3n, y espero que la sanidad cat\u00f3lica sea cada vez m\u00e1s activa en este sentido, como expresi\u00f3n de una Iglesia extrovertida, de una Iglesia en salida.<\/p>\n<p>Os animo a seguir en esta direcci\u00f3n, acogiendo vuestro trabajo como un servicio a las inspiraciones y sorpresas del Esp\u00edritu, que en el camino os hace encontrar tantas situaciones necesitadas de cercan\u00eda y compasi\u00f3n. Rezo por vosotros, renuevo mi gratitud y os doy la bendici\u00f3n. Y os pido, por favor, que sig\u00e1is rezando por m\u00ed. Gracias.<\/p>\n<\/div>\n<p><strong>\u00a9 Librer\u00eda Editora Vaticana<\/strong><\/p>\n","protected":false},"excerpt":{"rendered":"<p>Discurso a los miembros del Campus Biom\u00e9dico de Roma<\/p>\n","protected":false},"author":6,"featured_media":37004,"comment_status":"closed","ping_status":"closed","sticky":false,"template":"","format":"standard","meta":{"_acf_changed":false,"_crdt_document":"","inline_featured_image":false,"footnotes":""},"categories":[124],"tags":[2419,440,158,4578],"class_list":["post-36990","post","type-post","status-publish","format-standard","has-post-thumbnail","hentry","category-discursos","tag-featured","tag-iglesia","tag-papa-francisco","tag-sanidad"],"acf":[],"yoast_head":"<!-- This site is optimized with the Yoast SEO plugin v27.4 - https:\/\/yoast.com\/product\/yoast-seo-wordpress\/ -->\n<title>Francisco: \u201cAnteponer el enfermo a la enfermedad\u201d &#8211; Exaudi<\/title>\n<meta name=\"description\" content=\"En su discurso a los miembros del Campus Biom\u00e9dico de Roma, Francisco ha llamado a la necesidad de anteponer el enfermo a la enfermedad.\" \/>\n<meta name=\"robots\" content=\"index, follow, max-snippet:-1, max-image-preview:large, max-video-preview:-1\" \/>\n<link rel=\"canonical\" href=\"https:\/\/exaudi.org\/es\/francisco-anteponer-enfermo-enfermedad\/\" \/>\n<meta property=\"og:locale\" content=\"es_ES\" \/>\n<meta property=\"og:type\" content=\"article\" \/>\n<meta property=\"og:title\" content=\"Francisco: \u201cAnteponer el enfermo a la enfermedad\u201d &#8211; Exaudi\" \/>\n<meta property=\"og:description\" content=\"En su discurso a los miembros del Campus Biom\u00e9dico de Roma, Francisco ha llamado a la necesidad de anteponer el enfermo a la enfermedad.\" \/>\n<meta property=\"og:url\" content=\"https:\/\/exaudi.org\/es\/francisco-anteponer-enfermo-enfermedad\/\" \/>\n<meta property=\"og:site_name\" content=\"Exaudi\" \/>\n<meta property=\"article:publisher\" content=\"https:\/\/www.facebook.com\/ExaudiNews\" \/>\n<meta property=\"article:published_time\" content=\"2021-10-18T11:56:58+00:00\" \/>\n<meta property=\"article:modified_time\" content=\"2021-10-18T11:59:50+00:00\" \/>\n<meta property=\"og:image\" content=\"https:\/\/exaudi.org\/wp-content\/uploads\/2021\/10\/645465f4dsf.jpeg\" \/>\n\t<meta property=\"og:image:width\" content=\"1448\" \/>\n\t<meta property=\"og:image:height\" content=\"815\" \/>\n\t<meta property=\"og:image:type\" content=\"image\/jpeg\" \/>\n<meta name=\"author\" content=\"Gabriel Sales\" \/>\n<meta name=\"twitter:card\" content=\"summary_large_image\" \/>\n<meta name=\"twitter:creator\" content=\"@habemusman\" \/>\n<meta name=\"twitter:site\" content=\"@Exaudi_News\" \/>\n<meta name=\"twitter:label1\" content=\"Escrito por\" \/>\n\t<meta name=\"twitter:data1\" content=\"Gabriel Sales\" \/>\n\t<meta name=\"twitter:label2\" content=\"Tiempo de lectura\" \/>\n\t<meta name=\"twitter:data2\" content=\"7 minutos\" \/>\n<script type=\"application\/ld+json\" class=\"yoast-schema-graph\">{\"@context\":\"https:\\\/\\\/schema.org\",\"@graph\":[{\"@type\":\"Article\",\"@id\":\"https:\\\/\\\/exaudi.org\\\/es\\\/francisco-anteponer-enfermo-enfermedad\\\/#article\",\"isPartOf\":{\"@id\":\"https:\\\/\\\/exaudi.org\\\/es\\\/francisco-anteponer-enfermo-enfermedad\\\/\"},\"author\":{\"name\":\"Gabriel Sales\",\"@id\":\"https:\\\/\\\/exaudi.org\\\/#\\\/schema\\\/person\\\/d134b96438278131ce90c90c03fda6cd\"},\"headline\":\"Francisco: \u201cAnteponer el enfermo a la enfermedad\u201d\",\"datePublished\":\"2021-10-18T11:56:58+00:00\",\"dateModified\":\"2021-10-18T11:59:50+00:00\",\"mainEntityOfPage\":{\"@id\":\"https:\\\/\\\/exaudi.org\\\/es\\\/francisco-anteponer-enfermo-enfermedad\\\/\"},\"wordCount\":1486,\"image\":{\"@id\":\"https:\\\/\\\/exaudi.org\\\/es\\\/francisco-anteponer-enfermo-enfermedad\\\/#primaryimage\"},\"thumbnailUrl\":\"https:\\\/\\\/exaudi.org\\\/wp-content\\\/uploads\\\/2021\\\/10\\\/645465f4dsf.jpeg\",\"keywords\":[\"Featured\",\"Iglesia\",\"papa francisco\",\"Sanidad\"],\"articleSection\":[\"Discursos\"],\"inLanguage\":\"es\"},{\"@type\":\"WebPage\",\"@id\":\"https:\\\/\\\/exaudi.org\\\/es\\\/francisco-anteponer-enfermo-enfermedad\\\/\",\"url\":\"https:\\\/\\\/exaudi.org\\\/es\\\/francisco-anteponer-enfermo-enfermedad\\\/\",\"name\":\"Francisco: \u201cAnteponer el enfermo a la enfermedad\u201d &#8211; Exaudi\",\"isPartOf\":{\"@id\":\"https:\\\/\\\/exaudi.org\\\/#website\"},\"primaryImageOfPage\":{\"@id\":\"https:\\\/\\\/exaudi.org\\\/es\\\/francisco-anteponer-enfermo-enfermedad\\\/#primaryimage\"},\"image\":{\"@id\":\"https:\\\/\\\/exaudi.org\\\/es\\\/francisco-anteponer-enfermo-enfermedad\\\/#primaryimage\"},\"thumbnailUrl\":\"https:\\\/\\\/exaudi.org\\\/wp-content\\\/uploads\\\/2021\\\/10\\\/645465f4dsf.jpeg\",\"datePublished\":\"2021-10-18T11:56:58+00:00\",\"dateModified\":\"2021-10-18T11:59:50+00:00\",\"author\":{\"@id\":\"https:\\\/\\\/exaudi.org\\\/#\\\/schema\\\/person\\\/d134b96438278131ce90c90c03fda6cd\"},\"description\":\"En su discurso a los miembros del Campus Biom\u00e9dico de Roma, Francisco ha llamado a la necesidad de anteponer el enfermo a la enfermedad.\",\"breadcrumb\":{\"@id\":\"https:\\\/\\\/exaudi.org\\\/es\\\/francisco-anteponer-enfermo-enfermedad\\\/#breadcrumb\"},\"inLanguage\":\"es\",\"potentialAction\":[{\"@type\":\"ReadAction\",\"target\":[\"https:\\\/\\\/exaudi.org\\\/es\\\/francisco-anteponer-enfermo-enfermedad\\\/\"]}]},{\"@type\":\"ImageObject\",\"inLanguage\":\"es\",\"@id\":\"https:\\\/\\\/exaudi.org\\\/es\\\/francisco-anteponer-enfermo-enfermedad\\\/#primaryimage\",\"url\":\"https:\\\/\\\/exaudi.org\\\/wp-content\\\/uploads\\\/2021\\\/10\\\/645465f4dsf.jpeg\",\"contentUrl\":\"https:\\\/\\\/exaudi.org\\\/wp-content\\\/uploads\\\/2021\\\/10\\\/645465f4dsf.jpeg\",\"width\":1448,\"height\":815,\"caption\":\"Audiencia Campus Biom\u00e9dico de Roma \u00a9 Vatican Media\"},{\"@type\":\"BreadcrumbList\",\"@id\":\"https:\\\/\\\/exaudi.org\\\/es\\\/francisco-anteponer-enfermo-enfermedad\\\/#breadcrumb\",\"itemListElement\":[{\"@type\":\"ListItem\",\"position\":1,\"name\":\"Portada\",\"item\":\"https:\\\/\\\/exaudi.org\\\/es\\\/\"},{\"@type\":\"ListItem\",\"position\":2,\"name\":\"Francisco: \u201cAnteponer el enfermo a la enfermedad\u201d\"}]},{\"@type\":\"WebSite\",\"@id\":\"https:\\\/\\\/exaudi.org\\\/#website\",\"url\":\"https:\\\/\\\/exaudi.org\\\/\",\"name\":\"Exaudi\",\"description\":\"News\",\"potentialAction\":[{\"@type\":\"SearchAction\",\"target\":{\"@type\":\"EntryPoint\",\"urlTemplate\":\"https:\\\/\\\/exaudi.org\\\/?s={search_term_string}\"},\"query-input\":{\"@type\":\"PropertyValueSpecification\",\"valueRequired\":true,\"valueName\":\"search_term_string\"}}],\"inLanguage\":\"es\"},{\"@type\":\"Person\",\"@id\":\"https:\\\/\\\/exaudi.org\\\/#\\\/schema\\\/person\\\/d134b96438278131ce90c90c03fda6cd\",\"name\":\"Gabriel Sales\",\"image\":{\"@type\":\"ImageObject\",\"inLanguage\":\"es\",\"@id\":\"https:\\\/\\\/secure.gravatar.com\\\/avatar\\\/9b1269566f6a063ed26ffb3532b66a373cdde231ce5d0effb266167437fdaffd?s=96&d=mm&r=g\",\"url\":\"https:\\\/\\\/secure.gravatar.com\\\/avatar\\\/9b1269566f6a063ed26ffb3532b66a373cdde231ce5d0effb266167437fdaffd?s=96&d=mm&r=g\",\"contentUrl\":\"https:\\\/\\\/secure.gravatar.com\\\/avatar\\\/9b1269566f6a063ed26ffb3532b66a373cdde231ce5d0effb266167437fdaffd?s=96&d=mm&r=g\",\"caption\":\"Gabriel Sales\"},\"description\":\"Periodista y especialista en Comunicaci\u00f3n y Branding digital. Cin\u00e9filo y cr\u00edtico de cine y series de televisi\u00f3n.\",\"sameAs\":[\"https:\\\/\\\/www.instagram.com\\\/cine90segundos\\\/\",\"www.linkedin.com\\\/in\\\/habemusman\",\"https:\\\/\\\/x.com\\\/habemusman\",\"https:\\\/\\\/www.youtube.com\\\/channel\\\/UCVfCiOMkJ_C7T7OpyjuaLDg\"],\"url\":\"https:\\\/\\\/exaudi.org\\\/es\\\/author\\\/gsalesexaudi-org\\\/\"}]}<\/script>\n<!-- \/ Yoast SEO plugin. -->","yoast_head_json":{"title":"Francisco: \u201cAnteponer el enfermo a la enfermedad\u201d &#8211; Exaudi","description":"En su discurso a los miembros del Campus Biom\u00e9dico de Roma, Francisco ha llamado a la necesidad de anteponer el enfermo a la enfermedad.","robots":{"index":"index","follow":"follow","max-snippet":"max-snippet:-1","max-image-preview":"max-image-preview:large","max-video-preview":"max-video-preview:-1"},"canonical":"https:\/\/exaudi.org\/es\/francisco-anteponer-enfermo-enfermedad\/","og_locale":"es_ES","og_type":"article","og_title":"Francisco: \u201cAnteponer el enfermo a la enfermedad\u201d &#8211; Exaudi","og_description":"En su discurso a los miembros del Campus Biom\u00e9dico de Roma, Francisco ha llamado a la necesidad de anteponer el enfermo a la enfermedad.","og_url":"https:\/\/exaudi.org\/es\/francisco-anteponer-enfermo-enfermedad\/","og_site_name":"Exaudi","article_publisher":"https:\/\/www.facebook.com\/ExaudiNews","article_published_time":"2021-10-18T11:56:58+00:00","article_modified_time":"2021-10-18T11:59:50+00:00","og_image":[{"width":1448,"height":815,"url":"https:\/\/exaudi.org\/wp-content\/uploads\/2021\/10\/645465f4dsf.jpeg","type":"image\/jpeg"}],"author":"Gabriel Sales","twitter_card":"summary_large_image","twitter_creator":"@habemusman","twitter_site":"@Exaudi_News","twitter_misc":{"Escrito por":"Gabriel Sales","Tiempo de lectura":"7 minutos"},"schema":{"@context":"https:\/\/schema.org","@graph":[{"@type":"Article","@id":"https:\/\/exaudi.org\/es\/francisco-anteponer-enfermo-enfermedad\/#article","isPartOf":{"@id":"https:\/\/exaudi.org\/es\/francisco-anteponer-enfermo-enfermedad\/"},"author":{"name":"Gabriel Sales","@id":"https:\/\/exaudi.org\/#\/schema\/person\/d134b96438278131ce90c90c03fda6cd"},"headline":"Francisco: \u201cAnteponer el enfermo a la enfermedad\u201d","datePublished":"2021-10-18T11:56:58+00:00","dateModified":"2021-10-18T11:59:50+00:00","mainEntityOfPage":{"@id":"https:\/\/exaudi.org\/es\/francisco-anteponer-enfermo-enfermedad\/"},"wordCount":1486,"image":{"@id":"https:\/\/exaudi.org\/es\/francisco-anteponer-enfermo-enfermedad\/#primaryimage"},"thumbnailUrl":"https:\/\/exaudi.org\/wp-content\/uploads\/2021\/10\/645465f4dsf.jpeg","keywords":["Featured","Iglesia","papa francisco","Sanidad"],"articleSection":["Discursos"],"inLanguage":"es"},{"@type":"WebPage","@id":"https:\/\/exaudi.org\/es\/francisco-anteponer-enfermo-enfermedad\/","url":"https:\/\/exaudi.org\/es\/francisco-anteponer-enfermo-enfermedad\/","name":"Francisco: \u201cAnteponer el enfermo a la enfermedad\u201d &#8211; Exaudi","isPartOf":{"@id":"https:\/\/exaudi.org\/#website"},"primaryImageOfPage":{"@id":"https:\/\/exaudi.org\/es\/francisco-anteponer-enfermo-enfermedad\/#primaryimage"},"image":{"@id":"https:\/\/exaudi.org\/es\/francisco-anteponer-enfermo-enfermedad\/#primaryimage"},"thumbnailUrl":"https:\/\/exaudi.org\/wp-content\/uploads\/2021\/10\/645465f4dsf.jpeg","datePublished":"2021-10-18T11:56:58+00:00","dateModified":"2021-10-18T11:59:50+00:00","author":{"@id":"https:\/\/exaudi.org\/#\/schema\/person\/d134b96438278131ce90c90c03fda6cd"},"description":"En su discurso a los miembros del Campus Biom\u00e9dico de Roma, Francisco ha llamado a la necesidad de anteponer el enfermo a la enfermedad.","breadcrumb":{"@id":"https:\/\/exaudi.org\/es\/francisco-anteponer-enfermo-enfermedad\/#breadcrumb"},"inLanguage":"es","potentialAction":[{"@type":"ReadAction","target":["https:\/\/exaudi.org\/es\/francisco-anteponer-enfermo-enfermedad\/"]}]},{"@type":"ImageObject","inLanguage":"es","@id":"https:\/\/exaudi.org\/es\/francisco-anteponer-enfermo-enfermedad\/#primaryimage","url":"https:\/\/exaudi.org\/wp-content\/uploads\/2021\/10\/645465f4dsf.jpeg","contentUrl":"https:\/\/exaudi.org\/wp-content\/uploads\/2021\/10\/645465f4dsf.jpeg","width":1448,"height":815,"caption":"Audiencia Campus Biom\u00e9dico de Roma \u00a9 Vatican Media"},{"@type":"BreadcrumbList","@id":"https:\/\/exaudi.org\/es\/francisco-anteponer-enfermo-enfermedad\/#breadcrumb","itemListElement":[{"@type":"ListItem","position":1,"name":"Portada","item":"https:\/\/exaudi.org\/es\/"},{"@type":"ListItem","position":2,"name":"Francisco: \u201cAnteponer el enfermo a la enfermedad\u201d"}]},{"@type":"WebSite","@id":"https:\/\/exaudi.org\/#website","url":"https:\/\/exaudi.org\/","name":"Exaudi","description":"News","potentialAction":[{"@type":"SearchAction","target":{"@type":"EntryPoint","urlTemplate":"https:\/\/exaudi.org\/?s={search_term_string}"},"query-input":{"@type":"PropertyValueSpecification","valueRequired":true,"valueName":"search_term_string"}}],"inLanguage":"es"},{"@type":"Person","@id":"https:\/\/exaudi.org\/#\/schema\/person\/d134b96438278131ce90c90c03fda6cd","name":"Gabriel Sales","image":{"@type":"ImageObject","inLanguage":"es","@id":"https:\/\/secure.gravatar.com\/avatar\/9b1269566f6a063ed26ffb3532b66a373cdde231ce5d0effb266167437fdaffd?s=96&d=mm&r=g","url":"https:\/\/secure.gravatar.com\/avatar\/9b1269566f6a063ed26ffb3532b66a373cdde231ce5d0effb266167437fdaffd?s=96&d=mm&r=g","contentUrl":"https:\/\/secure.gravatar.com\/avatar\/9b1269566f6a063ed26ffb3532b66a373cdde231ce5d0effb266167437fdaffd?s=96&d=mm&r=g","caption":"Gabriel Sales"},"description":"Periodista y especialista en Comunicaci\u00f3n y Branding digital. Cin\u00e9filo y cr\u00edtico de cine y series de televisi\u00f3n.","sameAs":["https:\/\/www.instagram.com\/cine90segundos\/","www.linkedin.com\/in\/habemusman","https:\/\/x.com\/habemusman","https:\/\/www.youtube.com\/channel\/UCVfCiOMkJ_C7T7OpyjuaLDg"],"url":"https:\/\/exaudi.org\/es\/author\/gsalesexaudi-org\/"}]}},"jetpack_featured_media_url":"https:\/\/exaudi.org\/wp-content\/uploads\/2021\/10\/645465f4dsf.jpeg","jetpack_shortlink":"https:\/\/wp.me\/pgKjF2-9CC","_links":{"self":[{"href":"https:\/\/exaudi.org\/es\/wp-json\/wp\/v2\/posts\/36990","targetHints":{"allow":["GET"]}}],"collection":[{"href":"https:\/\/exaudi.org\/es\/wp-json\/wp\/v2\/posts"}],"about":[{"href":"https:\/\/exaudi.org\/es\/wp-json\/wp\/v2\/types\/post"}],"author":[{"embeddable":true,"href":"https:\/\/exaudi.org\/es\/wp-json\/wp\/v2\/users\/6"}],"replies":[{"embeddable":true,"href":"https:\/\/exaudi.org\/es\/wp-json\/wp\/v2\/comments?post=36990"}],"version-history":[{"count":0,"href":"https:\/\/exaudi.org\/es\/wp-json\/wp\/v2\/posts\/36990\/revisions"}],"wp:featuredmedia":[{"embeddable":true,"href":"https:\/\/exaudi.org\/es\/wp-json\/wp\/v2\/media\/37004"}],"wp:attachment":[{"href":"https:\/\/exaudi.org\/es\/wp-json\/wp\/v2\/media?parent=36990"}],"wp:term":[{"taxonomy":"category","embeddable":true,"href":"https:\/\/exaudi.org\/es\/wp-json\/wp\/v2\/categories?post=36990"},{"taxonomy":"post_tag","embeddable":true,"href":"https:\/\/exaudi.org\/es\/wp-json\/wp\/v2\/tags?post=36990"}],"curies":[{"name":"wp","href":"https:\/\/api.w.org\/{rel}","templated":true}]}}