{"id":36981,"date":"2021-10-18T12:28:33","date_gmt":"2021-10-18T10:28:33","guid":{"rendered":"https:\/\/exaudi.wpengine.com\/?p=36981"},"modified":"2021-10-18T12:28:33","modified_gmt":"2021-10-18T10:28:33","slug":"academia-ciencias-sociales-papa-miembro","status":"publish","type":"post","link":"https:\/\/exaudi.org\/es\/academia-ciencias-sociales-papa-miembro\/","title":{"rendered":"Academia Ciencias Sociales: El Papa nombra un nuevo miembro"},"content":{"rendered":"<p>El <a href=\"https:\/\/exaudi.wpengine.com\/es\/papa-gloria-dios-amor-servicio\/\" target=\"_blank\" rel=\"noopener\">Papa Francisco<\/a> ha nombrado a Virgilio Mauricio Viana, superintendente general de la Fundaci\u00f3n para la Sostenibilidad de la Amazon\u00eda (FAS), como nuevo miembro de la Pontificia Academia de Ciencias Sociales. De este modo ha informado hoy, lunes 18 de octubre de 2021, la <a href=\"https:\/\/www.vatican.va\/news_services\/press\/index_sp.htm\" target=\"_blank\" rel=\"noopener\">Oficina de Prensa de la Santa Sede<\/a>.<\/p>\n<h4><strong>Virgilio Mauricio Viana<\/strong><\/h4>\n<p>Naci\u00f3 el 26 de diciembre de 1960. Obtuvo su doctorado en Biolog\u00eda Evolutiva por la Universidad de Harvard en 1989. Entre otros cargos, fue presidente de la <em>Sociedade Brasileira de Etnobiologia e Etnoecologia<\/em> (SBEE) y presidente de la <em>Associa\u00e7\u00e3o Paulista de Engenheiros Florestais<\/em> (APAEF). Actualmente es superintendente general de la Fundaci\u00f3n para la Sostenibilidad de la Amazonia (FAS) y miembro de la Comisi\u00f3n COVID-19 de <em>The Lancet<\/em>.<\/p>\n<p>Ha publicado varios libros y art\u00edculos sobre la Amazonia, el cambio clim\u00e1tico, la gesti\u00f3n forestal y agroforestal y la protecci\u00f3n del medio ambiente.<\/p>\n<h4><strong>Pontificia Academia de las Ciencias Sociales<\/strong><\/h4>\n<p><a href=\"http:\/\/www.pass.va\/content\/scienzesociali\/en.html\" target=\"_blank\" rel=\"noopener noreferrer\">Tal y como indica su web<\/a>, fue creada por san Juan Pablo II con el\u00a0<em>Motu Proprio<\/em>\u00a0del 1 de enero de 1994. Cada una de las reuniones de la Academia comienza con un informe sobre las ense\u00f1anzas sociales de la Iglesia relativas al tema en cuesti\u00f3n. La Academia investiga los puntos en los que parece aconsejable una mayor elaboraci\u00f3n de estas ense\u00f1anzas y proporciona una evaluaci\u00f3n constructiva de las mismas a la luz de las ciencias sociales.<\/p>\n<p>Para lograr sus objetivos, la Academia organiza conferencias y talleres sobre temas espec\u00edficos, promueve encuestas e investigaciones cient\u00edficas, ayuda a las instituciones y a los particulares a realizarlas, publica los resultados de sus propias consultas y edita publicaciones de car\u00e1cter cient\u00edfico.<\/p>\n<p>Hasta ahora, la Academia ha abordado los siguientes temas: Trabajo y empleo, democracia, globalizaci\u00f3n, solidaridad intergeneracional, caridad y justicia, solidaridad y subsidiariedad, derechos humanos, crisis en una econom\u00eda global, libertad religiosa,\u00a0<em>pacem in terris<\/em>\u00a0cincuenta a\u00f1os despu\u00e9s, y trata de personas y esclavitud moderna.<\/p>\n","protected":false},"excerpt":{"rendered":"<p>Virgilio Mauricio Viana<\/p>\n","protected":false},"author":6,"featured_media":36985,"comment_status":"closed","ping_status":"closed","sticky":false,"template":"","format":"standard","meta":{"_acf_changed":false,"_crdt_document":"","inline_featured_image":false,"footnotes":""},"categories":[298,132],"tags":[4577,787,158,2194],"class_list":["post-36981","post","type-post","status-publish","format-standard","has-post-thumbnail","hentry","category-ultimas-noticias","category-vaticano-es","tag-fundacion-para-la-sostenibilidad-de-la-amazonia-fas","tag-nombramientos","tag-papa-francisco","tag-pontificia-academia-de-las-ciencias-sociales"],"acf":[],"yoast_head":"<!-- This site is optimized with the Yoast SEO plugin v27.4 - https:\/\/yoast.com\/product\/yoast-seo-wordpress\/ -->\n<title>Academia Ciencias Sociales: El Papa nombra un nuevo miembro - Exaudi<\/title>\n<meta name=\"description\" content=\"El Papa Francisco ha nombrado a Virgilio Mauricio Viana como nuevo miembro de la Pontificia Academia de Ciencias Sociales.\" \/>\n<meta name=\"robots\" content=\"index, follow, max-snippet:-1, max-image-preview:large, max-video-preview:-1\" \/>\n<link rel=\"canonical\" href=\"https:\/\/exaudi.org\/es\/academia-ciencias-sociales-papa-miembro\/\" \/>\n<meta property=\"og:locale\" content=\"es_ES\" \/>\n<meta property=\"og:type\" content=\"article\" \/>\n<meta property=\"og:title\" content=\"Academia Ciencias Sociales: El Papa nombra un nuevo miembro - Exaudi\" \/>\n<meta property=\"og:description\" content=\"El Papa Francisco ha nombrado a Virgilio Mauricio Viana como nuevo miembro de la Pontificia Academia de Ciencias Sociales.\" \/>\n<meta property=\"og:url\" content=\"https:\/\/exaudi.org\/es\/academia-ciencias-sociales-papa-miembro\/\" \/>\n<meta property=\"og:site_name\" content=\"Exaudi\" \/>\n<meta property=\"article:publisher\" content=\"https:\/\/www.facebook.com\/ExaudiNews\" \/>\n<meta property=\"article:published_time\" content=\"2021-10-18T10:28:33+00:00\" \/>\n<meta property=\"og:image\" content=\"https:\/\/exaudi.org\/wp-content\/uploads\/2021\/10\/545dfsdfd.jpeg\" \/>\n\t<meta property=\"og:image:width\" content=\"724\" \/>\n\t<meta property=\"og:image:height\" content=\"407\" \/>\n\t<meta property=\"og:image:type\" content=\"image\/jpeg\" \/>\n<meta name=\"author\" content=\"Gabriel Sales\" \/>\n<meta name=\"twitter:card\" content=\"summary_large_image\" \/>\n<meta name=\"twitter:creator\" content=\"@habemusman\" \/>\n<meta name=\"twitter:site\" content=\"@Exaudi_News\" \/>\n<meta name=\"twitter:label1\" content=\"Escrito por\" \/>\n\t<meta name=\"twitter:data1\" content=\"Gabriel Sales\" \/>\n\t<meta name=\"twitter:label2\" content=\"Tiempo de lectura\" \/>\n\t<meta name=\"twitter:data2\" content=\"2 minutos\" \/>\n<script type=\"application\/ld+json\" class=\"yoast-schema-graph\">{\"@context\":\"https:\\\/\\\/schema.org\",\"@graph\":[{\"@type\":\"Article\",\"@id\":\"https:\\\/\\\/exaudi.org\\\/es\\\/academia-ciencias-sociales-papa-miembro\\\/#article\",\"isPartOf\":{\"@id\":\"https:\\\/\\\/exaudi.org\\\/es\\\/academia-ciencias-sociales-papa-miembro\\\/\"},\"author\":{\"name\":\"Gabriel Sales\",\"@id\":\"https:\\\/\\\/exaudi.org\\\/#\\\/schema\\\/person\\\/d134b96438278131ce90c90c03fda6cd\"},\"headline\":\"Academia Ciencias Sociales: El Papa nombra un nuevo miembro\",\"datePublished\":\"2021-10-18T10:28:33+00:00\",\"mainEntityOfPage\":{\"@id\":\"https:\\\/\\\/exaudi.org\\\/es\\\/academia-ciencias-sociales-papa-miembro\\\/\"},\"wordCount\":338,\"image\":{\"@id\":\"https:\\\/\\\/exaudi.org\\\/es\\\/academia-ciencias-sociales-papa-miembro\\\/#primaryimage\"},\"thumbnailUrl\":\"https:\\\/\\\/exaudi.org\\\/wp-content\\\/uploads\\\/2021\\\/10\\\/545dfsdfd.jpeg\",\"keywords\":[\"Fundaci\u00f3n para la Sostenibilidad de la Amazon\u00eda (FAS)\",\"nombramientos\",\"papa francisco\",\"Pontificia Academia de las Ciencias Sociales\"],\"articleSection\":[\"\u00daltimas noticias\",\"Vaticano\"],\"inLanguage\":\"es\"},{\"@type\":\"WebPage\",\"@id\":\"https:\\\/\\\/exaudi.org\\\/es\\\/academia-ciencias-sociales-papa-miembro\\\/\",\"url\":\"https:\\\/\\\/exaudi.org\\\/es\\\/academia-ciencias-sociales-papa-miembro\\\/\",\"name\":\"Academia Ciencias Sociales: El Papa nombra un nuevo miembro - Exaudi\",\"isPartOf\":{\"@id\":\"https:\\\/\\\/exaudi.org\\\/#website\"},\"primaryImageOfPage\":{\"@id\":\"https:\\\/\\\/exaudi.org\\\/es\\\/academia-ciencias-sociales-papa-miembro\\\/#primaryimage\"},\"image\":{\"@id\":\"https:\\\/\\\/exaudi.org\\\/es\\\/academia-ciencias-sociales-papa-miembro\\\/#primaryimage\"},\"thumbnailUrl\":\"https:\\\/\\\/exaudi.org\\\/wp-content\\\/uploads\\\/2021\\\/10\\\/545dfsdfd.jpeg\",\"datePublished\":\"2021-10-18T10:28:33+00:00\",\"author\":{\"@id\":\"https:\\\/\\\/exaudi.org\\\/#\\\/schema\\\/person\\\/d134b96438278131ce90c90c03fda6cd\"},\"description\":\"El Papa Francisco ha nombrado a Virgilio Mauricio Viana como nuevo miembro de la Pontificia Academia de Ciencias Sociales.\",\"breadcrumb\":{\"@id\":\"https:\\\/\\\/exaudi.org\\\/es\\\/academia-ciencias-sociales-papa-miembro\\\/#breadcrumb\"},\"inLanguage\":\"es\",\"potentialAction\":[{\"@type\":\"ReadAction\",\"target\":[\"https:\\\/\\\/exaudi.org\\\/es\\\/academia-ciencias-sociales-papa-miembro\\\/\"]}]},{\"@type\":\"ImageObject\",\"inLanguage\":\"es\",\"@id\":\"https:\\\/\\\/exaudi.org\\\/es\\\/academia-ciencias-sociales-papa-miembro\\\/#primaryimage\",\"url\":\"https:\\\/\\\/exaudi.org\\\/wp-content\\\/uploads\\\/2021\\\/10\\\/545dfsdfd.jpeg\",\"contentUrl\":\"https:\\\/\\\/exaudi.org\\\/wp-content\\\/uploads\\\/2021\\\/10\\\/545dfsdfd.jpeg\",\"width\":724,\"height\":407,\"caption\":\"Visita del Papa a la Academia de Ciencias Sociales \u00a9 Vatican Media\"},{\"@type\":\"BreadcrumbList\",\"@id\":\"https:\\\/\\\/exaudi.org\\\/es\\\/academia-ciencias-sociales-papa-miembro\\\/#breadcrumb\",\"itemListElement\":[{\"@type\":\"ListItem\",\"position\":1,\"name\":\"Portada\",\"item\":\"https:\\\/\\\/exaudi.org\\\/es\\\/\"},{\"@type\":\"ListItem\",\"position\":2,\"name\":\"Academia Ciencias Sociales: El Papa nombra un nuevo miembro\"}]},{\"@type\":\"WebSite\",\"@id\":\"https:\\\/\\\/exaudi.org\\\/#website\",\"url\":\"https:\\\/\\\/exaudi.org\\\/\",\"name\":\"Exaudi\",\"description\":\"News\",\"potentialAction\":[{\"@type\":\"SearchAction\",\"target\":{\"@type\":\"EntryPoint\",\"urlTemplate\":\"https:\\\/\\\/exaudi.org\\\/?s={search_term_string}\"},\"query-input\":{\"@type\":\"PropertyValueSpecification\",\"valueRequired\":true,\"valueName\":\"search_term_string\"}}],\"inLanguage\":\"es\"},{\"@type\":\"Person\",\"@id\":\"https:\\\/\\\/exaudi.org\\\/#\\\/schema\\\/person\\\/d134b96438278131ce90c90c03fda6cd\",\"name\":\"Gabriel Sales\",\"image\":{\"@type\":\"ImageObject\",\"inLanguage\":\"es\",\"@id\":\"https:\\\/\\\/secure.gravatar.com\\\/avatar\\\/9b1269566f6a063ed26ffb3532b66a373cdde231ce5d0effb266167437fdaffd?s=96&d=mm&r=g\",\"url\":\"https:\\\/\\\/secure.gravatar.com\\\/avatar\\\/9b1269566f6a063ed26ffb3532b66a373cdde231ce5d0effb266167437fdaffd?s=96&d=mm&r=g\",\"contentUrl\":\"https:\\\/\\\/secure.gravatar.com\\\/avatar\\\/9b1269566f6a063ed26ffb3532b66a373cdde231ce5d0effb266167437fdaffd?s=96&d=mm&r=g\",\"caption\":\"Gabriel Sales\"},\"description\":\"Periodista y especialista en Comunicaci\u00f3n y Branding digital. Cin\u00e9filo y cr\u00edtico de cine y series de televisi\u00f3n.\",\"sameAs\":[\"https:\\\/\\\/www.instagram.com\\\/cine90segundos\\\/\",\"www.linkedin.com\\\/in\\\/habemusman\",\"https:\\\/\\\/x.com\\\/habemusman\",\"https:\\\/\\\/www.youtube.com\\\/channel\\\/UCVfCiOMkJ_C7T7OpyjuaLDg\"],\"url\":\"https:\\\/\\\/exaudi.org\\\/es\\\/author\\\/gsalesexaudi-org\\\/\"}]}<\/script>\n<!-- \/ Yoast SEO plugin. -->","yoast_head_json":{"title":"Academia Ciencias Sociales: El Papa nombra un nuevo miembro - Exaudi","description":"El Papa Francisco ha nombrado a Virgilio Mauricio Viana como nuevo miembro de la Pontificia Academia de Ciencias Sociales.","robots":{"index":"index","follow":"follow","max-snippet":"max-snippet:-1","max-image-preview":"max-image-preview:large","max-video-preview":"max-video-preview:-1"},"canonical":"https:\/\/exaudi.org\/es\/academia-ciencias-sociales-papa-miembro\/","og_locale":"es_ES","og_type":"article","og_title":"Academia Ciencias Sociales: El Papa nombra un nuevo miembro - Exaudi","og_description":"El Papa Francisco ha nombrado a Virgilio Mauricio Viana como nuevo miembro de la Pontificia Academia de Ciencias Sociales.","og_url":"https:\/\/exaudi.org\/es\/academia-ciencias-sociales-papa-miembro\/","og_site_name":"Exaudi","article_publisher":"https:\/\/www.facebook.com\/ExaudiNews","article_published_time":"2021-10-18T10:28:33+00:00","og_image":[{"width":724,"height":407,"url":"https:\/\/exaudi.org\/wp-content\/uploads\/2021\/10\/545dfsdfd.jpeg","type":"image\/jpeg"}],"author":"Gabriel Sales","twitter_card":"summary_large_image","twitter_creator":"@habemusman","twitter_site":"@Exaudi_News","twitter_misc":{"Escrito por":"Gabriel Sales","Tiempo de lectura":"2 minutos"},"schema":{"@context":"https:\/\/schema.org","@graph":[{"@type":"Article","@id":"https:\/\/exaudi.org\/es\/academia-ciencias-sociales-papa-miembro\/#article","isPartOf":{"@id":"https:\/\/exaudi.org\/es\/academia-ciencias-sociales-papa-miembro\/"},"author":{"name":"Gabriel Sales","@id":"https:\/\/exaudi.org\/#\/schema\/person\/d134b96438278131ce90c90c03fda6cd"},"headline":"Academia Ciencias Sociales: El Papa nombra un nuevo miembro","datePublished":"2021-10-18T10:28:33+00:00","mainEntityOfPage":{"@id":"https:\/\/exaudi.org\/es\/academia-ciencias-sociales-papa-miembro\/"},"wordCount":338,"image":{"@id":"https:\/\/exaudi.org\/es\/academia-ciencias-sociales-papa-miembro\/#primaryimage"},"thumbnailUrl":"https:\/\/exaudi.org\/wp-content\/uploads\/2021\/10\/545dfsdfd.jpeg","keywords":["Fundaci\u00f3n para la Sostenibilidad de la Amazon\u00eda (FAS)","nombramientos","papa francisco","Pontificia Academia de las Ciencias Sociales"],"articleSection":["\u00daltimas noticias","Vaticano"],"inLanguage":"es"},{"@type":"WebPage","@id":"https:\/\/exaudi.org\/es\/academia-ciencias-sociales-papa-miembro\/","url":"https:\/\/exaudi.org\/es\/academia-ciencias-sociales-papa-miembro\/","name":"Academia Ciencias Sociales: El Papa nombra un nuevo miembro - Exaudi","isPartOf":{"@id":"https:\/\/exaudi.org\/#website"},"primaryImageOfPage":{"@id":"https:\/\/exaudi.org\/es\/academia-ciencias-sociales-papa-miembro\/#primaryimage"},"image":{"@id":"https:\/\/exaudi.org\/es\/academia-ciencias-sociales-papa-miembro\/#primaryimage"},"thumbnailUrl":"https:\/\/exaudi.org\/wp-content\/uploads\/2021\/10\/545dfsdfd.jpeg","datePublished":"2021-10-18T10:28:33+00:00","author":{"@id":"https:\/\/exaudi.org\/#\/schema\/person\/d134b96438278131ce90c90c03fda6cd"},"description":"El Papa Francisco ha nombrado a Virgilio Mauricio Viana como nuevo miembro de la Pontificia Academia de Ciencias Sociales.","breadcrumb":{"@id":"https:\/\/exaudi.org\/es\/academia-ciencias-sociales-papa-miembro\/#breadcrumb"},"inLanguage":"es","potentialAction":[{"@type":"ReadAction","target":["https:\/\/exaudi.org\/es\/academia-ciencias-sociales-papa-miembro\/"]}]},{"@type":"ImageObject","inLanguage":"es","@id":"https:\/\/exaudi.org\/es\/academia-ciencias-sociales-papa-miembro\/#primaryimage","url":"https:\/\/exaudi.org\/wp-content\/uploads\/2021\/10\/545dfsdfd.jpeg","contentUrl":"https:\/\/exaudi.org\/wp-content\/uploads\/2021\/10\/545dfsdfd.jpeg","width":724,"height":407,"caption":"Visita del Papa a la Academia de Ciencias Sociales \u00a9 Vatican Media"},{"@type":"BreadcrumbList","@id":"https:\/\/exaudi.org\/es\/academia-ciencias-sociales-papa-miembro\/#breadcrumb","itemListElement":[{"@type":"ListItem","position":1,"name":"Portada","item":"https:\/\/exaudi.org\/es\/"},{"@type":"ListItem","position":2,"name":"Academia Ciencias Sociales: El Papa nombra un nuevo miembro"}]},{"@type":"WebSite","@id":"https:\/\/exaudi.org\/#website","url":"https:\/\/exaudi.org\/","name":"Exaudi","description":"News","potentialAction":[{"@type":"SearchAction","target":{"@type":"EntryPoint","urlTemplate":"https:\/\/exaudi.org\/?s={search_term_string}"},"query-input":{"@type":"PropertyValueSpecification","valueRequired":true,"valueName":"search_term_string"}}],"inLanguage":"es"},{"@type":"Person","@id":"https:\/\/exaudi.org\/#\/schema\/person\/d134b96438278131ce90c90c03fda6cd","name":"Gabriel Sales","image":{"@type":"ImageObject","inLanguage":"es","@id":"https:\/\/secure.gravatar.com\/avatar\/9b1269566f6a063ed26ffb3532b66a373cdde231ce5d0effb266167437fdaffd?s=96&d=mm&r=g","url":"https:\/\/secure.gravatar.com\/avatar\/9b1269566f6a063ed26ffb3532b66a373cdde231ce5d0effb266167437fdaffd?s=96&d=mm&r=g","contentUrl":"https:\/\/secure.gravatar.com\/avatar\/9b1269566f6a063ed26ffb3532b66a373cdde231ce5d0effb266167437fdaffd?s=96&d=mm&r=g","caption":"Gabriel Sales"},"description":"Periodista y especialista en Comunicaci\u00f3n y Branding digital. Cin\u00e9filo y cr\u00edtico de cine y series de televisi\u00f3n.","sameAs":["https:\/\/www.instagram.com\/cine90segundos\/","www.linkedin.com\/in\/habemusman","https:\/\/x.com\/habemusman","https:\/\/www.youtube.com\/channel\/UCVfCiOMkJ_C7T7OpyjuaLDg"],"url":"https:\/\/exaudi.org\/es\/author\/gsalesexaudi-org\/"}]}},"jetpack_featured_media_url":"https:\/\/exaudi.org\/wp-content\/uploads\/2021\/10\/545dfsdfd.jpeg","jetpack_shortlink":"https:\/\/wp.me\/pgKjF2-9Ct","_links":{"self":[{"href":"https:\/\/exaudi.org\/es\/wp-json\/wp\/v2\/posts\/36981","targetHints":{"allow":["GET"]}}],"collection":[{"href":"https:\/\/exaudi.org\/es\/wp-json\/wp\/v2\/posts"}],"about":[{"href":"https:\/\/exaudi.org\/es\/wp-json\/wp\/v2\/types\/post"}],"author":[{"embeddable":true,"href":"https:\/\/exaudi.org\/es\/wp-json\/wp\/v2\/users\/6"}],"replies":[{"embeddable":true,"href":"https:\/\/exaudi.org\/es\/wp-json\/wp\/v2\/comments?post=36981"}],"version-history":[{"count":0,"href":"https:\/\/exaudi.org\/es\/wp-json\/wp\/v2\/posts\/36981\/revisions"}],"wp:featuredmedia":[{"embeddable":true,"href":"https:\/\/exaudi.org\/es\/wp-json\/wp\/v2\/media\/36985"}],"wp:attachment":[{"href":"https:\/\/exaudi.org\/es\/wp-json\/wp\/v2\/media?parent=36981"}],"wp:term":[{"taxonomy":"category","embeddable":true,"href":"https:\/\/exaudi.org\/es\/wp-json\/wp\/v2\/categories?post=36981"},{"taxonomy":"post_tag","embeddable":true,"href":"https:\/\/exaudi.org\/es\/wp-json\/wp\/v2\/tags?post=36981"}],"curies":[{"name":"wp","href":"https:\/\/api.w.org\/{rel}","templated":true}]}}