{"id":36952,"date":"2021-10-18T10:55:20","date_gmt":"2021-10-18T08:55:20","guid":{"rendered":"https:\/\/exaudi.wpengine.com\/?p=36952"},"modified":"2021-10-19T10:44:44","modified_gmt":"2021-10-19T08:44:44","slug":"iglesia-127-nuevos-beatos-martires","status":"publish","type":"post","link":"https:\/\/exaudi.org\/es\/iglesia-127-nuevos-beatos-martires\/","title":{"rendered":"La Iglesia cuenta con 127 nuevos beatos m\u00e1rtires"},"content":{"rendered":"<p>La Iglesia cuenta desde el 16 de octubre de 2021 con 127 beatos m\u00e1rtires m\u00e1s inscritos en el Martirologio romano. La Santa Iglesia Catedral de C\u00f3rdoba, Espa\u00f1a, acogi\u00f3 en la ma\u00f1ana de ese d\u00eda la ceremonia de beatificaci\u00f3n del sacerdote Juan El\u00edas Medina y 126 compa\u00f1eros m\u00e1rtires.<\/p>\n<p><img loading=\"lazy\" decoding=\"async\" class=\"size-medium wp-image-36962 alignleft\" src=\"https:\/\/exaudi.wpengine.com\/wp-content\/uploads\/2021\/10\/MG_5134-300x200.jpg\" alt=\"\" width=\"300\" height=\"200\" srcset=\"https:\/\/exaudi.org\/wp-content\/uploads\/2021\/10\/MG_5134-300x200.jpg 300w, https:\/\/exaudi.org\/wp-content\/uploads\/2021\/10\/MG_5134-768x512.jpg 768w, https:\/\/exaudi.org\/wp-content\/uploads\/2021\/10\/MG_5134-150x100.jpg 150w, https:\/\/exaudi.org\/wp-content\/uploads\/2021\/10\/MG_5134-696x464.jpg 696w, https:\/\/exaudi.org\/wp-content\/uploads\/2021\/10\/MG_5134-630x420.jpg 630w, https:\/\/exaudi.org\/wp-content\/uploads\/2021\/10\/MG_5134.jpg 900w\" sizes=\"auto, (max-width: 300px) 100vw, 300px\" \/>En sus palabras despu\u00e9s del <a href=\"https:\/\/exaudi.wpengine.com\/es\/francisco-aplauso-127-beatos-espana\/\" target=\"_blank\" rel=\"noopener\">\u00c1ngelus del 17 de octubre de 2021<\/a>, el Papa Francisco apunt\u00f3: \u201cAyer en C\u00f3rdoba, Espa\u00f1a, fueron beatificados el sacerdote Juan El\u00edas Medina y 126 compa\u00f1eros m\u00e1rtires: sacerdotes, religiosas, seminaristas y laicos, asesinados por odio a la fe durante la violenta persecuci\u00f3n religiosa de los a\u00f1os 30 en Espa\u00f1a. Su fidelidad nos da la fuerza a todos nosotros, especialmente a los cristianos perseguidos en diferentes partes del mundo, la fuerza de testimoniar con valent\u00eda el Evangelio. \u00a1Un aplauso a los nuevos beatos!\u201d.<\/p>\n<h4><strong>Ceremonia de Beatificaci\u00f3n en C\u00f3rdoba<\/strong><\/h4>\n<p>De acuerdo a una nota de la <a href=\"https:\/\/www.diocesisdecordoba.com\/\" target=\"_blank\" rel=\"noopener\">di\u00f3cesis de C\u00f3rdoba<\/a>, a las 11 de la ma\u00f1ana, m\u00e1s de\u00a03 mil personas\u00a0se concentraron en las naves de la catedral cordobesa junto a\u00a0casi\u00a0200 sacerdotes\u00a0y una\u00a0veintena de arzobispos y obispos\u00a0para participar en la ceremonia de\u00a0Beatificaci\u00f3n de Juan El\u00edas Medina y 126 compa\u00f1eros m\u00e1rtires: sacerdotes, seminaristas, religiosos y fieles laicos de la Di\u00f3cesis.<\/p>\n<p><img loading=\"lazy\" decoding=\"async\" class=\"size-medium wp-image-36956 alignright\" src=\"https:\/\/exaudi.wpengine.com\/wp-content\/uploads\/2021\/10\/MG_5295-300x200.jpg\" alt=\"\" width=\"300\" height=\"200\" srcset=\"https:\/\/exaudi.org\/wp-content\/uploads\/2021\/10\/MG_5295-300x200.jpg 300w, https:\/\/exaudi.org\/wp-content\/uploads\/2021\/10\/MG_5295-768x512.jpg 768w, https:\/\/exaudi.org\/wp-content\/uploads\/2021\/10\/MG_5295-150x100.jpg 150w, https:\/\/exaudi.org\/wp-content\/uploads\/2021\/10\/MG_5295-696x464.jpg 696w, https:\/\/exaudi.org\/wp-content\/uploads\/2021\/10\/MG_5295-630x420.jpg 630w, https:\/\/exaudi.org\/wp-content\/uploads\/2021\/10\/MG_5295.jpg 900w\" sizes=\"auto, (max-width: 300px) 100vw, 300px\" \/>La celebraci\u00f3n fue presidida por el cardenal Marcello Semeraro, prefecto de la Congregaci\u00f3n de las Causas de los Santos\u00a0y delegado pontificio para la Beatificaci\u00f3n de estos m\u00e1rtires del siglo XX. En ella partici\u00f3, adem\u00e1s, el nuncio de Su Santidad en Espa\u00f1a, monse\u00f1or Bernardito Auza.<\/p>\n<p>De acuerdo a la misma fuente, tras la lectura del\u00a0Decreto Pontificio\u00a0para la Beatificaci\u00f3n de los m\u00e1rtires, sacerdotes, seminaristas, religiosos y fieles laicos por parte del cardenal, un gran aplauso de los asistentes irrumpi\u00f3 en la Santa Iglesia Catedral al descubrirse el\u00a0tapiz, al tiempo que el coro interpretaba el Aleluya de H\u00e4ndel, el canto de alabanza. En ese momento, procesion\u00f3 la\u00a0urna con las reliquias\u00a0de los nuevos beatos. El obispo de C\u00f3rdoba, Mons. Demetrio Fern\u00e1ndez Gonz\u00e1lez pronunci\u00f3 unas palabras de agradecimiento al delegado pontificio para esta Beatificaci\u00f3n.<\/p>\n<p>En su alocuci\u00f3n,\u00a0el prelado expres\u00f3 que la Iglesia de C\u00f3rdoba \u201cda gracias al Sucesor de Pedro, su Santidad el Papa Francisco, por la Beatificaci\u00f3n de los siervos de Dios Juan El\u00edas Medina y 126 compa\u00f1eros\u201d. A continuaci\u00f3n, el prelado recibi\u00f3 la Carta Apost\u00f3lica y se enton\u00f3 el Gloria.<\/p>\n<h4><strong>Homil\u00eda del cardenal<\/strong><\/h4>\n<p><img loading=\"lazy\" decoding=\"async\" class=\"size-medium wp-image-36959 alignleft\" src=\"https:\/\/exaudi.wpengine.com\/wp-content\/uploads\/2021\/10\/MG_5343-300x200.jpg\" alt=\"\" width=\"300\" height=\"200\" srcset=\"https:\/\/exaudi.org\/wp-content\/uploads\/2021\/10\/MG_5343-300x200.jpg 300w, https:\/\/exaudi.org\/wp-content\/uploads\/2021\/10\/MG_5343-768x512.jpg 768w, https:\/\/exaudi.org\/wp-content\/uploads\/2021\/10\/MG_5343-150x100.jpg 150w, https:\/\/exaudi.org\/wp-content\/uploads\/2021\/10\/MG_5343-696x464.jpg 696w, https:\/\/exaudi.org\/wp-content\/uploads\/2021\/10\/MG_5343-630x420.jpg 630w, https:\/\/exaudi.org\/wp-content\/uploads\/2021\/10\/MG_5343.jpg 900w\" sizes=\"auto, (max-width: 300px) 100vw, 300px\" \/>El\u00a0cardenal Marcello Semeraro comenz\u00f3 su\u00a0homil\u00eda recordando el amor de Dios, \u201cel amor misericordioso con el cual nos ha elegido\u201d. \u201cEn el odio del mundo, hay como celos y envidia de quien ha perdido su presa; de quien ha visto como se la robaban. Este es entonces el doble compromiso que la palabra del Se\u00f1or quiere suscitar en nuestra voluntad: la toma de distancia del \u2018mundo\u2019, que aqu\u00ed indica todos los que prefieren las tinieblas a la luz, el error a la verdad, el odio al amor; y despu\u00e9s, tambi\u00e9n, la atenci\u00f3n a no dejarse seducir por la nostalgia del pecado\u201d, expres\u00f3 el purpurado para recordar que el escenario abierto con el anuncio del odio del mundo es, adem\u00e1s, \u201cexactamente el contrario de la otra palabra confortante y llena de promesas\u201d.<\/p>\n<p>Asimismo, destac\u00f3 que no todas las dificultades y contrariedades son, pues, \u201codio del mundo, sino solo la violencia que se abate sobre nosotros porque\u00a0somos del Se\u00f1or\u201d.<\/p>\n<p>En el d\u00eda en el que la Iglesia ha declarado beatos a estos m\u00e1rtires, explic\u00f3 que se trata de una ocasi\u00f3n para contemplar que \u201ces un grupo que nos pone delante una variedad de perfiles humanos, una riqueza y profundidad de espiritualidad, a veces tambi\u00e9n con profundas ra\u00edces en las ciencias teol\u00f3gicas, expresadas en la multiplicidad de las experiencias cotidianas, antes de alcanzar la cima del martirio que sella con su sangre toda la existencia\u201d.<\/p>\n<p>\u201cEstamos delante de una visi\u00f3n de la historia cuya memoria podr\u00e1 convertirse en un lugar de evangelizaci\u00f3n dentro de contextos secularizados. Es el testimonio de una Iglesia <em>circumdata varietate<\/em>. Es como la explosi\u00f3n de la Pentecost\u00e9s, la realizaci\u00f3n de la profec\u00eda de Joel. El Esp\u00edritu Santo irrumpe sobre todos\u201d, a\u00f1adi\u00f3.<\/p>\n<h4><strong style=\"font-style: inherit;\">Agradecimiento del obispo de C\u00f3rdoba<\/strong><\/h4>\n<p><img loading=\"lazy\" decoding=\"async\" class=\"size-medium wp-image-36968 alignright\" src=\"https:\/\/exaudi.wpengine.com\/wp-content\/uploads\/2021\/10\/MG_5540-200x300.jpg\" alt=\"\" width=\"200\" height=\"300\" srcset=\"https:\/\/exaudi.org\/wp-content\/uploads\/2021\/10\/MG_5540-200x300.jpg 200w, https:\/\/exaudi.org\/wp-content\/uploads\/2021\/10\/MG_5540-150x225.jpg 150w, https:\/\/exaudi.org\/wp-content\/uploads\/2021\/10\/MG_5540-300x450.jpg 300w, https:\/\/exaudi.org\/wp-content\/uploads\/2021\/10\/MG_5540-280x420.jpg 280w, https:\/\/exaudi.org\/wp-content\/uploads\/2021\/10\/MG_5540.jpg 600w\" sizes=\"auto, (max-width: 200px) 100vw, 200px\" \/>Antes de finalizar la celebraci\u00f3n, el obispo de C\u00f3rdoba, retom\u00f3 la palabra para agradecer al Santo Padre\u00a0en nombre de la ciudad, del presbiterio, de los fieles y en el suyo propio, esta Beatificaci\u00f3n. Un gran aplauso son\u00f3 en las naves del templo donde, como manifest\u00f3 el prelado, \u201ccelebramos con inmenso gozo la Beatificaci\u00f3n de los 127 m\u00e1rtires, donde la Iglesia se alegra con los mejores de entre sus hijos que son, por tanto, los que alcanzaron con un amor m\u00e1s grande la gloria del cielo\u201d.<\/p>\n<p>\u201cEl amor de Cristo ha revolucionado profundamente la historia, transformando el suplicio de la cruz en cauce de redenci\u00f3n. La tortura de los m\u00e1rtires ha producido entre nosotros un amor m\u00e1s grande y hoy constatamos una vez m\u00e1s que la vida cristiana es cauce de humanizaci\u00f3n, reconciliaci\u00f3n y de paz para los pueblos\u201d, asegur\u00f3.<\/p>\n<p>Monse\u00f1or Fern\u00e1ndez mostr\u00f3 su gratitud especialmente a Francisco por haber inscrito a los m\u00e1rtires cordobeses en el elenco de los beatos de la Iglesia, as\u00ed como al Cardenal, la Congregaci\u00f3n para las Causas de los Santos y todos los que han hecho posible llegar a la Beatificaci\u00f3n. \u201cLa Causa que un d\u00eda inici\u00f3 el actual arzobispo em\u00e9rito de Sevilla ha llegado a feliz t\u00e9rmino,\u00a0esperemos ahora un milagro\u00a0y que nos veamos en Roma muy pronto\u201d, apunt\u00f3 el obispo de C\u00f3rdoba deseando que estos m\u00e1rtires se conviertan en \u201csemilla del Evangelio\u201d.<\/p>\n","protected":false},"excerpt":{"rendered":"<p>Ceremonia de Beatificaci\u00f3n presidida por el cardenal Semeraro en C\u00f3rdoba, Espa\u00f1a<\/p>\n","protected":false},"author":5,"featured_media":36953,"comment_status":"open","ping_status":"open","sticky":false,"template":"","format":"standard","meta":{"_acf_changed":false,"_crdt_document":"","inline_featured_image":false,"footnotes":""},"categories":[134,298],"tags":[2034,4574,1185,4573,1008,4572,360],"class_list":["post-36952","post","type-post","status-publish","format-standard","has-post-thumbnail","hentry","category-causas-de-santos","category-ultimas-noticias","tag-beatificacion","tag-cardenal-marcello-semeraro","tag-ceremonia-de-beatificacion","tag-diocesis-de-cordoba","tag-espana","tag-juan-elias-medina-y-16-companeros","tag-martires"],"acf":[],"yoast_head":"<!-- This site is optimized with the Yoast SEO plugin v27.4 - https:\/\/yoast.com\/product\/yoast-seo-wordpress\/ -->\n<title>La Iglesia cuenta con 127 nuevos beatos m\u00e1rtires &#8211; Exaudi<\/title>\n<meta name=\"description\" content=\"La Iglesia cuenta desde el 16 de octubre de 2021 con 127 beatos m\u00e1rtires m\u00e1s inscritos en el Martirologio romano\" \/>\n<meta name=\"robots\" content=\"index, follow, max-snippet:-1, max-image-preview:large, max-video-preview:-1\" \/>\n<link rel=\"canonical\" href=\"https:\/\/exaudi.org\/es\/iglesia-127-nuevos-beatos-martires\/\" \/>\n<meta property=\"og:locale\" content=\"es_ES\" \/>\n<meta property=\"og:type\" content=\"article\" \/>\n<meta property=\"og:title\" content=\"La Iglesia cuenta con 127 nuevos beatos m\u00e1rtires &#8211; Exaudi\" \/>\n<meta property=\"og:description\" content=\"La Iglesia cuenta desde el 16 de octubre de 2021 con 127 beatos m\u00e1rtires m\u00e1s inscritos en el Martirologio romano\" \/>\n<meta property=\"og:url\" content=\"https:\/\/exaudi.org\/es\/iglesia-127-nuevos-beatos-martires\/\" \/>\n<meta property=\"og:site_name\" content=\"Exaudi\" \/>\n<meta property=\"article:publisher\" content=\"https:\/\/www.facebook.com\/ExaudiNews\" \/>\n<meta property=\"article:published_time\" content=\"2021-10-18T08:55:20+00:00\" \/>\n<meta property=\"article:modified_time\" content=\"2021-10-19T08:44:44+00:00\" \/>\n<meta property=\"og:image\" content=\"https:\/\/exaudi.org\/wp-content\/uploads\/2021\/10\/Beatificacion-de-Juan-Elias-Medina-y-126-companeros-martires-16-oct.-2021-Cordoba-Espana.jpg\" \/>\n\t<meta property=\"og:image:width\" content=\"900\" \/>\n\t<meta property=\"og:image:height\" content=\"600\" \/>\n\t<meta property=\"og:image:type\" content=\"image\/jpeg\" \/>\n<meta name=\"author\" content=\"Larissa I. L\u00f3pez\" \/>\n<meta name=\"twitter:card\" content=\"summary_large_image\" \/>\n<meta name=\"twitter:creator\" content=\"@Exaudi_News\" \/>\n<meta name=\"twitter:site\" content=\"@Exaudi_News\" \/>\n<meta name=\"twitter:label1\" content=\"Escrito por\" \/>\n\t<meta name=\"twitter:data1\" content=\"Larissa I. L\u00f3pez\" \/>\n\t<meta name=\"twitter:label2\" content=\"Tiempo de lectura\" \/>\n\t<meta name=\"twitter:data2\" content=\"5 minutos\" \/>\n<script type=\"application\/ld+json\" class=\"yoast-schema-graph\">{\"@context\":\"https:\\\/\\\/schema.org\",\"@graph\":[{\"@type\":\"Article\",\"@id\":\"https:\\\/\\\/exaudi.org\\\/es\\\/iglesia-127-nuevos-beatos-martires\\\/#article\",\"isPartOf\":{\"@id\":\"https:\\\/\\\/exaudi.org\\\/es\\\/iglesia-127-nuevos-beatos-martires\\\/\"},\"author\":{\"name\":\"Larissa I. L\u00f3pez\",\"@id\":\"https:\\\/\\\/exaudi.org\\\/#\\\/schema\\\/person\\\/7d2f77db033c2c0929edfab6dbe8c588\"},\"headline\":\"La Iglesia cuenta con 127 nuevos beatos m\u00e1rtires\",\"datePublished\":\"2021-10-18T08:55:20+00:00\",\"dateModified\":\"2021-10-19T08:44:44+00:00\",\"mainEntityOfPage\":{\"@id\":\"https:\\\/\\\/exaudi.org\\\/es\\\/iglesia-127-nuevos-beatos-martires\\\/\"},\"wordCount\":1002,\"commentCount\":0,\"image\":{\"@id\":\"https:\\\/\\\/exaudi.org\\\/es\\\/iglesia-127-nuevos-beatos-martires\\\/#primaryimage\"},\"thumbnailUrl\":\"https:\\\/\\\/exaudi.org\\\/wp-content\\\/uploads\\\/2021\\\/10\\\/Beatificacion-de-Juan-Elias-Medina-y-126-companeros-martires-16-oct.-2021-Cordoba-Espana.jpg\",\"keywords\":[\"Beatificaci\u00f3n\",\"Cardenal Marcello Semeraro\",\"Ceremonia de Beatificaci\u00f3n\",\"Di\u00f3cesis de C\u00f3rdoba\",\"Espa\u00f1a\",\"Juan El\u00edas Medina y 16 compa\u00f1eros\",\"M\u00e1rtires\"],\"articleSection\":[\"Causas de Santos\",\"\u00daltimas noticias\"],\"inLanguage\":\"es\",\"potentialAction\":[{\"@type\":\"CommentAction\",\"name\":\"Comment\",\"target\":[\"https:\\\/\\\/exaudi.org\\\/es\\\/iglesia-127-nuevos-beatos-martires\\\/#respond\"]}]},{\"@type\":\"WebPage\",\"@id\":\"https:\\\/\\\/exaudi.org\\\/es\\\/iglesia-127-nuevos-beatos-martires\\\/\",\"url\":\"https:\\\/\\\/exaudi.org\\\/es\\\/iglesia-127-nuevos-beatos-martires\\\/\",\"name\":\"La Iglesia cuenta con 127 nuevos beatos m\u00e1rtires &#8211; Exaudi\",\"isPartOf\":{\"@id\":\"https:\\\/\\\/exaudi.org\\\/#website\"},\"primaryImageOfPage\":{\"@id\":\"https:\\\/\\\/exaudi.org\\\/es\\\/iglesia-127-nuevos-beatos-martires\\\/#primaryimage\"},\"image\":{\"@id\":\"https:\\\/\\\/exaudi.org\\\/es\\\/iglesia-127-nuevos-beatos-martires\\\/#primaryimage\"},\"thumbnailUrl\":\"https:\\\/\\\/exaudi.org\\\/wp-content\\\/uploads\\\/2021\\\/10\\\/Beatificacion-de-Juan-Elias-Medina-y-126-companeros-martires-16-oct.-2021-Cordoba-Espana.jpg\",\"datePublished\":\"2021-10-18T08:55:20+00:00\",\"dateModified\":\"2021-10-19T08:44:44+00:00\",\"author\":{\"@id\":\"https:\\\/\\\/exaudi.org\\\/#\\\/schema\\\/person\\\/7d2f77db033c2c0929edfab6dbe8c588\"},\"description\":\"La Iglesia cuenta desde el 16 de octubre de 2021 con 127 beatos m\u00e1rtires m\u00e1s inscritos en el Martirologio romano\",\"breadcrumb\":{\"@id\":\"https:\\\/\\\/exaudi.org\\\/es\\\/iglesia-127-nuevos-beatos-martires\\\/#breadcrumb\"},\"inLanguage\":\"es\",\"potentialAction\":[{\"@type\":\"ReadAction\",\"target\":[\"https:\\\/\\\/exaudi.org\\\/es\\\/iglesia-127-nuevos-beatos-martires\\\/\"]}]},{\"@type\":\"ImageObject\",\"inLanguage\":\"es\",\"@id\":\"https:\\\/\\\/exaudi.org\\\/es\\\/iglesia-127-nuevos-beatos-martires\\\/#primaryimage\",\"url\":\"https:\\\/\\\/exaudi.org\\\/wp-content\\\/uploads\\\/2021\\\/10\\\/Beatificacion-de-Juan-Elias-Medina-y-126-companeros-martires-16-oct.-2021-Cordoba-Espana.jpg\",\"contentUrl\":\"https:\\\/\\\/exaudi.org\\\/wp-content\\\/uploads\\\/2021\\\/10\\\/Beatificacion-de-Juan-Elias-Medina-y-126-companeros-martires-16-oct.-2021-Cordoba-Espana.jpg\",\"width\":900,\"height\":600,\"caption\":\"Beatificaci\u00f3n de Juan El\u00edas Medina y 126 compa\u00f1eros m\u00e1rtires, 16 oct. 2021, C\u00f3rdoba, Espa\u00f1a \u00a9 Di\u00f3cesis de C\u00f3rdoba\"},{\"@type\":\"BreadcrumbList\",\"@id\":\"https:\\\/\\\/exaudi.org\\\/es\\\/iglesia-127-nuevos-beatos-martires\\\/#breadcrumb\",\"itemListElement\":[{\"@type\":\"ListItem\",\"position\":1,\"name\":\"Portada\",\"item\":\"https:\\\/\\\/exaudi.org\\\/es\\\/\"},{\"@type\":\"ListItem\",\"position\":2,\"name\":\"La Iglesia cuenta con 127 nuevos beatos m\u00e1rtires\"}]},{\"@type\":\"WebSite\",\"@id\":\"https:\\\/\\\/exaudi.org\\\/#website\",\"url\":\"https:\\\/\\\/exaudi.org\\\/\",\"name\":\"Exaudi\",\"description\":\"News\",\"potentialAction\":[{\"@type\":\"SearchAction\",\"target\":{\"@type\":\"EntryPoint\",\"urlTemplate\":\"https:\\\/\\\/exaudi.org\\\/?s={search_term_string}\"},\"query-input\":{\"@type\":\"PropertyValueSpecification\",\"valueRequired\":true,\"valueName\":\"search_term_string\"}}],\"inLanguage\":\"es\"},{\"@type\":\"Person\",\"@id\":\"https:\\\/\\\/exaudi.org\\\/#\\\/schema\\\/person\\\/7d2f77db033c2c0929edfab6dbe8c588\",\"name\":\"Larissa I. L\u00f3pez\",\"image\":{\"@type\":\"ImageObject\",\"inLanguage\":\"es\",\"@id\":\"https:\\\/\\\/secure.gravatar.com\\\/avatar\\\/db3ef399ff343d0bb9d25dc5198bc8ece5ac6d621eca79876697a354dabc1e3f?s=96&d=mm&r=g\",\"url\":\"https:\\\/\\\/secure.gravatar.com\\\/avatar\\\/db3ef399ff343d0bb9d25dc5198bc8ece5ac6d621eca79876697a354dabc1e3f?s=96&d=mm&r=g\",\"contentUrl\":\"https:\\\/\\\/secure.gravatar.com\\\/avatar\\\/db3ef399ff343d0bb9d25dc5198bc8ece5ac6d621eca79876697a354dabc1e3f?s=96&d=mm&r=g\",\"caption\":\"Larissa I. L\u00f3pez\"},\"description\":\"Doctora en Comunicaci\u00f3n. Mi trayectoria profesional ha transcurrido entre el \u00e1mbito de la comunicaci\u00f3n y el de la docencia. En los \u00faltimos a\u00f1os, he trabajado como coordinadora y redactora de la edici\u00f3n de ZENIT en espa\u00f1ol. Como profesora, he impartido clases en la universidad y en centros de FP y bachillerato. Cordobesa de nacimiento, tambi\u00e9n he vivido en Sevilla, Madrid y Roma\",\"url\":\"https:\\\/\\\/exaudi.org\\\/es\\\/author\\\/llopezexaudi-org\\\/\"}]}<\/script>\n<!-- \/ Yoast SEO plugin. -->","yoast_head_json":{"title":"La Iglesia cuenta con 127 nuevos beatos m\u00e1rtires &#8211; Exaudi","description":"La Iglesia cuenta desde el 16 de octubre de 2021 con 127 beatos m\u00e1rtires m\u00e1s inscritos en el Martirologio romano","robots":{"index":"index","follow":"follow","max-snippet":"max-snippet:-1","max-image-preview":"max-image-preview:large","max-video-preview":"max-video-preview:-1"},"canonical":"https:\/\/exaudi.org\/es\/iglesia-127-nuevos-beatos-martires\/","og_locale":"es_ES","og_type":"article","og_title":"La Iglesia cuenta con 127 nuevos beatos m\u00e1rtires &#8211; Exaudi","og_description":"La Iglesia cuenta desde el 16 de octubre de 2021 con 127 beatos m\u00e1rtires m\u00e1s inscritos en el Martirologio romano","og_url":"https:\/\/exaudi.org\/es\/iglesia-127-nuevos-beatos-martires\/","og_site_name":"Exaudi","article_publisher":"https:\/\/www.facebook.com\/ExaudiNews","article_published_time":"2021-10-18T08:55:20+00:00","article_modified_time":"2021-10-19T08:44:44+00:00","og_image":[{"width":900,"height":600,"url":"https:\/\/exaudi.org\/wp-content\/uploads\/2021\/10\/Beatificacion-de-Juan-Elias-Medina-y-126-companeros-martires-16-oct.-2021-Cordoba-Espana.jpg","type":"image\/jpeg"}],"author":"Larissa I. L\u00f3pez","twitter_card":"summary_large_image","twitter_creator":"@Exaudi_News","twitter_site":"@Exaudi_News","twitter_misc":{"Escrito por":"Larissa I. L\u00f3pez","Tiempo de lectura":"5 minutos"},"schema":{"@context":"https:\/\/schema.org","@graph":[{"@type":"Article","@id":"https:\/\/exaudi.org\/es\/iglesia-127-nuevos-beatos-martires\/#article","isPartOf":{"@id":"https:\/\/exaudi.org\/es\/iglesia-127-nuevos-beatos-martires\/"},"author":{"name":"Larissa I. L\u00f3pez","@id":"https:\/\/exaudi.org\/#\/schema\/person\/7d2f77db033c2c0929edfab6dbe8c588"},"headline":"La Iglesia cuenta con 127 nuevos beatos m\u00e1rtires","datePublished":"2021-10-18T08:55:20+00:00","dateModified":"2021-10-19T08:44:44+00:00","mainEntityOfPage":{"@id":"https:\/\/exaudi.org\/es\/iglesia-127-nuevos-beatos-martires\/"},"wordCount":1002,"commentCount":0,"image":{"@id":"https:\/\/exaudi.org\/es\/iglesia-127-nuevos-beatos-martires\/#primaryimage"},"thumbnailUrl":"https:\/\/exaudi.org\/wp-content\/uploads\/2021\/10\/Beatificacion-de-Juan-Elias-Medina-y-126-companeros-martires-16-oct.-2021-Cordoba-Espana.jpg","keywords":["Beatificaci\u00f3n","Cardenal Marcello Semeraro","Ceremonia de Beatificaci\u00f3n","Di\u00f3cesis de C\u00f3rdoba","Espa\u00f1a","Juan El\u00edas Medina y 16 compa\u00f1eros","M\u00e1rtires"],"articleSection":["Causas de Santos","\u00daltimas noticias"],"inLanguage":"es","potentialAction":[{"@type":"CommentAction","name":"Comment","target":["https:\/\/exaudi.org\/es\/iglesia-127-nuevos-beatos-martires\/#respond"]}]},{"@type":"WebPage","@id":"https:\/\/exaudi.org\/es\/iglesia-127-nuevos-beatos-martires\/","url":"https:\/\/exaudi.org\/es\/iglesia-127-nuevos-beatos-martires\/","name":"La Iglesia cuenta con 127 nuevos beatos m\u00e1rtires &#8211; Exaudi","isPartOf":{"@id":"https:\/\/exaudi.org\/#website"},"primaryImageOfPage":{"@id":"https:\/\/exaudi.org\/es\/iglesia-127-nuevos-beatos-martires\/#primaryimage"},"image":{"@id":"https:\/\/exaudi.org\/es\/iglesia-127-nuevos-beatos-martires\/#primaryimage"},"thumbnailUrl":"https:\/\/exaudi.org\/wp-content\/uploads\/2021\/10\/Beatificacion-de-Juan-Elias-Medina-y-126-companeros-martires-16-oct.-2021-Cordoba-Espana.jpg","datePublished":"2021-10-18T08:55:20+00:00","dateModified":"2021-10-19T08:44:44+00:00","author":{"@id":"https:\/\/exaudi.org\/#\/schema\/person\/7d2f77db033c2c0929edfab6dbe8c588"},"description":"La Iglesia cuenta desde el 16 de octubre de 2021 con 127 beatos m\u00e1rtires m\u00e1s inscritos en el Martirologio romano","breadcrumb":{"@id":"https:\/\/exaudi.org\/es\/iglesia-127-nuevos-beatos-martires\/#breadcrumb"},"inLanguage":"es","potentialAction":[{"@type":"ReadAction","target":["https:\/\/exaudi.org\/es\/iglesia-127-nuevos-beatos-martires\/"]}]},{"@type":"ImageObject","inLanguage":"es","@id":"https:\/\/exaudi.org\/es\/iglesia-127-nuevos-beatos-martires\/#primaryimage","url":"https:\/\/exaudi.org\/wp-content\/uploads\/2021\/10\/Beatificacion-de-Juan-Elias-Medina-y-126-companeros-martires-16-oct.-2021-Cordoba-Espana.jpg","contentUrl":"https:\/\/exaudi.org\/wp-content\/uploads\/2021\/10\/Beatificacion-de-Juan-Elias-Medina-y-126-companeros-martires-16-oct.-2021-Cordoba-Espana.jpg","width":900,"height":600,"caption":"Beatificaci\u00f3n de Juan El\u00edas Medina y 126 compa\u00f1eros m\u00e1rtires, 16 oct. 2021, C\u00f3rdoba, Espa\u00f1a \u00a9 Di\u00f3cesis de C\u00f3rdoba"},{"@type":"BreadcrumbList","@id":"https:\/\/exaudi.org\/es\/iglesia-127-nuevos-beatos-martires\/#breadcrumb","itemListElement":[{"@type":"ListItem","position":1,"name":"Portada","item":"https:\/\/exaudi.org\/es\/"},{"@type":"ListItem","position":2,"name":"La Iglesia cuenta con 127 nuevos beatos m\u00e1rtires"}]},{"@type":"WebSite","@id":"https:\/\/exaudi.org\/#website","url":"https:\/\/exaudi.org\/","name":"Exaudi","description":"News","potentialAction":[{"@type":"SearchAction","target":{"@type":"EntryPoint","urlTemplate":"https:\/\/exaudi.org\/?s={search_term_string}"},"query-input":{"@type":"PropertyValueSpecification","valueRequired":true,"valueName":"search_term_string"}}],"inLanguage":"es"},{"@type":"Person","@id":"https:\/\/exaudi.org\/#\/schema\/person\/7d2f77db033c2c0929edfab6dbe8c588","name":"Larissa I. L\u00f3pez","image":{"@type":"ImageObject","inLanguage":"es","@id":"https:\/\/secure.gravatar.com\/avatar\/db3ef399ff343d0bb9d25dc5198bc8ece5ac6d621eca79876697a354dabc1e3f?s=96&d=mm&r=g","url":"https:\/\/secure.gravatar.com\/avatar\/db3ef399ff343d0bb9d25dc5198bc8ece5ac6d621eca79876697a354dabc1e3f?s=96&d=mm&r=g","contentUrl":"https:\/\/secure.gravatar.com\/avatar\/db3ef399ff343d0bb9d25dc5198bc8ece5ac6d621eca79876697a354dabc1e3f?s=96&d=mm&r=g","caption":"Larissa I. L\u00f3pez"},"description":"Doctora en Comunicaci\u00f3n. Mi trayectoria profesional ha transcurrido entre el \u00e1mbito de la comunicaci\u00f3n y el de la docencia. En los \u00faltimos a\u00f1os, he trabajado como coordinadora y redactora de la edici\u00f3n de ZENIT en espa\u00f1ol. Como profesora, he impartido clases en la universidad y en centros de FP y bachillerato. Cordobesa de nacimiento, tambi\u00e9n he vivido en Sevilla, Madrid y Roma","url":"https:\/\/exaudi.org\/es\/author\/llopezexaudi-org\/"}]}},"jetpack_featured_media_url":"https:\/\/exaudi.org\/wp-content\/uploads\/2021\/10\/Beatificacion-de-Juan-Elias-Medina-y-126-companeros-martires-16-oct.-2021-Cordoba-Espana.jpg","jetpack_shortlink":"https:\/\/wp.me\/pgKjF2-9C0","_links":{"self":[{"href":"https:\/\/exaudi.org\/es\/wp-json\/wp\/v2\/posts\/36952","targetHints":{"allow":["GET"]}}],"collection":[{"href":"https:\/\/exaudi.org\/es\/wp-json\/wp\/v2\/posts"}],"about":[{"href":"https:\/\/exaudi.org\/es\/wp-json\/wp\/v2\/types\/post"}],"author":[{"embeddable":true,"href":"https:\/\/exaudi.org\/es\/wp-json\/wp\/v2\/users\/5"}],"replies":[{"embeddable":true,"href":"https:\/\/exaudi.org\/es\/wp-json\/wp\/v2\/comments?post=36952"}],"version-history":[{"count":0,"href":"https:\/\/exaudi.org\/es\/wp-json\/wp\/v2\/posts\/36952\/revisions"}],"wp:featuredmedia":[{"embeddable":true,"href":"https:\/\/exaudi.org\/es\/wp-json\/wp\/v2\/media\/36953"}],"wp:attachment":[{"href":"https:\/\/exaudi.org\/es\/wp-json\/wp\/v2\/media?parent=36952"}],"wp:term":[{"taxonomy":"category","embeddable":true,"href":"https:\/\/exaudi.org\/es\/wp-json\/wp\/v2\/categories?post=36952"},{"taxonomy":"post_tag","embeddable":true,"href":"https:\/\/exaudi.org\/es\/wp-json\/wp\/v2\/tags?post=36952"}],"curies":[{"name":"wp","href":"https:\/\/api.w.org\/{rel}","templated":true}]}}