{"id":36934,"date":"2025-10-18T07:30:25","date_gmt":"2025-10-18T05:30:25","guid":{"rendered":"https:\/\/exaudi.wpengine.com\/?p=36934"},"modified":"2025-10-18T10:13:57","modified_gmt":"2025-10-18T08:13:57","slug":"san-pedro-de-alcantara-18-octubre","status":"publish","type":"post","link":"https:\/\/exaudi.org\/es\/san-pedro-de-alcantara-18-octubre\/","title":{"rendered":"San Pedro de Alc\u00e1ntara, 18 de octubre"},"content":{"rendered":"<p><span style=\"font-weight: 400;\">Hoy, festividad del ap\u00f3stol san Lucas, la Iglesia celebra tambi\u00e9n la vida de este gran penitente y reformador espa\u00f1ol, Pedro de Alc\u00e1ntara, que vino al mundo en un siglo cuajado de santos como Ignacio de Loyola, Teresa de Jes\u00fas, Juan de la Cruz, Juan de Dios, Juan de \u00c1vila, Francisco de Borja y Francisco Solano, entre otros, para unirse a esta pl\u00e9yade de heraldos de Cristo.\u00a0<\/span><\/p>\n<p><iframe title=\"Spotify Embed: San Pedro de Alc\u00e1ntara, 18 de octubre\" style=\"border-radius: 12px\" width=\"100%\" height=\"152\" frameborder=\"0\" allowfullscreen allow=\"autoplay; clipboard-write; encrypted-media; fullscreen; picture-in-picture\" loading=\"lazy\" src=\"https:\/\/open.spotify.com\/embed\/episode\/2PgNakpdTh154RHgngRUeg?si=5gMxqGzeQ_uO6VFdPgaHeA&#038;utm_source=oembed\"><\/iframe><\/p>\n<p><span style=\"font-weight: 400;\">Vio la luz hacia 1499 en Alc\u00e1ntara, C\u00e1ceres, noble tierra extreme\u00f1a, cuna de conquistadores. Y habr\u00eda de emularlos siguiendo los pasos de su santo fundador, Francisco de As\u00eds, arrebatando incontables conversiones con sus extraordinarias mortificaciones y disciplinas.<\/span><\/p>\n<p><span style=\"font-weight: 400;\"> Estaba dotado de una memoria prodigiosa, excepcional inteligencia, y una voluntad invencible, todo lo cual puesto a los pies de Cristo, como hizo \u00e9l, no pod\u00eda por menos que revertir en una cascada de bendiciones. Fue un hombre de gran finura de trato, con una potencia taumat\u00fargica excepcional. El magnetismo de su virtud inundaba los corazones de quienes le escuchaban.\u00a0<\/span><\/p>\n<p><span style=\"font-weight: 400;\">Su padre, gobernador de Alc\u00e1ntara, se ocup\u00f3 de que recibiese esmerada educaci\u00f3n en Salamanca. All\u00ed estudi\u00f3 filosof\u00eda y derecho. Rozaba el umbral de la juventud y ya cursaba leyes. De hecho al cumplir los 16 a\u00f1os, hab\u00eda aprobado el primer curso. Espiritualmente sab\u00eda lo que quer\u00eda. Pero el seguimiento tiene siempre un coste: el completo abandono en las manos de Dios. <\/span><\/p>\n<p><span style=\"font-weight: 400;\">Y cuando se posa en el alma la invitaci\u00f3n del Alt\u00edsimo, esta puede debatirse entre el temblor de un amor incomparable que le desborda, y la luz aparentemente inextinguible de un mundo que no termina de desvanecerse pugnando por cegarla. En ese est\u00edo Pedro vacilaba entre dos cl\u00e1sicos caminos, incompatibles entre s\u00ed: el mundo y Dios, y tuvo que hacer frente a un abanico de tentaciones que iban y ven\u00edan sin darle respiro.<\/span><\/p>\n<p><span style=\"font-weight: 400;\"> En esas se encontraba, sosteniendo con firmeza las bridas de la fe, cuando fue en pos de unos religiosos franciscanos descalzos que pasaban por su localidad natal y a los que vio transitar delante de su propia casa. No tuvo que salir a buscarlos siquiera; los tuvo a la mano. Tampoco consult\u00f3 a sus progenitores; al verlos los sigui\u00f3, escap\u00e1ndose con ellos.\u00a0<\/span><\/p>\n<p><span style=\"font-weight: 400;\">Profes\u00f3 en 1515 en el convento de Majarretes, colindante a la localidad de Valencia de Alc\u00e1ntara, cercana a Portugal. La infancia del santo se hab\u00eda caracterizado por su piedad y caridad encarnadas en una oraci\u00f3n continua. El convento era un para\u00edso para alguien como \u00e9l que iba a entrar en los anales de la asc\u00e9tica por su celo en conquistar la santidad sin ahorrar sacrificios. All\u00ed pudo dar rienda suelta a su ardiente amor por la Sant\u00edsima Trinidad y su tierna devoci\u00f3n por Mar\u00eda. <\/span><\/p>\n<p><span style=\"font-weight: 400;\">Sinti\u00e9ndose arrebatado, y ya signado por favores sobrenaturales, viv\u00eda exclusivamente para Dios, ajeno, podr\u00eda decirse, a toda necesidad y particularidades de este mundo. Todo ello aderezado por sus mortificaciones y dur\u00edsimas penitencias, que a muchos podr\u00edan parecerles inauditas.<\/span><\/p>\n<p><span style=\"font-weight: 400;\"> En su inmolaci\u00f3n amorosa lleg\u00f3 un momento en que perdi\u00f3 el sentido del gusto, la tierra era su lecho, un clavo en la pared su almohada, las noches una vigilia de oraci\u00f3n, etc. Fue portero, barrendero, cocinero y hortelano. La cocina le dio algunos sinsabores porque se distra\u00eda y le reconven\u00edan por ello. Nombrado superior de varios conventos desempe\u00f1\u00f3 esta misi\u00f3n ejemplarmente.\u00a0<\/span><\/p>\n<p><span style=\"font-weight: 400;\">Como predicador no ten\u00eda precio. Quienes le o\u00edan (buscaba que el auditorio fuese de gente pobre) se convert\u00edan, sintiendo que sus palabras proced\u00edan directamente del cielo. Era aclamado por obispos, reyes y plebeyos. Buscando la soledad de la oraci\u00f3n, fue a Lapa donde escribi\u00f3 un texto sobre la misma.<\/span><\/p>\n<p><span style=\"font-weight: 400;\"> En 1556 en El Pedroso reform\u00f3 la Orden de \u201cestricta observancia\u201d que fue aprobada por el Papa. En 1560 conoci\u00f3 a Teresa de Jes\u00fas y la ayud\u00f3 espiritualmente con su claridad y experiencia para que pudiese dilucidar el trasfondo de las visiones que ten\u00eda, poni\u00e9ndola en contacto, adem\u00e1s, con expertos y virtuosos confesores. Su apoyo fue decisivo para que ella pudiera llevar a cabo la reforma carmelitana.\u00a0<\/span><\/p>\n<p><span style=\"font-weight: 400;\">Teresa hizo este impactante retrato de \u00e9l, que tanto conmueve, m\u00e1xime cuando procede de la autoridad de una santa como ella: \u201cMe dijo que en los \u00faltimos a\u00f1os no hab\u00eda dormido sino unas poqu\u00edsimas horas cada noche. Que al principio su mayor mortificaci\u00f3n consist\u00eda en vencer el sue\u00f1o, por lo cual ten\u00eda que pasar la noche de rodillas o de pie. Que en estos 40 a\u00f1os jam\u00e1s se cubri\u00f3 la cabeza en los viajes aunque el sol o la lluvia fueran muy fuertes.<\/span><\/p>\n<p><span style=\"font-weight: 400;\"> Siempre iba descalzo y su \u00fanico vestido era un t\u00fanica de tela muy ordinaria. Me dijo que cuando el fr\u00edo era muy intenso, entonces se quitaba el manto y abr\u00eda la puerta y la ventana de su habitaci\u00f3n, para que luego al cerrarlas y ponerse otra vez el manto lograra sentir un poquito m\u00e1s de calor.<\/span><\/p>\n<p><span style=\"font-weight: 400;\"> Estaba acostumbrado a comer solo cada tres d\u00edas y se extra\u00f1\u00f3 de que yo me maravillase por eso, pues dec\u00eda, que eso era cuesti\u00f3n de acostumbrarse uno a no comer. Un compa\u00f1ero suyo me cont\u00f3 que a veces pasaba una semana sin comer, y esto suced\u00eda cuando le llegaban los \u00e9xtasis y los d\u00edas de oraci\u00f3n m\u00e1s profunda pues entonces sus sentidos no se daban cuenta de lo que suced\u00eda a su alrededor. <\/span><\/p>\n<p><span style=\"font-weight: 400;\">Cuando yo lo conoc\u00ed ya era muy viejo y su cuerpo estaba tan flaco que parec\u00eda m\u00e1s bien hecho de ra\u00edces y de cortezas de \u00e1rbol, que de carne. Era un hombre muy amable, pero solo hablaba cuando le preguntaban algo. Respond\u00eda con pocas palabras, pero val\u00eda la pena o\u00edrlo, porque lo que dec\u00eda hac\u00eda mucho bien\u2026\u201d.\u00a0<\/span><\/p>\n<p><span style=\"font-weight: 400;\">Muri\u00f3 el 18 de octubre de 1562 en Arenas de San Pedro, \u00c1vila. Hizo muchos milagros. Se apareci\u00f3 varias veces a Teresa que reconoci\u00f3 haber obtenido por medio de \u00e9l, cuando se hallaba en la gloria, \u201cenormes favores de Dios\u201d. En una de esas ocasiones le confi\u00f3: \u201cFelices sufrimientos y penitencias en la tierra, que me consiguieron tan grandes premios en el cielo\u201d. Gregorio XV lo beatific\u00f3 el 18 de abril de 1622. Clemente IX lo canoniz\u00f3 el 28 de abril de 1669.<\/span><\/p>\n<p><img loading=\"lazy\" decoding=\"async\" class=\"size-full wp-image-136079 alignnone\" src=\"https:\/\/exaudi.org\/wp-content\/uploads\/2024\/10\/485404537_1072127051619984_2376109602847512020_n.jpg\" alt=\"\" width=\"526\" height=\"526\" srcset=\"https:\/\/exaudi.org\/wp-content\/uploads\/2024\/10\/485404537_1072127051619984_2376109602847512020_n.jpg 526w, https:\/\/exaudi.org\/wp-content\/uploads\/2024\/10\/485404537_1072127051619984_2376109602847512020_n-300x300.jpg 300w, https:\/\/exaudi.org\/wp-content\/uploads\/2024\/10\/485404537_1072127051619984_2376109602847512020_n-100x100.jpg?crop=1 100w, https:\/\/exaudi.org\/wp-content\/uploads\/2024\/10\/485404537_1072127051619984_2376109602847512020_n-500x500.jpg 500w\" sizes=\"auto, (max-width: 526px) 100vw, 526px\" \/><\/p>\n<h6><em>\u00a9\u00a0<a href=\"https:\/\/exaudi.wpengine.com\/es\/author\/isabelorellana\/\" target=\"_blank\" rel=\"noopener noreferrer\">Isabel Orellana Vilches<\/a>, 2018<\/em><\/h6>\n<h6><em>Autora vinculada a<\/em><\/h6>\n<h6><em><img loading=\"lazy\" decoding=\"async\" class=\"alignright wp-image-2208\" src=\"https:\/\/exaudi.org\/wp-content\/uploads\/2021\/02\/santoral-scaled-1-725x1024.jpg\" alt=\"santoral Isabel Orellana\" width=\"262\" height=\"370\" \/><\/em><img loading=\"lazy\" decoding=\"async\" class=\"alignnone size-full wp-image-41949\" src=\"https:\/\/www.idente.org\/wp-content\/uploads\/logo-cedro-v01-843x295-1-e1603384654546.png\" alt=\"\" width=\"80\" height=\"28\" \/><br \/>\nObra protegida por derechos de autor.<br \/>\nInscrita en el Registro de la Propiedad Intelectual el 24 de noviembre de 2014.<br \/>\n________________<br \/>\nDerechos de edici\u00f3n reservados:<br \/>\n<a href=\"https:\/\/rielo.com\/\" target=\"_blank\" rel=\"noopener noreferrer\">Fundaci\u00f3n Fernando Rielo<\/a><br \/>\nGoya 20, 4.\u00ba izq. int. 28001 Madrid<br \/>\nTlf.: (34) 91 575 40 91<br \/>\nCorreo electr\u00f3nico:\u00a0fundacion@rielo.com<\/h6>\n<div class=\"page\" title=\"Page 4\">\n<div class=\"layoutArea\">\n<div class=\"column\">\n<h6>Dep\u00f3sito legal: M-18664-2020<br \/>\nISBN: 978-84-946646-6-3<\/h6>\n<\/div>\n<\/div>\n<\/div>\n","protected":false},"excerpt":{"rendered":"<p>Franciscano espa\u00f1ol<\/p>\n","protected":false},"author":23,"featured_media":36935,"comment_status":"closed","ping_status":"closed","sticky":false,"template":"","format":"standard","meta":{"_acf_changed":false,"_crdt_document":"","inline_featured_image":false,"footnotes":""},"categories":[74,2772],"tags":[388,4570,387,58880],"class_list":["post-36934","post","type-post","status-publish","format-standard","has-post-thumbnail","hentry","category-iglesia-y-mundo","category-santoral","tag-isabel-orellana-vilches","tag-san-pedro-de-alcantara","tag-santoral","tag-trending-es-151"],"acf":[],"yoast_head":"<!-- This site is optimized with the Yoast SEO plugin v27.5 - https:\/\/yoast.com\/product\/yoast-seo-wordpress\/ -->\n<title>San Pedro de Alc\u00e1ntara, 18 de octubre - Exaudi Catholic News<\/title>\n<meta name=\"description\" content=\"Santoral del 18 de octubre, san Pedro de Alc\u00e1ntara, escrito por Isabel Orellana y editado por la Fundaci\u00f3n Fernando Rielo.\" \/>\n<meta name=\"robots\" content=\"index, follow, max-snippet:-1, max-image-preview:large, max-video-preview:-1\" \/>\n<link rel=\"canonical\" href=\"https:\/\/exaudi.org\/es\/san-pedro-de-alcantara-18-octubre\/\" \/>\n<meta property=\"og:locale\" content=\"es_ES\" \/>\n<meta property=\"og:type\" content=\"article\" \/>\n<meta property=\"og:title\" content=\"San Pedro de Alc\u00e1ntara, 18 de octubre - Exaudi Catholic News\" \/>\n<meta property=\"og:description\" content=\"Santoral del 18 de octubre, san Pedro de Alc\u00e1ntara, escrito por Isabel Orellana y editado por la Fundaci\u00f3n Fernando Rielo.\" \/>\n<meta property=\"og:url\" content=\"https:\/\/exaudi.org\/es\/san-pedro-de-alcantara-18-octubre\/\" \/>\n<meta property=\"og:site_name\" content=\"Exaudi\" \/>\n<meta property=\"article:publisher\" content=\"https:\/\/www.facebook.com\/ExaudiNews\" \/>\n<meta property=\"article:published_time\" content=\"2025-10-18T05:30:25+00:00\" \/>\n<meta property=\"article:modified_time\" content=\"2025-10-18T08:13:57+00:00\" \/>\n<meta property=\"og:image\" content=\"https:\/\/exaudi.org\/wp-content\/uploads\/2021\/10\/465as4dasd.jpg\" \/>\n\t<meta property=\"og:image:width\" content=\"1266\" \/>\n\t<meta property=\"og:image:height\" content=\"865\" \/>\n\t<meta property=\"og:image:type\" content=\"image\/jpeg\" \/>\n<meta name=\"author\" content=\"Isabel Orellana\" \/>\n<meta name=\"twitter:card\" content=\"summary_large_image\" \/>\n<meta name=\"twitter:creator\" content=\"@Exaudi_News\" \/>\n<meta name=\"twitter:site\" content=\"@Exaudi_News\" \/>\n<meta name=\"twitter:label1\" content=\"Escrito por\" \/>\n\t<meta name=\"twitter:data1\" content=\"Isabel Orellana\" \/>\n\t<meta name=\"twitter:label2\" content=\"Tiempo de lectura\" \/>\n\t<meta name=\"twitter:data2\" content=\"6 minutos\" \/>\n<script type=\"application\/ld+json\" class=\"yoast-schema-graph\">{\"@context\":\"https:\\\/\\\/schema.org\",\"@graph\":[{\"@type\":\"Article\",\"@id\":\"https:\\\/\\\/exaudi.org\\\/es\\\/san-pedro-de-alcantara-18-octubre\\\/#article\",\"isPartOf\":{\"@id\":\"https:\\\/\\\/exaudi.org\\\/es\\\/san-pedro-de-alcantara-18-octubre\\\/\"},\"author\":{\"name\":\"Isabel Orellana\",\"@id\":\"https:\\\/\\\/exaudi.org\\\/#\\\/schema\\\/person\\\/64e18b96fd6118559a9217b5b3375fdc\"},\"headline\":\"San Pedro de Alc\u00e1ntara, 18 de octubre\",\"datePublished\":\"2025-10-18T05:30:25+00:00\",\"dateModified\":\"2025-10-18T08:13:57+00:00\",\"mainEntityOfPage\":{\"@id\":\"https:\\\/\\\/exaudi.org\\\/es\\\/san-pedro-de-alcantara-18-octubre\\\/\"},\"wordCount\":1156,\"image\":{\"@id\":\"https:\\\/\\\/exaudi.org\\\/es\\\/san-pedro-de-alcantara-18-octubre\\\/#primaryimage\"},\"thumbnailUrl\":\"https:\\\/\\\/exaudi.org\\\/wp-content\\\/uploads\\\/2021\\\/10\\\/465as4dasd.jpg\",\"keywords\":[\"Isabel Orellana Vilches\",\"San Pedro de Alc\u00e1ntara\",\"Santoral\",\"Trending\"],\"articleSection\":[\"Iglesia y Mundo\",\"Santoral\"],\"inLanguage\":\"es\"},{\"@type\":\"WebPage\",\"@id\":\"https:\\\/\\\/exaudi.org\\\/es\\\/san-pedro-de-alcantara-18-octubre\\\/\",\"url\":\"https:\\\/\\\/exaudi.org\\\/es\\\/san-pedro-de-alcantara-18-octubre\\\/\",\"name\":\"San Pedro de Alc\u00e1ntara, 18 de octubre - Exaudi Catholic News\",\"isPartOf\":{\"@id\":\"https:\\\/\\\/exaudi.org\\\/#website\"},\"primaryImageOfPage\":{\"@id\":\"https:\\\/\\\/exaudi.org\\\/es\\\/san-pedro-de-alcantara-18-octubre\\\/#primaryimage\"},\"image\":{\"@id\":\"https:\\\/\\\/exaudi.org\\\/es\\\/san-pedro-de-alcantara-18-octubre\\\/#primaryimage\"},\"thumbnailUrl\":\"https:\\\/\\\/exaudi.org\\\/wp-content\\\/uploads\\\/2021\\\/10\\\/465as4dasd.jpg\",\"datePublished\":\"2025-10-18T05:30:25+00:00\",\"dateModified\":\"2025-10-18T08:13:57+00:00\",\"author\":{\"@id\":\"https:\\\/\\\/exaudi.org\\\/#\\\/schema\\\/person\\\/64e18b96fd6118559a9217b5b3375fdc\"},\"description\":\"Santoral del 18 de octubre, san Pedro de Alc\u00e1ntara, escrito por Isabel Orellana y editado por la Fundaci\u00f3n Fernando Rielo.\",\"breadcrumb\":{\"@id\":\"https:\\\/\\\/exaudi.org\\\/es\\\/san-pedro-de-alcantara-18-octubre\\\/#breadcrumb\"},\"inLanguage\":\"es\",\"potentialAction\":[{\"@type\":\"ReadAction\",\"target\":[\"https:\\\/\\\/exaudi.org\\\/es\\\/san-pedro-de-alcantara-18-octubre\\\/\"]}]},{\"@type\":\"ImageObject\",\"inLanguage\":\"es\",\"@id\":\"https:\\\/\\\/exaudi.org\\\/es\\\/san-pedro-de-alcantara-18-octubre\\\/#primaryimage\",\"url\":\"https:\\\/\\\/exaudi.org\\\/wp-content\\\/uploads\\\/2021\\\/10\\\/465as4dasd.jpg\",\"contentUrl\":\"https:\\\/\\\/exaudi.org\\\/wp-content\\\/uploads\\\/2021\\\/10\\\/465as4dasd.jpg\",\"width\":1266,\"height\":865,\"caption\":\"San Pedro de Alc\u00e1ntara \u00a9 Museo del Prado\"},{\"@type\":\"BreadcrumbList\",\"@id\":\"https:\\\/\\\/exaudi.org\\\/es\\\/san-pedro-de-alcantara-18-octubre\\\/#breadcrumb\",\"itemListElement\":[{\"@type\":\"ListItem\",\"position\":1,\"name\":\"Portada\",\"item\":\"https:\\\/\\\/exaudi.org\\\/es\\\/\"},{\"@type\":\"ListItem\",\"position\":2,\"name\":\"San Pedro de Alc\u00e1ntara, 18 de octubre\"}]},{\"@type\":\"WebSite\",\"@id\":\"https:\\\/\\\/exaudi.org\\\/#website\",\"url\":\"https:\\\/\\\/exaudi.org\\\/\",\"name\":\"Exaudi\",\"description\":\"News\",\"potentialAction\":[{\"@type\":\"SearchAction\",\"target\":{\"@type\":\"EntryPoint\",\"urlTemplate\":\"https:\\\/\\\/exaudi.org\\\/?s={search_term_string}\"},\"query-input\":{\"@type\":\"PropertyValueSpecification\",\"valueRequired\":true,\"valueName\":\"search_term_string\"}}],\"inLanguage\":\"es\"},{\"@type\":\"Person\",\"@id\":\"https:\\\/\\\/exaudi.org\\\/#\\\/schema\\\/person\\\/64e18b96fd6118559a9217b5b3375fdc\",\"name\":\"Isabel Orellana\",\"image\":{\"@type\":\"ImageObject\",\"inLanguage\":\"es\",\"@id\":\"https:\\\/\\\/secure.gravatar.com\\\/avatar\\\/51968380bbb6b22ae85c605634860366fd9a2a611c6341125115bca32cd6c171?s=96&d=mm&r=g\",\"url\":\"https:\\\/\\\/secure.gravatar.com\\\/avatar\\\/51968380bbb6b22ae85c605634860366fd9a2a611c6341125115bca32cd6c171?s=96&d=mm&r=g\",\"contentUrl\":\"https:\\\/\\\/secure.gravatar.com\\\/avatar\\\/51968380bbb6b22ae85c605634860366fd9a2a611c6341125115bca32cd6c171?s=96&d=mm&r=g\",\"caption\":\"Isabel Orellana\"},\"description\":\"Isabel Orellana Vilches Misionera idente. Doctora en Filosof\u00eda por la Universidad Aut\u00f3noma de Barcelona con la tesis Realismo y progreso cient\u00edfico en la epistemolog\u00eda popperiana. Ha cursado estudios de teolog\u00eda en la Universidad Pontificia de Salamanca. Con amplia actividad docente desde 1986, ha publicado libros como: Realismo y progreso cient\u00edfico en la epistemolog\u00eda popperiana, Universitat Aut\u00f2noma de Barcelona, 1993; El evangelio habla a los j\u00f3venes, Atenas, Madrid, 1997; Qu\u00e9 es... LA TOLERANCIA, Paulinas, Madrid, 1999; Pedagog\u00eda del dolor. Ensayo antropol\u00f3gico, Palabra, Madrid, 1999; En colaboraci\u00f3n con Enrique Rivera de Ventosa (\u2020) OFM. Cap. San Francisco de As\u00eds y Fernando Rielo: Convergencias. Respuestas desde la fe a los interrogantes del hombre de hoy, Universidad Pontificia, Salamanca, 2001; La \\\"mirada\\\" del cine. Recursos did\u00e1cticos del s\u00e9ptimo arte. Librer\u00eda Cervantes, Salamanca, 2001; Paradojas de la convivencia, San Pablo, Madrid, 2002; En la Universidad T\u00e9cnica Particular de Loja, Ecuador, ha publicado: La confianza. El arte de amar, 2002; Educar para la responsabilidad, 2003; Apuntes de \u00e9tica en Karl R. Popper, 2003; De soledades y comunicaci\u00f3n, 2005; Yo educo; t\u00fa respondes, 2008; Humanismo y fe en un crisol de culturas, 2008; Repensar lo cotidiano, 2008; Convivir: un constante desaf\u00edo, 2009; La l\u00f3gica del amor, 2010; El dolor del amor. Apuntes sobre la enfermedad y el dolor en relaci\u00f3n con la virtud heroica, el martirio y la vida santa. Seminario Diocesano de M\u00e1laga, 2006 y Universidad T\u00e9cnica Particular de Loja, Ecuador (2007). Cuenta con numerosas colaboraciones en obras colectivas, as\u00ed como relatos, cuentos, f\u00e1bula y novela juvenil, adem\u00e1s de art\u00edculos de tem\u00e1tica cient\u00edfica, pedag\u00f3gica y espiritual, que viene publicando en distintas revistas nacionales e internacionales. En 2012 culmin\u00f3 el santoral Llamados a ser santos y poco m\u00e1s tarde Epopeyas de amor prologado por mons. Fernando Sebasti\u00e1n. Es la bi\u00f3grafa oficial del fundador de su familia espiritual, autora de Fernando Rielo Pardal. Fundador de los Misioneros Identes, Descl\u00e9e de Brouwer, Bilbao, 2009. Culmina la biograf\u00eda completa. Encargada del santoral de ZENIT desde 2012 a 2020 y ahora en Exaudi\",\"url\":\"https:\\\/\\\/exaudi.org\\\/es\\\/author\\\/isabelorellana\\\/\"}]}<\/script>\n<!-- \/ Yoast SEO plugin. -->","yoast_head_json":{"title":"San Pedro de Alc\u00e1ntara, 18 de octubre - Exaudi Catholic News","description":"Santoral del 18 de octubre, san Pedro de Alc\u00e1ntara, escrito por Isabel Orellana y editado por la Fundaci\u00f3n Fernando Rielo.","robots":{"index":"index","follow":"follow","max-snippet":"max-snippet:-1","max-image-preview":"max-image-preview:large","max-video-preview":"max-video-preview:-1"},"canonical":"https:\/\/exaudi.org\/es\/san-pedro-de-alcantara-18-octubre\/","og_locale":"es_ES","og_type":"article","og_title":"San Pedro de Alc\u00e1ntara, 18 de octubre - Exaudi Catholic News","og_description":"Santoral del 18 de octubre, san Pedro de Alc\u00e1ntara, escrito por Isabel Orellana y editado por la Fundaci\u00f3n Fernando Rielo.","og_url":"https:\/\/exaudi.org\/es\/san-pedro-de-alcantara-18-octubre\/","og_site_name":"Exaudi","article_publisher":"https:\/\/www.facebook.com\/ExaudiNews","article_published_time":"2025-10-18T05:30:25+00:00","article_modified_time":"2025-10-18T08:13:57+00:00","og_image":[{"width":1266,"height":865,"url":"https:\/\/exaudi.org\/wp-content\/uploads\/2021\/10\/465as4dasd.jpg","type":"image\/jpeg"}],"author":"Isabel Orellana","twitter_card":"summary_large_image","twitter_creator":"@Exaudi_News","twitter_site":"@Exaudi_News","twitter_misc":{"Escrito por":"Isabel Orellana","Tiempo de lectura":"6 minutos"},"schema":{"@context":"https:\/\/schema.org","@graph":[{"@type":"Article","@id":"https:\/\/exaudi.org\/es\/san-pedro-de-alcantara-18-octubre\/#article","isPartOf":{"@id":"https:\/\/exaudi.org\/es\/san-pedro-de-alcantara-18-octubre\/"},"author":{"name":"Isabel Orellana","@id":"https:\/\/exaudi.org\/#\/schema\/person\/64e18b96fd6118559a9217b5b3375fdc"},"headline":"San Pedro de Alc\u00e1ntara, 18 de octubre","datePublished":"2025-10-18T05:30:25+00:00","dateModified":"2025-10-18T08:13:57+00:00","mainEntityOfPage":{"@id":"https:\/\/exaudi.org\/es\/san-pedro-de-alcantara-18-octubre\/"},"wordCount":1156,"image":{"@id":"https:\/\/exaudi.org\/es\/san-pedro-de-alcantara-18-octubre\/#primaryimage"},"thumbnailUrl":"https:\/\/exaudi.org\/wp-content\/uploads\/2021\/10\/465as4dasd.jpg","keywords":["Isabel Orellana Vilches","San Pedro de Alc\u00e1ntara","Santoral","Trending"],"articleSection":["Iglesia y Mundo","Santoral"],"inLanguage":"es"},{"@type":"WebPage","@id":"https:\/\/exaudi.org\/es\/san-pedro-de-alcantara-18-octubre\/","url":"https:\/\/exaudi.org\/es\/san-pedro-de-alcantara-18-octubre\/","name":"San Pedro de Alc\u00e1ntara, 18 de octubre - Exaudi Catholic News","isPartOf":{"@id":"https:\/\/exaudi.org\/#website"},"primaryImageOfPage":{"@id":"https:\/\/exaudi.org\/es\/san-pedro-de-alcantara-18-octubre\/#primaryimage"},"image":{"@id":"https:\/\/exaudi.org\/es\/san-pedro-de-alcantara-18-octubre\/#primaryimage"},"thumbnailUrl":"https:\/\/exaudi.org\/wp-content\/uploads\/2021\/10\/465as4dasd.jpg","datePublished":"2025-10-18T05:30:25+00:00","dateModified":"2025-10-18T08:13:57+00:00","author":{"@id":"https:\/\/exaudi.org\/#\/schema\/person\/64e18b96fd6118559a9217b5b3375fdc"},"description":"Santoral del 18 de octubre, san Pedro de Alc\u00e1ntara, escrito por Isabel Orellana y editado por la Fundaci\u00f3n Fernando Rielo.","breadcrumb":{"@id":"https:\/\/exaudi.org\/es\/san-pedro-de-alcantara-18-octubre\/#breadcrumb"},"inLanguage":"es","potentialAction":[{"@type":"ReadAction","target":["https:\/\/exaudi.org\/es\/san-pedro-de-alcantara-18-octubre\/"]}]},{"@type":"ImageObject","inLanguage":"es","@id":"https:\/\/exaudi.org\/es\/san-pedro-de-alcantara-18-octubre\/#primaryimage","url":"https:\/\/exaudi.org\/wp-content\/uploads\/2021\/10\/465as4dasd.jpg","contentUrl":"https:\/\/exaudi.org\/wp-content\/uploads\/2021\/10\/465as4dasd.jpg","width":1266,"height":865,"caption":"San Pedro de Alc\u00e1ntara \u00a9 Museo del Prado"},{"@type":"BreadcrumbList","@id":"https:\/\/exaudi.org\/es\/san-pedro-de-alcantara-18-octubre\/#breadcrumb","itemListElement":[{"@type":"ListItem","position":1,"name":"Portada","item":"https:\/\/exaudi.org\/es\/"},{"@type":"ListItem","position":2,"name":"San Pedro de Alc\u00e1ntara, 18 de octubre"}]},{"@type":"WebSite","@id":"https:\/\/exaudi.org\/#website","url":"https:\/\/exaudi.org\/","name":"Exaudi","description":"News","potentialAction":[{"@type":"SearchAction","target":{"@type":"EntryPoint","urlTemplate":"https:\/\/exaudi.org\/?s={search_term_string}"},"query-input":{"@type":"PropertyValueSpecification","valueRequired":true,"valueName":"search_term_string"}}],"inLanguage":"es"},{"@type":"Person","@id":"https:\/\/exaudi.org\/#\/schema\/person\/64e18b96fd6118559a9217b5b3375fdc","name":"Isabel Orellana","image":{"@type":"ImageObject","inLanguage":"es","@id":"https:\/\/secure.gravatar.com\/avatar\/51968380bbb6b22ae85c605634860366fd9a2a611c6341125115bca32cd6c171?s=96&d=mm&r=g","url":"https:\/\/secure.gravatar.com\/avatar\/51968380bbb6b22ae85c605634860366fd9a2a611c6341125115bca32cd6c171?s=96&d=mm&r=g","contentUrl":"https:\/\/secure.gravatar.com\/avatar\/51968380bbb6b22ae85c605634860366fd9a2a611c6341125115bca32cd6c171?s=96&d=mm&r=g","caption":"Isabel Orellana"},"description":"Isabel Orellana Vilches Misionera idente. Doctora en Filosof\u00eda por la Universidad Aut\u00f3noma de Barcelona con la tesis Realismo y progreso cient\u00edfico en la epistemolog\u00eda popperiana. Ha cursado estudios de teolog\u00eda en la Universidad Pontificia de Salamanca. Con amplia actividad docente desde 1986, ha publicado libros como: Realismo y progreso cient\u00edfico en la epistemolog\u00eda popperiana, Universitat Aut\u00f2noma de Barcelona, 1993; El evangelio habla a los j\u00f3venes, Atenas, Madrid, 1997; Qu\u00e9 es... LA TOLERANCIA, Paulinas, Madrid, 1999; Pedagog\u00eda del dolor. Ensayo antropol\u00f3gico, Palabra, Madrid, 1999; En colaboraci\u00f3n con Enrique Rivera de Ventosa (\u2020) OFM. Cap. San Francisco de As\u00eds y Fernando Rielo: Convergencias. Respuestas desde la fe a los interrogantes del hombre de hoy, Universidad Pontificia, Salamanca, 2001; La \"mirada\" del cine. Recursos did\u00e1cticos del s\u00e9ptimo arte. Librer\u00eda Cervantes, Salamanca, 2001; Paradojas de la convivencia, San Pablo, Madrid, 2002; En la Universidad T\u00e9cnica Particular de Loja, Ecuador, ha publicado: La confianza. El arte de amar, 2002; Educar para la responsabilidad, 2003; Apuntes de \u00e9tica en Karl R. Popper, 2003; De soledades y comunicaci\u00f3n, 2005; Yo educo; t\u00fa respondes, 2008; Humanismo y fe en un crisol de culturas, 2008; Repensar lo cotidiano, 2008; Convivir: un constante desaf\u00edo, 2009; La l\u00f3gica del amor, 2010; El dolor del amor. Apuntes sobre la enfermedad y el dolor en relaci\u00f3n con la virtud heroica, el martirio y la vida santa. Seminario Diocesano de M\u00e1laga, 2006 y Universidad T\u00e9cnica Particular de Loja, Ecuador (2007). Cuenta con numerosas colaboraciones en obras colectivas, as\u00ed como relatos, cuentos, f\u00e1bula y novela juvenil, adem\u00e1s de art\u00edculos de tem\u00e1tica cient\u00edfica, pedag\u00f3gica y espiritual, que viene publicando en distintas revistas nacionales e internacionales. En 2012 culmin\u00f3 el santoral Llamados a ser santos y poco m\u00e1s tarde Epopeyas de amor prologado por mons. Fernando Sebasti\u00e1n. Es la bi\u00f3grafa oficial del fundador de su familia espiritual, autora de Fernando Rielo Pardal. Fundador de los Misioneros Identes, Descl\u00e9e de Brouwer, Bilbao, 2009. Culmina la biograf\u00eda completa. Encargada del santoral de ZENIT desde 2012 a 2020 y ahora en Exaudi","url":"https:\/\/exaudi.org\/es\/author\/isabelorellana\/"}]}},"jetpack_featured_media_url":"https:\/\/exaudi.org\/wp-content\/uploads\/2021\/10\/465as4dasd.jpg","jetpack_shortlink":"https:\/\/wp.me\/pgKjF2-9BI","_links":{"self":[{"href":"https:\/\/exaudi.org\/es\/wp-json\/wp\/v2\/posts\/36934","targetHints":{"allow":["GET"]}}],"collection":[{"href":"https:\/\/exaudi.org\/es\/wp-json\/wp\/v2\/posts"}],"about":[{"href":"https:\/\/exaudi.org\/es\/wp-json\/wp\/v2\/types\/post"}],"author":[{"embeddable":true,"href":"https:\/\/exaudi.org\/es\/wp-json\/wp\/v2\/users\/23"}],"replies":[{"embeddable":true,"href":"https:\/\/exaudi.org\/es\/wp-json\/wp\/v2\/comments?post=36934"}],"version-history":[{"count":3,"href":"https:\/\/exaudi.org\/es\/wp-json\/wp\/v2\/posts\/36934\/revisions"}],"predecessor-version":[{"id":140655,"href":"https:\/\/exaudi.org\/es\/wp-json\/wp\/v2\/posts\/36934\/revisions\/140655"}],"wp:featuredmedia":[{"embeddable":true,"href":"https:\/\/exaudi.org\/es\/wp-json\/wp\/v2\/media\/36935"}],"wp:attachment":[{"href":"https:\/\/exaudi.org\/es\/wp-json\/wp\/v2\/media?parent=36934"}],"wp:term":[{"taxonomy":"category","embeddable":true,"href":"https:\/\/exaudi.org\/es\/wp-json\/wp\/v2\/categories?post=36934"},{"taxonomy":"post_tag","embeddable":true,"href":"https:\/\/exaudi.org\/es\/wp-json\/wp\/v2\/tags?post=36934"}],"curies":[{"name":"wp","href":"https:\/\/api.w.org\/{rel}","templated":true}]}}