{"id":36803,"date":"2021-10-15T10:56:28","date_gmt":"2021-10-15T08:56:28","guid":{"rendered":"https:\/\/exaudi.wpengine.com\/?p=36803"},"modified":"2021-10-18T08:58:14","modified_gmt":"2021-10-18T06:58:14","slug":"honduras-obispos-votar-responsabildiad","status":"publish","type":"post","link":"https:\/\/exaudi.org\/es\/honduras-obispos-votar-responsabildiad\/","title":{"rendered":"Honduras: Obispos llaman a votar con responsabilidad"},"content":{"rendered":"<p>Los obispos de la Conferencia Episcopal de <a href=\"https:\/\/exaudi.wpengine.com\/es\/honduras-obispos-rechazan-zonas-empleo-gobierno\/\" target=\"_blank\" rel=\"noopener\">Honduras<\/a>, reunidos en Asamblea Plenaria, han emitido un mensaje con motivo de las elecciones generales que se realizar\u00e1n el 28 de noviembre de 2021, ocasi\u00f3n en la que piden a la poblaci\u00f3n votar con responsabilidad para recuperar el estado de derecho y la democracia para el pa\u00eds.<\/p>\n<h4><strong>Participaci\u00f3n, pol\u00edticos y autoridades electorales<\/strong><\/h4>\n<p>El documento de los prelados hondure\u00f1os est\u00e1 dividido en tres fundamentos para devolver la democracia a la naci\u00f3n. El primero de ellos es la participaci\u00f3n del pueblo por medio del voto, por el que llaman al ciudadano a votar con responsabilidad y libertad, huyendo de \u201csentimientos de indiferencia, apat\u00eda y escepticismo\u201d hacia el gobierno.<\/p>\n<p>\u201cTe exhortamos para que des tu voto a los mejores candidatos, con el mejor perfil personal, familiar y social; que sean candidatos honestos, responsables y sensibles a las necesidades del pueblo; aquellos que participan en la buena pol\u00edtica, que est\u00e1n a favor de la vida y de la familia. Es decir, elige a aquellos candidatos que, como t\u00fa, piensan en un mejor futuro para tus hijos\u201d, expresan.<\/p>\n<p>El segundo pilar, se\u00f1alan, es el actuar de los pol\u00edticos. Les reiteran \u201cla necesidad que tienen de un proceso de democratizaci\u00f3n interna, por dignidad y por justicia, no pueden exigir lo que no son capaces de vivir o de dar. Es necesario que se liberen del clientelismo y caudillismo, que desvirt\u00faan su naturaleza e impiden su renovaci\u00f3n\u201d.<\/p>\n<p>Por \u00faltimo, los obispos episcopales apuntan al trabajo de las autoridades electorales, a las que recuerdan su \u201cobligaci\u00f3n de apegarse al marco jur\u00eddico, ejerciendo sus funciones con profesionalismo, objetividad y equidad\u201d, garantizando la libertad y transparencia del proceso electoral, usando \u201ccorrectamente los medios de informaci\u00f3n, para evitar posibles confrontaciones\u201d.<\/p>\n","protected":false},"excerpt":{"rendered":"<p>Mensaje por las elecciones generales del 28 de noviembre<\/p>\n","protected":false},"author":6,"featured_media":36805,"comment_status":"closed","ping_status":"closed","sticky":false,"template":"","format":"standard","meta":{"_acf_changed":false,"_crdt_document":"","inline_featured_image":false,"footnotes":""},"categories":[86,298],"tags":[3515,946],"class_list":["post-36803","post","type-post","status-publish","format-standard","has-post-thumbnail","hentry","category-iglesia-local","category-ultimas-noticias","tag-conferencia-episcopal-de-honduras","tag-elecciones-generales-2021"],"acf":[],"yoast_head":"<!-- This site is optimized with the Yoast SEO plugin v27.5 - https:\/\/yoast.com\/product\/yoast-seo-wordpress\/ -->\n<title>Honduras: Obispos llaman a votar con responsabilidad - Exaudi<\/title>\n<meta name=\"description\" content=\"Los obispos de Honduras, reunidos en Asamblea Plenaria, llaman al pueblo a votar en las elecciones generales con libertad y responsabilidad.\" \/>\n<meta name=\"robots\" content=\"index, follow, max-snippet:-1, max-image-preview:large, max-video-preview:-1\" \/>\n<link rel=\"canonical\" href=\"https:\/\/exaudi.org\/es\/honduras-obispos-votar-responsabildiad\/\" \/>\n<meta property=\"og:locale\" content=\"es_ES\" \/>\n<meta property=\"og:type\" content=\"article\" \/>\n<meta property=\"og:title\" content=\"Honduras: Obispos llaman a votar con responsabilidad - Exaudi\" \/>\n<meta property=\"og:description\" content=\"Los obispos de Honduras, reunidos en Asamblea Plenaria, llaman al pueblo a votar en las elecciones generales con libertad y responsabilidad.\" \/>\n<meta property=\"og:url\" content=\"https:\/\/exaudi.org\/es\/honduras-obispos-votar-responsabildiad\/\" \/>\n<meta property=\"og:site_name\" content=\"Exaudi\" \/>\n<meta property=\"article:publisher\" content=\"https:\/\/www.facebook.com\/ExaudiNews\" \/>\n<meta property=\"article:published_time\" content=\"2021-10-15T08:56:28+00:00\" \/>\n<meta property=\"article:modified_time\" content=\"2021-10-18T06:58:14+00:00\" \/>\n<meta property=\"og:image\" content=\"https:\/\/exaudi.org\/wp-content\/uploads\/2021\/10\/65a4sd6ads.jpeg\" \/>\n\t<meta property=\"og:image:width\" content=\"1448\" \/>\n\t<meta property=\"og:image:height\" content=\"815\" \/>\n\t<meta property=\"og:image:type\" content=\"image\/jpeg\" \/>\n<meta name=\"author\" content=\"Gabriel Sales\" \/>\n<meta name=\"twitter:card\" content=\"summary_large_image\" \/>\n<meta name=\"twitter:creator\" content=\"@habemusman\" \/>\n<meta name=\"twitter:site\" content=\"@Exaudi_News\" \/>\n<meta name=\"twitter:label1\" content=\"Escrito por\" \/>\n\t<meta name=\"twitter:data1\" content=\"Gabriel Sales\" \/>\n\t<meta name=\"twitter:label2\" content=\"Tiempo de lectura\" \/>\n\t<meta name=\"twitter:data2\" content=\"2 minutos\" \/>\n<script type=\"application\/ld+json\" class=\"yoast-schema-graph\">{\"@context\":\"https:\\\/\\\/schema.org\",\"@graph\":[{\"@type\":\"Article\",\"@id\":\"https:\\\/\\\/exaudi.org\\\/es\\\/honduras-obispos-votar-responsabildiad\\\/#article\",\"isPartOf\":{\"@id\":\"https:\\\/\\\/exaudi.org\\\/es\\\/honduras-obispos-votar-responsabildiad\\\/\"},\"author\":{\"name\":\"Gabriel Sales\",\"@id\":\"https:\\\/\\\/exaudi.org\\\/#\\\/schema\\\/person\\\/d134b96438278131ce90c90c03fda6cd\"},\"headline\":\"Honduras: Obispos llaman a votar con responsabilidad\",\"datePublished\":\"2021-10-15T08:56:28+00:00\",\"dateModified\":\"2021-10-18T06:58:14+00:00\",\"mainEntityOfPage\":{\"@id\":\"https:\\\/\\\/exaudi.org\\\/es\\\/honduras-obispos-votar-responsabildiad\\\/\"},\"wordCount\":311,\"image\":{\"@id\":\"https:\\\/\\\/exaudi.org\\\/es\\\/honduras-obispos-votar-responsabildiad\\\/#primaryimage\"},\"thumbnailUrl\":\"https:\\\/\\\/exaudi.org\\\/wp-content\\\/uploads\\\/2021\\\/10\\\/65a4sd6ads.jpeg\",\"keywords\":[\"Conferencia Episcopal de Honduras\",\"Elecciones generales 2021\"],\"articleSection\":[\"Iglesia Local\",\"\u00daltimas noticias\"],\"inLanguage\":\"es\"},{\"@type\":\"WebPage\",\"@id\":\"https:\\\/\\\/exaudi.org\\\/es\\\/honduras-obispos-votar-responsabildiad\\\/\",\"url\":\"https:\\\/\\\/exaudi.org\\\/es\\\/honduras-obispos-votar-responsabildiad\\\/\",\"name\":\"Honduras: Obispos llaman a votar con responsabilidad - Exaudi\",\"isPartOf\":{\"@id\":\"https:\\\/\\\/exaudi.org\\\/#website\"},\"primaryImageOfPage\":{\"@id\":\"https:\\\/\\\/exaudi.org\\\/es\\\/honduras-obispos-votar-responsabildiad\\\/#primaryimage\"},\"image\":{\"@id\":\"https:\\\/\\\/exaudi.org\\\/es\\\/honduras-obispos-votar-responsabildiad\\\/#primaryimage\"},\"thumbnailUrl\":\"https:\\\/\\\/exaudi.org\\\/wp-content\\\/uploads\\\/2021\\\/10\\\/65a4sd6ads.jpeg\",\"datePublished\":\"2021-10-15T08:56:28+00:00\",\"dateModified\":\"2021-10-18T06:58:14+00:00\",\"author\":{\"@id\":\"https:\\\/\\\/exaudi.org\\\/#\\\/schema\\\/person\\\/d134b96438278131ce90c90c03fda6cd\"},\"description\":\"Los obispos de Honduras, reunidos en Asamblea Plenaria, llaman al pueblo a votar en las elecciones generales con libertad y responsabilidad.\",\"breadcrumb\":{\"@id\":\"https:\\\/\\\/exaudi.org\\\/es\\\/honduras-obispos-votar-responsabildiad\\\/#breadcrumb\"},\"inLanguage\":\"es\",\"potentialAction\":[{\"@type\":\"ReadAction\",\"target\":[\"https:\\\/\\\/exaudi.org\\\/es\\\/honduras-obispos-votar-responsabildiad\\\/\"]}]},{\"@type\":\"ImageObject\",\"inLanguage\":\"es\",\"@id\":\"https:\\\/\\\/exaudi.org\\\/es\\\/honduras-obispos-votar-responsabildiad\\\/#primaryimage\",\"url\":\"https:\\\/\\\/exaudi.org\\\/wp-content\\\/uploads\\\/2021\\\/10\\\/65a4sd6ads.jpeg\",\"contentUrl\":\"https:\\\/\\\/exaudi.org\\\/wp-content\\\/uploads\\\/2021\\\/10\\\/65a4sd6ads.jpeg\",\"width\":1448,\"height\":815,\"caption\":\"Elecciones generales en Honduras \u00a9 CELAM\"},{\"@type\":\"BreadcrumbList\",\"@id\":\"https:\\\/\\\/exaudi.org\\\/es\\\/honduras-obispos-votar-responsabildiad\\\/#breadcrumb\",\"itemListElement\":[{\"@type\":\"ListItem\",\"position\":1,\"name\":\"Portada\",\"item\":\"https:\\\/\\\/exaudi.org\\\/es\\\/\"},{\"@type\":\"ListItem\",\"position\":2,\"name\":\"Honduras: Obispos llaman a votar con responsabilidad\"}]},{\"@type\":\"WebSite\",\"@id\":\"https:\\\/\\\/exaudi.org\\\/#website\",\"url\":\"https:\\\/\\\/exaudi.org\\\/\",\"name\":\"Exaudi\",\"description\":\"News\",\"potentialAction\":[{\"@type\":\"SearchAction\",\"target\":{\"@type\":\"EntryPoint\",\"urlTemplate\":\"https:\\\/\\\/exaudi.org\\\/?s={search_term_string}\"},\"query-input\":{\"@type\":\"PropertyValueSpecification\",\"valueRequired\":true,\"valueName\":\"search_term_string\"}}],\"inLanguage\":\"es\"},{\"@type\":\"Person\",\"@id\":\"https:\\\/\\\/exaudi.org\\\/#\\\/schema\\\/person\\\/d134b96438278131ce90c90c03fda6cd\",\"name\":\"Gabriel Sales\",\"image\":{\"@type\":\"ImageObject\",\"inLanguage\":\"es\",\"@id\":\"https:\\\/\\\/secure.gravatar.com\\\/avatar\\\/9b1269566f6a063ed26ffb3532b66a373cdde231ce5d0effb266167437fdaffd?s=96&d=mm&r=g\",\"url\":\"https:\\\/\\\/secure.gravatar.com\\\/avatar\\\/9b1269566f6a063ed26ffb3532b66a373cdde231ce5d0effb266167437fdaffd?s=96&d=mm&r=g\",\"contentUrl\":\"https:\\\/\\\/secure.gravatar.com\\\/avatar\\\/9b1269566f6a063ed26ffb3532b66a373cdde231ce5d0effb266167437fdaffd?s=96&d=mm&r=g\",\"caption\":\"Gabriel Sales\"},\"description\":\"Periodista y especialista en Comunicaci\u00f3n y Branding digital. Cin\u00e9filo y cr\u00edtico de cine y series de televisi\u00f3n.\",\"sameAs\":[\"https:\\\/\\\/www.instagram.com\\\/cine90segundos\\\/\",\"www.linkedin.com\\\/in\\\/habemusman\",\"https:\\\/\\\/x.com\\\/habemusman\",\"https:\\\/\\\/www.youtube.com\\\/channel\\\/UCVfCiOMkJ_C7T7OpyjuaLDg\"],\"url\":\"https:\\\/\\\/exaudi.org\\\/es\\\/author\\\/gsalesexaudi-org\\\/\"}]}<\/script>\n<!-- \/ Yoast SEO plugin. -->","yoast_head_json":{"title":"Honduras: Obispos llaman a votar con responsabilidad - Exaudi","description":"Los obispos de Honduras, reunidos en Asamblea Plenaria, llaman al pueblo a votar en las elecciones generales con libertad y responsabilidad.","robots":{"index":"index","follow":"follow","max-snippet":"max-snippet:-1","max-image-preview":"max-image-preview:large","max-video-preview":"max-video-preview:-1"},"canonical":"https:\/\/exaudi.org\/es\/honduras-obispos-votar-responsabildiad\/","og_locale":"es_ES","og_type":"article","og_title":"Honduras: Obispos llaman a votar con responsabilidad - Exaudi","og_description":"Los obispos de Honduras, reunidos en Asamblea Plenaria, llaman al pueblo a votar en las elecciones generales con libertad y responsabilidad.","og_url":"https:\/\/exaudi.org\/es\/honduras-obispos-votar-responsabildiad\/","og_site_name":"Exaudi","article_publisher":"https:\/\/www.facebook.com\/ExaudiNews","article_published_time":"2021-10-15T08:56:28+00:00","article_modified_time":"2021-10-18T06:58:14+00:00","og_image":[{"width":1448,"height":815,"url":"https:\/\/exaudi.org\/wp-content\/uploads\/2021\/10\/65a4sd6ads.jpeg","type":"image\/jpeg"}],"author":"Gabriel Sales","twitter_card":"summary_large_image","twitter_creator":"@habemusman","twitter_site":"@Exaudi_News","twitter_misc":{"Escrito por":"Gabriel Sales","Tiempo de lectura":"2 minutos"},"schema":{"@context":"https:\/\/schema.org","@graph":[{"@type":"Article","@id":"https:\/\/exaudi.org\/es\/honduras-obispos-votar-responsabildiad\/#article","isPartOf":{"@id":"https:\/\/exaudi.org\/es\/honduras-obispos-votar-responsabildiad\/"},"author":{"name":"Gabriel Sales","@id":"https:\/\/exaudi.org\/#\/schema\/person\/d134b96438278131ce90c90c03fda6cd"},"headline":"Honduras: Obispos llaman a votar con responsabilidad","datePublished":"2021-10-15T08:56:28+00:00","dateModified":"2021-10-18T06:58:14+00:00","mainEntityOfPage":{"@id":"https:\/\/exaudi.org\/es\/honduras-obispos-votar-responsabildiad\/"},"wordCount":311,"image":{"@id":"https:\/\/exaudi.org\/es\/honduras-obispos-votar-responsabildiad\/#primaryimage"},"thumbnailUrl":"https:\/\/exaudi.org\/wp-content\/uploads\/2021\/10\/65a4sd6ads.jpeg","keywords":["Conferencia Episcopal de Honduras","Elecciones generales 2021"],"articleSection":["Iglesia Local","\u00daltimas noticias"],"inLanguage":"es"},{"@type":"WebPage","@id":"https:\/\/exaudi.org\/es\/honduras-obispos-votar-responsabildiad\/","url":"https:\/\/exaudi.org\/es\/honduras-obispos-votar-responsabildiad\/","name":"Honduras: Obispos llaman a votar con responsabilidad - Exaudi","isPartOf":{"@id":"https:\/\/exaudi.org\/#website"},"primaryImageOfPage":{"@id":"https:\/\/exaudi.org\/es\/honduras-obispos-votar-responsabildiad\/#primaryimage"},"image":{"@id":"https:\/\/exaudi.org\/es\/honduras-obispos-votar-responsabildiad\/#primaryimage"},"thumbnailUrl":"https:\/\/exaudi.org\/wp-content\/uploads\/2021\/10\/65a4sd6ads.jpeg","datePublished":"2021-10-15T08:56:28+00:00","dateModified":"2021-10-18T06:58:14+00:00","author":{"@id":"https:\/\/exaudi.org\/#\/schema\/person\/d134b96438278131ce90c90c03fda6cd"},"description":"Los obispos de Honduras, reunidos en Asamblea Plenaria, llaman al pueblo a votar en las elecciones generales con libertad y responsabilidad.","breadcrumb":{"@id":"https:\/\/exaudi.org\/es\/honduras-obispos-votar-responsabildiad\/#breadcrumb"},"inLanguage":"es","potentialAction":[{"@type":"ReadAction","target":["https:\/\/exaudi.org\/es\/honduras-obispos-votar-responsabildiad\/"]}]},{"@type":"ImageObject","inLanguage":"es","@id":"https:\/\/exaudi.org\/es\/honduras-obispos-votar-responsabildiad\/#primaryimage","url":"https:\/\/exaudi.org\/wp-content\/uploads\/2021\/10\/65a4sd6ads.jpeg","contentUrl":"https:\/\/exaudi.org\/wp-content\/uploads\/2021\/10\/65a4sd6ads.jpeg","width":1448,"height":815,"caption":"Elecciones generales en Honduras \u00a9 CELAM"},{"@type":"BreadcrumbList","@id":"https:\/\/exaudi.org\/es\/honduras-obispos-votar-responsabildiad\/#breadcrumb","itemListElement":[{"@type":"ListItem","position":1,"name":"Portada","item":"https:\/\/exaudi.org\/es\/"},{"@type":"ListItem","position":2,"name":"Honduras: Obispos llaman a votar con responsabilidad"}]},{"@type":"WebSite","@id":"https:\/\/exaudi.org\/#website","url":"https:\/\/exaudi.org\/","name":"Exaudi","description":"News","potentialAction":[{"@type":"SearchAction","target":{"@type":"EntryPoint","urlTemplate":"https:\/\/exaudi.org\/?s={search_term_string}"},"query-input":{"@type":"PropertyValueSpecification","valueRequired":true,"valueName":"search_term_string"}}],"inLanguage":"es"},{"@type":"Person","@id":"https:\/\/exaudi.org\/#\/schema\/person\/d134b96438278131ce90c90c03fda6cd","name":"Gabriel Sales","image":{"@type":"ImageObject","inLanguage":"es","@id":"https:\/\/secure.gravatar.com\/avatar\/9b1269566f6a063ed26ffb3532b66a373cdde231ce5d0effb266167437fdaffd?s=96&d=mm&r=g","url":"https:\/\/secure.gravatar.com\/avatar\/9b1269566f6a063ed26ffb3532b66a373cdde231ce5d0effb266167437fdaffd?s=96&d=mm&r=g","contentUrl":"https:\/\/secure.gravatar.com\/avatar\/9b1269566f6a063ed26ffb3532b66a373cdde231ce5d0effb266167437fdaffd?s=96&d=mm&r=g","caption":"Gabriel Sales"},"description":"Periodista y especialista en Comunicaci\u00f3n y Branding digital. Cin\u00e9filo y cr\u00edtico de cine y series de televisi\u00f3n.","sameAs":["https:\/\/www.instagram.com\/cine90segundos\/","www.linkedin.com\/in\/habemusman","https:\/\/x.com\/habemusman","https:\/\/www.youtube.com\/channel\/UCVfCiOMkJ_C7T7OpyjuaLDg"],"url":"https:\/\/exaudi.org\/es\/author\/gsalesexaudi-org\/"}]}},"jetpack_featured_media_url":"https:\/\/exaudi.org\/wp-content\/uploads\/2021\/10\/65a4sd6ads.jpeg","jetpack_shortlink":"https:\/\/wp.me\/pgKjF2-9zB","_links":{"self":[{"href":"https:\/\/exaudi.org\/es\/wp-json\/wp\/v2\/posts\/36803","targetHints":{"allow":["GET"]}}],"collection":[{"href":"https:\/\/exaudi.org\/es\/wp-json\/wp\/v2\/posts"}],"about":[{"href":"https:\/\/exaudi.org\/es\/wp-json\/wp\/v2\/types\/post"}],"author":[{"embeddable":true,"href":"https:\/\/exaudi.org\/es\/wp-json\/wp\/v2\/users\/6"}],"replies":[{"embeddable":true,"href":"https:\/\/exaudi.org\/es\/wp-json\/wp\/v2\/comments?post=36803"}],"version-history":[{"count":0,"href":"https:\/\/exaudi.org\/es\/wp-json\/wp\/v2\/posts\/36803\/revisions"}],"wp:featuredmedia":[{"embeddable":true,"href":"https:\/\/exaudi.org\/es\/wp-json\/wp\/v2\/media\/36805"}],"wp:attachment":[{"href":"https:\/\/exaudi.org\/es\/wp-json\/wp\/v2\/media?parent=36803"}],"wp:term":[{"taxonomy":"category","embeddable":true,"href":"https:\/\/exaudi.org\/es\/wp-json\/wp\/v2\/categories?post=36803"},{"taxonomy":"post_tag","embeddable":true,"href":"https:\/\/exaudi.org\/es\/wp-json\/wp\/v2\/tags?post=36803"}],"curies":[{"name":"wp","href":"https:\/\/api.w.org\/{rel}","templated":true}]}}