{"id":36736,"date":"2025-10-15T07:30:36","date_gmt":"2025-10-15T05:30:36","guid":{"rendered":"https:\/\/exaudi.wpengine.com\/?p=36736"},"modified":"2025-10-14T17:11:11","modified_gmt":"2025-10-14T15:11:11","slug":"santa-teresa-de-jesus-15-octubre","status":"publish","type":"post","link":"https:\/\/exaudi.org\/es\/santa-teresa-de-jesus-15-octubre\/","title":{"rendered":"Santa Teresa de Jes\u00fas, doctora de la Iglesia"},"content":{"rendered":"<p><span style=\"font-weight: 400;\">En este mes de octubre misionero el santoral nos ofrece la vida de dos insignes carmelitas, ambas de nombre Teresa, que unieron a Jes\u00fas. Teresa de Lisieux y Teresa de Jes\u00fas, considerada una de las grandes figuras de la Iglesia, de poderoso influjo en santos y beatos.<\/span><\/p>\n<p><iframe title=\"Spotify Embed: Santa Teresa de Jes\u00fas, doctora de la Iglesia\" style=\"border-radius: 12px\" width=\"100%\" height=\"152\" frameborder=\"0\" allowfullscreen allow=\"autoplay; clipboard-write; encrypted-media; fullscreen; picture-in-picture\" loading=\"lazy\" src=\"https:\/\/open.spotify.com\/embed\/episode\/3jZYGxOlHqVFoP9VMaTIDD?si=a7a1c1648e984bd3&#038;utm_source=oembed\"><\/iframe><\/p>\n<p><span style=\"font-weight: 400;\">Imposible precisar el n\u00famero de personas an\u00f3nimas que la eligieron y contin\u00faan tom\u00e1ndola como modelo, pero seguro que son multitud. Se han vertido tantas reflexiones en torno a ella que nada nuevo se puede a\u00f1adir. Seguimos admirados de su entrega, agradeciendo a Dios su fecunda existencia.<\/span><\/p>\n<p><span style=\"font-weight: 400;\">Nacida el 28 de marzo de 1515 en \u00c1vila, Espa\u00f1a, ten\u00eda una personalidad impactante. Mujer de empuje, audaz, so\u00f1adora, ap\u00f3stol incansable, m\u00edstica y doctora de la Iglesia, primera a la que se le confiri\u00f3 tan alto honor, escritora, poeta\u2026, ha logrado que su vida y obra, que mantiene su frescura original, prosiga en lo alto de este podium de santidad. Se enamor\u00f3 de Cristo precozmente, y quiso derramar su sangre por \u00c9l siendo m\u00e1rtir a la edad de 6 a\u00f1os; huy\u00f3 para ello con su hermano Rodrigo, pero los encontraron.<\/span><\/p>\n<p><span style=\"font-weight: 400;\"> La vida erem\u00edtica form\u00f3 parte de sus juegos infantiles. Despu\u00e9s, pas\u00f3 un tiempo entre devaneos, atrapada por el contenido de libros de caballer\u00eda y el cortejo de un familiar. Su madre muri\u00f3 dej\u00e1ndola en la dif\u00edcil edad de los 13 a\u00f1os. Internada por su padre a los 16 en el colegio de Gracia, regido por las madres agustinas, echaba de menos a su primo, que era el gal\u00e1n que la pretend\u00eda.\u00a0<\/span><\/p>\n<p><span style=\"font-weight: 400;\">Aunque se hallaba en contacto con la vida religiosa, el mundo segu\u00eda disput\u00e1ndosela a Cristo; ser monja no estaba en sus planes. Hasta que en 1535, despu\u00e9s de ver partir a Rodrigo, casarse a una de sus hermanas, e ingresar una amiga en el monasterio de la Encarnaci\u00f3n, hablando con esta descubri\u00f3 su vocaci\u00f3n, y entr\u00f3 en el convento a pesar de la oposici\u00f3n paterna. Una grave enfermedad la devolvi\u00f3 a los brazos de su padre en 1537. <\/span><\/p>\n<p><span style=\"font-weight: 400;\">Teresa luch\u00f3 contra la muerte y venci\u00f3, atribuy\u00e9ndolo a san Jos\u00e9, aunque le quedaron secuelas. En 1539 volvi\u00f3 a la Encarnaci\u00f3n. La vida en el convento era, como hoy se dir\u00eda, demasiado light. Tanta apertura y comodidades, entradas y salidas, no eran precisamente lo m\u00e1s adecuado para una consagrada. Y en la Cuaresma del a\u00f1o 1544, el de la muerte de su padre, ante la imagen de un Cristo llagado, con ardientes l\u00e1grimas suplic\u00f3 su ayuda; le horrorizaba ofenderle.\u00a0<\/span><\/p>\n<p><span style=\"font-weight: 400;\">Era su amor vehemente, sin fisuras, alimentado a trav\u00e9s de una oraci\u00f3n continua: \u201cLa oraci\u00f3n no consiste en pensar mucho, sino en amar mucho\u201d. Comenz\u00f3 a experimentar la vida de perfecci\u00f3n como ascenso de su alma a Dios, y a la par recib\u00eda la gracia de verse envuelta en m\u00edsticas visiones que incendiaban su coraz\u00f3n, aunque hubo grandes periodos templados por una intensa aridez.<\/span><\/p>\n<p><span style=\"font-weight: 400;\"> Susurros de su pasi\u00f3n impregnaban sus jornadas de oraci\u00f3n: \u201cVivo sin vivir en m\u00ed, y tan alta vida espero, que muero porque no muero\u2026\u201d. Demandaba fervientemente la cruz cotidiana: \u201cCruz, descanso sabroso de mi vida, Vos se\u00e1is la bienvenida [\u2026]. En la cruz est\u00e1 la vida, y el consuelo, y ella sola es el camino para el cielo\u2026\u201d.\u00a0<\/span><\/p>\n<p><span style=\"font-weight: 400;\">Hacia 1562, Teresa vivi\u00f3 la experiencia m\u00edstica de la transverberaci\u00f3n: \u201cVe\u00eda un \u00e1ngel cabe m\u00ed hacia el lado izquierdo, en forma corporal, lo que no suelo ver sino por maravilla [.]. No era grande, sino peque\u00f1o, hermoso mucho, el rostro tan encendido que parec\u00eda de los \u00e1ngeles muy subidos que parecen todos se abrasan.<\/span><\/p>\n<p><span style=\"font-weight: 400;\"> Deben ser los que llaman querubines [.]. Ve\u00edale en las manos un dardo de oro largo, y al fin del hierro me parec\u00eda tener un poco de fuego. Este me parec\u00eda meter por el coraz\u00f3n algunas veces y que me llegaba a las entra\u00f1as. Al sacarle, me parec\u00eda las llevaba consigo, y me dejaba toda abrasada en amor grande de Dios\u201d.\u00a0<\/span><\/p>\n<p><span style=\"font-weight: 400;\">En otra de las visiones le fue dado a contemplar el infierno. Fue tan terrible que determin\u00f3 el rigor de su entrega y emprendi\u00f3 la reforma carmelitana as\u00ed como su primera fundaci\u00f3n. Ten\u00eda 40 a\u00f1os, y Dios iba marc\u00e1ndole el camino que deb\u00eda seguir. San Juan de la Cruz se uni\u00f3 a su empe\u00f1o. <\/span><\/p>\n<p><span style=\"font-weight: 400;\">La reforma no fue f\u00e1cil.<\/span><span style=\"font-weight: 400;\"> Las pruebas de toda \u00edndole, insidias del diablo, contrariedades, problemas internos, dudas y vacilaciones de su propio confesor, as\u00ed como el trato hostil dispensado por la Iglesia, entre otros, le infligieron grandes sufrimientos. A pesar de su fr\u00e1gil salud, ten\u00eda un potente temperamento y no se dejaba amilanar; menos a\u00fan, cuando se trataba de Cristo. <\/span><\/p>\n<p><span style=\"font-weight: 400;\">As\u00ed que, acudi\u00f3 a los altos estamentos, se code\u00f3 con reyes y nobleza, fue donde hizo falta, y se entreg\u00f3 en cuerpo y alma a tutelar y enriquecer espiritualmente las fundaciones con las que reg\u00f3 Espa\u00f1a. Todas nacieron a impulso del mismo Dios que las inspiraba.\u00a0<\/span><\/p>\n<p><span style=\"font-weight: 400;\">Era una excepcional formadora. Ten\u00eda alma misionera; llor\u00f3 amargamente pensando en las necesidades apost\u00f3licas que hab\u00eda en tierras americanas, donde hubiera querido ir. Plasm\u00f3 sus experiencias m\u00edsticas en obras maestras, imprescindibles para alumbrar el itinerario espiritual como El camino de la perfecci\u00f3n, Pensamientos sobre el amor de Dios y El castillo interior, que no vio publicadas en vida.<\/span><\/p>\n<p><span style=\"font-weight: 400;\"> La Inquisici\u00f3n estuvo tras ella; incluso quem\u00f3 uno de sus textos por sugerencia de su confesor. Fortaleza y claridad, capacidad organizativa y sabidur\u00eda para ejercer el gobierno, confianza y entereza en las contrariedades, humildad, sencillez, sagacidad, sentido del humor, una fe y caridad heroicas son rasgos que tambi\u00e9n la definen.\u00a0<\/span><\/p>\n<p><span style=\"font-weight: 400;\">Devot\u00edsima de San Jos\u00e9 dec\u00eda: \u201cSolo pido por amor de Dios que lo pruebe quien no creyere y ver\u00e1 por experiencia cuan gran bien es recomendarse a ese glorioso Patriarca y tenerle devoci\u00f3n\u201d. Aun\u00f3 magistralmente contemplaci\u00f3n y acci\u00f3n. Recibi\u00f3 dones diversos: \u00e9xtasis, milagros, discernimiento\u2026 Muri\u00f3 en Alba de Tormes el 4 de octubre de 1582. Pablo V la beatific\u00f3 el 24 de abril de 1614. Gregorio XV la canoniz\u00f3 el 12 de marzo de 1622. Pablo VI la declar\u00f3 doctora de la Iglesia el 27 de septiembre de 1970.<\/span><\/p>\n<p><img loading=\"lazy\" decoding=\"async\" class=\"size-full wp-image-136070 alignnone\" src=\"https:\/\/exaudi.org\/wp-content\/uploads\/2024\/10\/Copia-de-Santoral.jpg\" alt=\"\" width=\"1080\" height=\"1080\" srcset=\"https:\/\/exaudi.org\/wp-content\/uploads\/2024\/10\/Copia-de-Santoral.jpg 1080w, https:\/\/exaudi.org\/wp-content\/uploads\/2024\/10\/Copia-de-Santoral-300x300.jpg 300w, https:\/\/exaudi.org\/wp-content\/uploads\/2024\/10\/Copia-de-Santoral-1024x1024.jpg 1024w, https:\/\/exaudi.org\/wp-content\/uploads\/2024\/10\/Copia-de-Santoral-100x100.jpg?crop=1 100w, https:\/\/exaudi.org\/wp-content\/uploads\/2024\/10\/Copia-de-Santoral-770x770.jpg 770w, https:\/\/exaudi.org\/wp-content\/uploads\/2024\/10\/Copia-de-Santoral-500x500.jpg 500w\" sizes=\"auto, (max-width: 1080px) 100vw, 1080px\" \/><\/p>\n<p>&nbsp;<\/p>\n<h6><em>\u00a9\u00a0<a href=\"https:\/\/exaudi.wpengine.com\/es\/author\/isabelorellana\/\" target=\"_blank\" rel=\"noopener noreferrer\">Isabel Orellana Vilches<\/a>, 2018<\/em><\/h6>\n<h6><em>Autora vinculada a<\/em><\/h6>\n<h6><em><img loading=\"lazy\" decoding=\"async\" class=\"alignright wp-image-2208\" src=\"https:\/\/exaudi.org\/wp-content\/uploads\/2021\/02\/santoral-scaled-1-725x1024.jpg\" alt=\"santoral Isabel Orellana\" width=\"262\" height=\"370\" \/><\/em><img loading=\"lazy\" decoding=\"async\" class=\"alignnone size-full wp-image-41949\" src=\"https:\/\/www.idente.org\/wp-content\/uploads\/logo-cedro-v01-843x295-1-e1603384654546.png\" alt=\"\" width=\"80\" height=\"28\" \/><br \/>\nObra protegida por derechos de autor.<br \/>\nInscrita en el Registro de la Propiedad Intelectual el 24 de noviembre de 2014.<br \/>\n________________<br \/>\nDerechos de edici\u00f3n reservados:<br \/>\n<a href=\"https:\/\/rielo.com\/\" target=\"_blank\" rel=\"noopener noreferrer\">Fundaci\u00f3n Fernando Rielo<\/a><br \/>\nGoya 20, 4.\u00ba izq. int. 28001 Madrid<br \/>\nTlf.: (34) 91 575 40 91<br \/>\nCorreo electr\u00f3nico:\u00a0fundacion@rielo.com<\/h6>\n<div class=\"page\" title=\"Page 4\">\n<div class=\"layoutArea\">\n<div class=\"column\">\n<h6>Dep\u00f3sito legal: M-18664-2020<br \/>\nISBN: 978-84-946646-6-3<\/h6>\n<\/div>\n<\/div>\n<\/div>\n","protected":false},"excerpt":{"rendered":"<p>Fundadora de las carmelitas descalzas<\/p>\n","protected":false},"author":23,"featured_media":36737,"comment_status":"closed","ping_status":"closed","sticky":false,"template":"","format":"standard","meta":{"_acf_changed":false,"_crdt_document":"","inline_featured_image":false,"footnotes":""},"categories":[74,2772],"tags":[388,4533,387,58880],"class_list":["post-36736","post","type-post","status-publish","format-standard","has-post-thumbnail","hentry","category-iglesia-y-mundo","category-santoral","tag-isabel-orellana-vilches","tag-santa-teresa-de-jesus","tag-santoral","tag-trending-es-151"],"acf":[],"yoast_head":"<!-- This site is optimized with the Yoast SEO plugin v27.5 - https:\/\/yoast.com\/product\/yoast-seo-wordpress\/ -->\n<title>Santa Teresa de Jes\u00fas, doctora de la Iglesia - Exaudi Catholic News<\/title>\n<meta name=\"description\" content=\"Santoral del 15 de octubre, santa Teresa de Jes\u00fas, escrito por Isabel Orellana y editado por la Fundaci\u00f3n Fernando Rielo.\" \/>\n<meta name=\"robots\" content=\"index, follow, max-snippet:-1, max-image-preview:large, max-video-preview:-1\" \/>\n<link rel=\"canonical\" href=\"https:\/\/exaudi.org\/es\/santa-teresa-de-jesus-15-octubre\/\" \/>\n<meta property=\"og:locale\" content=\"es_ES\" \/>\n<meta property=\"og:type\" content=\"article\" \/>\n<meta property=\"og:title\" content=\"Santa Teresa de Jes\u00fas, doctora de la Iglesia - Exaudi Catholic News\" \/>\n<meta property=\"og:description\" content=\"Santoral del 15 de octubre, santa Teresa de Jes\u00fas, escrito por Isabel Orellana y editado por la Fundaci\u00f3n Fernando Rielo.\" \/>\n<meta property=\"og:url\" content=\"https:\/\/exaudi.org\/es\/santa-teresa-de-jesus-15-octubre\/\" \/>\n<meta property=\"og:site_name\" content=\"Exaudi\" \/>\n<meta property=\"article:publisher\" content=\"https:\/\/www.facebook.com\/ExaudiNews\" \/>\n<meta property=\"article:published_time\" content=\"2025-10-15T05:30:36+00:00\" \/>\n<meta property=\"og:image\" content=\"https:\/\/exaudi.org\/wp-content\/uploads\/2021\/10\/cq5dam.thumbnail.cropped.750.422-3-e1634214956584.jpeg\" \/>\n\t<meta property=\"og:image:width\" content=\"427\" \/>\n\t<meta property=\"og:image:height\" content=\"421\" \/>\n\t<meta property=\"og:image:type\" content=\"image\/jpeg\" \/>\n<meta name=\"author\" content=\"Isabel Orellana\" \/>\n<meta name=\"twitter:card\" content=\"summary_large_image\" \/>\n<meta name=\"twitter:creator\" content=\"@Exaudi_News\" \/>\n<meta name=\"twitter:site\" content=\"@Exaudi_News\" \/>\n<meta name=\"twitter:label1\" content=\"Escrito por\" \/>\n\t<meta name=\"twitter:data1\" content=\"Isabel Orellana\" \/>\n\t<meta name=\"twitter:label2\" content=\"Tiempo de lectura\" \/>\n\t<meta name=\"twitter:data2\" content=\"6 minutos\" \/>\n<script type=\"application\/ld+json\" class=\"yoast-schema-graph\">{\"@context\":\"https:\\\/\\\/schema.org\",\"@graph\":[{\"@type\":\"Article\",\"@id\":\"https:\\\/\\\/exaudi.org\\\/es\\\/santa-teresa-de-jesus-15-octubre\\\/#article\",\"isPartOf\":{\"@id\":\"https:\\\/\\\/exaudi.org\\\/es\\\/santa-teresa-de-jesus-15-octubre\\\/\"},\"author\":{\"name\":\"Isabel Orellana\",\"@id\":\"https:\\\/\\\/exaudi.org\\\/#\\\/schema\\\/person\\\/64e18b96fd6118559a9217b5b3375fdc\"},\"headline\":\"Santa Teresa de Jes\u00fas, doctora de la Iglesia\",\"datePublished\":\"2025-10-15T05:30:36+00:00\",\"mainEntityOfPage\":{\"@id\":\"https:\\\/\\\/exaudi.org\\\/es\\\/santa-teresa-de-jesus-15-octubre\\\/\"},\"wordCount\":1139,\"image\":{\"@id\":\"https:\\\/\\\/exaudi.org\\\/es\\\/santa-teresa-de-jesus-15-octubre\\\/#primaryimage\"},\"thumbnailUrl\":\"https:\\\/\\\/exaudi.org\\\/wp-content\\\/uploads\\\/2021\\\/10\\\/cq5dam.thumbnail.cropped.750.422-3-e1634214956584.jpeg\",\"keywords\":[\"Isabel Orellana Vilches\",\"Santa Teresa de Jes\u00fas\",\"Santoral\",\"Trending\"],\"articleSection\":[\"Iglesia y Mundo\",\"Santoral\"],\"inLanguage\":\"es\"},{\"@type\":\"WebPage\",\"@id\":\"https:\\\/\\\/exaudi.org\\\/es\\\/santa-teresa-de-jesus-15-octubre\\\/\",\"url\":\"https:\\\/\\\/exaudi.org\\\/es\\\/santa-teresa-de-jesus-15-octubre\\\/\",\"name\":\"Santa Teresa de Jes\u00fas, doctora de la Iglesia - Exaudi Catholic News\",\"isPartOf\":{\"@id\":\"https:\\\/\\\/exaudi.org\\\/#website\"},\"primaryImageOfPage\":{\"@id\":\"https:\\\/\\\/exaudi.org\\\/es\\\/santa-teresa-de-jesus-15-octubre\\\/#primaryimage\"},\"image\":{\"@id\":\"https:\\\/\\\/exaudi.org\\\/es\\\/santa-teresa-de-jesus-15-octubre\\\/#primaryimage\"},\"thumbnailUrl\":\"https:\\\/\\\/exaudi.org\\\/wp-content\\\/uploads\\\/2021\\\/10\\\/cq5dam.thumbnail.cropped.750.422-3-e1634214956584.jpeg\",\"datePublished\":\"2025-10-15T05:30:36+00:00\",\"author\":{\"@id\":\"https:\\\/\\\/exaudi.org\\\/#\\\/schema\\\/person\\\/64e18b96fd6118559a9217b5b3375fdc\"},\"description\":\"Santoral del 15 de octubre, santa Teresa de Jes\u00fas, escrito por Isabel Orellana y editado por la Fundaci\u00f3n Fernando Rielo.\",\"breadcrumb\":{\"@id\":\"https:\\\/\\\/exaudi.org\\\/es\\\/santa-teresa-de-jesus-15-octubre\\\/#breadcrumb\"},\"inLanguage\":\"es\",\"potentialAction\":[{\"@type\":\"ReadAction\",\"target\":[\"https:\\\/\\\/exaudi.org\\\/es\\\/santa-teresa-de-jesus-15-octubre\\\/\"]}]},{\"@type\":\"ImageObject\",\"inLanguage\":\"es\",\"@id\":\"https:\\\/\\\/exaudi.org\\\/es\\\/santa-teresa-de-jesus-15-octubre\\\/#primaryimage\",\"url\":\"https:\\\/\\\/exaudi.org\\\/wp-content\\\/uploads\\\/2021\\\/10\\\/cq5dam.thumbnail.cropped.750.422-3-e1634214956584.jpeg\",\"contentUrl\":\"https:\\\/\\\/exaudi.org\\\/wp-content\\\/uploads\\\/2021\\\/10\\\/cq5dam.thumbnail.cropped.750.422-3-e1634214956584.jpeg\",\"width\":427,\"height\":421,\"caption\":\"Santa Teresa Jes\u00fas \u00a9 Vatican Media\"},{\"@type\":\"BreadcrumbList\",\"@id\":\"https:\\\/\\\/exaudi.org\\\/es\\\/santa-teresa-de-jesus-15-octubre\\\/#breadcrumb\",\"itemListElement\":[{\"@type\":\"ListItem\",\"position\":1,\"name\":\"Portada\",\"item\":\"https:\\\/\\\/exaudi.org\\\/es\\\/\"},{\"@type\":\"ListItem\",\"position\":2,\"name\":\"Santa Teresa de Jes\u00fas, doctora de la Iglesia\"}]},{\"@type\":\"WebSite\",\"@id\":\"https:\\\/\\\/exaudi.org\\\/#website\",\"url\":\"https:\\\/\\\/exaudi.org\\\/\",\"name\":\"Exaudi\",\"description\":\"News\",\"potentialAction\":[{\"@type\":\"SearchAction\",\"target\":{\"@type\":\"EntryPoint\",\"urlTemplate\":\"https:\\\/\\\/exaudi.org\\\/?s={search_term_string}\"},\"query-input\":{\"@type\":\"PropertyValueSpecification\",\"valueRequired\":true,\"valueName\":\"search_term_string\"}}],\"inLanguage\":\"es\"},{\"@type\":\"Person\",\"@id\":\"https:\\\/\\\/exaudi.org\\\/#\\\/schema\\\/person\\\/64e18b96fd6118559a9217b5b3375fdc\",\"name\":\"Isabel Orellana\",\"image\":{\"@type\":\"ImageObject\",\"inLanguage\":\"es\",\"@id\":\"https:\\\/\\\/secure.gravatar.com\\\/avatar\\\/51968380bbb6b22ae85c605634860366fd9a2a611c6341125115bca32cd6c171?s=96&d=mm&r=g\",\"url\":\"https:\\\/\\\/secure.gravatar.com\\\/avatar\\\/51968380bbb6b22ae85c605634860366fd9a2a611c6341125115bca32cd6c171?s=96&d=mm&r=g\",\"contentUrl\":\"https:\\\/\\\/secure.gravatar.com\\\/avatar\\\/51968380bbb6b22ae85c605634860366fd9a2a611c6341125115bca32cd6c171?s=96&d=mm&r=g\",\"caption\":\"Isabel Orellana\"},\"description\":\"Isabel Orellana Vilches Misionera idente. Doctora en Filosof\u00eda por la Universidad Aut\u00f3noma de Barcelona con la tesis Realismo y progreso cient\u00edfico en la epistemolog\u00eda popperiana. Ha cursado estudios de teolog\u00eda en la Universidad Pontificia de Salamanca. Con amplia actividad docente desde 1986, ha publicado libros como: Realismo y progreso cient\u00edfico en la epistemolog\u00eda popperiana, Universitat Aut\u00f2noma de Barcelona, 1993; El evangelio habla a los j\u00f3venes, Atenas, Madrid, 1997; Qu\u00e9 es... LA TOLERANCIA, Paulinas, Madrid, 1999; Pedagog\u00eda del dolor. Ensayo antropol\u00f3gico, Palabra, Madrid, 1999; En colaboraci\u00f3n con Enrique Rivera de Ventosa (\u2020) OFM. Cap. San Francisco de As\u00eds y Fernando Rielo: Convergencias. Respuestas desde la fe a los interrogantes del hombre de hoy, Universidad Pontificia, Salamanca, 2001; La \\\"mirada\\\" del cine. Recursos did\u00e1cticos del s\u00e9ptimo arte. Librer\u00eda Cervantes, Salamanca, 2001; Paradojas de la convivencia, San Pablo, Madrid, 2002; En la Universidad T\u00e9cnica Particular de Loja, Ecuador, ha publicado: La confianza. El arte de amar, 2002; Educar para la responsabilidad, 2003; Apuntes de \u00e9tica en Karl R. Popper, 2003; De soledades y comunicaci\u00f3n, 2005; Yo educo; t\u00fa respondes, 2008; Humanismo y fe en un crisol de culturas, 2008; Repensar lo cotidiano, 2008; Convivir: un constante desaf\u00edo, 2009; La l\u00f3gica del amor, 2010; El dolor del amor. Apuntes sobre la enfermedad y el dolor en relaci\u00f3n con la virtud heroica, el martirio y la vida santa. Seminario Diocesano de M\u00e1laga, 2006 y Universidad T\u00e9cnica Particular de Loja, Ecuador (2007). Cuenta con numerosas colaboraciones en obras colectivas, as\u00ed como relatos, cuentos, f\u00e1bula y novela juvenil, adem\u00e1s de art\u00edculos de tem\u00e1tica cient\u00edfica, pedag\u00f3gica y espiritual, que viene publicando en distintas revistas nacionales e internacionales. En 2012 culmin\u00f3 el santoral Llamados a ser santos y poco m\u00e1s tarde Epopeyas de amor prologado por mons. Fernando Sebasti\u00e1n. Es la bi\u00f3grafa oficial del fundador de su familia espiritual, autora de Fernando Rielo Pardal. Fundador de los Misioneros Identes, Descl\u00e9e de Brouwer, Bilbao, 2009. Culmina la biograf\u00eda completa. Encargada del santoral de ZENIT desde 2012 a 2020 y ahora en Exaudi\",\"url\":\"https:\\\/\\\/exaudi.org\\\/es\\\/author\\\/isabelorellana\\\/\"}]}<\/script>\n<!-- \/ Yoast SEO plugin. -->","yoast_head_json":{"title":"Santa Teresa de Jes\u00fas, doctora de la Iglesia - Exaudi Catholic News","description":"Santoral del 15 de octubre, santa Teresa de Jes\u00fas, escrito por Isabel Orellana y editado por la Fundaci\u00f3n Fernando Rielo.","robots":{"index":"index","follow":"follow","max-snippet":"max-snippet:-1","max-image-preview":"max-image-preview:large","max-video-preview":"max-video-preview:-1"},"canonical":"https:\/\/exaudi.org\/es\/santa-teresa-de-jesus-15-octubre\/","og_locale":"es_ES","og_type":"article","og_title":"Santa Teresa de Jes\u00fas, doctora de la Iglesia - Exaudi Catholic News","og_description":"Santoral del 15 de octubre, santa Teresa de Jes\u00fas, escrito por Isabel Orellana y editado por la Fundaci\u00f3n Fernando Rielo.","og_url":"https:\/\/exaudi.org\/es\/santa-teresa-de-jesus-15-octubre\/","og_site_name":"Exaudi","article_publisher":"https:\/\/www.facebook.com\/ExaudiNews","article_published_time":"2025-10-15T05:30:36+00:00","og_image":[{"width":427,"height":421,"url":"https:\/\/exaudi.org\/wp-content\/uploads\/2021\/10\/cq5dam.thumbnail.cropped.750.422-3-e1634214956584.jpeg","type":"image\/jpeg"}],"author":"Isabel Orellana","twitter_card":"summary_large_image","twitter_creator":"@Exaudi_News","twitter_site":"@Exaudi_News","twitter_misc":{"Escrito por":"Isabel Orellana","Tiempo de lectura":"6 minutos"},"schema":{"@context":"https:\/\/schema.org","@graph":[{"@type":"Article","@id":"https:\/\/exaudi.org\/es\/santa-teresa-de-jesus-15-octubre\/#article","isPartOf":{"@id":"https:\/\/exaudi.org\/es\/santa-teresa-de-jesus-15-octubre\/"},"author":{"name":"Isabel Orellana","@id":"https:\/\/exaudi.org\/#\/schema\/person\/64e18b96fd6118559a9217b5b3375fdc"},"headline":"Santa Teresa de Jes\u00fas, doctora de la Iglesia","datePublished":"2025-10-15T05:30:36+00:00","mainEntityOfPage":{"@id":"https:\/\/exaudi.org\/es\/santa-teresa-de-jesus-15-octubre\/"},"wordCount":1139,"image":{"@id":"https:\/\/exaudi.org\/es\/santa-teresa-de-jesus-15-octubre\/#primaryimage"},"thumbnailUrl":"https:\/\/exaudi.org\/wp-content\/uploads\/2021\/10\/cq5dam.thumbnail.cropped.750.422-3-e1634214956584.jpeg","keywords":["Isabel Orellana Vilches","Santa Teresa de Jes\u00fas","Santoral","Trending"],"articleSection":["Iglesia y Mundo","Santoral"],"inLanguage":"es"},{"@type":"WebPage","@id":"https:\/\/exaudi.org\/es\/santa-teresa-de-jesus-15-octubre\/","url":"https:\/\/exaudi.org\/es\/santa-teresa-de-jesus-15-octubre\/","name":"Santa Teresa de Jes\u00fas, doctora de la Iglesia - Exaudi Catholic News","isPartOf":{"@id":"https:\/\/exaudi.org\/#website"},"primaryImageOfPage":{"@id":"https:\/\/exaudi.org\/es\/santa-teresa-de-jesus-15-octubre\/#primaryimage"},"image":{"@id":"https:\/\/exaudi.org\/es\/santa-teresa-de-jesus-15-octubre\/#primaryimage"},"thumbnailUrl":"https:\/\/exaudi.org\/wp-content\/uploads\/2021\/10\/cq5dam.thumbnail.cropped.750.422-3-e1634214956584.jpeg","datePublished":"2025-10-15T05:30:36+00:00","author":{"@id":"https:\/\/exaudi.org\/#\/schema\/person\/64e18b96fd6118559a9217b5b3375fdc"},"description":"Santoral del 15 de octubre, santa Teresa de Jes\u00fas, escrito por Isabel Orellana y editado por la Fundaci\u00f3n Fernando Rielo.","breadcrumb":{"@id":"https:\/\/exaudi.org\/es\/santa-teresa-de-jesus-15-octubre\/#breadcrumb"},"inLanguage":"es","potentialAction":[{"@type":"ReadAction","target":["https:\/\/exaudi.org\/es\/santa-teresa-de-jesus-15-octubre\/"]}]},{"@type":"ImageObject","inLanguage":"es","@id":"https:\/\/exaudi.org\/es\/santa-teresa-de-jesus-15-octubre\/#primaryimage","url":"https:\/\/exaudi.org\/wp-content\/uploads\/2021\/10\/cq5dam.thumbnail.cropped.750.422-3-e1634214956584.jpeg","contentUrl":"https:\/\/exaudi.org\/wp-content\/uploads\/2021\/10\/cq5dam.thumbnail.cropped.750.422-3-e1634214956584.jpeg","width":427,"height":421,"caption":"Santa Teresa Jes\u00fas \u00a9 Vatican Media"},{"@type":"BreadcrumbList","@id":"https:\/\/exaudi.org\/es\/santa-teresa-de-jesus-15-octubre\/#breadcrumb","itemListElement":[{"@type":"ListItem","position":1,"name":"Portada","item":"https:\/\/exaudi.org\/es\/"},{"@type":"ListItem","position":2,"name":"Santa Teresa de Jes\u00fas, doctora de la Iglesia"}]},{"@type":"WebSite","@id":"https:\/\/exaudi.org\/#website","url":"https:\/\/exaudi.org\/","name":"Exaudi","description":"News","potentialAction":[{"@type":"SearchAction","target":{"@type":"EntryPoint","urlTemplate":"https:\/\/exaudi.org\/?s={search_term_string}"},"query-input":{"@type":"PropertyValueSpecification","valueRequired":true,"valueName":"search_term_string"}}],"inLanguage":"es"},{"@type":"Person","@id":"https:\/\/exaudi.org\/#\/schema\/person\/64e18b96fd6118559a9217b5b3375fdc","name":"Isabel Orellana","image":{"@type":"ImageObject","inLanguage":"es","@id":"https:\/\/secure.gravatar.com\/avatar\/51968380bbb6b22ae85c605634860366fd9a2a611c6341125115bca32cd6c171?s=96&d=mm&r=g","url":"https:\/\/secure.gravatar.com\/avatar\/51968380bbb6b22ae85c605634860366fd9a2a611c6341125115bca32cd6c171?s=96&d=mm&r=g","contentUrl":"https:\/\/secure.gravatar.com\/avatar\/51968380bbb6b22ae85c605634860366fd9a2a611c6341125115bca32cd6c171?s=96&d=mm&r=g","caption":"Isabel Orellana"},"description":"Isabel Orellana Vilches Misionera idente. Doctora en Filosof\u00eda por la Universidad Aut\u00f3noma de Barcelona con la tesis Realismo y progreso cient\u00edfico en la epistemolog\u00eda popperiana. Ha cursado estudios de teolog\u00eda en la Universidad Pontificia de Salamanca. Con amplia actividad docente desde 1986, ha publicado libros como: Realismo y progreso cient\u00edfico en la epistemolog\u00eda popperiana, Universitat Aut\u00f2noma de Barcelona, 1993; El evangelio habla a los j\u00f3venes, Atenas, Madrid, 1997; Qu\u00e9 es... LA TOLERANCIA, Paulinas, Madrid, 1999; Pedagog\u00eda del dolor. Ensayo antropol\u00f3gico, Palabra, Madrid, 1999; En colaboraci\u00f3n con Enrique Rivera de Ventosa (\u2020) OFM. Cap. San Francisco de As\u00eds y Fernando Rielo: Convergencias. Respuestas desde la fe a los interrogantes del hombre de hoy, Universidad Pontificia, Salamanca, 2001; La \"mirada\" del cine. Recursos did\u00e1cticos del s\u00e9ptimo arte. Librer\u00eda Cervantes, Salamanca, 2001; Paradojas de la convivencia, San Pablo, Madrid, 2002; En la Universidad T\u00e9cnica Particular de Loja, Ecuador, ha publicado: La confianza. El arte de amar, 2002; Educar para la responsabilidad, 2003; Apuntes de \u00e9tica en Karl R. Popper, 2003; De soledades y comunicaci\u00f3n, 2005; Yo educo; t\u00fa respondes, 2008; Humanismo y fe en un crisol de culturas, 2008; Repensar lo cotidiano, 2008; Convivir: un constante desaf\u00edo, 2009; La l\u00f3gica del amor, 2010; El dolor del amor. Apuntes sobre la enfermedad y el dolor en relaci\u00f3n con la virtud heroica, el martirio y la vida santa. Seminario Diocesano de M\u00e1laga, 2006 y Universidad T\u00e9cnica Particular de Loja, Ecuador (2007). Cuenta con numerosas colaboraciones en obras colectivas, as\u00ed como relatos, cuentos, f\u00e1bula y novela juvenil, adem\u00e1s de art\u00edculos de tem\u00e1tica cient\u00edfica, pedag\u00f3gica y espiritual, que viene publicando en distintas revistas nacionales e internacionales. En 2012 culmin\u00f3 el santoral Llamados a ser santos y poco m\u00e1s tarde Epopeyas de amor prologado por mons. Fernando Sebasti\u00e1n. Es la bi\u00f3grafa oficial del fundador de su familia espiritual, autora de Fernando Rielo Pardal. Fundador de los Misioneros Identes, Descl\u00e9e de Brouwer, Bilbao, 2009. Culmina la biograf\u00eda completa. Encargada del santoral de ZENIT desde 2012 a 2020 y ahora en Exaudi","url":"https:\/\/exaudi.org\/es\/author\/isabelorellana\/"}]}},"jetpack_featured_media_url":"https:\/\/exaudi.org\/wp-content\/uploads\/2021\/10\/cq5dam.thumbnail.cropped.750.422-3-e1634214956584.jpeg","jetpack_shortlink":"https:\/\/wp.me\/pgKjF2-9yw","_links":{"self":[{"href":"https:\/\/exaudi.org\/es\/wp-json\/wp\/v2\/posts\/36736","targetHints":{"allow":["GET"]}}],"collection":[{"href":"https:\/\/exaudi.org\/es\/wp-json\/wp\/v2\/posts"}],"about":[{"href":"https:\/\/exaudi.org\/es\/wp-json\/wp\/v2\/types\/post"}],"author":[{"embeddable":true,"href":"https:\/\/exaudi.org\/es\/wp-json\/wp\/v2\/users\/23"}],"replies":[{"embeddable":true,"href":"https:\/\/exaudi.org\/es\/wp-json\/wp\/v2\/comments?post=36736"}],"version-history":[{"count":3,"href":"https:\/\/exaudi.org\/es\/wp-json\/wp\/v2\/posts\/36736\/revisions"}],"predecessor-version":[{"id":140160,"href":"https:\/\/exaudi.org\/es\/wp-json\/wp\/v2\/posts\/36736\/revisions\/140160"}],"wp:featuredmedia":[{"embeddable":true,"href":"https:\/\/exaudi.org\/es\/wp-json\/wp\/v2\/media\/36737"}],"wp:attachment":[{"href":"https:\/\/exaudi.org\/es\/wp-json\/wp\/v2\/media?parent=36736"}],"wp:term":[{"taxonomy":"category","embeddable":true,"href":"https:\/\/exaudi.org\/es\/wp-json\/wp\/v2\/categories?post=36736"},{"taxonomy":"post_tag","embeddable":true,"href":"https:\/\/exaudi.org\/es\/wp-json\/wp\/v2\/tags?post=36736"}],"curies":[{"name":"wp","href":"https:\/\/api.w.org\/{rel}","templated":true}]}}