{"id":36697,"date":"2021-10-14T14:05:32","date_gmt":"2021-10-14T12:05:32","guid":{"rendered":"https:\/\/exaudi.wpengine.com\/?p=36697"},"modified":"2021-10-15T14:40:30","modified_gmt":"2021-10-15T12:40:30","slug":"papa-aborto-homicidio-no-licito-complices","status":"publish","type":"post","link":"https:\/\/exaudi.org\/es\/papa-aborto-homicidio-no-licito-complices\/","title":{"rendered":"El Papa: Aborto es \u201chomicidio y no es l\u00edcito hacerse c\u00f3mplice\u201d"},"content":{"rendered":"<p>Esta ma\u00f1ana, 14 de octubre de 2021, el <a href=\"https:\/\/exaudi.wpengine.com\/es\/amor-ley-suprema-nueva-vida-cristiana\/\" target=\"_blank\" rel=\"noopener\">Papa Francisco<\/a> se ha reunido en el Vaticano con los participantes en un congreso organizado por la Sociedad Italiana de Farmacia Hospitalaria. En su discurso, ha advertido a los farmac\u00e9uticos que el aborto es \u201cun homicidio y no es l\u00edcito hacerse c\u00f3mplice\u201d, y que su deber es la cercan\u00eda, \u201cespecialmente de las mujeres, para que no se llegue a pensar en la soluci\u00f3n del aborto, porque en realidad no es la soluci\u00f3n\u201d.<\/p>\n<p>Al comienzo de su argumentaci\u00f3n, el Santo Padre ha expresado que el Congreso es una oportunidad para \u201creafirmar la importancia del sistema nacional de sanidad p\u00fablica, elemento esencial para garantizar el bien com\u00fan y el crecimiento social de un pa\u00eds. Y todo ello en el contexto de la pandemia, que ha cambiado y cambiar\u00e1 la forma de planificar, organizar y gestionar la salud y la asistencia sanitaria\u201d.<\/p>\n<h4><strong>Rutina, servicio oculto y profesionalidad<\/strong><\/h4>\n<p><img loading=\"lazy\" decoding=\"async\" class=\"alignleft size-medium wp-image-36701\" src=\"https:\/\/exaudi.wpengine.com\/wp-content\/uploads\/2021\/10\/cq5dam.web_.800.800-1-3-300x200.jpeg\" alt=\"Papa aborto homicidio\" width=\"300\" height=\"200\" srcset=\"https:\/\/exaudi.org\/wp-content\/uploads\/2021\/10\/cq5dam.web_.800.800-1-3-300x200.jpeg 300w, https:\/\/exaudi.org\/wp-content\/uploads\/2021\/10\/cq5dam.web_.800.800-1-3-768x512.jpeg 768w, https:\/\/exaudi.org\/wp-content\/uploads\/2021\/10\/cq5dam.web_.800.800-1-3-150x100.jpeg 150w, https:\/\/exaudi.org\/wp-content\/uploads\/2021\/10\/cq5dam.web_.800.800-1-3-696x464.jpeg 696w, https:\/\/exaudi.org\/wp-content\/uploads\/2021\/10\/cq5dam.web_.800.800-1-3-630x420.jpeg 630w, https:\/\/exaudi.org\/wp-content\/uploads\/2021\/10\/cq5dam.web_.800.800-1-3.jpeg 800w\" sizes=\"auto, (max-width: 300px) 100vw, 300px\" \/>El Pont\u00edfice ha estructurado su discurso en tres \u201ccaminos\u201d en los que los farmac\u00e9uticos deben continuar sus esfuerzos. El primero, tomado de la par\u00e1bola del buen samaritano, se basa en su trabajo de rutina diaria y el servicio oculto, aspectos \u201cque requieren paciencia, constancia y precisi\u00f3n, y que no tienen la gratificaci\u00f3n de las apariencias, tienen poca visibilidad\u201d, pero, acompa\u00f1adas de oraci\u00f3n y amor, generan \u201cla santidad de la vida cotidiana\u201d.<\/p>\n<p>El segundo camino es la profesionalidad: \u201cJunto con el cl\u00ednico, es el farmac\u00e9utico de hospital quien investiga, experimenta, propone nuevos caminos; siempre en contacto inmediato con el paciente. Se trata de la capacidad de comprender la enfermedad y al paciente, de personalizar los medicamentos y las dosis, y de enfrentarse a veces a las situaciones cl\u00ednicas m\u00e1s complejas\u201d.<\/p>\n<h4><strong>\u00c9tica profesional<\/strong><\/h4>\n<p><img loading=\"lazy\" decoding=\"async\" class=\"alignright size-medium wp-image-36704\" src=\"https:\/\/exaudi.wpengine.com\/wp-content\/uploads\/2021\/10\/cq5dam.web_.800.800-4-2-300x200.jpeg\" alt=\"\" width=\"300\" height=\"200\" srcset=\"https:\/\/exaudi.org\/wp-content\/uploads\/2021\/10\/cq5dam.web_.800.800-4-2-300x200.jpeg 300w, https:\/\/exaudi.org\/wp-content\/uploads\/2021\/10\/cq5dam.web_.800.800-4-2-768x512.jpeg 768w, https:\/\/exaudi.org\/wp-content\/uploads\/2021\/10\/cq5dam.web_.800.800-4-2-150x100.jpeg 150w, https:\/\/exaudi.org\/wp-content\/uploads\/2021\/10\/cq5dam.web_.800.800-4-2-696x464.jpeg 696w, https:\/\/exaudi.org\/wp-content\/uploads\/2021\/10\/cq5dam.web_.800.800-4-2-630x420.jpeg 630w, https:\/\/exaudi.org\/wp-content\/uploads\/2021\/10\/cq5dam.web_.800.800-4-2.jpeg 800w\" sizes=\"auto, (max-width: 300px) 100vw, 300px\" \/><\/p>\n<p>El tercer camino, explica el Papa, se fundamenta en la \u00e9tica profesional y social: En el aspecto \u00e9tico personal, el farmac\u00e9utico est\u00e1 al servicio de la vida humana, incluso cuando conlleve la objeci\u00f3n de conciencia, \u201cque no es deslealtad\u201d, sino fidelidad a la profesi\u00f3n \u201csi est\u00e1 v\u00e1lidamente motivada\u201d. Esta es, prosigue, \u201cla intimidad \u00e9tica de todo profesional de la salud y esto nunca debe negociarse, es precisamente la responsabilidad \u00faltima de los profesionales de la salud\u201d.<\/p>\n<p>Hablando de la justicia social, Francisco ha dicho que \u201cen el Servicio Nacional de Sanidad italiano, un gran espacio lo ocupa la universalidad del acceso a la asistencia, pero el farmac\u00e9utico, incluso en las jerarqu\u00edas de gesti\u00f3n y administraci\u00f3n, no es un mero ejecutor. Por lo tanto, los criterios de gesti\u00f3n y financieros no son el \u00fanico elemento a tener en cuenta. La cultura del descarte no debe afectar\u201d a la profesi\u00f3n de los sanitarios.<\/p>\n<p><img loading=\"lazy\" decoding=\"async\" class=\"alignleft size-medium wp-image-36707\" src=\"https:\/\/exaudi.wpengine.com\/wp-content\/uploads\/2021\/10\/cq5dam.web_.800.800-5-300x200.jpeg\" alt=\"Papa aborto homicidio\" width=\"300\" height=\"200\" srcset=\"https:\/\/exaudi.org\/wp-content\/uploads\/2021\/10\/cq5dam.web_.800.800-5-300x200.jpeg 300w, https:\/\/exaudi.org\/wp-content\/uploads\/2021\/10\/cq5dam.web_.800.800-5-768x512.jpeg 768w, https:\/\/exaudi.org\/wp-content\/uploads\/2021\/10\/cq5dam.web_.800.800-5-150x100.jpeg 150w, https:\/\/exaudi.org\/wp-content\/uploads\/2021\/10\/cq5dam.web_.800.800-5-696x464.jpeg 696w, https:\/\/exaudi.org\/wp-content\/uploads\/2021\/10\/cq5dam.web_.800.800-5-630x420.jpeg 630w, https:\/\/exaudi.org\/wp-content\/uploads\/2021\/10\/cq5dam.web_.800.800-5.jpeg 800w\" sizes=\"auto, (max-width: 300px) 100vw, 300px\" \/><\/p>\n<p>\u201cLa gesti\u00f3n de los recursos y la atenci\u00f3n para no desperdiciar lo que se conf\u00eda a las manos de cada farmac\u00e9utico adquiere un significado no s\u00f3lo econ\u00f3mico sino tambi\u00e9n \u00e9tico, m\u00e1s todav\u00eda, dir\u00e9 humano, muy humano. Pensemos en la atenci\u00f3n al detalle, la compra y el almacenamiento de los productos, su uso correcto y su destino a los que lo tengan necesidad y urgencia\u201d, concluye.<\/p>\n<div>\n<p>A continuaci\u00f3n, sigue el discurso completo de Su Santidad, ofrecido por la <a href=\"https:\/\/www.vatican.va\/news_services\/press\/index_sp.htm\" target=\"_blank\" rel=\"noopener\">Oficina de Prensa de la Santa Sede.<\/a><\/p>\n<p>***<\/p>\n<h4><strong>Discurso del Papa Francisco<\/strong><\/h4>\n<p><i>Queridos hermanos y hermanas, \u00a1buenos d\u00edas y bienvenidos!<\/i><\/p>\n<p>Agradezco al presidente de la Sociedad Italiana de Farmacia Hospitalaria y de los Servicios Farmac\u00e9uticos de las Autoridades Sanitarias las palabras que me ha dirigido en nombre de todos vosotros. Gracias. Hab\u00e9is venido de toda Italia para vuestro congreso, en representaci\u00f3n de diferentes realidades. El congreso es, para vosotros ante todo, una oportunidad para confrontaros, pero tambi\u00e9n para reafirmar la importancia del sistema nacional de sanidad p\u00fablica, elemento esencial para garantizar el bien com\u00fan y el crecimiento social de un pa\u00eds. Y todo ello en el contexto de la pandemia, que ha cambiado y cambiar\u00e1 la forma de planificar, organizar y gestionar la salud y la asistencia sanitaria. A este respecto, me gustar\u00eda se\u00f1alar tres caminos en los que continuar vuestros esfuerzos.<\/p>\n<p><img loading=\"lazy\" decoding=\"async\" class=\"alignright size-medium wp-image-36710\" src=\"https:\/\/exaudi.wpengine.com\/wp-content\/uploads\/2021\/10\/cq5dam.web_.800.800-6-2-300x200.jpeg\" alt=\"\" width=\"300\" height=\"200\" srcset=\"https:\/\/exaudi.org\/wp-content\/uploads\/2021\/10\/cq5dam.web_.800.800-6-2-300x200.jpeg 300w, https:\/\/exaudi.org\/wp-content\/uploads\/2021\/10\/cq5dam.web_.800.800-6-2-768x512.jpeg 768w, https:\/\/exaudi.org\/wp-content\/uploads\/2021\/10\/cq5dam.web_.800.800-6-2-150x100.jpeg 150w, https:\/\/exaudi.org\/wp-content\/uploads\/2021\/10\/cq5dam.web_.800.800-6-2-696x464.jpeg 696w, https:\/\/exaudi.org\/wp-content\/uploads\/2021\/10\/cq5dam.web_.800.800-6-2-630x420.jpeg 630w, https:\/\/exaudi.org\/wp-content\/uploads\/2021\/10\/cq5dam.web_.800.800-6-2.jpeg 800w\" sizes=\"auto, (max-width: 300px) 100vw, 300px\" \/><\/p>\n<p>El primero lo tomo de la figura del posadero en la par\u00e1bola del buen samaritano: se le pide que hospede al herido y lo cuide hasta que vuelva el samaritano (cf.\u00a0<i>Lc<\/i>\u00a010,35). En este personaje podemos ver dos aspectos significativos del trabajo del farmac\u00e9utico de hospital:\u00a0la<i>\u00a0rutina\u00a0<\/i>diaria y el<i>\u00a0servicio oculto<\/i>. Son aspectos comunes a muchos otros trabajos, que requieren paciencia, constancia y precisi\u00f3n, y que no tienen la gratificaci\u00f3n de las apariencias, tienen poca visibilidad.<i>\u00a0<\/i>La<i>\u00a0rutina\u00a0<\/i>diaria<i>\u00a0y el servicio oculto<\/i>\u00a0no tienen ninguna visibilidad, poca, por decirlo as\u00ed, poca visibilidad. Precisamente por eso, si van acompa\u00f1adas de la oraci\u00f3n y el amor, generan la \u00absantidad de la vida cotidiana\u00bb. Porque sin la oraci\u00f3n y el amor \u2014como bien sab\u00e9is\u2014 esta\u00a0<i>rutina<\/i>\u00a0se vuelve \u00e1rida, pero con amor, hecho con amor y con oraci\u00f3n te lleva a la santidad de la puerta de al lado, santos an\u00f3nimos que est\u00e1n en todas partes porque hacen bien lo que tienen que hacer.<\/p>\n<p>El segundo camino ata\u00f1e a la dimensi\u00f3n espec\u00edfica del farmac\u00e9utico de hospital, es decir, a su\u00a0<i>profesionalidad<\/i>, su especializaci\u00f3n de postgrado. Junto con el cl\u00ednico, es el farmac\u00e9utico de hospital quien investiga, experimenta, propone nuevos caminos; siempre en contacto inmediato con el paciente. Se trata de la capacidad de comprender la enfermedad y al paciente, de personalizar los medicamentos y las dosis, y de enfrentarse a veces a las situaciones cl\u00ednicas m\u00e1s complejas. De hecho, el farmac\u00e9utico puede tener en cuenta los efectos globales, que son m\u00e1s que la suma de los medicamentos individuales para las diferentes enfermedades. A veces \u2014seg\u00fan la estructura\u2014 hay un encuentro con el enfermo, otras veces la farmacia del hospital es uno de los departamentos invisibles que hace que todo funcione, pero la persona siempre es la destinataria de vuestros cuidados.<\/p>\n<p><img loading=\"lazy\" decoding=\"async\" class=\"alignleft size-medium wp-image-36713\" src=\"https:\/\/exaudi.wpengine.com\/wp-content\/uploads\/2021\/10\/cq5dam.web_.800.800-7-1-300x200.jpeg\" alt=\"Papa aborto homicidio\" width=\"300\" height=\"200\" srcset=\"https:\/\/exaudi.org\/wp-content\/uploads\/2021\/10\/cq5dam.web_.800.800-7-1-300x200.jpeg 300w, https:\/\/exaudi.org\/wp-content\/uploads\/2021\/10\/cq5dam.web_.800.800-7-1-768x512.jpeg 768w, https:\/\/exaudi.org\/wp-content\/uploads\/2021\/10\/cq5dam.web_.800.800-7-1-150x100.jpeg 150w, https:\/\/exaudi.org\/wp-content\/uploads\/2021\/10\/cq5dam.web_.800.800-7-1-696x464.jpeg 696w, https:\/\/exaudi.org\/wp-content\/uploads\/2021\/10\/cq5dam.web_.800.800-7-1-630x420.jpeg 630w, https:\/\/exaudi.org\/wp-content\/uploads\/2021\/10\/cq5dam.web_.800.800-7-1.jpeg 800w\" sizes=\"auto, (max-width: 300px) 100vw, 300px\" \/><\/p>\n<p>El tercer camino se refiere a la dimensi\u00f3n \u00e9tica de la profesi\u00f3n, en dos aspectos:\u00a0<i>el personal y el social.<\/i><\/p>\n<p>A nivel individual, el farmac\u00e9utico, cada uno de vosotros, utiliza sustancias medicinales que, sin embargo, pueden convertirse en venenos. Aqu\u00ed se trata de ejercer una vigilancia constante, para que el objetivo sea siempre la vida del paciente en su totalidad. Vosotros est\u00e1is siempre al servicio de la vida humana. Y esto puede conllevar, en algunos casos, la objeci\u00f3n de conciencia, que no es deslealtad, sino, por el contrario,\u00a0\u00a0<i>fidelidad<\/i> a vuestra profesi\u00f3n, si est\u00e1 v\u00e1lidamente motivada. Hoy en d\u00eda est\u00e1 algo de moda pensar si estar\u00eda bien eliminar la objeci\u00f3n de conciencia. Pero, pensad que \u00e9sta es la intimidad \u00e9tica de todo profesional de la salud y esto nunca debe negociarse, es precisamente la responsabilidad \u00faltima de los profesionales de la salud. Es tambi\u00e9n una denuncia de las injusticias cometidas contra la vida inocente e indefensa. Se trata de un tema muy delicado, que requiere a la vez gran competencia y gran rectitud. En particular, he tenido ocasi\u00f3n de volver recientemente sobre el tema del aborto. Sab\u00e9is que sobre esto soy muy claro: se trata de un homicidio y no es l\u00edcito hacerse c\u00f3mplice. Dicho esto, nuestro deber es la cercan\u00eda, nuestro deber positivo: estar cerca de las situaciones, especialmente de las mujeres, para que no se llegue a pensar en la soluci\u00f3n del aborto, porque en realidad no es la soluci\u00f3n. Despu\u00e9s, la vida, pasados diez, veinte o treinta a\u00f1os te pasa la factura. Y hace falta estar en un confesonario para entender el precio, tan duro, de ello.<\/p>\n<p>Este era el nivel \u00e9tico personal. Luego est\u00e1 el nivel de la\u00a0\u00a0<i>justicia social<\/i> que es tan importante: \u201cLas estrategias sanitarias, orientadas a la b\u00fasqueda de la justicia y el bien com\u00fan, deben ser econ\u00f3mica y \u00e9ticamente sostenibles\u201d. Ciertamente, en el Servicio Nacional de Sanidad italiano, un gran espacio lo ocupa la universalidad del acceso a la asistencia, pero el farmac\u00e9utico \u2014incluso en las jerarqu\u00edas de gesti\u00f3n y administraci\u00f3n\u2014 no es un mero ejecutor. Por lo tanto, los criterios de gesti\u00f3n y financieros no son el \u00fanico elemento a tener en cuenta. La cultura del descarte no debe afectar a vuestra profesi\u00f3n. Y este es otro \u00e1mbito en el que debemos estar siempre atentos. \u201cLa tarea de custodiar la tierra, Dios Nuestro Padre la ha dado no al dinero, sino a nosotros: a los hombres y a las mujeres, \u00a1nosotros tenemos este deber! En cambio hombres y mujeres son sacrificados a los \u00eddolos del beneficio y del consumo: es la &#8216;cultura del descarte&#8217;\u201d. Tambi\u00e9n con las personas mayores, darles la mitad de los medicamentos y as\u00ed se acorta la vida\u2026 Es un descarte, s\u00ed. Esta observaci\u00f3n, referida originalmente al medio ambiente, se aplica todav\u00eda m\u00e1s a la salud del ser humano.<\/p>\n<p><img loading=\"lazy\" decoding=\"async\" class=\"alignright size-medium wp-image-36716\" src=\"https:\/\/exaudi.wpengine.com\/wp-content\/uploads\/2021\/10\/cq5dam.web_.800.800-8-300x200.jpeg\" alt=\"\" width=\"300\" height=\"200\" srcset=\"https:\/\/exaudi.org\/wp-content\/uploads\/2021\/10\/cq5dam.web_.800.800-8-300x200.jpeg 300w, https:\/\/exaudi.org\/wp-content\/uploads\/2021\/10\/cq5dam.web_.800.800-8-768x512.jpeg 768w, https:\/\/exaudi.org\/wp-content\/uploads\/2021\/10\/cq5dam.web_.800.800-8-150x100.jpeg 150w, https:\/\/exaudi.org\/wp-content\/uploads\/2021\/10\/cq5dam.web_.800.800-8-696x464.jpeg 696w, https:\/\/exaudi.org\/wp-content\/uploads\/2021\/10\/cq5dam.web_.800.800-8-630x420.jpeg 630w, https:\/\/exaudi.org\/wp-content\/uploads\/2021\/10\/cq5dam.web_.800.800-8.jpeg 800w\" sizes=\"auto, (max-width: 300px) 100vw, 300px\" \/><\/p>\n<p>La gesti\u00f3n de los recursos y la atenci\u00f3n para no desperdiciar lo que se conf\u00eda a las manos de cada farmac\u00e9utico adquiere un significado no s\u00f3lo econ\u00f3mico sino tambi\u00e9n \u00e9tico, m\u00e1s todav\u00eda, dir\u00e9 humano, muy humano. Pensemos en la atenci\u00f3n al detalle, la compra y el almacenamiento de los productos, su uso correcto y su destino a los que lo tengan necesidad y urgencia. Pensemos en la relaci\u00f3n con los distintos operadores \u2014los celadores, los enfermeros, los m\u00e9dicos y los anestesistas\u2014 y con todas las estructuras implicadas.<\/p>\n<p>Os agradezco esta visita y espero que pod\u00e1is avanzar en vuestra labor tan humana, tan digna, tan grande y tantas veces tan silenciosa que nadie se da cuenta. Muchas gracias, que Dios os bendiga a todos y rezad por m\u00ed. Gracias.<\/p>\n<\/div>\n<p><strong>\u00a9 Librer\u00eda Editora Vaticana<\/strong><\/p>\n","protected":false},"excerpt":{"rendered":"<p>Discurso a los participantes en un congreso organizado por la Sociedad Italiana de Farmacia Hospitalaria<\/p>\n","protected":false},"author":6,"featured_media":36726,"comment_status":"closed","ping_status":"closed","sticky":false,"template":"","format":"standard","meta":{"_acf_changed":false,"_crdt_document":"","inline_featured_image":false,"footnotes":""},"categories":[124,298],"tags":[1121,4529,648,3992,158],"class_list":["post-36697","post","type-post","status-publish","format-standard","has-post-thumbnail","hentry","category-discursos","category-ultimas-noticias","tag-aborto","tag-asociacion-italiana-de-farmaceuticos","tag-discurso","tag-objecion-de-conciencia","tag-papa-francisco"],"acf":[],"yoast_head":"<!-- This site is optimized with the Yoast SEO plugin v27.5 - https:\/\/yoast.com\/product\/yoast-seo-wordpress\/ -->\n<title>El Papa: Aborto es \u201chomicidio y no es l\u00edcito hacerse c\u00f3mplice\u201d<\/title>\n<meta name=\"description\" content=\"En su discurso a los farmac\u00e9uticos italianos, el Papa Francisco ha asegurado que el aborto es un homicidio y no es l\u00edcito hacerse c\u00f3mplice.\" \/>\n<meta name=\"robots\" content=\"index, follow, max-snippet:-1, max-image-preview:large, max-video-preview:-1\" \/>\n<link rel=\"canonical\" href=\"https:\/\/exaudi.org\/es\/papa-aborto-homicidio-no-licito-complices\/\" \/>\n<meta property=\"og:locale\" content=\"es_ES\" \/>\n<meta property=\"og:type\" content=\"article\" \/>\n<meta property=\"og:title\" content=\"El Papa: Aborto es \u201chomicidio y no es l\u00edcito hacerse c\u00f3mplice\u201d\" \/>\n<meta property=\"og:description\" content=\"En su discurso a los farmac\u00e9uticos italianos, el Papa Francisco ha asegurado que el aborto es un homicidio y no es l\u00edcito hacerse c\u00f3mplice.\" \/>\n<meta property=\"og:url\" content=\"https:\/\/exaudi.org\/es\/papa-aborto-homicidio-no-licito-complices\/\" \/>\n<meta property=\"og:site_name\" content=\"Exaudi\" \/>\n<meta property=\"article:publisher\" content=\"https:\/\/www.facebook.com\/ExaudiNews\" \/>\n<meta property=\"article:published_time\" content=\"2021-10-14T12:05:32+00:00\" \/>\n<meta property=\"article:modified_time\" content=\"2021-10-15T12:40:30+00:00\" \/>\n<meta property=\"og:image\" content=\"https:\/\/exaudi.org\/wp-content\/uploads\/2021\/10\/6s5d4f6sd54f6s5d4f-scaled.jpg\" \/>\n\t<meta property=\"og:image:width\" content=\"2560\" \/>\n\t<meta property=\"og:image:height\" content=\"1707\" \/>\n\t<meta property=\"og:image:type\" content=\"image\/jpeg\" \/>\n<meta name=\"author\" content=\"Gabriel Sales\" \/>\n<meta name=\"twitter:card\" content=\"summary_large_image\" \/>\n<meta name=\"twitter:creator\" content=\"@habemusman\" \/>\n<meta name=\"twitter:site\" content=\"@Exaudi_News\" \/>\n<meta name=\"twitter:label1\" content=\"Escrito por\" \/>\n\t<meta name=\"twitter:data1\" content=\"Gabriel Sales\" \/>\n\t<meta name=\"twitter:label2\" content=\"Tiempo de lectura\" \/>\n\t<meta name=\"twitter:data2\" content=\"9 minutos\" \/>\n<script type=\"application\/ld+json\" class=\"yoast-schema-graph\">{\"@context\":\"https:\\\/\\\/schema.org\",\"@graph\":[{\"@type\":\"Article\",\"@id\":\"https:\\\/\\\/exaudi.org\\\/es\\\/papa-aborto-homicidio-no-licito-complices\\\/#article\",\"isPartOf\":{\"@id\":\"https:\\\/\\\/exaudi.org\\\/es\\\/papa-aborto-homicidio-no-licito-complices\\\/\"},\"author\":{\"name\":\"Gabriel Sales\",\"@id\":\"https:\\\/\\\/exaudi.org\\\/#\\\/schema\\\/person\\\/d134b96438278131ce90c90c03fda6cd\"},\"headline\":\"El Papa: Aborto es \u201chomicidio y no es l\u00edcito hacerse c\u00f3mplice\u201d\",\"datePublished\":\"2021-10-14T12:05:32+00:00\",\"dateModified\":\"2021-10-15T12:40:30+00:00\",\"mainEntityOfPage\":{\"@id\":\"https:\\\/\\\/exaudi.org\\\/es\\\/papa-aborto-homicidio-no-licito-complices\\\/\"},\"wordCount\":1688,\"image\":{\"@id\":\"https:\\\/\\\/exaudi.org\\\/es\\\/papa-aborto-homicidio-no-licito-complices\\\/#primaryimage\"},\"thumbnailUrl\":\"https:\\\/\\\/exaudi.org\\\/wp-content\\\/uploads\\\/2021\\\/10\\\/6s5d4f6sd54f6s5d4f-scaled.jpg\",\"keywords\":[\"Aborto\",\"Asociaci\u00f3n Italiana de Farmac\u00e9uticos\",\"Discurso\",\"Objeci\u00f3n de conciencia\",\"papa francisco\"],\"articleSection\":[\"Discursos\",\"\u00daltimas noticias\"],\"inLanguage\":\"es\"},{\"@type\":\"WebPage\",\"@id\":\"https:\\\/\\\/exaudi.org\\\/es\\\/papa-aborto-homicidio-no-licito-complices\\\/\",\"url\":\"https:\\\/\\\/exaudi.org\\\/es\\\/papa-aborto-homicidio-no-licito-complices\\\/\",\"name\":\"El Papa: Aborto es \u201chomicidio y no es l\u00edcito hacerse c\u00f3mplice\u201d\",\"isPartOf\":{\"@id\":\"https:\\\/\\\/exaudi.org\\\/#website\"},\"primaryImageOfPage\":{\"@id\":\"https:\\\/\\\/exaudi.org\\\/es\\\/papa-aborto-homicidio-no-licito-complices\\\/#primaryimage\"},\"image\":{\"@id\":\"https:\\\/\\\/exaudi.org\\\/es\\\/papa-aborto-homicidio-no-licito-complices\\\/#primaryimage\"},\"thumbnailUrl\":\"https:\\\/\\\/exaudi.org\\\/wp-content\\\/uploads\\\/2021\\\/10\\\/6s5d4f6sd54f6s5d4f-scaled.jpg\",\"datePublished\":\"2021-10-14T12:05:32+00:00\",\"dateModified\":\"2021-10-15T12:40:30+00:00\",\"author\":{\"@id\":\"https:\\\/\\\/exaudi.org\\\/#\\\/schema\\\/person\\\/d134b96438278131ce90c90c03fda6cd\"},\"description\":\"En su discurso a los farmac\u00e9uticos italianos, el Papa Francisco ha asegurado que el aborto es un homicidio y no es l\u00edcito hacerse c\u00f3mplice.\",\"breadcrumb\":{\"@id\":\"https:\\\/\\\/exaudi.org\\\/es\\\/papa-aborto-homicidio-no-licito-complices\\\/#breadcrumb\"},\"inLanguage\":\"es\",\"potentialAction\":[{\"@type\":\"ReadAction\",\"target\":[\"https:\\\/\\\/exaudi.org\\\/es\\\/papa-aborto-homicidio-no-licito-complices\\\/\"]}]},{\"@type\":\"ImageObject\",\"inLanguage\":\"es\",\"@id\":\"https:\\\/\\\/exaudi.org\\\/es\\\/papa-aborto-homicidio-no-licito-complices\\\/#primaryimage\",\"url\":\"https:\\\/\\\/exaudi.org\\\/wp-content\\\/uploads\\\/2021\\\/10\\\/6s5d4f6sd54f6s5d4f-scaled.jpg\",\"contentUrl\":\"https:\\\/\\\/exaudi.org\\\/wp-content\\\/uploads\\\/2021\\\/10\\\/6s5d4f6sd54f6s5d4f-scaled.jpg\",\"width\":2560,\"height\":1707,\"caption\":\"El Papa con los farmac\u00e9uticos hospitalarios italianos \u00a9 Vatican Media\"},{\"@type\":\"BreadcrumbList\",\"@id\":\"https:\\\/\\\/exaudi.org\\\/es\\\/papa-aborto-homicidio-no-licito-complices\\\/#breadcrumb\",\"itemListElement\":[{\"@type\":\"ListItem\",\"position\":1,\"name\":\"Portada\",\"item\":\"https:\\\/\\\/exaudi.org\\\/es\\\/\"},{\"@type\":\"ListItem\",\"position\":2,\"name\":\"El Papa: Aborto es \u201chomicidio y no es l\u00edcito hacerse c\u00f3mplice\u201d\"}]},{\"@type\":\"WebSite\",\"@id\":\"https:\\\/\\\/exaudi.org\\\/#website\",\"url\":\"https:\\\/\\\/exaudi.org\\\/\",\"name\":\"Exaudi\",\"description\":\"News\",\"potentialAction\":[{\"@type\":\"SearchAction\",\"target\":{\"@type\":\"EntryPoint\",\"urlTemplate\":\"https:\\\/\\\/exaudi.org\\\/?s={search_term_string}\"},\"query-input\":{\"@type\":\"PropertyValueSpecification\",\"valueRequired\":true,\"valueName\":\"search_term_string\"}}],\"inLanguage\":\"es\"},{\"@type\":\"Person\",\"@id\":\"https:\\\/\\\/exaudi.org\\\/#\\\/schema\\\/person\\\/d134b96438278131ce90c90c03fda6cd\",\"name\":\"Gabriel Sales\",\"image\":{\"@type\":\"ImageObject\",\"inLanguage\":\"es\",\"@id\":\"https:\\\/\\\/secure.gravatar.com\\\/avatar\\\/9b1269566f6a063ed26ffb3532b66a373cdde231ce5d0effb266167437fdaffd?s=96&d=mm&r=g\",\"url\":\"https:\\\/\\\/secure.gravatar.com\\\/avatar\\\/9b1269566f6a063ed26ffb3532b66a373cdde231ce5d0effb266167437fdaffd?s=96&d=mm&r=g\",\"contentUrl\":\"https:\\\/\\\/secure.gravatar.com\\\/avatar\\\/9b1269566f6a063ed26ffb3532b66a373cdde231ce5d0effb266167437fdaffd?s=96&d=mm&r=g\",\"caption\":\"Gabriel Sales\"},\"description\":\"Periodista y especialista en Comunicaci\u00f3n y Branding digital. Cin\u00e9filo y cr\u00edtico de cine y series de televisi\u00f3n.\",\"sameAs\":[\"https:\\\/\\\/www.instagram.com\\\/cine90segundos\\\/\",\"www.linkedin.com\\\/in\\\/habemusman\",\"https:\\\/\\\/x.com\\\/habemusman\",\"https:\\\/\\\/www.youtube.com\\\/channel\\\/UCVfCiOMkJ_C7T7OpyjuaLDg\"],\"url\":\"https:\\\/\\\/exaudi.org\\\/es\\\/author\\\/gsalesexaudi-org\\\/\"}]}<\/script>\n<!-- \/ Yoast SEO plugin. -->","yoast_head_json":{"title":"El Papa: Aborto es \u201chomicidio y no es l\u00edcito hacerse c\u00f3mplice\u201d","description":"En su discurso a los farmac\u00e9uticos italianos, el Papa Francisco ha asegurado que el aborto es un homicidio y no es l\u00edcito hacerse c\u00f3mplice.","robots":{"index":"index","follow":"follow","max-snippet":"max-snippet:-1","max-image-preview":"max-image-preview:large","max-video-preview":"max-video-preview:-1"},"canonical":"https:\/\/exaudi.org\/es\/papa-aborto-homicidio-no-licito-complices\/","og_locale":"es_ES","og_type":"article","og_title":"El Papa: Aborto es \u201chomicidio y no es l\u00edcito hacerse c\u00f3mplice\u201d","og_description":"En su discurso a los farmac\u00e9uticos italianos, el Papa Francisco ha asegurado que el aborto es un homicidio y no es l\u00edcito hacerse c\u00f3mplice.","og_url":"https:\/\/exaudi.org\/es\/papa-aborto-homicidio-no-licito-complices\/","og_site_name":"Exaudi","article_publisher":"https:\/\/www.facebook.com\/ExaudiNews","article_published_time":"2021-10-14T12:05:32+00:00","article_modified_time":"2021-10-15T12:40:30+00:00","og_image":[{"width":2560,"height":1707,"url":"https:\/\/exaudi.org\/wp-content\/uploads\/2021\/10\/6s5d4f6sd54f6s5d4f-scaled.jpg","type":"image\/jpeg"}],"author":"Gabriel Sales","twitter_card":"summary_large_image","twitter_creator":"@habemusman","twitter_site":"@Exaudi_News","twitter_misc":{"Escrito por":"Gabriel Sales","Tiempo de lectura":"9 minutos"},"schema":{"@context":"https:\/\/schema.org","@graph":[{"@type":"Article","@id":"https:\/\/exaudi.org\/es\/papa-aborto-homicidio-no-licito-complices\/#article","isPartOf":{"@id":"https:\/\/exaudi.org\/es\/papa-aborto-homicidio-no-licito-complices\/"},"author":{"name":"Gabriel Sales","@id":"https:\/\/exaudi.org\/#\/schema\/person\/d134b96438278131ce90c90c03fda6cd"},"headline":"El Papa: Aborto es \u201chomicidio y no es l\u00edcito hacerse c\u00f3mplice\u201d","datePublished":"2021-10-14T12:05:32+00:00","dateModified":"2021-10-15T12:40:30+00:00","mainEntityOfPage":{"@id":"https:\/\/exaudi.org\/es\/papa-aborto-homicidio-no-licito-complices\/"},"wordCount":1688,"image":{"@id":"https:\/\/exaudi.org\/es\/papa-aborto-homicidio-no-licito-complices\/#primaryimage"},"thumbnailUrl":"https:\/\/exaudi.org\/wp-content\/uploads\/2021\/10\/6s5d4f6sd54f6s5d4f-scaled.jpg","keywords":["Aborto","Asociaci\u00f3n Italiana de Farmac\u00e9uticos","Discurso","Objeci\u00f3n de conciencia","papa francisco"],"articleSection":["Discursos","\u00daltimas noticias"],"inLanguage":"es"},{"@type":"WebPage","@id":"https:\/\/exaudi.org\/es\/papa-aborto-homicidio-no-licito-complices\/","url":"https:\/\/exaudi.org\/es\/papa-aborto-homicidio-no-licito-complices\/","name":"El Papa: Aborto es \u201chomicidio y no es l\u00edcito hacerse c\u00f3mplice\u201d","isPartOf":{"@id":"https:\/\/exaudi.org\/#website"},"primaryImageOfPage":{"@id":"https:\/\/exaudi.org\/es\/papa-aborto-homicidio-no-licito-complices\/#primaryimage"},"image":{"@id":"https:\/\/exaudi.org\/es\/papa-aborto-homicidio-no-licito-complices\/#primaryimage"},"thumbnailUrl":"https:\/\/exaudi.org\/wp-content\/uploads\/2021\/10\/6s5d4f6sd54f6s5d4f-scaled.jpg","datePublished":"2021-10-14T12:05:32+00:00","dateModified":"2021-10-15T12:40:30+00:00","author":{"@id":"https:\/\/exaudi.org\/#\/schema\/person\/d134b96438278131ce90c90c03fda6cd"},"description":"En su discurso a los farmac\u00e9uticos italianos, el Papa Francisco ha asegurado que el aborto es un homicidio y no es l\u00edcito hacerse c\u00f3mplice.","breadcrumb":{"@id":"https:\/\/exaudi.org\/es\/papa-aborto-homicidio-no-licito-complices\/#breadcrumb"},"inLanguage":"es","potentialAction":[{"@type":"ReadAction","target":["https:\/\/exaudi.org\/es\/papa-aborto-homicidio-no-licito-complices\/"]}]},{"@type":"ImageObject","inLanguage":"es","@id":"https:\/\/exaudi.org\/es\/papa-aborto-homicidio-no-licito-complices\/#primaryimage","url":"https:\/\/exaudi.org\/wp-content\/uploads\/2021\/10\/6s5d4f6sd54f6s5d4f-scaled.jpg","contentUrl":"https:\/\/exaudi.org\/wp-content\/uploads\/2021\/10\/6s5d4f6sd54f6s5d4f-scaled.jpg","width":2560,"height":1707,"caption":"El Papa con los farmac\u00e9uticos hospitalarios italianos \u00a9 Vatican Media"},{"@type":"BreadcrumbList","@id":"https:\/\/exaudi.org\/es\/papa-aborto-homicidio-no-licito-complices\/#breadcrumb","itemListElement":[{"@type":"ListItem","position":1,"name":"Portada","item":"https:\/\/exaudi.org\/es\/"},{"@type":"ListItem","position":2,"name":"El Papa: Aborto es \u201chomicidio y no es l\u00edcito hacerse c\u00f3mplice\u201d"}]},{"@type":"WebSite","@id":"https:\/\/exaudi.org\/#website","url":"https:\/\/exaudi.org\/","name":"Exaudi","description":"News","potentialAction":[{"@type":"SearchAction","target":{"@type":"EntryPoint","urlTemplate":"https:\/\/exaudi.org\/?s={search_term_string}"},"query-input":{"@type":"PropertyValueSpecification","valueRequired":true,"valueName":"search_term_string"}}],"inLanguage":"es"},{"@type":"Person","@id":"https:\/\/exaudi.org\/#\/schema\/person\/d134b96438278131ce90c90c03fda6cd","name":"Gabriel Sales","image":{"@type":"ImageObject","inLanguage":"es","@id":"https:\/\/secure.gravatar.com\/avatar\/9b1269566f6a063ed26ffb3532b66a373cdde231ce5d0effb266167437fdaffd?s=96&d=mm&r=g","url":"https:\/\/secure.gravatar.com\/avatar\/9b1269566f6a063ed26ffb3532b66a373cdde231ce5d0effb266167437fdaffd?s=96&d=mm&r=g","contentUrl":"https:\/\/secure.gravatar.com\/avatar\/9b1269566f6a063ed26ffb3532b66a373cdde231ce5d0effb266167437fdaffd?s=96&d=mm&r=g","caption":"Gabriel Sales"},"description":"Periodista y especialista en Comunicaci\u00f3n y Branding digital. Cin\u00e9filo y cr\u00edtico de cine y series de televisi\u00f3n.","sameAs":["https:\/\/www.instagram.com\/cine90segundos\/","www.linkedin.com\/in\/habemusman","https:\/\/x.com\/habemusman","https:\/\/www.youtube.com\/channel\/UCVfCiOMkJ_C7T7OpyjuaLDg"],"url":"https:\/\/exaudi.org\/es\/author\/gsalesexaudi-org\/"}]}},"jetpack_featured_media_url":"https:\/\/exaudi.org\/wp-content\/uploads\/2021\/10\/6s5d4f6sd54f6s5d4f-scaled.jpg","jetpack_shortlink":"https:\/\/wp.me\/pgKjF2-9xT","_links":{"self":[{"href":"https:\/\/exaudi.org\/es\/wp-json\/wp\/v2\/posts\/36697","targetHints":{"allow":["GET"]}}],"collection":[{"href":"https:\/\/exaudi.org\/es\/wp-json\/wp\/v2\/posts"}],"about":[{"href":"https:\/\/exaudi.org\/es\/wp-json\/wp\/v2\/types\/post"}],"author":[{"embeddable":true,"href":"https:\/\/exaudi.org\/es\/wp-json\/wp\/v2\/users\/6"}],"replies":[{"embeddable":true,"href":"https:\/\/exaudi.org\/es\/wp-json\/wp\/v2\/comments?post=36697"}],"version-history":[{"count":0,"href":"https:\/\/exaudi.org\/es\/wp-json\/wp\/v2\/posts\/36697\/revisions"}],"wp:featuredmedia":[{"embeddable":true,"href":"https:\/\/exaudi.org\/es\/wp-json\/wp\/v2\/media\/36726"}],"wp:attachment":[{"href":"https:\/\/exaudi.org\/es\/wp-json\/wp\/v2\/media?parent=36697"}],"wp:term":[{"taxonomy":"category","embeddable":true,"href":"https:\/\/exaudi.org\/es\/wp-json\/wp\/v2\/categories?post=36697"},{"taxonomy":"post_tag","embeddable":true,"href":"https:\/\/exaudi.org\/es\/wp-json\/wp\/v2\/tags?post=36697"}],"curies":[{"name":"wp","href":"https:\/\/api.w.org\/{rel}","templated":true}]}}