{"id":36656,"date":"2021-10-14T09:52:31","date_gmt":"2021-10-14T07:52:31","guid":{"rendered":"https:\/\/exaudi.wpengine.com\/?p=36656"},"modified":"2021-10-14T14:23:57","modified_gmt":"2021-10-14T12:23:57","slug":"peru-rio-maranon-sujeto-derecho","status":"publish","type":"post","link":"https:\/\/exaudi.org\/es\/peru-rio-maranon-sujeto-derecho\/","title":{"rendered":"Per\u00fa: Piden que R\u00edo Mara\u00f1\u00f3n sea sujeto de derecho"},"content":{"rendered":"<p class=\"entry-header\">Las mujeres de la familia ind\u00edgena <em>kukama<\/em> exigieron al estado de <a href=\"https:\/\/exaudi.wpengine.com\/es\/peru-monsenor-cabrejos-cardenal-versaldi\/\" target=\"_blank\" rel=\"noopener\">Per\u00fa<\/a> el reconocimiento del rio Mara\u00f1\u00f3n como sujeto de derecho. <em>Huaynakana Kamatahuara Kana<\/em> es la federaci\u00f3n que present\u00f3 una demanda bajo la figura de acci\u00f3n de amparo dirigida a diferentes entidades gubernamentales con el fin de obtener este reconocimiento para el r\u00edo y protecci\u00f3n para sus afluentes. Acci\u00f3n legal que lograron interponer gracias a la colaboraci\u00f3n del Instituto de Defensa Legal.<\/p>\n<p>Seg\u00fan informa el <a href=\"https:\/\/prensacelam.org\/\" target=\"_blank\" rel=\"noopener\">Consejo Episcopal Latinoamericano<\/a> (CELAM) en una nota, entre las instituciones que deber\u00e1n responder la demanda del colectivo, est\u00e1n <em>PetroPer\u00fa<\/em>, los ministerios de Ambiente y de Energ\u00eda y Minas, el Instituto de Investigaciones de la Amazon\u00eda peruana, la Autoridad Nacional del Agua, la Direcci\u00f3n Ejecutiva de Gesti\u00f3n Ambiental del Gobierno Regional de Loreto y la Gerencia General de Asuntos Ind\u00edgenas de dicha entidad.<\/p>\n<div>\n<h4><strong>Argumentos<\/strong><\/h4>\n<p>Las mujeres fundamentan su denuncia en los sistem\u00e1ticos derrames de petr\u00f3leo que proceden del Oleoducto Norperuano que afectan los territorios de las comunidades abor\u00edgenes que se encuentran ubicadas en las riberas del r\u00edo Mara\u00f1\u00f3n. En su pronunciamiento, las mujeres advierten que el r\u00edo tiene derecho a existir, conservar su caudal ecol\u00f3gico, cumplir con sus funciones vitales como parte del ecosistema y estar libre de contaminaci\u00f3n, y de este modo pueda alimentar y ser alimentado por sus afluentes contribuyendo a la regeneraci\u00f3n de los organismos, la conservaci\u00f3n de la vida y la protecci\u00f3n de las especies.<\/p>\n<p>Esta acci\u00f3n de amparo tambi\u00e9n busca que las organizaciones ind\u00edgenas sean reconocidas como defensores y representantes del r\u00edo Mara\u00f1\u00f3n y sus afluentes. Para las mujeres ser\u00eda un gran avance si logran el reconocimiento como \u201cguardianes del r\u00edo Mara\u00f1\u00f3n\u201c,\u00a0y esperan que hacia el futuro se logre cristalizar la idea de crear el Consejo de Cuenca Interregional del mismo r\u00edo integrado por miembros de las diferentes federaciones nativas.<\/p>\n<p>As\u00ed, estas son cuatro de las principales solicitudes que los pueblos ind\u00edgenas hacen. En primer lugar, est\u00e1 que el r\u00edo sea declarado sujeto de derechos, que como pueblos tengan participaci\u00f3n activa en la gesti\u00f3n de los recursos h\u00eddricos y que se le de un mantenimiento al oleoducto norperuano y se trabaje en la actualizaci\u00f3n de la gesti\u00f3n ambiental.<\/p>\n<h4><strong>Apoyo de la Iglesia<\/strong><\/h4>\n<p>Para el Vicariato Apost\u00f3lico de Iquitos, apunta el CELAM, esta acci\u00f3n tiene una gran importancia. \u201cCreo que significa estar en los primeros puestos de la defensa de la naturaleza y de los pueblos ind\u00edgenas\u201d\u00a0indic\u00f3 Monse\u00f1or Miguel \u00c1ngel Cadenas, obispo del vicariato.<br \/>\nDesde hace m\u00e1s de dos d\u00e9cadas, el actual obispo y el padre Manolo Berj\u00f3n han acompa\u00f1ado el proceso de defensa del r\u00edo Mara\u00f1\u00f3n: \u201cpara la iglesia, es un sue\u00f1o que hemos ayudando a tener y que hemos venido sembrando la idea\u201d.<\/p>\n<p>Igualmente, el prelado insisti\u00f3 en la importancia de mantener informada a la comunidad sobre los avances y las novedades que se vayan presentado dentro del proceso jur\u00eddico que es muy importancia para la Panamazon\u00eda, pues existen lugares que sufren las mismas amenazas y esta experiencia de organizaci\u00f3n y liderazgo por la leg\u00edtima defensa de los recursos naturales, puede servir de ejemplo para otras comunidades.<\/p>\n<h4><strong>Testimonios<\/strong><\/h4>\n<p>\u201cQui\u00e9n sufre en el Mara\u00f1\u00f3n? Nosotras las mujeres nosotras las madres del Mara\u00f1\u00f3n, somos quienes sufrimos aqu\u00ed, con nuestra agua contaminada, con nuestros hijos que sufren enfermedades, son sus cuerpitos llenos de plagas. Algunas madres que no pueden tener un beb\u00e9 en sus brazos, tienen abortos, son v\u00edctimas del derrame que desde hace cu\u00e1ntos a\u00f1os vienen sucediendo en nuestro r\u00edo Mara\u00f1\u00f3n. C\u00f3mo curar a nuestros hijos, cuando en nuestro centro de salud no se encuentran medicinas\u201d.<\/p>\n<p>\u201cNuestro r\u00edo est\u00e1 bien contaminado, hasta nuestros peces est\u00e1n contaminados. Y nuestros hijos se alimentan de esos peces, sus barriguitas se hinchan, est\u00e1n llegando a la desnutrici\u00f3n.\u00a0 No se sabe qu\u00e9 tipo de contaminaci\u00f3n tenemos, quiz\u00e1s nuestro cuerpo tiene plomo y no lo sabemos\u201d.<\/p>\n<p>El testimonio de Celia Fasabi sale de las entra\u00f1as del r\u00edo Mara\u00f1\u00f3n, su historia, es la historia de muchas mujeres, de muchas familias <em>kukama<\/em> que viven en las orillas de este r\u00edo, en la profundidad de la selva peruana. En medio de un territorio lotizado y puesto en venta desde hace alrededor de 50 a\u00f1os para las empresas petroleras.<\/p>\n<\/div>\n","protected":false},"excerpt":{"rendered":"<p>Petici\u00f3n oficial de la familia ind\u00edgena kukama al Estado<\/p>\n","protected":false},"author":6,"featured_media":36657,"comment_status":"closed","ping_status":"closed","sticky":false,"template":"","format":"standard","meta":{"_acf_changed":false,"_crdt_document":"","inline_featured_image":false,"footnotes":""},"categories":[80,86,298],"tags":[4525,945,4524],"class_list":["post-36656","post","type-post","status-publish","format-standard","has-post-thumbnail","hentry","category-ecologia-es","category-iglesia-local","category-ultimas-noticias","tag-indigenas-kukama","tag-peru","tag-reio-maranon"],"acf":[],"yoast_head":"<!-- This site is optimized with the Yoast SEO plugin v27.5 - https:\/\/yoast.com\/product\/yoast-seo-wordpress\/ -->\n<title>Per\u00fa: Piden que R\u00edo Mara\u00f1\u00f3n sea sujeto de derecho - Exaudi<\/title>\n<meta name=\"description\" content=\"Las mujeres de la familia ind\u00edgena kukama exigieron al estado de Per\u00fa el reconocimiento del rio Mara\u00f1\u00f3n como sujeto de derecho.\" \/>\n<meta name=\"robots\" content=\"index, follow, max-snippet:-1, max-image-preview:large, max-video-preview:-1\" \/>\n<link rel=\"canonical\" href=\"https:\/\/exaudi.org\/es\/peru-rio-maranon-sujeto-derecho\/\" \/>\n<meta property=\"og:locale\" content=\"es_ES\" \/>\n<meta property=\"og:type\" content=\"article\" \/>\n<meta property=\"og:title\" content=\"Per\u00fa: Piden que R\u00edo Mara\u00f1\u00f3n sea sujeto de derecho - Exaudi\" \/>\n<meta property=\"og:description\" content=\"Las mujeres de la familia ind\u00edgena kukama exigieron al estado de Per\u00fa el reconocimiento del rio Mara\u00f1\u00f3n como sujeto de derecho.\" \/>\n<meta property=\"og:url\" content=\"https:\/\/exaudi.org\/es\/peru-rio-maranon-sujeto-derecho\/\" \/>\n<meta property=\"og:site_name\" content=\"Exaudi\" \/>\n<meta property=\"article:publisher\" content=\"https:\/\/www.facebook.com\/ExaudiNews\" \/>\n<meta property=\"article:published_time\" content=\"2021-10-14T07:52:31+00:00\" \/>\n<meta property=\"article:modified_time\" content=\"2021-10-14T12:23:57+00:00\" \/>\n<meta property=\"og:image\" content=\"https:\/\/exaudi.org\/wp-content\/uploads\/2021\/10\/dfgdfg4.jpg\" \/>\n\t<meta property=\"og:image:width\" content=\"1642\" \/>\n\t<meta property=\"og:image:height\" content=\"936\" \/>\n\t<meta property=\"og:image:type\" content=\"image\/jpeg\" \/>\n<meta name=\"author\" content=\"Gabriel Sales\" \/>\n<meta name=\"twitter:card\" content=\"summary_large_image\" \/>\n<meta name=\"twitter:creator\" content=\"@habemusman\" \/>\n<meta name=\"twitter:site\" content=\"@Exaudi_News\" \/>\n<meta name=\"twitter:label1\" content=\"Escrito por\" \/>\n\t<meta name=\"twitter:data1\" content=\"Gabriel Sales\" \/>\n\t<meta name=\"twitter:label2\" content=\"Tiempo de lectura\" \/>\n\t<meta name=\"twitter:data2\" content=\"4 minutos\" \/>\n<script type=\"application\/ld+json\" class=\"yoast-schema-graph\">{\"@context\":\"https:\\\/\\\/schema.org\",\"@graph\":[{\"@type\":\"Article\",\"@id\":\"https:\\\/\\\/exaudi.org\\\/es\\\/peru-rio-maranon-sujeto-derecho\\\/#article\",\"isPartOf\":{\"@id\":\"https:\\\/\\\/exaudi.org\\\/es\\\/peru-rio-maranon-sujeto-derecho\\\/\"},\"author\":{\"name\":\"Gabriel Sales\",\"@id\":\"https:\\\/\\\/exaudi.org\\\/#\\\/schema\\\/person\\\/d134b96438278131ce90c90c03fda6cd\"},\"headline\":\"Per\u00fa: Piden que R\u00edo Mara\u00f1\u00f3n sea sujeto de derecho\",\"datePublished\":\"2021-10-14T07:52:31+00:00\",\"dateModified\":\"2021-10-14T12:23:57+00:00\",\"mainEntityOfPage\":{\"@id\":\"https:\\\/\\\/exaudi.org\\\/es\\\/peru-rio-maranon-sujeto-derecho\\\/\"},\"wordCount\":777,\"image\":{\"@id\":\"https:\\\/\\\/exaudi.org\\\/es\\\/peru-rio-maranon-sujeto-derecho\\\/#primaryimage\"},\"thumbnailUrl\":\"https:\\\/\\\/exaudi.org\\\/wp-content\\\/uploads\\\/2021\\\/10\\\/dfgdfg4.jpg\",\"keywords\":[\"Ind\u00edgenas Kukama\",\"Per\u00fa\",\"Re\u00edo Mara\u00f1\u00f3n\"],\"articleSection\":[\"Ecolog\u00eda\",\"Iglesia Local\",\"\u00daltimas noticias\"],\"inLanguage\":\"es\"},{\"@type\":\"WebPage\",\"@id\":\"https:\\\/\\\/exaudi.org\\\/es\\\/peru-rio-maranon-sujeto-derecho\\\/\",\"url\":\"https:\\\/\\\/exaudi.org\\\/es\\\/peru-rio-maranon-sujeto-derecho\\\/\",\"name\":\"Per\u00fa: Piden que R\u00edo Mara\u00f1\u00f3n sea sujeto de derecho - Exaudi\",\"isPartOf\":{\"@id\":\"https:\\\/\\\/exaudi.org\\\/#website\"},\"primaryImageOfPage\":{\"@id\":\"https:\\\/\\\/exaudi.org\\\/es\\\/peru-rio-maranon-sujeto-derecho\\\/#primaryimage\"},\"image\":{\"@id\":\"https:\\\/\\\/exaudi.org\\\/es\\\/peru-rio-maranon-sujeto-derecho\\\/#primaryimage\"},\"thumbnailUrl\":\"https:\\\/\\\/exaudi.org\\\/wp-content\\\/uploads\\\/2021\\\/10\\\/dfgdfg4.jpg\",\"datePublished\":\"2021-10-14T07:52:31+00:00\",\"dateModified\":\"2021-10-14T12:23:57+00:00\",\"author\":{\"@id\":\"https:\\\/\\\/exaudi.org\\\/#\\\/schema\\\/person\\\/d134b96438278131ce90c90c03fda6cd\"},\"description\":\"Las mujeres de la familia ind\u00edgena kukama exigieron al estado de Per\u00fa el reconocimiento del rio Mara\u00f1\u00f3n como sujeto de derecho.\",\"breadcrumb\":{\"@id\":\"https:\\\/\\\/exaudi.org\\\/es\\\/peru-rio-maranon-sujeto-derecho\\\/#breadcrumb\"},\"inLanguage\":\"es\",\"potentialAction\":[{\"@type\":\"ReadAction\",\"target\":[\"https:\\\/\\\/exaudi.org\\\/es\\\/peru-rio-maranon-sujeto-derecho\\\/\"]}]},{\"@type\":\"ImageObject\",\"inLanguage\":\"es\",\"@id\":\"https:\\\/\\\/exaudi.org\\\/es\\\/peru-rio-maranon-sujeto-derecho\\\/#primaryimage\",\"url\":\"https:\\\/\\\/exaudi.org\\\/wp-content\\\/uploads\\\/2021\\\/10\\\/dfgdfg4.jpg\",\"contentUrl\":\"https:\\\/\\\/exaudi.org\\\/wp-content\\\/uploads\\\/2021\\\/10\\\/dfgdfg4.jpg\",\"width\":1642,\"height\":936,\"caption\":\"R\u00edo Mara\u00f1\u00f3n \u00a9 CELAM\"},{\"@type\":\"BreadcrumbList\",\"@id\":\"https:\\\/\\\/exaudi.org\\\/es\\\/peru-rio-maranon-sujeto-derecho\\\/#breadcrumb\",\"itemListElement\":[{\"@type\":\"ListItem\",\"position\":1,\"name\":\"Portada\",\"item\":\"https:\\\/\\\/exaudi.org\\\/es\\\/\"},{\"@type\":\"ListItem\",\"position\":2,\"name\":\"Per\u00fa: Piden que R\u00edo Mara\u00f1\u00f3n sea sujeto de derecho\"}]},{\"@type\":\"WebSite\",\"@id\":\"https:\\\/\\\/exaudi.org\\\/#website\",\"url\":\"https:\\\/\\\/exaudi.org\\\/\",\"name\":\"Exaudi\",\"description\":\"News\",\"potentialAction\":[{\"@type\":\"SearchAction\",\"target\":{\"@type\":\"EntryPoint\",\"urlTemplate\":\"https:\\\/\\\/exaudi.org\\\/?s={search_term_string}\"},\"query-input\":{\"@type\":\"PropertyValueSpecification\",\"valueRequired\":true,\"valueName\":\"search_term_string\"}}],\"inLanguage\":\"es\"},{\"@type\":\"Person\",\"@id\":\"https:\\\/\\\/exaudi.org\\\/#\\\/schema\\\/person\\\/d134b96438278131ce90c90c03fda6cd\",\"name\":\"Gabriel Sales\",\"image\":{\"@type\":\"ImageObject\",\"inLanguage\":\"es\",\"@id\":\"https:\\\/\\\/secure.gravatar.com\\\/avatar\\\/9b1269566f6a063ed26ffb3532b66a373cdde231ce5d0effb266167437fdaffd?s=96&d=mm&r=g\",\"url\":\"https:\\\/\\\/secure.gravatar.com\\\/avatar\\\/9b1269566f6a063ed26ffb3532b66a373cdde231ce5d0effb266167437fdaffd?s=96&d=mm&r=g\",\"contentUrl\":\"https:\\\/\\\/secure.gravatar.com\\\/avatar\\\/9b1269566f6a063ed26ffb3532b66a373cdde231ce5d0effb266167437fdaffd?s=96&d=mm&r=g\",\"caption\":\"Gabriel Sales\"},\"description\":\"Periodista y especialista en Comunicaci\u00f3n y Branding digital. Cin\u00e9filo y cr\u00edtico de cine y series de televisi\u00f3n.\",\"sameAs\":[\"https:\\\/\\\/www.instagram.com\\\/cine90segundos\\\/\",\"www.linkedin.com\\\/in\\\/habemusman\",\"https:\\\/\\\/x.com\\\/habemusman\",\"https:\\\/\\\/www.youtube.com\\\/channel\\\/UCVfCiOMkJ_C7T7OpyjuaLDg\"],\"url\":\"https:\\\/\\\/exaudi.org\\\/es\\\/author\\\/gsalesexaudi-org\\\/\"}]}<\/script>\n<!-- \/ Yoast SEO plugin. -->","yoast_head_json":{"title":"Per\u00fa: Piden que R\u00edo Mara\u00f1\u00f3n sea sujeto de derecho - Exaudi","description":"Las mujeres de la familia ind\u00edgena kukama exigieron al estado de Per\u00fa el reconocimiento del rio Mara\u00f1\u00f3n como sujeto de derecho.","robots":{"index":"index","follow":"follow","max-snippet":"max-snippet:-1","max-image-preview":"max-image-preview:large","max-video-preview":"max-video-preview:-1"},"canonical":"https:\/\/exaudi.org\/es\/peru-rio-maranon-sujeto-derecho\/","og_locale":"es_ES","og_type":"article","og_title":"Per\u00fa: Piden que R\u00edo Mara\u00f1\u00f3n sea sujeto de derecho - Exaudi","og_description":"Las mujeres de la familia ind\u00edgena kukama exigieron al estado de Per\u00fa el reconocimiento del rio Mara\u00f1\u00f3n como sujeto de derecho.","og_url":"https:\/\/exaudi.org\/es\/peru-rio-maranon-sujeto-derecho\/","og_site_name":"Exaudi","article_publisher":"https:\/\/www.facebook.com\/ExaudiNews","article_published_time":"2021-10-14T07:52:31+00:00","article_modified_time":"2021-10-14T12:23:57+00:00","og_image":[{"width":1642,"height":936,"url":"https:\/\/exaudi.org\/wp-content\/uploads\/2021\/10\/dfgdfg4.jpg","type":"image\/jpeg"}],"author":"Gabriel Sales","twitter_card":"summary_large_image","twitter_creator":"@habemusman","twitter_site":"@Exaudi_News","twitter_misc":{"Escrito por":"Gabriel Sales","Tiempo de lectura":"4 minutos"},"schema":{"@context":"https:\/\/schema.org","@graph":[{"@type":"Article","@id":"https:\/\/exaudi.org\/es\/peru-rio-maranon-sujeto-derecho\/#article","isPartOf":{"@id":"https:\/\/exaudi.org\/es\/peru-rio-maranon-sujeto-derecho\/"},"author":{"name":"Gabriel Sales","@id":"https:\/\/exaudi.org\/#\/schema\/person\/d134b96438278131ce90c90c03fda6cd"},"headline":"Per\u00fa: Piden que R\u00edo Mara\u00f1\u00f3n sea sujeto de derecho","datePublished":"2021-10-14T07:52:31+00:00","dateModified":"2021-10-14T12:23:57+00:00","mainEntityOfPage":{"@id":"https:\/\/exaudi.org\/es\/peru-rio-maranon-sujeto-derecho\/"},"wordCount":777,"image":{"@id":"https:\/\/exaudi.org\/es\/peru-rio-maranon-sujeto-derecho\/#primaryimage"},"thumbnailUrl":"https:\/\/exaudi.org\/wp-content\/uploads\/2021\/10\/dfgdfg4.jpg","keywords":["Ind\u00edgenas Kukama","Per\u00fa","Re\u00edo Mara\u00f1\u00f3n"],"articleSection":["Ecolog\u00eda","Iglesia Local","\u00daltimas noticias"],"inLanguage":"es"},{"@type":"WebPage","@id":"https:\/\/exaudi.org\/es\/peru-rio-maranon-sujeto-derecho\/","url":"https:\/\/exaudi.org\/es\/peru-rio-maranon-sujeto-derecho\/","name":"Per\u00fa: Piden que R\u00edo Mara\u00f1\u00f3n sea sujeto de derecho - Exaudi","isPartOf":{"@id":"https:\/\/exaudi.org\/#website"},"primaryImageOfPage":{"@id":"https:\/\/exaudi.org\/es\/peru-rio-maranon-sujeto-derecho\/#primaryimage"},"image":{"@id":"https:\/\/exaudi.org\/es\/peru-rio-maranon-sujeto-derecho\/#primaryimage"},"thumbnailUrl":"https:\/\/exaudi.org\/wp-content\/uploads\/2021\/10\/dfgdfg4.jpg","datePublished":"2021-10-14T07:52:31+00:00","dateModified":"2021-10-14T12:23:57+00:00","author":{"@id":"https:\/\/exaudi.org\/#\/schema\/person\/d134b96438278131ce90c90c03fda6cd"},"description":"Las mujeres de la familia ind\u00edgena kukama exigieron al estado de Per\u00fa el reconocimiento del rio Mara\u00f1\u00f3n como sujeto de derecho.","breadcrumb":{"@id":"https:\/\/exaudi.org\/es\/peru-rio-maranon-sujeto-derecho\/#breadcrumb"},"inLanguage":"es","potentialAction":[{"@type":"ReadAction","target":["https:\/\/exaudi.org\/es\/peru-rio-maranon-sujeto-derecho\/"]}]},{"@type":"ImageObject","inLanguage":"es","@id":"https:\/\/exaudi.org\/es\/peru-rio-maranon-sujeto-derecho\/#primaryimage","url":"https:\/\/exaudi.org\/wp-content\/uploads\/2021\/10\/dfgdfg4.jpg","contentUrl":"https:\/\/exaudi.org\/wp-content\/uploads\/2021\/10\/dfgdfg4.jpg","width":1642,"height":936,"caption":"R\u00edo Mara\u00f1\u00f3n \u00a9 CELAM"},{"@type":"BreadcrumbList","@id":"https:\/\/exaudi.org\/es\/peru-rio-maranon-sujeto-derecho\/#breadcrumb","itemListElement":[{"@type":"ListItem","position":1,"name":"Portada","item":"https:\/\/exaudi.org\/es\/"},{"@type":"ListItem","position":2,"name":"Per\u00fa: Piden que R\u00edo Mara\u00f1\u00f3n sea sujeto de derecho"}]},{"@type":"WebSite","@id":"https:\/\/exaudi.org\/#website","url":"https:\/\/exaudi.org\/","name":"Exaudi","description":"News","potentialAction":[{"@type":"SearchAction","target":{"@type":"EntryPoint","urlTemplate":"https:\/\/exaudi.org\/?s={search_term_string}"},"query-input":{"@type":"PropertyValueSpecification","valueRequired":true,"valueName":"search_term_string"}}],"inLanguage":"es"},{"@type":"Person","@id":"https:\/\/exaudi.org\/#\/schema\/person\/d134b96438278131ce90c90c03fda6cd","name":"Gabriel Sales","image":{"@type":"ImageObject","inLanguage":"es","@id":"https:\/\/secure.gravatar.com\/avatar\/9b1269566f6a063ed26ffb3532b66a373cdde231ce5d0effb266167437fdaffd?s=96&d=mm&r=g","url":"https:\/\/secure.gravatar.com\/avatar\/9b1269566f6a063ed26ffb3532b66a373cdde231ce5d0effb266167437fdaffd?s=96&d=mm&r=g","contentUrl":"https:\/\/secure.gravatar.com\/avatar\/9b1269566f6a063ed26ffb3532b66a373cdde231ce5d0effb266167437fdaffd?s=96&d=mm&r=g","caption":"Gabriel Sales"},"description":"Periodista y especialista en Comunicaci\u00f3n y Branding digital. Cin\u00e9filo y cr\u00edtico de cine y series de televisi\u00f3n.","sameAs":["https:\/\/www.instagram.com\/cine90segundos\/","www.linkedin.com\/in\/habemusman","https:\/\/x.com\/habemusman","https:\/\/www.youtube.com\/channel\/UCVfCiOMkJ_C7T7OpyjuaLDg"],"url":"https:\/\/exaudi.org\/es\/author\/gsalesexaudi-org\/"}]}},"jetpack_featured_media_url":"https:\/\/exaudi.org\/wp-content\/uploads\/2021\/10\/dfgdfg4.jpg","jetpack_shortlink":"https:\/\/wp.me\/pgKjF2-9xe","_links":{"self":[{"href":"https:\/\/exaudi.org\/es\/wp-json\/wp\/v2\/posts\/36656","targetHints":{"allow":["GET"]}}],"collection":[{"href":"https:\/\/exaudi.org\/es\/wp-json\/wp\/v2\/posts"}],"about":[{"href":"https:\/\/exaudi.org\/es\/wp-json\/wp\/v2\/types\/post"}],"author":[{"embeddable":true,"href":"https:\/\/exaudi.org\/es\/wp-json\/wp\/v2\/users\/6"}],"replies":[{"embeddable":true,"href":"https:\/\/exaudi.org\/es\/wp-json\/wp\/v2\/comments?post=36656"}],"version-history":[{"count":0,"href":"https:\/\/exaudi.org\/es\/wp-json\/wp\/v2\/posts\/36656\/revisions"}],"wp:featuredmedia":[{"embeddable":true,"href":"https:\/\/exaudi.org\/es\/wp-json\/wp\/v2\/media\/36657"}],"wp:attachment":[{"href":"https:\/\/exaudi.org\/es\/wp-json\/wp\/v2\/media?parent=36656"}],"wp:term":[{"taxonomy":"category","embeddable":true,"href":"https:\/\/exaudi.org\/es\/wp-json\/wp\/v2\/categories?post=36656"},{"taxonomy":"post_tag","embeddable":true,"href":"https:\/\/exaudi.org\/es\/wp-json\/wp\/v2\/tags?post=36656"}],"curies":[{"name":"wp","href":"https:\/\/api.w.org\/{rel}","templated":true}]}}