{"id":36621,"date":"2021-10-13T17:42:16","date_gmt":"2021-10-13T15:42:16","guid":{"rendered":"https:\/\/exaudi.wpengine.com\/?p=36621"},"modified":"2021-10-14T10:33:08","modified_gmt":"2021-10-14T08:33:08","slug":"el-salvador-obispos-beatificacion-martires","status":"publish","type":"post","link":"https:\/\/exaudi.org\/es\/el-salvador-obispos-beatificacion-martires\/","title":{"rendered":"El Salvador: Obispos llaman a prepararse para beatificaci\u00f3n de m\u00e1rtires"},"content":{"rendered":"<p><a href=\"https:\/\/www.arzobispadosansalvador.org\/\" target=\"_blank\" rel=\"noopener\">Los obispos de El Salvador<\/a> <span style=\"font-weight: 400\">han convocado a la comunidad cat\u00f3lica a prepararse espiritualmente ante la cercan\u00eda de la beatificaci\u00f3n de los sacerdotes Rutilio Grande y fray Cosme Spessotto, as\u00ed como de los laicos Manuel Sol\u00f3rzano y Nelson Rutilio Lemus.\u00a0<\/span><span style=\"font-weight: 400\">La fecha de beatificaci\u00f3n ser\u00e1 a las 17 horas del s\u00e1bado 22 de enero de 2022 frente a Catedral Metropolitana. El lugar escogido es emblem\u00e1tico porque es all\u00ed donde cada a\u00f1o el pueblo <a href=\"https:\/\/exaudi.wpengine.com\/es\/el-salvador-iglesia-agradece-al-gobierno-no-aprobar-aborto-ni-eutanasia\/\" target=\"_blank\" rel=\"noopener\">salvadore\u00f1o<\/a> rinde homenaje a su excelso titular, el Divino Salvador del Mundo.\u00a0<\/span><\/p>\n<p><span style=\"font-weight: 400\">En el mensaje pastoral los obispos manifiestan que \u201cfue precisamente en esa plaza donde, el domingo de ramos de 1980, una inmensa muchedumbre manifest\u00f3 su amor y gratitud a nuestro santo \u00d3scar Arnulfo Romero, en una inolvidable misa exequial inconclusa que, desgraciadamente, fue empa\u00f1ada por la violencia\u201d.<\/span><\/p>\n<p><span style=\"font-weight: 400\">Los obispos exhortan a los hijos e hijas de la Iglesia, a \u201cconocer a los m\u00e1rtires y dejarse interpelar por su testimonio, a fin de que seamos verdaderamente una Iglesia fiel \u201chasta el fin\u201d (Ap. 2,26)\u201d. Ha llegado el momento de entrar con decisi\u00f3n y coraz\u00f3n abierto a la palabra de Dios, en un proceso de preparaci\u00f3n espiritual\u201d manifestaron en un comunicado divulgado a los hombres y mujeres de prensa.<\/span><\/p>\n<p><span style=\"font-weight: 400\">Finalmente, los obispos expresan que \u201cJesucristo vino a anunciar y a hacer presente el Reino de Dios. \u201cSeguirle es vivir como \u00c9l vivi\u00f3, aceptar su mensaje, asumir sus criterios, abrazar su suerte, participar en su prop\u00f3sito que es el plan del Padre: invitar a todos a la comuni\u00f3n trinitaria y a la comuni\u00f3n con los hermanos en una sociedad justa y solidaria\u201d (Iglesia en Am\u00e9rica, 68). As\u00ed lo entendieron nuestros m\u00e1rtires: que el amor a Dios se expresa en el amor al pr\u00f3jimo m\u00e1s necesitado, as\u00ed como en la lucha por construir relaciones de fraternidad basadas en la verdad, la justicia, la reconciliaci\u00f3n y el perd\u00f3n\u201d.<\/span><\/p>\n<p><span style=\"font-weight: 400\">En los pr\u00f3ximos meses la Conferencia Episcopal de El Salvador dar\u00e1 a conocer la gu\u00eda y el itinerario de preparaci\u00f3n espiritual.<\/span><\/p>\n","protected":false},"excerpt":{"rendered":"<p>Rutilio Grande, Cosme Spessotto, Manuel Sol\u00f3rzano y Nelson Rutilio Lemus<\/p>\n","protected":false},"author":29,"featured_media":36622,"comment_status":"closed","ping_status":"closed","sticky":false,"template":"","format":"standard","meta":{"_acf_changed":false,"_crdt_document":"","inline_featured_image":false,"footnotes":""},"categories":[86,298],"tags":[2034,605,360,602],"class_list":["post-36621","post","type-post","status-publish","format-standard","has-post-thumbnail","hentry","category-iglesia-local","category-ultimas-noticias","tag-beatificacion","tag-el-salvador","tag-martires","tag-obispos"],"acf":[],"yoast_head":"<!-- This site is optimized with the Yoast SEO plugin v27.4 - https:\/\/yoast.com\/product\/yoast-seo-wordpress\/ -->\n<title>El Salvador: Obispos llaman a prepararse para beatificaci\u00f3n de m\u00e1rtires<\/title>\n<meta name=\"description\" content=\"Los obispos de El Salvador invitan a la comunidad cat\u00f3lica a prepararse espiritualmente ante la cercan\u00eda de la beatificaci\u00f3n de m\u00e1rtires.\" \/>\n<meta name=\"robots\" content=\"index, follow, max-snippet:-1, max-image-preview:large, max-video-preview:-1\" \/>\n<link rel=\"canonical\" href=\"https:\/\/exaudi.org\/es\/el-salvador-obispos-beatificacion-martires\/\" \/>\n<meta property=\"og:locale\" content=\"es_ES\" \/>\n<meta property=\"og:type\" content=\"article\" \/>\n<meta property=\"og:title\" content=\"El Salvador: Obispos llaman a prepararse para beatificaci\u00f3n de m\u00e1rtires\" \/>\n<meta property=\"og:description\" content=\"Los obispos de El Salvador invitan a la comunidad cat\u00f3lica a prepararse espiritualmente ante la cercan\u00eda de la beatificaci\u00f3n de m\u00e1rtires.\" \/>\n<meta property=\"og:url\" content=\"https:\/\/exaudi.org\/es\/el-salvador-obispos-beatificacion-martires\/\" \/>\n<meta property=\"og:site_name\" content=\"Exaudi\" \/>\n<meta property=\"article:publisher\" content=\"https:\/\/www.facebook.com\/ExaudiNews\" \/>\n<meta property=\"article:published_time\" content=\"2021-10-13T15:42:16+00:00\" \/>\n<meta property=\"article:modified_time\" content=\"2021-10-14T08:33:08+00:00\" \/>\n<meta property=\"og:image\" content=\"https:\/\/exaudi.org\/wp-content\/uploads\/2021\/10\/E90a4_EWQAImKJ0.jpg\" \/>\n\t<meta property=\"og:image:width\" content=\"680\" \/>\n\t<meta property=\"og:image:height\" content=\"377\" \/>\n\t<meta property=\"og:image:type\" content=\"image\/jpeg\" \/>\n<meta name=\"author\" content=\"Cristhian Alvarenga\" \/>\n<meta name=\"twitter:card\" content=\"summary_large_image\" \/>\n<meta name=\"twitter:creator\" content=\"@Exaudi_News\" \/>\n<meta name=\"twitter:site\" content=\"@Exaudi_News\" \/>\n<meta name=\"twitter:label1\" content=\"Escrito por\" \/>\n\t<meta name=\"twitter:data1\" content=\"Cristhian Alvarenga\" \/>\n\t<meta name=\"twitter:label2\" content=\"Tiempo de lectura\" \/>\n\t<meta name=\"twitter:data2\" content=\"2 minutos\" \/>\n<script type=\"application\/ld+json\" class=\"yoast-schema-graph\">{\"@context\":\"https:\\\/\\\/schema.org\",\"@graph\":[{\"@type\":\"Article\",\"@id\":\"https:\\\/\\\/exaudi.org\\\/es\\\/el-salvador-obispos-beatificacion-martires\\\/#article\",\"isPartOf\":{\"@id\":\"https:\\\/\\\/exaudi.org\\\/es\\\/el-salvador-obispos-beatificacion-martires\\\/\"},\"author\":{\"name\":\"Cristhian Alvarenga\",\"@id\":\"https:\\\/\\\/exaudi.org\\\/#\\\/schema\\\/person\\\/cc0c4abb8e41070fb467c5272d6726d1\"},\"headline\":\"El Salvador: Obispos llaman a prepararse para beatificaci\u00f3n de m\u00e1rtires\",\"datePublished\":\"2021-10-13T15:42:16+00:00\",\"dateModified\":\"2021-10-14T08:33:08+00:00\",\"mainEntityOfPage\":{\"@id\":\"https:\\\/\\\/exaudi.org\\\/es\\\/el-salvador-obispos-beatificacion-martires\\\/\"},\"wordCount\":361,\"image\":{\"@id\":\"https:\\\/\\\/exaudi.org\\\/es\\\/el-salvador-obispos-beatificacion-martires\\\/#primaryimage\"},\"thumbnailUrl\":\"https:\\\/\\\/exaudi.org\\\/wp-content\\\/uploads\\\/2021\\\/10\\\/E90a4_EWQAImKJ0.jpg\",\"keywords\":[\"Beatificaci\u00f3n\",\"El Salvador\",\"M\u00e1rtires\",\"obispos\"],\"articleSection\":[\"Iglesia Local\",\"\u00daltimas noticias\"],\"inLanguage\":\"es\"},{\"@type\":\"WebPage\",\"@id\":\"https:\\\/\\\/exaudi.org\\\/es\\\/el-salvador-obispos-beatificacion-martires\\\/\",\"url\":\"https:\\\/\\\/exaudi.org\\\/es\\\/el-salvador-obispos-beatificacion-martires\\\/\",\"name\":\"El Salvador: Obispos llaman a prepararse para beatificaci\u00f3n de m\u00e1rtires\",\"isPartOf\":{\"@id\":\"https:\\\/\\\/exaudi.org\\\/#website\"},\"primaryImageOfPage\":{\"@id\":\"https:\\\/\\\/exaudi.org\\\/es\\\/el-salvador-obispos-beatificacion-martires\\\/#primaryimage\"},\"image\":{\"@id\":\"https:\\\/\\\/exaudi.org\\\/es\\\/el-salvador-obispos-beatificacion-martires\\\/#primaryimage\"},\"thumbnailUrl\":\"https:\\\/\\\/exaudi.org\\\/wp-content\\\/uploads\\\/2021\\\/10\\\/E90a4_EWQAImKJ0.jpg\",\"datePublished\":\"2021-10-13T15:42:16+00:00\",\"dateModified\":\"2021-10-14T08:33:08+00:00\",\"author\":{\"@id\":\"https:\\\/\\\/exaudi.org\\\/#\\\/schema\\\/person\\\/cc0c4abb8e41070fb467c5272d6726d1\"},\"description\":\"Los obispos de El Salvador invitan a la comunidad cat\u00f3lica a prepararse espiritualmente ante la cercan\u00eda de la beatificaci\u00f3n de m\u00e1rtires.\",\"breadcrumb\":{\"@id\":\"https:\\\/\\\/exaudi.org\\\/es\\\/el-salvador-obispos-beatificacion-martires\\\/#breadcrumb\"},\"inLanguage\":\"es\",\"potentialAction\":[{\"@type\":\"ReadAction\",\"target\":[\"https:\\\/\\\/exaudi.org\\\/es\\\/el-salvador-obispos-beatificacion-martires\\\/\"]}]},{\"@type\":\"ImageObject\",\"inLanguage\":\"es\",\"@id\":\"https:\\\/\\\/exaudi.org\\\/es\\\/el-salvador-obispos-beatificacion-martires\\\/#primaryimage\",\"url\":\"https:\\\/\\\/exaudi.org\\\/wp-content\\\/uploads\\\/2021\\\/10\\\/E90a4_EWQAImKJ0.jpg\",\"contentUrl\":\"https:\\\/\\\/exaudi.org\\\/wp-content\\\/uploads\\\/2021\\\/10\\\/E90a4_EWQAImKJ0.jpg\",\"width\":680,\"height\":377,\"caption\":\"Sacerdotes Rutilio Grande y Cosme Spessotto\"},{\"@type\":\"BreadcrumbList\",\"@id\":\"https:\\\/\\\/exaudi.org\\\/es\\\/el-salvador-obispos-beatificacion-martires\\\/#breadcrumb\",\"itemListElement\":[{\"@type\":\"ListItem\",\"position\":1,\"name\":\"Portada\",\"item\":\"https:\\\/\\\/exaudi.org\\\/es\\\/\"},{\"@type\":\"ListItem\",\"position\":2,\"name\":\"El Salvador: Obispos llaman a prepararse para beatificaci\u00f3n de m\u00e1rtires\"}]},{\"@type\":\"WebSite\",\"@id\":\"https:\\\/\\\/exaudi.org\\\/#website\",\"url\":\"https:\\\/\\\/exaudi.org\\\/\",\"name\":\"Exaudi\",\"description\":\"News\",\"potentialAction\":[{\"@type\":\"SearchAction\",\"target\":{\"@type\":\"EntryPoint\",\"urlTemplate\":\"https:\\\/\\\/exaudi.org\\\/?s={search_term_string}\"},\"query-input\":{\"@type\":\"PropertyValueSpecification\",\"valueRequired\":true,\"valueName\":\"search_term_string\"}}],\"inLanguage\":\"es\"},{\"@type\":\"Person\",\"@id\":\"https:\\\/\\\/exaudi.org\\\/#\\\/schema\\\/person\\\/cc0c4abb8e41070fb467c5272d6726d1\",\"name\":\"Cristhian Alvarenga\",\"image\":{\"@type\":\"ImageObject\",\"inLanguage\":\"es\",\"@id\":\"https:\\\/\\\/secure.gravatar.com\\\/avatar\\\/4d1e961ad75d3388e09e7a712fdb4ee1c94d947afa0d5dbfdcbd86a5c99bcb40?s=96&d=mm&r=g\",\"url\":\"https:\\\/\\\/secure.gravatar.com\\\/avatar\\\/4d1e961ad75d3388e09e7a712fdb4ee1c94d947afa0d5dbfdcbd86a5c99bcb40?s=96&d=mm&r=g\",\"contentUrl\":\"https:\\\/\\\/secure.gravatar.com\\\/avatar\\\/4d1e961ad75d3388e09e7a712fdb4ee1c94d947afa0d5dbfdcbd86a5c99bcb40?s=96&d=mm&r=g\",\"caption\":\"Cristhian Alvarenga\"},\"description\":\"Periodista de profesi\u00f3n. Del 2015 al 2020 coordin\u00e9 el \u00e1rea de prensa en la di\u00f3cesis de Le\u00f3n, Nicaragua y fui parte de la comisi\u00f3n de comunicaci\u00f3n diocesana, soy el autor del blog Iglesia en Salida, (https:\\\/\\\/www.facebook.com\\\/IglesiaEnSalidaOrg), un espacio de informaci\u00f3n y comunicaci\u00f3n, orientado a generar reflexi\u00f3n, investigaci\u00f3n e informaci\u00f3n sobre el quehacer pastoral de la Iglesia Cat\u00f3lica en Nicaragua, as\u00ed como promover devociones para fomentar nuestra fe. Me gusta producir podcast y escribir poes\u00eda. La defensa del medio ambiente y de los Derechos Humanos debe de ser siempre un compromiso para aportar a un mundo m\u00e1s humano y justo.\",\"url\":\"https:\\\/\\\/exaudi.org\\\/es\\\/author\\\/cristhianalvarenga\\\/\"}]}<\/script>\n<!-- \/ Yoast SEO plugin. -->","yoast_head_json":{"title":"El Salvador: Obispos llaman a prepararse para beatificaci\u00f3n de m\u00e1rtires","description":"Los obispos de El Salvador invitan a la comunidad cat\u00f3lica a prepararse espiritualmente ante la cercan\u00eda de la beatificaci\u00f3n de m\u00e1rtires.","robots":{"index":"index","follow":"follow","max-snippet":"max-snippet:-1","max-image-preview":"max-image-preview:large","max-video-preview":"max-video-preview:-1"},"canonical":"https:\/\/exaudi.org\/es\/el-salvador-obispos-beatificacion-martires\/","og_locale":"es_ES","og_type":"article","og_title":"El Salvador: Obispos llaman a prepararse para beatificaci\u00f3n de m\u00e1rtires","og_description":"Los obispos de El Salvador invitan a la comunidad cat\u00f3lica a prepararse espiritualmente ante la cercan\u00eda de la beatificaci\u00f3n de m\u00e1rtires.","og_url":"https:\/\/exaudi.org\/es\/el-salvador-obispos-beatificacion-martires\/","og_site_name":"Exaudi","article_publisher":"https:\/\/www.facebook.com\/ExaudiNews","article_published_time":"2021-10-13T15:42:16+00:00","article_modified_time":"2021-10-14T08:33:08+00:00","og_image":[{"width":680,"height":377,"url":"https:\/\/exaudi.org\/wp-content\/uploads\/2021\/10\/E90a4_EWQAImKJ0.jpg","type":"image\/jpeg"}],"author":"Cristhian Alvarenga","twitter_card":"summary_large_image","twitter_creator":"@Exaudi_News","twitter_site":"@Exaudi_News","twitter_misc":{"Escrito por":"Cristhian Alvarenga","Tiempo de lectura":"2 minutos"},"schema":{"@context":"https:\/\/schema.org","@graph":[{"@type":"Article","@id":"https:\/\/exaudi.org\/es\/el-salvador-obispos-beatificacion-martires\/#article","isPartOf":{"@id":"https:\/\/exaudi.org\/es\/el-salvador-obispos-beatificacion-martires\/"},"author":{"name":"Cristhian Alvarenga","@id":"https:\/\/exaudi.org\/#\/schema\/person\/cc0c4abb8e41070fb467c5272d6726d1"},"headline":"El Salvador: Obispos llaman a prepararse para beatificaci\u00f3n de m\u00e1rtires","datePublished":"2021-10-13T15:42:16+00:00","dateModified":"2021-10-14T08:33:08+00:00","mainEntityOfPage":{"@id":"https:\/\/exaudi.org\/es\/el-salvador-obispos-beatificacion-martires\/"},"wordCount":361,"image":{"@id":"https:\/\/exaudi.org\/es\/el-salvador-obispos-beatificacion-martires\/#primaryimage"},"thumbnailUrl":"https:\/\/exaudi.org\/wp-content\/uploads\/2021\/10\/E90a4_EWQAImKJ0.jpg","keywords":["Beatificaci\u00f3n","El Salvador","M\u00e1rtires","obispos"],"articleSection":["Iglesia Local","\u00daltimas noticias"],"inLanguage":"es"},{"@type":"WebPage","@id":"https:\/\/exaudi.org\/es\/el-salvador-obispos-beatificacion-martires\/","url":"https:\/\/exaudi.org\/es\/el-salvador-obispos-beatificacion-martires\/","name":"El Salvador: Obispos llaman a prepararse para beatificaci\u00f3n de m\u00e1rtires","isPartOf":{"@id":"https:\/\/exaudi.org\/#website"},"primaryImageOfPage":{"@id":"https:\/\/exaudi.org\/es\/el-salvador-obispos-beatificacion-martires\/#primaryimage"},"image":{"@id":"https:\/\/exaudi.org\/es\/el-salvador-obispos-beatificacion-martires\/#primaryimage"},"thumbnailUrl":"https:\/\/exaudi.org\/wp-content\/uploads\/2021\/10\/E90a4_EWQAImKJ0.jpg","datePublished":"2021-10-13T15:42:16+00:00","dateModified":"2021-10-14T08:33:08+00:00","author":{"@id":"https:\/\/exaudi.org\/#\/schema\/person\/cc0c4abb8e41070fb467c5272d6726d1"},"description":"Los obispos de El Salvador invitan a la comunidad cat\u00f3lica a prepararse espiritualmente ante la cercan\u00eda de la beatificaci\u00f3n de m\u00e1rtires.","breadcrumb":{"@id":"https:\/\/exaudi.org\/es\/el-salvador-obispos-beatificacion-martires\/#breadcrumb"},"inLanguage":"es","potentialAction":[{"@type":"ReadAction","target":["https:\/\/exaudi.org\/es\/el-salvador-obispos-beatificacion-martires\/"]}]},{"@type":"ImageObject","inLanguage":"es","@id":"https:\/\/exaudi.org\/es\/el-salvador-obispos-beatificacion-martires\/#primaryimage","url":"https:\/\/exaudi.org\/wp-content\/uploads\/2021\/10\/E90a4_EWQAImKJ0.jpg","contentUrl":"https:\/\/exaudi.org\/wp-content\/uploads\/2021\/10\/E90a4_EWQAImKJ0.jpg","width":680,"height":377,"caption":"Sacerdotes Rutilio Grande y Cosme Spessotto"},{"@type":"BreadcrumbList","@id":"https:\/\/exaudi.org\/es\/el-salvador-obispos-beatificacion-martires\/#breadcrumb","itemListElement":[{"@type":"ListItem","position":1,"name":"Portada","item":"https:\/\/exaudi.org\/es\/"},{"@type":"ListItem","position":2,"name":"El Salvador: Obispos llaman a prepararse para beatificaci\u00f3n de m\u00e1rtires"}]},{"@type":"WebSite","@id":"https:\/\/exaudi.org\/#website","url":"https:\/\/exaudi.org\/","name":"Exaudi","description":"News","potentialAction":[{"@type":"SearchAction","target":{"@type":"EntryPoint","urlTemplate":"https:\/\/exaudi.org\/?s={search_term_string}"},"query-input":{"@type":"PropertyValueSpecification","valueRequired":true,"valueName":"search_term_string"}}],"inLanguage":"es"},{"@type":"Person","@id":"https:\/\/exaudi.org\/#\/schema\/person\/cc0c4abb8e41070fb467c5272d6726d1","name":"Cristhian Alvarenga","image":{"@type":"ImageObject","inLanguage":"es","@id":"https:\/\/secure.gravatar.com\/avatar\/4d1e961ad75d3388e09e7a712fdb4ee1c94d947afa0d5dbfdcbd86a5c99bcb40?s=96&d=mm&r=g","url":"https:\/\/secure.gravatar.com\/avatar\/4d1e961ad75d3388e09e7a712fdb4ee1c94d947afa0d5dbfdcbd86a5c99bcb40?s=96&d=mm&r=g","contentUrl":"https:\/\/secure.gravatar.com\/avatar\/4d1e961ad75d3388e09e7a712fdb4ee1c94d947afa0d5dbfdcbd86a5c99bcb40?s=96&d=mm&r=g","caption":"Cristhian Alvarenga"},"description":"Periodista de profesi\u00f3n. Del 2015 al 2020 coordin\u00e9 el \u00e1rea de prensa en la di\u00f3cesis de Le\u00f3n, Nicaragua y fui parte de la comisi\u00f3n de comunicaci\u00f3n diocesana, soy el autor del blog Iglesia en Salida, (https:\/\/www.facebook.com\/IglesiaEnSalidaOrg), un espacio de informaci\u00f3n y comunicaci\u00f3n, orientado a generar reflexi\u00f3n, investigaci\u00f3n e informaci\u00f3n sobre el quehacer pastoral de la Iglesia Cat\u00f3lica en Nicaragua, as\u00ed como promover devociones para fomentar nuestra fe. Me gusta producir podcast y escribir poes\u00eda. La defensa del medio ambiente y de los Derechos Humanos debe de ser siempre un compromiso para aportar a un mundo m\u00e1s humano y justo.","url":"https:\/\/exaudi.org\/es\/author\/cristhianalvarenga\/"}]}},"jetpack_featured_media_url":"https:\/\/exaudi.org\/wp-content\/uploads\/2021\/10\/E90a4_EWQAImKJ0.jpg","jetpack_shortlink":"https:\/\/wp.me\/pgKjF2-9wF","_links":{"self":[{"href":"https:\/\/exaudi.org\/es\/wp-json\/wp\/v2\/posts\/36621","targetHints":{"allow":["GET"]}}],"collection":[{"href":"https:\/\/exaudi.org\/es\/wp-json\/wp\/v2\/posts"}],"about":[{"href":"https:\/\/exaudi.org\/es\/wp-json\/wp\/v2\/types\/post"}],"author":[{"embeddable":true,"href":"https:\/\/exaudi.org\/es\/wp-json\/wp\/v2\/users\/29"}],"replies":[{"embeddable":true,"href":"https:\/\/exaudi.org\/es\/wp-json\/wp\/v2\/comments?post=36621"}],"version-history":[{"count":0,"href":"https:\/\/exaudi.org\/es\/wp-json\/wp\/v2\/posts\/36621\/revisions"}],"wp:featuredmedia":[{"embeddable":true,"href":"https:\/\/exaudi.org\/es\/wp-json\/wp\/v2\/media\/36622"}],"wp:attachment":[{"href":"https:\/\/exaudi.org\/es\/wp-json\/wp\/v2\/media?parent=36621"}],"wp:term":[{"taxonomy":"category","embeddable":true,"href":"https:\/\/exaudi.org\/es\/wp-json\/wp\/v2\/categories?post=36621"},{"taxonomy":"post_tag","embeddable":true,"href":"https:\/\/exaudi.org\/es\/wp-json\/wp\/v2\/tags?post=36621"}],"curies":[{"name":"wp","href":"https:\/\/api.w.org\/{rel}","templated":true}]}}