{"id":36590,"date":"2021-10-13T16:16:32","date_gmt":"2021-10-13T14:16:32","guid":{"rendered":"https:\/\/exaudi.wpengine.com\/?p=36590"},"modified":"2021-10-13T16:16:32","modified_gmt":"2021-10-13T14:16:32","slug":"espana-papa-nombra-obispo-ibiza","status":"publish","type":"post","link":"https:\/\/exaudi.org\/es\/espana-papa-nombra-obispo-ibiza\/","title":{"rendered":"Espa\u00f1a: El Papa nombra al obispo de Ibiza"},"content":{"rendered":"<p>El <a href=\"https:\/\/exaudi.wpengine.com\/es\/amor-ley-suprema-nueva-vida-cristiana\/\" target=\"_blank\" rel=\"noopener\">Papa Francisco<\/a> ha nombrado obispo de la di\u00f3cesis de Ibiza, Espa\u00f1a, al reverendo Vicente Ribas Prats, hasta ahora administrador diocesano de la misma sede. De esta manera ha informado hoy, mi\u00e9rcoles 13 de octubre de 2021, la <a href=\"https:\/\/www.vatican.va\/news_services\/press\/index_sp.htm\" target=\"_blank\" rel=\"noopener\">Oficina de Prensa de la Santa Sede.<\/a><\/p>\n<h4><strong>Reverendo Vicente Ribas Prats<\/strong><\/h4>\n<p>Naci\u00f3 en Ibiza el 12 de mayo de 1968. Fue ordenado sacerdote el 12 de octubre de 1996.<\/p>\n<p>Ha desempe\u00f1ado los siguientes cargos: Vicario parroquial de\u00a0Santa Cruz\u00a0en Ibiza (1996-2000); capell\u00e1n del\u00a0Colegio Sa Real\u00a0y delegado de Pastoral Vocacional (2001-2020); p\u00e1rroco de\u00a0Santa Gertrudis\u00a0y\u00a0San Mateo\u00a0y administrador parroquial de\u00a0San Miguel (2000-2006) y p\u00e1rroco de la misma, miembro del Colegio de Consultores, arcipreste de\u00a0Santa Eul\u00e0ria M\u00e0rtir\u00a0(2006-2020), posteriormente p\u00e1rroco de la misma y de nuevo de\u00a0San Mateo\u00a0(2008-2020); can\u00f3nigo del cabildo catedralicio (desde 2009); vicario general (2010-2020) y desde el 4 de febrero de 2020 hasta ahora administrador diocesano de Ibiza.<\/p>\n","protected":false},"excerpt":{"rendered":"<p>Reverendo Vicente Ribas Prats<\/p>\n","protected":false},"author":6,"featured_media":36594,"comment_status":"closed","ping_status":"closed","sticky":false,"template":"","format":"standard","meta":{"_acf_changed":false,"_crdt_document":"","inline_featured_image":false,"footnotes":""},"categories":[86,298],"tags":[4521,1008,787,158],"class_list":["post-36590","post","type-post","status-publish","format-standard","has-post-thumbnail","hentry","category-iglesia-local","category-ultimas-noticias","tag-diocesis-de-ibiza","tag-espana","tag-nombramientos","tag-papa-francisco"],"acf":[],"yoast_head":"<!-- This site is optimized with the Yoast SEO plugin v27.5 - https:\/\/yoast.com\/product\/yoast-seo-wordpress\/ -->\n<title>Espa\u00f1a: El Papa nombra al obispo de Ibiza &#8211; Exaudi<\/title>\n<meta name=\"description\" content=\"El Papa Francisco ha nombrado obispo de la di\u00f3cesis de Ibiza, Espa\u00f1a, al reverendo Vicente Ribas Prats. Ha informado la Santa Sede hoy.\" \/>\n<meta name=\"robots\" content=\"index, follow, max-snippet:-1, max-image-preview:large, max-video-preview:-1\" \/>\n<link rel=\"canonical\" href=\"https:\/\/exaudi.org\/es\/espana-papa-nombra-obispo-ibiza\/\" \/>\n<meta property=\"og:locale\" content=\"es_ES\" \/>\n<meta property=\"og:type\" content=\"article\" \/>\n<meta property=\"og:title\" content=\"Espa\u00f1a: El Papa nombra al obispo de Ibiza &#8211; Exaudi\" \/>\n<meta property=\"og:description\" content=\"El Papa Francisco ha nombrado obispo de la di\u00f3cesis de Ibiza, Espa\u00f1a, al reverendo Vicente Ribas Prats. Ha informado la Santa Sede hoy.\" \/>\n<meta property=\"og:url\" content=\"https:\/\/exaudi.org\/es\/espana-papa-nombra-obispo-ibiza\/\" \/>\n<meta property=\"og:site_name\" content=\"Exaudi\" \/>\n<meta property=\"article:publisher\" content=\"https:\/\/www.facebook.com\/ExaudiNews\" \/>\n<meta property=\"article:published_time\" content=\"2021-10-13T14:16:32+00:00\" \/>\n<meta property=\"og:image\" content=\"https:\/\/exaudi.org\/wp-content\/uploads\/2021\/10\/mensaje-navidad-e1608925534609.png\" \/>\n\t<meta property=\"og:image:width\" content=\"954\" \/>\n\t<meta property=\"og:image:height\" content=\"715\" \/>\n\t<meta property=\"og:image:type\" content=\"image\/png\" \/>\n<meta name=\"author\" content=\"Gabriel Sales\" \/>\n<meta name=\"twitter:card\" content=\"summary_large_image\" \/>\n<meta name=\"twitter:creator\" content=\"@habemusman\" \/>\n<meta name=\"twitter:site\" content=\"@Exaudi_News\" \/>\n<meta name=\"twitter:label1\" content=\"Escrito por\" \/>\n\t<meta name=\"twitter:data1\" content=\"Gabriel Sales\" \/>\n\t<meta name=\"twitter:label2\" content=\"Tiempo de lectura\" \/>\n\t<meta name=\"twitter:data2\" content=\"1 minuto\" \/>\n<script type=\"application\/ld+json\" class=\"yoast-schema-graph\">{\"@context\":\"https:\\\/\\\/schema.org\",\"@graph\":[{\"@type\":\"Article\",\"@id\":\"https:\\\/\\\/exaudi.org\\\/es\\\/espana-papa-nombra-obispo-ibiza\\\/#article\",\"isPartOf\":{\"@id\":\"https:\\\/\\\/exaudi.org\\\/es\\\/espana-papa-nombra-obispo-ibiza\\\/\"},\"author\":{\"name\":\"Gabriel Sales\",\"@id\":\"https:\\\/\\\/exaudi.org\\\/#\\\/schema\\\/person\\\/d134b96438278131ce90c90c03fda6cd\"},\"headline\":\"Espa\u00f1a: El Papa nombra al obispo de Ibiza\",\"datePublished\":\"2021-10-13T14:16:32+00:00\",\"mainEntityOfPage\":{\"@id\":\"https:\\\/\\\/exaudi.org\\\/es\\\/espana-papa-nombra-obispo-ibiza\\\/\"},\"wordCount\":167,\"image\":{\"@id\":\"https:\\\/\\\/exaudi.org\\\/es\\\/espana-papa-nombra-obispo-ibiza\\\/#primaryimage\"},\"thumbnailUrl\":\"https:\\\/\\\/exaudi.org\\\/wp-content\\\/uploads\\\/2021\\\/10\\\/mensaje-navidad-e1608925534609.png\",\"keywords\":[\"Di\u00f3cesis de Ibiza\",\"Espa\u00f1a\",\"nombramientos\",\"papa francisco\"],\"articleSection\":[\"Iglesia Local\",\"\u00daltimas noticias\"],\"inLanguage\":\"es\"},{\"@type\":\"WebPage\",\"@id\":\"https:\\\/\\\/exaudi.org\\\/es\\\/espana-papa-nombra-obispo-ibiza\\\/\",\"url\":\"https:\\\/\\\/exaudi.org\\\/es\\\/espana-papa-nombra-obispo-ibiza\\\/\",\"name\":\"Espa\u00f1a: El Papa nombra al obispo de Ibiza &#8211; Exaudi\",\"isPartOf\":{\"@id\":\"https:\\\/\\\/exaudi.org\\\/#website\"},\"primaryImageOfPage\":{\"@id\":\"https:\\\/\\\/exaudi.org\\\/es\\\/espana-papa-nombra-obispo-ibiza\\\/#primaryimage\"},\"image\":{\"@id\":\"https:\\\/\\\/exaudi.org\\\/es\\\/espana-papa-nombra-obispo-ibiza\\\/#primaryimage\"},\"thumbnailUrl\":\"https:\\\/\\\/exaudi.org\\\/wp-content\\\/uploads\\\/2021\\\/10\\\/mensaje-navidad-e1608925534609.png\",\"datePublished\":\"2021-10-13T14:16:32+00:00\",\"author\":{\"@id\":\"https:\\\/\\\/exaudi.org\\\/#\\\/schema\\\/person\\\/d134b96438278131ce90c90c03fda6cd\"},\"description\":\"El Papa Francisco ha nombrado obispo de la di\u00f3cesis de Ibiza, Espa\u00f1a, al reverendo Vicente Ribas Prats. Ha informado la Santa Sede hoy.\",\"breadcrumb\":{\"@id\":\"https:\\\/\\\/exaudi.org\\\/es\\\/espana-papa-nombra-obispo-ibiza\\\/#breadcrumb\"},\"inLanguage\":\"es\",\"potentialAction\":[{\"@type\":\"ReadAction\",\"target\":[\"https:\\\/\\\/exaudi.org\\\/es\\\/espana-papa-nombra-obispo-ibiza\\\/\"]}]},{\"@type\":\"ImageObject\",\"inLanguage\":\"es\",\"@id\":\"https:\\\/\\\/exaudi.org\\\/es\\\/espana-papa-nombra-obispo-ibiza\\\/#primaryimage\",\"url\":\"https:\\\/\\\/exaudi.org\\\/wp-content\\\/uploads\\\/2021\\\/10\\\/mensaje-navidad-e1608925534609.png\",\"contentUrl\":\"https:\\\/\\\/exaudi.org\\\/wp-content\\\/uploads\\\/2021\\\/10\\\/mensaje-navidad-e1608925534609.png\",\"width\":954,\"height\":715,\"caption\":\"Vicente Ribas \u00a9 Di\u00f3cesis de Ibiza\"},{\"@type\":\"BreadcrumbList\",\"@id\":\"https:\\\/\\\/exaudi.org\\\/es\\\/espana-papa-nombra-obispo-ibiza\\\/#breadcrumb\",\"itemListElement\":[{\"@type\":\"ListItem\",\"position\":1,\"name\":\"Portada\",\"item\":\"https:\\\/\\\/exaudi.org\\\/es\\\/\"},{\"@type\":\"ListItem\",\"position\":2,\"name\":\"Espa\u00f1a: El Papa nombra al obispo de Ibiza\"}]},{\"@type\":\"WebSite\",\"@id\":\"https:\\\/\\\/exaudi.org\\\/#website\",\"url\":\"https:\\\/\\\/exaudi.org\\\/\",\"name\":\"Exaudi\",\"description\":\"News\",\"potentialAction\":[{\"@type\":\"SearchAction\",\"target\":{\"@type\":\"EntryPoint\",\"urlTemplate\":\"https:\\\/\\\/exaudi.org\\\/?s={search_term_string}\"},\"query-input\":{\"@type\":\"PropertyValueSpecification\",\"valueRequired\":true,\"valueName\":\"search_term_string\"}}],\"inLanguage\":\"es\"},{\"@type\":\"Person\",\"@id\":\"https:\\\/\\\/exaudi.org\\\/#\\\/schema\\\/person\\\/d134b96438278131ce90c90c03fda6cd\",\"name\":\"Gabriel Sales\",\"image\":{\"@type\":\"ImageObject\",\"inLanguage\":\"es\",\"@id\":\"https:\\\/\\\/secure.gravatar.com\\\/avatar\\\/9b1269566f6a063ed26ffb3532b66a373cdde231ce5d0effb266167437fdaffd?s=96&d=mm&r=g\",\"url\":\"https:\\\/\\\/secure.gravatar.com\\\/avatar\\\/9b1269566f6a063ed26ffb3532b66a373cdde231ce5d0effb266167437fdaffd?s=96&d=mm&r=g\",\"contentUrl\":\"https:\\\/\\\/secure.gravatar.com\\\/avatar\\\/9b1269566f6a063ed26ffb3532b66a373cdde231ce5d0effb266167437fdaffd?s=96&d=mm&r=g\",\"caption\":\"Gabriel Sales\"},\"description\":\"Periodista y especialista en Comunicaci\u00f3n y Branding digital. Cin\u00e9filo y cr\u00edtico de cine y series de televisi\u00f3n.\",\"sameAs\":[\"https:\\\/\\\/www.instagram.com\\\/cine90segundos\\\/\",\"www.linkedin.com\\\/in\\\/habemusman\",\"https:\\\/\\\/x.com\\\/habemusman\",\"https:\\\/\\\/www.youtube.com\\\/channel\\\/UCVfCiOMkJ_C7T7OpyjuaLDg\"],\"url\":\"https:\\\/\\\/exaudi.org\\\/es\\\/author\\\/gsalesexaudi-org\\\/\"}]}<\/script>\n<!-- \/ Yoast SEO plugin. -->","yoast_head_json":{"title":"Espa\u00f1a: El Papa nombra al obispo de Ibiza &#8211; Exaudi","description":"El Papa Francisco ha nombrado obispo de la di\u00f3cesis de Ibiza, Espa\u00f1a, al reverendo Vicente Ribas Prats. Ha informado la Santa Sede hoy.","robots":{"index":"index","follow":"follow","max-snippet":"max-snippet:-1","max-image-preview":"max-image-preview:large","max-video-preview":"max-video-preview:-1"},"canonical":"https:\/\/exaudi.org\/es\/espana-papa-nombra-obispo-ibiza\/","og_locale":"es_ES","og_type":"article","og_title":"Espa\u00f1a: El Papa nombra al obispo de Ibiza &#8211; Exaudi","og_description":"El Papa Francisco ha nombrado obispo de la di\u00f3cesis de Ibiza, Espa\u00f1a, al reverendo Vicente Ribas Prats. Ha informado la Santa Sede hoy.","og_url":"https:\/\/exaudi.org\/es\/espana-papa-nombra-obispo-ibiza\/","og_site_name":"Exaudi","article_publisher":"https:\/\/www.facebook.com\/ExaudiNews","article_published_time":"2021-10-13T14:16:32+00:00","og_image":[{"width":954,"height":715,"url":"https:\/\/exaudi.org\/wp-content\/uploads\/2021\/10\/mensaje-navidad-e1608925534609.png","type":"image\/png"}],"author":"Gabriel Sales","twitter_card":"summary_large_image","twitter_creator":"@habemusman","twitter_site":"@Exaudi_News","twitter_misc":{"Escrito por":"Gabriel Sales","Tiempo de lectura":"1 minuto"},"schema":{"@context":"https:\/\/schema.org","@graph":[{"@type":"Article","@id":"https:\/\/exaudi.org\/es\/espana-papa-nombra-obispo-ibiza\/#article","isPartOf":{"@id":"https:\/\/exaudi.org\/es\/espana-papa-nombra-obispo-ibiza\/"},"author":{"name":"Gabriel Sales","@id":"https:\/\/exaudi.org\/#\/schema\/person\/d134b96438278131ce90c90c03fda6cd"},"headline":"Espa\u00f1a: El Papa nombra al obispo de Ibiza","datePublished":"2021-10-13T14:16:32+00:00","mainEntityOfPage":{"@id":"https:\/\/exaudi.org\/es\/espana-papa-nombra-obispo-ibiza\/"},"wordCount":167,"image":{"@id":"https:\/\/exaudi.org\/es\/espana-papa-nombra-obispo-ibiza\/#primaryimage"},"thumbnailUrl":"https:\/\/exaudi.org\/wp-content\/uploads\/2021\/10\/mensaje-navidad-e1608925534609.png","keywords":["Di\u00f3cesis de Ibiza","Espa\u00f1a","nombramientos","papa francisco"],"articleSection":["Iglesia Local","\u00daltimas noticias"],"inLanguage":"es"},{"@type":"WebPage","@id":"https:\/\/exaudi.org\/es\/espana-papa-nombra-obispo-ibiza\/","url":"https:\/\/exaudi.org\/es\/espana-papa-nombra-obispo-ibiza\/","name":"Espa\u00f1a: El Papa nombra al obispo de Ibiza &#8211; Exaudi","isPartOf":{"@id":"https:\/\/exaudi.org\/#website"},"primaryImageOfPage":{"@id":"https:\/\/exaudi.org\/es\/espana-papa-nombra-obispo-ibiza\/#primaryimage"},"image":{"@id":"https:\/\/exaudi.org\/es\/espana-papa-nombra-obispo-ibiza\/#primaryimage"},"thumbnailUrl":"https:\/\/exaudi.org\/wp-content\/uploads\/2021\/10\/mensaje-navidad-e1608925534609.png","datePublished":"2021-10-13T14:16:32+00:00","author":{"@id":"https:\/\/exaudi.org\/#\/schema\/person\/d134b96438278131ce90c90c03fda6cd"},"description":"El Papa Francisco ha nombrado obispo de la di\u00f3cesis de Ibiza, Espa\u00f1a, al reverendo Vicente Ribas Prats. Ha informado la Santa Sede hoy.","breadcrumb":{"@id":"https:\/\/exaudi.org\/es\/espana-papa-nombra-obispo-ibiza\/#breadcrumb"},"inLanguage":"es","potentialAction":[{"@type":"ReadAction","target":["https:\/\/exaudi.org\/es\/espana-papa-nombra-obispo-ibiza\/"]}]},{"@type":"ImageObject","inLanguage":"es","@id":"https:\/\/exaudi.org\/es\/espana-papa-nombra-obispo-ibiza\/#primaryimage","url":"https:\/\/exaudi.org\/wp-content\/uploads\/2021\/10\/mensaje-navidad-e1608925534609.png","contentUrl":"https:\/\/exaudi.org\/wp-content\/uploads\/2021\/10\/mensaje-navidad-e1608925534609.png","width":954,"height":715,"caption":"Vicente Ribas \u00a9 Di\u00f3cesis de Ibiza"},{"@type":"BreadcrumbList","@id":"https:\/\/exaudi.org\/es\/espana-papa-nombra-obispo-ibiza\/#breadcrumb","itemListElement":[{"@type":"ListItem","position":1,"name":"Portada","item":"https:\/\/exaudi.org\/es\/"},{"@type":"ListItem","position":2,"name":"Espa\u00f1a: El Papa nombra al obispo de Ibiza"}]},{"@type":"WebSite","@id":"https:\/\/exaudi.org\/#website","url":"https:\/\/exaudi.org\/","name":"Exaudi","description":"News","potentialAction":[{"@type":"SearchAction","target":{"@type":"EntryPoint","urlTemplate":"https:\/\/exaudi.org\/?s={search_term_string}"},"query-input":{"@type":"PropertyValueSpecification","valueRequired":true,"valueName":"search_term_string"}}],"inLanguage":"es"},{"@type":"Person","@id":"https:\/\/exaudi.org\/#\/schema\/person\/d134b96438278131ce90c90c03fda6cd","name":"Gabriel Sales","image":{"@type":"ImageObject","inLanguage":"es","@id":"https:\/\/secure.gravatar.com\/avatar\/9b1269566f6a063ed26ffb3532b66a373cdde231ce5d0effb266167437fdaffd?s=96&d=mm&r=g","url":"https:\/\/secure.gravatar.com\/avatar\/9b1269566f6a063ed26ffb3532b66a373cdde231ce5d0effb266167437fdaffd?s=96&d=mm&r=g","contentUrl":"https:\/\/secure.gravatar.com\/avatar\/9b1269566f6a063ed26ffb3532b66a373cdde231ce5d0effb266167437fdaffd?s=96&d=mm&r=g","caption":"Gabriel Sales"},"description":"Periodista y especialista en Comunicaci\u00f3n y Branding digital. Cin\u00e9filo y cr\u00edtico de cine y series de televisi\u00f3n.","sameAs":["https:\/\/www.instagram.com\/cine90segundos\/","www.linkedin.com\/in\/habemusman","https:\/\/x.com\/habemusman","https:\/\/www.youtube.com\/channel\/UCVfCiOMkJ_C7T7OpyjuaLDg"],"url":"https:\/\/exaudi.org\/es\/author\/gsalesexaudi-org\/"}]}},"jetpack_featured_media_url":"https:\/\/exaudi.org\/wp-content\/uploads\/2021\/10\/mensaje-navidad-e1608925534609.png","jetpack_shortlink":"https:\/\/wp.me\/pgKjF2-9wa","_links":{"self":[{"href":"https:\/\/exaudi.org\/es\/wp-json\/wp\/v2\/posts\/36590","targetHints":{"allow":["GET"]}}],"collection":[{"href":"https:\/\/exaudi.org\/es\/wp-json\/wp\/v2\/posts"}],"about":[{"href":"https:\/\/exaudi.org\/es\/wp-json\/wp\/v2\/types\/post"}],"author":[{"embeddable":true,"href":"https:\/\/exaudi.org\/es\/wp-json\/wp\/v2\/users\/6"}],"replies":[{"embeddable":true,"href":"https:\/\/exaudi.org\/es\/wp-json\/wp\/v2\/comments?post=36590"}],"version-history":[{"count":0,"href":"https:\/\/exaudi.org\/es\/wp-json\/wp\/v2\/posts\/36590\/revisions"}],"wp:featuredmedia":[{"embeddable":true,"href":"https:\/\/exaudi.org\/es\/wp-json\/wp\/v2\/media\/36594"}],"wp:attachment":[{"href":"https:\/\/exaudi.org\/es\/wp-json\/wp\/v2\/media?parent=36590"}],"wp:term":[{"taxonomy":"category","embeddable":true,"href":"https:\/\/exaudi.org\/es\/wp-json\/wp\/v2\/categories?post=36590"},{"taxonomy":"post_tag","embeddable":true,"href":"https:\/\/exaudi.org\/es\/wp-json\/wp\/v2\/tags?post=36590"}],"curies":[{"name":"wp","href":"https:\/\/api.w.org\/{rel}","templated":true}]}}