{"id":36567,"date":"2021-10-13T14:41:24","date_gmt":"2021-10-13T12:41:24","guid":{"rendered":"https:\/\/exaudi.wpengine.com\/?p=36567"},"modified":"2021-10-14T09:52:32","modified_gmt":"2021-10-14T07:52:32","slug":"espana-santuario-palma-dona-bienes-erupcion","status":"publish","type":"post","link":"https:\/\/exaudi.org\/es\/espana-santuario-palma-dona-bienes-erupcion\/","title":{"rendered":"Santuario de La Palma dona bienes para afectados por erupci\u00f3n"},"content":{"rendered":"<p>Antonio Hern\u00e1ndez Hern\u00e1ndez, rector del Santuario de Nuestra Se\u00f1ora de las Nieves, patrona de la isla de La Palma, en las Islas Canarias, <a href=\"https:\/\/exaudi.wpengine.com\/es\/espana-reunion-comision-permanente-episcopado\/\" target=\"_blank\" rel=\"noopener\">Espa\u00f1a<\/a>, ha propuesto a las parroquias de la zona hacer una donaci\u00f3n de parte de los bienes de los templos para ayudar a las familias afectadas por la erupci\u00f3n del volc\u00e1n Cumbre Vieja, que lleva en estado activo desde el pasado 19 de septiembre de 2021.<\/p>\n<p>\u201cEstas piezas hoy, ante la situaci\u00f3n que vivimos, adquieren un nuevo valor y un nuevo significado, pues pueden ser una propuesta que permita ser parte de la acci\u00f3n y ayuda solidaria que desde el Real Santuario de las Nieves realicemos para contribuir, junto a las numerosas acciones personales, asociativas e institucionales que se est\u00e1n promoviendo para proveerles cuanto antes de soluciones materiales a los damnificados\u201d, comenta en su <a href=\"https:\/\/www.facebook.com\/Santuario-de-Ntra-Sra-de-Las-Nieves-87150998790\/\" target=\"_blank\" rel=\"noopener\">p\u00e1gina de <em>Facebook\u00a0<\/em>el Santuario<\/a> sobre su donaci\u00f3n.<\/p>\n<h4><strong>Ayudar a los afectados<\/strong><\/h4>\n<p>El comienzo del comunicado se\u00f1ala que \u201choy nadie es ajeno al sentimiento de comuni\u00f3n, sufrimiento y esperanza de todos y todas, a los que ha llevado la presente erupci\u00f3n volc\u00e1nica en la isla de La Palma\u201d. Antonio Hern\u00e1ndez recuerda haberse encomendado en comuni\u00f3n con el obispo a la Virgen de Las Nieves y san Miguel, pues se encuentran \u201cante una situaci\u00f3n extremadamente grave en t\u00e9rminos siempre de destrucci\u00f3n y p\u00e9rdida material\u201d.<\/p>\n<p>Con todo ello, contin\u00faa, \u201cla impotencia de ver c\u00f3mo lentamente las coladas de este nuevo volc\u00e1n van arrasando con todo en su camino al mar\u201d, les \u201cobliga a tomar acci\u00f3n y ser part\u00edcipe en la reconstrucci\u00f3n material de aquellos que lo han perdido todo\u201d. Que sientan \u201cque sus hermanos y hermanas estamos en estos duros momentos con ellos, que cualquier acci\u00f3n social, solidaria, humanitaria siempre ser\u00e1 poca&#8230;, pero estaremos\u201d, insiste.<\/p>\n<h4><strong>Gran patrimonio para compartir<\/strong><\/h4>\n<p>El rector describe c\u00f3mo el Real Santuario \u201ces el templo y el bien material construido a trav\u00e9s de donaciones y legados que durante 500 a\u00f1os el pueblo palmero, que, en devoci\u00f3n a su Madre la Virgen de las Nieves, ha ido aportando en gratitud a los favores otorgados por su Sant\u00edsima Madre\u201d. El continuo desprendimiento de los fieles, explica, ha llevado a que hoy \u201cposea un excelso patrimonio\u201d.<\/p>\n<p>\u201cAdem\u00e1s de estos bienes, el tesoro de la Virgen de las Nieves conserva donaciones de joyas, cadenas, pulseras y anillos de oro que, aunque tienen valor devocional y econ\u00f3mico no disponen de un valor hist\u00f3rico o art\u00edstico, aun as\u00ed, son guardadas y conservadas en su tesoro por el significado y la voluntad del donante que entrega a su Madre\u201d, afirma.<\/p>\n<p>Por tanto, concluye el comunicado, \u201cel Real Santuario de las Nieves dispone este patrimonio que desde el Concilio Vaticano II y, haci\u00e9ndonos eco del sentir y del buen hacer del <a href=\"https:\/\/exaudi.wpengine.com\/es\/amor-ley-suprema-nueva-vida-cristiana\/\" target=\"_blank\" rel=\"noopener\">Papa Francisco<\/a> y de la Iglesia, se justifica la propuesta de disponer de ellas como un gesto para los fines solidarios que con tanta urgencia se nos reclama con la finalidad de ayudar a nuestros hermanos y hermanas para aliviarles estos\u201d.<\/p>\n<h4><strong>Erupci\u00f3n del volc\u00e1n<\/strong><\/h4>\n<p>Tal y como inform\u00f3\u00a0<em>National Geographic\u00a0<\/em>en Espa\u00f1a, la actividad s\u00edsmica recurrente durante varias semanas seguidas en la isla de La Palma culmin\u00f3 el 19 de septiembre con la erupci\u00f3n del volc\u00e1n en las inmediaciones de la Cumbre Vieja. A las 15:13 horas del pasado domingo tuvo lugar la octava erupci\u00f3n volc\u00e1nica desde que se tienen registros hist\u00f3ricos en la isla.<\/p>\n<p>Seg\u00fan avanzaba la tarde, el Cabildo de La Palma llev\u00f3 a cabo los planes de evacuaci\u00f3n necesarios para mantener la seguridad de los vecinos de Fuencaliente, Mazo, Tazacorte y Los Llanos de Aridane, una zona que pas\u00f3 al sem\u00e1foro rojo en el nivel de emergencia a lo largo de la tarde.<\/p>\n<p>El\u00a0enjambre s\u00edsmico que tuvo lugar en la isla durante la \u00faltima semana, donde se sucedieron miles de peque\u00f1os terremotos, termin\u00f3 provocando la erupci\u00f3n volc\u00e1nica en la zona de Cumbre Vieja, en la zona sur de la isla. Por el momento se han contabilizado\u00a0dos fisuras en el suelo separadas entre s\u00ed por unos 200 metros, de las que emerge la lava a trav\u00e9s de 8 bocas diferentes.<\/p>\n<p>Radio y Televisi\u00f3n Espa\u00f1ola relata con datos actualizados que actualmente la lava del volc\u00e1n ocupa 656 hect\u00e1reas, un aumento de 86.4 en relaci\u00f3n a las 43 horas previas, y ha destruido 1.458 edificaciones, lo que supone una subida de 135.\u00a0Los kil\u00f3metros de\u00a0carretera afectados\u00a0por la erupci\u00f3n, que comenz\u00f3 el 19 de septiembre, son 52,1, y de ellos 49 kil\u00f3metros est\u00e1n destruidos.<\/p>\n","protected":false},"excerpt":{"rendered":"<p>El rector propone ofrecer bienes de la iglesia para colaborar<\/p>\n","protected":false},"author":6,"featured_media":36581,"comment_status":"closed","ping_status":"closed","sticky":false,"template":"","format":"standard","meta":{"_acf_changed":false,"_crdt_document":"","inline_featured_image":false,"footnotes":""},"categories":[86,298],"tags":[4516,1364,4518,1008,4519,4517],"class_list":["post-36567","post","type-post","status-publish","format-standard","has-post-thumbnail","hentry","category-iglesia-local","category-ultimas-noticias","tag-canarias","tag-donacion","tag-erupcion","tag-espana","tag-santuario-de-nuestra-senora-de-las-nieves","tag-volcan"],"acf":[],"yoast_head":"<!-- This site is optimized with the Yoast SEO plugin v27.5 - https:\/\/yoast.com\/product\/yoast-seo-wordpress\/ -->\n<title>Santuario de La Palma dona bienes para afectados por erupci\u00f3n<\/title>\n<meta name=\"description\" content=\"El rector del Santuario de La Palma ha propuesto donar bienes de la iglesia para ayudar a los damnificados por la erupci\u00f3n del Volc\u00e1n.\" \/>\n<meta name=\"robots\" content=\"index, follow, max-snippet:-1, max-image-preview:large, max-video-preview:-1\" \/>\n<link rel=\"canonical\" href=\"https:\/\/exaudi.org\/es\/espana-santuario-palma-dona-bienes-erupcion\/\" \/>\n<meta property=\"og:locale\" content=\"es_ES\" \/>\n<meta property=\"og:type\" content=\"article\" \/>\n<meta property=\"og:title\" content=\"Santuario de La Palma dona bienes para afectados por erupci\u00f3n\" \/>\n<meta property=\"og:description\" content=\"El rector del Santuario de La Palma ha propuesto donar bienes de la iglesia para ayudar a los damnificados por la erupci\u00f3n del Volc\u00e1n.\" \/>\n<meta property=\"og:url\" content=\"https:\/\/exaudi.org\/es\/espana-santuario-palma-dona-bienes-erupcion\/\" \/>\n<meta property=\"og:site_name\" content=\"Exaudi\" \/>\n<meta property=\"article:publisher\" content=\"https:\/\/www.facebook.com\/ExaudiNews\" \/>\n<meta property=\"article:published_time\" content=\"2021-10-13T12:41:24+00:00\" \/>\n<meta property=\"article:modified_time\" content=\"2021-10-14T07:52:32+00:00\" \/>\n<meta property=\"og:image\" content=\"https:\/\/exaudi.org\/wp-content\/uploads\/2021\/10\/656df54sdf.jpeg\" \/>\n\t<meta property=\"og:image:width\" content=\"727\" \/>\n\t<meta property=\"og:image:height\" content=\"409\" \/>\n\t<meta property=\"og:image:type\" content=\"image\/jpeg\" \/>\n<meta name=\"author\" content=\"Gabriel Sales\" \/>\n<meta name=\"twitter:card\" content=\"summary_large_image\" \/>\n<meta name=\"twitter:creator\" content=\"@habemusman\" \/>\n<meta name=\"twitter:site\" content=\"@Exaudi_News\" \/>\n<meta name=\"twitter:label1\" content=\"Escrito por\" \/>\n\t<meta name=\"twitter:data1\" content=\"Gabriel Sales\" \/>\n\t<meta name=\"twitter:label2\" content=\"Tiempo de lectura\" \/>\n\t<meta name=\"twitter:data2\" content=\"4 minutos\" \/>\n<script type=\"application\/ld+json\" class=\"yoast-schema-graph\">{\"@context\":\"https:\\\/\\\/schema.org\",\"@graph\":[{\"@type\":\"Article\",\"@id\":\"https:\\\/\\\/exaudi.org\\\/es\\\/espana-santuario-palma-dona-bienes-erupcion\\\/#article\",\"isPartOf\":{\"@id\":\"https:\\\/\\\/exaudi.org\\\/es\\\/espana-santuario-palma-dona-bienes-erupcion\\\/\"},\"author\":{\"name\":\"Gabriel Sales\",\"@id\":\"https:\\\/\\\/exaudi.org\\\/#\\\/schema\\\/person\\\/d134b96438278131ce90c90c03fda6cd\"},\"headline\":\"Santuario de La Palma dona bienes para afectados por erupci\u00f3n\",\"datePublished\":\"2021-10-13T12:41:24+00:00\",\"dateModified\":\"2021-10-14T07:52:32+00:00\",\"mainEntityOfPage\":{\"@id\":\"https:\\\/\\\/exaudi.org\\\/es\\\/espana-santuario-palma-dona-bienes-erupcion\\\/\"},\"wordCount\":800,\"image\":{\"@id\":\"https:\\\/\\\/exaudi.org\\\/es\\\/espana-santuario-palma-dona-bienes-erupcion\\\/#primaryimage\"},\"thumbnailUrl\":\"https:\\\/\\\/exaudi.org\\\/wp-content\\\/uploads\\\/2021\\\/10\\\/656df54sdf.jpeg\",\"keywords\":[\"Canarias\",\"Donaci\u00f3n\",\"Erupci\u00f3n\",\"Espa\u00f1a\",\"Santuario de Nuestra Se\u00f1ora de las Nieves\",\"Volc\u00e1n\"],\"articleSection\":[\"Iglesia Local\",\"\u00daltimas noticias\"],\"inLanguage\":\"es\"},{\"@type\":\"WebPage\",\"@id\":\"https:\\\/\\\/exaudi.org\\\/es\\\/espana-santuario-palma-dona-bienes-erupcion\\\/\",\"url\":\"https:\\\/\\\/exaudi.org\\\/es\\\/espana-santuario-palma-dona-bienes-erupcion\\\/\",\"name\":\"Santuario de La Palma dona bienes para afectados por erupci\u00f3n\",\"isPartOf\":{\"@id\":\"https:\\\/\\\/exaudi.org\\\/#website\"},\"primaryImageOfPage\":{\"@id\":\"https:\\\/\\\/exaudi.org\\\/es\\\/espana-santuario-palma-dona-bienes-erupcion\\\/#primaryimage\"},\"image\":{\"@id\":\"https:\\\/\\\/exaudi.org\\\/es\\\/espana-santuario-palma-dona-bienes-erupcion\\\/#primaryimage\"},\"thumbnailUrl\":\"https:\\\/\\\/exaudi.org\\\/wp-content\\\/uploads\\\/2021\\\/10\\\/656df54sdf.jpeg\",\"datePublished\":\"2021-10-13T12:41:24+00:00\",\"dateModified\":\"2021-10-14T07:52:32+00:00\",\"author\":{\"@id\":\"https:\\\/\\\/exaudi.org\\\/#\\\/schema\\\/person\\\/d134b96438278131ce90c90c03fda6cd\"},\"description\":\"El rector del Santuario de La Palma ha propuesto donar bienes de la iglesia para ayudar a los damnificados por la erupci\u00f3n del Volc\u00e1n.\",\"breadcrumb\":{\"@id\":\"https:\\\/\\\/exaudi.org\\\/es\\\/espana-santuario-palma-dona-bienes-erupcion\\\/#breadcrumb\"},\"inLanguage\":\"es\",\"potentialAction\":[{\"@type\":\"ReadAction\",\"target\":[\"https:\\\/\\\/exaudi.org\\\/es\\\/espana-santuario-palma-dona-bienes-erupcion\\\/\"]}]},{\"@type\":\"ImageObject\",\"inLanguage\":\"es\",\"@id\":\"https:\\\/\\\/exaudi.org\\\/es\\\/espana-santuario-palma-dona-bienes-erupcion\\\/#primaryimage\",\"url\":\"https:\\\/\\\/exaudi.org\\\/wp-content\\\/uploads\\\/2021\\\/10\\\/656df54sdf.jpeg\",\"contentUrl\":\"https:\\\/\\\/exaudi.org\\\/wp-content\\\/uploads\\\/2021\\\/10\\\/656df54sdf.jpeg\",\"width\":727,\"height\":409,\"caption\":\"Erupci\u00f3n del volc\u00e1n en La Palma \u00a9 Vatican Media\"},{\"@type\":\"BreadcrumbList\",\"@id\":\"https:\\\/\\\/exaudi.org\\\/es\\\/espana-santuario-palma-dona-bienes-erupcion\\\/#breadcrumb\",\"itemListElement\":[{\"@type\":\"ListItem\",\"position\":1,\"name\":\"Portada\",\"item\":\"https:\\\/\\\/exaudi.org\\\/es\\\/\"},{\"@type\":\"ListItem\",\"position\":2,\"name\":\"Santuario de La Palma dona bienes para afectados por erupci\u00f3n\"}]},{\"@type\":\"WebSite\",\"@id\":\"https:\\\/\\\/exaudi.org\\\/#website\",\"url\":\"https:\\\/\\\/exaudi.org\\\/\",\"name\":\"Exaudi\",\"description\":\"News\",\"potentialAction\":[{\"@type\":\"SearchAction\",\"target\":{\"@type\":\"EntryPoint\",\"urlTemplate\":\"https:\\\/\\\/exaudi.org\\\/?s={search_term_string}\"},\"query-input\":{\"@type\":\"PropertyValueSpecification\",\"valueRequired\":true,\"valueName\":\"search_term_string\"}}],\"inLanguage\":\"es\"},{\"@type\":\"Person\",\"@id\":\"https:\\\/\\\/exaudi.org\\\/#\\\/schema\\\/person\\\/d134b96438278131ce90c90c03fda6cd\",\"name\":\"Gabriel Sales\",\"image\":{\"@type\":\"ImageObject\",\"inLanguage\":\"es\",\"@id\":\"https:\\\/\\\/secure.gravatar.com\\\/avatar\\\/9b1269566f6a063ed26ffb3532b66a373cdde231ce5d0effb266167437fdaffd?s=96&d=mm&r=g\",\"url\":\"https:\\\/\\\/secure.gravatar.com\\\/avatar\\\/9b1269566f6a063ed26ffb3532b66a373cdde231ce5d0effb266167437fdaffd?s=96&d=mm&r=g\",\"contentUrl\":\"https:\\\/\\\/secure.gravatar.com\\\/avatar\\\/9b1269566f6a063ed26ffb3532b66a373cdde231ce5d0effb266167437fdaffd?s=96&d=mm&r=g\",\"caption\":\"Gabriel Sales\"},\"description\":\"Periodista y especialista en Comunicaci\u00f3n y Branding digital. Cin\u00e9filo y cr\u00edtico de cine y series de televisi\u00f3n.\",\"sameAs\":[\"https:\\\/\\\/www.instagram.com\\\/cine90segundos\\\/\",\"www.linkedin.com\\\/in\\\/habemusman\",\"https:\\\/\\\/x.com\\\/habemusman\",\"https:\\\/\\\/www.youtube.com\\\/channel\\\/UCVfCiOMkJ_C7T7OpyjuaLDg\"],\"url\":\"https:\\\/\\\/exaudi.org\\\/es\\\/author\\\/gsalesexaudi-org\\\/\"}]}<\/script>\n<!-- \/ Yoast SEO plugin. -->","yoast_head_json":{"title":"Santuario de La Palma dona bienes para afectados por erupci\u00f3n","description":"El rector del Santuario de La Palma ha propuesto donar bienes de la iglesia para ayudar a los damnificados por la erupci\u00f3n del Volc\u00e1n.","robots":{"index":"index","follow":"follow","max-snippet":"max-snippet:-1","max-image-preview":"max-image-preview:large","max-video-preview":"max-video-preview:-1"},"canonical":"https:\/\/exaudi.org\/es\/espana-santuario-palma-dona-bienes-erupcion\/","og_locale":"es_ES","og_type":"article","og_title":"Santuario de La Palma dona bienes para afectados por erupci\u00f3n","og_description":"El rector del Santuario de La Palma ha propuesto donar bienes de la iglesia para ayudar a los damnificados por la erupci\u00f3n del Volc\u00e1n.","og_url":"https:\/\/exaudi.org\/es\/espana-santuario-palma-dona-bienes-erupcion\/","og_site_name":"Exaudi","article_publisher":"https:\/\/www.facebook.com\/ExaudiNews","article_published_time":"2021-10-13T12:41:24+00:00","article_modified_time":"2021-10-14T07:52:32+00:00","og_image":[{"width":727,"height":409,"url":"https:\/\/exaudi.org\/wp-content\/uploads\/2021\/10\/656df54sdf.jpeg","type":"image\/jpeg"}],"author":"Gabriel Sales","twitter_card":"summary_large_image","twitter_creator":"@habemusman","twitter_site":"@Exaudi_News","twitter_misc":{"Escrito por":"Gabriel Sales","Tiempo de lectura":"4 minutos"},"schema":{"@context":"https:\/\/schema.org","@graph":[{"@type":"Article","@id":"https:\/\/exaudi.org\/es\/espana-santuario-palma-dona-bienes-erupcion\/#article","isPartOf":{"@id":"https:\/\/exaudi.org\/es\/espana-santuario-palma-dona-bienes-erupcion\/"},"author":{"name":"Gabriel Sales","@id":"https:\/\/exaudi.org\/#\/schema\/person\/d134b96438278131ce90c90c03fda6cd"},"headline":"Santuario de La Palma dona bienes para afectados por erupci\u00f3n","datePublished":"2021-10-13T12:41:24+00:00","dateModified":"2021-10-14T07:52:32+00:00","mainEntityOfPage":{"@id":"https:\/\/exaudi.org\/es\/espana-santuario-palma-dona-bienes-erupcion\/"},"wordCount":800,"image":{"@id":"https:\/\/exaudi.org\/es\/espana-santuario-palma-dona-bienes-erupcion\/#primaryimage"},"thumbnailUrl":"https:\/\/exaudi.org\/wp-content\/uploads\/2021\/10\/656df54sdf.jpeg","keywords":["Canarias","Donaci\u00f3n","Erupci\u00f3n","Espa\u00f1a","Santuario de Nuestra Se\u00f1ora de las Nieves","Volc\u00e1n"],"articleSection":["Iglesia Local","\u00daltimas noticias"],"inLanguage":"es"},{"@type":"WebPage","@id":"https:\/\/exaudi.org\/es\/espana-santuario-palma-dona-bienes-erupcion\/","url":"https:\/\/exaudi.org\/es\/espana-santuario-palma-dona-bienes-erupcion\/","name":"Santuario de La Palma dona bienes para afectados por erupci\u00f3n","isPartOf":{"@id":"https:\/\/exaudi.org\/#website"},"primaryImageOfPage":{"@id":"https:\/\/exaudi.org\/es\/espana-santuario-palma-dona-bienes-erupcion\/#primaryimage"},"image":{"@id":"https:\/\/exaudi.org\/es\/espana-santuario-palma-dona-bienes-erupcion\/#primaryimage"},"thumbnailUrl":"https:\/\/exaudi.org\/wp-content\/uploads\/2021\/10\/656df54sdf.jpeg","datePublished":"2021-10-13T12:41:24+00:00","dateModified":"2021-10-14T07:52:32+00:00","author":{"@id":"https:\/\/exaudi.org\/#\/schema\/person\/d134b96438278131ce90c90c03fda6cd"},"description":"El rector del Santuario de La Palma ha propuesto donar bienes de la iglesia para ayudar a los damnificados por la erupci\u00f3n del Volc\u00e1n.","breadcrumb":{"@id":"https:\/\/exaudi.org\/es\/espana-santuario-palma-dona-bienes-erupcion\/#breadcrumb"},"inLanguage":"es","potentialAction":[{"@type":"ReadAction","target":["https:\/\/exaudi.org\/es\/espana-santuario-palma-dona-bienes-erupcion\/"]}]},{"@type":"ImageObject","inLanguage":"es","@id":"https:\/\/exaudi.org\/es\/espana-santuario-palma-dona-bienes-erupcion\/#primaryimage","url":"https:\/\/exaudi.org\/wp-content\/uploads\/2021\/10\/656df54sdf.jpeg","contentUrl":"https:\/\/exaudi.org\/wp-content\/uploads\/2021\/10\/656df54sdf.jpeg","width":727,"height":409,"caption":"Erupci\u00f3n del volc\u00e1n en La Palma \u00a9 Vatican Media"},{"@type":"BreadcrumbList","@id":"https:\/\/exaudi.org\/es\/espana-santuario-palma-dona-bienes-erupcion\/#breadcrumb","itemListElement":[{"@type":"ListItem","position":1,"name":"Portada","item":"https:\/\/exaudi.org\/es\/"},{"@type":"ListItem","position":2,"name":"Santuario de La Palma dona bienes para afectados por erupci\u00f3n"}]},{"@type":"WebSite","@id":"https:\/\/exaudi.org\/#website","url":"https:\/\/exaudi.org\/","name":"Exaudi","description":"News","potentialAction":[{"@type":"SearchAction","target":{"@type":"EntryPoint","urlTemplate":"https:\/\/exaudi.org\/?s={search_term_string}"},"query-input":{"@type":"PropertyValueSpecification","valueRequired":true,"valueName":"search_term_string"}}],"inLanguage":"es"},{"@type":"Person","@id":"https:\/\/exaudi.org\/#\/schema\/person\/d134b96438278131ce90c90c03fda6cd","name":"Gabriel Sales","image":{"@type":"ImageObject","inLanguage":"es","@id":"https:\/\/secure.gravatar.com\/avatar\/9b1269566f6a063ed26ffb3532b66a373cdde231ce5d0effb266167437fdaffd?s=96&d=mm&r=g","url":"https:\/\/secure.gravatar.com\/avatar\/9b1269566f6a063ed26ffb3532b66a373cdde231ce5d0effb266167437fdaffd?s=96&d=mm&r=g","contentUrl":"https:\/\/secure.gravatar.com\/avatar\/9b1269566f6a063ed26ffb3532b66a373cdde231ce5d0effb266167437fdaffd?s=96&d=mm&r=g","caption":"Gabriel Sales"},"description":"Periodista y especialista en Comunicaci\u00f3n y Branding digital. Cin\u00e9filo y cr\u00edtico de cine y series de televisi\u00f3n.","sameAs":["https:\/\/www.instagram.com\/cine90segundos\/","www.linkedin.com\/in\/habemusman","https:\/\/x.com\/habemusman","https:\/\/www.youtube.com\/channel\/UCVfCiOMkJ_C7T7OpyjuaLDg"],"url":"https:\/\/exaudi.org\/es\/author\/gsalesexaudi-org\/"}]}},"jetpack_featured_media_url":"https:\/\/exaudi.org\/wp-content\/uploads\/2021\/10\/656df54sdf.jpeg","jetpack_shortlink":"https:\/\/wp.me\/pgKjF2-9vN","_links":{"self":[{"href":"https:\/\/exaudi.org\/es\/wp-json\/wp\/v2\/posts\/36567","targetHints":{"allow":["GET"]}}],"collection":[{"href":"https:\/\/exaudi.org\/es\/wp-json\/wp\/v2\/posts"}],"about":[{"href":"https:\/\/exaudi.org\/es\/wp-json\/wp\/v2\/types\/post"}],"author":[{"embeddable":true,"href":"https:\/\/exaudi.org\/es\/wp-json\/wp\/v2\/users\/6"}],"replies":[{"embeddable":true,"href":"https:\/\/exaudi.org\/es\/wp-json\/wp\/v2\/comments?post=36567"}],"version-history":[{"count":0,"href":"https:\/\/exaudi.org\/es\/wp-json\/wp\/v2\/posts\/36567\/revisions"}],"wp:featuredmedia":[{"embeddable":true,"href":"https:\/\/exaudi.org\/es\/wp-json\/wp\/v2\/media\/36581"}],"wp:attachment":[{"href":"https:\/\/exaudi.org\/es\/wp-json\/wp\/v2\/media?parent=36567"}],"wp:term":[{"taxonomy":"category","embeddable":true,"href":"https:\/\/exaudi.org\/es\/wp-json\/wp\/v2\/categories?post=36567"},{"taxonomy":"post_tag","embeddable":true,"href":"https:\/\/exaudi.org\/es\/wp-json\/wp\/v2\/tags?post=36567"}],"curies":[{"name":"wp","href":"https:\/\/api.w.org\/{rel}","templated":true}]}}