{"id":36504,"date":"2021-10-13T10:58:57","date_gmt":"2021-10-13T08:58:57","guid":{"rendered":"https:\/\/exaudi.wpengine.com\/?p=36504"},"modified":"2021-10-13T11:01:22","modified_gmt":"2021-10-13T09:01:22","slug":"7-temas-vida-san-jose-papa-francisco","status":"publish","type":"post","link":"https:\/\/exaudi.org\/es\/7-temas-vida-san-jose-papa-francisco\/","title":{"rendered":"7 temas en la vida de san Jos\u00e9 seg\u00fan el Papa Francisco"},"content":{"rendered":"<p>El <a href=\"https:\/\/exaudi.wpengine.com\/es\/author\/jyate\/\" target=\"_blank\" rel=\"noopener\">padre Jairo Yate<\/a>, juez instructor en la <a href=\"https:\/\/notasamablesalapalabra.blogspot.com\/\" target=\"_blank\" rel=\"noopener\">di\u00f3cesis de Ibagu\u00e9<\/a>, Colombia, analiza la carta <a href=\"https:\/\/exaudi.wpengine.com\/es\/san-jose-carta-papa-francisco\/\" target=\"_blank\" rel=\"noopener\"><em>Patris Cord<\/em>e<\/a> del Papa Francisco para conmemorar los 150 a\u00f1os del decreto <em>Quemadmodum Deus<\/em>, con el cual el Beato P\u00edo IX declar\u00f3 a san Jos\u00e9 patrono de la Iglesia universal y ofrece \u201c7 temas en la vida de san Jos\u00e9 seg\u00fan el Papa Francisco\u201d.<\/p>\n<p><strong>***<\/strong><\/p>\n<p>\u201cUn san Jos\u00e9 con el coraz\u00f3n de padre\u201d, <a href=\"https:\/\/www.vatican.va\/content\/francesco\/es\/apost_letters\/documents\/papa-francesco-lettera-ap_20201208_patris-corde.html\" target=\"_blank\" rel=\"noopener\"><em>Patris Corde<\/em><\/a>. As\u00ed titula el santo Padre Francisco su carta apost\u00f3lica, para la celebraci\u00f3n del a\u00f1o de san Jos\u00e9.\u00a0 Nos imaginamos un san Jos\u00e9 con un coraz\u00f3n de Padre.\u00a0 Precisamente el modelo de padre y de esposo, como lo ha predicado a lo largo de los siglos nuestra Iglesia Cat\u00f3lica.<\/p>\n<p>Tambi\u00e9n san Jos\u00e9, goza de unas cualidades definidas, las cuales presenta el Papa Francisco en su carta. Por ejemplo, dice el Papa: Sabemos que fue un humilde carpintero (cf. Mt 13,55), desposado con Mar\u00eda (cf. Mateo 1,18; Lucas 1,27); un \u201chombre justo\u201d (Mateo 1,19), siempre dispuesto a hacer la voluntad de Dios manifestada en su ley (cf. Lucas 2,22.27.39) y a trav\u00e9s de los cuatro sue\u00f1os que tuvo (cf. Mateo 1,20; 2,13.19.22). Despu\u00e9s de un largo y duro viaje de Nazaret a Bel\u00e9n, vio nacer al Mes\u00edas en un pesebre, porque en otro sitio \u201cno hab\u00eda lugar para ellos\u201d (Lucas 2,7). Fue testigo de la adoraci\u00f3n de los pastores (cf. Lucas 2,8-20) y de los Magos (cf. Mateo 2,1-12), que representaban respectivamente el pueblo de Israel y los pueblos paganos. Tuvo la valent\u00eda de asumir la paternidad legal de Jes\u00fas, a quien dio el nombre que le revel\u00f3 el \u00e1ngel: \u201cT\u00fa le pondr\u00e1s por nombre Jes\u00fas, porque \u00e9l salvar\u00e1 a su pueblo de sus pecados\u201d (Mateo 1,21).<\/p>\n<h4><strong>\u00bfDe qu\u00e9 habla el Papa Francisco en su carta apost\u00f3lica?<\/strong><\/h4>\n<p>El Papa dedica su carta, a todos aquellos que est\u00e1n en segunda l\u00ednea. Lo afirma diciendo: Todos pueden encontrar en san Jos\u00e9 \u2014el hombre que pasa desapercibido, el hombre de la presencia diaria, discreta y oculta\u2014 un intercesor, un apoyo y una gu\u00eda en tiempos de dificultad. San Jos\u00e9 nos recuerda que todos los que est\u00e1n aparentemente ocultos o en \u201csegunda l\u00ednea\u201d tienen un protagonismo sin igual en la historia de la salvaci\u00f3n. A todos ellos va dirigida una palabra de reconocimiento y de gratitud.<\/p>\n<h4><strong>El Papa propone 7 temas en la vida de san Jos\u00e9<\/strong><\/h4>\n<ol>\n<li>San Jos\u00e9 como el \u201c<strong>Padre amado<\/strong>\u201d. La grandeza de san Jos\u00e9 consiste en el hecho de que fue el esposo de Mar\u00eda y el padre de Jes\u00fas. En cuanto tal, \u201centr\u00f3 en el servicio de toda la econom\u00eda de la encarnaci\u00f3n\u201d, como dice san Juan Cris\u00f3stomo. <a href=\"https:\/\/exaudi.wpengine.com\/es\/san-pablo-vi-29-mayo-2021\/\" target=\"_blank\" rel=\"noopener\">San Pablo VI<\/a> observa que su paternidad se manifest\u00f3 concretamente \u201cal haber hecho de su vida un servicio, un sacrificio al misterio de la Encarnaci\u00f3n y a la misi\u00f3n redentora que le est\u00e1 unida; al haber utilizado la autoridad legal, que le correspond\u00eda en la Sagrada Familia, para hacer de ella un don total de s\u00ed mismo, de su vida, de su trabajo.<\/li>\n<\/ol>\n<ol start=\"2\">\n<li>\u201c<strong>El padre de la ternura<\/strong>\u201d. Jos\u00e9 vio a Jes\u00fas progresar d\u00eda tras d\u00eda \u201cen sabidur\u00eda, en estatura y en gracia ante Dios y los hombres\u201d (Lucas 2,52). Como hizo el Se\u00f1or con Israel, as\u00ed \u00e9l \u201cle ense\u00f1\u00f3 a caminar, y lo tomaba en sus brazos: era para \u00e9l como el padre que alza a un ni\u00f1o hasta sus mejillas, y se inclina hacia \u00e9l para darle de comer\u201d (cf. Oseas 11,3-4). Jes\u00fas vio la ternura de Dios en Jos\u00e9: \u201cComo un padre siente ternura por sus hijos, as\u00ed el Se\u00f1or siente ternura por quienes lo temen\u201d (Salmo 103,13). En la sinagoga, durante la oraci\u00f3n de los Salmos, Jos\u00e9 ciertamente habr\u00e1 o\u00eddo el eco de que el Dios de Israel es un Dios de ternura. (cf. Deuteronomio 4, 31 Jerem\u00edas 31,20), que es bueno para todos y \u201csu ternura alcanza a todas las criaturas\u201d (Salmo 145,9).<\/li>\n<\/ol>\n<ol start=\"3\">\n<li>\u201c<strong>Padre en la obediencia<\/strong>\u201d. As\u00ed como Dios hizo con Mar\u00eda cuando le manifest\u00f3 su plan de salvaci\u00f3n, tambi\u00e9n a Jos\u00e9 le revel\u00f3 sus designios y lo hizo a trav\u00e9s de sue\u00f1os que, en la Biblia, como en todos los pueblos antiguos, eran considerados uno de los medios por los que Dios manifestaba su voluntad. (cf. Genesis 20,3 N\u00fameros 12,6; Job 33,15). Jos\u00e9 estaba muy angustiado por el embarazo incomprensible de Mar\u00eda; no quer\u00eda \u201cdenunciarla p\u00fablicamente\u201d (cf. Deuteronomio 22, 20-21), pero decidi\u00f3 \u201cromper su compromiso en secreto\u201d (Mateo 1,19). En el primer sue\u00f1o el \u00e1ngel lo ayud\u00f3 a resolver su grave dilema: \u201cNo temas aceptar a Mar\u00eda, tu mujer, porque lo engendrado en ella proviene del Esp\u00edritu Santo. Dar\u00e1 a luz un hijo, y t\u00fa le pondr\u00e1s por nombre Jes\u00fas, porque \u00e9l salvar\u00e1 a su pueblo de sus pecados\u201d (Mateo 1,20-21). Su respuesta fue inmediata: \u201cCuando Jos\u00e9 despert\u00f3 del sue\u00f1o, hizo lo que el \u00e1ngel del Se\u00f1or le hab\u00eda mandado\u201d (Mateo 1,24). Con la obediencia super\u00f3 su drama y salv\u00f3 a Mar\u00eda.<\/li>\n<\/ol>\n<ol start=\"4\">\n<li>\u201c<strong>Padre en la acogida<\/strong>\u201d. Jos\u00e9 acogi\u00f3 a Mar\u00eda sin poner condiciones previa, confi\u00f3 en las palabras del \u00e1ngel. \u201cLa nobleza de su coraz\u00f3n le hace supeditar a la caridad lo aprendido por ley; y hoy, en este mundo donde la violencia psicol\u00f3gica, verbal y f\u00edsica sobre la mujer es patente, Jos\u00e9 se presenta como figura de var\u00f3n respetuoso, delicado que, aun no teniendo toda la informaci\u00f3n, se decide por la fama, dignidad y vida de Mar\u00eda. Y, en su duda de c\u00f3mo hacer lo mejor, Dios lo ayud\u00f3 a optar iluminando su juicio\u201d. La vida espiritual de Jos\u00e9 no nos muestra una v\u00eda que explica, sino una v\u00eda que acoge. S\u00f3lo a partir de esta acogida, de esta reconciliaci\u00f3n, podemos tambi\u00e9n intuir una historia m\u00e1s grande, un significado m\u00e1s profundo.<\/li>\n<li>\u201c<strong>Padre de la valent\u00eda creativa<\/strong>\u201d. Dios act\u00faa a trav\u00e9s de eventos y personas. Jos\u00e9 era el hombre por medio del cual Dios se ocup\u00f3 de los comienzos de la historia de la redenci\u00f3n. \u00c9l era el verdadero \u201cmilagro\u201d con el que Dios salv\u00f3 al Ni\u00f1o y a su madre. El cielo intervino confiando en la valent\u00eda creadora de este hombre, que cuando lleg\u00f3 a Bel\u00e9n y no encontr\u00f3 un lugar donde Mar\u00eda pudiera dar a luz, se instal\u00f3 en un establo y lo arregl\u00f3 hasta convertirlo en un lugar lo m\u00e1s acogedor posible para el Hijo de Dios que ven\u00eda al mundo (cf. Lucas 2,6-7). Ante el peligro inminente de Herodes, que quer\u00eda matar al Ni\u00f1o, Jos\u00e9 fue alertado una vez m\u00e1s en un sue\u00f1o para protegerlo, y en medio de la noche organiz\u00f3 la huida a Egipto (cf. Mateo 2,13-14).<\/li>\n<li>\u201c<strong>Padre trabajador<\/strong>\u201d. San Jos\u00e9 era un carpintero que trabajaba honestamente para asegurar el sustento de su familia. De \u00e9l, Jes\u00fas aprendi\u00f3 el valor, la dignidad y la alegr\u00eda de lo que significa comer el pan que es fruto del propio trabajo. El trabajo se convierte en participaci\u00f3n en la obra misma de la salvaci\u00f3n, en oportunidad para acelerar el advenimiento del Reino, para desarrollar las propias potencialidades y cualidades, poni\u00e9ndolas al servicio de la sociedad y de la comuni\u00f3n. San Juan Pablo II afirmaba que: Con su trabajo el hombre ha de procurarse el pan cotidiano, contribuir al continuo progreso de las ciencias y la t\u00e9cnica, y sobre todo a la incesante elevaci\u00f3n cultural y moral de la sociedad en la que vive en comunidad con sus hermanos. Y \u201ctrabajo\u201d significa todo tipo de acci\u00f3n realizada por el hombre independientemente de sus caracter\u00edsticas o circunstancias; significa toda actividad humana que se puede o se debe reconocer como trabajo entre las m\u00faltiples actividades de las que el hombre es capaz y a las que est\u00e1 predispuesto por la naturaleza misma en virtud de su humanidad. Hecho a imagen y semejanza de Dios en el mundo visible y puesto en \u00e9l para que dominase la tierra, el hombre est\u00e1 por ello, desde el principio, llamado al trabajo. El trabajo es una de las caracter\u00edsticas que distinguen al hombre del resto de las criaturas. (Carta Enc\u00edclica, <em>Laborem Exercens<\/em>, 1).<\/li>\n<li>\u201c<strong>Padre en la sombra<\/strong>\u201d. Con la imagen evocadora de la sombra define la figura de Jos\u00e9, que para Jes\u00fas es la sombra del Padre celestial en la tierra: lo auxilia, lo protege, no se aparta jam\u00e1s de su lado para seguir sus pasos. Pensemos en aquello que Mois\u00e9s recuerda a Israel: \u201cEn el desierto, donde viste c\u00f3mo el Se\u00f1or, tu Dios, te cuidaba como un padre cuida a su hijo durante todo el camino\u201d (Deuteronomio 1,31). De este modo, Jos\u00e9 ejercit\u00f3 la paternidad durante toda su vida. La felicidad de Jos\u00e9 no est\u00e1 en la l\u00f3gica del autosacrificio, sino en el don de s\u00ed mismo. Nunca se percibe en este hombre la frustraci\u00f3n, sino s\u00f3lo la confianza. Su silencio persistente no contempla quejas, sino gestos concretos de confianza.<\/li>\n<\/ol>\n","protected":false},"excerpt":{"rendered":"<p>An\u00e1lisis de la carta \u2018Patris Corde\u2019 del Santo Padre<\/p>\n","protected":false},"author":75,"featured_media":36505,"comment_status":"open","ping_status":"open","sticky":false,"template":"","format":"standard","meta":{"_acf_changed":false,"_crdt_document":"","inline_featured_image":false,"footnotes":""},"categories":[72,298],"tags":[816,158,814],"class_list":["post-36504","post","type-post","status-publish","format-standard","has-post-thumbnail","hentry","category-analisis","category-ultimas-noticias","tag-carta-apostolica-patris-corde","tag-papa-francisco","tag-san-jose"],"acf":[],"yoast_head":"<!-- This site is optimized with the Yoast SEO plugin v27.4 - https:\/\/yoast.com\/product\/yoast-seo-wordpress\/ -->\n<title>7 temas en la vida de san Jos\u00e9 seg\u00fan el Papa Francisco &#8211; Exaudi<\/title>\n<meta name=\"description\" content=\"El padre Jairo Yate analiza la carta Patris Corde y los \u201c7 temas en la vida de san Jos\u00e9 seg\u00fan el Papa Francisco\u201d que plantea\" \/>\n<meta name=\"robots\" content=\"index, follow, max-snippet:-1, max-image-preview:large, max-video-preview:-1\" \/>\n<link rel=\"canonical\" href=\"https:\/\/exaudi.org\/es\/7-temas-vida-san-jose-papa-francisco\/\" \/>\n<meta property=\"og:locale\" content=\"es_ES\" \/>\n<meta property=\"og:type\" content=\"article\" \/>\n<meta property=\"og:title\" content=\"7 temas en la vida de san Jos\u00e9 seg\u00fan el Papa Francisco &#8211; Exaudi\" \/>\n<meta property=\"og:description\" content=\"El padre Jairo Yate analiza la carta Patris Corde y los \u201c7 temas en la vida de san Jos\u00e9 seg\u00fan el Papa Francisco\u201d que plantea\" \/>\n<meta property=\"og:url\" content=\"https:\/\/exaudi.org\/es\/7-temas-vida-san-jose-papa-francisco\/\" \/>\n<meta property=\"og:site_name\" content=\"Exaudi\" \/>\n<meta property=\"article:publisher\" content=\"https:\/\/www.facebook.com\/ExaudiNews\" \/>\n<meta property=\"article:published_time\" content=\"2021-10-13T08:58:57+00:00\" \/>\n<meta property=\"article:modified_time\" content=\"2021-10-13T09:01:22+00:00\" \/>\n<meta property=\"og:image\" content=\"https:\/\/exaudi.org\/wp-content\/uploads\/2021\/10\/El-Papa-Francisco-reza-frente-a-imagen-de-San-Jose.jpeg\" \/>\n\t<meta property=\"og:image:width\" content=\"1280\" \/>\n\t<meta property=\"og:image:height\" content=\"719\" \/>\n\t<meta property=\"og:image:type\" content=\"image\/jpeg\" \/>\n<meta name=\"author\" content=\"Jairo Yate\" \/>\n<meta name=\"twitter:card\" content=\"summary_large_image\" \/>\n<meta name=\"twitter:creator\" content=\"@Exaudi_News\" \/>\n<meta name=\"twitter:site\" content=\"@Exaudi_News\" \/>\n<meta name=\"twitter:label1\" content=\"Escrito por\" \/>\n\t<meta name=\"twitter:data1\" content=\"Jairo Yate\" \/>\n\t<meta name=\"twitter:label2\" content=\"Tiempo de lectura\" \/>\n\t<meta name=\"twitter:data2\" content=\"7 minutos\" \/>\n<script type=\"application\/ld+json\" class=\"yoast-schema-graph\">{\"@context\":\"https:\\\/\\\/schema.org\",\"@graph\":[{\"@type\":\"Article\",\"@id\":\"https:\\\/\\\/exaudi.org\\\/es\\\/7-temas-vida-san-jose-papa-francisco\\\/#article\",\"isPartOf\":{\"@id\":\"https:\\\/\\\/exaudi.org\\\/es\\\/7-temas-vida-san-jose-papa-francisco\\\/\"},\"author\":{\"name\":\"Jairo Yate\",\"@id\":\"https:\\\/\\\/exaudi.org\\\/#\\\/schema\\\/person\\\/0a445e18eeda8a4169db2546dec04b44\"},\"headline\":\"7 temas en la vida de san Jos\u00e9 seg\u00fan el Papa Francisco\",\"datePublished\":\"2021-10-13T08:58:57+00:00\",\"dateModified\":\"2021-10-13T09:01:22+00:00\",\"mainEntityOfPage\":{\"@id\":\"https:\\\/\\\/exaudi.org\\\/es\\\/7-temas-vida-san-jose-papa-francisco\\\/\"},\"wordCount\":1553,\"commentCount\":0,\"image\":{\"@id\":\"https:\\\/\\\/exaudi.org\\\/es\\\/7-temas-vida-san-jose-papa-francisco\\\/#primaryimage\"},\"thumbnailUrl\":\"https:\\\/\\\/exaudi.org\\\/wp-content\\\/uploads\\\/2021\\\/10\\\/El-Papa-Francisco-reza-frente-a-imagen-de-San-Jose.jpeg\",\"keywords\":[\"Carta Apost\u00f3lica 'Patris corde'\",\"papa francisco\",\"San Jos\u00e9\"],\"articleSection\":[\"An\u00e1lisis\",\"\u00daltimas noticias\"],\"inLanguage\":\"es\",\"potentialAction\":[{\"@type\":\"CommentAction\",\"name\":\"Comment\",\"target\":[\"https:\\\/\\\/exaudi.org\\\/es\\\/7-temas-vida-san-jose-papa-francisco\\\/#respond\"]}]},{\"@type\":\"WebPage\",\"@id\":\"https:\\\/\\\/exaudi.org\\\/es\\\/7-temas-vida-san-jose-papa-francisco\\\/\",\"url\":\"https:\\\/\\\/exaudi.org\\\/es\\\/7-temas-vida-san-jose-papa-francisco\\\/\",\"name\":\"7 temas en la vida de san Jos\u00e9 seg\u00fan el Papa Francisco &#8211; Exaudi\",\"isPartOf\":{\"@id\":\"https:\\\/\\\/exaudi.org\\\/#website\"},\"primaryImageOfPage\":{\"@id\":\"https:\\\/\\\/exaudi.org\\\/es\\\/7-temas-vida-san-jose-papa-francisco\\\/#primaryimage\"},\"image\":{\"@id\":\"https:\\\/\\\/exaudi.org\\\/es\\\/7-temas-vida-san-jose-papa-francisco\\\/#primaryimage\"},\"thumbnailUrl\":\"https:\\\/\\\/exaudi.org\\\/wp-content\\\/uploads\\\/2021\\\/10\\\/El-Papa-Francisco-reza-frente-a-imagen-de-San-Jose.jpeg\",\"datePublished\":\"2021-10-13T08:58:57+00:00\",\"dateModified\":\"2021-10-13T09:01:22+00:00\",\"author\":{\"@id\":\"https:\\\/\\\/exaudi.org\\\/#\\\/schema\\\/person\\\/0a445e18eeda8a4169db2546dec04b44\"},\"description\":\"El padre Jairo Yate analiza la carta Patris Corde y los \u201c7 temas en la vida de san Jos\u00e9 seg\u00fan el Papa Francisco\u201d que plantea\",\"breadcrumb\":{\"@id\":\"https:\\\/\\\/exaudi.org\\\/es\\\/7-temas-vida-san-jose-papa-francisco\\\/#breadcrumb\"},\"inLanguage\":\"es\",\"potentialAction\":[{\"@type\":\"ReadAction\",\"target\":[\"https:\\\/\\\/exaudi.org\\\/es\\\/7-temas-vida-san-jose-papa-francisco\\\/\"]}]},{\"@type\":\"ImageObject\",\"inLanguage\":\"es\",\"@id\":\"https:\\\/\\\/exaudi.org\\\/es\\\/7-temas-vida-san-jose-papa-francisco\\\/#primaryimage\",\"url\":\"https:\\\/\\\/exaudi.org\\\/wp-content\\\/uploads\\\/2021\\\/10\\\/El-Papa-Francisco-reza-frente-a-imagen-de-San-Jose.jpeg\",\"contentUrl\":\"https:\\\/\\\/exaudi.org\\\/wp-content\\\/uploads\\\/2021\\\/10\\\/El-Papa-Francisco-reza-frente-a-imagen-de-San-Jose.jpeg\",\"width\":1280,\"height\":719,\"caption\":\"El Papa Francisco reza frente a imagen de San Jos\u00e9 \u00a9 Vatican Media\"},{\"@type\":\"BreadcrumbList\",\"@id\":\"https:\\\/\\\/exaudi.org\\\/es\\\/7-temas-vida-san-jose-papa-francisco\\\/#breadcrumb\",\"itemListElement\":[{\"@type\":\"ListItem\",\"position\":1,\"name\":\"Portada\",\"item\":\"https:\\\/\\\/exaudi.org\\\/es\\\/\"},{\"@type\":\"ListItem\",\"position\":2,\"name\":\"7 temas en la vida de san Jos\u00e9 seg\u00fan el Papa Francisco\"}]},{\"@type\":\"WebSite\",\"@id\":\"https:\\\/\\\/exaudi.org\\\/#website\",\"url\":\"https:\\\/\\\/exaudi.org\\\/\",\"name\":\"Exaudi\",\"description\":\"News\",\"potentialAction\":[{\"@type\":\"SearchAction\",\"target\":{\"@type\":\"EntryPoint\",\"urlTemplate\":\"https:\\\/\\\/exaudi.org\\\/?s={search_term_string}\"},\"query-input\":{\"@type\":\"PropertyValueSpecification\",\"valueRequired\":true,\"valueName\":\"search_term_string\"}}],\"inLanguage\":\"es\"},{\"@type\":\"Person\",\"@id\":\"https:\\\/\\\/exaudi.org\\\/#\\\/schema\\\/person\\\/0a445e18eeda8a4169db2546dec04b44\",\"name\":\"Jairo Yate\",\"image\":{\"@type\":\"ImageObject\",\"inLanguage\":\"es\",\"@id\":\"https:\\\/\\\/secure.gravatar.com\\\/avatar\\\/ebf148b228fd57b990e025e8ebec5910efc8cda0a662cd217e736dd113fd728f?s=96&d=mm&r=g\",\"url\":\"https:\\\/\\\/secure.gravatar.com\\\/avatar\\\/ebf148b228fd57b990e025e8ebec5910efc8cda0a662cd217e736dd113fd728f?s=96&d=mm&r=g\",\"contentUrl\":\"https:\\\/\\\/secure.gravatar.com\\\/avatar\\\/ebf148b228fd57b990e025e8ebec5910efc8cda0a662cd217e736dd113fd728f?s=96&d=mm&r=g\",\"caption\":\"Jairo Yate\"},\"description\":\"El padre Jairo Yate Ram\u00edrez fue ordenado sacerdote el 23 de Noviembre 1985, incardinado a la arquidi\u00f3cesis de Ibagu\u00e9, Colombia. Licenciado en Teolog\u00eda Moral por Universidad Santa Croce, Roma, Italia. Diplomado en Derecho Can\u00f3nico. Juez Instructor Tribunal Eclesi\u00e1stico y Notario, arquidi\u00f3cesis de Ibagu\u00e9\",\"url\":\"https:\\\/\\\/exaudi.org\\\/es\\\/author\\\/jyate\\\/\"}]}<\/script>\n<!-- \/ Yoast SEO plugin. -->","yoast_head_json":{"title":"7 temas en la vida de san Jos\u00e9 seg\u00fan el Papa Francisco &#8211; Exaudi","description":"El padre Jairo Yate analiza la carta Patris Corde y los \u201c7 temas en la vida de san Jos\u00e9 seg\u00fan el Papa Francisco\u201d que plantea","robots":{"index":"index","follow":"follow","max-snippet":"max-snippet:-1","max-image-preview":"max-image-preview:large","max-video-preview":"max-video-preview:-1"},"canonical":"https:\/\/exaudi.org\/es\/7-temas-vida-san-jose-papa-francisco\/","og_locale":"es_ES","og_type":"article","og_title":"7 temas en la vida de san Jos\u00e9 seg\u00fan el Papa Francisco &#8211; Exaudi","og_description":"El padre Jairo Yate analiza la carta Patris Corde y los \u201c7 temas en la vida de san Jos\u00e9 seg\u00fan el Papa Francisco\u201d que plantea","og_url":"https:\/\/exaudi.org\/es\/7-temas-vida-san-jose-papa-francisco\/","og_site_name":"Exaudi","article_publisher":"https:\/\/www.facebook.com\/ExaudiNews","article_published_time":"2021-10-13T08:58:57+00:00","article_modified_time":"2021-10-13T09:01:22+00:00","og_image":[{"width":1280,"height":719,"url":"https:\/\/exaudi.org\/wp-content\/uploads\/2021\/10\/El-Papa-Francisco-reza-frente-a-imagen-de-San-Jose.jpeg","type":"image\/jpeg"}],"author":"Jairo Yate","twitter_card":"summary_large_image","twitter_creator":"@Exaudi_News","twitter_site":"@Exaudi_News","twitter_misc":{"Escrito por":"Jairo Yate","Tiempo de lectura":"7 minutos"},"schema":{"@context":"https:\/\/schema.org","@graph":[{"@type":"Article","@id":"https:\/\/exaudi.org\/es\/7-temas-vida-san-jose-papa-francisco\/#article","isPartOf":{"@id":"https:\/\/exaudi.org\/es\/7-temas-vida-san-jose-papa-francisco\/"},"author":{"name":"Jairo Yate","@id":"https:\/\/exaudi.org\/#\/schema\/person\/0a445e18eeda8a4169db2546dec04b44"},"headline":"7 temas en la vida de san Jos\u00e9 seg\u00fan el Papa Francisco","datePublished":"2021-10-13T08:58:57+00:00","dateModified":"2021-10-13T09:01:22+00:00","mainEntityOfPage":{"@id":"https:\/\/exaudi.org\/es\/7-temas-vida-san-jose-papa-francisco\/"},"wordCount":1553,"commentCount":0,"image":{"@id":"https:\/\/exaudi.org\/es\/7-temas-vida-san-jose-papa-francisco\/#primaryimage"},"thumbnailUrl":"https:\/\/exaudi.org\/wp-content\/uploads\/2021\/10\/El-Papa-Francisco-reza-frente-a-imagen-de-San-Jose.jpeg","keywords":["Carta Apost\u00f3lica 'Patris corde'","papa francisco","San Jos\u00e9"],"articleSection":["An\u00e1lisis","\u00daltimas noticias"],"inLanguage":"es","potentialAction":[{"@type":"CommentAction","name":"Comment","target":["https:\/\/exaudi.org\/es\/7-temas-vida-san-jose-papa-francisco\/#respond"]}]},{"@type":"WebPage","@id":"https:\/\/exaudi.org\/es\/7-temas-vida-san-jose-papa-francisco\/","url":"https:\/\/exaudi.org\/es\/7-temas-vida-san-jose-papa-francisco\/","name":"7 temas en la vida de san Jos\u00e9 seg\u00fan el Papa Francisco &#8211; Exaudi","isPartOf":{"@id":"https:\/\/exaudi.org\/#website"},"primaryImageOfPage":{"@id":"https:\/\/exaudi.org\/es\/7-temas-vida-san-jose-papa-francisco\/#primaryimage"},"image":{"@id":"https:\/\/exaudi.org\/es\/7-temas-vida-san-jose-papa-francisco\/#primaryimage"},"thumbnailUrl":"https:\/\/exaudi.org\/wp-content\/uploads\/2021\/10\/El-Papa-Francisco-reza-frente-a-imagen-de-San-Jose.jpeg","datePublished":"2021-10-13T08:58:57+00:00","dateModified":"2021-10-13T09:01:22+00:00","author":{"@id":"https:\/\/exaudi.org\/#\/schema\/person\/0a445e18eeda8a4169db2546dec04b44"},"description":"El padre Jairo Yate analiza la carta Patris Corde y los \u201c7 temas en la vida de san Jos\u00e9 seg\u00fan el Papa Francisco\u201d que plantea","breadcrumb":{"@id":"https:\/\/exaudi.org\/es\/7-temas-vida-san-jose-papa-francisco\/#breadcrumb"},"inLanguage":"es","potentialAction":[{"@type":"ReadAction","target":["https:\/\/exaudi.org\/es\/7-temas-vida-san-jose-papa-francisco\/"]}]},{"@type":"ImageObject","inLanguage":"es","@id":"https:\/\/exaudi.org\/es\/7-temas-vida-san-jose-papa-francisco\/#primaryimage","url":"https:\/\/exaudi.org\/wp-content\/uploads\/2021\/10\/El-Papa-Francisco-reza-frente-a-imagen-de-San-Jose.jpeg","contentUrl":"https:\/\/exaudi.org\/wp-content\/uploads\/2021\/10\/El-Papa-Francisco-reza-frente-a-imagen-de-San-Jose.jpeg","width":1280,"height":719,"caption":"El Papa Francisco reza frente a imagen de San Jos\u00e9 \u00a9 Vatican Media"},{"@type":"BreadcrumbList","@id":"https:\/\/exaudi.org\/es\/7-temas-vida-san-jose-papa-francisco\/#breadcrumb","itemListElement":[{"@type":"ListItem","position":1,"name":"Portada","item":"https:\/\/exaudi.org\/es\/"},{"@type":"ListItem","position":2,"name":"7 temas en la vida de san Jos\u00e9 seg\u00fan el Papa Francisco"}]},{"@type":"WebSite","@id":"https:\/\/exaudi.org\/#website","url":"https:\/\/exaudi.org\/","name":"Exaudi","description":"News","potentialAction":[{"@type":"SearchAction","target":{"@type":"EntryPoint","urlTemplate":"https:\/\/exaudi.org\/?s={search_term_string}"},"query-input":{"@type":"PropertyValueSpecification","valueRequired":true,"valueName":"search_term_string"}}],"inLanguage":"es"},{"@type":"Person","@id":"https:\/\/exaudi.org\/#\/schema\/person\/0a445e18eeda8a4169db2546dec04b44","name":"Jairo Yate","image":{"@type":"ImageObject","inLanguage":"es","@id":"https:\/\/secure.gravatar.com\/avatar\/ebf148b228fd57b990e025e8ebec5910efc8cda0a662cd217e736dd113fd728f?s=96&d=mm&r=g","url":"https:\/\/secure.gravatar.com\/avatar\/ebf148b228fd57b990e025e8ebec5910efc8cda0a662cd217e736dd113fd728f?s=96&d=mm&r=g","contentUrl":"https:\/\/secure.gravatar.com\/avatar\/ebf148b228fd57b990e025e8ebec5910efc8cda0a662cd217e736dd113fd728f?s=96&d=mm&r=g","caption":"Jairo Yate"},"description":"El padre Jairo Yate Ram\u00edrez fue ordenado sacerdote el 23 de Noviembre 1985, incardinado a la arquidi\u00f3cesis de Ibagu\u00e9, Colombia. Licenciado en Teolog\u00eda Moral por Universidad Santa Croce, Roma, Italia. Diplomado en Derecho Can\u00f3nico. Juez Instructor Tribunal Eclesi\u00e1stico y Notario, arquidi\u00f3cesis de Ibagu\u00e9","url":"https:\/\/exaudi.org\/es\/author\/jyate\/"}]}},"jetpack_featured_media_url":"https:\/\/exaudi.org\/wp-content\/uploads\/2021\/10\/El-Papa-Francisco-reza-frente-a-imagen-de-San-Jose.jpeg","jetpack_shortlink":"https:\/\/wp.me\/pgKjF2-9uM","_links":{"self":[{"href":"https:\/\/exaudi.org\/es\/wp-json\/wp\/v2\/posts\/36504","targetHints":{"allow":["GET"]}}],"collection":[{"href":"https:\/\/exaudi.org\/es\/wp-json\/wp\/v2\/posts"}],"about":[{"href":"https:\/\/exaudi.org\/es\/wp-json\/wp\/v2\/types\/post"}],"author":[{"embeddable":true,"href":"https:\/\/exaudi.org\/es\/wp-json\/wp\/v2\/users\/75"}],"replies":[{"embeddable":true,"href":"https:\/\/exaudi.org\/es\/wp-json\/wp\/v2\/comments?post=36504"}],"version-history":[{"count":0,"href":"https:\/\/exaudi.org\/es\/wp-json\/wp\/v2\/posts\/36504\/revisions"}],"wp:featuredmedia":[{"embeddable":true,"href":"https:\/\/exaudi.org\/es\/wp-json\/wp\/v2\/media\/36505"}],"wp:attachment":[{"href":"https:\/\/exaudi.org\/es\/wp-json\/wp\/v2\/media?parent=36504"}],"wp:term":[{"taxonomy":"category","embeddable":true,"href":"https:\/\/exaudi.org\/es\/wp-json\/wp\/v2\/categories?post=36504"},{"taxonomy":"post_tag","embeddable":true,"href":"https:\/\/exaudi.org\/es\/wp-json\/wp\/v2\/tags?post=36504"}],"curies":[{"name":"wp","href":"https:\/\/api.w.org\/{rel}","templated":true}]}}