{"id":36493,"date":"2021-10-13T10:11:01","date_gmt":"2021-10-13T08:11:01","guid":{"rendered":"https:\/\/exaudi.wpengine.com\/?p=36493"},"modified":"2021-10-14T14:05:34","modified_gmt":"2021-10-14T12:05:34","slug":"papa-aniversario-eleccion-san-juan-pablo-ii","status":"publish","type":"post","link":"https:\/\/exaudi.org\/es\/papa-aniversario-eleccion-san-juan-pablo-ii\/","title":{"rendered":"El Papa recuerda el aniversario de la elecci\u00f3n de san Juan Pablo II"},"content":{"rendered":"<p>En la\u00a0<a href=\"https:\/\/exaudi.wpengine.com\/es\/inculturacion-anunciar-cristo-bueno-cultura\/\" target=\"_blank\" rel=\"noopener\">audiencia general<\/a> de hoy, mi\u00e9rcoles 13 de octubre de 2021, en sus habituales saludos a los fieles de lengua polaca, el Papa Francisco ha recordado que esta semana se celebra el aniversario de la elecci\u00f3n de <a href=\"https:\/\/exaudi.wpengine.com\/es\/valor-humano-y-cristiano-trabajo-ensenanzas-juan-pablo-ii\/\" target=\"_blank\" rel=\"noopener\">san Juan Pablo II<\/a> y las fiestas lit\u00fargicas de <a href=\"https:\/\/exaudi.wpengine.com\/es\/san-juan-xxiii-11-octubre-2021\/\" target=\"_blank\" rel=\"noopener\">san Juan XXIII<\/a>, santa Teresa de \u00c1vila y santa Eduviges de Silesia.<\/p>\n<p>El Santo Padre ha descrito que la vida de estos santos \u201cson claros ejemplos de libertad cristiana\u201d, tema centran sobre el que ha fundamentado su catequesis de hoy en la Audiencia general, bas\u00e1ndose en la Carta de san Pablo a los G\u00e1latas. \u201cLa experiencia de estos santos recuerda que no hay libertad sin responsabilidad y sin amor a la verdad. Y la mayor realizaci\u00f3n de la libertad es la caridad, que se concreta en el servicio\u201d, ha concluido el Papa.<\/p>\n<h4><strong>Abrir las puertas a Cristo<\/strong><\/h4>\n<p>En un art\u00edculo, Vatican News relata una de las frases para el recuerdo dirigidas a los fieles por san Juan Pablo II, el 22 de octubre de 1978, su primer d\u00eda como Sumo Pont\u00edfice: \u201c\u00a1No tem\u00e1is! \u00a1Abrid, m\u00e1s todav\u00eda, abrid de par en par las puertas a Cristo!\u201d Los eminent\u00edsimos cardenales, expres\u00f3 el papa de los j\u00f3venes desde del balc\u00f3n vaticano, \u201chan llamado a un nuevo obispo de Roma, lo han llamado de un pa\u00eds lejano, lejano pero siempre tan cercano por la comuni\u00f3n en la fe y la tradici\u00f3n cristiana\u201d.<\/p>\n<p>\u201c\u00a1Oh Cristo! \u00a1Haz que yo me convierta en servidor, y lo sea, de tu \u00fanica potestad! \u00a1Servidor de tu dulce potestad! \u00a1Servidor de tu potestad que no conoce ocaso! \u00a1Haz que yo sea un siervo! M\u00e1s a\u00fan, siervo de tus siervos\u201d, clam\u00f3 el Santo Padre al cielo. Y tambi\u00e9n dijo:\u00a0\u201c\u00a1Hermanos y hermanas! \u00a1No teng\u00e1is miedo de acoger a Cristo y de aceptar su potestad! \u00a1Ayudad al Papa y a todos los que quieren servir a Cristo y, con la potestad de Cristo, servir al hombre y a la humanidad entera!\u201d.<\/p>\n<h4><b>Que Cristo hable al hombre<\/b><\/h4>\n<p>En la homil\u00eda de comienzo de su pontificado, el nuevo Obispo de Roma se refiri\u00f3 a la condici\u00f3n vulnerable del ser humano, que con frecuencia \u201cno sabe lo que lleva dentro, en lo profundo de su \u00e1nimo, de su coraz\u00f3n. Muchas veces se siente inseguro sobre el sentido de su vida en este mundo. Se siente invadido por la duda que se transforma en desesperaci\u00f3n\u201d. De ah\u00ed su imploraci\u00f3n: \u201c\u00a1Permitid que Cristo hable al hombre! \u00a1S\u00f3lo \u00c9l tiene palabras de vida, s\u00ed, de vida eterna!\u201d.<\/p>\n<p>El mismo 22 de octubre de 1978, describe Vatican News, san Juan Pablo II record\u00f3 en su homil\u00eda que toda la Iglesia celebraba la \u201cJornada Misionera mundial, es decir, ora, medita, trabaja para que las palabras de vida de Cristo lleguen a todos los hombres y sean escuchadas como mensaje de esperanza, de salvaci\u00f3n, de liberaci\u00f3n total\u201d.<\/p>\n<h4><strong>San Juan Pablo II<\/strong><\/h4>\n<p>Karol J\u00f3zef Wojtyla, elegido Papa el 16 de octubre de 1978, naci\u00f3 en Wadowice, Polonia, el 18 de mayo de 1920.\u00a0Fue el menor de los tres hijos de Karol Wojtyla y Emilia Kaczorowska, que falleci\u00f3 en 1929. Su hermano mayor, Edmund, m\u00e9dico, muri\u00f3 en 1932 y su padre, suboficial del ej\u00e9rcito, en 1941.<\/p>\n<p>A los nueve a\u00f1os recibi\u00f3 la Primera Comuni\u00f3n y a los 18 el sacramento de la Confirmaci\u00f3n. Terminados los estudios en la escuela superior de Wadowice, en 1938 se inscribi\u00f3 en la Universidad Jagell\u00f3nica de Cracovia.\u00a0Cuando las fuerzas de ocupaci\u00f3n nazis cerraron la Universidad en 1939, el joven Karol trabaj\u00f3 (1940-1944) en una cantera y luego en la fabrica qu\u00edmica Solvay para poder subsistir y evitar la deportaci\u00f3n a Alemania.<\/p>\n<p>A partir de 1942, sinti\u00e9ndose llamado al sacerdocio, asisti\u00f3 a los cursos de formaci\u00f3n del seminario mayor clandestino de Cracovia, dirigido por el Arzobispo Adam Stefan Sapieha. Al mismo tiempo, fue uno de los promotores del \u201cTeatro Raps\u00f3dico\u201d, tambi\u00e9n clandestino.\u00a0Despu\u00e9s de la guerra, continuo sus estudios en el seminario mayor de Cracovia, abierto de nuevo, y en la Facultad de Teolog\u00eda de la Universidad Jagell\u00f3nica, hasta su ordenaci\u00f3n sacerdotal, en Cracovia, el 1 de noviembre de 1946.<\/p>\n<p>El 4 de julio de 1958, el Papa P\u00edo XII lo nombr\u00f3 obispo auxiliar de Cracovia y titular de Ombi. Recibi\u00f3 la ordenaci\u00f3n episcopal el 28 de septiembre de 1958 en la catedral de Wawel (Cracovia), de manos del Arzobispo Eugeniusz Baziak. El 13 de enero de 1964 fue nombrado arzobispo de Cracovia por el Papa Pablo VI, que lo cre\u00f3 cardenal el 26 de junio de 1967.<\/p>\n<p>Particip\u00f3 en el Concilio Vaticano II (1962-1965), contribuyendo especialmente en la elaboraci\u00f3n de la constituci\u00f3n\u00a0<i><a href=\"http:\/\/www.vatican.va\/archive\/hist_councils\/ii_vatican_council\/documents\/vat-ii_const_19651207_gaudium-et-spes_sp.html\" target=\"_blank\" rel=\"noopener\">Gaudium et spes<\/a>.\u00a0<\/i>El cardenal Wojtyla particip\u00f3 en las cinco asambleas del S\u00ednodo de los Obispos, anteriores a su Pontificado.\u00a0Fue elegido Papa el 16 de octubre de 1978 y el 22 de octubre dio inicio a su ministerio como Pastor Universal de la Iglesia.<\/p>\n<p>San Juan Pablo Il realiz\u00f3 146 visitas pastorales en Italia y, como Obispo de Roma, visito 317 de las 332 parroquias con que cuenta Roma en la actualidad. Realiz\u00f3 104 viajes apost\u00f3licos por el mundo, expresi\u00f3n de la constante solicitud pastoral del Sucesor de Pedro por todas las Iglesias.\u00a0Entre sus principales documentos se encuentran\u00a014 Enc\u00edclicas,\u00a015 Exhortaciones apost\u00f3licas,\u00a011 Constituciones apost\u00f3licas\u00a0y\u00a045 Cartas apost\u00f3licas. Al Papa Juan Pablo II se deben tambi\u00e9n 5 libros.<\/p>\n<p>Desde 1978 convoco 15 asambleas del S\u00ednodo de los Obispos: 6 generales ordinarias (1980, 1983, 1987, 1990,1994 Y 2001),1 asamblea general extraordinaria (1985) y 8 asambleas especiales (1980, 1991, 1994, 1995,1997,1998 [2] Y 1999).\u00a0El 13 de mayo de 1981, en la Plaza de San Pedro, sufri\u00f3 un grave atentado. Salvado por la mano maternal de la Madre de Dios, tras una larga convalecencia, perdon\u00f3 a su agresor y, consciente de haber recibido una nueva vida, intensific\u00f3 sus compromisos pastorales con heroica generosidad.<\/p>\n<p>Muri\u00f3 en Roma, en el Palacio Apost\u00f3lico Vaticano, el s\u00e1bado 2 de abril de 2005, a las 21h 37m, la v\u00edspera del Domingo\u00a0<i>in Albis\u00a0<\/i>o de la Divina Misericordia, fiesta instituida por \u00e9l. Los funerales solemnes en la Plaza de San Pedro y la sepultura en las Grutas Vaticanas fueron celebrados el 8 de abril.\u00a0El Papa Francisco celebr\u00f3 el rito de canonizaci\u00f3n de Juan Pablo II\u00a0\u00a0<a href=\"http:\/\/www.vatican.va\/special\/canonizzazione-27042014\/index_sp.html\">el 27 de abril de 2014<\/a>.<\/p>\n","protected":false},"excerpt":{"rendered":"<p>Y fiestas lit\u00fargicas de san Juan XXIII, santa Teresa de \u00c1vila y santa Eduviges de Silesia<\/p>\n","protected":false},"author":6,"featured_media":36495,"comment_status":"closed","ping_status":"closed","sticky":false,"template":"","format":"standard","meta":{"_acf_changed":false,"_crdt_document":"","inline_featured_image":false,"footnotes":""},"categories":[112,298],"tags":[158,1222],"class_list":["post-36493","post","type-post","status-publish","format-standard","has-post-thumbnail","hentry","category-audiencia-general","category-ultimas-noticias","tag-papa-francisco","tag-san-juan-pablo-ii"],"acf":[],"yoast_head":"<!-- This site is optimized with the Yoast SEO plugin v27.4 - https:\/\/yoast.com\/product\/yoast-seo-wordpress\/ -->\n<title>El Papa recuerda el aniversario de la elecci\u00f3n de san Juan Pablo II<\/title>\n<meta name=\"description\" content=\"En la\u00a0audiencia general de hoy, en su saludo a los fieles polacos, el Papa ha recordado que se celebra la elecci\u00f3n de san Juan Pablo II.\" \/>\n<meta name=\"robots\" content=\"index, follow, max-snippet:-1, max-image-preview:large, max-video-preview:-1\" \/>\n<link rel=\"canonical\" href=\"https:\/\/exaudi.org\/es\/papa-aniversario-eleccion-san-juan-pablo-ii\/\" \/>\n<meta property=\"og:locale\" content=\"es_ES\" \/>\n<meta property=\"og:type\" content=\"article\" \/>\n<meta property=\"og:title\" content=\"El Papa recuerda el aniversario de la elecci\u00f3n de san Juan Pablo II\" \/>\n<meta property=\"og:description\" content=\"En la\u00a0audiencia general de hoy, en su saludo a los fieles polacos, el Papa ha recordado que se celebra la elecci\u00f3n de san Juan Pablo II.\" \/>\n<meta property=\"og:url\" content=\"https:\/\/exaudi.org\/es\/papa-aniversario-eleccion-san-juan-pablo-ii\/\" \/>\n<meta property=\"og:site_name\" content=\"Exaudi\" \/>\n<meta property=\"article:publisher\" content=\"https:\/\/www.facebook.com\/ExaudiNews\" \/>\n<meta property=\"article:published_time\" content=\"2021-10-13T08:11:01+00:00\" \/>\n<meta property=\"article:modified_time\" content=\"2021-10-14T12:05:34+00:00\" \/>\n<meta property=\"og:image\" content=\"https:\/\/exaudi.org\/wp-content\/uploads\/2021\/10\/65243c42c34.jpeg\" \/>\n\t<meta property=\"og:image:width\" content=\"1455\" \/>\n\t<meta property=\"og:image:height\" content=\"819\" \/>\n\t<meta property=\"og:image:type\" content=\"image\/jpeg\" \/>\n<meta name=\"author\" content=\"Gabriel Sales\" \/>\n<meta name=\"twitter:card\" content=\"summary_large_image\" \/>\n<meta name=\"twitter:creator\" content=\"@habemusman\" \/>\n<meta name=\"twitter:site\" content=\"@Exaudi_News\" \/>\n<meta name=\"twitter:label1\" content=\"Escrito por\" \/>\n\t<meta name=\"twitter:data1\" content=\"Gabriel Sales\" \/>\n\t<meta name=\"twitter:label2\" content=\"Tiempo de lectura\" \/>\n\t<meta name=\"twitter:data2\" content=\"5 minutos\" \/>\n<script type=\"application\/ld+json\" class=\"yoast-schema-graph\">{\"@context\":\"https:\\\/\\\/schema.org\",\"@graph\":[{\"@type\":\"Article\",\"@id\":\"https:\\\/\\\/exaudi.org\\\/es\\\/papa-aniversario-eleccion-san-juan-pablo-ii\\\/#article\",\"isPartOf\":{\"@id\":\"https:\\\/\\\/exaudi.org\\\/es\\\/papa-aniversario-eleccion-san-juan-pablo-ii\\\/\"},\"author\":{\"name\":\"Gabriel Sales\",\"@id\":\"https:\\\/\\\/exaudi.org\\\/#\\\/schema\\\/person\\\/d134b96438278131ce90c90c03fda6cd\"},\"headline\":\"El Papa recuerda el aniversario de la elecci\u00f3n de san Juan Pablo II\",\"datePublished\":\"2021-10-13T08:11:01+00:00\",\"dateModified\":\"2021-10-14T12:05:34+00:00\",\"mainEntityOfPage\":{\"@id\":\"https:\\\/\\\/exaudi.org\\\/es\\\/papa-aniversario-eleccion-san-juan-pablo-ii\\\/\"},\"wordCount\":1060,\"image\":{\"@id\":\"https:\\\/\\\/exaudi.org\\\/es\\\/papa-aniversario-eleccion-san-juan-pablo-ii\\\/#primaryimage\"},\"thumbnailUrl\":\"https:\\\/\\\/exaudi.org\\\/wp-content\\\/uploads\\\/2021\\\/10\\\/65243c42c34.jpeg\",\"keywords\":[\"papa francisco\",\"San Juan Pablo II\"],\"articleSection\":[\"Audiencia General\",\"\u00daltimas noticias\"],\"inLanguage\":\"es\"},{\"@type\":\"WebPage\",\"@id\":\"https:\\\/\\\/exaudi.org\\\/es\\\/papa-aniversario-eleccion-san-juan-pablo-ii\\\/\",\"url\":\"https:\\\/\\\/exaudi.org\\\/es\\\/papa-aniversario-eleccion-san-juan-pablo-ii\\\/\",\"name\":\"El Papa recuerda el aniversario de la elecci\u00f3n de san Juan Pablo II\",\"isPartOf\":{\"@id\":\"https:\\\/\\\/exaudi.org\\\/#website\"},\"primaryImageOfPage\":{\"@id\":\"https:\\\/\\\/exaudi.org\\\/es\\\/papa-aniversario-eleccion-san-juan-pablo-ii\\\/#primaryimage\"},\"image\":{\"@id\":\"https:\\\/\\\/exaudi.org\\\/es\\\/papa-aniversario-eleccion-san-juan-pablo-ii\\\/#primaryimage\"},\"thumbnailUrl\":\"https:\\\/\\\/exaudi.org\\\/wp-content\\\/uploads\\\/2021\\\/10\\\/65243c42c34.jpeg\",\"datePublished\":\"2021-10-13T08:11:01+00:00\",\"dateModified\":\"2021-10-14T12:05:34+00:00\",\"author\":{\"@id\":\"https:\\\/\\\/exaudi.org\\\/#\\\/schema\\\/person\\\/d134b96438278131ce90c90c03fda6cd\"},\"description\":\"En la\u00a0audiencia general de hoy, en su saludo a los fieles polacos, el Papa ha recordado que se celebra la elecci\u00f3n de san Juan Pablo II.\",\"breadcrumb\":{\"@id\":\"https:\\\/\\\/exaudi.org\\\/es\\\/papa-aniversario-eleccion-san-juan-pablo-ii\\\/#breadcrumb\"},\"inLanguage\":\"es\",\"potentialAction\":[{\"@type\":\"ReadAction\",\"target\":[\"https:\\\/\\\/exaudi.org\\\/es\\\/papa-aniversario-eleccion-san-juan-pablo-ii\\\/\"]}]},{\"@type\":\"ImageObject\",\"inLanguage\":\"es\",\"@id\":\"https:\\\/\\\/exaudi.org\\\/es\\\/papa-aniversario-eleccion-san-juan-pablo-ii\\\/#primaryimage\",\"url\":\"https:\\\/\\\/exaudi.org\\\/wp-content\\\/uploads\\\/2021\\\/10\\\/65243c42c34.jpeg\",\"contentUrl\":\"https:\\\/\\\/exaudi.org\\\/wp-content\\\/uploads\\\/2021\\\/10\\\/65243c42c34.jpeg\",\"width\":1455,\"height\":819,\"caption\":\"San Juan Pablo II \u00a9 Vatican Media\"},{\"@type\":\"BreadcrumbList\",\"@id\":\"https:\\\/\\\/exaudi.org\\\/es\\\/papa-aniversario-eleccion-san-juan-pablo-ii\\\/#breadcrumb\",\"itemListElement\":[{\"@type\":\"ListItem\",\"position\":1,\"name\":\"Portada\",\"item\":\"https:\\\/\\\/exaudi.org\\\/es\\\/\"},{\"@type\":\"ListItem\",\"position\":2,\"name\":\"El Papa recuerda el aniversario de la elecci\u00f3n de san Juan Pablo II\"}]},{\"@type\":\"WebSite\",\"@id\":\"https:\\\/\\\/exaudi.org\\\/#website\",\"url\":\"https:\\\/\\\/exaudi.org\\\/\",\"name\":\"Exaudi\",\"description\":\"News\",\"potentialAction\":[{\"@type\":\"SearchAction\",\"target\":{\"@type\":\"EntryPoint\",\"urlTemplate\":\"https:\\\/\\\/exaudi.org\\\/?s={search_term_string}\"},\"query-input\":{\"@type\":\"PropertyValueSpecification\",\"valueRequired\":true,\"valueName\":\"search_term_string\"}}],\"inLanguage\":\"es\"},{\"@type\":\"Person\",\"@id\":\"https:\\\/\\\/exaudi.org\\\/#\\\/schema\\\/person\\\/d134b96438278131ce90c90c03fda6cd\",\"name\":\"Gabriel Sales\",\"image\":{\"@type\":\"ImageObject\",\"inLanguage\":\"es\",\"@id\":\"https:\\\/\\\/secure.gravatar.com\\\/avatar\\\/9b1269566f6a063ed26ffb3532b66a373cdde231ce5d0effb266167437fdaffd?s=96&d=mm&r=g\",\"url\":\"https:\\\/\\\/secure.gravatar.com\\\/avatar\\\/9b1269566f6a063ed26ffb3532b66a373cdde231ce5d0effb266167437fdaffd?s=96&d=mm&r=g\",\"contentUrl\":\"https:\\\/\\\/secure.gravatar.com\\\/avatar\\\/9b1269566f6a063ed26ffb3532b66a373cdde231ce5d0effb266167437fdaffd?s=96&d=mm&r=g\",\"caption\":\"Gabriel Sales\"},\"description\":\"Periodista y especialista en Comunicaci\u00f3n y Branding digital. Cin\u00e9filo y cr\u00edtico de cine y series de televisi\u00f3n.\",\"sameAs\":[\"https:\\\/\\\/www.instagram.com\\\/cine90segundos\\\/\",\"www.linkedin.com\\\/in\\\/habemusman\",\"https:\\\/\\\/x.com\\\/habemusman\",\"https:\\\/\\\/www.youtube.com\\\/channel\\\/UCVfCiOMkJ_C7T7OpyjuaLDg\"],\"url\":\"https:\\\/\\\/exaudi.org\\\/es\\\/author\\\/gsalesexaudi-org\\\/\"}]}<\/script>\n<!-- \/ Yoast SEO plugin. -->","yoast_head_json":{"title":"El Papa recuerda el aniversario de la elecci\u00f3n de san Juan Pablo II","description":"En la\u00a0audiencia general de hoy, en su saludo a los fieles polacos, el Papa ha recordado que se celebra la elecci\u00f3n de san Juan Pablo II.","robots":{"index":"index","follow":"follow","max-snippet":"max-snippet:-1","max-image-preview":"max-image-preview:large","max-video-preview":"max-video-preview:-1"},"canonical":"https:\/\/exaudi.org\/es\/papa-aniversario-eleccion-san-juan-pablo-ii\/","og_locale":"es_ES","og_type":"article","og_title":"El Papa recuerda el aniversario de la elecci\u00f3n de san Juan Pablo II","og_description":"En la\u00a0audiencia general de hoy, en su saludo a los fieles polacos, el Papa ha recordado que se celebra la elecci\u00f3n de san Juan Pablo II.","og_url":"https:\/\/exaudi.org\/es\/papa-aniversario-eleccion-san-juan-pablo-ii\/","og_site_name":"Exaudi","article_publisher":"https:\/\/www.facebook.com\/ExaudiNews","article_published_time":"2021-10-13T08:11:01+00:00","article_modified_time":"2021-10-14T12:05:34+00:00","og_image":[{"width":1455,"height":819,"url":"https:\/\/exaudi.org\/wp-content\/uploads\/2021\/10\/65243c42c34.jpeg","type":"image\/jpeg"}],"author":"Gabriel Sales","twitter_card":"summary_large_image","twitter_creator":"@habemusman","twitter_site":"@Exaudi_News","twitter_misc":{"Escrito por":"Gabriel Sales","Tiempo de lectura":"5 minutos"},"schema":{"@context":"https:\/\/schema.org","@graph":[{"@type":"Article","@id":"https:\/\/exaudi.org\/es\/papa-aniversario-eleccion-san-juan-pablo-ii\/#article","isPartOf":{"@id":"https:\/\/exaudi.org\/es\/papa-aniversario-eleccion-san-juan-pablo-ii\/"},"author":{"name":"Gabriel Sales","@id":"https:\/\/exaudi.org\/#\/schema\/person\/d134b96438278131ce90c90c03fda6cd"},"headline":"El Papa recuerda el aniversario de la elecci\u00f3n de san Juan Pablo II","datePublished":"2021-10-13T08:11:01+00:00","dateModified":"2021-10-14T12:05:34+00:00","mainEntityOfPage":{"@id":"https:\/\/exaudi.org\/es\/papa-aniversario-eleccion-san-juan-pablo-ii\/"},"wordCount":1060,"image":{"@id":"https:\/\/exaudi.org\/es\/papa-aniversario-eleccion-san-juan-pablo-ii\/#primaryimage"},"thumbnailUrl":"https:\/\/exaudi.org\/wp-content\/uploads\/2021\/10\/65243c42c34.jpeg","keywords":["papa francisco","San Juan Pablo II"],"articleSection":["Audiencia General","\u00daltimas noticias"],"inLanguage":"es"},{"@type":"WebPage","@id":"https:\/\/exaudi.org\/es\/papa-aniversario-eleccion-san-juan-pablo-ii\/","url":"https:\/\/exaudi.org\/es\/papa-aniversario-eleccion-san-juan-pablo-ii\/","name":"El Papa recuerda el aniversario de la elecci\u00f3n de san Juan Pablo II","isPartOf":{"@id":"https:\/\/exaudi.org\/#website"},"primaryImageOfPage":{"@id":"https:\/\/exaudi.org\/es\/papa-aniversario-eleccion-san-juan-pablo-ii\/#primaryimage"},"image":{"@id":"https:\/\/exaudi.org\/es\/papa-aniversario-eleccion-san-juan-pablo-ii\/#primaryimage"},"thumbnailUrl":"https:\/\/exaudi.org\/wp-content\/uploads\/2021\/10\/65243c42c34.jpeg","datePublished":"2021-10-13T08:11:01+00:00","dateModified":"2021-10-14T12:05:34+00:00","author":{"@id":"https:\/\/exaudi.org\/#\/schema\/person\/d134b96438278131ce90c90c03fda6cd"},"description":"En la\u00a0audiencia general de hoy, en su saludo a los fieles polacos, el Papa ha recordado que se celebra la elecci\u00f3n de san Juan Pablo II.","breadcrumb":{"@id":"https:\/\/exaudi.org\/es\/papa-aniversario-eleccion-san-juan-pablo-ii\/#breadcrumb"},"inLanguage":"es","potentialAction":[{"@type":"ReadAction","target":["https:\/\/exaudi.org\/es\/papa-aniversario-eleccion-san-juan-pablo-ii\/"]}]},{"@type":"ImageObject","inLanguage":"es","@id":"https:\/\/exaudi.org\/es\/papa-aniversario-eleccion-san-juan-pablo-ii\/#primaryimage","url":"https:\/\/exaudi.org\/wp-content\/uploads\/2021\/10\/65243c42c34.jpeg","contentUrl":"https:\/\/exaudi.org\/wp-content\/uploads\/2021\/10\/65243c42c34.jpeg","width":1455,"height":819,"caption":"San Juan Pablo II \u00a9 Vatican Media"},{"@type":"BreadcrumbList","@id":"https:\/\/exaudi.org\/es\/papa-aniversario-eleccion-san-juan-pablo-ii\/#breadcrumb","itemListElement":[{"@type":"ListItem","position":1,"name":"Portada","item":"https:\/\/exaudi.org\/es\/"},{"@type":"ListItem","position":2,"name":"El Papa recuerda el aniversario de la elecci\u00f3n de san Juan Pablo II"}]},{"@type":"WebSite","@id":"https:\/\/exaudi.org\/#website","url":"https:\/\/exaudi.org\/","name":"Exaudi","description":"News","potentialAction":[{"@type":"SearchAction","target":{"@type":"EntryPoint","urlTemplate":"https:\/\/exaudi.org\/?s={search_term_string}"},"query-input":{"@type":"PropertyValueSpecification","valueRequired":true,"valueName":"search_term_string"}}],"inLanguage":"es"},{"@type":"Person","@id":"https:\/\/exaudi.org\/#\/schema\/person\/d134b96438278131ce90c90c03fda6cd","name":"Gabriel Sales","image":{"@type":"ImageObject","inLanguage":"es","@id":"https:\/\/secure.gravatar.com\/avatar\/9b1269566f6a063ed26ffb3532b66a373cdde231ce5d0effb266167437fdaffd?s=96&d=mm&r=g","url":"https:\/\/secure.gravatar.com\/avatar\/9b1269566f6a063ed26ffb3532b66a373cdde231ce5d0effb266167437fdaffd?s=96&d=mm&r=g","contentUrl":"https:\/\/secure.gravatar.com\/avatar\/9b1269566f6a063ed26ffb3532b66a373cdde231ce5d0effb266167437fdaffd?s=96&d=mm&r=g","caption":"Gabriel Sales"},"description":"Periodista y especialista en Comunicaci\u00f3n y Branding digital. Cin\u00e9filo y cr\u00edtico de cine y series de televisi\u00f3n.","sameAs":["https:\/\/www.instagram.com\/cine90segundos\/","www.linkedin.com\/in\/habemusman","https:\/\/x.com\/habemusman","https:\/\/www.youtube.com\/channel\/UCVfCiOMkJ_C7T7OpyjuaLDg"],"url":"https:\/\/exaudi.org\/es\/author\/gsalesexaudi-org\/"}]}},"jetpack_featured_media_url":"https:\/\/exaudi.org\/wp-content\/uploads\/2021\/10\/65243c42c34.jpeg","jetpack_shortlink":"https:\/\/wp.me\/pgKjF2-9uB","_links":{"self":[{"href":"https:\/\/exaudi.org\/es\/wp-json\/wp\/v2\/posts\/36493","targetHints":{"allow":["GET"]}}],"collection":[{"href":"https:\/\/exaudi.org\/es\/wp-json\/wp\/v2\/posts"}],"about":[{"href":"https:\/\/exaudi.org\/es\/wp-json\/wp\/v2\/types\/post"}],"author":[{"embeddable":true,"href":"https:\/\/exaudi.org\/es\/wp-json\/wp\/v2\/users\/6"}],"replies":[{"embeddable":true,"href":"https:\/\/exaudi.org\/es\/wp-json\/wp\/v2\/comments?post=36493"}],"version-history":[{"count":0,"href":"https:\/\/exaudi.org\/es\/wp-json\/wp\/v2\/posts\/36493\/revisions"}],"wp:featuredmedia":[{"embeddable":true,"href":"https:\/\/exaudi.org\/es\/wp-json\/wp\/v2\/media\/36495"}],"wp:attachment":[{"href":"https:\/\/exaudi.org\/es\/wp-json\/wp\/v2\/media?parent=36493"}],"wp:term":[{"taxonomy":"category","embeddable":true,"href":"https:\/\/exaudi.org\/es\/wp-json\/wp\/v2\/categories?post=36493"},{"taxonomy":"post_tag","embeddable":true,"href":"https:\/\/exaudi.org\/es\/wp-json\/wp\/v2\/tags?post=36493"}],"curies":[{"name":"wp","href":"https:\/\/api.w.org\/{rel}","templated":true}]}}