{"id":36476,"date":"2021-10-13T09:36:27","date_gmt":"2021-10-13T07:36:27","guid":{"rendered":"https:\/\/exaudi.wpengine.com\/?p=36476"},"modified":"2021-10-14T12:02:09","modified_gmt":"2021-10-14T10:02:09","slug":"inculturacion-anunciar-cristo-bueno-cultura","status":"publish","type":"post","link":"https:\/\/exaudi.org\/es\/inculturacion-anunciar-cristo-bueno-cultura\/","title":{"rendered":"Inculturaci\u00f3n, \u201canunciar a Cristo respetando lo bueno de cada cultura\u201d"},"content":{"rendered":"<p>En la audiencia general de esta ma\u00f1ana, el <a href=\"https:\/\/exaudi.wpengine.com\/es\/papa-hermanas-caridad-presencia-viva-iglesia\/\" target=\"_blank\" rel=\"noopener\">Papa Francisco<\/a> ha afirmado que el verdadero sentido de la inculturaci\u00f3n es que \u201cpodamos anunciar a Cristo Salvador respetando lo bueno y aut\u00e9ntico que existe en cada cultura y en cada sociedad, considerando tambi\u00e9n su continua evoluci\u00f3n\u201d.<\/p>\n<p>Hoy, 13 de octubre de 2021, el Santo Padre ha presidido la audiencia general en el Aula Pablo VI del <a href=\"http:\/\/www.vatican.va\/news_services\/press\/documentazione\/documents\/sp_ss_scv\/informazione_generale\/sp_ss_scv_info-generale_sp.html\" target=\"_blank\" rel=\"noopener noreferrer\">Palacio Apost\u00f3lico\u00a0vaticano<\/a>, transmitida en directo, con presencia de fieles, adapt\u00e1ndose a las medidas de prevenci\u00f3n frente a la COVID-19, y ha seguido su ciclo de catequesis sobre la carta de san Pablo a los G\u00e1latas, para centrar su meditaci\u00f3n en el tema \u201c<span class=\"css-901oao css-16my406 r-poiln3 r-bcqeeo r-qvutc0\">La <\/span><span class=\"r-18u37iz\">libertad<\/span><span class=\"css-901oao css-16my406 r-poiln3 r-bcqeeo r-qvutc0\"> cristiana, fermento universal de liberaci\u00f3n<\/span>\u201d (<span class=\"css-901oao css-16my406 r-poiln3 r-bcqeeo r-qvutc0\">Gal 5,1.13<\/span>).<\/p>\n<h4><strong>Anunciar a Cristo a todos<\/strong><\/h4>\n<p>Al comienzo de su catequesis, el Pont\u00edfice ha se\u00f1alado una consecuencia de la libertad recibida por Cristo es \u201cacoger a todos los pueblos y culturas y, al mismo tiempo, hace capaces, a esos mismos pueblos y culturas, de abrirse a \u00c9l, a Jes\u00fas\u201d. Acoger la fe, contin\u00faa, \u201cno supone renunciar en su esencia a las propias ra\u00edces y tradiciones, sino s\u00f3lo a lo que obstaculiza la novedad y pureza del Evangelio\u201d.<\/p>\n<p>\u201cLa libertad de la fe cristiana es din\u00e1mica y el don que hemos de custodiar nos exige que vivamos esa libertad en un peregrinaje continuo, orientados hacia la plenitud que estamos llamados a alcanzar\u201d, ha concluido.<\/p>\n<h4><b>Siempre en camino<\/b><\/h4>\n<p>Por \u00faltimo, el Sucesor de Pedro salud\u00f3 a los fieles de lengua espa\u00f1ola: \u201cSaludo cordialmente a los fieles de lengua espa\u00f1ola. Los animo a mantener un esp\u00edritu de peregrinos, siempre en camino, siguiendo juntos las huellas de Cristo con libertad y alegr\u00eda, hacia esa patria a la que Dios nos convoca. Que el Se\u00f1or los bendiga a todos. Muchas gracias.\u201d.<\/p>\n","protected":false},"excerpt":{"rendered":"<p>Palabras del Santo Padre en espa\u00f1ol<\/p>\n","protected":false},"author":6,"featured_media":36569,"comment_status":"closed","ping_status":"closed","sticky":false,"template":"","format":"standard","meta":{"_acf_changed":false,"_crdt_document":"","inline_featured_image":false,"footnotes":""},"categories":[112],"tags":[179,4509,1542,158,3122],"class_list":["post-36476","post","type-post","status-publish","format-standard","has-post-thumbnail","hentry","category-audiencia-general","tag-audiencia-general","tag-inculturacion","tag-libertad","tag-papa-francisco","tag-san-pablo-es"],"acf":[],"yoast_head":"<!-- This site is optimized with the Yoast SEO plugin v27.5 - https:\/\/yoast.com\/product\/yoast-seo-wordpress\/ -->\n<title>Inculturaci\u00f3n, \u201canunciar a Cristo respetando lo bueno de cada cultura\u201d<\/title>\n<meta name=\"description\" content=\"En la audiencia general de hoy, el Papa ha dicho que el sentido de la inculturaci\u00f3n es anunciar a Cristo respetando lo bueno de cada cultura.\" \/>\n<meta name=\"robots\" content=\"index, follow, max-snippet:-1, max-image-preview:large, max-video-preview:-1\" \/>\n<link rel=\"canonical\" href=\"https:\/\/exaudi.org\/es\/inculturacion-anunciar-cristo-bueno-cultura\/\" \/>\n<meta property=\"og:locale\" content=\"es_ES\" \/>\n<meta property=\"og:type\" content=\"article\" \/>\n<meta property=\"og:title\" content=\"Inculturaci\u00f3n, \u201canunciar a Cristo respetando lo bueno de cada cultura\u201d\" \/>\n<meta property=\"og:description\" content=\"En la audiencia general de hoy, el Papa ha dicho que el sentido de la inculturaci\u00f3n es anunciar a Cristo respetando lo bueno de cada cultura.\" \/>\n<meta property=\"og:url\" content=\"https:\/\/exaudi.org\/es\/inculturacion-anunciar-cristo-bueno-cultura\/\" \/>\n<meta property=\"og:site_name\" content=\"Exaudi\" \/>\n<meta property=\"article:publisher\" content=\"https:\/\/www.facebook.com\/ExaudiNews\" \/>\n<meta property=\"article:published_time\" content=\"2021-10-13T07:36:27+00:00\" \/>\n<meta property=\"article:modified_time\" content=\"2021-10-14T10:02:09+00:00\" \/>\n<meta property=\"og:image\" content=\"https:\/\/exaudi.org\/wp-content\/uploads\/2021\/10\/654a6sda-scaled.jpg\" \/>\n\t<meta property=\"og:image:width\" content=\"2560\" \/>\n\t<meta property=\"og:image:height\" content=\"1500\" \/>\n\t<meta property=\"og:image:type\" content=\"image\/jpeg\" \/>\n<meta name=\"author\" content=\"Gabriel Sales\" \/>\n<meta name=\"twitter:card\" content=\"summary_large_image\" \/>\n<meta name=\"twitter:creator\" content=\"@habemusman\" \/>\n<meta name=\"twitter:site\" content=\"@Exaudi_News\" \/>\n<meta name=\"twitter:label1\" content=\"Escrito por\" \/>\n\t<meta name=\"twitter:data1\" content=\"Gabriel Sales\" \/>\n\t<meta name=\"twitter:label2\" content=\"Tiempo de lectura\" \/>\n\t<meta name=\"twitter:data2\" content=\"2 minutos\" \/>\n<script type=\"application\/ld+json\" class=\"yoast-schema-graph\">{\"@context\":\"https:\\\/\\\/schema.org\",\"@graph\":[{\"@type\":\"Article\",\"@id\":\"https:\\\/\\\/exaudi.org\\\/es\\\/inculturacion-anunciar-cristo-bueno-cultura\\\/#article\",\"isPartOf\":{\"@id\":\"https:\\\/\\\/exaudi.org\\\/es\\\/inculturacion-anunciar-cristo-bueno-cultura\\\/\"},\"author\":{\"name\":\"Gabriel Sales\",\"@id\":\"https:\\\/\\\/exaudi.org\\\/#\\\/schema\\\/person\\\/d134b96438278131ce90c90c03fda6cd\"},\"headline\":\"Inculturaci\u00f3n, \u201canunciar a Cristo respetando lo bueno de cada cultura\u201d\",\"datePublished\":\"2021-10-13T07:36:27+00:00\",\"dateModified\":\"2021-10-14T10:02:09+00:00\",\"mainEntityOfPage\":{\"@id\":\"https:\\\/\\\/exaudi.org\\\/es\\\/inculturacion-anunciar-cristo-bueno-cultura\\\/\"},\"wordCount\":323,\"image\":{\"@id\":\"https:\\\/\\\/exaudi.org\\\/es\\\/inculturacion-anunciar-cristo-bueno-cultura\\\/#primaryimage\"},\"thumbnailUrl\":\"https:\\\/\\\/exaudi.org\\\/wp-content\\\/uploads\\\/2021\\\/10\\\/654a6sda-scaled.jpg\",\"keywords\":[\"audiencia general\",\"Inculturaci\u00f3n\",\"Libertad\",\"papa francisco\",\"San Pablo\"],\"articleSection\":[\"Audiencia General\"],\"inLanguage\":\"es\"},{\"@type\":\"WebPage\",\"@id\":\"https:\\\/\\\/exaudi.org\\\/es\\\/inculturacion-anunciar-cristo-bueno-cultura\\\/\",\"url\":\"https:\\\/\\\/exaudi.org\\\/es\\\/inculturacion-anunciar-cristo-bueno-cultura\\\/\",\"name\":\"Inculturaci\u00f3n, \u201canunciar a Cristo respetando lo bueno de cada cultura\u201d\",\"isPartOf\":{\"@id\":\"https:\\\/\\\/exaudi.org\\\/#website\"},\"primaryImageOfPage\":{\"@id\":\"https:\\\/\\\/exaudi.org\\\/es\\\/inculturacion-anunciar-cristo-bueno-cultura\\\/#primaryimage\"},\"image\":{\"@id\":\"https:\\\/\\\/exaudi.org\\\/es\\\/inculturacion-anunciar-cristo-bueno-cultura\\\/#primaryimage\"},\"thumbnailUrl\":\"https:\\\/\\\/exaudi.org\\\/wp-content\\\/uploads\\\/2021\\\/10\\\/654a6sda-scaled.jpg\",\"datePublished\":\"2021-10-13T07:36:27+00:00\",\"dateModified\":\"2021-10-14T10:02:09+00:00\",\"author\":{\"@id\":\"https:\\\/\\\/exaudi.org\\\/#\\\/schema\\\/person\\\/d134b96438278131ce90c90c03fda6cd\"},\"description\":\"En la audiencia general de hoy, el Papa ha dicho que el sentido de la inculturaci\u00f3n es anunciar a Cristo respetando lo bueno de cada cultura.\",\"breadcrumb\":{\"@id\":\"https:\\\/\\\/exaudi.org\\\/es\\\/inculturacion-anunciar-cristo-bueno-cultura\\\/#breadcrumb\"},\"inLanguage\":\"es\",\"potentialAction\":[{\"@type\":\"ReadAction\",\"target\":[\"https:\\\/\\\/exaudi.org\\\/es\\\/inculturacion-anunciar-cristo-bueno-cultura\\\/\"]}]},{\"@type\":\"ImageObject\",\"inLanguage\":\"es\",\"@id\":\"https:\\\/\\\/exaudi.org\\\/es\\\/inculturacion-anunciar-cristo-bueno-cultura\\\/#primaryimage\",\"url\":\"https:\\\/\\\/exaudi.org\\\/wp-content\\\/uploads\\\/2021\\\/10\\\/654a6sda-scaled.jpg\",\"contentUrl\":\"https:\\\/\\\/exaudi.org\\\/wp-content\\\/uploads\\\/2021\\\/10\\\/654a6sda-scaled.jpg\",\"width\":2560,\"height\":1500,\"caption\":\"Audiencia general 13 octubre 2021 \u00a9 Vatican Media\"},{\"@type\":\"BreadcrumbList\",\"@id\":\"https:\\\/\\\/exaudi.org\\\/es\\\/inculturacion-anunciar-cristo-bueno-cultura\\\/#breadcrumb\",\"itemListElement\":[{\"@type\":\"ListItem\",\"position\":1,\"name\":\"Portada\",\"item\":\"https:\\\/\\\/exaudi.org\\\/es\\\/\"},{\"@type\":\"ListItem\",\"position\":2,\"name\":\"Inculturaci\u00f3n, \u201canunciar a Cristo respetando lo bueno de cada cultura\u201d\"}]},{\"@type\":\"WebSite\",\"@id\":\"https:\\\/\\\/exaudi.org\\\/#website\",\"url\":\"https:\\\/\\\/exaudi.org\\\/\",\"name\":\"Exaudi\",\"description\":\"News\",\"potentialAction\":[{\"@type\":\"SearchAction\",\"target\":{\"@type\":\"EntryPoint\",\"urlTemplate\":\"https:\\\/\\\/exaudi.org\\\/?s={search_term_string}\"},\"query-input\":{\"@type\":\"PropertyValueSpecification\",\"valueRequired\":true,\"valueName\":\"search_term_string\"}}],\"inLanguage\":\"es\"},{\"@type\":\"Person\",\"@id\":\"https:\\\/\\\/exaudi.org\\\/#\\\/schema\\\/person\\\/d134b96438278131ce90c90c03fda6cd\",\"name\":\"Gabriel Sales\",\"image\":{\"@type\":\"ImageObject\",\"inLanguage\":\"es\",\"@id\":\"https:\\\/\\\/secure.gravatar.com\\\/avatar\\\/9b1269566f6a063ed26ffb3532b66a373cdde231ce5d0effb266167437fdaffd?s=96&d=mm&r=g\",\"url\":\"https:\\\/\\\/secure.gravatar.com\\\/avatar\\\/9b1269566f6a063ed26ffb3532b66a373cdde231ce5d0effb266167437fdaffd?s=96&d=mm&r=g\",\"contentUrl\":\"https:\\\/\\\/secure.gravatar.com\\\/avatar\\\/9b1269566f6a063ed26ffb3532b66a373cdde231ce5d0effb266167437fdaffd?s=96&d=mm&r=g\",\"caption\":\"Gabriel Sales\"},\"description\":\"Periodista y especialista en Comunicaci\u00f3n y Branding digital. Cin\u00e9filo y cr\u00edtico de cine y series de televisi\u00f3n.\",\"sameAs\":[\"https:\\\/\\\/www.instagram.com\\\/cine90segundos\\\/\",\"www.linkedin.com\\\/in\\\/habemusman\",\"https:\\\/\\\/x.com\\\/habemusman\",\"https:\\\/\\\/www.youtube.com\\\/channel\\\/UCVfCiOMkJ_C7T7OpyjuaLDg\"],\"url\":\"https:\\\/\\\/exaudi.org\\\/es\\\/author\\\/gsalesexaudi-org\\\/\"}]}<\/script>\n<!-- \/ Yoast SEO plugin. -->","yoast_head_json":{"title":"Inculturaci\u00f3n, \u201canunciar a Cristo respetando lo bueno de cada cultura\u201d","description":"En la audiencia general de hoy, el Papa ha dicho que el sentido de la inculturaci\u00f3n es anunciar a Cristo respetando lo bueno de cada cultura.","robots":{"index":"index","follow":"follow","max-snippet":"max-snippet:-1","max-image-preview":"max-image-preview:large","max-video-preview":"max-video-preview:-1"},"canonical":"https:\/\/exaudi.org\/es\/inculturacion-anunciar-cristo-bueno-cultura\/","og_locale":"es_ES","og_type":"article","og_title":"Inculturaci\u00f3n, \u201canunciar a Cristo respetando lo bueno de cada cultura\u201d","og_description":"En la audiencia general de hoy, el Papa ha dicho que el sentido de la inculturaci\u00f3n es anunciar a Cristo respetando lo bueno de cada cultura.","og_url":"https:\/\/exaudi.org\/es\/inculturacion-anunciar-cristo-bueno-cultura\/","og_site_name":"Exaudi","article_publisher":"https:\/\/www.facebook.com\/ExaudiNews","article_published_time":"2021-10-13T07:36:27+00:00","article_modified_time":"2021-10-14T10:02:09+00:00","og_image":[{"width":2560,"height":1500,"url":"https:\/\/exaudi.org\/wp-content\/uploads\/2021\/10\/654a6sda-scaled.jpg","type":"image\/jpeg"}],"author":"Gabriel Sales","twitter_card":"summary_large_image","twitter_creator":"@habemusman","twitter_site":"@Exaudi_News","twitter_misc":{"Escrito por":"Gabriel Sales","Tiempo de lectura":"2 minutos"},"schema":{"@context":"https:\/\/schema.org","@graph":[{"@type":"Article","@id":"https:\/\/exaudi.org\/es\/inculturacion-anunciar-cristo-bueno-cultura\/#article","isPartOf":{"@id":"https:\/\/exaudi.org\/es\/inculturacion-anunciar-cristo-bueno-cultura\/"},"author":{"name":"Gabriel Sales","@id":"https:\/\/exaudi.org\/#\/schema\/person\/d134b96438278131ce90c90c03fda6cd"},"headline":"Inculturaci\u00f3n, \u201canunciar a Cristo respetando lo bueno de cada cultura\u201d","datePublished":"2021-10-13T07:36:27+00:00","dateModified":"2021-10-14T10:02:09+00:00","mainEntityOfPage":{"@id":"https:\/\/exaudi.org\/es\/inculturacion-anunciar-cristo-bueno-cultura\/"},"wordCount":323,"image":{"@id":"https:\/\/exaudi.org\/es\/inculturacion-anunciar-cristo-bueno-cultura\/#primaryimage"},"thumbnailUrl":"https:\/\/exaudi.org\/wp-content\/uploads\/2021\/10\/654a6sda-scaled.jpg","keywords":["audiencia general","Inculturaci\u00f3n","Libertad","papa francisco","San Pablo"],"articleSection":["Audiencia General"],"inLanguage":"es"},{"@type":"WebPage","@id":"https:\/\/exaudi.org\/es\/inculturacion-anunciar-cristo-bueno-cultura\/","url":"https:\/\/exaudi.org\/es\/inculturacion-anunciar-cristo-bueno-cultura\/","name":"Inculturaci\u00f3n, \u201canunciar a Cristo respetando lo bueno de cada cultura\u201d","isPartOf":{"@id":"https:\/\/exaudi.org\/#website"},"primaryImageOfPage":{"@id":"https:\/\/exaudi.org\/es\/inculturacion-anunciar-cristo-bueno-cultura\/#primaryimage"},"image":{"@id":"https:\/\/exaudi.org\/es\/inculturacion-anunciar-cristo-bueno-cultura\/#primaryimage"},"thumbnailUrl":"https:\/\/exaudi.org\/wp-content\/uploads\/2021\/10\/654a6sda-scaled.jpg","datePublished":"2021-10-13T07:36:27+00:00","dateModified":"2021-10-14T10:02:09+00:00","author":{"@id":"https:\/\/exaudi.org\/#\/schema\/person\/d134b96438278131ce90c90c03fda6cd"},"description":"En la audiencia general de hoy, el Papa ha dicho que el sentido de la inculturaci\u00f3n es anunciar a Cristo respetando lo bueno de cada cultura.","breadcrumb":{"@id":"https:\/\/exaudi.org\/es\/inculturacion-anunciar-cristo-bueno-cultura\/#breadcrumb"},"inLanguage":"es","potentialAction":[{"@type":"ReadAction","target":["https:\/\/exaudi.org\/es\/inculturacion-anunciar-cristo-bueno-cultura\/"]}]},{"@type":"ImageObject","inLanguage":"es","@id":"https:\/\/exaudi.org\/es\/inculturacion-anunciar-cristo-bueno-cultura\/#primaryimage","url":"https:\/\/exaudi.org\/wp-content\/uploads\/2021\/10\/654a6sda-scaled.jpg","contentUrl":"https:\/\/exaudi.org\/wp-content\/uploads\/2021\/10\/654a6sda-scaled.jpg","width":2560,"height":1500,"caption":"Audiencia general 13 octubre 2021 \u00a9 Vatican Media"},{"@type":"BreadcrumbList","@id":"https:\/\/exaudi.org\/es\/inculturacion-anunciar-cristo-bueno-cultura\/#breadcrumb","itemListElement":[{"@type":"ListItem","position":1,"name":"Portada","item":"https:\/\/exaudi.org\/es\/"},{"@type":"ListItem","position":2,"name":"Inculturaci\u00f3n, \u201canunciar a Cristo respetando lo bueno de cada cultura\u201d"}]},{"@type":"WebSite","@id":"https:\/\/exaudi.org\/#website","url":"https:\/\/exaudi.org\/","name":"Exaudi","description":"News","potentialAction":[{"@type":"SearchAction","target":{"@type":"EntryPoint","urlTemplate":"https:\/\/exaudi.org\/?s={search_term_string}"},"query-input":{"@type":"PropertyValueSpecification","valueRequired":true,"valueName":"search_term_string"}}],"inLanguage":"es"},{"@type":"Person","@id":"https:\/\/exaudi.org\/#\/schema\/person\/d134b96438278131ce90c90c03fda6cd","name":"Gabriel Sales","image":{"@type":"ImageObject","inLanguage":"es","@id":"https:\/\/secure.gravatar.com\/avatar\/9b1269566f6a063ed26ffb3532b66a373cdde231ce5d0effb266167437fdaffd?s=96&d=mm&r=g","url":"https:\/\/secure.gravatar.com\/avatar\/9b1269566f6a063ed26ffb3532b66a373cdde231ce5d0effb266167437fdaffd?s=96&d=mm&r=g","contentUrl":"https:\/\/secure.gravatar.com\/avatar\/9b1269566f6a063ed26ffb3532b66a373cdde231ce5d0effb266167437fdaffd?s=96&d=mm&r=g","caption":"Gabriel Sales"},"description":"Periodista y especialista en Comunicaci\u00f3n y Branding digital. Cin\u00e9filo y cr\u00edtico de cine y series de televisi\u00f3n.","sameAs":["https:\/\/www.instagram.com\/cine90segundos\/","www.linkedin.com\/in\/habemusman","https:\/\/x.com\/habemusman","https:\/\/www.youtube.com\/channel\/UCVfCiOMkJ_C7T7OpyjuaLDg"],"url":"https:\/\/exaudi.org\/es\/author\/gsalesexaudi-org\/"}]}},"jetpack_featured_media_url":"https:\/\/exaudi.org\/wp-content\/uploads\/2021\/10\/654a6sda-scaled.jpg","jetpack_shortlink":"https:\/\/wp.me\/pgKjF2-9uk","_links":{"self":[{"href":"https:\/\/exaudi.org\/es\/wp-json\/wp\/v2\/posts\/36476","targetHints":{"allow":["GET"]}}],"collection":[{"href":"https:\/\/exaudi.org\/es\/wp-json\/wp\/v2\/posts"}],"about":[{"href":"https:\/\/exaudi.org\/es\/wp-json\/wp\/v2\/types\/post"}],"author":[{"embeddable":true,"href":"https:\/\/exaudi.org\/es\/wp-json\/wp\/v2\/users\/6"}],"replies":[{"embeddable":true,"href":"https:\/\/exaudi.org\/es\/wp-json\/wp\/v2\/comments?post=36476"}],"version-history":[{"count":0,"href":"https:\/\/exaudi.org\/es\/wp-json\/wp\/v2\/posts\/36476\/revisions"}],"wp:featuredmedia":[{"embeddable":true,"href":"https:\/\/exaudi.org\/es\/wp-json\/wp\/v2\/media\/36569"}],"wp:attachment":[{"href":"https:\/\/exaudi.org\/es\/wp-json\/wp\/v2\/media?parent=36476"}],"wp:term":[{"taxonomy":"category","embeddable":true,"href":"https:\/\/exaudi.org\/es\/wp-json\/wp\/v2\/categories?post=36476"},{"taxonomy":"post_tag","embeddable":true,"href":"https:\/\/exaudi.org\/es\/wp-json\/wp\/v2\/tags?post=36476"}],"curies":[{"name":"wp","href":"https:\/\/api.w.org\/{rel}","templated":true}]}}