{"id":36471,"date":"2025-10-13T07:30:24","date_gmt":"2025-10-13T05:30:24","guid":{"rendered":"https:\/\/exaudi.wpengine.com\/?p=36471"},"modified":"2025-10-13T00:09:09","modified_gmt":"2025-10-12T22:09:09","slug":"beata-alexandrina-maria-da-costa-13-octubre","status":"publish","type":"post","link":"https:\/\/exaudi.org\/es\/beata-alexandrina-maria-da-costa-13-octubre\/","title":{"rendered":"Beata Alexandrina Mar\u00eda da Costa, 13 de octubre"},"content":{"rendered":"<p><span style=\"font-weight: 400;\">Muchas personas han relegado de su vida virtudes como el pudor y la modestia. En ciertos sectores hasta se desconocen a fuerza de silenciarlas, de ir quedando oscurecidas por otros intereses. Cuando se habla de ellas y se defiende su vigencia moral, que no ha deca\u00eddo, no es dif\u00edcil que hasta sean denostadas. Parecen no tener cabida en una existencia que ha obviado el alcance del respeto hacia uno mismo y a los dem\u00e1s.<\/span><\/p>\n<p><iframe title=\"Spotify Embed: Beata Alexandrina Mar\u00eda da Costa, 13 de octubre\" style=\"border-radius: 12px\" width=\"100%\" height=\"152\" frameborder=\"0\" allowfullscreen allow=\"autoplay; clipboard-write; encrypted-media; fullscreen; picture-in-picture\" loading=\"lazy\" src=\"https:\/\/open.spotify.com\/embed\/episode\/67OEltc1NEL8gXTqZhQwKS?si=687b35fb5dbc4e26&#038;utm_source=oembed\"><\/iframe><\/p>\n<p><span style=\"font-weight: 400;\"> El mal denominado amor, o f\u00fatil enamoramiento, es, en realidad, un capricho pasajero, y el uso precipitado que se hace de \u00e9l lo equipara al que se le da a un vulgar pa\u00f1uelo de papel, de ef\u00edmera vida y distra\u00eddo final en una papelera. Por eso quiz\u00e1 haya quien se sorprenda ante la vida de la virtuosa Alexandrina, aunque muri\u00f3 rebasada la mitad del siglo XX, y de que no dudase en desafiar a la muerte con tal de mantener \u00edntegro el bien m\u00e1s preciado que pose\u00eda: su virginidad, asentada, entre otros, en estos grandes pilares: el pudor, la modestia y el respeto a la propia dignidad. En su vida, como en la de Mar\u00eda Goretti, se cruz\u00f3 alguien que andaba al acecho de una v\u00edctima propicia para dar rienda suelta a sus bajos instintos.\u00a0<\/span><\/p>\n<p><span style=\"font-weight: 400;\">Naci\u00f3 en Balasar, Oporto, Portugal, el 30 de marzo de 1904. Solo ten\u00eda una hermana, Deolinda. Su padre muri\u00f3 al poco de nacer ella, as\u00ed que fue su madre quien las educ\u00f3 en la fe. A los 7 a\u00f1os se traslad\u00f3 a P\u00f3voa do Varzim, a la casa de un carpintero, con objeto de poder cursar los primeros estudios. All\u00ed recibi\u00f3 la primera comuni\u00f3n y la confirmaci\u00f3n. Pero la tragedia que iba a marcar su vida, y que le abrir\u00eda las puertas del cielo, tuvo entonces su primer conato.<\/span><\/p>\n<p><span style=\"font-weight: 400;\"> Ten\u00eda 12 a\u00f1os y trabajaba en el campo en medio de la rudeza y viles intenciones de hombres sin escr\u00fapulos. Uno de ellos la acos\u00f3. Se libr\u00f3 de su violencia con una fuerza superior que la protegi\u00f3 manteni\u00e9ndola indemne, mientras esgrim\u00eda su rosario. Este incidente se sald\u00f3 con su regreso a Balasar. Se estableci\u00f3 con su madre en la localidad de Calvario, y all\u00ed permaneci\u00f3 hasta el fin de sus d\u00edas.<\/span><\/p>\n<p><span style=\"font-weight: 400;\">Hasta ese aciago momento fue una muchacha de fuerte constituci\u00f3n, trabajadora, alegre y capaz. Pero poco despu\u00e9s de este brutal percance contrajo una infecci\u00f3n que estuvo a punto de llevarla a la tumba. Aunque salv\u00f3 la vida, su aspecto f\u00edsico siempre devel\u00f3 las huellas de la enfermedad que qued\u00f3 impresa en \u00e9l. Al volver del sanatorio se hizo costurera junto a Deolinda.<\/span><\/p>\n<p><span style=\"font-weight: 400;\"> Y en 1918, mientras ambas hermanas se encontraban en su casa cosiendo junto a otra joven aprendiz, tres individuos asaltaron la habitaci\u00f3n. Deolinda y la todav\u00eda inexperta costurera huyeron, pero Alexandrina, vi\u00e9ndose cercada, y sin posibilidad de escapar del mismo sujeto que intent\u00f3 forzarla dos a\u00f1os antes, para preservar su virginidad opt\u00f3 por lanzarse por la ventana que se hallaba a 4 metros del suelo.\u00a0<\/span><\/p>\n<p><span style=\"font-weight: 400;\">Las grav\u00edsimas lesiones que se produjo fueron irreversibles, de modo que en 1924, con 20 a\u00f1os, qued\u00f3 absolutamente incapacitada en su lecho; permaneci\u00f3 durante tres d\u00e9cadas, que se dice pronto, sin poderse mover. En 1928, albergando esperanzas de curaci\u00f3n, se ofreci\u00f3 a la Virgen con la promesa de consagrarse como misionera si sanaba. No tard\u00f3 en comprender que el dolor deb\u00eda ser su vocaci\u00f3n.<\/span><\/p>\n<p><span style=\"font-weight: 400;\"> Y recibi\u00f3 la gracia de aspirar a un mayor sufrimiento y de ser v\u00edctima voluntaria por amor a Cristo y para rescate de los pecadores, experimentando un v\u00ednculo singular con Jes\u00fas Sacramentado a trav\u00e9s de Mar\u00eda. Ya en su infancia sol\u00eda quedarse absorta en oraci\u00f3n ante el Sagrario, pero su estado de postraci\u00f3n no le permit\u00eda acudir a \u00e9l como hac\u00eda anteriormente. Un d\u00eda pens\u00f3: \u201cJes\u00fas, t\u00fa est\u00e1s prisionero en el Sagrario y yo en mi lecho por tu voluntad. Nos haremos compa\u00f1\u00eda\u201d.\u00a0<\/span><\/p>\n<p><span style=\"font-weight: 400;\">Inici\u00f3 un fecund\u00edsimo apostolado, haciendo entrega al Padre de todos sus sufrimientos. Amar, sufrir, reparar, fue la consigna que recibi\u00f3 de Cristo. Con ella iba escalando el camino de la perfecci\u00f3n. Durante los cuatro a\u00f1os que mediaron desde 1938 a 1942 todos los viernes reviv\u00eda en su cuerpo los estadios de la Pasi\u00f3n. En esos momentos sus miembros paralizados recobraban la movilidad y se contra\u00edan en el lecho dej\u00e1ndola presa de inmensos dolores.\u00a0<\/span><\/p>\n<p><span style=\"font-weight: 400;\">En 1934 uno de sus directores espirituales, el salesiano padre Pinho, que la asisti\u00f3 desde ese a\u00f1o hasta 1942, le indic\u00f3 que redactase sus experiencias m\u00edsticas; \u00e9l la inscribi\u00f3 en la Asociaci\u00f3n de Salesianos Cooperadores. En 1936 Cristo encomend\u00f3 a la beata que solicitase al Sumo Pont\u00edfice la consagraci\u00f3n del mundo al Coraz\u00f3n Inmaculado de Mar\u00eda. El padre Pinho se ocup\u00f3 de solicitarlo rei\u00adteradamente hasta 1941. <\/span><\/p>\n<p><span style=\"font-weight: 400;\">El 31 de octubre de 1942 el papa P\u00edo XII efectu\u00f3 esta declaraci\u00f3n, que renov\u00f3 en Roma el 8 de diciembre del mismo a\u00f1o. Unos meses antes, en la primavera, Alexandrina hab\u00eda comenzado a nutrirse exclusivamente con la Eucarist\u00eda: \u201cNo te alimentar\u00e1s m\u00e1s con comida en la tierra. Tu comida ser\u00e1 mi Carne, tu bebida ser\u00e1 mi divina Sangre, tu vida ser\u00e1 mi Vida. T\u00fa la recibes de M\u00ed cuando uno mi coraz\u00f3n al tuyo.<\/span><\/p>\n<p><span style=\"font-weight: 400;\">No tengas miedo, ya no ser\u00e1s m\u00e1s crucificada como en el pasado, ahora nuevas pruebas te esperan que ser\u00e1n las m\u00e1s dolorosas. Pero al final Yo te llevar\u00e9 al cielo y la Sant\u00edsima Madre te acompa\u00f1ar\u00e1\u201d. En un momento dado, Cristo le hizo saber: \u201cEst\u00e1s viviendo solo de la Eucarist\u00eda porque quiero mostrarle al mundo entero el poder de la Eucarist\u00eda y el poder de mi vida en las almas\u201d.\u00a0<\/span><\/p>\n<p><span style=\"font-weight: 400;\">Hasta su muerte, Alexandrina ni bebi\u00f3, ni ingiri\u00f3 bocado alguno, todo lo cual fue ratificado por competentes especialistas. El 13 de octubre de 1955 falleci\u00f3, diciendo: \u201cNo lloren por m\u00ed, hoy soy inmensamente feliz\u2026 por fin me voy al cielo\u201d. Antes dict\u00f3 su epitafio, que inclu\u00eda este ruego: \u201c\u2026No peques nunca m\u00e1s. No ofendas m\u00e1s a Nuestro amado Se\u00f1or. Convi\u00e9rtete. No pierdas a Jes\u00fas por toda la eternidad. \u00a1\u00a1\u00c9l es tan bueno!!\u201d. Juan Pablo II la beatific\u00f3 el 25 de abril de 2004.<\/span><\/p>\n<p><img loading=\"lazy\" decoding=\"async\" class=\"size-full wp-image-136054 alignnone\" src=\"https:\/\/exaudi.org\/wp-content\/uploads\/2025\/10\/Santoral-6.jpg\" alt=\"\" width=\"1080\" height=\"1080\" srcset=\"https:\/\/exaudi.org\/wp-content\/uploads\/2025\/10\/Santoral-6.jpg 1080w, https:\/\/exaudi.org\/wp-content\/uploads\/2025\/10\/Santoral-6-300x300.jpg 300w, https:\/\/exaudi.org\/wp-content\/uploads\/2025\/10\/Santoral-6-1024x1024.jpg 1024w, https:\/\/exaudi.org\/wp-content\/uploads\/2025\/10\/Santoral-6-100x100.jpg?crop=1 100w, https:\/\/exaudi.org\/wp-content\/uploads\/2025\/10\/Santoral-6-770x770.jpg 770w, https:\/\/exaudi.org\/wp-content\/uploads\/2025\/10\/Santoral-6-500x500.jpg 500w\" sizes=\"auto, (max-width: 1080px) 100vw, 1080px\" \/><\/p>\n<p><em>\u00a9\u00a0<a href=\"https:\/\/exaudi.wpengine.com\/es\/author\/isabelorellana\/\" target=\"_blank\" rel=\"noopener noreferrer\">Isabel Orellana Vilches<\/a>, 2018<\/em><\/p>\n<h6><em>Autora vinculada a<\/em><\/h6>\n<h6><em><img loading=\"lazy\" decoding=\"async\" class=\"alignright wp-image-2208\" src=\"https:\/\/exaudi.org\/wp-content\/uploads\/2021\/02\/santoral-scaled-1-725x1024.jpg\" alt=\"santoral Isabel Orellana\" width=\"262\" height=\"370\" \/><\/em><img loading=\"lazy\" decoding=\"async\" class=\"alignnone size-full wp-image-41949\" src=\"https:\/\/www.idente.org\/wp-content\/uploads\/logo-cedro-v01-843x295-1-e1603384654546.png\" alt=\"\" width=\"80\" height=\"28\" \/><br \/>\nObra protegida por derechos de autor.<br \/>\nInscrita en el Registro de la Propiedad Intelectual el 24 de noviembre de 2014.<br \/>\n________________<br \/>\nDerechos de edici\u00f3n reservados:<br \/>\n<a href=\"https:\/\/rielo.com\/\" target=\"_blank\" rel=\"noopener noreferrer\">Fundaci\u00f3n Fernando Rielo<\/a><br \/>\nGoya 20, 4.\u00ba izq. int. 28001 Madrid<br \/>\nTlf.: (34) 91 575 40 91<br \/>\nCorreo electr\u00f3nico:\u00a0fundacion@rielo.com<\/h6>\n<div class=\"page\" title=\"Page 4\">\n<div class=\"layoutArea\">\n<div class=\"column\">\n<h6>Dep\u00f3sito legal: M-18664-2020<br \/>\nISBN: 978-84-946646-6-3<\/h6>\n<\/div>\n<\/div>\n<\/div>\n","protected":false},"excerpt":{"rendered":"<p>M\u00edstica portuguesa<\/p>\n","protected":false},"author":23,"featured_media":36473,"comment_status":"closed","ping_status":"closed","sticky":false,"template":"","format":"standard","meta":{"_acf_changed":false,"_crdt_document":"","inline_featured_image":false,"footnotes":""},"categories":[74,2772],"tags":[4508,388,387,58880],"class_list":["post-36471","post","type-post","status-publish","format-standard","has-post-thumbnail","hentry","category-iglesia-y-mundo","category-santoral","tag-beata-alexandrina-maria-da-costa","tag-isabel-orellana-vilches","tag-santoral","tag-trending-es-151"],"acf":[],"yoast_head":"<!-- This site is optimized with the Yoast SEO plugin v27.5 - https:\/\/yoast.com\/product\/yoast-seo-wordpress\/ -->\n<title>Beata Alexandrina Mar\u00eda da Costa, 13 de octubre - Exaudi Catholic News<\/title>\n<meta name=\"description\" content=\"Santoral del 13 de octubre, beata Alexandrina Mar\u00eda da Costa, escrito por Isabel Orellana y editado por la Fundaci\u00f3n Fernando Rielo.\" \/>\n<meta name=\"robots\" content=\"index, follow, max-snippet:-1, max-image-preview:large, max-video-preview:-1\" \/>\n<link rel=\"canonical\" href=\"https:\/\/exaudi.org\/es\/beata-alexandrina-maria-da-costa-13-octubre\/\" \/>\n<meta property=\"og:locale\" content=\"es_ES\" \/>\n<meta property=\"og:type\" content=\"article\" \/>\n<meta property=\"og:title\" content=\"Beata Alexandrina Mar\u00eda da Costa, 13 de octubre - Exaudi Catholic News\" \/>\n<meta property=\"og:description\" content=\"Santoral del 13 de octubre, beata Alexandrina Mar\u00eda da Costa, escrito por Isabel Orellana y editado por la Fundaci\u00f3n Fernando Rielo.\" \/>\n<meta property=\"og:url\" content=\"https:\/\/exaudi.org\/es\/beata-alexandrina-maria-da-costa-13-octubre\/\" \/>\n<meta property=\"og:site_name\" content=\"Exaudi\" \/>\n<meta property=\"article:publisher\" content=\"https:\/\/www.facebook.com\/ExaudiNews\" \/>\n<meta property=\"article:published_time\" content=\"2025-10-13T05:30:24+00:00\" \/>\n<meta property=\"og:image\" content=\"https:\/\/exaudi.org\/wp-content\/uploads\/2021\/10\/alexandrina-2.jpg\" \/>\n\t<meta property=\"og:image:width\" content=\"750\" \/>\n\t<meta property=\"og:image:height\" content=\"525\" \/>\n\t<meta property=\"og:image:type\" content=\"image\/jpeg\" \/>\n<meta name=\"author\" content=\"Isabel Orellana\" \/>\n<meta name=\"twitter:card\" content=\"summary_large_image\" \/>\n<meta name=\"twitter:creator\" content=\"@Exaudi_News\" \/>\n<meta name=\"twitter:site\" content=\"@Exaudi_News\" \/>\n<meta name=\"twitter:label1\" content=\"Escrito por\" \/>\n\t<meta name=\"twitter:data1\" content=\"Isabel Orellana\" \/>\n\t<meta name=\"twitter:label2\" content=\"Tiempo de lectura\" \/>\n\t<meta name=\"twitter:data2\" content=\"6 minutos\" \/>\n<script type=\"application\/ld+json\" class=\"yoast-schema-graph\">{\"@context\":\"https:\\\/\\\/schema.org\",\"@graph\":[{\"@type\":\"Article\",\"@id\":\"https:\\\/\\\/exaudi.org\\\/es\\\/beata-alexandrina-maria-da-costa-13-octubre\\\/#article\",\"isPartOf\":{\"@id\":\"https:\\\/\\\/exaudi.org\\\/es\\\/beata-alexandrina-maria-da-costa-13-octubre\\\/\"},\"author\":{\"name\":\"Isabel Orellana\",\"@id\":\"https:\\\/\\\/exaudi.org\\\/#\\\/schema\\\/person\\\/64e18b96fd6118559a9217b5b3375fdc\"},\"headline\":\"Beata Alexandrina Mar\u00eda da Costa, 13 de octubre\",\"datePublished\":\"2025-10-13T05:30:24+00:00\",\"mainEntityOfPage\":{\"@id\":\"https:\\\/\\\/exaudi.org\\\/es\\\/beata-alexandrina-maria-da-costa-13-octubre\\\/\"},\"wordCount\":1152,\"image\":{\"@id\":\"https:\\\/\\\/exaudi.org\\\/es\\\/beata-alexandrina-maria-da-costa-13-octubre\\\/#primaryimage\"},\"thumbnailUrl\":\"https:\\\/\\\/exaudi.org\\\/wp-content\\\/uploads\\\/2021\\\/10\\\/alexandrina-2.jpg\",\"keywords\":[\"Beata Alexandrina Mar\u00eda da Costa\",\"Isabel Orellana Vilches\",\"Santoral\",\"Trending\"],\"articleSection\":[\"Iglesia y Mundo\",\"Santoral\"],\"inLanguage\":\"es\"},{\"@type\":\"WebPage\",\"@id\":\"https:\\\/\\\/exaudi.org\\\/es\\\/beata-alexandrina-maria-da-costa-13-octubre\\\/\",\"url\":\"https:\\\/\\\/exaudi.org\\\/es\\\/beata-alexandrina-maria-da-costa-13-octubre\\\/\",\"name\":\"Beata Alexandrina Mar\u00eda da Costa, 13 de octubre - Exaudi Catholic News\",\"isPartOf\":{\"@id\":\"https:\\\/\\\/exaudi.org\\\/#website\"},\"primaryImageOfPage\":{\"@id\":\"https:\\\/\\\/exaudi.org\\\/es\\\/beata-alexandrina-maria-da-costa-13-octubre\\\/#primaryimage\"},\"image\":{\"@id\":\"https:\\\/\\\/exaudi.org\\\/es\\\/beata-alexandrina-maria-da-costa-13-octubre\\\/#primaryimage\"},\"thumbnailUrl\":\"https:\\\/\\\/exaudi.org\\\/wp-content\\\/uploads\\\/2021\\\/10\\\/alexandrina-2.jpg\",\"datePublished\":\"2025-10-13T05:30:24+00:00\",\"author\":{\"@id\":\"https:\\\/\\\/exaudi.org\\\/#\\\/schema\\\/person\\\/64e18b96fd6118559a9217b5b3375fdc\"},\"description\":\"Santoral del 13 de octubre, beata Alexandrina Mar\u00eda da Costa, escrito por Isabel Orellana y editado por la Fundaci\u00f3n Fernando Rielo.\",\"breadcrumb\":{\"@id\":\"https:\\\/\\\/exaudi.org\\\/es\\\/beata-alexandrina-maria-da-costa-13-octubre\\\/#breadcrumb\"},\"inLanguage\":\"es\",\"potentialAction\":[{\"@type\":\"ReadAction\",\"target\":[\"https:\\\/\\\/exaudi.org\\\/es\\\/beata-alexandrina-maria-da-costa-13-octubre\\\/\"]}]},{\"@type\":\"ImageObject\",\"inLanguage\":\"es\",\"@id\":\"https:\\\/\\\/exaudi.org\\\/es\\\/beata-alexandrina-maria-da-costa-13-octubre\\\/#primaryimage\",\"url\":\"https:\\\/\\\/exaudi.org\\\/wp-content\\\/uploads\\\/2021\\\/10\\\/alexandrina-2.jpg\",\"contentUrl\":\"https:\\\/\\\/exaudi.org\\\/wp-content\\\/uploads\\\/2021\\\/10\\\/alexandrina-2.jpg\",\"width\":750,\"height\":525,\"caption\":\"Beata Alexandrina Mar\u00eda da Costa \u00a9 Forosdelafe.org\"},{\"@type\":\"BreadcrumbList\",\"@id\":\"https:\\\/\\\/exaudi.org\\\/es\\\/beata-alexandrina-maria-da-costa-13-octubre\\\/#breadcrumb\",\"itemListElement\":[{\"@type\":\"ListItem\",\"position\":1,\"name\":\"Portada\",\"item\":\"https:\\\/\\\/exaudi.org\\\/es\\\/\"},{\"@type\":\"ListItem\",\"position\":2,\"name\":\"Beata Alexandrina Mar\u00eda da Costa, 13 de octubre\"}]},{\"@type\":\"WebSite\",\"@id\":\"https:\\\/\\\/exaudi.org\\\/#website\",\"url\":\"https:\\\/\\\/exaudi.org\\\/\",\"name\":\"Exaudi\",\"description\":\"News\",\"potentialAction\":[{\"@type\":\"SearchAction\",\"target\":{\"@type\":\"EntryPoint\",\"urlTemplate\":\"https:\\\/\\\/exaudi.org\\\/?s={search_term_string}\"},\"query-input\":{\"@type\":\"PropertyValueSpecification\",\"valueRequired\":true,\"valueName\":\"search_term_string\"}}],\"inLanguage\":\"es\"},{\"@type\":\"Person\",\"@id\":\"https:\\\/\\\/exaudi.org\\\/#\\\/schema\\\/person\\\/64e18b96fd6118559a9217b5b3375fdc\",\"name\":\"Isabel Orellana\",\"image\":{\"@type\":\"ImageObject\",\"inLanguage\":\"es\",\"@id\":\"https:\\\/\\\/secure.gravatar.com\\\/avatar\\\/51968380bbb6b22ae85c605634860366fd9a2a611c6341125115bca32cd6c171?s=96&d=mm&r=g\",\"url\":\"https:\\\/\\\/secure.gravatar.com\\\/avatar\\\/51968380bbb6b22ae85c605634860366fd9a2a611c6341125115bca32cd6c171?s=96&d=mm&r=g\",\"contentUrl\":\"https:\\\/\\\/secure.gravatar.com\\\/avatar\\\/51968380bbb6b22ae85c605634860366fd9a2a611c6341125115bca32cd6c171?s=96&d=mm&r=g\",\"caption\":\"Isabel Orellana\"},\"description\":\"Isabel Orellana Vilches Misionera idente. Doctora en Filosof\u00eda por la Universidad Aut\u00f3noma de Barcelona con la tesis Realismo y progreso cient\u00edfico en la epistemolog\u00eda popperiana. Ha cursado estudios de teolog\u00eda en la Universidad Pontificia de Salamanca. Con amplia actividad docente desde 1986, ha publicado libros como: Realismo y progreso cient\u00edfico en la epistemolog\u00eda popperiana, Universitat Aut\u00f2noma de Barcelona, 1993; El evangelio habla a los j\u00f3venes, Atenas, Madrid, 1997; Qu\u00e9 es... LA TOLERANCIA, Paulinas, Madrid, 1999; Pedagog\u00eda del dolor. Ensayo antropol\u00f3gico, Palabra, Madrid, 1999; En colaboraci\u00f3n con Enrique Rivera de Ventosa (\u2020) OFM. Cap. San Francisco de As\u00eds y Fernando Rielo: Convergencias. Respuestas desde la fe a los interrogantes del hombre de hoy, Universidad Pontificia, Salamanca, 2001; La \\\"mirada\\\" del cine. Recursos did\u00e1cticos del s\u00e9ptimo arte. Librer\u00eda Cervantes, Salamanca, 2001; Paradojas de la convivencia, San Pablo, Madrid, 2002; En la Universidad T\u00e9cnica Particular de Loja, Ecuador, ha publicado: La confianza. El arte de amar, 2002; Educar para la responsabilidad, 2003; Apuntes de \u00e9tica en Karl R. Popper, 2003; De soledades y comunicaci\u00f3n, 2005; Yo educo; t\u00fa respondes, 2008; Humanismo y fe en un crisol de culturas, 2008; Repensar lo cotidiano, 2008; Convivir: un constante desaf\u00edo, 2009; La l\u00f3gica del amor, 2010; El dolor del amor. Apuntes sobre la enfermedad y el dolor en relaci\u00f3n con la virtud heroica, el martirio y la vida santa. Seminario Diocesano de M\u00e1laga, 2006 y Universidad T\u00e9cnica Particular de Loja, Ecuador (2007). Cuenta con numerosas colaboraciones en obras colectivas, as\u00ed como relatos, cuentos, f\u00e1bula y novela juvenil, adem\u00e1s de art\u00edculos de tem\u00e1tica cient\u00edfica, pedag\u00f3gica y espiritual, que viene publicando en distintas revistas nacionales e internacionales. En 2012 culmin\u00f3 el santoral Llamados a ser santos y poco m\u00e1s tarde Epopeyas de amor prologado por mons. Fernando Sebasti\u00e1n. Es la bi\u00f3grafa oficial del fundador de su familia espiritual, autora de Fernando Rielo Pardal. Fundador de los Misioneros Identes, Descl\u00e9e de Brouwer, Bilbao, 2009. Culmina la biograf\u00eda completa. Encargada del santoral de ZENIT desde 2012 a 2020 y ahora en Exaudi\",\"url\":\"https:\\\/\\\/exaudi.org\\\/es\\\/author\\\/isabelorellana\\\/\"}]}<\/script>\n<!-- \/ Yoast SEO plugin. -->","yoast_head_json":{"title":"Beata Alexandrina Mar\u00eda da Costa, 13 de octubre - Exaudi Catholic News","description":"Santoral del 13 de octubre, beata Alexandrina Mar\u00eda da Costa, escrito por Isabel Orellana y editado por la Fundaci\u00f3n Fernando Rielo.","robots":{"index":"index","follow":"follow","max-snippet":"max-snippet:-1","max-image-preview":"max-image-preview:large","max-video-preview":"max-video-preview:-1"},"canonical":"https:\/\/exaudi.org\/es\/beata-alexandrina-maria-da-costa-13-octubre\/","og_locale":"es_ES","og_type":"article","og_title":"Beata Alexandrina Mar\u00eda da Costa, 13 de octubre - Exaudi Catholic News","og_description":"Santoral del 13 de octubre, beata Alexandrina Mar\u00eda da Costa, escrito por Isabel Orellana y editado por la Fundaci\u00f3n Fernando Rielo.","og_url":"https:\/\/exaudi.org\/es\/beata-alexandrina-maria-da-costa-13-octubre\/","og_site_name":"Exaudi","article_publisher":"https:\/\/www.facebook.com\/ExaudiNews","article_published_time":"2025-10-13T05:30:24+00:00","og_image":[{"width":750,"height":525,"url":"https:\/\/exaudi.org\/wp-content\/uploads\/2021\/10\/alexandrina-2.jpg","type":"image\/jpeg"}],"author":"Isabel Orellana","twitter_card":"summary_large_image","twitter_creator":"@Exaudi_News","twitter_site":"@Exaudi_News","twitter_misc":{"Escrito por":"Isabel Orellana","Tiempo de lectura":"6 minutos"},"schema":{"@context":"https:\/\/schema.org","@graph":[{"@type":"Article","@id":"https:\/\/exaudi.org\/es\/beata-alexandrina-maria-da-costa-13-octubre\/#article","isPartOf":{"@id":"https:\/\/exaudi.org\/es\/beata-alexandrina-maria-da-costa-13-octubre\/"},"author":{"name":"Isabel Orellana","@id":"https:\/\/exaudi.org\/#\/schema\/person\/64e18b96fd6118559a9217b5b3375fdc"},"headline":"Beata Alexandrina Mar\u00eda da Costa, 13 de octubre","datePublished":"2025-10-13T05:30:24+00:00","mainEntityOfPage":{"@id":"https:\/\/exaudi.org\/es\/beata-alexandrina-maria-da-costa-13-octubre\/"},"wordCount":1152,"image":{"@id":"https:\/\/exaudi.org\/es\/beata-alexandrina-maria-da-costa-13-octubre\/#primaryimage"},"thumbnailUrl":"https:\/\/exaudi.org\/wp-content\/uploads\/2021\/10\/alexandrina-2.jpg","keywords":["Beata Alexandrina Mar\u00eda da Costa","Isabel Orellana Vilches","Santoral","Trending"],"articleSection":["Iglesia y Mundo","Santoral"],"inLanguage":"es"},{"@type":"WebPage","@id":"https:\/\/exaudi.org\/es\/beata-alexandrina-maria-da-costa-13-octubre\/","url":"https:\/\/exaudi.org\/es\/beata-alexandrina-maria-da-costa-13-octubre\/","name":"Beata Alexandrina Mar\u00eda da Costa, 13 de octubre - Exaudi Catholic News","isPartOf":{"@id":"https:\/\/exaudi.org\/#website"},"primaryImageOfPage":{"@id":"https:\/\/exaudi.org\/es\/beata-alexandrina-maria-da-costa-13-octubre\/#primaryimage"},"image":{"@id":"https:\/\/exaudi.org\/es\/beata-alexandrina-maria-da-costa-13-octubre\/#primaryimage"},"thumbnailUrl":"https:\/\/exaudi.org\/wp-content\/uploads\/2021\/10\/alexandrina-2.jpg","datePublished":"2025-10-13T05:30:24+00:00","author":{"@id":"https:\/\/exaudi.org\/#\/schema\/person\/64e18b96fd6118559a9217b5b3375fdc"},"description":"Santoral del 13 de octubre, beata Alexandrina Mar\u00eda da Costa, escrito por Isabel Orellana y editado por la Fundaci\u00f3n Fernando Rielo.","breadcrumb":{"@id":"https:\/\/exaudi.org\/es\/beata-alexandrina-maria-da-costa-13-octubre\/#breadcrumb"},"inLanguage":"es","potentialAction":[{"@type":"ReadAction","target":["https:\/\/exaudi.org\/es\/beata-alexandrina-maria-da-costa-13-octubre\/"]}]},{"@type":"ImageObject","inLanguage":"es","@id":"https:\/\/exaudi.org\/es\/beata-alexandrina-maria-da-costa-13-octubre\/#primaryimage","url":"https:\/\/exaudi.org\/wp-content\/uploads\/2021\/10\/alexandrina-2.jpg","contentUrl":"https:\/\/exaudi.org\/wp-content\/uploads\/2021\/10\/alexandrina-2.jpg","width":750,"height":525,"caption":"Beata Alexandrina Mar\u00eda da Costa \u00a9 Forosdelafe.org"},{"@type":"BreadcrumbList","@id":"https:\/\/exaudi.org\/es\/beata-alexandrina-maria-da-costa-13-octubre\/#breadcrumb","itemListElement":[{"@type":"ListItem","position":1,"name":"Portada","item":"https:\/\/exaudi.org\/es\/"},{"@type":"ListItem","position":2,"name":"Beata Alexandrina Mar\u00eda da Costa, 13 de octubre"}]},{"@type":"WebSite","@id":"https:\/\/exaudi.org\/#website","url":"https:\/\/exaudi.org\/","name":"Exaudi","description":"News","potentialAction":[{"@type":"SearchAction","target":{"@type":"EntryPoint","urlTemplate":"https:\/\/exaudi.org\/?s={search_term_string}"},"query-input":{"@type":"PropertyValueSpecification","valueRequired":true,"valueName":"search_term_string"}}],"inLanguage":"es"},{"@type":"Person","@id":"https:\/\/exaudi.org\/#\/schema\/person\/64e18b96fd6118559a9217b5b3375fdc","name":"Isabel Orellana","image":{"@type":"ImageObject","inLanguage":"es","@id":"https:\/\/secure.gravatar.com\/avatar\/51968380bbb6b22ae85c605634860366fd9a2a611c6341125115bca32cd6c171?s=96&d=mm&r=g","url":"https:\/\/secure.gravatar.com\/avatar\/51968380bbb6b22ae85c605634860366fd9a2a611c6341125115bca32cd6c171?s=96&d=mm&r=g","contentUrl":"https:\/\/secure.gravatar.com\/avatar\/51968380bbb6b22ae85c605634860366fd9a2a611c6341125115bca32cd6c171?s=96&d=mm&r=g","caption":"Isabel Orellana"},"description":"Isabel Orellana Vilches Misionera idente. Doctora en Filosof\u00eda por la Universidad Aut\u00f3noma de Barcelona con la tesis Realismo y progreso cient\u00edfico en la epistemolog\u00eda popperiana. Ha cursado estudios de teolog\u00eda en la Universidad Pontificia de Salamanca. Con amplia actividad docente desde 1986, ha publicado libros como: Realismo y progreso cient\u00edfico en la epistemolog\u00eda popperiana, Universitat Aut\u00f2noma de Barcelona, 1993; El evangelio habla a los j\u00f3venes, Atenas, Madrid, 1997; Qu\u00e9 es... LA TOLERANCIA, Paulinas, Madrid, 1999; Pedagog\u00eda del dolor. Ensayo antropol\u00f3gico, Palabra, Madrid, 1999; En colaboraci\u00f3n con Enrique Rivera de Ventosa (\u2020) OFM. Cap. San Francisco de As\u00eds y Fernando Rielo: Convergencias. Respuestas desde la fe a los interrogantes del hombre de hoy, Universidad Pontificia, Salamanca, 2001; La \"mirada\" del cine. Recursos did\u00e1cticos del s\u00e9ptimo arte. Librer\u00eda Cervantes, Salamanca, 2001; Paradojas de la convivencia, San Pablo, Madrid, 2002; En la Universidad T\u00e9cnica Particular de Loja, Ecuador, ha publicado: La confianza. El arte de amar, 2002; Educar para la responsabilidad, 2003; Apuntes de \u00e9tica en Karl R. Popper, 2003; De soledades y comunicaci\u00f3n, 2005; Yo educo; t\u00fa respondes, 2008; Humanismo y fe en un crisol de culturas, 2008; Repensar lo cotidiano, 2008; Convivir: un constante desaf\u00edo, 2009; La l\u00f3gica del amor, 2010; El dolor del amor. Apuntes sobre la enfermedad y el dolor en relaci\u00f3n con la virtud heroica, el martirio y la vida santa. Seminario Diocesano de M\u00e1laga, 2006 y Universidad T\u00e9cnica Particular de Loja, Ecuador (2007). Cuenta con numerosas colaboraciones en obras colectivas, as\u00ed como relatos, cuentos, f\u00e1bula y novela juvenil, adem\u00e1s de art\u00edculos de tem\u00e1tica cient\u00edfica, pedag\u00f3gica y espiritual, que viene publicando en distintas revistas nacionales e internacionales. En 2012 culmin\u00f3 el santoral Llamados a ser santos y poco m\u00e1s tarde Epopeyas de amor prologado por mons. Fernando Sebasti\u00e1n. Es la bi\u00f3grafa oficial del fundador de su familia espiritual, autora de Fernando Rielo Pardal. Fundador de los Misioneros Identes, Descl\u00e9e de Brouwer, Bilbao, 2009. Culmina la biograf\u00eda completa. Encargada del santoral de ZENIT desde 2012 a 2020 y ahora en Exaudi","url":"https:\/\/exaudi.org\/es\/author\/isabelorellana\/"}]}},"jetpack_featured_media_url":"https:\/\/exaudi.org\/wp-content\/uploads\/2021\/10\/alexandrina-2.jpg","jetpack_shortlink":"https:\/\/wp.me\/pgKjF2-9uf","_links":{"self":[{"href":"https:\/\/exaudi.org\/es\/wp-json\/wp\/v2\/posts\/36471","targetHints":{"allow":["GET"]}}],"collection":[{"href":"https:\/\/exaudi.org\/es\/wp-json\/wp\/v2\/posts"}],"about":[{"href":"https:\/\/exaudi.org\/es\/wp-json\/wp\/v2\/types\/post"}],"author":[{"embeddable":true,"href":"https:\/\/exaudi.org\/es\/wp-json\/wp\/v2\/users\/23"}],"replies":[{"embeddable":true,"href":"https:\/\/exaudi.org\/es\/wp-json\/wp\/v2\/comments?post=36471"}],"version-history":[{"count":4,"href":"https:\/\/exaudi.org\/es\/wp-json\/wp\/v2\/posts\/36471\/revisions"}],"predecessor-version":[{"id":139962,"href":"https:\/\/exaudi.org\/es\/wp-json\/wp\/v2\/posts\/36471\/revisions\/139962"}],"wp:featuredmedia":[{"embeddable":true,"href":"https:\/\/exaudi.org\/es\/wp-json\/wp\/v2\/media\/36473"}],"wp:attachment":[{"href":"https:\/\/exaudi.org\/es\/wp-json\/wp\/v2\/media?parent=36471"}],"wp:term":[{"taxonomy":"category","embeddable":true,"href":"https:\/\/exaudi.org\/es\/wp-json\/wp\/v2\/categories?post=36471"},{"taxonomy":"post_tag","embeddable":true,"href":"https:\/\/exaudi.org\/es\/wp-json\/wp\/v2\/tags?post=36471"}],"curies":[{"name":"wp","href":"https:\/\/api.w.org\/{rel}","templated":true}]}}