{"id":36464,"date":"2021-10-13T08:55:20","date_gmt":"2021-10-13T06:55:20","guid":{"rendered":"https:\/\/exaudi.wpengine.com\/?p=36464"},"modified":"2021-10-13T09:01:36","modified_gmt":"2021-10-13T07:01:36","slug":"cardenal-arizmendi-otro-pais-sin-violencia","status":"publish","type":"post","link":"https:\/\/exaudi.org\/es\/cardenal-arizmendi-otro-pais-sin-violencia\/","title":{"rendered":"Cardenal Arizmendi: Otro pa\u00eds, sin violencia"},"content":{"rendered":"<p>El\u00a0<a href=\"https:\/\/exaudi.wpengine.com\/es\/author\/felipearizmendi\/\" target=\"_blank\" rel=\"noopener\">cardenal Felipe Arizmendi Esquivel<\/a>, obispo em\u00e9rito de San Crist\u00f3bal de Las Casas y responsable de la Doctrina de la Fe en la\u00a0<a href=\"https:\/\/www.cem.org.mx\/\" target=\"_blank\" rel=\"noopener\">Conferencia del Episcopado Mexicano (CEM)<\/a>, ofrece a los lectores de Exaudi su art\u00edculo semanal titulado \u201cOtro pa\u00eds, sin violencia\u201d.<\/p>\n<p>***<\/p>\n<h4><strong>Ver<\/strong><\/h4>\n<p>El crimen organizado, en sus muy variadas formas, ha ido invadiendo m\u00e1s y m\u00e1s espacios. Pareciera que son ellos los que mandan y que el gobierno est\u00e1 rebasado y ausente. Me resisto a creer que haya un acuerdo entre las altas autoridades federales y los capos de los diversos grupos criminales, pues este ser\u00eda el peor escenario de lo que nos pueda pasar.<\/p>\n<p>Muchos ciudadanos se sienten indefensos e impotentes. No se atreven a hacer denuncias formales, por el peligro de muerte que les asecha si lo hacen. Tienen que someterse a las exigencias de narcotraficantes, extorsionadores, violadores, secuestradores, ladrones y asesinos. Las v\u00edctimas son no s\u00f3lo los grandes empresarios y due\u00f1os de industrias y comercios, sino simples vendedores de mercados, due\u00f1os de peque\u00f1as tiendas de abarrotes, de puestos de comida en la plaza, de autotransportes, de agricultores. Si no cumplen con el \u201ccobro de piso\u201d que arbitrariamente les imponen, les queman sus veh\u00edculos, sus comercios y restaurantes, sus casas, y los eliminan impunemente. \u00a1Cu\u00e1ntas personas han tenido que salir huyendo de sus domicilios y buscar refugio en otras partes, incluso emigrar fuera del pa\u00eds! \u00bfD\u00f3nde est\u00e1 la autoridad, que tiene la obligaci\u00f3n constitucional de proteger a la ciudadan\u00eda? Ya no vale echar siempre la culpa a gobiernos anteriores, sino asumir su propia responsabilidad. \u00bfEn qui\u00e9n podemos confiar y a qui\u00e9n podemos acudir?<\/p>\n<p>Como jerarqu\u00eda de la Iglesia, no podemos eximirnos de cuestionarnos en qu\u00e9 hemos fallado, pues muchos delincuentes se declaran creyentes y piden sacramentos para sus hijos. Tenemos que revisar nuestras celebraciones y predicaciones, las catequesis, nuestra relaci\u00f3n con diversos sectores de la sociedad. Son pocos los grupos juveniles de nuestras parroquias, aparte de los coros parroquiales, con quienes logremos procesos de evangelizaci\u00f3n m\u00e1s kerigm\u00e1tica y con dimensi\u00f3n social. No vale culpar s\u00f3lo al gobierno, sino asumir tambi\u00e9n nuestras responsabilidades pastorales.<\/p>\n<h4><strong>Pensar<\/strong><\/h4>\n<p>El Papa Francisco, en su visita a nuestro pa\u00eds en febrero de 2016, dijo a las autoridades civiles: \u201cUn futuro esperanzador se forja en un presente de hombres y mujeres justos, honestos, capaces de empen\u0303arse en el bien comu\u0301n. La experiencia nos demuestra que cada vez que buscamos el camino del privilegio o beneficio de unos pocos en detrimento del bien de todos, tarde o temprano, la vida en sociedad se vuelve un terreno fe\u0301rtil para la corrupcio\u0301n, el narcotra\u0301fico, la exclusio\u0301n de las culturas diferentes, la violencia e incluso el tra\u0301fico de personas, el secuestro y la muerte, causando sufrimiento y frenando el desarrollo.<\/p>\n<p>A los dirigentes de la vida social, cultural y poli\u0301tica, les corresponde de modo especial trabajar para ofrecer a todos los ciudadanos la oportunidad de ser dignos actores de su propio destino, en su familia y en todos los ci\u0301rculos en los que se desarrolla la sociabilidad humana, ayuda\u0301ndoles a un acceso efectivo a los bienes materiales y espirituales indispensables: vivienda adecuada, trabajo digno, alimento, justicia real, seguridad efectiva, un ambiente sano y de paz.<\/p>\n<p>Esto no es so\u0301lo un asunto de leyes que requieran de actualizaciones y mejoras \u2014siempre necesarias\u2014, sino de una urgente formacio\u0301n de la responsabilidad personal de cada uno, con pleno respeto del otro como corresponsable en la causa comu\u0301n de promover el desarrollo nacional. Es una tarea que involucra a todo el pueblo mexicano en las distintas instancias tanto pu\u0301blicas como privadas, tanto colectivas como individuales\u201d (13 febrero 2016).<\/p>\n<p>Los obispos mexicanos, en el Proyecto Global de Pastoral 2031+2033, decimos al respecto:<\/p>\n<p>\u201cLamentamos profundamente la desaparici\u00f3n y muerte de miles de j\u00f3venes en los \u00faltimos tiempos, los feminicidios, verdaderos r\u00edos de sangre nueva que han corrido por nuestros pueblos y ciudades; la situaci\u00f3n de muchos de ellos envueltos en la violencia, el narcotr\u00e1fico, la trata de personas, la falta de oportunidades, el desempleo, la migraci\u00f3n y el descarte. Un pa\u00eds sin adolescentes y j\u00f3venes sanos, humana y socialmente, es un pa\u00eds sin futuro\u201d (51).<\/p>\n<p>\u201cHoy vivimos situaciones que nos han rebasado en mucho y que son un verdadero calvario para personas, familias y comunidades enteras, en una espiral de dolor a la que por el momento no se le ve fin. Muchos pueblos en nuestro pa\u00eds experimentan constantemente la inseguridad, el miedo, el abandono de sus hogares y una completa orfandad por parte de quienes tienen la obligaci\u00f3n de proteger sus vidas y cuidar sus bienes. Tal parece que esta situaci\u00f3n de violencia ha rebasado a las autoridades en muchas partes del pa\u00eds, los grupos delincuenciales se han establecido como verdaderos due\u00f1os y se\u00f1ores de espacios y cotos de poder y, debido a la furia y a la capacidad de terror de muchos de ellos, han puesto a prueba la fuerza de la ley y del orden. Son muchos los sufrimientos que a causa de la violencia a lo largo de estos \u00faltimos a\u00f1os se han ido acumulando en las familias del pueblo mexicano\u201d (56).<\/p>\n<h4><strong>A<\/strong><strong>ctuar<\/strong><\/h4>\n<p>Ante la situaci\u00f3n de tanta violencia que se vive en el pa\u00eds, los obispos hicimos la opci\u00f3n por una Iglesia comprometida con la paz y las causas sociales, con estos compromisos:<\/p>\n<ol>\n<li>Incorporar la Doctrina Social de la Iglesia como un eje transversal en la formaci\u00f3n de los agentes de pastoral, en las catequesis ordinarias y pre-sacramentales de todos los fieles cristianos.<\/li>\n<li>Impulsar y reconstruir el sentido comunitario de nuestras comunidades, para que toda persona se involucre y participe en las causas sociales de la sociedad.<\/li>\n<li>Dialogar y colaborar con la sociedad civil y con los organismos nacionales e internacionales para construir la paz.<\/li>\n<li>Apoyar y acompa\u00f1ar las causas ind\u00edgenas en el cuidado y protecci\u00f3n de sus riquezas naturales, de su territorio y su cultura.<\/li>\n<li>Apoyar la fundaci\u00f3n de centros de Derechos Humanos en las comunidades cristianas, de manera que se fortalezca el Estado de derecho en nuestro pa\u00eds.<\/li>\n<li>Recibir con caridad, acompa\u00f1ar, defender los derechos e integrar a los hermanos y hermanas migrantes que transiten o deseen permanecer con nosotros.<\/li>\n<li>Fomentar el sentido de responsabilidad civil de los ciudadanos.<\/li>\n<\/ol>\n<p>Hicimos, entre otros, estos compromisos con los j\u00f3venes:<\/p>\n<p>Promover iniciativas de educaci\u00f3n y desarrollo humano integral de los adolescentes y j\u00f3venes en nuestras parroquias, en espacios donde se sientan atendidos y acompa\u00f1ados, con el esfuerzo y la participaci\u00f3n de los mismos j\u00f3venes y de las familias. Realizar proyectos pastorales encaminados a acompa\u00f1ar y ayudar a los j\u00f3venes en riesgo de: violencia, narcotr\u00e1fico, prostituci\u00f3n, trata de personas, etc., con ambientes m\u00e1s sanos que les ayude a desarrollar su esp\u00edritu juvenil.<\/p>\n<p>Asumamos cada quien lo que nos toca, para combatir la violencia no con m\u00e1s violencia, sino con una evangelizaci\u00f3n y una pastoral que incida en las realidades que vive el pueblo.<\/p>\n<audio class=\"wp-audio-shortcode\" id=\"audio-36464-1\" preload=\"none\" style=\"width: 100%;\" controls=\"controls\"><source type=\"audio\/mpeg\" src=\"https:\/\/exaudi.wpengine.com\/wp-content\/uploads\/2021\/10\/Articulo-12-octubre.mp3?_=1\" \/><a href=\"https:\/\/exaudi.wpengine.com\/wp-content\/uploads\/2021\/10\/Articulo-12-octubre.mp3\">https:\/\/exaudi.wpengine.com\/wp-content\/uploads\/2021\/10\/Articulo-12-octubre.mp3<\/a><\/audio>\n","protected":false},"excerpt":{"rendered":"<p>Combatir la violencia con una evangelizaci\u00f3n y una pastoral que incida en las realidades que vive el pueblo<\/p>\n","protected":false},"author":24,"featured_media":36465,"comment_status":"open","ping_status":"open","sticky":false,"template":"","format":"standard","meta":{"_acf_changed":false,"_crdt_document":"","inline_featured_image":false,"footnotes":""},"categories":[130],"tags":[4506,2419,725],"class_list":["post-36464","post","type-post","status-publish","format-standard","has-post-thumbnail","hentry","category-voces","tag-cardenale-felipe-arizmendi","tag-featured","tag-violencia"],"acf":[],"yoast_head":"<!-- This site is optimized with the Yoast SEO plugin v27.4 - https:\/\/yoast.com\/product\/yoast-seo-wordpress\/ -->\n<title>Cardenal Arizmendi: Otro pa\u00eds, sin violencia &#8211; Exaudi<\/title>\n<meta name=\"description\" content=\"El\u00a0cardenal Felipe Arizmendi, obispo em\u00e9rito de San Crist\u00f3bal de Las Casas, ofrece su art\u00edculo semanal titulado \u201cOtro pa\u00eds, sin violencia\u201d.\" \/>\n<meta name=\"robots\" content=\"index, follow, max-snippet:-1, max-image-preview:large, max-video-preview:-1\" \/>\n<link rel=\"canonical\" href=\"https:\/\/exaudi.org\/es\/cardenal-arizmendi-otro-pais-sin-violencia\/\" \/>\n<meta property=\"og:locale\" content=\"es_ES\" \/>\n<meta property=\"og:type\" content=\"article\" \/>\n<meta property=\"og:title\" content=\"Cardenal Arizmendi: Otro pa\u00eds, sin violencia &#8211; Exaudi\" \/>\n<meta property=\"og:description\" content=\"El\u00a0cardenal Felipe Arizmendi, obispo em\u00e9rito de San Crist\u00f3bal de Las Casas, ofrece su art\u00edculo semanal titulado \u201cOtro pa\u00eds, sin violencia\u201d.\" \/>\n<meta property=\"og:url\" content=\"https:\/\/exaudi.org\/es\/cardenal-arizmendi-otro-pais-sin-violencia\/\" \/>\n<meta property=\"og:site_name\" content=\"Exaudi\" \/>\n<meta property=\"article:publisher\" content=\"https:\/\/www.facebook.com\/ExaudiNews\" \/>\n<meta property=\"article:published_time\" content=\"2021-10-13T06:55:20+00:00\" \/>\n<meta property=\"article:modified_time\" content=\"2021-10-13T07:01:36+00:00\" \/>\n<meta property=\"og:image\" content=\"https:\/\/exaudi.org\/wp-content\/uploads\/2021\/10\/pexels-helena-lopes-697243-scaled.jpg\" \/>\n\t<meta property=\"og:image:width\" content=\"2560\" \/>\n\t<meta property=\"og:image:height\" content=\"1707\" \/>\n\t<meta property=\"og:image:type\" content=\"image\/jpeg\" \/>\n<meta name=\"author\" content=\"Cardenal Felipe Arizmendi\" \/>\n<meta name=\"twitter:card\" content=\"summary_large_image\" \/>\n<meta name=\"twitter:creator\" content=\"@Exaudi_News\" \/>\n<meta name=\"twitter:site\" content=\"@Exaudi_News\" \/>\n<meta name=\"twitter:label1\" content=\"Escrito por\" \/>\n\t<meta name=\"twitter:data1\" content=\"Cardenal Felipe Arizmendi\" \/>\n\t<meta name=\"twitter:label2\" content=\"Tiempo de lectura\" \/>\n\t<meta name=\"twitter:data2\" content=\"5 minutos\" \/>\n<script type=\"application\/ld+json\" class=\"yoast-schema-graph\">{\"@context\":\"https:\\\/\\\/schema.org\",\"@graph\":[{\"@type\":\"Article\",\"@id\":\"https:\\\/\\\/exaudi.org\\\/es\\\/cardenal-arizmendi-otro-pais-sin-violencia\\\/#article\",\"isPartOf\":{\"@id\":\"https:\\\/\\\/exaudi.org\\\/es\\\/cardenal-arizmendi-otro-pais-sin-violencia\\\/\"},\"author\":{\"name\":\"Cardenal Felipe Arizmendi\",\"@id\":\"https:\\\/\\\/exaudi.org\\\/#\\\/schema\\\/person\\\/c7d223f87e58f1105d044d8da1439102\"},\"headline\":\"Cardenal Arizmendi: Otro pa\u00eds, sin violencia\",\"datePublished\":\"2021-10-13T06:55:20+00:00\",\"dateModified\":\"2021-10-13T07:01:36+00:00\",\"mainEntityOfPage\":{\"@id\":\"https:\\\/\\\/exaudi.org\\\/es\\\/cardenal-arizmendi-otro-pais-sin-violencia\\\/\"},\"wordCount\":1229,\"commentCount\":0,\"image\":{\"@id\":\"https:\\\/\\\/exaudi.org\\\/es\\\/cardenal-arizmendi-otro-pais-sin-violencia\\\/#primaryimage\"},\"thumbnailUrl\":\"https:\\\/\\\/exaudi.org\\\/wp-content\\\/uploads\\\/2021\\\/10\\\/pexels-helena-lopes-697243-scaled.jpg\",\"keywords\":[\"Cardenale Felipe Arizmendi\",\"Featured\",\"violencia\"],\"articleSection\":[\"Voces\"],\"inLanguage\":\"es\",\"potentialAction\":[{\"@type\":\"CommentAction\",\"name\":\"Comment\",\"target\":[\"https:\\\/\\\/exaudi.org\\\/es\\\/cardenal-arizmendi-otro-pais-sin-violencia\\\/#respond\"]}]},{\"@type\":\"WebPage\",\"@id\":\"https:\\\/\\\/exaudi.org\\\/es\\\/cardenal-arizmendi-otro-pais-sin-violencia\\\/\",\"url\":\"https:\\\/\\\/exaudi.org\\\/es\\\/cardenal-arizmendi-otro-pais-sin-violencia\\\/\",\"name\":\"Cardenal Arizmendi: Otro pa\u00eds, sin violencia &#8211; Exaudi\",\"isPartOf\":{\"@id\":\"https:\\\/\\\/exaudi.org\\\/#website\"},\"primaryImageOfPage\":{\"@id\":\"https:\\\/\\\/exaudi.org\\\/es\\\/cardenal-arizmendi-otro-pais-sin-violencia\\\/#primaryimage\"},\"image\":{\"@id\":\"https:\\\/\\\/exaudi.org\\\/es\\\/cardenal-arizmendi-otro-pais-sin-violencia\\\/#primaryimage\"},\"thumbnailUrl\":\"https:\\\/\\\/exaudi.org\\\/wp-content\\\/uploads\\\/2021\\\/10\\\/pexels-helena-lopes-697243-scaled.jpg\",\"datePublished\":\"2021-10-13T06:55:20+00:00\",\"dateModified\":\"2021-10-13T07:01:36+00:00\",\"author\":{\"@id\":\"https:\\\/\\\/exaudi.org\\\/#\\\/schema\\\/person\\\/c7d223f87e58f1105d044d8da1439102\"},\"description\":\"El\u00a0cardenal Felipe Arizmendi, obispo em\u00e9rito de San Crist\u00f3bal de Las Casas, ofrece su art\u00edculo semanal titulado \u201cOtro pa\u00eds, sin violencia\u201d.\",\"breadcrumb\":{\"@id\":\"https:\\\/\\\/exaudi.org\\\/es\\\/cardenal-arizmendi-otro-pais-sin-violencia\\\/#breadcrumb\"},\"inLanguage\":\"es\",\"potentialAction\":[{\"@type\":\"ReadAction\",\"target\":[\"https:\\\/\\\/exaudi.org\\\/es\\\/cardenal-arizmendi-otro-pais-sin-violencia\\\/\"]}]},{\"@type\":\"ImageObject\",\"inLanguage\":\"es\",\"@id\":\"https:\\\/\\\/exaudi.org\\\/es\\\/cardenal-arizmendi-otro-pais-sin-violencia\\\/#primaryimage\",\"url\":\"https:\\\/\\\/exaudi.org\\\/wp-content\\\/uploads\\\/2021\\\/10\\\/pexels-helena-lopes-697243-scaled.jpg\",\"contentUrl\":\"https:\\\/\\\/exaudi.org\\\/wp-content\\\/uploads\\\/2021\\\/10\\\/pexels-helena-lopes-697243-scaled.jpg\",\"width\":2560,\"height\":1707,\"caption\":\"Abrazo \u00a9 Pexels. Helena Lopes\"},{\"@type\":\"BreadcrumbList\",\"@id\":\"https:\\\/\\\/exaudi.org\\\/es\\\/cardenal-arizmendi-otro-pais-sin-violencia\\\/#breadcrumb\",\"itemListElement\":[{\"@type\":\"ListItem\",\"position\":1,\"name\":\"Portada\",\"item\":\"https:\\\/\\\/exaudi.org\\\/es\\\/\"},{\"@type\":\"ListItem\",\"position\":2,\"name\":\"Cardenal Arizmendi: Otro pa\u00eds, sin violencia\"}]},{\"@type\":\"WebSite\",\"@id\":\"https:\\\/\\\/exaudi.org\\\/#website\",\"url\":\"https:\\\/\\\/exaudi.org\\\/\",\"name\":\"Exaudi\",\"description\":\"News\",\"potentialAction\":[{\"@type\":\"SearchAction\",\"target\":{\"@type\":\"EntryPoint\",\"urlTemplate\":\"https:\\\/\\\/exaudi.org\\\/?s={search_term_string}\"},\"query-input\":{\"@type\":\"PropertyValueSpecification\",\"valueRequired\":true,\"valueName\":\"search_term_string\"}}],\"inLanguage\":\"es\"},{\"@type\":\"Person\",\"@id\":\"https:\\\/\\\/exaudi.org\\\/#\\\/schema\\\/person\\\/c7d223f87e58f1105d044d8da1439102\",\"name\":\"Cardenal Felipe Arizmendi\",\"image\":{\"@type\":\"ImageObject\",\"inLanguage\":\"es\",\"@id\":\"https:\\\/\\\/secure.gravatar.com\\\/avatar\\\/4ffc5520d896b86d39346168903de33a17ef0f23d16de0ff45062c1ff422ed2f?s=96&d=mm&r=g\",\"url\":\"https:\\\/\\\/secure.gravatar.com\\\/avatar\\\/4ffc5520d896b86d39346168903de33a17ef0f23d16de0ff45062c1ff422ed2f?s=96&d=mm&r=g\",\"contentUrl\":\"https:\\\/\\\/secure.gravatar.com\\\/avatar\\\/4ffc5520d896b86d39346168903de33a17ef0f23d16de0ff45062c1ff422ed2f?s=96&d=mm&r=g\",\"caption\":\"Cardenal Felipe Arizmendi\"},\"description\":\"Nacido en Chiltepec el 1 de mayo de 1940. Estudi\u00f3 Humanidades y Filosof\u00eda en el Seminario de Toluca, de 1952 a 1959. Curs\u00f3 la Teolog\u00eda en la Universidad Pontificia de Salamanca, Espa\u00f1a, de 1959 a 1963, obteniendo la licenciatura en Teolog\u00eda Dogm\u00e1tica. Por su cuenta, se especializ\u00f3 en Liturgia. Fue ordenado sacerdote el 25 de agosto de 1963 en Toluca. Sirvi\u00f3 como Vicario Parroquial en tres parroquias por tres a\u00f1os y medio y fue p\u00e1rroco de una comunidad ind\u00edgena otom\u00ed, de 1967 a 1970. Fue Director Espiritual del Seminario de Toluca por diez a\u00f1os, y Rector del mismo de 1981 a 1991. El 7 de marzo de 1991, fue ordenado obispo de la di\u00f3cesis de Tapachula, donde estuvo hasta el 30 de abril del a\u00f1o 2000. El 1 de mayo del 2000, inici\u00f3 su ministerio episcopal como XLVI obispo de la di\u00f3cesis de San Crist\u00f3bal de las Casas, Chiapas, una de las di\u00f3cesis m\u00e1s antiguas de M\u00e9xico, erigida en 1539; all\u00ed sirvi\u00f3 por casi 18 a\u00f1os. Ha ocupado diversos cargos en la Conferencia del Episcopado Mexicano y en el CELAM. El 3 de noviembre de 2017, el Papa Francisco le acept\u00f3, por edad, su renuncia al servicio episcopal en esta di\u00f3cesis, que entreg\u00f3 a su sucesor el 3 de enero de 2018. Desde entonces, reside en la ciudad de Toluca. Desde 1979, escribe art\u00edculos de actualidad en varios medios religiosos y civiles. Es autor de varias publicaciones.\",\"url\":\"https:\\\/\\\/exaudi.org\\\/es\\\/author\\\/felipearizmendi\\\/\"}]}<\/script>\n<!-- \/ Yoast SEO plugin. -->","yoast_head_json":{"title":"Cardenal Arizmendi: Otro pa\u00eds, sin violencia &#8211; Exaudi","description":"El\u00a0cardenal Felipe Arizmendi, obispo em\u00e9rito de San Crist\u00f3bal de Las Casas, ofrece su art\u00edculo semanal titulado \u201cOtro pa\u00eds, sin violencia\u201d.","robots":{"index":"index","follow":"follow","max-snippet":"max-snippet:-1","max-image-preview":"max-image-preview:large","max-video-preview":"max-video-preview:-1"},"canonical":"https:\/\/exaudi.org\/es\/cardenal-arizmendi-otro-pais-sin-violencia\/","og_locale":"es_ES","og_type":"article","og_title":"Cardenal Arizmendi: Otro pa\u00eds, sin violencia &#8211; Exaudi","og_description":"El\u00a0cardenal Felipe Arizmendi, obispo em\u00e9rito de San Crist\u00f3bal de Las Casas, ofrece su art\u00edculo semanal titulado \u201cOtro pa\u00eds, sin violencia\u201d.","og_url":"https:\/\/exaudi.org\/es\/cardenal-arizmendi-otro-pais-sin-violencia\/","og_site_name":"Exaudi","article_publisher":"https:\/\/www.facebook.com\/ExaudiNews","article_published_time":"2021-10-13T06:55:20+00:00","article_modified_time":"2021-10-13T07:01:36+00:00","og_image":[{"width":2560,"height":1707,"url":"https:\/\/exaudi.org\/wp-content\/uploads\/2021\/10\/pexels-helena-lopes-697243-scaled.jpg","type":"image\/jpeg"}],"author":"Cardenal Felipe Arizmendi","twitter_card":"summary_large_image","twitter_creator":"@Exaudi_News","twitter_site":"@Exaudi_News","twitter_misc":{"Escrito por":"Cardenal Felipe Arizmendi","Tiempo de lectura":"5 minutos"},"schema":{"@context":"https:\/\/schema.org","@graph":[{"@type":"Article","@id":"https:\/\/exaudi.org\/es\/cardenal-arizmendi-otro-pais-sin-violencia\/#article","isPartOf":{"@id":"https:\/\/exaudi.org\/es\/cardenal-arizmendi-otro-pais-sin-violencia\/"},"author":{"name":"Cardenal Felipe Arizmendi","@id":"https:\/\/exaudi.org\/#\/schema\/person\/c7d223f87e58f1105d044d8da1439102"},"headline":"Cardenal Arizmendi: Otro pa\u00eds, sin violencia","datePublished":"2021-10-13T06:55:20+00:00","dateModified":"2021-10-13T07:01:36+00:00","mainEntityOfPage":{"@id":"https:\/\/exaudi.org\/es\/cardenal-arizmendi-otro-pais-sin-violencia\/"},"wordCount":1229,"commentCount":0,"image":{"@id":"https:\/\/exaudi.org\/es\/cardenal-arizmendi-otro-pais-sin-violencia\/#primaryimage"},"thumbnailUrl":"https:\/\/exaudi.org\/wp-content\/uploads\/2021\/10\/pexels-helena-lopes-697243-scaled.jpg","keywords":["Cardenale Felipe Arizmendi","Featured","violencia"],"articleSection":["Voces"],"inLanguage":"es","potentialAction":[{"@type":"CommentAction","name":"Comment","target":["https:\/\/exaudi.org\/es\/cardenal-arizmendi-otro-pais-sin-violencia\/#respond"]}]},{"@type":"WebPage","@id":"https:\/\/exaudi.org\/es\/cardenal-arizmendi-otro-pais-sin-violencia\/","url":"https:\/\/exaudi.org\/es\/cardenal-arizmendi-otro-pais-sin-violencia\/","name":"Cardenal Arizmendi: Otro pa\u00eds, sin violencia &#8211; Exaudi","isPartOf":{"@id":"https:\/\/exaudi.org\/#website"},"primaryImageOfPage":{"@id":"https:\/\/exaudi.org\/es\/cardenal-arizmendi-otro-pais-sin-violencia\/#primaryimage"},"image":{"@id":"https:\/\/exaudi.org\/es\/cardenal-arizmendi-otro-pais-sin-violencia\/#primaryimage"},"thumbnailUrl":"https:\/\/exaudi.org\/wp-content\/uploads\/2021\/10\/pexels-helena-lopes-697243-scaled.jpg","datePublished":"2021-10-13T06:55:20+00:00","dateModified":"2021-10-13T07:01:36+00:00","author":{"@id":"https:\/\/exaudi.org\/#\/schema\/person\/c7d223f87e58f1105d044d8da1439102"},"description":"El\u00a0cardenal Felipe Arizmendi, obispo em\u00e9rito de San Crist\u00f3bal de Las Casas, ofrece su art\u00edculo semanal titulado \u201cOtro pa\u00eds, sin violencia\u201d.","breadcrumb":{"@id":"https:\/\/exaudi.org\/es\/cardenal-arizmendi-otro-pais-sin-violencia\/#breadcrumb"},"inLanguage":"es","potentialAction":[{"@type":"ReadAction","target":["https:\/\/exaudi.org\/es\/cardenal-arizmendi-otro-pais-sin-violencia\/"]}]},{"@type":"ImageObject","inLanguage":"es","@id":"https:\/\/exaudi.org\/es\/cardenal-arizmendi-otro-pais-sin-violencia\/#primaryimage","url":"https:\/\/exaudi.org\/wp-content\/uploads\/2021\/10\/pexels-helena-lopes-697243-scaled.jpg","contentUrl":"https:\/\/exaudi.org\/wp-content\/uploads\/2021\/10\/pexels-helena-lopes-697243-scaled.jpg","width":2560,"height":1707,"caption":"Abrazo \u00a9 Pexels. Helena Lopes"},{"@type":"BreadcrumbList","@id":"https:\/\/exaudi.org\/es\/cardenal-arizmendi-otro-pais-sin-violencia\/#breadcrumb","itemListElement":[{"@type":"ListItem","position":1,"name":"Portada","item":"https:\/\/exaudi.org\/es\/"},{"@type":"ListItem","position":2,"name":"Cardenal Arizmendi: Otro pa\u00eds, sin violencia"}]},{"@type":"WebSite","@id":"https:\/\/exaudi.org\/#website","url":"https:\/\/exaudi.org\/","name":"Exaudi","description":"News","potentialAction":[{"@type":"SearchAction","target":{"@type":"EntryPoint","urlTemplate":"https:\/\/exaudi.org\/?s={search_term_string}"},"query-input":{"@type":"PropertyValueSpecification","valueRequired":true,"valueName":"search_term_string"}}],"inLanguage":"es"},{"@type":"Person","@id":"https:\/\/exaudi.org\/#\/schema\/person\/c7d223f87e58f1105d044d8da1439102","name":"Cardenal Felipe Arizmendi","image":{"@type":"ImageObject","inLanguage":"es","@id":"https:\/\/secure.gravatar.com\/avatar\/4ffc5520d896b86d39346168903de33a17ef0f23d16de0ff45062c1ff422ed2f?s=96&d=mm&r=g","url":"https:\/\/secure.gravatar.com\/avatar\/4ffc5520d896b86d39346168903de33a17ef0f23d16de0ff45062c1ff422ed2f?s=96&d=mm&r=g","contentUrl":"https:\/\/secure.gravatar.com\/avatar\/4ffc5520d896b86d39346168903de33a17ef0f23d16de0ff45062c1ff422ed2f?s=96&d=mm&r=g","caption":"Cardenal Felipe Arizmendi"},"description":"Nacido en Chiltepec el 1 de mayo de 1940. Estudi\u00f3 Humanidades y Filosof\u00eda en el Seminario de Toluca, de 1952 a 1959. Curs\u00f3 la Teolog\u00eda en la Universidad Pontificia de Salamanca, Espa\u00f1a, de 1959 a 1963, obteniendo la licenciatura en Teolog\u00eda Dogm\u00e1tica. Por su cuenta, se especializ\u00f3 en Liturgia. Fue ordenado sacerdote el 25 de agosto de 1963 en Toluca. Sirvi\u00f3 como Vicario Parroquial en tres parroquias por tres a\u00f1os y medio y fue p\u00e1rroco de una comunidad ind\u00edgena otom\u00ed, de 1967 a 1970. Fue Director Espiritual del Seminario de Toluca por diez a\u00f1os, y Rector del mismo de 1981 a 1991. El 7 de marzo de 1991, fue ordenado obispo de la di\u00f3cesis de Tapachula, donde estuvo hasta el 30 de abril del a\u00f1o 2000. El 1 de mayo del 2000, inici\u00f3 su ministerio episcopal como XLVI obispo de la di\u00f3cesis de San Crist\u00f3bal de las Casas, Chiapas, una de las di\u00f3cesis m\u00e1s antiguas de M\u00e9xico, erigida en 1539; all\u00ed sirvi\u00f3 por casi 18 a\u00f1os. Ha ocupado diversos cargos en la Conferencia del Episcopado Mexicano y en el CELAM. El 3 de noviembre de 2017, el Papa Francisco le acept\u00f3, por edad, su renuncia al servicio episcopal en esta di\u00f3cesis, que entreg\u00f3 a su sucesor el 3 de enero de 2018. Desde entonces, reside en la ciudad de Toluca. Desde 1979, escribe art\u00edculos de actualidad en varios medios religiosos y civiles. Es autor de varias publicaciones.","url":"https:\/\/exaudi.org\/es\/author\/felipearizmendi\/"}]}},"jetpack_featured_media_url":"https:\/\/exaudi.org\/wp-content\/uploads\/2021\/10\/pexels-helena-lopes-697243-scaled.jpg","jetpack_shortlink":"https:\/\/wp.me\/pgKjF2-9u8","_links":{"self":[{"href":"https:\/\/exaudi.org\/es\/wp-json\/wp\/v2\/posts\/36464","targetHints":{"allow":["GET"]}}],"collection":[{"href":"https:\/\/exaudi.org\/es\/wp-json\/wp\/v2\/posts"}],"about":[{"href":"https:\/\/exaudi.org\/es\/wp-json\/wp\/v2\/types\/post"}],"author":[{"embeddable":true,"href":"https:\/\/exaudi.org\/es\/wp-json\/wp\/v2\/users\/24"}],"replies":[{"embeddable":true,"href":"https:\/\/exaudi.org\/es\/wp-json\/wp\/v2\/comments?post=36464"}],"version-history":[{"count":0,"href":"https:\/\/exaudi.org\/es\/wp-json\/wp\/v2\/posts\/36464\/revisions"}],"wp:featuredmedia":[{"embeddable":true,"href":"https:\/\/exaudi.org\/es\/wp-json\/wp\/v2\/media\/36465"}],"wp:attachment":[{"href":"https:\/\/exaudi.org\/es\/wp-json\/wp\/v2\/media?parent=36464"}],"wp:term":[{"taxonomy":"category","embeddable":true,"href":"https:\/\/exaudi.org\/es\/wp-json\/wp\/v2\/categories?post=36464"},{"taxonomy":"post_tag","embeddable":true,"href":"https:\/\/exaudi.org\/es\/wp-json\/wp\/v2\/tags?post=36464"}],"curies":[{"name":"wp","href":"https:\/\/api.w.org\/{rel}","templated":true}]}}