{"id":36411,"date":"2021-10-12T10:28:46","date_gmt":"2021-10-12T08:28:46","guid":{"rendered":"https:\/\/exaudi.wpengine.com\/?p=36411"},"modified":"2021-10-13T13:52:47","modified_gmt":"2021-10-13T11:52:47","slug":"hermana-gloria-secuestro-me-aferre-fe-en-dios","status":"publish","type":"post","link":"https:\/\/exaudi.org\/es\/hermana-gloria-secuestro-me-aferre-fe-en-dios\/","title":{"rendered":"Hermana Gloria sobre su secuestro: \u201cMe aferr\u00e9 a la fe en Dios\u201d"},"content":{"rendered":"<p>\u201cMe aferr\u00e9 a la fe en Dios\u201d, dijo la hermana Gloria Cecilia Narv\u00e1ez sobre su secuestro. El pasado domingo 10 de octubre, en la celebraci\u00f3n de la Misa de apertura del S\u00ednodo de los Obispos sobre sinodalidad, el Papa Francisco<a href=\"https:\/\/exaudi.wpengine.com\/es\/el-papa-saluda-a-la-hermana-gloria-tras-ser-liberada\/\" target=\"_blank\" rel=\"noopener\"> salud\u00f3 a la misionera colombiana<\/a> Gloria Cecilia Narv\u00e1ez Argori, raptada en el 2017 en Mal\u00ed y recientemente liberada.<\/p>\n<figure id=\"attachment_36415\" aria-describedby=\"caption-attachment-36415\" style=\"width: 200px\" class=\"wp-caption alignleft\"><img loading=\"lazy\" decoding=\"async\" class=\"size-medium wp-image-36415\" src=\"https:\/\/exaudi.wpengine.com\/wp-content\/uploads\/2021\/10\/vm101021102104_00799-200x300.jpg\" alt=\"\" width=\"200\" height=\"300\" srcset=\"https:\/\/exaudi.org\/wp-content\/uploads\/2021\/10\/vm101021102104_00799-200x300.jpg 200w, https:\/\/exaudi.org\/wp-content\/uploads\/2021\/10\/vm101021102104_00799-683x1024.jpg 683w, https:\/\/exaudi.org\/wp-content\/uploads\/2021\/10\/vm101021102104_00799-768x1152.jpg 768w, https:\/\/exaudi.org\/wp-content\/uploads\/2021\/10\/vm101021102104_00799-1024x1536.jpg 1024w, https:\/\/exaudi.org\/wp-content\/uploads\/2021\/10\/vm101021102104_00799-1365x2048.jpg 1365w, https:\/\/exaudi.org\/wp-content\/uploads\/2021\/10\/vm101021102104_00799-150x225.jpg 150w, https:\/\/exaudi.org\/wp-content\/uploads\/2021\/10\/vm101021102104_00799-300x450.jpg 300w, https:\/\/exaudi.org\/wp-content\/uploads\/2021\/10\/vm101021102104_00799-696x1044.jpg 696w, https:\/\/exaudi.org\/wp-content\/uploads\/2021\/10\/vm101021102104_00799-1068x1602.jpg 1068w, https:\/\/exaudi.org\/wp-content\/uploads\/2021\/10\/vm101021102104_00799-1920x2880.jpg 1920w, https:\/\/exaudi.org\/wp-content\/uploads\/2021\/10\/vm101021102104_00799-280x420.jpg 280w, https:\/\/exaudi.org\/wp-content\/uploads\/2021\/10\/vm101021102104_00799-scaled.jpg 1707w\" sizes=\"auto, (max-width: 200px) 100vw, 200px\" \/><figcaption id=\"caption-attachment-36415\" class=\"wp-caption-text\">El Papa saluda a la hermana Gloria tras ser liberada \u00a9 Vatican Media<\/figcaption><\/figure>\n<p>Oscar Elizalde, director interino del Centro para la Comunicaci\u00f3n del <a href=\"https:\/\/www.celam.org\/\" target=\"_blank\" rel=\"noopener\">Consejo Episcopal Latinoamericano<\/a> (CELAM), convers\u00f3 con la religiosa, quien le narr\u00f3 lo sucedido en cautiverio.<\/p>\n<h4><strong>Duro calvario<\/strong><\/h4>\n<p>De acuerdo a una nota del CELAM, para la religiosa colombiana lo sucedido ha sido un verdadero drama. Describe c\u00f3mo a muchas religiosas secuestradas junto con ella \u201clas deformaron mucho, las amordazaron\u201d, sin duda todo ese tiempo fue un duro calvario, por ello no dud\u00f3 en aseverar que\u00a0\u201cme aferr\u00e9 a la fe en Dios\u201d.<\/p>\n<p>Los obispos de Colombia expresaron su alegr\u00eda por medio de monse\u00f1or Mario \u00c1lvarez, presidente de la Comisi\u00f3n de Misiones del Episcopado, quien apunt\u00f3 que \u201cpronto estaremos brindando detalles de esta liberaci\u00f3n\u201d. \u201cDamos gracias a Dios por este momento, felicitamos a la congregaci\u00f3n, a la Iglesia universal y agradecemos mucho a las gestiones de la Santa Sede y a la nunciatura apost\u00f3lica en Colombia y a la conferencia episcopal\u201d, expuso el prelado.<\/p>\n<h4><strong>El secuestro<\/strong><\/h4>\n<p>De acuerdo a Vatican News, la religiosa fue secuestrada por cuatro hombres armados en la parroquia de Karangasso, en la frontera entre Mal\u00ed y Burkina Faso, a 400 kil\u00f3metros al este de Bamako, donde era misionera desde hac\u00eda seis a\u00f1os junto con otras tres religiosas.<\/p>\n<p>Unos meses despu\u00e9s de su secuestro, en julio de 2017, surgi\u00f3 un v\u00eddeo reivindicado por Al Qaeda. Al mismo tiempo, un mensaje enviado a su hermano a trav\u00e9s de la Cruz Roja, dio a conocer que era prisionera de un nuevo grupo. La comunidad cristiana de Bamako organiz\u00f3 varias celebraciones eucar\u00edsticas y rez\u00f3 por ella. En 2020, tres a\u00f1os despu\u00e9s del rapto, la Iglesia cat\u00f3lica del pa\u00eds, organiz\u00f3 una jornada de oraci\u00f3n por su liberaci\u00f3n.<\/p>\n","protected":false},"excerpt":{"rendered":"<p>Recientemente liberada <\/p>\n","protected":false},"author":5,"featured_media":36412,"comment_status":"closed","ping_status":"closed","sticky":false,"template":"","format":"standard","meta":{"_acf_changed":false,"_crdt_document":"","inline_featured_image":false,"footnotes":""},"categories":[98,298],"tags":[4471,158,1618],"class_list":["post-36411","post","type-post","status-publish","format-standard","has-post-thumbnail","hentry","category-testimonios","category-ultimas-noticias","tag-hermana-gloria-cecilia-narvaez","tag-papa-francisco","tag-secuestro"],"acf":[],"yoast_head":"<!-- This site is optimized with the Yoast SEO plugin v27.4 - https:\/\/yoast.com\/product\/yoast-seo-wordpress\/ -->\n<title>Hermana Gloria sobre su secuestro: \u201cMe aferr\u00e9 a la fe en Dios\u201d &#8211; Exaudi<\/title>\n<meta name=\"description\" content=\"\u201cMe aferr\u00e9 a la fe en Dios\u201d, dijo la hermana Gloria Cecilia Narv\u00e1ez sobre su secuestro, la religiosa fue saludad por el Papa Francisco\" \/>\n<meta name=\"robots\" content=\"index, follow, max-snippet:-1, max-image-preview:large, max-video-preview:-1\" \/>\n<link rel=\"canonical\" href=\"https:\/\/exaudi.org\/es\/hermana-gloria-secuestro-me-aferre-fe-en-dios\/\" \/>\n<meta property=\"og:locale\" content=\"es_ES\" \/>\n<meta property=\"og:type\" content=\"article\" \/>\n<meta property=\"og:title\" content=\"Hermana Gloria sobre su secuestro: \u201cMe aferr\u00e9 a la fe en Dios\u201d &#8211; Exaudi\" \/>\n<meta property=\"og:description\" content=\"\u201cMe aferr\u00e9 a la fe en Dios\u201d, dijo la hermana Gloria Cecilia Narv\u00e1ez sobre su secuestro, la religiosa fue saludad por el Papa Francisco\" \/>\n<meta property=\"og:url\" content=\"https:\/\/exaudi.org\/es\/hermana-gloria-secuestro-me-aferre-fe-en-dios\/\" \/>\n<meta property=\"og:site_name\" content=\"Exaudi\" \/>\n<meta property=\"article:publisher\" content=\"https:\/\/www.facebook.com\/ExaudiNews\" \/>\n<meta property=\"article:published_time\" content=\"2021-10-12T08:28:46+00:00\" \/>\n<meta property=\"article:modified_time\" content=\"2021-10-13T11:52:47+00:00\" \/>\n<meta property=\"og:image\" content=\"https:\/\/exaudi.org\/wp-content\/uploads\/2021\/10\/Hermana-Gloria-Cecilia-Narvaez-en-la-Basilica-Vaticana-tras-ser-liberada.jpeg\" \/>\n\t<meta property=\"og:image:width\" content=\"1600\" \/>\n\t<meta property=\"og:image:height\" content=\"1200\" \/>\n\t<meta property=\"og:image:type\" content=\"image\/jpeg\" \/>\n<meta name=\"author\" content=\"Larissa I. L\u00f3pez\" \/>\n<meta name=\"twitter:card\" content=\"summary_large_image\" \/>\n<meta name=\"twitter:creator\" content=\"@Exaudi_News\" \/>\n<meta name=\"twitter:site\" content=\"@Exaudi_News\" \/>\n<meta name=\"twitter:label1\" content=\"Escrito por\" \/>\n\t<meta name=\"twitter:data1\" content=\"Larissa I. L\u00f3pez\" \/>\n\t<meta name=\"twitter:label2\" content=\"Tiempo de lectura\" \/>\n\t<meta name=\"twitter:data2\" content=\"2 minutos\" \/>\n<script type=\"application\/ld+json\" class=\"yoast-schema-graph\">{\"@context\":\"https:\\\/\\\/schema.org\",\"@graph\":[{\"@type\":\"Article\",\"@id\":\"https:\\\/\\\/exaudi.org\\\/es\\\/hermana-gloria-secuestro-me-aferre-fe-en-dios\\\/#article\",\"isPartOf\":{\"@id\":\"https:\\\/\\\/exaudi.org\\\/es\\\/hermana-gloria-secuestro-me-aferre-fe-en-dios\\\/\"},\"author\":{\"name\":\"Larissa I. L\u00f3pez\",\"@id\":\"https:\\\/\\\/exaudi.org\\\/#\\\/schema\\\/person\\\/7d2f77db033c2c0929edfab6dbe8c588\"},\"headline\":\"Hermana Gloria sobre su secuestro: \u201cMe aferr\u00e9 a la fe en Dios\u201d\",\"datePublished\":\"2021-10-12T08:28:46+00:00\",\"dateModified\":\"2021-10-13T11:52:47+00:00\",\"mainEntityOfPage\":{\"@id\":\"https:\\\/\\\/exaudi.org\\\/es\\\/hermana-gloria-secuestro-me-aferre-fe-en-dios\\\/\"},\"wordCount\":384,\"image\":{\"@id\":\"https:\\\/\\\/exaudi.org\\\/es\\\/hermana-gloria-secuestro-me-aferre-fe-en-dios\\\/#primaryimage\"},\"thumbnailUrl\":\"https:\\\/\\\/exaudi.org\\\/wp-content\\\/uploads\\\/2021\\\/10\\\/Hermana-Gloria-Cecilia-Narvaez-en-la-Basilica-Vaticana-tras-ser-liberada.jpeg\",\"keywords\":[\"Hermana Gloria Cecilia Narv\u00e1ez\",\"papa francisco\",\"Secuestro\"],\"articleSection\":[\"Testimonios\",\"\u00daltimas noticias\"],\"inLanguage\":\"es\"},{\"@type\":\"WebPage\",\"@id\":\"https:\\\/\\\/exaudi.org\\\/es\\\/hermana-gloria-secuestro-me-aferre-fe-en-dios\\\/\",\"url\":\"https:\\\/\\\/exaudi.org\\\/es\\\/hermana-gloria-secuestro-me-aferre-fe-en-dios\\\/\",\"name\":\"Hermana Gloria sobre su secuestro: \u201cMe aferr\u00e9 a la fe en Dios\u201d &#8211; Exaudi\",\"isPartOf\":{\"@id\":\"https:\\\/\\\/exaudi.org\\\/#website\"},\"primaryImageOfPage\":{\"@id\":\"https:\\\/\\\/exaudi.org\\\/es\\\/hermana-gloria-secuestro-me-aferre-fe-en-dios\\\/#primaryimage\"},\"image\":{\"@id\":\"https:\\\/\\\/exaudi.org\\\/es\\\/hermana-gloria-secuestro-me-aferre-fe-en-dios\\\/#primaryimage\"},\"thumbnailUrl\":\"https:\\\/\\\/exaudi.org\\\/wp-content\\\/uploads\\\/2021\\\/10\\\/Hermana-Gloria-Cecilia-Narvaez-en-la-Basilica-Vaticana-tras-ser-liberada.jpeg\",\"datePublished\":\"2021-10-12T08:28:46+00:00\",\"dateModified\":\"2021-10-13T11:52:47+00:00\",\"author\":{\"@id\":\"https:\\\/\\\/exaudi.org\\\/#\\\/schema\\\/person\\\/7d2f77db033c2c0929edfab6dbe8c588\"},\"description\":\"\u201cMe aferr\u00e9 a la fe en Dios\u201d, dijo la hermana Gloria Cecilia Narv\u00e1ez sobre su secuestro, la religiosa fue saludad por el Papa Francisco\",\"breadcrumb\":{\"@id\":\"https:\\\/\\\/exaudi.org\\\/es\\\/hermana-gloria-secuestro-me-aferre-fe-en-dios\\\/#breadcrumb\"},\"inLanguage\":\"es\",\"potentialAction\":[{\"@type\":\"ReadAction\",\"target\":[\"https:\\\/\\\/exaudi.org\\\/es\\\/hermana-gloria-secuestro-me-aferre-fe-en-dios\\\/\"]}]},{\"@type\":\"ImageObject\",\"inLanguage\":\"es\",\"@id\":\"https:\\\/\\\/exaudi.org\\\/es\\\/hermana-gloria-secuestro-me-aferre-fe-en-dios\\\/#primaryimage\",\"url\":\"https:\\\/\\\/exaudi.org\\\/wp-content\\\/uploads\\\/2021\\\/10\\\/Hermana-Gloria-Cecilia-Narvaez-en-la-Basilica-Vaticana-tras-ser-liberada.jpeg\",\"contentUrl\":\"https:\\\/\\\/exaudi.org\\\/wp-content\\\/uploads\\\/2021\\\/10\\\/Hermana-Gloria-Cecilia-Narvaez-en-la-Basilica-Vaticana-tras-ser-liberada.jpeg\",\"width\":1600,\"height\":1200,\"caption\":\"Hermana Gloria Cecilia Narv\u00e1ez en la Bas\u00edlica Vaticana tras ser liberada \u00a9 CELAM\"},{\"@type\":\"BreadcrumbList\",\"@id\":\"https:\\\/\\\/exaudi.org\\\/es\\\/hermana-gloria-secuestro-me-aferre-fe-en-dios\\\/#breadcrumb\",\"itemListElement\":[{\"@type\":\"ListItem\",\"position\":1,\"name\":\"Portada\",\"item\":\"https:\\\/\\\/exaudi.org\\\/es\\\/\"},{\"@type\":\"ListItem\",\"position\":2,\"name\":\"Hermana Gloria sobre su secuestro: \u201cMe aferr\u00e9 a la fe en Dios\u201d\"}]},{\"@type\":\"WebSite\",\"@id\":\"https:\\\/\\\/exaudi.org\\\/#website\",\"url\":\"https:\\\/\\\/exaudi.org\\\/\",\"name\":\"Exaudi\",\"description\":\"News\",\"potentialAction\":[{\"@type\":\"SearchAction\",\"target\":{\"@type\":\"EntryPoint\",\"urlTemplate\":\"https:\\\/\\\/exaudi.org\\\/?s={search_term_string}\"},\"query-input\":{\"@type\":\"PropertyValueSpecification\",\"valueRequired\":true,\"valueName\":\"search_term_string\"}}],\"inLanguage\":\"es\"},{\"@type\":\"Person\",\"@id\":\"https:\\\/\\\/exaudi.org\\\/#\\\/schema\\\/person\\\/7d2f77db033c2c0929edfab6dbe8c588\",\"name\":\"Larissa I. L\u00f3pez\",\"image\":{\"@type\":\"ImageObject\",\"inLanguage\":\"es\",\"@id\":\"https:\\\/\\\/secure.gravatar.com\\\/avatar\\\/db3ef399ff343d0bb9d25dc5198bc8ece5ac6d621eca79876697a354dabc1e3f?s=96&d=mm&r=g\",\"url\":\"https:\\\/\\\/secure.gravatar.com\\\/avatar\\\/db3ef399ff343d0bb9d25dc5198bc8ece5ac6d621eca79876697a354dabc1e3f?s=96&d=mm&r=g\",\"contentUrl\":\"https:\\\/\\\/secure.gravatar.com\\\/avatar\\\/db3ef399ff343d0bb9d25dc5198bc8ece5ac6d621eca79876697a354dabc1e3f?s=96&d=mm&r=g\",\"caption\":\"Larissa I. L\u00f3pez\"},\"description\":\"Doctora en Comunicaci\u00f3n. Mi trayectoria profesional ha transcurrido entre el \u00e1mbito de la comunicaci\u00f3n y el de la docencia. En los \u00faltimos a\u00f1os, he trabajado como coordinadora y redactora de la edici\u00f3n de ZENIT en espa\u00f1ol. Como profesora, he impartido clases en la universidad y en centros de FP y bachillerato. Cordobesa de nacimiento, tambi\u00e9n he vivido en Sevilla, Madrid y Roma\",\"url\":\"https:\\\/\\\/exaudi.org\\\/es\\\/author\\\/llopezexaudi-org\\\/\"}]}<\/script>\n<!-- \/ Yoast SEO plugin. -->","yoast_head_json":{"title":"Hermana Gloria sobre su secuestro: \u201cMe aferr\u00e9 a la fe en Dios\u201d &#8211; Exaudi","description":"\u201cMe aferr\u00e9 a la fe en Dios\u201d, dijo la hermana Gloria Cecilia Narv\u00e1ez sobre su secuestro, la religiosa fue saludad por el Papa Francisco","robots":{"index":"index","follow":"follow","max-snippet":"max-snippet:-1","max-image-preview":"max-image-preview:large","max-video-preview":"max-video-preview:-1"},"canonical":"https:\/\/exaudi.org\/es\/hermana-gloria-secuestro-me-aferre-fe-en-dios\/","og_locale":"es_ES","og_type":"article","og_title":"Hermana Gloria sobre su secuestro: \u201cMe aferr\u00e9 a la fe en Dios\u201d &#8211; Exaudi","og_description":"\u201cMe aferr\u00e9 a la fe en Dios\u201d, dijo la hermana Gloria Cecilia Narv\u00e1ez sobre su secuestro, la religiosa fue saludad por el Papa Francisco","og_url":"https:\/\/exaudi.org\/es\/hermana-gloria-secuestro-me-aferre-fe-en-dios\/","og_site_name":"Exaudi","article_publisher":"https:\/\/www.facebook.com\/ExaudiNews","article_published_time":"2021-10-12T08:28:46+00:00","article_modified_time":"2021-10-13T11:52:47+00:00","og_image":[{"width":1600,"height":1200,"url":"https:\/\/exaudi.org\/wp-content\/uploads\/2021\/10\/Hermana-Gloria-Cecilia-Narvaez-en-la-Basilica-Vaticana-tras-ser-liberada.jpeg","type":"image\/jpeg"}],"author":"Larissa I. L\u00f3pez","twitter_card":"summary_large_image","twitter_creator":"@Exaudi_News","twitter_site":"@Exaudi_News","twitter_misc":{"Escrito por":"Larissa I. L\u00f3pez","Tiempo de lectura":"2 minutos"},"schema":{"@context":"https:\/\/schema.org","@graph":[{"@type":"Article","@id":"https:\/\/exaudi.org\/es\/hermana-gloria-secuestro-me-aferre-fe-en-dios\/#article","isPartOf":{"@id":"https:\/\/exaudi.org\/es\/hermana-gloria-secuestro-me-aferre-fe-en-dios\/"},"author":{"name":"Larissa I. L\u00f3pez","@id":"https:\/\/exaudi.org\/#\/schema\/person\/7d2f77db033c2c0929edfab6dbe8c588"},"headline":"Hermana Gloria sobre su secuestro: \u201cMe aferr\u00e9 a la fe en Dios\u201d","datePublished":"2021-10-12T08:28:46+00:00","dateModified":"2021-10-13T11:52:47+00:00","mainEntityOfPage":{"@id":"https:\/\/exaudi.org\/es\/hermana-gloria-secuestro-me-aferre-fe-en-dios\/"},"wordCount":384,"image":{"@id":"https:\/\/exaudi.org\/es\/hermana-gloria-secuestro-me-aferre-fe-en-dios\/#primaryimage"},"thumbnailUrl":"https:\/\/exaudi.org\/wp-content\/uploads\/2021\/10\/Hermana-Gloria-Cecilia-Narvaez-en-la-Basilica-Vaticana-tras-ser-liberada.jpeg","keywords":["Hermana Gloria Cecilia Narv\u00e1ez","papa francisco","Secuestro"],"articleSection":["Testimonios","\u00daltimas noticias"],"inLanguage":"es"},{"@type":"WebPage","@id":"https:\/\/exaudi.org\/es\/hermana-gloria-secuestro-me-aferre-fe-en-dios\/","url":"https:\/\/exaudi.org\/es\/hermana-gloria-secuestro-me-aferre-fe-en-dios\/","name":"Hermana Gloria sobre su secuestro: \u201cMe aferr\u00e9 a la fe en Dios\u201d &#8211; Exaudi","isPartOf":{"@id":"https:\/\/exaudi.org\/#website"},"primaryImageOfPage":{"@id":"https:\/\/exaudi.org\/es\/hermana-gloria-secuestro-me-aferre-fe-en-dios\/#primaryimage"},"image":{"@id":"https:\/\/exaudi.org\/es\/hermana-gloria-secuestro-me-aferre-fe-en-dios\/#primaryimage"},"thumbnailUrl":"https:\/\/exaudi.org\/wp-content\/uploads\/2021\/10\/Hermana-Gloria-Cecilia-Narvaez-en-la-Basilica-Vaticana-tras-ser-liberada.jpeg","datePublished":"2021-10-12T08:28:46+00:00","dateModified":"2021-10-13T11:52:47+00:00","author":{"@id":"https:\/\/exaudi.org\/#\/schema\/person\/7d2f77db033c2c0929edfab6dbe8c588"},"description":"\u201cMe aferr\u00e9 a la fe en Dios\u201d, dijo la hermana Gloria Cecilia Narv\u00e1ez sobre su secuestro, la religiosa fue saludad por el Papa Francisco","breadcrumb":{"@id":"https:\/\/exaudi.org\/es\/hermana-gloria-secuestro-me-aferre-fe-en-dios\/#breadcrumb"},"inLanguage":"es","potentialAction":[{"@type":"ReadAction","target":["https:\/\/exaudi.org\/es\/hermana-gloria-secuestro-me-aferre-fe-en-dios\/"]}]},{"@type":"ImageObject","inLanguage":"es","@id":"https:\/\/exaudi.org\/es\/hermana-gloria-secuestro-me-aferre-fe-en-dios\/#primaryimage","url":"https:\/\/exaudi.org\/wp-content\/uploads\/2021\/10\/Hermana-Gloria-Cecilia-Narvaez-en-la-Basilica-Vaticana-tras-ser-liberada.jpeg","contentUrl":"https:\/\/exaudi.org\/wp-content\/uploads\/2021\/10\/Hermana-Gloria-Cecilia-Narvaez-en-la-Basilica-Vaticana-tras-ser-liberada.jpeg","width":1600,"height":1200,"caption":"Hermana Gloria Cecilia Narv\u00e1ez en la Bas\u00edlica Vaticana tras ser liberada \u00a9 CELAM"},{"@type":"BreadcrumbList","@id":"https:\/\/exaudi.org\/es\/hermana-gloria-secuestro-me-aferre-fe-en-dios\/#breadcrumb","itemListElement":[{"@type":"ListItem","position":1,"name":"Portada","item":"https:\/\/exaudi.org\/es\/"},{"@type":"ListItem","position":2,"name":"Hermana Gloria sobre su secuestro: \u201cMe aferr\u00e9 a la fe en Dios\u201d"}]},{"@type":"WebSite","@id":"https:\/\/exaudi.org\/#website","url":"https:\/\/exaudi.org\/","name":"Exaudi","description":"News","potentialAction":[{"@type":"SearchAction","target":{"@type":"EntryPoint","urlTemplate":"https:\/\/exaudi.org\/?s={search_term_string}"},"query-input":{"@type":"PropertyValueSpecification","valueRequired":true,"valueName":"search_term_string"}}],"inLanguage":"es"},{"@type":"Person","@id":"https:\/\/exaudi.org\/#\/schema\/person\/7d2f77db033c2c0929edfab6dbe8c588","name":"Larissa I. L\u00f3pez","image":{"@type":"ImageObject","inLanguage":"es","@id":"https:\/\/secure.gravatar.com\/avatar\/db3ef399ff343d0bb9d25dc5198bc8ece5ac6d621eca79876697a354dabc1e3f?s=96&d=mm&r=g","url":"https:\/\/secure.gravatar.com\/avatar\/db3ef399ff343d0bb9d25dc5198bc8ece5ac6d621eca79876697a354dabc1e3f?s=96&d=mm&r=g","contentUrl":"https:\/\/secure.gravatar.com\/avatar\/db3ef399ff343d0bb9d25dc5198bc8ece5ac6d621eca79876697a354dabc1e3f?s=96&d=mm&r=g","caption":"Larissa I. L\u00f3pez"},"description":"Doctora en Comunicaci\u00f3n. Mi trayectoria profesional ha transcurrido entre el \u00e1mbito de la comunicaci\u00f3n y el de la docencia. En los \u00faltimos a\u00f1os, he trabajado como coordinadora y redactora de la edici\u00f3n de ZENIT en espa\u00f1ol. Como profesora, he impartido clases en la universidad y en centros de FP y bachillerato. Cordobesa de nacimiento, tambi\u00e9n he vivido en Sevilla, Madrid y Roma","url":"https:\/\/exaudi.org\/es\/author\/llopezexaudi-org\/"}]}},"jetpack_featured_media_url":"https:\/\/exaudi.org\/wp-content\/uploads\/2021\/10\/Hermana-Gloria-Cecilia-Narvaez-en-la-Basilica-Vaticana-tras-ser-liberada.jpeg","jetpack_shortlink":"https:\/\/wp.me\/pgKjF2-9th","_links":{"self":[{"href":"https:\/\/exaudi.org\/es\/wp-json\/wp\/v2\/posts\/36411","targetHints":{"allow":["GET"]}}],"collection":[{"href":"https:\/\/exaudi.org\/es\/wp-json\/wp\/v2\/posts"}],"about":[{"href":"https:\/\/exaudi.org\/es\/wp-json\/wp\/v2\/types\/post"}],"author":[{"embeddable":true,"href":"https:\/\/exaudi.org\/es\/wp-json\/wp\/v2\/users\/5"}],"replies":[{"embeddable":true,"href":"https:\/\/exaudi.org\/es\/wp-json\/wp\/v2\/comments?post=36411"}],"version-history":[{"count":0,"href":"https:\/\/exaudi.org\/es\/wp-json\/wp\/v2\/posts\/36411\/revisions"}],"wp:featuredmedia":[{"embeddable":true,"href":"https:\/\/exaudi.org\/es\/wp-json\/wp\/v2\/media\/36412"}],"wp:attachment":[{"href":"https:\/\/exaudi.org\/es\/wp-json\/wp\/v2\/media?parent=36411"}],"wp:term":[{"taxonomy":"category","embeddable":true,"href":"https:\/\/exaudi.org\/es\/wp-json\/wp\/v2\/categories?post=36411"},{"taxonomy":"post_tag","embeddable":true,"href":"https:\/\/exaudi.org\/es\/wp-json\/wp\/v2\/tags?post=36411"}],"curies":[{"name":"wp","href":"https:\/\/api.w.org\/{rel}","templated":true}]}}