{"id":36349,"date":"2021-10-11T14:03:39","date_gmt":"2021-10-11T12:03:39","guid":{"rendered":"https:\/\/exaudi.wpengine.com\/?p=36349"},"modified":"2021-10-13T09:37:27","modified_gmt":"2021-10-13T07:37:27","slug":"papa-hermanas-caridad-presencia-viva-iglesia","status":"publish","type":"post","link":"https:\/\/exaudi.org\/es\/papa-hermanas-caridad-presencia-viva-iglesia\/","title":{"rendered":"Papa: Hermanas de Caridad, \u201cpresencia viva en la Iglesia\u201d"},"content":{"rendered":"<p>En la ma\u00f1ana de hoy, lunes 11 de octubre de 2021, el <a href=\"https:\/\/exaudi.wpengine.com\/es\/verbos-camino-sinodal-encontrar-escuchar-discernir\/\" target=\"_blank\" rel=\"noopener\">Papa Francisco<\/a> ha recibido en audiencia en la Sala Clementina del Palacio Apost\u00f3lico Vaticano a los participantes en el 21\u00ba Cap\u00edtulo General de las Hermanas de la Caridad de Santa Juana Antida Thouret, que tiene lugar en Roma del 25 de septiembre al 15 de octubre. En su discurso, el Santo Padre ha expresado a las monjas que, como mujeres y bautizadas, son \u201cuna presencia viva en la Iglesia, que participa en la comuni\u00f3n y en la misi\u00f3n\u201d.<\/p>\n<p>Al comienzo de sus palabras, el Pont\u00edfice ha explicado, respecto a la coincidencia del Cap\u00edtulo General de las hermanas con la apertura del S\u00ednodo, que \u201cel compromiso que asumimos como Iglesia de crecer en sinodalidad es tambi\u00e9n un fuerte est\u00edmulo para los Institutos de Vida Consagrada. En particular, las personas consagradas sois una presencia insustituible en la gran comunidad en marcha que es la Iglesia\u201d.<\/p>\n<p><img loading=\"lazy\" decoding=\"async\" class=\"alignleft size-medium wp-image-36353\" src=\"https:\/\/exaudi.wpengine.com\/wp-content\/uploads\/2021\/10\/SFO0002_050421-_1-300x200.jpg\" alt=\"Papa hermanas caridad Iglesia\" width=\"300\" height=\"200\" srcset=\"https:\/\/exaudi.org\/wp-content\/uploads\/2021\/10\/SFO0002_050421-_1-300x200.jpg 300w, https:\/\/exaudi.org\/wp-content\/uploads\/2021\/10\/SFO0002_050421-_1-1024x683.jpg 1024w, https:\/\/exaudi.org\/wp-content\/uploads\/2021\/10\/SFO0002_050421-_1-768x512.jpg 768w, https:\/\/exaudi.org\/wp-content\/uploads\/2021\/10\/SFO0002_050421-_1-1536x1024.jpg 1536w, https:\/\/exaudi.org\/wp-content\/uploads\/2021\/10\/SFO0002_050421-_1-2048x1365.jpg 2048w, https:\/\/exaudi.org\/wp-content\/uploads\/2021\/10\/SFO0002_050421-_1-150x100.jpg 150w, https:\/\/exaudi.org\/wp-content\/uploads\/2021\/10\/SFO0002_050421-_1-696x464.jpg 696w, https:\/\/exaudi.org\/wp-content\/uploads\/2021\/10\/SFO0002_050421-_1-1068x712.jpg 1068w, https:\/\/exaudi.org\/wp-content\/uploads\/2021\/10\/SFO0002_050421-_1-1920x1280.jpg 1920w, https:\/\/exaudi.org\/wp-content\/uploads\/2021\/10\/SFO0002_050421-_1-630x420.jpg 630w\" sizes=\"auto, (max-width: 300px) 100vw, 300px\" \/>\u201cHermanas de la Caridad, \u00bfde qu\u00e9 manera concreta particip\u00e1is en este camino? \u00bfCu\u00e1l es su contribuci\u00f3n original?\u201d, pregunta el Papa. Y responde recurriendo al tema de su Cap\u00edtulo General: \u201cPartir de nuevo de Betania, con la solicitud de Marta y la escucha de Mar\u00eda\u201d. Mientras tanto, contin\u00faa, \u201caqu\u00ed tenemos de nuevo la presencia de dos mujeres, Marta y Mar\u00eda, con sus nombres y rostros. Dos disc\u00edpulos que tuvieron un lugar muy importante en la vida de Jes\u00fas\u201d.<\/p>\n<p>\u201cEstoy seguro de que si realmente logr\u00e1is vivir la solicitud y la escucha, siguiendo el ejemplo de las santas hermanas Marta y Mar\u00eda de Betania, seguir\u00e9is aportando una valiosa contribuci\u00f3n al camino de toda la Iglesia. En particular, la preocupaci\u00f3n por los pobres y la escucha de los pobres. Aqu\u00ed est\u00e1n los profesores. Sois maestros no con las palabras, sino con los hechos\u201d, ha afirmado.<\/p>\n<p><img loading=\"lazy\" decoding=\"async\" class=\"alignright size-medium wp-image-36356\" src=\"https:\/\/exaudi.wpengine.com\/wp-content\/uploads\/2021\/10\/SFO0011_050421-_1-300x200.jpg\" alt=\"\" width=\"300\" height=\"200\" srcset=\"https:\/\/exaudi.org\/wp-content\/uploads\/2021\/10\/SFO0011_050421-_1-300x200.jpg 300w, https:\/\/exaudi.org\/wp-content\/uploads\/2021\/10\/SFO0011_050421-_1-1024x683.jpg 1024w, https:\/\/exaudi.org\/wp-content\/uploads\/2021\/10\/SFO0011_050421-_1-768x512.jpg 768w, https:\/\/exaudi.org\/wp-content\/uploads\/2021\/10\/SFO0011_050421-_1-1536x1024.jpg 1536w, https:\/\/exaudi.org\/wp-content\/uploads\/2021\/10\/SFO0011_050421-_1-2048x1365.jpg 2048w, https:\/\/exaudi.org\/wp-content\/uploads\/2021\/10\/SFO0011_050421-_1-150x100.jpg 150w, https:\/\/exaudi.org\/wp-content\/uploads\/2021\/10\/SFO0011_050421-_1-696x464.jpg 696w, https:\/\/exaudi.org\/wp-content\/uploads\/2021\/10\/SFO0011_050421-_1-1068x712.jpg 1068w, https:\/\/exaudi.org\/wp-content\/uploads\/2021\/10\/SFO0011_050421-_1-1920x1280.jpg 1920w, https:\/\/exaudi.org\/wp-content\/uploads\/2021\/10\/SFO0011_050421-_1-630x420.jpg 630w\" sizes=\"auto, (max-width: 300px) 100vw, 300px\" \/><\/p>\n<p>Y concluye manifestado que \u201cesto edifica a la Iglesia, la hace caminar por el camino de Cristo, que es el camino de la caridad\u201d, y que \u201ceste es el estilo de Dios: cercan\u00eda, ternura y compasi\u00f3n. Dios siempre hace esto. En la medida en que hagamos lo mismo, estaremos m\u00e1s cerca de ser pastores como Dios. No olvides esto: siempre cercan\u00eda, siempre compasi\u00f3n y siempre ternura\u201d.<\/p>\n<p>A continuaci\u00f3n, sigue el discurso completo de Su Santidad, traducido por Exaudi del original italiano de la <a href=\"https:\/\/www.vatican.va\/news_services\/press\/index_sp.htm\" target=\"_blank\" rel=\"noopener\">Oficina de Prensa de la Santa Sede.<\/a><\/p>\n<p>***<\/p>\n<h4><strong>Discurso de Francisco<\/strong><\/h4>\n<p>\u00a1Queridas hermanas!<\/p>\n<p>Les doy la bienvenida con motivo de su 21\u00ba Cap\u00edtulo General, que por fin han podido celebrar. Agradezco el saludo de la reci\u00e9n elegida Superiora General y le deseo a ella y al nuevo Consejo un servicio sereno y fruct\u00edfero. Y me uno a su agradecimiento al Superior y a los Consejeros salientes.<\/p>\n<p>La misma hermana Nunzia, cuando escribi\u00f3 para pedir una audiencia, se\u00f1al\u00f3 la coincidencia de su Cap\u00edtulo con la apertura del S\u00ednodo. Escribi\u00f3: \u201cEstaremos en comuni\u00f3n con toda la Iglesia y con vosotros\u201d. Me gustar\u00eda detenerme un momento en esto. En primer lugar, os agradezco vuestras oraciones, con las que acompa\u00f1\u00e1is el inicio del camino sinodal. Pero tambi\u00e9n quiero aprovechar esta coincidencia para se\u00f1alar que el compromiso que asumimos como Iglesia de crecer en sinodalidad es tambi\u00e9n un fuerte est\u00edmulo para los Institutos de Vida Consagrada. En particular, las personas consagradas sois una presencia insustituible en la gran comunidad en marcha que es la Iglesia. Nos viene a la mente la imagen de Jes\u00fas caminando por los caminos de Galilea, Samaria y Judea: con \u00e9l est\u00e1n sus disc\u00edpulos, y entre ellos muchas mujeres; incluso conocemos los nombres de algunas de ellas (cf. Lc 8,1-3). Me gust\u00f3 lo que dijo el anterior Superior General: \u201cVuelvo al camino\u201d: es hermoso, con la gente. Me gusta pensar que vosotras, mujeres consagradas, sois una prolongaci\u00f3n de esa presencia femenina que camin\u00f3 con Jes\u00fas y con los Doce, compartiendo la misi\u00f3n y aportando vuestra particular contribuci\u00f3n.<\/p>\n<p><img loading=\"lazy\" decoding=\"async\" class=\"alignleft size-medium wp-image-36359\" src=\"https:\/\/exaudi.wpengine.com\/wp-content\/uploads\/2021\/10\/SFO9964_050421-_1-300x200.jpg\" alt=\"Papa hermanas caridad Iglesia\" width=\"300\" height=\"200\" srcset=\"https:\/\/exaudi.org\/wp-content\/uploads\/2021\/10\/SFO9964_050421-_1-300x200.jpg 300w, https:\/\/exaudi.org\/wp-content\/uploads\/2021\/10\/SFO9964_050421-_1-1024x683.jpg 1024w, https:\/\/exaudi.org\/wp-content\/uploads\/2021\/10\/SFO9964_050421-_1-768x512.jpg 768w, https:\/\/exaudi.org\/wp-content\/uploads\/2021\/10\/SFO9964_050421-_1-1536x1024.jpg 1536w, https:\/\/exaudi.org\/wp-content\/uploads\/2021\/10\/SFO9964_050421-_1-2048x1365.jpg 2048w, https:\/\/exaudi.org\/wp-content\/uploads\/2021\/10\/SFO9964_050421-_1-150x100.jpg 150w, https:\/\/exaudi.org\/wp-content\/uploads\/2021\/10\/SFO9964_050421-_1-696x464.jpg 696w, https:\/\/exaudi.org\/wp-content\/uploads\/2021\/10\/SFO9964_050421-_1-1068x712.jpg 1068w, https:\/\/exaudi.org\/wp-content\/uploads\/2021\/10\/SFO9964_050421-_1-1920x1280.jpg 1920w, https:\/\/exaudi.org\/wp-content\/uploads\/2021\/10\/SFO9964_050421-_1-630x420.jpg 630w\" sizes=\"auto, (max-width: 300px) 100vw, 300px\" \/><\/p>\n<p>Y vosotras, Hermanas de la Caridad, \u00bfde qu\u00e9 manera concreta particip\u00e1is en este camino? \u00bfCu\u00e1l es su contribuci\u00f3n original? Les dejo con estas preguntas, que naturalmente no tienen respuestas prefabricadas. Y las respuestas que no est\u00e1n preconfeccionadas son las mejores. Pero me parece que el tema de su cap\u00edtulo contiene una respuesta. El tema es, en efecto, el siguiente: partir de nuevo de Betania, con la solicitud de Marta y la escucha de Mar\u00eda.<\/p>\n<p>Mientras tanto, aqu\u00ed tenemos de nuevo la presencia de dos mujeres, Marta y Mar\u00eda, con sus nombres y rostros. Dos disc\u00edpulos que tuvieron un lugar muy importante en la vida de Jes\u00fas y de los Doce, como podemos ver en los Evangelios. Esto confirma que, ante todo, como mujeres y como bautizadas, es decir, disc\u00edpulas de Jes\u00fas, sois una presencia viva en la Iglesia, que participa en la comuni\u00f3n y en la misi\u00f3n. Nunca debemos olvidar lo que est\u00e1 en la ra\u00edz: el bautismo. Porque aqu\u00ed est\u00e1 la ra\u00edz de todo. De esta ra\u00edz Dios ha hecho crecer en ti la planta de la vida consagrada, seg\u00fan el carisma de Santa Juana Antida.<\/p>\n<p><img loading=\"lazy\" decoding=\"async\" class=\"alignright size-medium wp-image-36362\" src=\"https:\/\/exaudi.wpengine.com\/wp-content\/uploads\/2021\/10\/SFO0023_050421-_1-300x200.jpg\" alt=\"\" width=\"300\" height=\"200\" srcset=\"https:\/\/exaudi.org\/wp-content\/uploads\/2021\/10\/SFO0023_050421-_1-300x200.jpg 300w, https:\/\/exaudi.org\/wp-content\/uploads\/2021\/10\/SFO0023_050421-_1-1024x683.jpg 1024w, https:\/\/exaudi.org\/wp-content\/uploads\/2021\/10\/SFO0023_050421-_1-768x512.jpg 768w, https:\/\/exaudi.org\/wp-content\/uploads\/2021\/10\/SFO0023_050421-_1-1536x1024.jpg 1536w, https:\/\/exaudi.org\/wp-content\/uploads\/2021\/10\/SFO0023_050421-_1-2048x1365.jpg 2048w, https:\/\/exaudi.org\/wp-content\/uploads\/2021\/10\/SFO0023_050421-_1-150x100.jpg 150w, https:\/\/exaudi.org\/wp-content\/uploads\/2021\/10\/SFO0023_050421-_1-696x464.jpg 696w, https:\/\/exaudi.org\/wp-content\/uploads\/2021\/10\/SFO0023_050421-_1-1068x712.jpg 1068w, https:\/\/exaudi.org\/wp-content\/uploads\/2021\/10\/SFO0023_050421-_1-1920x1280.jpg 1920w, https:\/\/exaudi.org\/wp-content\/uploads\/2021\/10\/SFO0023_050421-_1-630x420.jpg 630w\" sizes=\"auto, (max-width: 300px) 100vw, 300px\" \/><\/p>\n<p>Pero el tema de su cap\u00edtulo dice m\u00e1s, con esas dos palabras: \u201cpreocupaci\u00f3n\u201d y \u201cescucha\u201d. Estoy seguro de que si realmente logr\u00e1is vivir la solicitud y la escucha, siguiendo el ejemplo de las santas hermanas Marta y Mar\u00eda de Betania, seguir\u00e9is aportando una valiosa contribuci\u00f3n al camino de toda la Iglesia. En particular, la preocupaci\u00f3n por los pobres y la escucha de los pobres. Aqu\u00ed est\u00e1n los profesores. Sois maestros no con las palabras, sino con los hechos, con la historia de tantas de vuestras hermanas que han dado su vida por esto, en la solicitud y la escucha de los ancianos, de los enfermos, de los marginados; cerca de los peque\u00f1os, hasta el final con la ternura y la compasi\u00f3n de Dios. Esto edifica a la Iglesia, la hace caminar por el camino de Cristo, que es el camino de la caridad. He dicho que el tuyo es un testimonio de estar cerca de los \u00faltimos, con ternura y compasi\u00f3n. Este es el estilo de Dios: cercan\u00eda, ternura y compasi\u00f3n. Dios siempre hace esto. En la medida en que hagamos lo mismo, estaremos m\u00e1s cerca de ser pastores como Dios. No olvides esto: siempre cercan\u00eda, siempre compasi\u00f3n y siempre ternura.<\/p>\n<p>Por ello, queridas hermanas, os doy las gracias de todo coraz\u00f3n en nombre de toda la Iglesia. Que la Virgen Madre y Santa Juana Antida te protejan siempre. Te bendigo a ti y a todas tus hermanas del mundo. Y t\u00fa, por favor, sigue rezando por m\u00ed, lo necesito. Gracias.<\/p>\n<p><strong>\u00a9 Librer\u00eda Editora Vaticana<\/strong><\/p>\n","protected":false},"excerpt":{"rendered":"<p>Discurso a participantes en 21\u00ba Cap\u00edtulo General de Hermanas de la Caridad de Santa Juana Antida Thouret<\/p>\n","protected":false},"author":6,"featured_media":36350,"comment_status":"closed","ping_status":"closed","sticky":false,"template":"","format":"standard","meta":{"_acf_changed":false,"_crdt_document":"","inline_featured_image":false,"footnotes":""},"categories":[124,298],"tags":[4482,158,4483],"class_list":["post-36349","post","type-post","status-publish","format-standard","has-post-thumbnail","hentry","category-discursos","category-ultimas-noticias","tag-hermanas-de-la-caridad","tag-papa-francisco","tag-santa-juana-antida-thouret"],"acf":[],"yoast_head":"<!-- This site is optimized with the Yoast SEO plugin v27.5 - https:\/\/yoast.com\/product\/yoast-seo-wordpress\/ -->\n<title>Papa: Hermanas de Caridad, \u201cpresencia viva en la Iglesia\u201d<\/title>\n<meta name=\"description\" content=\"El Papa Francisco ha expresado que las hermanas de la Caridad son \u201cpresencia viva en la Iglesia, que participa en comuni\u00f3n y misi\u00f3n\u201d.\" \/>\n<meta name=\"robots\" content=\"index, follow, max-snippet:-1, max-image-preview:large, max-video-preview:-1\" \/>\n<link rel=\"canonical\" href=\"https:\/\/exaudi.org\/es\/papa-hermanas-caridad-presencia-viva-iglesia\/\" \/>\n<meta property=\"og:locale\" content=\"es_ES\" \/>\n<meta property=\"og:type\" content=\"article\" \/>\n<meta property=\"og:title\" content=\"Papa: Hermanas de Caridad, \u201cpresencia viva en la Iglesia\u201d\" \/>\n<meta property=\"og:description\" content=\"El Papa Francisco ha expresado que las hermanas de la Caridad son \u201cpresencia viva en la Iglesia, que participa en comuni\u00f3n y misi\u00f3n\u201d.\" \/>\n<meta property=\"og:url\" content=\"https:\/\/exaudi.org\/es\/papa-hermanas-caridad-presencia-viva-iglesia\/\" \/>\n<meta property=\"og:site_name\" content=\"Exaudi\" \/>\n<meta property=\"article:publisher\" content=\"https:\/\/www.facebook.com\/ExaudiNews\" \/>\n<meta property=\"article:published_time\" content=\"2021-10-11T12:03:39+00:00\" \/>\n<meta property=\"article:modified_time\" content=\"2021-10-13T07:37:27+00:00\" \/>\n<meta property=\"og:image\" content=\"https:\/\/exaudi.org\/wp-content\/uploads\/2021\/10\/s4d6asd-scaled.jpg\" \/>\n\t<meta property=\"og:image:width\" content=\"2560\" \/>\n\t<meta property=\"og:image:height\" content=\"1437\" \/>\n\t<meta property=\"og:image:type\" content=\"image\/jpeg\" \/>\n<meta name=\"author\" content=\"Gabriel Sales\" \/>\n<meta name=\"twitter:card\" content=\"summary_large_image\" \/>\n<meta name=\"twitter:creator\" content=\"@habemusman\" \/>\n<meta name=\"twitter:site\" content=\"@Exaudi_News\" \/>\n<meta name=\"twitter:label1\" content=\"Escrito por\" \/>\n\t<meta name=\"twitter:data1\" content=\"Gabriel Sales\" \/>\n\t<meta name=\"twitter:label2\" content=\"Tiempo de lectura\" \/>\n\t<meta name=\"twitter:data2\" content=\"6 minutos\" \/>\n<script type=\"application\/ld+json\" class=\"yoast-schema-graph\">{\"@context\":\"https:\\\/\\\/schema.org\",\"@graph\":[{\"@type\":\"Article\",\"@id\":\"https:\\\/\\\/exaudi.org\\\/es\\\/papa-hermanas-caridad-presencia-viva-iglesia\\\/#article\",\"isPartOf\":{\"@id\":\"https:\\\/\\\/exaudi.org\\\/es\\\/papa-hermanas-caridad-presencia-viva-iglesia\\\/\"},\"author\":{\"name\":\"Gabriel Sales\",\"@id\":\"https:\\\/\\\/exaudi.org\\\/#\\\/schema\\\/person\\\/d134b96438278131ce90c90c03fda6cd\"},\"headline\":\"Papa: Hermanas de Caridad, \u201cpresencia viva en la Iglesia\u201d\",\"datePublished\":\"2021-10-11T12:03:39+00:00\",\"dateModified\":\"2021-10-13T07:37:27+00:00\",\"mainEntityOfPage\":{\"@id\":\"https:\\\/\\\/exaudi.org\\\/es\\\/papa-hermanas-caridad-presencia-viva-iglesia\\\/\"},\"wordCount\":1166,\"image\":{\"@id\":\"https:\\\/\\\/exaudi.org\\\/es\\\/papa-hermanas-caridad-presencia-viva-iglesia\\\/#primaryimage\"},\"thumbnailUrl\":\"https:\\\/\\\/exaudi.org\\\/wp-content\\\/uploads\\\/2021\\\/10\\\/s4d6asd-scaled.jpg\",\"keywords\":[\"Hermanas de la Caridad\",\"papa francisco\",\"Santa Juana Antida Thouret\"],\"articleSection\":[\"Discursos\",\"\u00daltimas noticias\"],\"inLanguage\":\"es\"},{\"@type\":\"WebPage\",\"@id\":\"https:\\\/\\\/exaudi.org\\\/es\\\/papa-hermanas-caridad-presencia-viva-iglesia\\\/\",\"url\":\"https:\\\/\\\/exaudi.org\\\/es\\\/papa-hermanas-caridad-presencia-viva-iglesia\\\/\",\"name\":\"Papa: Hermanas de Caridad, \u201cpresencia viva en la Iglesia\u201d\",\"isPartOf\":{\"@id\":\"https:\\\/\\\/exaudi.org\\\/#website\"},\"primaryImageOfPage\":{\"@id\":\"https:\\\/\\\/exaudi.org\\\/es\\\/papa-hermanas-caridad-presencia-viva-iglesia\\\/#primaryimage\"},\"image\":{\"@id\":\"https:\\\/\\\/exaudi.org\\\/es\\\/papa-hermanas-caridad-presencia-viva-iglesia\\\/#primaryimage\"},\"thumbnailUrl\":\"https:\\\/\\\/exaudi.org\\\/wp-content\\\/uploads\\\/2021\\\/10\\\/s4d6asd-scaled.jpg\",\"datePublished\":\"2021-10-11T12:03:39+00:00\",\"dateModified\":\"2021-10-13T07:37:27+00:00\",\"author\":{\"@id\":\"https:\\\/\\\/exaudi.org\\\/#\\\/schema\\\/person\\\/d134b96438278131ce90c90c03fda6cd\"},\"description\":\"El Papa Francisco ha expresado que las hermanas de la Caridad son \u201cpresencia viva en la Iglesia, que participa en comuni\u00f3n y misi\u00f3n\u201d.\",\"breadcrumb\":{\"@id\":\"https:\\\/\\\/exaudi.org\\\/es\\\/papa-hermanas-caridad-presencia-viva-iglesia\\\/#breadcrumb\"},\"inLanguage\":\"es\",\"potentialAction\":[{\"@type\":\"ReadAction\",\"target\":[\"https:\\\/\\\/exaudi.org\\\/es\\\/papa-hermanas-caridad-presencia-viva-iglesia\\\/\"]}]},{\"@type\":\"ImageObject\",\"inLanguage\":\"es\",\"@id\":\"https:\\\/\\\/exaudi.org\\\/es\\\/papa-hermanas-caridad-presencia-viva-iglesia\\\/#primaryimage\",\"url\":\"https:\\\/\\\/exaudi.org\\\/wp-content\\\/uploads\\\/2021\\\/10\\\/s4d6asd-scaled.jpg\",\"contentUrl\":\"https:\\\/\\\/exaudi.org\\\/wp-content\\\/uploads\\\/2021\\\/10\\\/s4d6asd-scaled.jpg\",\"width\":2560,\"height\":1437,\"caption\":\"El Papa junto a las hermanas de la Caridad \u00a9 Vatican Media\"},{\"@type\":\"BreadcrumbList\",\"@id\":\"https:\\\/\\\/exaudi.org\\\/es\\\/papa-hermanas-caridad-presencia-viva-iglesia\\\/#breadcrumb\",\"itemListElement\":[{\"@type\":\"ListItem\",\"position\":1,\"name\":\"Portada\",\"item\":\"https:\\\/\\\/exaudi.org\\\/es\\\/\"},{\"@type\":\"ListItem\",\"position\":2,\"name\":\"Papa: Hermanas de Caridad, \u201cpresencia viva en la Iglesia\u201d\"}]},{\"@type\":\"WebSite\",\"@id\":\"https:\\\/\\\/exaudi.org\\\/#website\",\"url\":\"https:\\\/\\\/exaudi.org\\\/\",\"name\":\"Exaudi\",\"description\":\"News\",\"potentialAction\":[{\"@type\":\"SearchAction\",\"target\":{\"@type\":\"EntryPoint\",\"urlTemplate\":\"https:\\\/\\\/exaudi.org\\\/?s={search_term_string}\"},\"query-input\":{\"@type\":\"PropertyValueSpecification\",\"valueRequired\":true,\"valueName\":\"search_term_string\"}}],\"inLanguage\":\"es\"},{\"@type\":\"Person\",\"@id\":\"https:\\\/\\\/exaudi.org\\\/#\\\/schema\\\/person\\\/d134b96438278131ce90c90c03fda6cd\",\"name\":\"Gabriel Sales\",\"image\":{\"@type\":\"ImageObject\",\"inLanguage\":\"es\",\"@id\":\"https:\\\/\\\/secure.gravatar.com\\\/avatar\\\/9b1269566f6a063ed26ffb3532b66a373cdde231ce5d0effb266167437fdaffd?s=96&d=mm&r=g\",\"url\":\"https:\\\/\\\/secure.gravatar.com\\\/avatar\\\/9b1269566f6a063ed26ffb3532b66a373cdde231ce5d0effb266167437fdaffd?s=96&d=mm&r=g\",\"contentUrl\":\"https:\\\/\\\/secure.gravatar.com\\\/avatar\\\/9b1269566f6a063ed26ffb3532b66a373cdde231ce5d0effb266167437fdaffd?s=96&d=mm&r=g\",\"caption\":\"Gabriel Sales\"},\"description\":\"Periodista y especialista en Comunicaci\u00f3n y Branding digital. Cin\u00e9filo y cr\u00edtico de cine y series de televisi\u00f3n.\",\"sameAs\":[\"https:\\\/\\\/www.instagram.com\\\/cine90segundos\\\/\",\"www.linkedin.com\\\/in\\\/habemusman\",\"https:\\\/\\\/x.com\\\/habemusman\",\"https:\\\/\\\/www.youtube.com\\\/channel\\\/UCVfCiOMkJ_C7T7OpyjuaLDg\"],\"url\":\"https:\\\/\\\/exaudi.org\\\/es\\\/author\\\/gsalesexaudi-org\\\/\"}]}<\/script>\n<!-- \/ Yoast SEO plugin. -->","yoast_head_json":{"title":"Papa: Hermanas de Caridad, \u201cpresencia viva en la Iglesia\u201d","description":"El Papa Francisco ha expresado que las hermanas de la Caridad son \u201cpresencia viva en la Iglesia, que participa en comuni\u00f3n y misi\u00f3n\u201d.","robots":{"index":"index","follow":"follow","max-snippet":"max-snippet:-1","max-image-preview":"max-image-preview:large","max-video-preview":"max-video-preview:-1"},"canonical":"https:\/\/exaudi.org\/es\/papa-hermanas-caridad-presencia-viva-iglesia\/","og_locale":"es_ES","og_type":"article","og_title":"Papa: Hermanas de Caridad, \u201cpresencia viva en la Iglesia\u201d","og_description":"El Papa Francisco ha expresado que las hermanas de la Caridad son \u201cpresencia viva en la Iglesia, que participa en comuni\u00f3n y misi\u00f3n\u201d.","og_url":"https:\/\/exaudi.org\/es\/papa-hermanas-caridad-presencia-viva-iglesia\/","og_site_name":"Exaudi","article_publisher":"https:\/\/www.facebook.com\/ExaudiNews","article_published_time":"2021-10-11T12:03:39+00:00","article_modified_time":"2021-10-13T07:37:27+00:00","og_image":[{"width":2560,"height":1437,"url":"https:\/\/exaudi.org\/wp-content\/uploads\/2021\/10\/s4d6asd-scaled.jpg","type":"image\/jpeg"}],"author":"Gabriel Sales","twitter_card":"summary_large_image","twitter_creator":"@habemusman","twitter_site":"@Exaudi_News","twitter_misc":{"Escrito por":"Gabriel Sales","Tiempo de lectura":"6 minutos"},"schema":{"@context":"https:\/\/schema.org","@graph":[{"@type":"Article","@id":"https:\/\/exaudi.org\/es\/papa-hermanas-caridad-presencia-viva-iglesia\/#article","isPartOf":{"@id":"https:\/\/exaudi.org\/es\/papa-hermanas-caridad-presencia-viva-iglesia\/"},"author":{"name":"Gabriel Sales","@id":"https:\/\/exaudi.org\/#\/schema\/person\/d134b96438278131ce90c90c03fda6cd"},"headline":"Papa: Hermanas de Caridad, \u201cpresencia viva en la Iglesia\u201d","datePublished":"2021-10-11T12:03:39+00:00","dateModified":"2021-10-13T07:37:27+00:00","mainEntityOfPage":{"@id":"https:\/\/exaudi.org\/es\/papa-hermanas-caridad-presencia-viva-iglesia\/"},"wordCount":1166,"image":{"@id":"https:\/\/exaudi.org\/es\/papa-hermanas-caridad-presencia-viva-iglesia\/#primaryimage"},"thumbnailUrl":"https:\/\/exaudi.org\/wp-content\/uploads\/2021\/10\/s4d6asd-scaled.jpg","keywords":["Hermanas de la Caridad","papa francisco","Santa Juana Antida Thouret"],"articleSection":["Discursos","\u00daltimas noticias"],"inLanguage":"es"},{"@type":"WebPage","@id":"https:\/\/exaudi.org\/es\/papa-hermanas-caridad-presencia-viva-iglesia\/","url":"https:\/\/exaudi.org\/es\/papa-hermanas-caridad-presencia-viva-iglesia\/","name":"Papa: Hermanas de Caridad, \u201cpresencia viva en la Iglesia\u201d","isPartOf":{"@id":"https:\/\/exaudi.org\/#website"},"primaryImageOfPage":{"@id":"https:\/\/exaudi.org\/es\/papa-hermanas-caridad-presencia-viva-iglesia\/#primaryimage"},"image":{"@id":"https:\/\/exaudi.org\/es\/papa-hermanas-caridad-presencia-viva-iglesia\/#primaryimage"},"thumbnailUrl":"https:\/\/exaudi.org\/wp-content\/uploads\/2021\/10\/s4d6asd-scaled.jpg","datePublished":"2021-10-11T12:03:39+00:00","dateModified":"2021-10-13T07:37:27+00:00","author":{"@id":"https:\/\/exaudi.org\/#\/schema\/person\/d134b96438278131ce90c90c03fda6cd"},"description":"El Papa Francisco ha expresado que las hermanas de la Caridad son \u201cpresencia viva en la Iglesia, que participa en comuni\u00f3n y misi\u00f3n\u201d.","breadcrumb":{"@id":"https:\/\/exaudi.org\/es\/papa-hermanas-caridad-presencia-viva-iglesia\/#breadcrumb"},"inLanguage":"es","potentialAction":[{"@type":"ReadAction","target":["https:\/\/exaudi.org\/es\/papa-hermanas-caridad-presencia-viva-iglesia\/"]}]},{"@type":"ImageObject","inLanguage":"es","@id":"https:\/\/exaudi.org\/es\/papa-hermanas-caridad-presencia-viva-iglesia\/#primaryimage","url":"https:\/\/exaudi.org\/wp-content\/uploads\/2021\/10\/s4d6asd-scaled.jpg","contentUrl":"https:\/\/exaudi.org\/wp-content\/uploads\/2021\/10\/s4d6asd-scaled.jpg","width":2560,"height":1437,"caption":"El Papa junto a las hermanas de la Caridad \u00a9 Vatican Media"},{"@type":"BreadcrumbList","@id":"https:\/\/exaudi.org\/es\/papa-hermanas-caridad-presencia-viva-iglesia\/#breadcrumb","itemListElement":[{"@type":"ListItem","position":1,"name":"Portada","item":"https:\/\/exaudi.org\/es\/"},{"@type":"ListItem","position":2,"name":"Papa: Hermanas de Caridad, \u201cpresencia viva en la Iglesia\u201d"}]},{"@type":"WebSite","@id":"https:\/\/exaudi.org\/#website","url":"https:\/\/exaudi.org\/","name":"Exaudi","description":"News","potentialAction":[{"@type":"SearchAction","target":{"@type":"EntryPoint","urlTemplate":"https:\/\/exaudi.org\/?s={search_term_string}"},"query-input":{"@type":"PropertyValueSpecification","valueRequired":true,"valueName":"search_term_string"}}],"inLanguage":"es"},{"@type":"Person","@id":"https:\/\/exaudi.org\/#\/schema\/person\/d134b96438278131ce90c90c03fda6cd","name":"Gabriel Sales","image":{"@type":"ImageObject","inLanguage":"es","@id":"https:\/\/secure.gravatar.com\/avatar\/9b1269566f6a063ed26ffb3532b66a373cdde231ce5d0effb266167437fdaffd?s=96&d=mm&r=g","url":"https:\/\/secure.gravatar.com\/avatar\/9b1269566f6a063ed26ffb3532b66a373cdde231ce5d0effb266167437fdaffd?s=96&d=mm&r=g","contentUrl":"https:\/\/secure.gravatar.com\/avatar\/9b1269566f6a063ed26ffb3532b66a373cdde231ce5d0effb266167437fdaffd?s=96&d=mm&r=g","caption":"Gabriel Sales"},"description":"Periodista y especialista en Comunicaci\u00f3n y Branding digital. Cin\u00e9filo y cr\u00edtico de cine y series de televisi\u00f3n.","sameAs":["https:\/\/www.instagram.com\/cine90segundos\/","www.linkedin.com\/in\/habemusman","https:\/\/x.com\/habemusman","https:\/\/www.youtube.com\/channel\/UCVfCiOMkJ_C7T7OpyjuaLDg"],"url":"https:\/\/exaudi.org\/es\/author\/gsalesexaudi-org\/"}]}},"jetpack_featured_media_url":"https:\/\/exaudi.org\/wp-content\/uploads\/2021\/10\/s4d6asd-scaled.jpg","jetpack_shortlink":"https:\/\/wp.me\/pgKjF2-9sh","_links":{"self":[{"href":"https:\/\/exaudi.org\/es\/wp-json\/wp\/v2\/posts\/36349","targetHints":{"allow":["GET"]}}],"collection":[{"href":"https:\/\/exaudi.org\/es\/wp-json\/wp\/v2\/posts"}],"about":[{"href":"https:\/\/exaudi.org\/es\/wp-json\/wp\/v2\/types\/post"}],"author":[{"embeddable":true,"href":"https:\/\/exaudi.org\/es\/wp-json\/wp\/v2\/users\/6"}],"replies":[{"embeddable":true,"href":"https:\/\/exaudi.org\/es\/wp-json\/wp\/v2\/comments?post=36349"}],"version-history":[{"count":0,"href":"https:\/\/exaudi.org\/es\/wp-json\/wp\/v2\/posts\/36349\/revisions"}],"wp:featuredmedia":[{"embeddable":true,"href":"https:\/\/exaudi.org\/es\/wp-json\/wp\/v2\/media\/36350"}],"wp:attachment":[{"href":"https:\/\/exaudi.org\/es\/wp-json\/wp\/v2\/media?parent=36349"}],"wp:term":[{"taxonomy":"category","embeddable":true,"href":"https:\/\/exaudi.org\/es\/wp-json\/wp\/v2\/categories?post=36349"},{"taxonomy":"post_tag","embeddable":true,"href":"https:\/\/exaudi.org\/es\/wp-json\/wp\/v2\/tags?post=36349"}],"curies":[{"name":"wp","href":"https:\/\/api.w.org\/{rel}","templated":true}]}}