{"id":36339,"date":"2021-10-11T13:36:51","date_gmt":"2021-10-11T11:36:51","guid":{"rendered":"https:\/\/exaudi.wpengine.com\/?p=36339"},"modified":"2021-10-12T09:51:55","modified_gmt":"2021-10-12T07:51:55","slug":"armenia-papa-presidente-republica","status":"publish","type":"post","link":"https:\/\/exaudi.org\/es\/armenia-papa-presidente-republica\/","title":{"rendered":"Armenia: El Papa recibe al presidente de la Rep\u00fablica"},"content":{"rendered":"<p><span style=\"text-align: justify\">En la ma\u00f1ana de hoy, lunes 11 de octubre de 2021, el <a href=\"https:\/\/exaudi.wpengine.com\/es\/papa-politicos-responsabilidad-solidaridad\/\" target=\"_blank\" rel=\"noopener\">Papa Francisco<\/a> ha recibido en audiencia en el Palacio Apost\u00f3lico Vaticano a Armen Sarkissian, presidente de la Rep\u00fablica de Armenia, <\/span><span style=\"text-align: justify\">ha informado la <\/span><a style=\"text-align: justify\" href=\"https:\/\/www.vatican.va\/news_services\/press\/index_sp.htm\" target=\"_blank\" rel=\"noopener\">Oficina de Prensa de la Santa Sede<\/a><span style=\"text-align: justify\"> en un comunicado. De acuerdo al mismo, posteriormente, la canciller se reuni\u00f3 con cardenal secretario de Estado Pietro Parolin, acompa\u00f1ado por Mons. Paul Richard Gallagher, secretario para las Relaciones con los Estados.<\/span><\/p>\n<p>\u201cDurante las cordiales conversaciones, se expres\u00f3 la satisfacci\u00f3n por el desarrollo y el fortalecimiento de las relaciones bilaterales entre la Santa Sede y Armenia, pa\u00eds de antigua tradici\u00f3n cristiana. A lo largo de la reuni\u00f3n, se prest\u00f3 atenci\u00f3n a otras cuestiones pol\u00edticas internacionales y regionales\u201d.<\/p>\n<h4><img loading=\"lazy\" decoding=\"async\" class=\"alignleft size-medium wp-image-36343\" src=\"https:\/\/exaudi.wpengine.com\/wp-content\/uploads\/2021\/10\/MTC7461-300x200.jpg\" alt=\"Armenia Papa presidente Rep\u00fablica\" width=\"300\" height=\"200\" srcset=\"https:\/\/exaudi.org\/wp-content\/uploads\/2021\/10\/MTC7461-300x200.jpg 300w, https:\/\/exaudi.org\/wp-content\/uploads\/2021\/10\/MTC7461-1024x683.jpg 1024w, https:\/\/exaudi.org\/wp-content\/uploads\/2021\/10\/MTC7461-768x512.jpg 768w, https:\/\/exaudi.org\/wp-content\/uploads\/2021\/10\/MTC7461-1536x1024.jpg 1536w, https:\/\/exaudi.org\/wp-content\/uploads\/2021\/10\/MTC7461-2048x1365.jpg 2048w, https:\/\/exaudi.org\/wp-content\/uploads\/2021\/10\/MTC7461-150x100.jpg 150w, https:\/\/exaudi.org\/wp-content\/uploads\/2021\/10\/MTC7461-696x464.jpg 696w, https:\/\/exaudi.org\/wp-content\/uploads\/2021\/10\/MTC7461-1068x712.jpg 1068w, https:\/\/exaudi.org\/wp-content\/uploads\/2021\/10\/MTC7461-1920x1280.jpg 1920w, https:\/\/exaudi.org\/wp-content\/uploads\/2021\/10\/MTC7461-630x420.jpg 630w\" sizes=\"auto, (max-width: 300px) 100vw, 300px\" \/><strong>Armen Sarkissian<\/strong><\/h4>\n<p>Seg\u00fan la web oficial del presidente de Armenia, Sarkissian naci\u00f3 el 23 de junio de 1953 en Erev\u00e1n, capital armenia. Se gradu\u00f3 en el Departamento de F\u00edsica de la Universidad Estatal de la misma ciudad (1976), realiz\u00f3 estudios de postgrado en la C\u00e1tedra de F\u00edsica Te\u00f3rica y Matem\u00e1ticas de la misma universidad, y obtuvo el t\u00edtulo cient\u00edfico de Doctor en Ciencias (1978).<\/p>\n<p>Ha sido profesor de F\u00edsica, fund\u00f3 la Subdivisi\u00f3n de Modelizaci\u00f3n Inform\u00e1tica de Sistemas Complejos en el Departamento de F\u00edsica Te\u00f3rica de la Universidad Estatal de Erev\u00e1n. Fue primero investigador visitante y despu\u00e9s profesor en el Instituto de Astronom\u00eda de la Universidad de Cambridge, Reino Unido. Continu\u00f3 su carrera profesional como investigador y profesor visitante en la Universidad Estatal de Mosc\u00fa, as\u00ed como en varias universidades de Alemania, Estados Unidos, Grecia y el Reino Unido.<\/p>\n<p><img loading=\"lazy\" decoding=\"async\" class=\"alignright size-medium wp-image-36346\" src=\"https:\/\/exaudi.wpengine.com\/wp-content\/uploads\/2021\/10\/MTC7498-300x200.jpg\" alt=\"\" width=\"300\" height=\"200\" srcset=\"https:\/\/exaudi.org\/wp-content\/uploads\/2021\/10\/MTC7498-300x200.jpg 300w, https:\/\/exaudi.org\/wp-content\/uploads\/2021\/10\/MTC7498-1024x683.jpg 1024w, https:\/\/exaudi.org\/wp-content\/uploads\/2021\/10\/MTC7498-768x512.jpg 768w, https:\/\/exaudi.org\/wp-content\/uploads\/2021\/10\/MTC7498-1536x1024.jpg 1536w, https:\/\/exaudi.org\/wp-content\/uploads\/2021\/10\/MTC7498-2048x1365.jpg 2048w, https:\/\/exaudi.org\/wp-content\/uploads\/2021\/10\/MTC7498-150x100.jpg 150w, https:\/\/exaudi.org\/wp-content\/uploads\/2021\/10\/MTC7498-696x464.jpg 696w, https:\/\/exaudi.org\/wp-content\/uploads\/2021\/10\/MTC7498-1068x712.jpg 1068w, https:\/\/exaudi.org\/wp-content\/uploads\/2021\/10\/MTC7498-1920x1280.jpg 1920w, https:\/\/exaudi.org\/wp-content\/uploads\/2021\/10\/MTC7498-630x420.jpg 630w\" sizes=\"auto, (max-width: 300px) 100vw, 300px\" \/><\/p>\n<p>Fue nombrado Encargado de Negocios de la Rep\u00fablica de Armenia en el Reino Unido, y posteriormente fue nombrado Embajador de Armenia en el Reino Unido, cargo que desempe\u00f1\u00f3 hasta 1996. Fue el embajador principal de Armenia en Europa, embajador ante la Uni\u00f3n Europea, B\u00e9lgica, Pa\u00edses Bajos, Luxemburgo y la Santa Sede, y jefe de la Misi\u00f3n de la Rep\u00fablica de Armenia ante la UE. Fue Primer Ministro de Armenia. Fue nombrado de nuevo embajador de Armenia en el Reino Unido y en la Santa Sede.<\/p>\n<p>Fue elegido Presidente de la Rep\u00fablica de Armenia por la Asamblea Nacional de la RA. La toma de posesi\u00f3n del Presidente electo tuvo lugar el 9 de abril de 2018.<\/p>\n","protected":false},"excerpt":{"rendered":"<p>Armen Sarkissian<\/p>\n","protected":false},"author":6,"featured_media":36340,"comment_status":"closed","ping_status":"closed","sticky":false,"template":"","format":"standard","meta":{"_acf_changed":false,"_crdt_document":"","inline_featured_image":false,"footnotes":""},"categories":[68,298],"tags":[1937,168,158,799],"class_list":["post-36339","post","type-post","status-publish","format-standard","has-post-thumbnail","hentry","category-leon-xiv","category-ultimas-noticias","tag-armenia-es","tag-audiencia","tag-papa-francisco","tag-presidente"],"acf":[],"yoast_head":"<!-- This site is optimized with the Yoast SEO plugin v27.5 - https:\/\/yoast.com\/product\/yoast-seo-wordpress\/ -->\n<title>Armenia: El Papa recibe al presidente de la Rep\u00fablica - Exaudi<\/title>\n<meta name=\"description\" content=\"Esta ma\u00f1ana, el Papa ha recibido en audiencia en el Palacio Apost\u00f3lico Vaticano a Armen Sarkissian, presidente de la Rep\u00fablica de Armenia.\" \/>\n<meta name=\"robots\" content=\"index, follow, max-snippet:-1, max-image-preview:large, max-video-preview:-1\" \/>\n<link rel=\"canonical\" href=\"https:\/\/exaudi.org\/es\/armenia-papa-presidente-republica\/\" \/>\n<meta property=\"og:locale\" content=\"es_ES\" \/>\n<meta property=\"og:type\" content=\"article\" \/>\n<meta property=\"og:title\" content=\"Armenia: El Papa recibe al presidente de la Rep\u00fablica - Exaudi\" \/>\n<meta property=\"og:description\" content=\"Esta ma\u00f1ana, el Papa ha recibido en audiencia en el Palacio Apost\u00f3lico Vaticano a Armen Sarkissian, presidente de la Rep\u00fablica de Armenia.\" \/>\n<meta property=\"og:url\" content=\"https:\/\/exaudi.org\/es\/armenia-papa-presidente-republica\/\" \/>\n<meta property=\"og:site_name\" content=\"Exaudi\" \/>\n<meta property=\"article:publisher\" content=\"https:\/\/www.facebook.com\/ExaudiNews\" \/>\n<meta property=\"article:published_time\" content=\"2021-10-11T11:36:51+00:00\" \/>\n<meta property=\"article:modified_time\" content=\"2021-10-12T07:51:55+00:00\" \/>\n<meta property=\"og:image\" content=\"https:\/\/exaudi.org\/wp-content\/uploads\/2021\/10\/6d5fgdfg-scaled.jpg\" \/>\n\t<meta property=\"og:image:width\" content=\"2560\" \/>\n\t<meta property=\"og:image:height\" content=\"1493\" \/>\n\t<meta property=\"og:image:type\" content=\"image\/jpeg\" \/>\n<meta name=\"author\" content=\"Gabriel Sales\" \/>\n<meta name=\"twitter:card\" content=\"summary_large_image\" \/>\n<meta name=\"twitter:creator\" content=\"@habemusman\" \/>\n<meta name=\"twitter:site\" content=\"@Exaudi_News\" \/>\n<meta name=\"twitter:label1\" content=\"Escrito por\" \/>\n\t<meta name=\"twitter:data1\" content=\"Gabriel Sales\" \/>\n\t<meta name=\"twitter:label2\" content=\"Tiempo de lectura\" \/>\n\t<meta name=\"twitter:data2\" content=\"3 minutos\" \/>\n<script type=\"application\/ld+json\" class=\"yoast-schema-graph\">{\"@context\":\"https:\\\/\\\/schema.org\",\"@graph\":[{\"@type\":\"Article\",\"@id\":\"https:\\\/\\\/exaudi.org\\\/es\\\/armenia-papa-presidente-republica\\\/#article\",\"isPartOf\":{\"@id\":\"https:\\\/\\\/exaudi.org\\\/es\\\/armenia-papa-presidente-republica\\\/\"},\"author\":{\"name\":\"Gabriel Sales\",\"@id\":\"https:\\\/\\\/exaudi.org\\\/#\\\/schema\\\/person\\\/d134b96438278131ce90c90c03fda6cd\"},\"headline\":\"Armenia: El Papa recibe al presidente de la Rep\u00fablica\",\"datePublished\":\"2021-10-11T11:36:51+00:00\",\"dateModified\":\"2021-10-12T07:51:55+00:00\",\"mainEntityOfPage\":{\"@id\":\"https:\\\/\\\/exaudi.org\\\/es\\\/armenia-papa-presidente-republica\\\/\"},\"wordCount\":409,\"image\":{\"@id\":\"https:\\\/\\\/exaudi.org\\\/es\\\/armenia-papa-presidente-republica\\\/#primaryimage\"},\"thumbnailUrl\":\"https:\\\/\\\/exaudi.org\\\/wp-content\\\/uploads\\\/2021\\\/10\\\/6d5fgdfg-scaled.jpg\",\"keywords\":[\"armenia\",\"audiencia\",\"papa francisco\",\"presidente\"],\"articleSection\":[\"Le\u00f3n XIV\",\"\u00daltimas noticias\"],\"inLanguage\":\"es\"},{\"@type\":\"WebPage\",\"@id\":\"https:\\\/\\\/exaudi.org\\\/es\\\/armenia-papa-presidente-republica\\\/\",\"url\":\"https:\\\/\\\/exaudi.org\\\/es\\\/armenia-papa-presidente-republica\\\/\",\"name\":\"Armenia: El Papa recibe al presidente de la Rep\u00fablica - Exaudi\",\"isPartOf\":{\"@id\":\"https:\\\/\\\/exaudi.org\\\/#website\"},\"primaryImageOfPage\":{\"@id\":\"https:\\\/\\\/exaudi.org\\\/es\\\/armenia-papa-presidente-republica\\\/#primaryimage\"},\"image\":{\"@id\":\"https:\\\/\\\/exaudi.org\\\/es\\\/armenia-papa-presidente-republica\\\/#primaryimage\"},\"thumbnailUrl\":\"https:\\\/\\\/exaudi.org\\\/wp-content\\\/uploads\\\/2021\\\/10\\\/6d5fgdfg-scaled.jpg\",\"datePublished\":\"2021-10-11T11:36:51+00:00\",\"dateModified\":\"2021-10-12T07:51:55+00:00\",\"author\":{\"@id\":\"https:\\\/\\\/exaudi.org\\\/#\\\/schema\\\/person\\\/d134b96438278131ce90c90c03fda6cd\"},\"description\":\"Esta ma\u00f1ana, el Papa ha recibido en audiencia en el Palacio Apost\u00f3lico Vaticano a Armen Sarkissian, presidente de la Rep\u00fablica de Armenia.\",\"breadcrumb\":{\"@id\":\"https:\\\/\\\/exaudi.org\\\/es\\\/armenia-papa-presidente-republica\\\/#breadcrumb\"},\"inLanguage\":\"es\",\"potentialAction\":[{\"@type\":\"ReadAction\",\"target\":[\"https:\\\/\\\/exaudi.org\\\/es\\\/armenia-papa-presidente-republica\\\/\"]}]},{\"@type\":\"ImageObject\",\"inLanguage\":\"es\",\"@id\":\"https:\\\/\\\/exaudi.org\\\/es\\\/armenia-papa-presidente-republica\\\/#primaryimage\",\"url\":\"https:\\\/\\\/exaudi.org\\\/wp-content\\\/uploads\\\/2021\\\/10\\\/6d5fgdfg-scaled.jpg\",\"contentUrl\":\"https:\\\/\\\/exaudi.org\\\/wp-content\\\/uploads\\\/2021\\\/10\\\/6d5fgdfg-scaled.jpg\",\"width\":2560,\"height\":1493,\"caption\":\"El Papa junto al presidente armenio \u00a9 Vatican Media\"},{\"@type\":\"BreadcrumbList\",\"@id\":\"https:\\\/\\\/exaudi.org\\\/es\\\/armenia-papa-presidente-republica\\\/#breadcrumb\",\"itemListElement\":[{\"@type\":\"ListItem\",\"position\":1,\"name\":\"Portada\",\"item\":\"https:\\\/\\\/exaudi.org\\\/es\\\/\"},{\"@type\":\"ListItem\",\"position\":2,\"name\":\"Armenia: El Papa recibe al presidente de la Rep\u00fablica\"}]},{\"@type\":\"WebSite\",\"@id\":\"https:\\\/\\\/exaudi.org\\\/#website\",\"url\":\"https:\\\/\\\/exaudi.org\\\/\",\"name\":\"Exaudi\",\"description\":\"News\",\"potentialAction\":[{\"@type\":\"SearchAction\",\"target\":{\"@type\":\"EntryPoint\",\"urlTemplate\":\"https:\\\/\\\/exaudi.org\\\/?s={search_term_string}\"},\"query-input\":{\"@type\":\"PropertyValueSpecification\",\"valueRequired\":true,\"valueName\":\"search_term_string\"}}],\"inLanguage\":\"es\"},{\"@type\":\"Person\",\"@id\":\"https:\\\/\\\/exaudi.org\\\/#\\\/schema\\\/person\\\/d134b96438278131ce90c90c03fda6cd\",\"name\":\"Gabriel Sales\",\"image\":{\"@type\":\"ImageObject\",\"inLanguage\":\"es\",\"@id\":\"https:\\\/\\\/secure.gravatar.com\\\/avatar\\\/9b1269566f6a063ed26ffb3532b66a373cdde231ce5d0effb266167437fdaffd?s=96&d=mm&r=g\",\"url\":\"https:\\\/\\\/secure.gravatar.com\\\/avatar\\\/9b1269566f6a063ed26ffb3532b66a373cdde231ce5d0effb266167437fdaffd?s=96&d=mm&r=g\",\"contentUrl\":\"https:\\\/\\\/secure.gravatar.com\\\/avatar\\\/9b1269566f6a063ed26ffb3532b66a373cdde231ce5d0effb266167437fdaffd?s=96&d=mm&r=g\",\"caption\":\"Gabriel Sales\"},\"description\":\"Periodista y especialista en Comunicaci\u00f3n y Branding digital. Cin\u00e9filo y cr\u00edtico de cine y series de televisi\u00f3n.\",\"sameAs\":[\"https:\\\/\\\/www.instagram.com\\\/cine90segundos\\\/\",\"www.linkedin.com\\\/in\\\/habemusman\",\"https:\\\/\\\/x.com\\\/habemusman\",\"https:\\\/\\\/www.youtube.com\\\/channel\\\/UCVfCiOMkJ_C7T7OpyjuaLDg\"],\"url\":\"https:\\\/\\\/exaudi.org\\\/es\\\/author\\\/gsalesexaudi-org\\\/\"}]}<\/script>\n<!-- \/ Yoast SEO plugin. -->","yoast_head_json":{"title":"Armenia: El Papa recibe al presidente de la Rep\u00fablica - Exaudi","description":"Esta ma\u00f1ana, el Papa ha recibido en audiencia en el Palacio Apost\u00f3lico Vaticano a Armen Sarkissian, presidente de la Rep\u00fablica de Armenia.","robots":{"index":"index","follow":"follow","max-snippet":"max-snippet:-1","max-image-preview":"max-image-preview:large","max-video-preview":"max-video-preview:-1"},"canonical":"https:\/\/exaudi.org\/es\/armenia-papa-presidente-republica\/","og_locale":"es_ES","og_type":"article","og_title":"Armenia: El Papa recibe al presidente de la Rep\u00fablica - Exaudi","og_description":"Esta ma\u00f1ana, el Papa ha recibido en audiencia en el Palacio Apost\u00f3lico Vaticano a Armen Sarkissian, presidente de la Rep\u00fablica de Armenia.","og_url":"https:\/\/exaudi.org\/es\/armenia-papa-presidente-republica\/","og_site_name":"Exaudi","article_publisher":"https:\/\/www.facebook.com\/ExaudiNews","article_published_time":"2021-10-11T11:36:51+00:00","article_modified_time":"2021-10-12T07:51:55+00:00","og_image":[{"width":2560,"height":1493,"url":"https:\/\/exaudi.org\/wp-content\/uploads\/2021\/10\/6d5fgdfg-scaled.jpg","type":"image\/jpeg"}],"author":"Gabriel Sales","twitter_card":"summary_large_image","twitter_creator":"@habemusman","twitter_site":"@Exaudi_News","twitter_misc":{"Escrito por":"Gabriel Sales","Tiempo de lectura":"3 minutos"},"schema":{"@context":"https:\/\/schema.org","@graph":[{"@type":"Article","@id":"https:\/\/exaudi.org\/es\/armenia-papa-presidente-republica\/#article","isPartOf":{"@id":"https:\/\/exaudi.org\/es\/armenia-papa-presidente-republica\/"},"author":{"name":"Gabriel Sales","@id":"https:\/\/exaudi.org\/#\/schema\/person\/d134b96438278131ce90c90c03fda6cd"},"headline":"Armenia: El Papa recibe al presidente de la Rep\u00fablica","datePublished":"2021-10-11T11:36:51+00:00","dateModified":"2021-10-12T07:51:55+00:00","mainEntityOfPage":{"@id":"https:\/\/exaudi.org\/es\/armenia-papa-presidente-republica\/"},"wordCount":409,"image":{"@id":"https:\/\/exaudi.org\/es\/armenia-papa-presidente-republica\/#primaryimage"},"thumbnailUrl":"https:\/\/exaudi.org\/wp-content\/uploads\/2021\/10\/6d5fgdfg-scaled.jpg","keywords":["armenia","audiencia","papa francisco","presidente"],"articleSection":["Le\u00f3n XIV","\u00daltimas noticias"],"inLanguage":"es"},{"@type":"WebPage","@id":"https:\/\/exaudi.org\/es\/armenia-papa-presidente-republica\/","url":"https:\/\/exaudi.org\/es\/armenia-papa-presidente-republica\/","name":"Armenia: El Papa recibe al presidente de la Rep\u00fablica - Exaudi","isPartOf":{"@id":"https:\/\/exaudi.org\/#website"},"primaryImageOfPage":{"@id":"https:\/\/exaudi.org\/es\/armenia-papa-presidente-republica\/#primaryimage"},"image":{"@id":"https:\/\/exaudi.org\/es\/armenia-papa-presidente-republica\/#primaryimage"},"thumbnailUrl":"https:\/\/exaudi.org\/wp-content\/uploads\/2021\/10\/6d5fgdfg-scaled.jpg","datePublished":"2021-10-11T11:36:51+00:00","dateModified":"2021-10-12T07:51:55+00:00","author":{"@id":"https:\/\/exaudi.org\/#\/schema\/person\/d134b96438278131ce90c90c03fda6cd"},"description":"Esta ma\u00f1ana, el Papa ha recibido en audiencia en el Palacio Apost\u00f3lico Vaticano a Armen Sarkissian, presidente de la Rep\u00fablica de Armenia.","breadcrumb":{"@id":"https:\/\/exaudi.org\/es\/armenia-papa-presidente-republica\/#breadcrumb"},"inLanguage":"es","potentialAction":[{"@type":"ReadAction","target":["https:\/\/exaudi.org\/es\/armenia-papa-presidente-republica\/"]}]},{"@type":"ImageObject","inLanguage":"es","@id":"https:\/\/exaudi.org\/es\/armenia-papa-presidente-republica\/#primaryimage","url":"https:\/\/exaudi.org\/wp-content\/uploads\/2021\/10\/6d5fgdfg-scaled.jpg","contentUrl":"https:\/\/exaudi.org\/wp-content\/uploads\/2021\/10\/6d5fgdfg-scaled.jpg","width":2560,"height":1493,"caption":"El Papa junto al presidente armenio \u00a9 Vatican Media"},{"@type":"BreadcrumbList","@id":"https:\/\/exaudi.org\/es\/armenia-papa-presidente-republica\/#breadcrumb","itemListElement":[{"@type":"ListItem","position":1,"name":"Portada","item":"https:\/\/exaudi.org\/es\/"},{"@type":"ListItem","position":2,"name":"Armenia: El Papa recibe al presidente de la Rep\u00fablica"}]},{"@type":"WebSite","@id":"https:\/\/exaudi.org\/#website","url":"https:\/\/exaudi.org\/","name":"Exaudi","description":"News","potentialAction":[{"@type":"SearchAction","target":{"@type":"EntryPoint","urlTemplate":"https:\/\/exaudi.org\/?s={search_term_string}"},"query-input":{"@type":"PropertyValueSpecification","valueRequired":true,"valueName":"search_term_string"}}],"inLanguage":"es"},{"@type":"Person","@id":"https:\/\/exaudi.org\/#\/schema\/person\/d134b96438278131ce90c90c03fda6cd","name":"Gabriel Sales","image":{"@type":"ImageObject","inLanguage":"es","@id":"https:\/\/secure.gravatar.com\/avatar\/9b1269566f6a063ed26ffb3532b66a373cdde231ce5d0effb266167437fdaffd?s=96&d=mm&r=g","url":"https:\/\/secure.gravatar.com\/avatar\/9b1269566f6a063ed26ffb3532b66a373cdde231ce5d0effb266167437fdaffd?s=96&d=mm&r=g","contentUrl":"https:\/\/secure.gravatar.com\/avatar\/9b1269566f6a063ed26ffb3532b66a373cdde231ce5d0effb266167437fdaffd?s=96&d=mm&r=g","caption":"Gabriel Sales"},"description":"Periodista y especialista en Comunicaci\u00f3n y Branding digital. Cin\u00e9filo y cr\u00edtico de cine y series de televisi\u00f3n.","sameAs":["https:\/\/www.instagram.com\/cine90segundos\/","www.linkedin.com\/in\/habemusman","https:\/\/x.com\/habemusman","https:\/\/www.youtube.com\/channel\/UCVfCiOMkJ_C7T7OpyjuaLDg"],"url":"https:\/\/exaudi.org\/es\/author\/gsalesexaudi-org\/"}]}},"jetpack_featured_media_url":"https:\/\/exaudi.org\/wp-content\/uploads\/2021\/10\/6d5fgdfg-scaled.jpg","jetpack_shortlink":"https:\/\/wp.me\/pgKjF2-9s7","_links":{"self":[{"href":"https:\/\/exaudi.org\/es\/wp-json\/wp\/v2\/posts\/36339","targetHints":{"allow":["GET"]}}],"collection":[{"href":"https:\/\/exaudi.org\/es\/wp-json\/wp\/v2\/posts"}],"about":[{"href":"https:\/\/exaudi.org\/es\/wp-json\/wp\/v2\/types\/post"}],"author":[{"embeddable":true,"href":"https:\/\/exaudi.org\/es\/wp-json\/wp\/v2\/users\/6"}],"replies":[{"embeddable":true,"href":"https:\/\/exaudi.org\/es\/wp-json\/wp\/v2\/comments?post=36339"}],"version-history":[{"count":0,"href":"https:\/\/exaudi.org\/es\/wp-json\/wp\/v2\/posts\/36339\/revisions"}],"wp:featuredmedia":[{"embeddable":true,"href":"https:\/\/exaudi.org\/es\/wp-json\/wp\/v2\/media\/36340"}],"wp:attachment":[{"href":"https:\/\/exaudi.org\/es\/wp-json\/wp\/v2\/media?parent=36339"}],"wp:term":[{"taxonomy":"category","embeddable":true,"href":"https:\/\/exaudi.org\/es\/wp-json\/wp\/v2\/categories?post=36339"},{"taxonomy":"post_tag","embeddable":true,"href":"https:\/\/exaudi.org\/es\/wp-json\/wp\/v2\/tags?post=36339"}],"curies":[{"name":"wp","href":"https:\/\/api.w.org\/{rel}","templated":true}]}}