{"id":36335,"date":"2021-10-11T13:11:44","date_gmt":"2021-10-11T11:11:44","guid":{"rendered":"https:\/\/exaudi.wpengine.com\/?p=36335"},"modified":"2021-10-11T14:10:59","modified_gmt":"2021-10-11T12:10:59","slug":"capilla-musical-pontificia-maestro-celebraciones-liturgicas","status":"publish","type":"post","link":"https:\/\/exaudi.org\/es\/capilla-musical-pontificia-maestro-celebraciones-liturgicas\/","title":{"rendered":"Capilla Musical Pontificia: Nuevo maestro de Celebraciones Lit\u00fargicas"},"content":{"rendered":"<p>El <a href=\"https:\/\/exaudi.wpengine.com\/es\/verbos-camino-sinodal-encontrar-escuchar-discernir\/\" target=\"_blank\" rel=\"noopener\">Papa Francisco<\/a> ha nombrado maestro de las Celebraciones Lit\u00fargicas Pontificias de la Capilla Musical Pontificia a monse\u00f1or Diego Giovanni Ravelli, hasta ahora director de la Oficina en la Limosner\u00eda Apost\u00f3lica y Maestro de Ceremonias del Pont\u00edfice. As\u00ed ha informado hoy, lunes 11 de octubre de 2021, la <a href=\"https:\/\/www.vatican.va\/news_services\/press\/index_sp.htm\" target=\"_blank\" rel=\"noopener\">Oficina de Prensa de la Santa Sede.<\/a> De este modo, el Rev. Cristiano Antonietti, secretario de la Nunciatura, es nombrado nuevo maestro de Ceremonias.<\/p>\n<h4><strong>Monse\u00f1or Ravelli<\/strong><\/h4>\n<p>Naci\u00f3 el 1 de noviembre de 1965 en Lazzate, Italia. Ordenado sacerdote para la Asociaci\u00f3n Clerical de Sacerdotes P\u00fablicos de Jes\u00fas Crucificado en 1991, luego se incardin\u00f3 en la di\u00f3cesis de Velletri-Segni. En el a\u00f1o 2000 obtuvo un diploma en Metodolog\u00eda Pedag\u00f3gica en la Facultad de Ciencias de la Educaci\u00f3n de la Universidad Pontificia Salesiana de Roma, y en 2010 un doctorado en Sagrada Liturgia en el Instituto Lit\u00fargico del Pontificio Ateneo <em>Sant&#8217;Anselmo in Urbe<\/em>.<\/p>\n<p>Desde 2013 hasta ahora ha sido jefe de Oficina en la Limosner\u00eda Apost\u00f3lica, donde ya era oficial desde 1998. Despu\u00e9s de trabajar en la Oficina para las Celebraciones Lit\u00fargicas del Sumo Pont\u00edfice como maestro de Ceremonias asistente, fue nombrado maestro de Ceremonias Papal en 2006.<\/p>\n<h4><strong>Capilla Musical Pontificia<\/strong><\/h4>\n<p>El Vaticano describe que la Capilla Musical Pontificia es una instituci\u00f3n que trabaja sirviendo a las solemnes celebraciones de los Papas, inicialmente dentro de la capilla de la que tom\u00f3 su nombre, luego en el contexto de la bas\u00edlica de San Pedro, o donde los Pont\u00edfices requiriesen de su labor.\u00a0Originariamente ten\u00eda dependencia del <em>Maggiordomato<\/em>\u00a0del Papa, y sucesivamente de la Prefectura de la Casa Pontificia, teniendo, sin embargo, de una administraci\u00f3n aut\u00f3noma.<\/p>\n<p>Desde enero de 2019, teniendo en cuenta que los coros desempe\u00f1an un ministerio lit\u00fargico con vistas a la dignidad de la celebraci\u00f3n, la Capilla Musical Pontificia est\u00e1 incluida en la Oficina de las Celebraciones Lit\u00fargicas del Sumo Pont\u00edfice, como lugar espec\u00edfico de servicio a las funciones lit\u00fargicas papales y, al mismo tiempo, para salvaguardar y promover el prestigioso patrimonio art\u00edstico y musical producido a lo largo de los siglos.<\/p>\n","protected":false},"excerpt":{"rendered":"<p>Mons. Diego Giovanni Ravelli<\/p>\n","protected":false},"author":6,"featured_media":36365,"comment_status":"closed","ping_status":"closed","sticky":false,"template":"","format":"standard","meta":{"_acf_changed":false,"_crdt_document":"","inline_featured_image":false,"footnotes":""},"categories":[298,132],"tags":[4481,787,158],"class_list":["post-36335","post","type-post","status-publish","format-standard","has-post-thumbnail","hentry","category-ultimas-noticias","category-vaticano-es","tag-capilla-musical-pontificia","tag-nombramientos","tag-papa-francisco"],"acf":[],"yoast_head":"<!-- This site is optimized with the Yoast SEO plugin v27.4 - https:\/\/yoast.com\/product\/yoast-seo-wordpress\/ -->\n<title>Capilla Musical Pontificia: Nuevo maestro de Celebraciones Lit\u00fargicas<\/title>\n<meta name=\"description\" content=\"El Papa ha nombrado maestro de las Celebraciones Lit\u00fargicas Pontificias de la Capilla Musical Pontificia a monse\u00f1or Diego Giovanni Ravelli.\" \/>\n<meta name=\"robots\" content=\"index, follow, max-snippet:-1, max-image-preview:large, max-video-preview:-1\" \/>\n<link rel=\"canonical\" href=\"https:\/\/exaudi.org\/es\/capilla-musical-pontificia-maestro-celebraciones-liturgicas\/\" \/>\n<meta property=\"og:locale\" content=\"es_ES\" \/>\n<meta property=\"og:type\" content=\"article\" \/>\n<meta property=\"og:title\" content=\"Capilla Musical Pontificia: Nuevo maestro de Celebraciones Lit\u00fargicas\" \/>\n<meta property=\"og:description\" content=\"El Papa ha nombrado maestro de las Celebraciones Lit\u00fargicas Pontificias de la Capilla Musical Pontificia a monse\u00f1or Diego Giovanni Ravelli.\" \/>\n<meta property=\"og:url\" content=\"https:\/\/exaudi.org\/es\/capilla-musical-pontificia-maestro-celebraciones-liturgicas\/\" \/>\n<meta property=\"og:site_name\" content=\"Exaudi\" \/>\n<meta property=\"article:publisher\" content=\"https:\/\/www.facebook.com\/ExaudiNews\" \/>\n<meta property=\"article:published_time\" content=\"2021-10-11T11:11:44+00:00\" \/>\n<meta property=\"article:modified_time\" content=\"2021-10-11T12:10:59+00:00\" \/>\n<meta property=\"og:image\" content=\"https:\/\/exaudi.org\/wp-content\/uploads\/2021\/10\/cq5dam.thumbnail.cropped.750.422-2.jpeg\" \/>\n\t<meta property=\"og:image:width\" content=\"750\" \/>\n\t<meta property=\"og:image:height\" content=\"422\" \/>\n\t<meta property=\"og:image:type\" content=\"image\/jpeg\" \/>\n<meta name=\"author\" content=\"Gabriel Sales\" \/>\n<meta name=\"twitter:card\" content=\"summary_large_image\" \/>\n<meta name=\"twitter:creator\" content=\"@habemusman\" \/>\n<meta name=\"twitter:site\" content=\"@Exaudi_News\" \/>\n<meta name=\"twitter:label1\" content=\"Escrito por\" \/>\n\t<meta name=\"twitter:data1\" content=\"Gabriel Sales\" \/>\n\t<meta name=\"twitter:label2\" content=\"Tiempo de lectura\" \/>\n\t<meta name=\"twitter:data2\" content=\"2 minutos\" \/>\n<script type=\"application\/ld+json\" class=\"yoast-schema-graph\">{\"@context\":\"https:\\\/\\\/schema.org\",\"@graph\":[{\"@type\":\"Article\",\"@id\":\"https:\\\/\\\/exaudi.org\\\/es\\\/capilla-musical-pontificia-maestro-celebraciones-liturgicas\\\/#article\",\"isPartOf\":{\"@id\":\"https:\\\/\\\/exaudi.org\\\/es\\\/capilla-musical-pontificia-maestro-celebraciones-liturgicas\\\/\"},\"author\":{\"name\":\"Gabriel Sales\",\"@id\":\"https:\\\/\\\/exaudi.org\\\/#\\\/schema\\\/person\\\/d134b96438278131ce90c90c03fda6cd\"},\"headline\":\"Capilla Musical Pontificia: Nuevo maestro de Celebraciones Lit\u00fargicas\",\"datePublished\":\"2021-10-11T11:11:44+00:00\",\"dateModified\":\"2021-10-11T12:10:59+00:00\",\"mainEntityOfPage\":{\"@id\":\"https:\\\/\\\/exaudi.org\\\/es\\\/capilla-musical-pontificia-maestro-celebraciones-liturgicas\\\/\"},\"wordCount\":372,\"image\":{\"@id\":\"https:\\\/\\\/exaudi.org\\\/es\\\/capilla-musical-pontificia-maestro-celebraciones-liturgicas\\\/#primaryimage\"},\"thumbnailUrl\":\"https:\\\/\\\/exaudi.org\\\/wp-content\\\/uploads\\\/2021\\\/10\\\/cq5dam.thumbnail.cropped.750.422-2.jpeg\",\"keywords\":[\"Capilla Musical Pontificia\",\"nombramientos\",\"papa francisco\"],\"articleSection\":[\"\u00daltimas noticias\",\"Vaticano\"],\"inLanguage\":\"es\"},{\"@type\":\"WebPage\",\"@id\":\"https:\\\/\\\/exaudi.org\\\/es\\\/capilla-musical-pontificia-maestro-celebraciones-liturgicas\\\/\",\"url\":\"https:\\\/\\\/exaudi.org\\\/es\\\/capilla-musical-pontificia-maestro-celebraciones-liturgicas\\\/\",\"name\":\"Capilla Musical Pontificia: Nuevo maestro de Celebraciones Lit\u00fargicas\",\"isPartOf\":{\"@id\":\"https:\\\/\\\/exaudi.org\\\/#website\"},\"primaryImageOfPage\":{\"@id\":\"https:\\\/\\\/exaudi.org\\\/es\\\/capilla-musical-pontificia-maestro-celebraciones-liturgicas\\\/#primaryimage\"},\"image\":{\"@id\":\"https:\\\/\\\/exaudi.org\\\/es\\\/capilla-musical-pontificia-maestro-celebraciones-liturgicas\\\/#primaryimage\"},\"thumbnailUrl\":\"https:\\\/\\\/exaudi.org\\\/wp-content\\\/uploads\\\/2021\\\/10\\\/cq5dam.thumbnail.cropped.750.422-2.jpeg\",\"datePublished\":\"2021-10-11T11:11:44+00:00\",\"dateModified\":\"2021-10-11T12:10:59+00:00\",\"author\":{\"@id\":\"https:\\\/\\\/exaudi.org\\\/#\\\/schema\\\/person\\\/d134b96438278131ce90c90c03fda6cd\"},\"description\":\"El Papa ha nombrado maestro de las Celebraciones Lit\u00fargicas Pontificias de la Capilla Musical Pontificia a monse\u00f1or Diego Giovanni Ravelli.\",\"breadcrumb\":{\"@id\":\"https:\\\/\\\/exaudi.org\\\/es\\\/capilla-musical-pontificia-maestro-celebraciones-liturgicas\\\/#breadcrumb\"},\"inLanguage\":\"es\",\"potentialAction\":[{\"@type\":\"ReadAction\",\"target\":[\"https:\\\/\\\/exaudi.org\\\/es\\\/capilla-musical-pontificia-maestro-celebraciones-liturgicas\\\/\"]}]},{\"@type\":\"ImageObject\",\"inLanguage\":\"es\",\"@id\":\"https:\\\/\\\/exaudi.org\\\/es\\\/capilla-musical-pontificia-maestro-celebraciones-liturgicas\\\/#primaryimage\",\"url\":\"https:\\\/\\\/exaudi.org\\\/wp-content\\\/uploads\\\/2021\\\/10\\\/cq5dam.thumbnail.cropped.750.422-2.jpeg\",\"contentUrl\":\"https:\\\/\\\/exaudi.org\\\/wp-content\\\/uploads\\\/2021\\\/10\\\/cq5dam.thumbnail.cropped.750.422-2.jpeg\",\"width\":750,\"height\":422,\"caption\":\"El Papa con Mons. Ravelli \u00a9 Vatican Media\"},{\"@type\":\"BreadcrumbList\",\"@id\":\"https:\\\/\\\/exaudi.org\\\/es\\\/capilla-musical-pontificia-maestro-celebraciones-liturgicas\\\/#breadcrumb\",\"itemListElement\":[{\"@type\":\"ListItem\",\"position\":1,\"name\":\"Portada\",\"item\":\"https:\\\/\\\/exaudi.org\\\/es\\\/\"},{\"@type\":\"ListItem\",\"position\":2,\"name\":\"Capilla Musical Pontificia: Nuevo maestro de Celebraciones Lit\u00fargicas\"}]},{\"@type\":\"WebSite\",\"@id\":\"https:\\\/\\\/exaudi.org\\\/#website\",\"url\":\"https:\\\/\\\/exaudi.org\\\/\",\"name\":\"Exaudi\",\"description\":\"News\",\"potentialAction\":[{\"@type\":\"SearchAction\",\"target\":{\"@type\":\"EntryPoint\",\"urlTemplate\":\"https:\\\/\\\/exaudi.org\\\/?s={search_term_string}\"},\"query-input\":{\"@type\":\"PropertyValueSpecification\",\"valueRequired\":true,\"valueName\":\"search_term_string\"}}],\"inLanguage\":\"es\"},{\"@type\":\"Person\",\"@id\":\"https:\\\/\\\/exaudi.org\\\/#\\\/schema\\\/person\\\/d134b96438278131ce90c90c03fda6cd\",\"name\":\"Gabriel Sales\",\"image\":{\"@type\":\"ImageObject\",\"inLanguage\":\"es\",\"@id\":\"https:\\\/\\\/secure.gravatar.com\\\/avatar\\\/9b1269566f6a063ed26ffb3532b66a373cdde231ce5d0effb266167437fdaffd?s=96&d=mm&r=g\",\"url\":\"https:\\\/\\\/secure.gravatar.com\\\/avatar\\\/9b1269566f6a063ed26ffb3532b66a373cdde231ce5d0effb266167437fdaffd?s=96&d=mm&r=g\",\"contentUrl\":\"https:\\\/\\\/secure.gravatar.com\\\/avatar\\\/9b1269566f6a063ed26ffb3532b66a373cdde231ce5d0effb266167437fdaffd?s=96&d=mm&r=g\",\"caption\":\"Gabriel Sales\"},\"description\":\"Periodista y especialista en Comunicaci\u00f3n y Branding digital. Cin\u00e9filo y cr\u00edtico de cine y series de televisi\u00f3n.\",\"sameAs\":[\"https:\\\/\\\/www.instagram.com\\\/cine90segundos\\\/\",\"www.linkedin.com\\\/in\\\/habemusman\",\"https:\\\/\\\/x.com\\\/habemusman\",\"https:\\\/\\\/www.youtube.com\\\/channel\\\/UCVfCiOMkJ_C7T7OpyjuaLDg\"],\"url\":\"https:\\\/\\\/exaudi.org\\\/es\\\/author\\\/gsalesexaudi-org\\\/\"}]}<\/script>\n<!-- \/ Yoast SEO plugin. -->","yoast_head_json":{"title":"Capilla Musical Pontificia: Nuevo maestro de Celebraciones Lit\u00fargicas","description":"El Papa ha nombrado maestro de las Celebraciones Lit\u00fargicas Pontificias de la Capilla Musical Pontificia a monse\u00f1or Diego Giovanni Ravelli.","robots":{"index":"index","follow":"follow","max-snippet":"max-snippet:-1","max-image-preview":"max-image-preview:large","max-video-preview":"max-video-preview:-1"},"canonical":"https:\/\/exaudi.org\/es\/capilla-musical-pontificia-maestro-celebraciones-liturgicas\/","og_locale":"es_ES","og_type":"article","og_title":"Capilla Musical Pontificia: Nuevo maestro de Celebraciones Lit\u00fargicas","og_description":"El Papa ha nombrado maestro de las Celebraciones Lit\u00fargicas Pontificias de la Capilla Musical Pontificia a monse\u00f1or Diego Giovanni Ravelli.","og_url":"https:\/\/exaudi.org\/es\/capilla-musical-pontificia-maestro-celebraciones-liturgicas\/","og_site_name":"Exaudi","article_publisher":"https:\/\/www.facebook.com\/ExaudiNews","article_published_time":"2021-10-11T11:11:44+00:00","article_modified_time":"2021-10-11T12:10:59+00:00","og_image":[{"width":750,"height":422,"url":"https:\/\/exaudi.org\/wp-content\/uploads\/2021\/10\/cq5dam.thumbnail.cropped.750.422-2.jpeg","type":"image\/jpeg"}],"author":"Gabriel Sales","twitter_card":"summary_large_image","twitter_creator":"@habemusman","twitter_site":"@Exaudi_News","twitter_misc":{"Escrito por":"Gabriel Sales","Tiempo de lectura":"2 minutos"},"schema":{"@context":"https:\/\/schema.org","@graph":[{"@type":"Article","@id":"https:\/\/exaudi.org\/es\/capilla-musical-pontificia-maestro-celebraciones-liturgicas\/#article","isPartOf":{"@id":"https:\/\/exaudi.org\/es\/capilla-musical-pontificia-maestro-celebraciones-liturgicas\/"},"author":{"name":"Gabriel Sales","@id":"https:\/\/exaudi.org\/#\/schema\/person\/d134b96438278131ce90c90c03fda6cd"},"headline":"Capilla Musical Pontificia: Nuevo maestro de Celebraciones Lit\u00fargicas","datePublished":"2021-10-11T11:11:44+00:00","dateModified":"2021-10-11T12:10:59+00:00","mainEntityOfPage":{"@id":"https:\/\/exaudi.org\/es\/capilla-musical-pontificia-maestro-celebraciones-liturgicas\/"},"wordCount":372,"image":{"@id":"https:\/\/exaudi.org\/es\/capilla-musical-pontificia-maestro-celebraciones-liturgicas\/#primaryimage"},"thumbnailUrl":"https:\/\/exaudi.org\/wp-content\/uploads\/2021\/10\/cq5dam.thumbnail.cropped.750.422-2.jpeg","keywords":["Capilla Musical Pontificia","nombramientos","papa francisco"],"articleSection":["\u00daltimas noticias","Vaticano"],"inLanguage":"es"},{"@type":"WebPage","@id":"https:\/\/exaudi.org\/es\/capilla-musical-pontificia-maestro-celebraciones-liturgicas\/","url":"https:\/\/exaudi.org\/es\/capilla-musical-pontificia-maestro-celebraciones-liturgicas\/","name":"Capilla Musical Pontificia: Nuevo maestro de Celebraciones Lit\u00fargicas","isPartOf":{"@id":"https:\/\/exaudi.org\/#website"},"primaryImageOfPage":{"@id":"https:\/\/exaudi.org\/es\/capilla-musical-pontificia-maestro-celebraciones-liturgicas\/#primaryimage"},"image":{"@id":"https:\/\/exaudi.org\/es\/capilla-musical-pontificia-maestro-celebraciones-liturgicas\/#primaryimage"},"thumbnailUrl":"https:\/\/exaudi.org\/wp-content\/uploads\/2021\/10\/cq5dam.thumbnail.cropped.750.422-2.jpeg","datePublished":"2021-10-11T11:11:44+00:00","dateModified":"2021-10-11T12:10:59+00:00","author":{"@id":"https:\/\/exaudi.org\/#\/schema\/person\/d134b96438278131ce90c90c03fda6cd"},"description":"El Papa ha nombrado maestro de las Celebraciones Lit\u00fargicas Pontificias de la Capilla Musical Pontificia a monse\u00f1or Diego Giovanni Ravelli.","breadcrumb":{"@id":"https:\/\/exaudi.org\/es\/capilla-musical-pontificia-maestro-celebraciones-liturgicas\/#breadcrumb"},"inLanguage":"es","potentialAction":[{"@type":"ReadAction","target":["https:\/\/exaudi.org\/es\/capilla-musical-pontificia-maestro-celebraciones-liturgicas\/"]}]},{"@type":"ImageObject","inLanguage":"es","@id":"https:\/\/exaudi.org\/es\/capilla-musical-pontificia-maestro-celebraciones-liturgicas\/#primaryimage","url":"https:\/\/exaudi.org\/wp-content\/uploads\/2021\/10\/cq5dam.thumbnail.cropped.750.422-2.jpeg","contentUrl":"https:\/\/exaudi.org\/wp-content\/uploads\/2021\/10\/cq5dam.thumbnail.cropped.750.422-2.jpeg","width":750,"height":422,"caption":"El Papa con Mons. Ravelli \u00a9 Vatican Media"},{"@type":"BreadcrumbList","@id":"https:\/\/exaudi.org\/es\/capilla-musical-pontificia-maestro-celebraciones-liturgicas\/#breadcrumb","itemListElement":[{"@type":"ListItem","position":1,"name":"Portada","item":"https:\/\/exaudi.org\/es\/"},{"@type":"ListItem","position":2,"name":"Capilla Musical Pontificia: Nuevo maestro de Celebraciones Lit\u00fargicas"}]},{"@type":"WebSite","@id":"https:\/\/exaudi.org\/#website","url":"https:\/\/exaudi.org\/","name":"Exaudi","description":"News","potentialAction":[{"@type":"SearchAction","target":{"@type":"EntryPoint","urlTemplate":"https:\/\/exaudi.org\/?s={search_term_string}"},"query-input":{"@type":"PropertyValueSpecification","valueRequired":true,"valueName":"search_term_string"}}],"inLanguage":"es"},{"@type":"Person","@id":"https:\/\/exaudi.org\/#\/schema\/person\/d134b96438278131ce90c90c03fda6cd","name":"Gabriel Sales","image":{"@type":"ImageObject","inLanguage":"es","@id":"https:\/\/secure.gravatar.com\/avatar\/9b1269566f6a063ed26ffb3532b66a373cdde231ce5d0effb266167437fdaffd?s=96&d=mm&r=g","url":"https:\/\/secure.gravatar.com\/avatar\/9b1269566f6a063ed26ffb3532b66a373cdde231ce5d0effb266167437fdaffd?s=96&d=mm&r=g","contentUrl":"https:\/\/secure.gravatar.com\/avatar\/9b1269566f6a063ed26ffb3532b66a373cdde231ce5d0effb266167437fdaffd?s=96&d=mm&r=g","caption":"Gabriel Sales"},"description":"Periodista y especialista en Comunicaci\u00f3n y Branding digital. Cin\u00e9filo y cr\u00edtico de cine y series de televisi\u00f3n.","sameAs":["https:\/\/www.instagram.com\/cine90segundos\/","www.linkedin.com\/in\/habemusman","https:\/\/x.com\/habemusman","https:\/\/www.youtube.com\/channel\/UCVfCiOMkJ_C7T7OpyjuaLDg"],"url":"https:\/\/exaudi.org\/es\/author\/gsalesexaudi-org\/"}]}},"jetpack_featured_media_url":"https:\/\/exaudi.org\/wp-content\/uploads\/2021\/10\/cq5dam.thumbnail.cropped.750.422-2.jpeg","jetpack_shortlink":"https:\/\/wp.me\/pgKjF2-9s3","_links":{"self":[{"href":"https:\/\/exaudi.org\/es\/wp-json\/wp\/v2\/posts\/36335","targetHints":{"allow":["GET"]}}],"collection":[{"href":"https:\/\/exaudi.org\/es\/wp-json\/wp\/v2\/posts"}],"about":[{"href":"https:\/\/exaudi.org\/es\/wp-json\/wp\/v2\/types\/post"}],"author":[{"embeddable":true,"href":"https:\/\/exaudi.org\/es\/wp-json\/wp\/v2\/users\/6"}],"replies":[{"embeddable":true,"href":"https:\/\/exaudi.org\/es\/wp-json\/wp\/v2\/comments?post=36335"}],"version-history":[{"count":0,"href":"https:\/\/exaudi.org\/es\/wp-json\/wp\/v2\/posts\/36335\/revisions"}],"wp:featuredmedia":[{"embeddable":true,"href":"https:\/\/exaudi.org\/es\/wp-json\/wp\/v2\/media\/36365"}],"wp:attachment":[{"href":"https:\/\/exaudi.org\/es\/wp-json\/wp\/v2\/media?parent=36335"}],"wp:term":[{"taxonomy":"category","embeddable":true,"href":"https:\/\/exaudi.org\/es\/wp-json\/wp\/v2\/categories?post=36335"},{"taxonomy":"post_tag","embeddable":true,"href":"https:\/\/exaudi.org\/es\/wp-json\/wp\/v2\/tags?post=36335"}],"curies":[{"name":"wp","href":"https:\/\/api.w.org\/{rel}","templated":true}]}}