{"id":36308,"date":"2021-10-11T11:18:08","date_gmt":"2021-10-11T09:18:08","guid":{"rendered":"https:\/\/exaudi.wpengine.com\/?p=36308"},"modified":"2021-10-12T09:53:32","modified_gmt":"2021-10-12T07:53:32","slug":"papa-catolicos-rusos-avanzar-camino-unidad","status":"publish","type":"post","link":"https:\/\/exaudi.org\/es\/papa-catolicos-rusos-avanzar-camino-unidad\/","title":{"rendered":"Francisco a cat\u00f3licos rusos: Avanzar \u201cen el camino de la unidad\u201d"},"content":{"rendered":"<p>El <a href=\"https:\/\/exaudi.wpengine.com\/es\/verbos-camino-sinodal-encontrar-escuchar-discernir\/\" target=\"_blank\" rel=\"noopener\">Papa Francisco<\/a> escribi\u00f3 un mensaje a las Administraciones Apost\u00f3licas para los cat\u00f3licos rusos de rito latino con motivo del 30\u00ba aniversario de su creaci\u00f3n. El Santo Padre explica a los cristianos orientales la importancia de \u201cseguir caminando juntos con todos nuestros hermanos cristianos, sin cansarnos de pedir la ayuda del Se\u00f1or para profundizar en el conocimiento mutuo y avanzar, paso a paso, en el camino de la unidad\u201d.<\/p>\n<p>Al comienzo del escrito, el Pont\u00edfice recuerda que el aniversario es una ocasi\u00f3n para \u201cproponeros, con la ayuda de la gracia, crecer seg\u00fan el Evangelio, aspirando a ser comunidades cada vez m\u00e1s d\u00f3ciles a la Palabra de Dios, animadas por la esperanza y sostenidas por la fuerza consoladora del Esp\u00edritu; abiertas, en obediencia al mandamiento supremo del amor, al encuentro y a la participaci\u00f3n solidaria con todos, de manera especial con los hermanos y hermanas de la Iglesia ortodoxa\u201d.<\/p>\n<p>\u201cLa autoconciencia de la Iglesia necesita constantemente momentos fuertes, como el que est\u00e1is viviendo, para renovarse y purificarse, en particular para eliminar, con la ayuda de Dios, toda tentaci\u00f3n de autorreferencialidad y autocelebraci\u00f3n, para adherirse mejor a los mismos sentimientos que hab\u00eda en Cristo Jes\u00fas\u201d, apunta.<\/p>\n<p>Asimismo, el Papa muestra su esperanza en que la comunidad cat\u00f3lica rusa sea \u201cuna semilla evang\u00e9lica que, con alegr\u00eda y humildad, ofrezca una clara transparencia del Reino de Dios\u201d, y les llama a la \u201cb\u00fasqueda de vocaci\u00f3n, que se esfuerza por la comuni\u00f3n con todos, para testimoniar con sencillez y generosidad, en la vida familiar y en todos los \u00e1mbitos de la vida cotidiana, el don de la gracia recibida\u201d.<\/p>\n<p>El testimonio cristiano, a\u00f1ade, \u201cdestaca por hacerse cargo de los dem\u00e1s, especialmente de los m\u00e1s necesitados y desatendidos\u201d. Y concluye invitando a rezar \u201cpor todos y sirviendo a aquellos con los que compartimos la misma humanidad, que Jes\u00fas uni\u00f3 inseparablemente a s\u00ed mismo, nos redescubriremos hermanos y hermanas en una peregrinaci\u00f3n com\u00fan hacia la meta de la comuni\u00f3n, que Dios nos se\u00f1ala en cada celebraci\u00f3n eucar\u00edstica\u201d.<\/p>\n<p>A continuaci\u00f3n, sigue el texto completo del mensaje de Su Santidad, traducido por Exaudi del original en italiano ofrecido por la <a href=\"https:\/\/www.vatican.va\/news_services\/press\/index_sp.htm\" target=\"_blank\" rel=\"noopener\">Oficina de Prensa de la Santa Sede.<\/a><\/p>\n<p>***<\/p>\n<h4><strong>Mensaje de Francisco<\/strong><\/h4>\n<p><em>Queridos hermanos y hermanas,<\/em><\/p>\n<p>Con ocasi\u00f3n del 30\u00ba aniversario de la instauraci\u00f3n de las Administraciones apost\u00f3licas para los cat\u00f3licos de rito latino en esta querida tierra, me encuentro con alegr\u00eda entre vosotros a trav\u00e9s de mi Representante, S.E. Monse\u00f1or Giovanni d&#8217;Aniello, con el deseo de reforzar la comuni\u00f3n eclesial que nos une en Cristo. Os expreso a todos mi cercan\u00eda en la oraci\u00f3n, agradecido por vuestro testimonio de fe y caridad.<\/p>\n<p>Lo que se celebra no es tanto un recuerdo de actos jur\u00eddicos y realidades formales. Es m\u00e1s bien un momento para recordar, con humildad y gratitud, el bien recibido del Se\u00f1or y de tantos hermanos y hermanas que, como verdaderos \u201csantos de la puerta de al lado\u201d, os han apoyado en vuestro camino. Es tambi\u00e9n una ocasi\u00f3n propicia para proponeros, con la ayuda de la gracia, crecer seg\u00fan el Evangelio, aspirando a ser comunidades cada vez m\u00e1s d\u00f3ciles a la Palabra de Dios, animadas por la esperanza y sostenidas por la fuerza consoladora del Esp\u00edritu; abiertas, en obediencia al mandamiento supremo del amor, al encuentro y a la participaci\u00f3n solidaria con todos, de manera especial con los hermanos y hermanas de la Iglesia ortodoxa.<\/p>\n<p>La autoconciencia de la Iglesia necesita constantemente momentos fuertes, como el que est\u00e1is viviendo, para renovarse y purificarse, en particular para eliminar, con la ayuda de Dios, toda tentaci\u00f3n de autorreferencialidad y autocelebraci\u00f3n, para adherirse mejor a los mismos sentimientos que hab\u00eda en Cristo Jes\u00fas (cf. Flp 2,5). En \u00e9l, que se hizo siervo por nosotros y nos am\u00f3 hasta el final (cf. Jn 13,1), se regenera nuestro comportamiento personal y comunitario; con \u00e9l podemos llegar a ser, como esperaba el ap\u00f3stol Pablo, \u201calegres en la esperanza, fuertes en la tribulaci\u00f3n, perseverantes en la oraci\u00f3n, sol\u00edcitos por las necesidades de nuestros hermanos, considerados en la hospitalidad\u201d (Rm 12,12-13).<\/p>\n<p>Mi esperanza es que esta conmemoraci\u00f3n estimule a toda la comunidad cat\u00f3lica de la Federaci\u00f3n Rusa a ser una semilla evang\u00e9lica que, con alegr\u00eda y humildad, ofrezca una clara transparencia del Reino de Dios. Os deseo que se\u00e1is una comunidad de hombres y mujeres, de ni\u00f1os y de adultos, de j\u00f3venes y de ancianos, de sacerdotes y de laicos, de personas consagradas y de personas en b\u00fasqueda de vocaci\u00f3n, que se esfuerza por la comuni\u00f3n con todos, para testimoniar con sencillez y generosidad, en la vida familiar y en todos los \u00e1mbitos de la vida cotidiana, el don de la gracia recibida. Esto es muy agradable a Dios y contribuye al bien com\u00fan de toda la sociedad. En particular, el testimonio cristiano destaca por hacerse cargo de los dem\u00e1s, especialmente de los m\u00e1s necesitados y desatendidos.<\/p>\n<p>Queridos hermanos, \u201ctodos hemos sido bautizados en un solo Esp\u00edritu para formar un solo cuerpo\u201d (1 Cor 12,13): dentro de la tradici\u00f3n cristiana oriental en la que viv\u00eds, es importante seguir caminando juntos con todos nuestros hermanos cristianos, sin cansarnos de pedir la ayuda del Se\u00f1or para profundizar en el conocimiento mutuo y avanzar, paso a paso, en el camino de la unidad. Rezando por todos y sirviendo a aquellos con los que compartimos la misma humanidad, que Jes\u00fas uni\u00f3 inseparablemente a s\u00ed mismo, nos redescubriremos hermanos y hermanas en una peregrinaci\u00f3n com\u00fan hacia la meta de la comuni\u00f3n, que Dios nos se\u00f1ala en cada celebraci\u00f3n eucar\u00edstica.<\/p>\n<p>Permanezcamos unidos en Cristo: que el Esp\u00edritu Santo, derramado en nuestros corazones, nos haga sentir hijos del Padre, hermanos entre nosotros y con todos. Que la Sant\u00edsima Trinidad, fuente incesante de amor, aumente nuestra cohesi\u00f3n y nuestro deseo de promoverlo en todos los \u00e1mbitos. Por intercesi\u00f3n de la Santa Madre de Dios y de San Jos\u00e9, env\u00edo a cada uno, con un pensamiento especial para los enfermos, mi Bendici\u00f3n, pidi\u00e9ndole que rece por m\u00ed.<\/p>\n<p>Roma, San Juan de Letr\u00e1n, 16 de septiembre de 2021, Memoria de los Santos Cornelio y Cipriano.<\/p>\n<p><strong>\u00a9 Librer\u00eda Editora Vaticana<\/strong><\/p>\n","protected":false},"excerpt":{"rendered":"<p>Mensaje por 30\u00ba aniversario de creaci\u00f3n de Administraciones Apost\u00f3licas para cat\u00f3licos rusos de rito latino<\/p>\n","protected":false},"author":6,"featured_media":36309,"comment_status":"closed","ping_status":"closed","sticky":false,"template":"","format":"standard","meta":{"_acf_changed":false,"_crdt_document":"","inline_featured_image":false,"footnotes":""},"categories":[118],"tags":[4441,174,158,4478,598],"class_list":["post-36308","post","type-post","status-publish","format-standard","has-post-thumbnail","hentry","category-mensajes","tag-catolicos","tag-mensaje","tag-papa-francisco","tag-rito-latino","tag-rusia"],"acf":[],"yoast_head":"<!-- This site is optimized with the Yoast SEO plugin v27.5 - https:\/\/yoast.com\/product\/yoast-seo-wordpress\/ -->\n<title>Francisco a cat\u00f3licos rusos: Avanzar \u201cen el camino de la unidad\u201d - Exaudi<\/title>\n<meta name=\"description\" content=\"En su mensaje a los cat\u00f3licos rusos de rito latino, el Papa Francisco ha llamado a avanzar paso a paso en el camino de la unidad.\" \/>\n<meta name=\"robots\" content=\"index, follow, max-snippet:-1, max-image-preview:large, max-video-preview:-1\" \/>\n<link rel=\"canonical\" href=\"https:\/\/exaudi.org\/es\/papa-catolicos-rusos-avanzar-camino-unidad\/\" \/>\n<meta property=\"og:locale\" content=\"es_ES\" \/>\n<meta property=\"og:type\" content=\"article\" \/>\n<meta property=\"og:title\" content=\"Francisco a cat\u00f3licos rusos: Avanzar \u201cen el camino de la unidad\u201d - Exaudi\" \/>\n<meta property=\"og:description\" content=\"En su mensaje a los cat\u00f3licos rusos de rito latino, el Papa Francisco ha llamado a avanzar paso a paso en el camino de la unidad.\" \/>\n<meta property=\"og:url\" content=\"https:\/\/exaudi.org\/es\/papa-catolicos-rusos-avanzar-camino-unidad\/\" \/>\n<meta property=\"og:site_name\" content=\"Exaudi\" \/>\n<meta property=\"article:publisher\" content=\"https:\/\/www.facebook.com\/ExaudiNews\" \/>\n<meta property=\"article:published_time\" content=\"2021-10-11T09:18:08+00:00\" \/>\n<meta property=\"article:modified_time\" content=\"2021-10-12T07:53:32+00:00\" \/>\n<meta property=\"og:image\" content=\"https:\/\/exaudi.org\/wp-content\/uploads\/2021\/10\/54d5h5g4gf54jhgf.jpeg\" \/>\n\t<meta property=\"og:image:width\" content=\"727\" \/>\n\t<meta property=\"og:image:height\" content=\"409\" \/>\n\t<meta property=\"og:image:type\" content=\"image\/jpeg\" \/>\n<meta name=\"author\" content=\"Gabriel Sales\" \/>\n<meta name=\"twitter:card\" content=\"summary_large_image\" \/>\n<meta name=\"twitter:creator\" content=\"@habemusman\" \/>\n<meta name=\"twitter:site\" content=\"@Exaudi_News\" \/>\n<meta name=\"twitter:label1\" content=\"Escrito por\" \/>\n\t<meta name=\"twitter:data1\" content=\"Gabriel Sales\" \/>\n\t<meta name=\"twitter:label2\" content=\"Tiempo de lectura\" \/>\n\t<meta name=\"twitter:data2\" content=\"5 minutos\" \/>\n<script type=\"application\/ld+json\" class=\"yoast-schema-graph\">{\"@context\":\"https:\\\/\\\/schema.org\",\"@graph\":[{\"@type\":\"Article\",\"@id\":\"https:\\\/\\\/exaudi.org\\\/es\\\/papa-catolicos-rusos-avanzar-camino-unidad\\\/#article\",\"isPartOf\":{\"@id\":\"https:\\\/\\\/exaudi.org\\\/es\\\/papa-catolicos-rusos-avanzar-camino-unidad\\\/\"},\"author\":{\"name\":\"Gabriel Sales\",\"@id\":\"https:\\\/\\\/exaudi.org\\\/#\\\/schema\\\/person\\\/d134b96438278131ce90c90c03fda6cd\"},\"headline\":\"Francisco a cat\u00f3licos rusos: Avanzar \u201cen el camino de la unidad\u201d\",\"datePublished\":\"2021-10-11T09:18:08+00:00\",\"dateModified\":\"2021-10-12T07:53:32+00:00\",\"mainEntityOfPage\":{\"@id\":\"https:\\\/\\\/exaudi.org\\\/es\\\/papa-catolicos-rusos-avanzar-camino-unidad\\\/\"},\"wordCount\":1103,\"image\":{\"@id\":\"https:\\\/\\\/exaudi.org\\\/es\\\/papa-catolicos-rusos-avanzar-camino-unidad\\\/#primaryimage\"},\"thumbnailUrl\":\"https:\\\/\\\/exaudi.org\\\/wp-content\\\/uploads\\\/2021\\\/10\\\/54d5h5g4gf54jhgf.jpeg\",\"keywords\":[\"Cat\u00f3licos\",\"mensaje\",\"papa francisco\",\"Rito latino\",\"Rusia\"],\"articleSection\":[\"Mensajes\"],\"inLanguage\":\"es\"},{\"@type\":\"WebPage\",\"@id\":\"https:\\\/\\\/exaudi.org\\\/es\\\/papa-catolicos-rusos-avanzar-camino-unidad\\\/\",\"url\":\"https:\\\/\\\/exaudi.org\\\/es\\\/papa-catolicos-rusos-avanzar-camino-unidad\\\/\",\"name\":\"Francisco a cat\u00f3licos rusos: Avanzar \u201cen el camino de la unidad\u201d - Exaudi\",\"isPartOf\":{\"@id\":\"https:\\\/\\\/exaudi.org\\\/#website\"},\"primaryImageOfPage\":{\"@id\":\"https:\\\/\\\/exaudi.org\\\/es\\\/papa-catolicos-rusos-avanzar-camino-unidad\\\/#primaryimage\"},\"image\":{\"@id\":\"https:\\\/\\\/exaudi.org\\\/es\\\/papa-catolicos-rusos-avanzar-camino-unidad\\\/#primaryimage\"},\"thumbnailUrl\":\"https:\\\/\\\/exaudi.org\\\/wp-content\\\/uploads\\\/2021\\\/10\\\/54d5h5g4gf54jhgf.jpeg\",\"datePublished\":\"2021-10-11T09:18:08+00:00\",\"dateModified\":\"2021-10-12T07:53:32+00:00\",\"author\":{\"@id\":\"https:\\\/\\\/exaudi.org\\\/#\\\/schema\\\/person\\\/d134b96438278131ce90c90c03fda6cd\"},\"description\":\"En su mensaje a los cat\u00f3licos rusos de rito latino, el Papa Francisco ha llamado a avanzar paso a paso en el camino de la unidad.\",\"breadcrumb\":{\"@id\":\"https:\\\/\\\/exaudi.org\\\/es\\\/papa-catolicos-rusos-avanzar-camino-unidad\\\/#breadcrumb\"},\"inLanguage\":\"es\",\"potentialAction\":[{\"@type\":\"ReadAction\",\"target\":[\"https:\\\/\\\/exaudi.org\\\/es\\\/papa-catolicos-rusos-avanzar-camino-unidad\\\/\"]}]},{\"@type\":\"ImageObject\",\"inLanguage\":\"es\",\"@id\":\"https:\\\/\\\/exaudi.org\\\/es\\\/papa-catolicos-rusos-avanzar-camino-unidad\\\/#primaryimage\",\"url\":\"https:\\\/\\\/exaudi.org\\\/wp-content\\\/uploads\\\/2021\\\/10\\\/54d5h5g4gf54jhgf.jpeg\",\"contentUrl\":\"https:\\\/\\\/exaudi.org\\\/wp-content\\\/uploads\\\/2021\\\/10\\\/54d5h5g4gf54jhgf.jpeg\",\"width\":727,\"height\":409,\"caption\":\"Papa Francisco \u00a9 Vatican Media\"},{\"@type\":\"BreadcrumbList\",\"@id\":\"https:\\\/\\\/exaudi.org\\\/es\\\/papa-catolicos-rusos-avanzar-camino-unidad\\\/#breadcrumb\",\"itemListElement\":[{\"@type\":\"ListItem\",\"position\":1,\"name\":\"Portada\",\"item\":\"https:\\\/\\\/exaudi.org\\\/es\\\/\"},{\"@type\":\"ListItem\",\"position\":2,\"name\":\"Francisco a cat\u00f3licos rusos: Avanzar \u201cen el camino de la unidad\u201d\"}]},{\"@type\":\"WebSite\",\"@id\":\"https:\\\/\\\/exaudi.org\\\/#website\",\"url\":\"https:\\\/\\\/exaudi.org\\\/\",\"name\":\"Exaudi\",\"description\":\"News\",\"potentialAction\":[{\"@type\":\"SearchAction\",\"target\":{\"@type\":\"EntryPoint\",\"urlTemplate\":\"https:\\\/\\\/exaudi.org\\\/?s={search_term_string}\"},\"query-input\":{\"@type\":\"PropertyValueSpecification\",\"valueRequired\":true,\"valueName\":\"search_term_string\"}}],\"inLanguage\":\"es\"},{\"@type\":\"Person\",\"@id\":\"https:\\\/\\\/exaudi.org\\\/#\\\/schema\\\/person\\\/d134b96438278131ce90c90c03fda6cd\",\"name\":\"Gabriel Sales\",\"image\":{\"@type\":\"ImageObject\",\"inLanguage\":\"es\",\"@id\":\"https:\\\/\\\/secure.gravatar.com\\\/avatar\\\/9b1269566f6a063ed26ffb3532b66a373cdde231ce5d0effb266167437fdaffd?s=96&d=mm&r=g\",\"url\":\"https:\\\/\\\/secure.gravatar.com\\\/avatar\\\/9b1269566f6a063ed26ffb3532b66a373cdde231ce5d0effb266167437fdaffd?s=96&d=mm&r=g\",\"contentUrl\":\"https:\\\/\\\/secure.gravatar.com\\\/avatar\\\/9b1269566f6a063ed26ffb3532b66a373cdde231ce5d0effb266167437fdaffd?s=96&d=mm&r=g\",\"caption\":\"Gabriel Sales\"},\"description\":\"Periodista y especialista en Comunicaci\u00f3n y Branding digital. Cin\u00e9filo y cr\u00edtico de cine y series de televisi\u00f3n.\",\"sameAs\":[\"https:\\\/\\\/www.instagram.com\\\/cine90segundos\\\/\",\"www.linkedin.com\\\/in\\\/habemusman\",\"https:\\\/\\\/x.com\\\/habemusman\",\"https:\\\/\\\/www.youtube.com\\\/channel\\\/UCVfCiOMkJ_C7T7OpyjuaLDg\"],\"url\":\"https:\\\/\\\/exaudi.org\\\/es\\\/author\\\/gsalesexaudi-org\\\/\"}]}<\/script>\n<!-- \/ Yoast SEO plugin. -->","yoast_head_json":{"title":"Francisco a cat\u00f3licos rusos: Avanzar \u201cen el camino de la unidad\u201d - Exaudi","description":"En su mensaje a los cat\u00f3licos rusos de rito latino, el Papa Francisco ha llamado a avanzar paso a paso en el camino de la unidad.","robots":{"index":"index","follow":"follow","max-snippet":"max-snippet:-1","max-image-preview":"max-image-preview:large","max-video-preview":"max-video-preview:-1"},"canonical":"https:\/\/exaudi.org\/es\/papa-catolicos-rusos-avanzar-camino-unidad\/","og_locale":"es_ES","og_type":"article","og_title":"Francisco a cat\u00f3licos rusos: Avanzar \u201cen el camino de la unidad\u201d - Exaudi","og_description":"En su mensaje a los cat\u00f3licos rusos de rito latino, el Papa Francisco ha llamado a avanzar paso a paso en el camino de la unidad.","og_url":"https:\/\/exaudi.org\/es\/papa-catolicos-rusos-avanzar-camino-unidad\/","og_site_name":"Exaudi","article_publisher":"https:\/\/www.facebook.com\/ExaudiNews","article_published_time":"2021-10-11T09:18:08+00:00","article_modified_time":"2021-10-12T07:53:32+00:00","og_image":[{"width":727,"height":409,"url":"https:\/\/exaudi.org\/wp-content\/uploads\/2021\/10\/54d5h5g4gf54jhgf.jpeg","type":"image\/jpeg"}],"author":"Gabriel Sales","twitter_card":"summary_large_image","twitter_creator":"@habemusman","twitter_site":"@Exaudi_News","twitter_misc":{"Escrito por":"Gabriel Sales","Tiempo de lectura":"5 minutos"},"schema":{"@context":"https:\/\/schema.org","@graph":[{"@type":"Article","@id":"https:\/\/exaudi.org\/es\/papa-catolicos-rusos-avanzar-camino-unidad\/#article","isPartOf":{"@id":"https:\/\/exaudi.org\/es\/papa-catolicos-rusos-avanzar-camino-unidad\/"},"author":{"name":"Gabriel Sales","@id":"https:\/\/exaudi.org\/#\/schema\/person\/d134b96438278131ce90c90c03fda6cd"},"headline":"Francisco a cat\u00f3licos rusos: Avanzar \u201cen el camino de la unidad\u201d","datePublished":"2021-10-11T09:18:08+00:00","dateModified":"2021-10-12T07:53:32+00:00","mainEntityOfPage":{"@id":"https:\/\/exaudi.org\/es\/papa-catolicos-rusos-avanzar-camino-unidad\/"},"wordCount":1103,"image":{"@id":"https:\/\/exaudi.org\/es\/papa-catolicos-rusos-avanzar-camino-unidad\/#primaryimage"},"thumbnailUrl":"https:\/\/exaudi.org\/wp-content\/uploads\/2021\/10\/54d5h5g4gf54jhgf.jpeg","keywords":["Cat\u00f3licos","mensaje","papa francisco","Rito latino","Rusia"],"articleSection":["Mensajes"],"inLanguage":"es"},{"@type":"WebPage","@id":"https:\/\/exaudi.org\/es\/papa-catolicos-rusos-avanzar-camino-unidad\/","url":"https:\/\/exaudi.org\/es\/papa-catolicos-rusos-avanzar-camino-unidad\/","name":"Francisco a cat\u00f3licos rusos: Avanzar \u201cen el camino de la unidad\u201d - Exaudi","isPartOf":{"@id":"https:\/\/exaudi.org\/#website"},"primaryImageOfPage":{"@id":"https:\/\/exaudi.org\/es\/papa-catolicos-rusos-avanzar-camino-unidad\/#primaryimage"},"image":{"@id":"https:\/\/exaudi.org\/es\/papa-catolicos-rusos-avanzar-camino-unidad\/#primaryimage"},"thumbnailUrl":"https:\/\/exaudi.org\/wp-content\/uploads\/2021\/10\/54d5h5g4gf54jhgf.jpeg","datePublished":"2021-10-11T09:18:08+00:00","dateModified":"2021-10-12T07:53:32+00:00","author":{"@id":"https:\/\/exaudi.org\/#\/schema\/person\/d134b96438278131ce90c90c03fda6cd"},"description":"En su mensaje a los cat\u00f3licos rusos de rito latino, el Papa Francisco ha llamado a avanzar paso a paso en el camino de la unidad.","breadcrumb":{"@id":"https:\/\/exaudi.org\/es\/papa-catolicos-rusos-avanzar-camino-unidad\/#breadcrumb"},"inLanguage":"es","potentialAction":[{"@type":"ReadAction","target":["https:\/\/exaudi.org\/es\/papa-catolicos-rusos-avanzar-camino-unidad\/"]}]},{"@type":"ImageObject","inLanguage":"es","@id":"https:\/\/exaudi.org\/es\/papa-catolicos-rusos-avanzar-camino-unidad\/#primaryimage","url":"https:\/\/exaudi.org\/wp-content\/uploads\/2021\/10\/54d5h5g4gf54jhgf.jpeg","contentUrl":"https:\/\/exaudi.org\/wp-content\/uploads\/2021\/10\/54d5h5g4gf54jhgf.jpeg","width":727,"height":409,"caption":"Papa Francisco \u00a9 Vatican Media"},{"@type":"BreadcrumbList","@id":"https:\/\/exaudi.org\/es\/papa-catolicos-rusos-avanzar-camino-unidad\/#breadcrumb","itemListElement":[{"@type":"ListItem","position":1,"name":"Portada","item":"https:\/\/exaudi.org\/es\/"},{"@type":"ListItem","position":2,"name":"Francisco a cat\u00f3licos rusos: Avanzar \u201cen el camino de la unidad\u201d"}]},{"@type":"WebSite","@id":"https:\/\/exaudi.org\/#website","url":"https:\/\/exaudi.org\/","name":"Exaudi","description":"News","potentialAction":[{"@type":"SearchAction","target":{"@type":"EntryPoint","urlTemplate":"https:\/\/exaudi.org\/?s={search_term_string}"},"query-input":{"@type":"PropertyValueSpecification","valueRequired":true,"valueName":"search_term_string"}}],"inLanguage":"es"},{"@type":"Person","@id":"https:\/\/exaudi.org\/#\/schema\/person\/d134b96438278131ce90c90c03fda6cd","name":"Gabriel Sales","image":{"@type":"ImageObject","inLanguage":"es","@id":"https:\/\/secure.gravatar.com\/avatar\/9b1269566f6a063ed26ffb3532b66a373cdde231ce5d0effb266167437fdaffd?s=96&d=mm&r=g","url":"https:\/\/secure.gravatar.com\/avatar\/9b1269566f6a063ed26ffb3532b66a373cdde231ce5d0effb266167437fdaffd?s=96&d=mm&r=g","contentUrl":"https:\/\/secure.gravatar.com\/avatar\/9b1269566f6a063ed26ffb3532b66a373cdde231ce5d0effb266167437fdaffd?s=96&d=mm&r=g","caption":"Gabriel Sales"},"description":"Periodista y especialista en Comunicaci\u00f3n y Branding digital. Cin\u00e9filo y cr\u00edtico de cine y series de televisi\u00f3n.","sameAs":["https:\/\/www.instagram.com\/cine90segundos\/","www.linkedin.com\/in\/habemusman","https:\/\/x.com\/habemusman","https:\/\/www.youtube.com\/channel\/UCVfCiOMkJ_C7T7OpyjuaLDg"],"url":"https:\/\/exaudi.org\/es\/author\/gsalesexaudi-org\/"}]}},"jetpack_featured_media_url":"https:\/\/exaudi.org\/wp-content\/uploads\/2021\/10\/54d5h5g4gf54jhgf.jpeg","jetpack_shortlink":"https:\/\/wp.me\/pgKjF2-9rC","_links":{"self":[{"href":"https:\/\/exaudi.org\/es\/wp-json\/wp\/v2\/posts\/36308","targetHints":{"allow":["GET"]}}],"collection":[{"href":"https:\/\/exaudi.org\/es\/wp-json\/wp\/v2\/posts"}],"about":[{"href":"https:\/\/exaudi.org\/es\/wp-json\/wp\/v2\/types\/post"}],"author":[{"embeddable":true,"href":"https:\/\/exaudi.org\/es\/wp-json\/wp\/v2\/users\/6"}],"replies":[{"embeddable":true,"href":"https:\/\/exaudi.org\/es\/wp-json\/wp\/v2\/comments?post=36308"}],"version-history":[{"count":0,"href":"https:\/\/exaudi.org\/es\/wp-json\/wp\/v2\/posts\/36308\/revisions"}],"wp:featuredmedia":[{"embeddable":true,"href":"https:\/\/exaudi.org\/es\/wp-json\/wp\/v2\/media\/36309"}],"wp:attachment":[{"href":"https:\/\/exaudi.org\/es\/wp-json\/wp\/v2\/media?parent=36308"}],"wp:term":[{"taxonomy":"category","embeddable":true,"href":"https:\/\/exaudi.org\/es\/wp-json\/wp\/v2\/categories?post=36308"},{"taxonomy":"post_tag","embeddable":true,"href":"https:\/\/exaudi.org\/es\/wp-json\/wp\/v2\/tags?post=36308"}],"curies":[{"name":"wp","href":"https:\/\/api.w.org\/{rel}","templated":true}]}}