{"id":36300,"date":"2021-10-11T08:34:31","date_gmt":"2021-10-11T06:34:31","guid":{"rendered":"https:\/\/exaudi.wpengine.com\/?p=36300"},"modified":"2021-10-11T14:03:41","modified_gmt":"2021-10-11T12:03:41","slug":"teologia-millennials-abusos-sexuales-francia","status":"publish","type":"post","link":"https:\/\/exaudi.org\/es\/teologia-millennials-abusos-sexuales-francia\/","title":{"rendered":"Teolog\u00eda para Millennials: Abusos sexuales en Francia"},"content":{"rendered":"<p>Hoy, lunes 11 de octubre de 2021, en \u201c<a href=\"https:\/\/teologiaparamillennials.com\/\">Teolog\u00eda para Millennials<\/a>\u201d, el sacerdote mexicano\u00a0<a href=\"https:\/\/exaudi.wpengine.com\/es\/author\/padremarioarroyo\/\" target=\"_blank\" rel=\"noopener noreferrer\">Mario Arroyo Mart\u00ednez<\/a>, comparte con los lectores de Exaudi su art\u00edculo semanal titulado \u201c<a href=\"https:\/\/exaudi.wpengine.com\/es\/rostro-iglesia-abusos-sexuales\/\" target=\"_blank\" rel=\"noopener\">Abusos sexuales en Francia<\/a>\u201d, en el que reflexiona sobre la enorme cifra de casos que ha habido en el pa\u00eds europeo desde 1950.<\/p>\n<p>***<\/p>\n<p><span style=\"font-weight: 400\">Ha sido devastadora la noticia: en un periodo de 70 a\u00f1os, entre 1950 y 2020 hubo 216 mil casos de abusos sexual a menores por parte de cl\u00e9rigos en Francia. El n\u00famero de los agresores se calcula entre 2900 a 3200 sacerdotes. As\u00ed lo revel\u00f3 el informe dirigido por Jean-Marc Sauv\u00e9. <\/span><\/p>\n<p><span style=\"font-weight: 400\">La reacci\u00f3n del Papa Francisco no tard\u00f3 en llegar al conocer esos abominables datos, expresando \u201ctristeza y dolor\u201d por las v\u00edctimas, unidas a la \u201cverg\u00fcenza\u201d por la lentitud de la Iglesia en reaccionar. \u201cEs el momento de la verg\u00fcenza\u201d afirm\u00f3, aunque expres\u00f3 tambi\u00e9n su cercan\u00eda al clero franc\u00e9s, reconociendo que pasaban por \u201cuna prueba dura, pero saludable\u201d.<\/span><\/p>\n<p><span style=\"font-weight: 400\">El dato de por s\u00ed es espantoso e injustificable, lamentable por donde se le quiera ver. Sin embargo, pienso que reclama una reflexi\u00f3n m\u00e1s profunda, precisamente para poder ir a las causas del problema, condici\u00f3n indispensable para superarlo. Un dato, que no tiene el fin de fungir como justificaci\u00f3n, sino de contextualizaci\u00f3n, es que durante el mismo periodo de tiempo sufrieron agresiones sexuales alrededor de 5.5 millones de ni\u00f1os y adolescentes franceses.<\/span><\/p>\n<p><span style=\"font-weight: 400\"> Esto permite contextualizar los dram\u00e1ticos hechos, y no solo para tener el falso consuelo de que los abusos por parte de la Iglesia representan menos del 5%, mientras, se calcula, que los agresores familiares directos o pol\u00edticos representan alrededor del 80% de las agresiones. En efecto, no se trata de buscar comparaciones que de alguna forma exoneren esta horrible culpa, sino de ahondar en el significado de unos n\u00fameros tan elevados.\u00a0<\/span><\/p>\n<p><span style=\"font-weight: 400\">En otras palabras, se trata de reconocer, junto con la culpa de la Iglesia, que no se trata solamente de un problema eclesial, sino social. Otra cosa es pretender tapar el sol con un dedo o buscar hacer un uso de las estad\u00edsticas exclusivamente para denigrar a una instituci\u00f3n y no para resolver el problema. 216 mil son muchos; 5.5 millones tambi\u00e9n; no es un problema exclusivo de la Iglesia, es un problema de la sociedad, de la cual la Iglesia es solo un reflejo.<\/span><\/p>\n<p><span style=\"font-weight: 400\">\u00bfQu\u00e9 significa esto? Simplemente que las personas que formamos parte del estado clerical dentro de la Iglesia no somos mejores que el mortal de a pie, com\u00fan y corriente, sino que somos como los dem\u00e1s. Las heridas sociales nos afectan igual y eso se refleja en los n\u00fameros tan elevados de abusos sexuales. Pero es la sociedad la que est\u00e1 herida, no solo la Iglesia; la Iglesia reconoce con verg\u00fcenza su parte de culpa, y se duele por las v\u00edctimas, y toma medidas para erradicar definitivamente este mal dentro de sus filas, y hace una dolorosa pero necesaria purificaci\u00f3n de la memoria, consistente en el reconocimiento de la culpa y la petici\u00f3n de perd\u00f3n. La sociedad \u00bfhace algo?<\/span><\/p>\n<p><span style=\"font-weight: 400\">Adem\u00e1s de escandalizarse, \u00bfhace algo la sociedad? \u00bfIndaga en sus causas? Finalmente, la pedofilia es aceptada por los principales representantes del movimiento de la revoluci\u00f3n sexual, como Wilhelm Reich, Alfred Kinsey o Shulamith Firestone. La sociedad ha seguido en gran medida los dict\u00e1menes de tal revoluci\u00f3n, se han ido eliminando todos los \u201ctab\u00faes sexuales\u201d, e incluso, actualmente existen movimientos que abogan por la legitimaci\u00f3n de la pedofilia. <\/span><\/p>\n<p><span style=\"font-weight: 400\">En Francia misma, la edad para el consentimiento sexual son 15 a\u00f1os (antes eran 13); si hay consentimiento, no es violaci\u00f3n el que un adulto tenga relaciones con una adolescente, por lo menos seg\u00fan la ley de Francia, que ahora, con un cierto toque de farise\u00edsmo, se escandaliza por los datos que ofrece la Iglesia.<\/span><\/p>\n<p><span style=\"font-weight: 400\">Es decir, no podemos ser tan miopes como para no darnos cuenta de que nuestras costumbres sexuales, el desenfreno que se vive en esta materia, induce o provoca este tipo de cr\u00edmenes. Hemos banalizado a tal punto la sexualidad, que los miembros m\u00e1s d\u00e9biles de la sociedad caen en la pendiente de la pedofilia.<\/span><\/p>\n<p><span style=\"font-weight: 400\"> Y no es que quiera hacer v\u00edctimas a los victimarios, pero tampoco cerrar los ojos al hecho de que est\u00e1n enfermos de sexo. Un sexo que se promueve, por activa y por pasiva, de forma omnipresente, en una sociedad, que luego se extra\u00f1a por engendrar depredadores sexuales. Debemos reconocer, por lo menos, que en este aspecto somos poco coherentes. La Iglesia ya est\u00e1 haciendo su parte, la publicaci\u00f3n de este doloroso informe es una muestra, toca a la sociedad y a la cultura hacer la suya.<\/span><\/p>\n","protected":false},"excerpt":{"rendered":"<p>Enorme cifra de casos desde 1950<\/p>\n","protected":false},"author":22,"featured_media":36301,"comment_status":"closed","ping_status":"closed","sticky":false,"template":"","format":"standard","meta":{"_acf_changed":false,"_crdt_document":"","inline_featured_image":false,"footnotes":""},"categories":[2158,298,130],"tags":[4421,1293,459],"class_list":["post-36300","post","type-post","status-publish","format-standard","has-post-thumbnail","hentry","category-top-ultimas-noticias","category-ultimas-noticias","category-voces","tag-abusos-sexuales","tag-francia","tag-teologia-para-millennials"],"acf":[],"yoast_head":"<!-- This site is optimized with the Yoast SEO plugin v27.4 - https:\/\/yoast.com\/product\/yoast-seo-wordpress\/ -->\n<title>Teolog\u00eda para Millennials: Abusos sexuales en Francia - Exaudi<\/title>\n<meta name=\"description\" content=\"En \u201cTeolog\u00eda para Millennials\u201d, el sacerdote Mario Arroyo Mart\u00ednez, comparte su art\u00edculo semanal titulado \u201cAbusos sexuales en Francia\u201d.\" \/>\n<meta name=\"robots\" content=\"index, follow, max-snippet:-1, max-image-preview:large, max-video-preview:-1\" \/>\n<link rel=\"canonical\" href=\"https:\/\/exaudi.org\/es\/teologia-millennials-abusos-sexuales-francia\/\" \/>\n<meta property=\"og:locale\" content=\"es_ES\" \/>\n<meta property=\"og:type\" content=\"article\" \/>\n<meta property=\"og:title\" content=\"Teolog\u00eda para Millennials: Abusos sexuales en Francia - Exaudi\" \/>\n<meta property=\"og:description\" content=\"En \u201cTeolog\u00eda para Millennials\u201d, el sacerdote Mario Arroyo Mart\u00ednez, comparte su art\u00edculo semanal titulado \u201cAbusos sexuales en Francia\u201d.\" \/>\n<meta property=\"og:url\" content=\"https:\/\/exaudi.org\/es\/teologia-millennials-abusos-sexuales-francia\/\" \/>\n<meta property=\"og:site_name\" content=\"Exaudi\" \/>\n<meta property=\"article:publisher\" content=\"https:\/\/www.facebook.com\/ExaudiNews\" \/>\n<meta property=\"article:published_time\" content=\"2021-10-11T06:34:31+00:00\" \/>\n<meta property=\"article:modified_time\" content=\"2021-10-11T12:03:41+00:00\" \/>\n<meta property=\"og:image\" content=\"https:\/\/exaudi.org\/wp-content\/uploads\/2021\/10\/65a4sdad.jpeg\" \/>\n\t<meta property=\"og:image:width\" content=\"727\" \/>\n\t<meta property=\"og:image:height\" content=\"409\" \/>\n\t<meta property=\"og:image:type\" content=\"image\/jpeg\" \/>\n<meta name=\"author\" content=\"Mario Arroyo\" \/>\n<meta name=\"twitter:card\" content=\"summary_large_image\" \/>\n<meta name=\"twitter:creator\" content=\"@Exaudi_News\" \/>\n<meta name=\"twitter:site\" content=\"@Exaudi_News\" \/>\n<meta name=\"twitter:label1\" content=\"Escrito por\" \/>\n\t<meta name=\"twitter:data1\" content=\"Mario Arroyo\" \/>\n\t<meta name=\"twitter:label2\" content=\"Tiempo de lectura\" \/>\n\t<meta name=\"twitter:data2\" content=\"4 minutos\" \/>\n<script type=\"application\/ld+json\" class=\"yoast-schema-graph\">{\"@context\":\"https:\\\/\\\/schema.org\",\"@graph\":[{\"@type\":\"Article\",\"@id\":\"https:\\\/\\\/exaudi.org\\\/es\\\/teologia-millennials-abusos-sexuales-francia\\\/#article\",\"isPartOf\":{\"@id\":\"https:\\\/\\\/exaudi.org\\\/es\\\/teologia-millennials-abusos-sexuales-francia\\\/\"},\"author\":{\"name\":\"Mario Arroyo\",\"@id\":\"https:\\\/\\\/exaudi.org\\\/#\\\/schema\\\/person\\\/2195e6e643f4a07a343345d49e4e6985\"},\"headline\":\"Teolog\u00eda para Millennials: Abusos sexuales en Francia\",\"datePublished\":\"2021-10-11T06:34:31+00:00\",\"dateModified\":\"2021-10-11T12:03:41+00:00\",\"mainEntityOfPage\":{\"@id\":\"https:\\\/\\\/exaudi.org\\\/es\\\/teologia-millennials-abusos-sexuales-francia\\\/\"},\"wordCount\":809,\"image\":{\"@id\":\"https:\\\/\\\/exaudi.org\\\/es\\\/teologia-millennials-abusos-sexuales-francia\\\/#primaryimage\"},\"thumbnailUrl\":\"https:\\\/\\\/exaudi.org\\\/wp-content\\\/uploads\\\/2021\\\/10\\\/65a4sdad.jpeg\",\"keywords\":[\"Abusos sexuales\",\"Francia\",\"Teolog\u00eda para Millennials\"],\"articleSection\":[\"Top Ultimas Noticias\",\"\u00daltimas noticias\",\"Voces\"],\"inLanguage\":\"es\"},{\"@type\":\"WebPage\",\"@id\":\"https:\\\/\\\/exaudi.org\\\/es\\\/teologia-millennials-abusos-sexuales-francia\\\/\",\"url\":\"https:\\\/\\\/exaudi.org\\\/es\\\/teologia-millennials-abusos-sexuales-francia\\\/\",\"name\":\"Teolog\u00eda para Millennials: Abusos sexuales en Francia - Exaudi\",\"isPartOf\":{\"@id\":\"https:\\\/\\\/exaudi.org\\\/#website\"},\"primaryImageOfPage\":{\"@id\":\"https:\\\/\\\/exaudi.org\\\/es\\\/teologia-millennials-abusos-sexuales-francia\\\/#primaryimage\"},\"image\":{\"@id\":\"https:\\\/\\\/exaudi.org\\\/es\\\/teologia-millennials-abusos-sexuales-francia\\\/#primaryimage\"},\"thumbnailUrl\":\"https:\\\/\\\/exaudi.org\\\/wp-content\\\/uploads\\\/2021\\\/10\\\/65a4sdad.jpeg\",\"datePublished\":\"2021-10-11T06:34:31+00:00\",\"dateModified\":\"2021-10-11T12:03:41+00:00\",\"author\":{\"@id\":\"https:\\\/\\\/exaudi.org\\\/#\\\/schema\\\/person\\\/2195e6e643f4a07a343345d49e4e6985\"},\"description\":\"En \u201cTeolog\u00eda para Millennials\u201d, el sacerdote Mario Arroyo Mart\u00ednez, comparte su art\u00edculo semanal titulado \u201cAbusos sexuales en Francia\u201d.\",\"breadcrumb\":{\"@id\":\"https:\\\/\\\/exaudi.org\\\/es\\\/teologia-millennials-abusos-sexuales-francia\\\/#breadcrumb\"},\"inLanguage\":\"es\",\"potentialAction\":[{\"@type\":\"ReadAction\",\"target\":[\"https:\\\/\\\/exaudi.org\\\/es\\\/teologia-millennials-abusos-sexuales-francia\\\/\"]}]},{\"@type\":\"ImageObject\",\"inLanguage\":\"es\",\"@id\":\"https:\\\/\\\/exaudi.org\\\/es\\\/teologia-millennials-abusos-sexuales-francia\\\/#primaryimage\",\"url\":\"https:\\\/\\\/exaudi.org\\\/wp-content\\\/uploads\\\/2021\\\/10\\\/65a4sdad.jpeg\",\"contentUrl\":\"https:\\\/\\\/exaudi.org\\\/wp-content\\\/uploads\\\/2021\\\/10\\\/65a4sdad.jpeg\",\"width\":727,\"height\":409,\"caption\":\"Ni\u00f1o escondido \u00a9 Vatican Media\"},{\"@type\":\"BreadcrumbList\",\"@id\":\"https:\\\/\\\/exaudi.org\\\/es\\\/teologia-millennials-abusos-sexuales-francia\\\/#breadcrumb\",\"itemListElement\":[{\"@type\":\"ListItem\",\"position\":1,\"name\":\"Portada\",\"item\":\"https:\\\/\\\/exaudi.org\\\/es\\\/\"},{\"@type\":\"ListItem\",\"position\":2,\"name\":\"Teolog\u00eda para Millennials: Abusos sexuales en Francia\"}]},{\"@type\":\"WebSite\",\"@id\":\"https:\\\/\\\/exaudi.org\\\/#website\",\"url\":\"https:\\\/\\\/exaudi.org\\\/\",\"name\":\"Exaudi\",\"description\":\"News\",\"potentialAction\":[{\"@type\":\"SearchAction\",\"target\":{\"@type\":\"EntryPoint\",\"urlTemplate\":\"https:\\\/\\\/exaudi.org\\\/?s={search_term_string}\"},\"query-input\":{\"@type\":\"PropertyValueSpecification\",\"valueRequired\":true,\"valueName\":\"search_term_string\"}}],\"inLanguage\":\"es\"},{\"@type\":\"Person\",\"@id\":\"https:\\\/\\\/exaudi.org\\\/#\\\/schema\\\/person\\\/2195e6e643f4a07a343345d49e4e6985\",\"name\":\"Mario Arroyo\",\"image\":{\"@type\":\"ImageObject\",\"inLanguage\":\"es\",\"@id\":\"https:\\\/\\\/secure.gravatar.com\\\/avatar\\\/0e2dddc1d3bf207409f5b4d542cef9a9955ad497448376a1621fcb1df592d137?s=96&d=mm&r=g\",\"url\":\"https:\\\/\\\/secure.gravatar.com\\\/avatar\\\/0e2dddc1d3bf207409f5b4d542cef9a9955ad497448376a1621fcb1df592d137?s=96&d=mm&r=g\",\"contentUrl\":\"https:\\\/\\\/secure.gravatar.com\\\/avatar\\\/0e2dddc1d3bf207409f5b4d542cef9a9955ad497448376a1621fcb1df592d137?s=96&d=mm&r=g\",\"caption\":\"Mario Arroyo\"},\"description\":\"Licenciado en Filosof\u00eda por la Universidad Panamericana, M\u00e9xico 1996, ostenta el bachiller en Teolog\u00eda por la Pontificia Universidad de la Santa Cruz, Roma 1999. Doctor en Filosof\u00eda por la Pontificia Universidad de la Santa Cruz, Roma 2002. Ordenado sacerdote en Torreciudad, Espa\u00f1a, en 2002. Autor de: Poder, Dinero y Santidad, Lima 2012; Ciencia y Fe. Un equilibrio posible, UCSS, Lima 2015; Ciencia y Fe. Situaci\u00f3n actual, Facultad de Teolog\u00eda Pontificia y Civil de Lima, Lima 2016; La Iglesia y los Homosexuales. Un falso conflicto, Facultad de Teolog\u00eda Pontificia y Civil de Lima, Lima 2017. Coautor de Dios Busca al Hombre, CDSCO, Lima 2013; Neurona mata esp\u00edritu, Amazon, Lima 2018; Teolog\u00eda para Millennials, Amazon, Lima 2018. El padre Mario es columnista de los portales peruanos Cr\u00f3nica Viva, La abeja y Lucidez, as\u00ed como de los peri\u00f3dicos mexicanos Mural, Expreso, del portal mexicano Vox Fides y de ZENIT. Capell\u00e1n de la Universidad de Piura, Campus de Lima durante los cursos 2017 y 2018. Actualmente, profesor de Teolog\u00eda en la Universidad Panamericana, Ciudad de M\u00e9xico.\",\"url\":\"https:\\\/\\\/exaudi.org\\\/es\\\/author\\\/padremarioarroyo\\\/\"}]}<\/script>\n<!-- \/ Yoast SEO plugin. -->","yoast_head_json":{"title":"Teolog\u00eda para Millennials: Abusos sexuales en Francia - Exaudi","description":"En \u201cTeolog\u00eda para Millennials\u201d, el sacerdote Mario Arroyo Mart\u00ednez, comparte su art\u00edculo semanal titulado \u201cAbusos sexuales en Francia\u201d.","robots":{"index":"index","follow":"follow","max-snippet":"max-snippet:-1","max-image-preview":"max-image-preview:large","max-video-preview":"max-video-preview:-1"},"canonical":"https:\/\/exaudi.org\/es\/teologia-millennials-abusos-sexuales-francia\/","og_locale":"es_ES","og_type":"article","og_title":"Teolog\u00eda para Millennials: Abusos sexuales en Francia - Exaudi","og_description":"En \u201cTeolog\u00eda para Millennials\u201d, el sacerdote Mario Arroyo Mart\u00ednez, comparte su art\u00edculo semanal titulado \u201cAbusos sexuales en Francia\u201d.","og_url":"https:\/\/exaudi.org\/es\/teologia-millennials-abusos-sexuales-francia\/","og_site_name":"Exaudi","article_publisher":"https:\/\/www.facebook.com\/ExaudiNews","article_published_time":"2021-10-11T06:34:31+00:00","article_modified_time":"2021-10-11T12:03:41+00:00","og_image":[{"width":727,"height":409,"url":"https:\/\/exaudi.org\/wp-content\/uploads\/2021\/10\/65a4sdad.jpeg","type":"image\/jpeg"}],"author":"Mario Arroyo","twitter_card":"summary_large_image","twitter_creator":"@Exaudi_News","twitter_site":"@Exaudi_News","twitter_misc":{"Escrito por":"Mario Arroyo","Tiempo de lectura":"4 minutos"},"schema":{"@context":"https:\/\/schema.org","@graph":[{"@type":"Article","@id":"https:\/\/exaudi.org\/es\/teologia-millennials-abusos-sexuales-francia\/#article","isPartOf":{"@id":"https:\/\/exaudi.org\/es\/teologia-millennials-abusos-sexuales-francia\/"},"author":{"name":"Mario Arroyo","@id":"https:\/\/exaudi.org\/#\/schema\/person\/2195e6e643f4a07a343345d49e4e6985"},"headline":"Teolog\u00eda para Millennials: Abusos sexuales en Francia","datePublished":"2021-10-11T06:34:31+00:00","dateModified":"2021-10-11T12:03:41+00:00","mainEntityOfPage":{"@id":"https:\/\/exaudi.org\/es\/teologia-millennials-abusos-sexuales-francia\/"},"wordCount":809,"image":{"@id":"https:\/\/exaudi.org\/es\/teologia-millennials-abusos-sexuales-francia\/#primaryimage"},"thumbnailUrl":"https:\/\/exaudi.org\/wp-content\/uploads\/2021\/10\/65a4sdad.jpeg","keywords":["Abusos sexuales","Francia","Teolog\u00eda para Millennials"],"articleSection":["Top Ultimas Noticias","\u00daltimas noticias","Voces"],"inLanguage":"es"},{"@type":"WebPage","@id":"https:\/\/exaudi.org\/es\/teologia-millennials-abusos-sexuales-francia\/","url":"https:\/\/exaudi.org\/es\/teologia-millennials-abusos-sexuales-francia\/","name":"Teolog\u00eda para Millennials: Abusos sexuales en Francia - Exaudi","isPartOf":{"@id":"https:\/\/exaudi.org\/#website"},"primaryImageOfPage":{"@id":"https:\/\/exaudi.org\/es\/teologia-millennials-abusos-sexuales-francia\/#primaryimage"},"image":{"@id":"https:\/\/exaudi.org\/es\/teologia-millennials-abusos-sexuales-francia\/#primaryimage"},"thumbnailUrl":"https:\/\/exaudi.org\/wp-content\/uploads\/2021\/10\/65a4sdad.jpeg","datePublished":"2021-10-11T06:34:31+00:00","dateModified":"2021-10-11T12:03:41+00:00","author":{"@id":"https:\/\/exaudi.org\/#\/schema\/person\/2195e6e643f4a07a343345d49e4e6985"},"description":"En \u201cTeolog\u00eda para Millennials\u201d, el sacerdote Mario Arroyo Mart\u00ednez, comparte su art\u00edculo semanal titulado \u201cAbusos sexuales en Francia\u201d.","breadcrumb":{"@id":"https:\/\/exaudi.org\/es\/teologia-millennials-abusos-sexuales-francia\/#breadcrumb"},"inLanguage":"es","potentialAction":[{"@type":"ReadAction","target":["https:\/\/exaudi.org\/es\/teologia-millennials-abusos-sexuales-francia\/"]}]},{"@type":"ImageObject","inLanguage":"es","@id":"https:\/\/exaudi.org\/es\/teologia-millennials-abusos-sexuales-francia\/#primaryimage","url":"https:\/\/exaudi.org\/wp-content\/uploads\/2021\/10\/65a4sdad.jpeg","contentUrl":"https:\/\/exaudi.org\/wp-content\/uploads\/2021\/10\/65a4sdad.jpeg","width":727,"height":409,"caption":"Ni\u00f1o escondido \u00a9 Vatican Media"},{"@type":"BreadcrumbList","@id":"https:\/\/exaudi.org\/es\/teologia-millennials-abusos-sexuales-francia\/#breadcrumb","itemListElement":[{"@type":"ListItem","position":1,"name":"Portada","item":"https:\/\/exaudi.org\/es\/"},{"@type":"ListItem","position":2,"name":"Teolog\u00eda para Millennials: Abusos sexuales en Francia"}]},{"@type":"WebSite","@id":"https:\/\/exaudi.org\/#website","url":"https:\/\/exaudi.org\/","name":"Exaudi","description":"News","potentialAction":[{"@type":"SearchAction","target":{"@type":"EntryPoint","urlTemplate":"https:\/\/exaudi.org\/?s={search_term_string}"},"query-input":{"@type":"PropertyValueSpecification","valueRequired":true,"valueName":"search_term_string"}}],"inLanguage":"es"},{"@type":"Person","@id":"https:\/\/exaudi.org\/#\/schema\/person\/2195e6e643f4a07a343345d49e4e6985","name":"Mario Arroyo","image":{"@type":"ImageObject","inLanguage":"es","@id":"https:\/\/secure.gravatar.com\/avatar\/0e2dddc1d3bf207409f5b4d542cef9a9955ad497448376a1621fcb1df592d137?s=96&d=mm&r=g","url":"https:\/\/secure.gravatar.com\/avatar\/0e2dddc1d3bf207409f5b4d542cef9a9955ad497448376a1621fcb1df592d137?s=96&d=mm&r=g","contentUrl":"https:\/\/secure.gravatar.com\/avatar\/0e2dddc1d3bf207409f5b4d542cef9a9955ad497448376a1621fcb1df592d137?s=96&d=mm&r=g","caption":"Mario Arroyo"},"description":"Licenciado en Filosof\u00eda por la Universidad Panamericana, M\u00e9xico 1996, ostenta el bachiller en Teolog\u00eda por la Pontificia Universidad de la Santa Cruz, Roma 1999. Doctor en Filosof\u00eda por la Pontificia Universidad de la Santa Cruz, Roma 2002. Ordenado sacerdote en Torreciudad, Espa\u00f1a, en 2002. Autor de: Poder, Dinero y Santidad, Lima 2012; Ciencia y Fe. Un equilibrio posible, UCSS, Lima 2015; Ciencia y Fe. Situaci\u00f3n actual, Facultad de Teolog\u00eda Pontificia y Civil de Lima, Lima 2016; La Iglesia y los Homosexuales. Un falso conflicto, Facultad de Teolog\u00eda Pontificia y Civil de Lima, Lima 2017. Coautor de Dios Busca al Hombre, CDSCO, Lima 2013; Neurona mata esp\u00edritu, Amazon, Lima 2018; Teolog\u00eda para Millennials, Amazon, Lima 2018. El padre Mario es columnista de los portales peruanos Cr\u00f3nica Viva, La abeja y Lucidez, as\u00ed como de los peri\u00f3dicos mexicanos Mural, Expreso, del portal mexicano Vox Fides y de ZENIT. Capell\u00e1n de la Universidad de Piura, Campus de Lima durante los cursos 2017 y 2018. Actualmente, profesor de Teolog\u00eda en la Universidad Panamericana, Ciudad de M\u00e9xico.","url":"https:\/\/exaudi.org\/es\/author\/padremarioarroyo\/"}]}},"jetpack_featured_media_url":"https:\/\/exaudi.org\/wp-content\/uploads\/2021\/10\/65a4sdad.jpeg","jetpack_shortlink":"https:\/\/wp.me\/pgKjF2-9ru","_links":{"self":[{"href":"https:\/\/exaudi.org\/es\/wp-json\/wp\/v2\/posts\/36300","targetHints":{"allow":["GET"]}}],"collection":[{"href":"https:\/\/exaudi.org\/es\/wp-json\/wp\/v2\/posts"}],"about":[{"href":"https:\/\/exaudi.org\/es\/wp-json\/wp\/v2\/types\/post"}],"author":[{"embeddable":true,"href":"https:\/\/exaudi.org\/es\/wp-json\/wp\/v2\/users\/22"}],"replies":[{"embeddable":true,"href":"https:\/\/exaudi.org\/es\/wp-json\/wp\/v2\/comments?post=36300"}],"version-history":[{"count":0,"href":"https:\/\/exaudi.org\/es\/wp-json\/wp\/v2\/posts\/36300\/revisions"}],"wp:featuredmedia":[{"embeddable":true,"href":"https:\/\/exaudi.org\/es\/wp-json\/wp\/v2\/media\/36301"}],"wp:attachment":[{"href":"https:\/\/exaudi.org\/es\/wp-json\/wp\/v2\/media?parent=36300"}],"wp:term":[{"taxonomy":"category","embeddable":true,"href":"https:\/\/exaudi.org\/es\/wp-json\/wp\/v2\/categories?post=36300"},{"taxonomy":"post_tag","embeddable":true,"href":"https:\/\/exaudi.org\/es\/wp-json\/wp\/v2\/tags?post=36300"}],"curies":[{"name":"wp","href":"https:\/\/api.w.org\/{rel}","templated":true}]}}