{"id":36280,"date":"2021-10-10T16:50:00","date_gmt":"2021-10-10T14:50:00","guid":{"rendered":"https:\/\/exaudi.wpengine.com\/?p=36280"},"modified":"2021-10-11T11:18:13","modified_gmt":"2021-10-11T09:18:13","slug":"papa-oracion-enfermos-suicido-salud-mental","status":"publish","type":"post","link":"https:\/\/exaudi.org\/es\/papa-oracion-enfermos-suicido-salud-mental\/","title":{"rendered":"El Papa pide oraci\u00f3n por enfermos de salud mental"},"content":{"rendered":"<p>Tras el <a href=\"https:\/\/exaudi.wpengine.com\/es\/francisco-fe-cuestion-libertad-amor\/\" target=\"_blank\" rel=\"noopener\">rezo del\u00a0\u00c1ngelus<\/a> de este, domingo, 10 de octubre de 2021, el Papa Francisco, en el D\u00eda Mundial de la Salud Mental, ha recordado a los \u201chermanos y hermanas que padecen trastornos mentales\u201d, pidiendo oraci\u00f3n por los enfermos y \u201d tambi\u00e9n a las v\u00edctimas, a menudo j\u00f3venes, del suicidio\u201d.<\/p>\n<p>Anunci\u00f3 con alegr\u00eda la proclamaci\u00f3n en N\u00e1poles de una nueva beata: \u201cMar\u00eda Lorenza Longo, esposa y madre de familia del siglo XVI\u201d.\u00a0 \u201cAsimismo, hoy, en Tropea, Calabria, fue beatificado don Francesco Mottola, fundador de los Oblatos y Oblatas del Sagrado Coraz\u00f3n\u201d.<\/p>\n<p>Salud\u00f3 a continuaci\u00f3n a los fieles y peregrinos reunidos en la plaza de San Pedro, cada vez m\u00e1s numerosos<\/p>\n<p>A continuaci\u00f3n, siguen las palabras del Papa despu\u00e9s de la oraci\u00f3n mariana, ofrecidas la\u00a0<a href=\"https:\/\/www.vatican.va\/news_services\/press\/index_sp.htm\" target=\"_blank\" rel=\"noopener\">Oficina de Prensa de la Santa Sede.<\/a><\/p>\n<p><strong>***<\/strong><\/p>\n<h4><strong>Palabras del Papa<\/strong><\/h4>\n<p><em>Queridos hermanos y hermanas:<\/em><\/p>\n<p>Hoy tambi\u00e9n tengo la alegr\u00eda de anunciar la proclamaci\u00f3n de nuevos beatos. Ayer, en N\u00e1poles, fue beatificada Mar\u00eda Lorenza Longo, esposa y madre de familia del siglo XVI. Tras quedarse viuda, fund\u00f3 en N\u00e1poles el Hospital de los Incurables y las Clarisas Capuchinas. Mujer de gran fe y de intensa vida de oraci\u00f3n, se prodig\u00f3 por las necesidades de los pobres y los que sufren. Asimismo, hoy, en Tropea, Calabria, fue beatificado don Francesco Mottola, fundador de los Oblatos y Oblatas del Sagrado Coraz\u00f3n, fallecido en 1969. Pastor celoso e incansable anunciador del Evangelio, fue testigo ejemplar de un sacerdocio vivido en la caridad y la contemplaci\u00f3n. \u00a1Un aplauso para estos nuevos beatos!<\/p>\n<p>Hoy, con motivo del D\u00eda Mundial de la Salud Mental, me gustar\u00eda recordar a los hermanos y hermanas que padecen trastornos mentales y tambi\u00e9n a las v\u00edctimas, a menudo j\u00f3venes, del suicidio. Recemos por ellos y sus familias, para que no se les deje solos ni se les discrimine, sino que sean acogidos y apoyados.<\/p>\n<p>Os saludo a todos vosotros, romanos y peregrinos de varios pa\u00edses: familias, grupos, asociaciones y fieles. En particular, saludo a los fieles de Bussolengo y a los de Novoli; a los confirmandos de la parroquia de la Resurrecci\u00f3n, en Roma, y a la Cooperativa del Sol de Corbetta. Tambi\u00e9n veo que est\u00e1n los de Montella, y los saludo&#8230; Con la imagen de sor Bernadetta. Oramos por su pronta canonizaci\u00f3n.<\/p>\n<p>Os deseo a todos un feliz domingo. Y, por favor, no os olvid\u00e9is de rezar por m\u00ed. Buen almuerzo y hasta pronto.<\/p>\n","protected":false},"excerpt":{"rendered":"<p>Palabras despu\u00e9s de la oraci\u00f3n mariana<\/p>\n","protected":false},"author":7,"featured_media":36281,"comment_status":"closed","ping_status":"closed","sticky":false,"template":"","format":"standard","meta":{"_acf_changed":false,"_crdt_document":"","inline_featured_image":false,"footnotes":""},"categories":[70,298],"tags":[4472],"class_list":["post-36280","post","type-post","status-publish","format-standard","has-post-thumbnail","hentry","category-angelus-es","category-ultimas-noticias","tag-angelus-10-octubre-2021"],"acf":[],"yoast_head":"<!-- This site is optimized with the Yoast SEO plugin v27.4 - https:\/\/yoast.com\/product\/yoast-seo-wordpress\/ -->\n<title>El Papa pide oraci\u00f3n por enfermos de salud mental - Exaudi<\/title>\n<meta name=\"description\" content=\"En sus palabras despu\u00e9s del \u00c1ngelus, el Papa Francisco pidi\u00f3 oraci\u00f3n por enfermos y v\u00edctimas de suicidio de la salud mental.\" \/>\n<meta name=\"robots\" content=\"index, follow, max-snippet:-1, max-image-preview:large, max-video-preview:-1\" \/>\n<link rel=\"canonical\" href=\"https:\/\/exaudi.org\/es\/papa-oracion-enfermos-suicido-salud-mental\/\" \/>\n<meta property=\"og:locale\" content=\"es_ES\" \/>\n<meta property=\"og:type\" content=\"article\" \/>\n<meta property=\"og:title\" content=\"El Papa pide oraci\u00f3n por enfermos de salud mental - Exaudi\" \/>\n<meta property=\"og:description\" content=\"En sus palabras despu\u00e9s del \u00c1ngelus, el Papa Francisco pidi\u00f3 oraci\u00f3n por enfermos y v\u00edctimas de suicidio de la salud mental.\" \/>\n<meta property=\"og:url\" content=\"https:\/\/exaudi.org\/es\/papa-oracion-enfermos-suicido-salud-mental\/\" \/>\n<meta property=\"og:site_name\" content=\"Exaudi\" \/>\n<meta property=\"article:publisher\" content=\"https:\/\/www.facebook.com\/ExaudiNews\" \/>\n<meta property=\"article:published_time\" content=\"2021-10-10T14:50:00+00:00\" \/>\n<meta property=\"article:modified_time\" content=\"2021-10-11T09:18:13+00:00\" \/>\n<meta property=\"og:image\" content=\"https:\/\/exaudi.org\/wp-content\/uploads\/2021\/10\/Angelus-10-octubre-2021-1-scaled.jpg\" \/>\n\t<meta property=\"og:image:width\" content=\"2560\" \/>\n\t<meta property=\"og:image:height\" content=\"1707\" \/>\n\t<meta property=\"og:image:type\" content=\"image\/jpeg\" \/>\n<meta name=\"author\" content=\"Raquel Anillo\" \/>\n<meta name=\"twitter:card\" content=\"summary_large_image\" \/>\n<meta name=\"twitter:creator\" content=\"@Exaudi_News\" \/>\n<meta name=\"twitter:site\" content=\"@Exaudi_News\" \/>\n<meta name=\"twitter:label1\" content=\"Escrito por\" \/>\n\t<meta name=\"twitter:data1\" content=\"Raquel Anillo\" \/>\n\t<meta name=\"twitter:label2\" content=\"Tiempo de lectura\" \/>\n\t<meta name=\"twitter:data2\" content=\"2 minutos\" \/>\n<script type=\"application\/ld+json\" class=\"yoast-schema-graph\">{\"@context\":\"https:\\\/\\\/schema.org\",\"@graph\":[{\"@type\":\"Article\",\"@id\":\"https:\\\/\\\/exaudi.org\\\/es\\\/papa-oracion-enfermos-suicido-salud-mental\\\/#article\",\"isPartOf\":{\"@id\":\"https:\\\/\\\/exaudi.org\\\/es\\\/papa-oracion-enfermos-suicido-salud-mental\\\/\"},\"author\":{\"name\":\"Raquel Anillo\",\"@id\":\"https:\\\/\\\/exaudi.org\\\/#\\\/schema\\\/person\\\/6ff0af358a606d657c4b1b6e0d5c85cb\"},\"headline\":\"El Papa pide oraci\u00f3n por enfermos de salud mental\",\"datePublished\":\"2021-10-10T14:50:00+00:00\",\"dateModified\":\"2021-10-11T09:18:13+00:00\",\"mainEntityOfPage\":{\"@id\":\"https:\\\/\\\/exaudi.org\\\/es\\\/papa-oracion-enfermos-suicido-salud-mental\\\/\"},\"wordCount\":439,\"image\":{\"@id\":\"https:\\\/\\\/exaudi.org\\\/es\\\/papa-oracion-enfermos-suicido-salud-mental\\\/#primaryimage\"},\"thumbnailUrl\":\"https:\\\/\\\/exaudi.org\\\/wp-content\\\/uploads\\\/2021\\\/10\\\/Angelus-10-octubre-2021-1-scaled.jpg\",\"keywords\":[\"\u00c1ngelus 10 octubre 2021\"],\"articleSection\":[\"\u00c1ngelus\",\"\u00daltimas noticias\"],\"inLanguage\":\"es\"},{\"@type\":\"WebPage\",\"@id\":\"https:\\\/\\\/exaudi.org\\\/es\\\/papa-oracion-enfermos-suicido-salud-mental\\\/\",\"url\":\"https:\\\/\\\/exaudi.org\\\/es\\\/papa-oracion-enfermos-suicido-salud-mental\\\/\",\"name\":\"El Papa pide oraci\u00f3n por enfermos de salud mental - Exaudi\",\"isPartOf\":{\"@id\":\"https:\\\/\\\/exaudi.org\\\/#website\"},\"primaryImageOfPage\":{\"@id\":\"https:\\\/\\\/exaudi.org\\\/es\\\/papa-oracion-enfermos-suicido-salud-mental\\\/#primaryimage\"},\"image\":{\"@id\":\"https:\\\/\\\/exaudi.org\\\/es\\\/papa-oracion-enfermos-suicido-salud-mental\\\/#primaryimage\"},\"thumbnailUrl\":\"https:\\\/\\\/exaudi.org\\\/wp-content\\\/uploads\\\/2021\\\/10\\\/Angelus-10-octubre-2021-1-scaled.jpg\",\"datePublished\":\"2021-10-10T14:50:00+00:00\",\"dateModified\":\"2021-10-11T09:18:13+00:00\",\"author\":{\"@id\":\"https:\\\/\\\/exaudi.org\\\/#\\\/schema\\\/person\\\/6ff0af358a606d657c4b1b6e0d5c85cb\"},\"description\":\"En sus palabras despu\u00e9s del \u00c1ngelus, el Papa Francisco pidi\u00f3 oraci\u00f3n por enfermos y v\u00edctimas de suicidio de la salud mental.\",\"breadcrumb\":{\"@id\":\"https:\\\/\\\/exaudi.org\\\/es\\\/papa-oracion-enfermos-suicido-salud-mental\\\/#breadcrumb\"},\"inLanguage\":\"es\",\"potentialAction\":[{\"@type\":\"ReadAction\",\"target\":[\"https:\\\/\\\/exaudi.org\\\/es\\\/papa-oracion-enfermos-suicido-salud-mental\\\/\"]}]},{\"@type\":\"ImageObject\",\"inLanguage\":\"es\",\"@id\":\"https:\\\/\\\/exaudi.org\\\/es\\\/papa-oracion-enfermos-suicido-salud-mental\\\/#primaryimage\",\"url\":\"https:\\\/\\\/exaudi.org\\\/wp-content\\\/uploads\\\/2021\\\/10\\\/Angelus-10-octubre-2021-1-scaled.jpg\",\"contentUrl\":\"https:\\\/\\\/exaudi.org\\\/wp-content\\\/uploads\\\/2021\\\/10\\\/Angelus-10-octubre-2021-1-scaled.jpg\",\"width\":2560,\"height\":1707,\"caption\":\"\u00c1ngelus 10 octubre 2021 \u00a9 Vatican Media\"},{\"@type\":\"BreadcrumbList\",\"@id\":\"https:\\\/\\\/exaudi.org\\\/es\\\/papa-oracion-enfermos-suicido-salud-mental\\\/#breadcrumb\",\"itemListElement\":[{\"@type\":\"ListItem\",\"position\":1,\"name\":\"Portada\",\"item\":\"https:\\\/\\\/exaudi.org\\\/es\\\/\"},{\"@type\":\"ListItem\",\"position\":2,\"name\":\"El Papa pide oraci\u00f3n por enfermos de salud mental\"}]},{\"@type\":\"WebSite\",\"@id\":\"https:\\\/\\\/exaudi.org\\\/#website\",\"url\":\"https:\\\/\\\/exaudi.org\\\/\",\"name\":\"Exaudi\",\"description\":\"News\",\"potentialAction\":[{\"@type\":\"SearchAction\",\"target\":{\"@type\":\"EntryPoint\",\"urlTemplate\":\"https:\\\/\\\/exaudi.org\\\/?s={search_term_string}\"},\"query-input\":{\"@type\":\"PropertyValueSpecification\",\"valueRequired\":true,\"valueName\":\"search_term_string\"}}],\"inLanguage\":\"es\"},{\"@type\":\"Person\",\"@id\":\"https:\\\/\\\/exaudi.org\\\/#\\\/schema\\\/person\\\/6ff0af358a606d657c4b1b6e0d5c85cb\",\"name\":\"Raquel Anillo\",\"image\":{\"@type\":\"ImageObject\",\"inLanguage\":\"es\",\"@id\":\"https:\\\/\\\/secure.gravatar.com\\\/avatar\\\/7f88757c095badfcf277fb437d860f221e7a4fb83008b887cccb1f1299f66efb?s=96&d=mm&r=g\",\"url\":\"https:\\\/\\\/secure.gravatar.com\\\/avatar\\\/7f88757c095badfcf277fb437d860f221e7a4fb83008b887cccb1f1299f66efb?s=96&d=mm&r=g\",\"contentUrl\":\"https:\\\/\\\/secure.gravatar.com\\\/avatar\\\/7f88757c095badfcf277fb437d860f221e7a4fb83008b887cccb1f1299f66efb?s=96&d=mm&r=g\",\"caption\":\"Raquel Anillo\"},\"description\":\"Casada. Comprometida con la Iglesia. Traductora e int\u00e9rprete para la Comunidad Emmanuel, especialmente para las sesiones internacionales de Paray le Monial (Francia) 1986 al 2005. Colaboradora de Zenit de 2012-2014 y de 2017-2020 como traductora.\",\"url\":\"https:\\\/\\\/exaudi.org\\\/es\\\/author\\\/ranilloexaudi-org\\\/\"}]}<\/script>\n<!-- \/ Yoast SEO plugin. -->","yoast_head_json":{"title":"El Papa pide oraci\u00f3n por enfermos de salud mental - Exaudi","description":"En sus palabras despu\u00e9s del \u00c1ngelus, el Papa Francisco pidi\u00f3 oraci\u00f3n por enfermos y v\u00edctimas de suicidio de la salud mental.","robots":{"index":"index","follow":"follow","max-snippet":"max-snippet:-1","max-image-preview":"max-image-preview:large","max-video-preview":"max-video-preview:-1"},"canonical":"https:\/\/exaudi.org\/es\/papa-oracion-enfermos-suicido-salud-mental\/","og_locale":"es_ES","og_type":"article","og_title":"El Papa pide oraci\u00f3n por enfermos de salud mental - Exaudi","og_description":"En sus palabras despu\u00e9s del \u00c1ngelus, el Papa Francisco pidi\u00f3 oraci\u00f3n por enfermos y v\u00edctimas de suicidio de la salud mental.","og_url":"https:\/\/exaudi.org\/es\/papa-oracion-enfermos-suicido-salud-mental\/","og_site_name":"Exaudi","article_publisher":"https:\/\/www.facebook.com\/ExaudiNews","article_published_time":"2021-10-10T14:50:00+00:00","article_modified_time":"2021-10-11T09:18:13+00:00","og_image":[{"width":2560,"height":1707,"url":"https:\/\/exaudi.org\/wp-content\/uploads\/2021\/10\/Angelus-10-octubre-2021-1-scaled.jpg","type":"image\/jpeg"}],"author":"Raquel Anillo","twitter_card":"summary_large_image","twitter_creator":"@Exaudi_News","twitter_site":"@Exaudi_News","twitter_misc":{"Escrito por":"Raquel Anillo","Tiempo de lectura":"2 minutos"},"schema":{"@context":"https:\/\/schema.org","@graph":[{"@type":"Article","@id":"https:\/\/exaudi.org\/es\/papa-oracion-enfermos-suicido-salud-mental\/#article","isPartOf":{"@id":"https:\/\/exaudi.org\/es\/papa-oracion-enfermos-suicido-salud-mental\/"},"author":{"name":"Raquel Anillo","@id":"https:\/\/exaudi.org\/#\/schema\/person\/6ff0af358a606d657c4b1b6e0d5c85cb"},"headline":"El Papa pide oraci\u00f3n por enfermos de salud mental","datePublished":"2021-10-10T14:50:00+00:00","dateModified":"2021-10-11T09:18:13+00:00","mainEntityOfPage":{"@id":"https:\/\/exaudi.org\/es\/papa-oracion-enfermos-suicido-salud-mental\/"},"wordCount":439,"image":{"@id":"https:\/\/exaudi.org\/es\/papa-oracion-enfermos-suicido-salud-mental\/#primaryimage"},"thumbnailUrl":"https:\/\/exaudi.org\/wp-content\/uploads\/2021\/10\/Angelus-10-octubre-2021-1-scaled.jpg","keywords":["\u00c1ngelus 10 octubre 2021"],"articleSection":["\u00c1ngelus","\u00daltimas noticias"],"inLanguage":"es"},{"@type":"WebPage","@id":"https:\/\/exaudi.org\/es\/papa-oracion-enfermos-suicido-salud-mental\/","url":"https:\/\/exaudi.org\/es\/papa-oracion-enfermos-suicido-salud-mental\/","name":"El Papa pide oraci\u00f3n por enfermos de salud mental - Exaudi","isPartOf":{"@id":"https:\/\/exaudi.org\/#website"},"primaryImageOfPage":{"@id":"https:\/\/exaudi.org\/es\/papa-oracion-enfermos-suicido-salud-mental\/#primaryimage"},"image":{"@id":"https:\/\/exaudi.org\/es\/papa-oracion-enfermos-suicido-salud-mental\/#primaryimage"},"thumbnailUrl":"https:\/\/exaudi.org\/wp-content\/uploads\/2021\/10\/Angelus-10-octubre-2021-1-scaled.jpg","datePublished":"2021-10-10T14:50:00+00:00","dateModified":"2021-10-11T09:18:13+00:00","author":{"@id":"https:\/\/exaudi.org\/#\/schema\/person\/6ff0af358a606d657c4b1b6e0d5c85cb"},"description":"En sus palabras despu\u00e9s del \u00c1ngelus, el Papa Francisco pidi\u00f3 oraci\u00f3n por enfermos y v\u00edctimas de suicidio de la salud mental.","breadcrumb":{"@id":"https:\/\/exaudi.org\/es\/papa-oracion-enfermos-suicido-salud-mental\/#breadcrumb"},"inLanguage":"es","potentialAction":[{"@type":"ReadAction","target":["https:\/\/exaudi.org\/es\/papa-oracion-enfermos-suicido-salud-mental\/"]}]},{"@type":"ImageObject","inLanguage":"es","@id":"https:\/\/exaudi.org\/es\/papa-oracion-enfermos-suicido-salud-mental\/#primaryimage","url":"https:\/\/exaudi.org\/wp-content\/uploads\/2021\/10\/Angelus-10-octubre-2021-1-scaled.jpg","contentUrl":"https:\/\/exaudi.org\/wp-content\/uploads\/2021\/10\/Angelus-10-octubre-2021-1-scaled.jpg","width":2560,"height":1707,"caption":"\u00c1ngelus 10 octubre 2021 \u00a9 Vatican Media"},{"@type":"BreadcrumbList","@id":"https:\/\/exaudi.org\/es\/papa-oracion-enfermos-suicido-salud-mental\/#breadcrumb","itemListElement":[{"@type":"ListItem","position":1,"name":"Portada","item":"https:\/\/exaudi.org\/es\/"},{"@type":"ListItem","position":2,"name":"El Papa pide oraci\u00f3n por enfermos de salud mental"}]},{"@type":"WebSite","@id":"https:\/\/exaudi.org\/#website","url":"https:\/\/exaudi.org\/","name":"Exaudi","description":"News","potentialAction":[{"@type":"SearchAction","target":{"@type":"EntryPoint","urlTemplate":"https:\/\/exaudi.org\/?s={search_term_string}"},"query-input":{"@type":"PropertyValueSpecification","valueRequired":true,"valueName":"search_term_string"}}],"inLanguage":"es"},{"@type":"Person","@id":"https:\/\/exaudi.org\/#\/schema\/person\/6ff0af358a606d657c4b1b6e0d5c85cb","name":"Raquel Anillo","image":{"@type":"ImageObject","inLanguage":"es","@id":"https:\/\/secure.gravatar.com\/avatar\/7f88757c095badfcf277fb437d860f221e7a4fb83008b887cccb1f1299f66efb?s=96&d=mm&r=g","url":"https:\/\/secure.gravatar.com\/avatar\/7f88757c095badfcf277fb437d860f221e7a4fb83008b887cccb1f1299f66efb?s=96&d=mm&r=g","contentUrl":"https:\/\/secure.gravatar.com\/avatar\/7f88757c095badfcf277fb437d860f221e7a4fb83008b887cccb1f1299f66efb?s=96&d=mm&r=g","caption":"Raquel Anillo"},"description":"Casada. Comprometida con la Iglesia. Traductora e int\u00e9rprete para la Comunidad Emmanuel, especialmente para las sesiones internacionales de Paray le Monial (Francia) 1986 al 2005. Colaboradora de Zenit de 2012-2014 y de 2017-2020 como traductora.","url":"https:\/\/exaudi.org\/es\/author\/ranilloexaudi-org\/"}]}},"jetpack_featured_media_url":"https:\/\/exaudi.org\/wp-content\/uploads\/2021\/10\/Angelus-10-octubre-2021-1-scaled.jpg","jetpack_shortlink":"https:\/\/wp.me\/pgKjF2-9ra","_links":{"self":[{"href":"https:\/\/exaudi.org\/es\/wp-json\/wp\/v2\/posts\/36280","targetHints":{"allow":["GET"]}}],"collection":[{"href":"https:\/\/exaudi.org\/es\/wp-json\/wp\/v2\/posts"}],"about":[{"href":"https:\/\/exaudi.org\/es\/wp-json\/wp\/v2\/types\/post"}],"author":[{"embeddable":true,"href":"https:\/\/exaudi.org\/es\/wp-json\/wp\/v2\/users\/7"}],"replies":[{"embeddable":true,"href":"https:\/\/exaudi.org\/es\/wp-json\/wp\/v2\/comments?post=36280"}],"version-history":[{"count":0,"href":"https:\/\/exaudi.org\/es\/wp-json\/wp\/v2\/posts\/36280\/revisions"}],"wp:featuredmedia":[{"embeddable":true,"href":"https:\/\/exaudi.org\/es\/wp-json\/wp\/v2\/media\/36281"}],"wp:attachment":[{"href":"https:\/\/exaudi.org\/es\/wp-json\/wp\/v2\/media?parent=36280"}],"wp:term":[{"taxonomy":"category","embeddable":true,"href":"https:\/\/exaudi.org\/es\/wp-json\/wp\/v2\/categories?post=36280"},{"taxonomy":"post_tag","embeddable":true,"href":"https:\/\/exaudi.org\/es\/wp-json\/wp\/v2\/tags?post=36280"}],"curies":[{"name":"wp","href":"https:\/\/api.w.org\/{rel}","templated":true}]}}