{"id":36245,"date":"2021-10-10T14:57:34","date_gmt":"2021-10-10T12:57:34","guid":{"rendered":"https:\/\/exaudi.wpengine.com\/?p=36245"},"modified":"2021-10-11T10:42:45","modified_gmt":"2021-10-11T08:42:45","slug":"el-papa-saluda-a-la-hermana-gloria-tras-ser-liberada","status":"publish","type":"post","link":"https:\/\/exaudi.org\/es\/el-papa-saluda-a-la-hermana-gloria-tras-ser-liberada\/","title":{"rendered":"El Papa saluda a hermana Gloria tras ser liberada"},"content":{"rendered":"<p>\u201cEsta ma\u00f1ana, antes de la celebraci\u00f3n de la <a href=\"https:\/\/exaudi.wpengine.com\/es\/verbos-camino-sinodal-encontrar-escuchar-discernir\/\" target=\"_blank\" rel=\"noopener\">Santa Misa<\/a> de apertura del S\u00ednodo de los Obispos, el Papa ha saludado a la monja colombiana Gloria Cecilia Narv\u00e1ez Argori, secuestrada en Mal\u00ed en 2017 y recientemente liberada\u201d, inform\u00f3 el presidente de la Oficina de Prensa de la Santa Sede, Matteo Bruni.<\/p>\n<p>De acuerdo a Vatican News, Gloria Cecilia Narv\u00e1ez, misionera colombiana de la Congregaci\u00f3n de las Hermanas Franciscanas de Mar\u00eda Inmaculada, de 59 a\u00f1os fue liberada. La religiosa, secuestrada el 7 de febrero de 2017, comparti\u00f3 cautiverio en Mali con el el padre Gigi Maccalli, liberado el 8 de octubre de 2020, con un sacerdote de la Sociedad de Misiones Africanas que fue secuestrado en 2018 en N\u00edger, y con otros rehenes occidentales.<\/p>\n<p>La hermana Gloria ha sido liberada exactamente un a\u00f1o despu\u00e9s de la liberaci\u00f3n del padre Gigi, gracias al trabajo de la unidad de crisis del Ministerio de Asuntos Exteriores e Inteligencia italiano.<\/p>\n<h4><strong>Confirmaci\u00f3n y gozo del Episcopado colombiano<\/strong><\/h4>\n<p><img loading=\"lazy\" decoding=\"async\" class=\"size-medium wp-image-36246 alignleft\" src=\"https:\/\/exaudi.wpengine.com\/wp-content\/uploads\/2021\/10\/vm101021102056_00785-300x200.jpg\" alt=\"\" width=\"300\" height=\"200\" srcset=\"https:\/\/exaudi.org\/wp-content\/uploads\/2021\/10\/vm101021102056_00785-300x200.jpg 300w, https:\/\/exaudi.org\/wp-content\/uploads\/2021\/10\/vm101021102056_00785-1024x683.jpg 1024w, https:\/\/exaudi.org\/wp-content\/uploads\/2021\/10\/vm101021102056_00785-768x512.jpg 768w, https:\/\/exaudi.org\/wp-content\/uploads\/2021\/10\/vm101021102056_00785-1536x1024.jpg 1536w, https:\/\/exaudi.org\/wp-content\/uploads\/2021\/10\/vm101021102056_00785-2048x1365.jpg 2048w, https:\/\/exaudi.org\/wp-content\/uploads\/2021\/10\/vm101021102056_00785-150x100.jpg 150w, https:\/\/exaudi.org\/wp-content\/uploads\/2021\/10\/vm101021102056_00785-696x464.jpg 696w, https:\/\/exaudi.org\/wp-content\/uploads\/2021\/10\/vm101021102056_00785-1068x712.jpg 1068w, https:\/\/exaudi.org\/wp-content\/uploads\/2021\/10\/vm101021102056_00785-1920x1280.jpg 1920w, https:\/\/exaudi.org\/wp-content\/uploads\/2021\/10\/vm101021102056_00785-630x420.jpg 630w\" sizes=\"auto, (max-width: 300px) 100vw, 300px\" \/>A trav\u00e9s de un video mensaje, monse\u00f1or Mario de Jes\u00fas \u00c1lvarez G\u00f3mez, presidente de la Comisi\u00f3n de Misiones de la <a href=\"https:\/\/www.cec.org.co\/\" target=\"_blank\" rel=\"noopener\">Conferencia Episcopal de Colombia<\/a>, confirm\u00f3 la liberaci\u00f3n de la religiosa Gloria Cecilia Narv\u00e1ez.<\/p>\n<p>\u201cComo presidente de la Comisi\u00f3n de Misiones del episcopado colombiano, con inmensa alegr\u00eda doy el anuncio de la liberaci\u00f3n de la hermana Gloria Cecilia Narv\u00e1ez, religiosa de la Congregaci\u00f3n de las Hermanas Franciscanas de Mar\u00eda inmaculada, hace poco fue liberada all\u00ed en Mali \u00c1frica\u201d, afirm\u00f3 el prelado.<\/p>\n<p>El tambi\u00e9n obispo de Istmina &#8211; Tad\u00f3, al manifestar su alegr\u00eda por la liberaci\u00f3n de la hermana Gloria Cecilia, agradeci\u00f3 la gesti\u00f3n realizada por la Santa Sede, la Nunciatura Apost\u00f3lica de Colombia y la Conferencia Episcopal de Colombia.<\/p>\n<p>\u201cDamos Gloria y bendici\u00f3n a Dios por este momento tan gozoso de la Iglesia universal y de la Iglesia en Colombia\u201d, concluy\u00f3 el prelado.<\/p>\n<h4><strong>El secuestro<\/strong><\/h4>\n<p>De acuerdo al medio vaticano, la monja hab\u00eda sido secuestrada por cuatro hombres armados en la parroquia de Karangasso, en la frontera entre Mal\u00ed y Burkina Faso, a 400 kil\u00f3metros al este de Bamako, donde era misionera desde hac\u00eda seis a\u00f1os junto con otras tres religiosas.<\/p>\n<p>Unos meses despu\u00e9s de su secuestro, en julio de 2017, surgi\u00f3 un v\u00eddeo reivindicado por Al Qaeda. Al mismo tiempo, un mensaje enviado a su hermano a trav\u00e9s de la Cruz Roja, dio a conocer que era prisionera de un nuevo grupo. La comunidad cristiana de Bamako organiz\u00f3 varias celebraciones eucar\u00edsticas y rez\u00f3 por ella. En 2020, tres a\u00f1os despu\u00e9s del rapto, la Iglesia cat\u00f3lica del pa\u00eds, organiz\u00f3 una jornada de oraci\u00f3n por su liberaci\u00f3n.<\/p>\n","protected":false},"excerpt":{"rendered":"<p>Misionera colombiana secuestrada en Mal\u00ed en febrero de 2017<\/p>\n","protected":false},"author":5,"featured_media":36253,"comment_status":"closed","ping_status":"closed","sticky":false,"template":"","format":"standard","meta":{"_acf_changed":false,"_crdt_document":"","inline_featured_image":false,"footnotes":""},"categories":[68,298],"tags":[4471,2559,158],"class_list":["post-36245","post","type-post","status-publish","format-standard","has-post-thumbnail","hentry","category-leon-xiv","category-ultimas-noticias","tag-hermana-gloria-cecilia-narvaez","tag-mali","tag-papa-francisco"],"acf":[],"yoast_head":"<!-- This site is optimized with the Yoast SEO plugin v27.5 - https:\/\/yoast.com\/product\/yoast-seo-wordpress\/ -->\n<title>El Papa saluda a hermana Gloria tras ser liberada &#8211; Exaudi<\/title>\n<meta name=\"description\" content=\"El Papa Francisco ha saludado a la hermana Gloria Cecilia Narv\u00e1ez Argori, monja colombiana, tras ser liberada de su secuestro en Mal\u00ed en 2017\" \/>\n<meta name=\"robots\" content=\"index, follow, max-snippet:-1, max-image-preview:large, max-video-preview:-1\" \/>\n<link rel=\"canonical\" href=\"https:\/\/exaudi.org\/es\/el-papa-saluda-a-la-hermana-gloria-tras-ser-liberada\/\" \/>\n<meta property=\"og:locale\" content=\"es_ES\" \/>\n<meta property=\"og:type\" content=\"article\" \/>\n<meta property=\"og:title\" content=\"El Papa saluda a hermana Gloria tras ser liberada &#8211; Exaudi\" \/>\n<meta property=\"og:description\" content=\"El Papa Francisco ha saludado a la hermana Gloria Cecilia Narv\u00e1ez Argori, monja colombiana, tras ser liberada de su secuestro en Mal\u00ed en 2017\" \/>\n<meta property=\"og:url\" content=\"https:\/\/exaudi.org\/es\/el-papa-saluda-a-la-hermana-gloria-tras-ser-liberada\/\" \/>\n<meta property=\"og:site_name\" content=\"Exaudi\" \/>\n<meta property=\"article:publisher\" content=\"https:\/\/www.facebook.com\/ExaudiNews\" \/>\n<meta property=\"article:published_time\" content=\"2021-10-10T12:57:34+00:00\" \/>\n<meta property=\"article:modified_time\" content=\"2021-10-11T08:42:45+00:00\" \/>\n<meta property=\"og:image\" content=\"https:\/\/exaudi.org\/wp-content\/uploads\/2021\/10\/vm101021102100_00790-scaled.jpg\" \/>\n\t<meta property=\"og:image:width\" content=\"2560\" \/>\n\t<meta property=\"og:image:height\" content=\"1707\" \/>\n\t<meta property=\"og:image:type\" content=\"image\/jpeg\" \/>\n<meta name=\"author\" content=\"Larissa I. L\u00f3pez\" \/>\n<meta name=\"twitter:card\" content=\"summary_large_image\" \/>\n<meta name=\"twitter:creator\" content=\"@Exaudi_News\" \/>\n<meta name=\"twitter:site\" content=\"@Exaudi_News\" \/>\n<meta name=\"twitter:label1\" content=\"Escrito por\" \/>\n\t<meta name=\"twitter:data1\" content=\"Larissa I. L\u00f3pez\" \/>\n\t<meta name=\"twitter:label2\" content=\"Tiempo de lectura\" \/>\n\t<meta name=\"twitter:data2\" content=\"3 minutos\" \/>\n<script type=\"application\/ld+json\" class=\"yoast-schema-graph\">{\"@context\":\"https:\\\/\\\/schema.org\",\"@graph\":[{\"@type\":\"Article\",\"@id\":\"https:\\\/\\\/exaudi.org\\\/es\\\/el-papa-saluda-a-la-hermana-gloria-tras-ser-liberada\\\/#article\",\"isPartOf\":{\"@id\":\"https:\\\/\\\/exaudi.org\\\/es\\\/el-papa-saluda-a-la-hermana-gloria-tras-ser-liberada\\\/\"},\"author\":{\"name\":\"Larissa I. L\u00f3pez\",\"@id\":\"https:\\\/\\\/exaudi.org\\\/#\\\/schema\\\/person\\\/7d2f77db033c2c0929edfab6dbe8c588\"},\"headline\":\"El Papa saluda a hermana Gloria tras ser liberada\",\"datePublished\":\"2021-10-10T12:57:34+00:00\",\"dateModified\":\"2021-10-11T08:42:45+00:00\",\"mainEntityOfPage\":{\"@id\":\"https:\\\/\\\/exaudi.org\\\/es\\\/el-papa-saluda-a-la-hermana-gloria-tras-ser-liberada\\\/\"},\"wordCount\":471,\"image\":{\"@id\":\"https:\\\/\\\/exaudi.org\\\/es\\\/el-papa-saluda-a-la-hermana-gloria-tras-ser-liberada\\\/#primaryimage\"},\"thumbnailUrl\":\"https:\\\/\\\/exaudi.org\\\/wp-content\\\/uploads\\\/2021\\\/10\\\/vm101021102100_00790-scaled.jpg\",\"keywords\":[\"Hermana Gloria Cecilia Narv\u00e1ez\",\"Mal\u00ed\",\"papa francisco\"],\"articleSection\":[\"Le\u00f3n XIV\",\"\u00daltimas noticias\"],\"inLanguage\":\"es\"},{\"@type\":\"WebPage\",\"@id\":\"https:\\\/\\\/exaudi.org\\\/es\\\/el-papa-saluda-a-la-hermana-gloria-tras-ser-liberada\\\/\",\"url\":\"https:\\\/\\\/exaudi.org\\\/es\\\/el-papa-saluda-a-la-hermana-gloria-tras-ser-liberada\\\/\",\"name\":\"El Papa saluda a hermana Gloria tras ser liberada &#8211; Exaudi\",\"isPartOf\":{\"@id\":\"https:\\\/\\\/exaudi.org\\\/#website\"},\"primaryImageOfPage\":{\"@id\":\"https:\\\/\\\/exaudi.org\\\/es\\\/el-papa-saluda-a-la-hermana-gloria-tras-ser-liberada\\\/#primaryimage\"},\"image\":{\"@id\":\"https:\\\/\\\/exaudi.org\\\/es\\\/el-papa-saluda-a-la-hermana-gloria-tras-ser-liberada\\\/#primaryimage\"},\"thumbnailUrl\":\"https:\\\/\\\/exaudi.org\\\/wp-content\\\/uploads\\\/2021\\\/10\\\/vm101021102100_00790-scaled.jpg\",\"datePublished\":\"2021-10-10T12:57:34+00:00\",\"dateModified\":\"2021-10-11T08:42:45+00:00\",\"author\":{\"@id\":\"https:\\\/\\\/exaudi.org\\\/#\\\/schema\\\/person\\\/7d2f77db033c2c0929edfab6dbe8c588\"},\"description\":\"El Papa Francisco ha saludado a la hermana Gloria Cecilia Narv\u00e1ez Argori, monja colombiana, tras ser liberada de su secuestro en Mal\u00ed en 2017\",\"breadcrumb\":{\"@id\":\"https:\\\/\\\/exaudi.org\\\/es\\\/el-papa-saluda-a-la-hermana-gloria-tras-ser-liberada\\\/#breadcrumb\"},\"inLanguage\":\"es\",\"potentialAction\":[{\"@type\":\"ReadAction\",\"target\":[\"https:\\\/\\\/exaudi.org\\\/es\\\/el-papa-saluda-a-la-hermana-gloria-tras-ser-liberada\\\/\"]}]},{\"@type\":\"ImageObject\",\"inLanguage\":\"es\",\"@id\":\"https:\\\/\\\/exaudi.org\\\/es\\\/el-papa-saluda-a-la-hermana-gloria-tras-ser-liberada\\\/#primaryimage\",\"url\":\"https:\\\/\\\/exaudi.org\\\/wp-content\\\/uploads\\\/2021\\\/10\\\/vm101021102100_00790-scaled.jpg\",\"contentUrl\":\"https:\\\/\\\/exaudi.org\\\/wp-content\\\/uploads\\\/2021\\\/10\\\/vm101021102100_00790-scaled.jpg\",\"width\":2560,\"height\":1707,\"caption\":\"El Papa saluda a la hermana Gloria tras ser liberada \u00a9 Vatican Media\"},{\"@type\":\"BreadcrumbList\",\"@id\":\"https:\\\/\\\/exaudi.org\\\/es\\\/el-papa-saluda-a-la-hermana-gloria-tras-ser-liberada\\\/#breadcrumb\",\"itemListElement\":[{\"@type\":\"ListItem\",\"position\":1,\"name\":\"Portada\",\"item\":\"https:\\\/\\\/exaudi.org\\\/es\\\/\"},{\"@type\":\"ListItem\",\"position\":2,\"name\":\"El Papa saluda a hermana Gloria tras ser liberada\"}]},{\"@type\":\"WebSite\",\"@id\":\"https:\\\/\\\/exaudi.org\\\/#website\",\"url\":\"https:\\\/\\\/exaudi.org\\\/\",\"name\":\"Exaudi\",\"description\":\"News\",\"potentialAction\":[{\"@type\":\"SearchAction\",\"target\":{\"@type\":\"EntryPoint\",\"urlTemplate\":\"https:\\\/\\\/exaudi.org\\\/?s={search_term_string}\"},\"query-input\":{\"@type\":\"PropertyValueSpecification\",\"valueRequired\":true,\"valueName\":\"search_term_string\"}}],\"inLanguage\":\"es\"},{\"@type\":\"Person\",\"@id\":\"https:\\\/\\\/exaudi.org\\\/#\\\/schema\\\/person\\\/7d2f77db033c2c0929edfab6dbe8c588\",\"name\":\"Larissa I. L\u00f3pez\",\"image\":{\"@type\":\"ImageObject\",\"inLanguage\":\"es\",\"@id\":\"https:\\\/\\\/secure.gravatar.com\\\/avatar\\\/db3ef399ff343d0bb9d25dc5198bc8ece5ac6d621eca79876697a354dabc1e3f?s=96&d=mm&r=g\",\"url\":\"https:\\\/\\\/secure.gravatar.com\\\/avatar\\\/db3ef399ff343d0bb9d25dc5198bc8ece5ac6d621eca79876697a354dabc1e3f?s=96&d=mm&r=g\",\"contentUrl\":\"https:\\\/\\\/secure.gravatar.com\\\/avatar\\\/db3ef399ff343d0bb9d25dc5198bc8ece5ac6d621eca79876697a354dabc1e3f?s=96&d=mm&r=g\",\"caption\":\"Larissa I. L\u00f3pez\"},\"description\":\"Doctora en Comunicaci\u00f3n. Mi trayectoria profesional ha transcurrido entre el \u00e1mbito de la comunicaci\u00f3n y el de la docencia. En los \u00faltimos a\u00f1os, he trabajado como coordinadora y redactora de la edici\u00f3n de ZENIT en espa\u00f1ol. Como profesora, he impartido clases en la universidad y en centros de FP y bachillerato. Cordobesa de nacimiento, tambi\u00e9n he vivido en Sevilla, Madrid y Roma\",\"url\":\"https:\\\/\\\/exaudi.org\\\/es\\\/author\\\/llopezexaudi-org\\\/\"}]}<\/script>\n<!-- \/ Yoast SEO plugin. -->","yoast_head_json":{"title":"El Papa saluda a hermana Gloria tras ser liberada &#8211; Exaudi","description":"El Papa Francisco ha saludado a la hermana Gloria Cecilia Narv\u00e1ez Argori, monja colombiana, tras ser liberada de su secuestro en Mal\u00ed en 2017","robots":{"index":"index","follow":"follow","max-snippet":"max-snippet:-1","max-image-preview":"max-image-preview:large","max-video-preview":"max-video-preview:-1"},"canonical":"https:\/\/exaudi.org\/es\/el-papa-saluda-a-la-hermana-gloria-tras-ser-liberada\/","og_locale":"es_ES","og_type":"article","og_title":"El Papa saluda a hermana Gloria tras ser liberada &#8211; Exaudi","og_description":"El Papa Francisco ha saludado a la hermana Gloria Cecilia Narv\u00e1ez Argori, monja colombiana, tras ser liberada de su secuestro en Mal\u00ed en 2017","og_url":"https:\/\/exaudi.org\/es\/el-papa-saluda-a-la-hermana-gloria-tras-ser-liberada\/","og_site_name":"Exaudi","article_publisher":"https:\/\/www.facebook.com\/ExaudiNews","article_published_time":"2021-10-10T12:57:34+00:00","article_modified_time":"2021-10-11T08:42:45+00:00","og_image":[{"width":2560,"height":1707,"url":"https:\/\/exaudi.org\/wp-content\/uploads\/2021\/10\/vm101021102100_00790-scaled.jpg","type":"image\/jpeg"}],"author":"Larissa I. L\u00f3pez","twitter_card":"summary_large_image","twitter_creator":"@Exaudi_News","twitter_site":"@Exaudi_News","twitter_misc":{"Escrito por":"Larissa I. L\u00f3pez","Tiempo de lectura":"3 minutos"},"schema":{"@context":"https:\/\/schema.org","@graph":[{"@type":"Article","@id":"https:\/\/exaudi.org\/es\/el-papa-saluda-a-la-hermana-gloria-tras-ser-liberada\/#article","isPartOf":{"@id":"https:\/\/exaudi.org\/es\/el-papa-saluda-a-la-hermana-gloria-tras-ser-liberada\/"},"author":{"name":"Larissa I. L\u00f3pez","@id":"https:\/\/exaudi.org\/#\/schema\/person\/7d2f77db033c2c0929edfab6dbe8c588"},"headline":"El Papa saluda a hermana Gloria tras ser liberada","datePublished":"2021-10-10T12:57:34+00:00","dateModified":"2021-10-11T08:42:45+00:00","mainEntityOfPage":{"@id":"https:\/\/exaudi.org\/es\/el-papa-saluda-a-la-hermana-gloria-tras-ser-liberada\/"},"wordCount":471,"image":{"@id":"https:\/\/exaudi.org\/es\/el-papa-saluda-a-la-hermana-gloria-tras-ser-liberada\/#primaryimage"},"thumbnailUrl":"https:\/\/exaudi.org\/wp-content\/uploads\/2021\/10\/vm101021102100_00790-scaled.jpg","keywords":["Hermana Gloria Cecilia Narv\u00e1ez","Mal\u00ed","papa francisco"],"articleSection":["Le\u00f3n XIV","\u00daltimas noticias"],"inLanguage":"es"},{"@type":"WebPage","@id":"https:\/\/exaudi.org\/es\/el-papa-saluda-a-la-hermana-gloria-tras-ser-liberada\/","url":"https:\/\/exaudi.org\/es\/el-papa-saluda-a-la-hermana-gloria-tras-ser-liberada\/","name":"El Papa saluda a hermana Gloria tras ser liberada &#8211; Exaudi","isPartOf":{"@id":"https:\/\/exaudi.org\/#website"},"primaryImageOfPage":{"@id":"https:\/\/exaudi.org\/es\/el-papa-saluda-a-la-hermana-gloria-tras-ser-liberada\/#primaryimage"},"image":{"@id":"https:\/\/exaudi.org\/es\/el-papa-saluda-a-la-hermana-gloria-tras-ser-liberada\/#primaryimage"},"thumbnailUrl":"https:\/\/exaudi.org\/wp-content\/uploads\/2021\/10\/vm101021102100_00790-scaled.jpg","datePublished":"2021-10-10T12:57:34+00:00","dateModified":"2021-10-11T08:42:45+00:00","author":{"@id":"https:\/\/exaudi.org\/#\/schema\/person\/7d2f77db033c2c0929edfab6dbe8c588"},"description":"El Papa Francisco ha saludado a la hermana Gloria Cecilia Narv\u00e1ez Argori, monja colombiana, tras ser liberada de su secuestro en Mal\u00ed en 2017","breadcrumb":{"@id":"https:\/\/exaudi.org\/es\/el-papa-saluda-a-la-hermana-gloria-tras-ser-liberada\/#breadcrumb"},"inLanguage":"es","potentialAction":[{"@type":"ReadAction","target":["https:\/\/exaudi.org\/es\/el-papa-saluda-a-la-hermana-gloria-tras-ser-liberada\/"]}]},{"@type":"ImageObject","inLanguage":"es","@id":"https:\/\/exaudi.org\/es\/el-papa-saluda-a-la-hermana-gloria-tras-ser-liberada\/#primaryimage","url":"https:\/\/exaudi.org\/wp-content\/uploads\/2021\/10\/vm101021102100_00790-scaled.jpg","contentUrl":"https:\/\/exaudi.org\/wp-content\/uploads\/2021\/10\/vm101021102100_00790-scaled.jpg","width":2560,"height":1707,"caption":"El Papa saluda a la hermana Gloria tras ser liberada \u00a9 Vatican Media"},{"@type":"BreadcrumbList","@id":"https:\/\/exaudi.org\/es\/el-papa-saluda-a-la-hermana-gloria-tras-ser-liberada\/#breadcrumb","itemListElement":[{"@type":"ListItem","position":1,"name":"Portada","item":"https:\/\/exaudi.org\/es\/"},{"@type":"ListItem","position":2,"name":"El Papa saluda a hermana Gloria tras ser liberada"}]},{"@type":"WebSite","@id":"https:\/\/exaudi.org\/#website","url":"https:\/\/exaudi.org\/","name":"Exaudi","description":"News","potentialAction":[{"@type":"SearchAction","target":{"@type":"EntryPoint","urlTemplate":"https:\/\/exaudi.org\/?s={search_term_string}"},"query-input":{"@type":"PropertyValueSpecification","valueRequired":true,"valueName":"search_term_string"}}],"inLanguage":"es"},{"@type":"Person","@id":"https:\/\/exaudi.org\/#\/schema\/person\/7d2f77db033c2c0929edfab6dbe8c588","name":"Larissa I. L\u00f3pez","image":{"@type":"ImageObject","inLanguage":"es","@id":"https:\/\/secure.gravatar.com\/avatar\/db3ef399ff343d0bb9d25dc5198bc8ece5ac6d621eca79876697a354dabc1e3f?s=96&d=mm&r=g","url":"https:\/\/secure.gravatar.com\/avatar\/db3ef399ff343d0bb9d25dc5198bc8ece5ac6d621eca79876697a354dabc1e3f?s=96&d=mm&r=g","contentUrl":"https:\/\/secure.gravatar.com\/avatar\/db3ef399ff343d0bb9d25dc5198bc8ece5ac6d621eca79876697a354dabc1e3f?s=96&d=mm&r=g","caption":"Larissa I. L\u00f3pez"},"description":"Doctora en Comunicaci\u00f3n. Mi trayectoria profesional ha transcurrido entre el \u00e1mbito de la comunicaci\u00f3n y el de la docencia. En los \u00faltimos a\u00f1os, he trabajado como coordinadora y redactora de la edici\u00f3n de ZENIT en espa\u00f1ol. Como profesora, he impartido clases en la universidad y en centros de FP y bachillerato. Cordobesa de nacimiento, tambi\u00e9n he vivido en Sevilla, Madrid y Roma","url":"https:\/\/exaudi.org\/es\/author\/llopezexaudi-org\/"}]}},"jetpack_featured_media_url":"https:\/\/exaudi.org\/wp-content\/uploads\/2021\/10\/vm101021102100_00790-scaled.jpg","jetpack_shortlink":"https:\/\/wp.me\/pgKjF2-9qB","_links":{"self":[{"href":"https:\/\/exaudi.org\/es\/wp-json\/wp\/v2\/posts\/36245","targetHints":{"allow":["GET"]}}],"collection":[{"href":"https:\/\/exaudi.org\/es\/wp-json\/wp\/v2\/posts"}],"about":[{"href":"https:\/\/exaudi.org\/es\/wp-json\/wp\/v2\/types\/post"}],"author":[{"embeddable":true,"href":"https:\/\/exaudi.org\/es\/wp-json\/wp\/v2\/users\/5"}],"replies":[{"embeddable":true,"href":"https:\/\/exaudi.org\/es\/wp-json\/wp\/v2\/comments?post=36245"}],"version-history":[{"count":0,"href":"https:\/\/exaudi.org\/es\/wp-json\/wp\/v2\/posts\/36245\/revisions"}],"wp:featuredmedia":[{"embeddable":true,"href":"https:\/\/exaudi.org\/es\/wp-json\/wp\/v2\/media\/36253"}],"wp:attachment":[{"href":"https:\/\/exaudi.org\/es\/wp-json\/wp\/v2\/media?parent=36245"}],"wp:term":[{"taxonomy":"category","embeddable":true,"href":"https:\/\/exaudi.org\/es\/wp-json\/wp\/v2\/categories?post=36245"},{"taxonomy":"post_tag","embeddable":true,"href":"https:\/\/exaudi.org\/es\/wp-json\/wp\/v2\/tags?post=36245"}],"curies":[{"name":"wp","href":"https:\/\/api.w.org\/{rel}","templated":true}]}}