{"id":36244,"date":"2021-10-10T15:38:34","date_gmt":"2021-10-10T13:38:34","guid":{"rendered":"https:\/\/exaudi.wpengine.com\/?p=36244"},"modified":"2021-10-11T12:07:19","modified_gmt":"2021-10-11T10:07:19","slug":"francisco-fe-cuestion-libertad-amor","status":"publish","type":"post","link":"https:\/\/exaudi.org\/es\/francisco-fe-cuestion-libertad-amor\/","title":{"rendered":"Francisco: Fe, \u201ccuesti\u00f3n de libertad y amor\u201d"},"content":{"rendered":"<p>A las 12 horas de hoy, domingo, 10 de octubre de 2021, el Papa Francisco se asom\u00f3 a la ventana de su estudio en el Palacio Apost\u00f3lico Vaticano para <a href=\"https:\/\/exaudi.wpengine.com\/es\/papa-oracion-enfermos-suicido-salud-mental\/\" target=\"_blank\" rel=\"noopener\">rezar el\u00a0\u00c1ngelus\u00a0con los fieles<\/a> y peregrinos reunidos en la Plaza de San Pedro. Francisco destac\u00f3: \u201cLa fe es una cuesti\u00f3n de libertad y de amor\u201d<\/p>\n<p>Comienza sus palabras con la reflexi\u00f3n del Evangelio de hoy, \u201cnos propone el encuentro entre Jes\u00fas y un hombre que \u201cten\u00eda muchos bienes\u201d, \u201cNo sabemos su nombre. En realidad, el Evangelio de Marcos habla de \u00e9l como \u201cuno\u201d, sin mencionar su edad ni nombre, para sugerir que todos podemos vernos en ese hombre, como en un espejo.\u201d \u201cEsta persona comienza con\u00a0<em>una pregunta<\/em>: \u201c\u00bfQu\u00e9 he de hacer para tener en herencia vida eterna?. \u201cEl Papa a\u00f1adi\u00f3, \u201cEsta es su religiosidad: un deber, un hacer para tener; \u201chago algo para conseguir lo que necesito\u201d. Pero esta es una relaci\u00f3n comercial con Dios, un\u00a0<em>do ut des<\/em>. La fe, en cambio, no es un rito fr\u00edo y mec\u00e1nico, un \u201cdebo-hago- obtengo\u201d. Es una cuesti\u00f3n de libertad y amor\u201d.<\/p>\n<p>El Santo Padre remarc\u00f3 que, \u201cJes\u00fas \u2014segundo pasaje\u2014 ayuda a ese hombre ofreci\u00e9ndole el verdadero rostro de Dios. Y as\u00ed \u2014 dice el texto\u2014 \u201cfijando en \u00e9l su mirada, le am\u00f3\u201d (v. 21): \u00a1esto es Dios! Aqu\u00ed es donde nace y renace la fe: no de un deber, no de algo que hay que hacer o pagar, sino de\u00a0<em>una mirada de amor<\/em>\u00a0que ha de ser acogida\u201d.<\/p>\n<p>Por \u00faltimo, el Pont\u00edfice indic\u00f3, \u201cDespu\u00e9s de la pregunta y la mirada hay \u2014tercer y \u00faltimo pasaje\u2014\u00a0<em>una invitaci\u00f3n<\/em>\u00a0de Jes\u00fas, que le dice: \u201cSolo una cosa te falta\u201d. \u00bfQu\u00e9 le faltaba a ese hombre rico? El don, la gratuidad: \u201cVete, vende lo que tienes y d\u00e1selo a los pobres\u201d. Y concluy\u00f3 con una pregunta: \u201cHoy podemos preguntarnos: \u201c\u00bfCu\u00e1l es la situaci\u00f3n de mi fe? \u00bfLa vivo como algo mec\u00e1nico, como una relaci\u00f3n de deber o de inter\u00e9s con Dios? \u00bfMe acuerdo de alimentarla dejando que Jes\u00fas me mire y me ame?\u201d. Dejarse mirar y amar por Jes\u00fas; dejar que Jes\u00fas nos mire, nos ame. \u201cY, atra\u00eddo por \u00c9l, \u00bfcorrespondo con gratuidad, con generosidad, con todo el coraz\u00f3n?\u201d<\/p>\n<p>A continuaci\u00f3n, siguen las palabras del Papa al introducir la oraci\u00f3n mariana, ofrecidas\u00a0la <a href=\"https:\/\/www.vatican.va\/news_services\/press\/index_sp.htm\" target=\"_blank\" rel=\"noopener\">Oficina de Prensa de la Santa Sede.<\/a><\/p>\n<p>***<\/p>\n<h4><strong>Palabras del Papa<\/strong><\/h4>\n<p><em>Queridos hermanos y hermanas, \u00a1buenos d\u00edas!<\/em><\/p>\n<p>La liturgia de hoy nos propone el encuentro entre Jes\u00fas y un hombre que \u201cten\u00eda muchos bienes\u201d (<em>Mc<\/em>\u00a010, 22) y que ha pasado a la historia como \u201cel joven rico\u201d (cf.\u00a0<em>Mt<\/em>\u00a019, 20-22). No sabemos su nombre. En realidad, el Evangelio de Marcos habla de \u00e9l como \u201cuno\u201d, sin mencionar su edad ni nombre, para sugerir que todos podemos vernos en ese hombre, como en un espejo. Su encuentro con Jes\u00fas, de hecho, nos permite hacer un\u00a0<em>test sobre la fe<\/em>. Leyendo esto me hago un test sobre mi fe.<\/p>\n<p>Esta persona comienza con\u00a0<em>una pregunta<\/em>: \u201c\u00bfQu\u00e9 he de hacer para tener en herencia vida eterna?\u201d (v. 17). Fij\u00e9monos en los verbos que usa<em>: he de hacer<\/em>\u00a0\u2013\u00a0<em>para tener<\/em>. Esta es su religiosidad: un deber, un hacer para tener; \u201chago algo para conseguir lo que necesito\u201d. Pero esta es una relaci\u00f3n comercial con Dios, un\u00a0<em>do ut des<\/em>. La fe, en cambio, no es un rito fr\u00edo y mec\u00e1nico, un \u201cdebo-hago- obtengo\u201d. Es una cuesti\u00f3n de libertad y amor. La fe es cuesti\u00f3n de libertad, es cuesti\u00f3n de amor. Y aqu\u00ed tenemos la primera pregunta del test: \u00bfqu\u00e9 es la fe para m\u00ed? Si es principalmente un deber o una moneda de cambio, estamos muy mal encaminados, porque la salvaci\u00f3n es un\u00a0<em>don<\/em>\u00a0y no un deber, es gratuita y no se puede comprar. Lo primero que hay que hacer es deshacerse de una fe comercial y mec\u00e1nica, que insin\u00faa la falsa imagen de un Dios contable, un Dios controlador, no un padre. Y muchas veces en la vida podemos vivir esta relaci\u00f3n de fe \u201ccomercial\u201d: hago esto para que Dios me d\u00e9 esto.<\/p>\n<p>Jes\u00fas \u2014segundo pasaje\u2014 ayuda a ese hombre ofreci\u00e9ndole el verdadero rostro de Dios. Y as\u00ed \u2014 dice el texto\u2014 \u201cfijando en \u00e9l su mirada, le am\u00f3\u201d (v. 21): \u00a1esto es Dios! Aqu\u00ed es donde nace y renace la fe: no de un deber, no de algo que hay que hacer o pagar, sino de\u00a0<em>una mirada de amor<\/em>\u00a0que ha de ser acogida. De este modo la vida cristiana resulta hermosa, si no se basa en nuestras capacidades y nuestros proyectos, sino que se basa en la mirada de Dios. Tu fe, mi fe \u00bfest\u00e1 cansada? \u00bfQuieres revitalizarla? Busca la mirada de Dios: ponte en adoraci\u00f3n, d\u00e9jate perdonar en la Confesi\u00f3n, p\u00e1rate ante el Crucifijo. En definitiva, d\u00e9jate amar por \u00c9l. Este es el comienzo de la fe: dejarse amar por \u00c9l, que es padre.<\/p>\n<p>Despu\u00e9s de la pregunta y la mirada hay \u2014tercer y \u00faltimo pasaje\u2014\u00a0<em>una invitaci\u00f3n<\/em>\u00a0de Jes\u00fas, que le dice: \u201cSolo una cosa te falta\u201d. \u00bfQu\u00e9 le faltaba a ese hombre rico? El don, la gratuidad: \u201cVete, vende lo que tienes y d\u00e1selo a los pobres\u201d (v. 21). Esto es lo que quiz\u00e1s tambi\u00e9n nos falta a nosotros. A menudo hacemos lo m\u00ednimo indispensable, mientras que Jes\u00fas nos invita a hacer lo m\u00e1ximo posible. \u00a1Cu\u00e1ntas veces nos conformamos con los deberes \u2014los preceptos, alguna oraci\u00f3n y muchas cosas as\u00ed\u2014, mientras Dios, que nos da la vida, nos pide impulsos de vida! En el Evangelio de hoy se ve claramente este paso del deber al don; Jes\u00fas comienza recordando los mandamientos: \u201cNo mates, no cometas adulterio, no robes &#8230;\u201d etc. (v. 19), y llega a la propuesta positiva: \u201c\u00a1Ve, vende, da, s\u00edgueme!\u201d (cf. v. 21). La fe no puede limitarse a los noes, porque la vida cristiana es un s\u00ed, un s\u00ed de amor.<\/p>\n<p>Queridos hermanos y hermanas, una fe sin don, una fe sin gratuidad es una fe incompleta, es una fe d\u00e9bil, una fe enferma. Podr\u00edamos compararla con un alimento rico y nutritivo que carece de sabor, o con un partido m\u00e1s o menos bien jugado, pero sin goles: no, no va bien, falta \u201cla sal\u201d. Una fe sin don, sin gratuidad, sin obras de caridad al final nos entristece: como aquel hombre que, aunque mirado con amor por el mismo Jes\u00fas, volvi\u00f3 a casa \u201centristecido\u201d y \u201capenado\u201d (v. 22). Hoy podemos preguntarnos: \u201c\u00bfCu\u00e1l es la situaci\u00f3n de mi fe? \u00bfLa vivo como algo mec\u00e1nico, como una relaci\u00f3n de deber o de inter\u00e9s con Dios? \u00bfMe acuerdo de alimentarla dejando que Jes\u00fas me mire y me ame?\u201d. Dejarse mirar y amar por Jes\u00fas; dejar que Jes\u00fas nos mire, nos ame. \u201cY, atra\u00eddo por \u00c9l, \u00bfcorrespondo con gratuidad, con generosidad, con todo el coraz\u00f3n?\u201d<\/p>\n<p>Que la Virgen Mar\u00eda, que dijo un s\u00ed total a Dios, un s\u00ed sin peros \u2014no es f\u00e1cil decir s\u00ed sin peros: la Virgen lo hizo, un s\u00ed sin peros\u2014, nos haga gustar la belleza de hacer de la vida un don.<\/p>\n","protected":false},"excerpt":{"rendered":"<p>Palabras antes del \u00c1ngelus<\/p>\n","protected":false},"author":7,"featured_media":36263,"comment_status":"closed","ping_status":"closed","sticky":false,"template":"","format":"standard","meta":{"_acf_changed":false,"_crdt_document":"","inline_featured_image":false,"footnotes":""},"categories":[70,298],"tags":[4472],"class_list":["post-36244","post","type-post","status-publish","format-standard","has-post-thumbnail","hentry","category-angelus-es","category-ultimas-noticias","tag-angelus-10-octubre-2021"],"acf":[],"yoast_head":"<!-- This site is optimized with the Yoast SEO plugin v27.5 - https:\/\/yoast.com\/product\/yoast-seo-wordpress\/ -->\n<title>Francisco: Fe, \u201ccuesti\u00f3n de libertad y amor\u201d - Exaudi<\/title>\n<meta name=\"description\" content=\"Hoy, 10 de octubre de 2021, en sus Palabras antes del \u00c1ngelus,, el Papa Francisco dijo que \u201cla fe es una cuesti\u00f3n de libertad y de amor\u201d\" \/>\n<meta name=\"robots\" content=\"index, follow, max-snippet:-1, max-image-preview:large, max-video-preview:-1\" \/>\n<link rel=\"canonical\" href=\"https:\/\/exaudi.org\/es\/francisco-fe-cuestion-libertad-amor\/\" \/>\n<meta property=\"og:locale\" content=\"es_ES\" \/>\n<meta property=\"og:type\" content=\"article\" \/>\n<meta property=\"og:title\" content=\"Francisco: Fe, \u201ccuesti\u00f3n de libertad y amor\u201d - Exaudi\" \/>\n<meta property=\"og:description\" content=\"Hoy, 10 de octubre de 2021, en sus Palabras antes del \u00c1ngelus,, el Papa Francisco dijo que \u201cla fe es una cuesti\u00f3n de libertad y de amor\u201d\" \/>\n<meta property=\"og:url\" content=\"https:\/\/exaudi.org\/es\/francisco-fe-cuestion-libertad-amor\/\" \/>\n<meta property=\"og:site_name\" content=\"Exaudi\" \/>\n<meta property=\"article:publisher\" content=\"https:\/\/www.facebook.com\/ExaudiNews\" \/>\n<meta property=\"article:published_time\" content=\"2021-10-10T13:38:34+00:00\" \/>\n<meta property=\"article:modified_time\" content=\"2021-10-11T10:07:19+00:00\" \/>\n<meta property=\"og:image\" content=\"https:\/\/exaudi.org\/wp-content\/uploads\/2021\/10\/Angelus-10-octubre-2021--scaled.jpg\" \/>\n\t<meta property=\"og:image:width\" content=\"2560\" \/>\n\t<meta property=\"og:image:height\" content=\"1707\" \/>\n\t<meta property=\"og:image:type\" content=\"image\/jpeg\" \/>\n<meta name=\"author\" content=\"Raquel Anillo\" \/>\n<meta name=\"twitter:card\" content=\"summary_large_image\" \/>\n<meta name=\"twitter:creator\" content=\"@Exaudi_News\" \/>\n<meta name=\"twitter:site\" content=\"@Exaudi_News\" \/>\n<meta name=\"twitter:label1\" content=\"Escrito por\" \/>\n\t<meta name=\"twitter:data1\" content=\"Raquel Anillo\" \/>\n\t<meta name=\"twitter:label2\" content=\"Tiempo de lectura\" \/>\n\t<meta name=\"twitter:data2\" content=\"6 minutos\" \/>\n<script type=\"application\/ld+json\" class=\"yoast-schema-graph\">{\"@context\":\"https:\\\/\\\/schema.org\",\"@graph\":[{\"@type\":\"Article\",\"@id\":\"https:\\\/\\\/exaudi.org\\\/es\\\/francisco-fe-cuestion-libertad-amor\\\/#article\",\"isPartOf\":{\"@id\":\"https:\\\/\\\/exaudi.org\\\/es\\\/francisco-fe-cuestion-libertad-amor\\\/\"},\"author\":{\"name\":\"Raquel Anillo\",\"@id\":\"https:\\\/\\\/exaudi.org\\\/#\\\/schema\\\/person\\\/6ff0af358a606d657c4b1b6e0d5c85cb\"},\"headline\":\"Francisco: Fe, \u201ccuesti\u00f3n de libertad y amor\u201d\",\"datePublished\":\"2021-10-10T13:38:34+00:00\",\"dateModified\":\"2021-10-11T10:07:19+00:00\",\"mainEntityOfPage\":{\"@id\":\"https:\\\/\\\/exaudi.org\\\/es\\\/francisco-fe-cuestion-libertad-amor\\\/\"},\"wordCount\":1236,\"image\":{\"@id\":\"https:\\\/\\\/exaudi.org\\\/es\\\/francisco-fe-cuestion-libertad-amor\\\/#primaryimage\"},\"thumbnailUrl\":\"https:\\\/\\\/exaudi.org\\\/wp-content\\\/uploads\\\/2021\\\/10\\\/Angelus-10-octubre-2021--scaled.jpg\",\"keywords\":[\"\u00c1ngelus 10 octubre 2021\"],\"articleSection\":[\"\u00c1ngelus\",\"\u00daltimas noticias\"],\"inLanguage\":\"es\"},{\"@type\":\"WebPage\",\"@id\":\"https:\\\/\\\/exaudi.org\\\/es\\\/francisco-fe-cuestion-libertad-amor\\\/\",\"url\":\"https:\\\/\\\/exaudi.org\\\/es\\\/francisco-fe-cuestion-libertad-amor\\\/\",\"name\":\"Francisco: Fe, \u201ccuesti\u00f3n de libertad y amor\u201d - Exaudi\",\"isPartOf\":{\"@id\":\"https:\\\/\\\/exaudi.org\\\/#website\"},\"primaryImageOfPage\":{\"@id\":\"https:\\\/\\\/exaudi.org\\\/es\\\/francisco-fe-cuestion-libertad-amor\\\/#primaryimage\"},\"image\":{\"@id\":\"https:\\\/\\\/exaudi.org\\\/es\\\/francisco-fe-cuestion-libertad-amor\\\/#primaryimage\"},\"thumbnailUrl\":\"https:\\\/\\\/exaudi.org\\\/wp-content\\\/uploads\\\/2021\\\/10\\\/Angelus-10-octubre-2021--scaled.jpg\",\"datePublished\":\"2021-10-10T13:38:34+00:00\",\"dateModified\":\"2021-10-11T10:07:19+00:00\",\"author\":{\"@id\":\"https:\\\/\\\/exaudi.org\\\/#\\\/schema\\\/person\\\/6ff0af358a606d657c4b1b6e0d5c85cb\"},\"description\":\"Hoy, 10 de octubre de 2021, en sus Palabras antes del \u00c1ngelus,, el Papa Francisco dijo que \u201cla fe es una cuesti\u00f3n de libertad y de amor\u201d\",\"breadcrumb\":{\"@id\":\"https:\\\/\\\/exaudi.org\\\/es\\\/francisco-fe-cuestion-libertad-amor\\\/#breadcrumb\"},\"inLanguage\":\"es\",\"potentialAction\":[{\"@type\":\"ReadAction\",\"target\":[\"https:\\\/\\\/exaudi.org\\\/es\\\/francisco-fe-cuestion-libertad-amor\\\/\"]}]},{\"@type\":\"ImageObject\",\"inLanguage\":\"es\",\"@id\":\"https:\\\/\\\/exaudi.org\\\/es\\\/francisco-fe-cuestion-libertad-amor\\\/#primaryimage\",\"url\":\"https:\\\/\\\/exaudi.org\\\/wp-content\\\/uploads\\\/2021\\\/10\\\/Angelus-10-octubre-2021--scaled.jpg\",\"contentUrl\":\"https:\\\/\\\/exaudi.org\\\/wp-content\\\/uploads\\\/2021\\\/10\\\/Angelus-10-octubre-2021--scaled.jpg\",\"width\":2560,\"height\":1707,\"caption\":\"\u00c1ngelus \u00a9 Vatican Media\"},{\"@type\":\"BreadcrumbList\",\"@id\":\"https:\\\/\\\/exaudi.org\\\/es\\\/francisco-fe-cuestion-libertad-amor\\\/#breadcrumb\",\"itemListElement\":[{\"@type\":\"ListItem\",\"position\":1,\"name\":\"Portada\",\"item\":\"https:\\\/\\\/exaudi.org\\\/es\\\/\"},{\"@type\":\"ListItem\",\"position\":2,\"name\":\"Francisco: Fe, \u201ccuesti\u00f3n de libertad y amor\u201d\"}]},{\"@type\":\"WebSite\",\"@id\":\"https:\\\/\\\/exaudi.org\\\/#website\",\"url\":\"https:\\\/\\\/exaudi.org\\\/\",\"name\":\"Exaudi\",\"description\":\"News\",\"potentialAction\":[{\"@type\":\"SearchAction\",\"target\":{\"@type\":\"EntryPoint\",\"urlTemplate\":\"https:\\\/\\\/exaudi.org\\\/?s={search_term_string}\"},\"query-input\":{\"@type\":\"PropertyValueSpecification\",\"valueRequired\":true,\"valueName\":\"search_term_string\"}}],\"inLanguage\":\"es\"},{\"@type\":\"Person\",\"@id\":\"https:\\\/\\\/exaudi.org\\\/#\\\/schema\\\/person\\\/6ff0af358a606d657c4b1b6e0d5c85cb\",\"name\":\"Raquel Anillo\",\"image\":{\"@type\":\"ImageObject\",\"inLanguage\":\"es\",\"@id\":\"https:\\\/\\\/secure.gravatar.com\\\/avatar\\\/7f88757c095badfcf277fb437d860f221e7a4fb83008b887cccb1f1299f66efb?s=96&d=mm&r=g\",\"url\":\"https:\\\/\\\/secure.gravatar.com\\\/avatar\\\/7f88757c095badfcf277fb437d860f221e7a4fb83008b887cccb1f1299f66efb?s=96&d=mm&r=g\",\"contentUrl\":\"https:\\\/\\\/secure.gravatar.com\\\/avatar\\\/7f88757c095badfcf277fb437d860f221e7a4fb83008b887cccb1f1299f66efb?s=96&d=mm&r=g\",\"caption\":\"Raquel Anillo\"},\"description\":\"Casada. Comprometida con la Iglesia. Traductora e int\u00e9rprete para la Comunidad Emmanuel, especialmente para las sesiones internacionales de Paray le Monial (Francia) 1986 al 2005. Colaboradora de Zenit de 2012-2014 y de 2017-2020 como traductora.\",\"url\":\"https:\\\/\\\/exaudi.org\\\/es\\\/author\\\/ranilloexaudi-org\\\/\"}]}<\/script>\n<!-- \/ Yoast SEO plugin. -->","yoast_head_json":{"title":"Francisco: Fe, \u201ccuesti\u00f3n de libertad y amor\u201d - Exaudi","description":"Hoy, 10 de octubre de 2021, en sus Palabras antes del \u00c1ngelus,, el Papa Francisco dijo que \u201cla fe es una cuesti\u00f3n de libertad y de amor\u201d","robots":{"index":"index","follow":"follow","max-snippet":"max-snippet:-1","max-image-preview":"max-image-preview:large","max-video-preview":"max-video-preview:-1"},"canonical":"https:\/\/exaudi.org\/es\/francisco-fe-cuestion-libertad-amor\/","og_locale":"es_ES","og_type":"article","og_title":"Francisco: Fe, \u201ccuesti\u00f3n de libertad y amor\u201d - Exaudi","og_description":"Hoy, 10 de octubre de 2021, en sus Palabras antes del \u00c1ngelus,, el Papa Francisco dijo que \u201cla fe es una cuesti\u00f3n de libertad y de amor\u201d","og_url":"https:\/\/exaudi.org\/es\/francisco-fe-cuestion-libertad-amor\/","og_site_name":"Exaudi","article_publisher":"https:\/\/www.facebook.com\/ExaudiNews","article_published_time":"2021-10-10T13:38:34+00:00","article_modified_time":"2021-10-11T10:07:19+00:00","og_image":[{"width":2560,"height":1707,"url":"https:\/\/exaudi.org\/wp-content\/uploads\/2021\/10\/Angelus-10-octubre-2021--scaled.jpg","type":"image\/jpeg"}],"author":"Raquel Anillo","twitter_card":"summary_large_image","twitter_creator":"@Exaudi_News","twitter_site":"@Exaudi_News","twitter_misc":{"Escrito por":"Raquel Anillo","Tiempo de lectura":"6 minutos"},"schema":{"@context":"https:\/\/schema.org","@graph":[{"@type":"Article","@id":"https:\/\/exaudi.org\/es\/francisco-fe-cuestion-libertad-amor\/#article","isPartOf":{"@id":"https:\/\/exaudi.org\/es\/francisco-fe-cuestion-libertad-amor\/"},"author":{"name":"Raquel Anillo","@id":"https:\/\/exaudi.org\/#\/schema\/person\/6ff0af358a606d657c4b1b6e0d5c85cb"},"headline":"Francisco: Fe, \u201ccuesti\u00f3n de libertad y amor\u201d","datePublished":"2021-10-10T13:38:34+00:00","dateModified":"2021-10-11T10:07:19+00:00","mainEntityOfPage":{"@id":"https:\/\/exaudi.org\/es\/francisco-fe-cuestion-libertad-amor\/"},"wordCount":1236,"image":{"@id":"https:\/\/exaudi.org\/es\/francisco-fe-cuestion-libertad-amor\/#primaryimage"},"thumbnailUrl":"https:\/\/exaudi.org\/wp-content\/uploads\/2021\/10\/Angelus-10-octubre-2021--scaled.jpg","keywords":["\u00c1ngelus 10 octubre 2021"],"articleSection":["\u00c1ngelus","\u00daltimas noticias"],"inLanguage":"es"},{"@type":"WebPage","@id":"https:\/\/exaudi.org\/es\/francisco-fe-cuestion-libertad-amor\/","url":"https:\/\/exaudi.org\/es\/francisco-fe-cuestion-libertad-amor\/","name":"Francisco: Fe, \u201ccuesti\u00f3n de libertad y amor\u201d - Exaudi","isPartOf":{"@id":"https:\/\/exaudi.org\/#website"},"primaryImageOfPage":{"@id":"https:\/\/exaudi.org\/es\/francisco-fe-cuestion-libertad-amor\/#primaryimage"},"image":{"@id":"https:\/\/exaudi.org\/es\/francisco-fe-cuestion-libertad-amor\/#primaryimage"},"thumbnailUrl":"https:\/\/exaudi.org\/wp-content\/uploads\/2021\/10\/Angelus-10-octubre-2021--scaled.jpg","datePublished":"2021-10-10T13:38:34+00:00","dateModified":"2021-10-11T10:07:19+00:00","author":{"@id":"https:\/\/exaudi.org\/#\/schema\/person\/6ff0af358a606d657c4b1b6e0d5c85cb"},"description":"Hoy, 10 de octubre de 2021, en sus Palabras antes del \u00c1ngelus,, el Papa Francisco dijo que \u201cla fe es una cuesti\u00f3n de libertad y de amor\u201d","breadcrumb":{"@id":"https:\/\/exaudi.org\/es\/francisco-fe-cuestion-libertad-amor\/#breadcrumb"},"inLanguage":"es","potentialAction":[{"@type":"ReadAction","target":["https:\/\/exaudi.org\/es\/francisco-fe-cuestion-libertad-amor\/"]}]},{"@type":"ImageObject","inLanguage":"es","@id":"https:\/\/exaudi.org\/es\/francisco-fe-cuestion-libertad-amor\/#primaryimage","url":"https:\/\/exaudi.org\/wp-content\/uploads\/2021\/10\/Angelus-10-octubre-2021--scaled.jpg","contentUrl":"https:\/\/exaudi.org\/wp-content\/uploads\/2021\/10\/Angelus-10-octubre-2021--scaled.jpg","width":2560,"height":1707,"caption":"\u00c1ngelus \u00a9 Vatican Media"},{"@type":"BreadcrumbList","@id":"https:\/\/exaudi.org\/es\/francisco-fe-cuestion-libertad-amor\/#breadcrumb","itemListElement":[{"@type":"ListItem","position":1,"name":"Portada","item":"https:\/\/exaudi.org\/es\/"},{"@type":"ListItem","position":2,"name":"Francisco: Fe, \u201ccuesti\u00f3n de libertad y amor\u201d"}]},{"@type":"WebSite","@id":"https:\/\/exaudi.org\/#website","url":"https:\/\/exaudi.org\/","name":"Exaudi","description":"News","potentialAction":[{"@type":"SearchAction","target":{"@type":"EntryPoint","urlTemplate":"https:\/\/exaudi.org\/?s={search_term_string}"},"query-input":{"@type":"PropertyValueSpecification","valueRequired":true,"valueName":"search_term_string"}}],"inLanguage":"es"},{"@type":"Person","@id":"https:\/\/exaudi.org\/#\/schema\/person\/6ff0af358a606d657c4b1b6e0d5c85cb","name":"Raquel Anillo","image":{"@type":"ImageObject","inLanguage":"es","@id":"https:\/\/secure.gravatar.com\/avatar\/7f88757c095badfcf277fb437d860f221e7a4fb83008b887cccb1f1299f66efb?s=96&d=mm&r=g","url":"https:\/\/secure.gravatar.com\/avatar\/7f88757c095badfcf277fb437d860f221e7a4fb83008b887cccb1f1299f66efb?s=96&d=mm&r=g","contentUrl":"https:\/\/secure.gravatar.com\/avatar\/7f88757c095badfcf277fb437d860f221e7a4fb83008b887cccb1f1299f66efb?s=96&d=mm&r=g","caption":"Raquel Anillo"},"description":"Casada. Comprometida con la Iglesia. Traductora e int\u00e9rprete para la Comunidad Emmanuel, especialmente para las sesiones internacionales de Paray le Monial (Francia) 1986 al 2005. Colaboradora de Zenit de 2012-2014 y de 2017-2020 como traductora.","url":"https:\/\/exaudi.org\/es\/author\/ranilloexaudi-org\/"}]}},"jetpack_featured_media_url":"https:\/\/exaudi.org\/wp-content\/uploads\/2021\/10\/Angelus-10-octubre-2021--scaled.jpg","jetpack_shortlink":"https:\/\/wp.me\/pgKjF2-9qA","_links":{"self":[{"href":"https:\/\/exaudi.org\/es\/wp-json\/wp\/v2\/posts\/36244","targetHints":{"allow":["GET"]}}],"collection":[{"href":"https:\/\/exaudi.org\/es\/wp-json\/wp\/v2\/posts"}],"about":[{"href":"https:\/\/exaudi.org\/es\/wp-json\/wp\/v2\/types\/post"}],"author":[{"embeddable":true,"href":"https:\/\/exaudi.org\/es\/wp-json\/wp\/v2\/users\/7"}],"replies":[{"embeddable":true,"href":"https:\/\/exaudi.org\/es\/wp-json\/wp\/v2\/comments?post=36244"}],"version-history":[{"count":0,"href":"https:\/\/exaudi.org\/es\/wp-json\/wp\/v2\/posts\/36244\/revisions"}],"wp:featuredmedia":[{"embeddable":true,"href":"https:\/\/exaudi.org\/es\/wp-json\/wp\/v2\/media\/36263"}],"wp:attachment":[{"href":"https:\/\/exaudi.org\/es\/wp-json\/wp\/v2\/media?parent=36244"}],"wp:term":[{"taxonomy":"category","embeddable":true,"href":"https:\/\/exaudi.org\/es\/wp-json\/wp\/v2\/categories?post=36244"},{"taxonomy":"post_tag","embeddable":true,"href":"https:\/\/exaudi.org\/es\/wp-json\/wp\/v2\/tags?post=36244"}],"curies":[{"name":"wp","href":"https:\/\/api.w.org\/{rel}","templated":true}]}}