{"id":36171,"date":"2021-10-09T11:14:26","date_gmt":"2021-10-09T09:14:26","guid":{"rendered":"https:\/\/exaudi.wpengine.com\/?p=36171"},"modified":"2021-10-11T08:34:32","modified_gmt":"2021-10-11T06:34:32","slug":"3-palabras-claves-del-sinodo-comunion-participacion-y-mision","status":"publish","type":"post","link":"https:\/\/exaudi.org\/es\/3-palabras-claves-del-sinodo-comunion-participacion-y-mision\/","title":{"rendered":"3 palabras claves del S\u00ednodo: \u201cComuni\u00f3n, participaci\u00f3n y misi\u00f3n\u201d"},"content":{"rendered":"<p>El Papa Francisco ha subrayado que \u201clas palabras clave del S\u00ednodo son 3: <em>comuni\u00f3n<\/em>, <em>participaci\u00f3n<\/em> y <em>misi\u00f3n\u201d. <\/em>A las 9 de la ma\u00f1ana de hoy, 9 de octubre de 2021, con la presencia del Santo Padre, comenz\u00f3 un Momento de Reflexi\u00f3n para el inicio del Proceso Sinodal del S\u00ednodo sobre Sinodalidad en el Aula Nueva del S\u00ednodo, en el Vaticano.<\/p>\n<p><img loading=\"lazy\" decoding=\"async\" class=\"size-medium wp-image-36179 alignleft\" src=\"https:\/\/exaudi.wpengine.com\/wp-content\/uploads\/2021\/10\/DSC3730-300x200.jpg\" alt=\"\" width=\"300\" height=\"200\" srcset=\"https:\/\/exaudi.org\/wp-content\/uploads\/2021\/10\/DSC3730-300x200.jpg 300w, https:\/\/exaudi.org\/wp-content\/uploads\/2021\/10\/DSC3730-1024x683.jpg 1024w, https:\/\/exaudi.org\/wp-content\/uploads\/2021\/10\/DSC3730-768x512.jpg 768w, https:\/\/exaudi.org\/wp-content\/uploads\/2021\/10\/DSC3730-1536x1024.jpg 1536w, https:\/\/exaudi.org\/wp-content\/uploads\/2021\/10\/DSC3730-2048x1365.jpg 2048w, https:\/\/exaudi.org\/wp-content\/uploads\/2021\/10\/DSC3730-150x100.jpg 150w, https:\/\/exaudi.org\/wp-content\/uploads\/2021\/10\/DSC3730-696x464.jpg 696w, https:\/\/exaudi.org\/wp-content\/uploads\/2021\/10\/DSC3730-1068x712.jpg 1068w, https:\/\/exaudi.org\/wp-content\/uploads\/2021\/10\/DSC3730-1920x1280.jpg 1920w, https:\/\/exaudi.org\/wp-content\/uploads\/2021\/10\/DSC3730-630x420.jpg 630w\" sizes=\"auto, (max-width: 300px) 100vw, 300px\" \/>En este acto han estado presentes los representantes del Pueblo de Dios, entre ellos los delegados de las Reuniones Internacionales de las Conferencias Episcopales y organismos similares, los miembros de la Curia Romana, los delegados fraternos, los delegados de la vida consagrada y de los movimientos eclesiales laicos, y el consejo de j\u00f3venes.<\/p>\n<p>En medio de varios cantos ha tenido lugar la lectura de un pasaje del libro del Apocalipsis, la meditaci\u00f3n del P. Paul B\u00e9r\u00e9, jesuita de Burkina Faso, y de la espa\u00f1ola Christina Inog\u00e9s-Sanz, sobre el sentido del S\u00ednodo y la sinodalidad. Tras las palabras de bienvenida del cardenal Grech, secretario general del S\u00ednodo, el Papa ha pronunciado su discurso. Despu\u00e9s, Francisco se ha despedido, y tuvo lugar el saludo del cardenal Hollerich, relator del S\u00ednodo, as\u00ed como varios testimonios de sacerdotes, laicos y religiosos.<\/p>\n<p>En su alocuci\u00f3n, el Sucesor de Pedro ha llamado a vivir el S\u00ednodo \u201cen el esp\u00edritu de la oraci\u00f3n que Jes\u00fas elev\u00f3 al Padre con vehemencia por los suyos: \u2018Que todos sean uno\u2019 (<em>Jn<\/em> 17,21). Estamos llamados a la unidad, a la comuni\u00f3n, a la fraternidad que nace de sentirnos abrazados por el amor divino, que es \u00fanico\u201d.<\/p>\n<h4><strong><img loading=\"lazy\" decoding=\"async\" class=\"size-medium wp-image-36191 alignright\" src=\"https:\/\/exaudi.wpengine.com\/wp-content\/uploads\/2021\/10\/DSC3651-300x200.jpg\" alt=\"\" width=\"300\" height=\"200\" srcset=\"https:\/\/exaudi.org\/wp-content\/uploads\/2021\/10\/DSC3651-300x200.jpg 300w, https:\/\/exaudi.org\/wp-content\/uploads\/2021\/10\/DSC3651-1024x683.jpg 1024w, https:\/\/exaudi.org\/wp-content\/uploads\/2021\/10\/DSC3651-768x512.jpg 768w, https:\/\/exaudi.org\/wp-content\/uploads\/2021\/10\/DSC3651-1536x1024.jpg 1536w, https:\/\/exaudi.org\/wp-content\/uploads\/2021\/10\/DSC3651-2048x1365.jpg 2048w, https:\/\/exaudi.org\/wp-content\/uploads\/2021\/10\/DSC3651-150x100.jpg 150w, https:\/\/exaudi.org\/wp-content\/uploads\/2021\/10\/DSC3651-696x464.jpg 696w, https:\/\/exaudi.org\/wp-content\/uploads\/2021\/10\/DSC3651-1068x712.jpg 1068w, https:\/\/exaudi.org\/wp-content\/uploads\/2021\/10\/DSC3651-1920x1280.jpg 1920w, https:\/\/exaudi.org\/wp-content\/uploads\/2021\/10\/DSC3651-630x420.jpg 630w\" sizes=\"auto, (max-width: 300px) 100vw, 300px\" \/>Comuni\u00f3n y misi\u00f3n<\/strong><\/h4>\n<p>Despu\u00e9s, el Pont\u00edfice se refiri\u00f3 a las tres palabras del S\u00ednodo, \u201ccomuni\u00f3n, participaci\u00f3n y misi\u00f3n\u201d. Comuni\u00f3n y misi\u00f3n \u201cson expresiones teol\u00f3gicas que designan el misterio de la Iglesia\u201d: \u201cla <em>comuni\u00f3n<\/em> expresa la naturaleza misma de la Iglesia y, al mismo tiempo, afirm\u00f3 que la Iglesia ha recibido \u2018la <em>misi\u00f3n<\/em> de anunciar el reino de Cristo y de Dios e instaurarlo en todos los pueblos, y constituye en la tierra el germen y el principio de ese reino\u2019\u201d.<\/p>\n<p>En la recepci\u00f3n del Concilio Vaticano II, san Pablo VI \u201cquiso condensar precisamente en estas dos palabras \u2014comuni\u00f3n y misi\u00f3n\u2014 \u2018las l\u00edneas maestras, enunciadas por el Concilio\u2019\u201d y clausurando el S\u00ednodo de 1985, san Juan Pablo II, \u201cquiso reafirmar que la naturaleza de la Iglesia es la <em>koinonia<\/em>; de ella surge la misi\u00f3n de ser signo de la \u00edntima uni\u00f3n de la familia humana con Dios. Y a\u00f1ad\u00eda: \u2018Es sumamente conveniente que en la Iglesia se celebren S\u00ednodos ordinarios y, llegado el caso, tambi\u00e9n extraordinarios\u2019\u201d.<\/p>\n<h4><strong>Participaci\u00f3n<\/strong><\/h4>\n<p><img loading=\"lazy\" decoding=\"async\" class=\"size-medium wp-image-36176 alignleft\" src=\"https:\/\/exaudi.wpengine.com\/wp-content\/uploads\/2021\/10\/DSC3749-300x200.jpg\" alt=\"\" width=\"300\" height=\"200\" srcset=\"https:\/\/exaudi.org\/wp-content\/uploads\/2021\/10\/DSC3749-300x200.jpg 300w, https:\/\/exaudi.org\/wp-content\/uploads\/2021\/10\/DSC3749-1024x683.jpg 1024w, https:\/\/exaudi.org\/wp-content\/uploads\/2021\/10\/DSC3749-768x512.jpg 768w, https:\/\/exaudi.org\/wp-content\/uploads\/2021\/10\/DSC3749-1536x1024.jpg 1536w, https:\/\/exaudi.org\/wp-content\/uploads\/2021\/10\/DSC3749-2048x1365.jpg 2048w, https:\/\/exaudi.org\/wp-content\/uploads\/2021\/10\/DSC3749-150x100.jpg 150w, https:\/\/exaudi.org\/wp-content\/uploads\/2021\/10\/DSC3749-696x464.jpg 696w, https:\/\/exaudi.org\/wp-content\/uploads\/2021\/10\/DSC3749-1068x712.jpg 1068w, https:\/\/exaudi.org\/wp-content\/uploads\/2021\/10\/DSC3749-1920x1280.jpg 1920w, https:\/\/exaudi.org\/wp-content\/uploads\/2021\/10\/DSC3749-630x420.jpg 630w\" sizes=\"auto, (max-width: 300px) 100vw, 300px\" \/>Esta, contin\u00faa Su Santidad, \u201ces la tercera palabra, <em>participaci\u00f3n<\/em>. Si no se cultiva una praxis eclesial que exprese <em>la sinodalidad de<\/em> <em>manera concreta <\/em>a cada paso del camino y del obrar, promoviendo la implicaci\u00f3n real de todos y cada uno, la comuni\u00f3n y la misi\u00f3n corren el peligro de quedarse como t\u00e9rminos un poco abstractos\u201d. Celebrar un S\u00ednodo \u201csiempre es hermoso e importante, pero es realmente provechoso si se convierte en expresi\u00f3n viva del ser Iglesia, de un actuar caracterizado por una participaci\u00f3n aut\u00e9ntica\u201d.<\/p>\n<p>Y esto, aclara, \u201cno por exigencias de estilo, sino de fe. La participaci\u00f3n es una exigencia de la fe bautismal\u201d. Por eso, \u201ctodos estamos llamados a participar en la vida y misi\u00f3n de la Iglesia. Si falta una participaci\u00f3n real de todo el Pueblo de Dios, los discursos sobre la comuni\u00f3n corren el riesgo de permanecer como intenciones piadosas\u201d.<\/p>\n<h4><strong>3 riesgos<\/strong><\/h4>\n<p><img loading=\"lazy\" decoding=\"async\" class=\"size-medium wp-image-36172 alignright\" src=\"https:\/\/exaudi.wpengine.com\/wp-content\/uploads\/2021\/10\/Momento-de-reflexion-ante-la-apertura-del-Sinodo-sobre-sinodalidad-9-de-oct.-2021-300x169.jpeg\" alt=\"\" width=\"300\" height=\"169\" srcset=\"https:\/\/exaudi.org\/wp-content\/uploads\/2021\/10\/Momento-de-reflexion-ante-la-apertura-del-Sinodo-sobre-sinodalidad-9-de-oct.-2021-300x169.jpeg 300w, https:\/\/exaudi.org\/wp-content\/uploads\/2021\/10\/Momento-de-reflexion-ante-la-apertura-del-Sinodo-sobre-sinodalidad-9-de-oct.-2021-1024x576.jpeg 1024w, https:\/\/exaudi.org\/wp-content\/uploads\/2021\/10\/Momento-de-reflexion-ante-la-apertura-del-Sinodo-sobre-sinodalidad-9-de-oct.-2021-768x432.jpeg 768w, https:\/\/exaudi.org\/wp-content\/uploads\/2021\/10\/Momento-de-reflexion-ante-la-apertura-del-Sinodo-sobre-sinodalidad-9-de-oct.-2021-150x84.jpeg 150w, https:\/\/exaudi.org\/wp-content\/uploads\/2021\/10\/Momento-de-reflexion-ante-la-apertura-del-Sinodo-sobre-sinodalidad-9-de-oct.-2021-696x392.jpeg 696w, https:\/\/exaudi.org\/wp-content\/uploads\/2021\/10\/Momento-de-reflexion-ante-la-apertura-del-Sinodo-sobre-sinodalidad-9-de-oct.-2021-1068x601.jpeg 1068w, https:\/\/exaudi.org\/wp-content\/uploads\/2021\/10\/Momento-de-reflexion-ante-la-apertura-del-Sinodo-sobre-sinodalidad-9-de-oct.-2021-746x420.jpeg 746w, https:\/\/exaudi.org\/wp-content\/uploads\/2021\/10\/Momento-de-reflexion-ante-la-apertura-del-Sinodo-sobre-sinodalidad-9-de-oct.-2021.jpeg 1500w\" sizes=\"auto, (max-width: 300px) 100vw, 300px\" \/>Por otro lado, el Santo Padre apunt\u00f3 que el S\u00ednodo, al mismo tiempo, \u201cno est\u00e1 exento de <em>algunos riesgos\u201d y cit\u00f3 tres de ellos<\/em>. El primero es el <em>formalismo<\/em>, \u201cun S\u00ednodo se puede reducir a un evento extraordinario, pero de fachada\u201d, \u201csi hablamos de una Iglesia sinodal no podemos contentarnos con la forma, sino que necesitamos la sustancia, los instrumentos y las estructuras que favorezcan el di\u00e1logo y la interacci\u00f3n en el Pueblo de Dios, sobre todo entre los sacerdotes y los laicos (\u2026)\u201d. \u201c<\/p>\n<p>Un segundo riesgo es el <em>intelectualismo, <\/em>\u201cconvertir el S\u00ednodo en una especie de grupo de estudio, con intervenciones cultas pero abstractas sobre los problemas de la Iglesia y los males del mundo; una suerte de \u201chablar por hablar\u201d, donde se act\u00faa de manera superficial y mundana, terminando por caer otra vez en las habituales y est\u00e9riles clasificaciones ideol\u00f3gicas y partidistas, y alej\u00e1ndose de la realidad del Pueblo santo de Dios y de la vida concreta de las comunidades dispersas por el mundo\u201d.<\/p>\n<p><img loading=\"lazy\" decoding=\"async\" class=\"size-medium wp-image-36197 alignleft\" src=\"https:\/\/exaudi.wpengine.com\/wp-content\/uploads\/2021\/10\/RIP2741-300x200.jpg\" alt=\"\" width=\"300\" height=\"200\" srcset=\"https:\/\/exaudi.org\/wp-content\/uploads\/2021\/10\/RIP2741-300x200.jpg 300w, https:\/\/exaudi.org\/wp-content\/uploads\/2021\/10\/RIP2741-1024x683.jpg 1024w, https:\/\/exaudi.org\/wp-content\/uploads\/2021\/10\/RIP2741-768x512.jpg 768w, https:\/\/exaudi.org\/wp-content\/uploads\/2021\/10\/RIP2741-1536x1024.jpg 1536w, https:\/\/exaudi.org\/wp-content\/uploads\/2021\/10\/RIP2741-2048x1365.jpg 2048w, https:\/\/exaudi.org\/wp-content\/uploads\/2021\/10\/RIP2741-150x100.jpg 150w, https:\/\/exaudi.org\/wp-content\/uploads\/2021\/10\/RIP2741-696x464.jpg 696w, https:\/\/exaudi.org\/wp-content\/uploads\/2021\/10\/RIP2741-1068x712.jpg 1068w, https:\/\/exaudi.org\/wp-content\/uploads\/2021\/10\/RIP2741-1920x1280.jpg 1920w, https:\/\/exaudi.org\/wp-content\/uploads\/2021\/10\/RIP2741-630x420.jpg 630w\" sizes=\"auto, (max-width: 300px) 100vw, 300px\" \/>Por \u00faltimo, \u201cpuede surgir la tentaci\u00f3n del <em>inmovilismo<\/em>. Es mejor no cambiar, puesto que \u2018siempre se ha hecho as\u00ed\u201d (Exhort. apost. <em><a href=\"https:\/\/www.vatican.va\/content\/francesco\/es\/apost_exhortations\/documents\/papa-francesco_esortazione-ap_20131124_evangelii-gaudium.html\">Evangelii gaudium<\/a><\/em>, 33)\u2019 (&#8230;): \u201cEl riesgo es que al final se adopten soluciones viejas para problemas nuevo\u201d, por eso \u201ces importante que el camino sinodal lo sea realmente, que sea un proceso continuo; que involucre \u2014en fases diversas y partiendo desde abajo\u2014 a las Iglesias locales, en un trabajo apasionado y encarnado, que imprima un estilo de comuni\u00f3n y participaci\u00f3n marcado por la misi\u00f3n\u201d.<\/p>\n<h4><strong>3 oportunidades<\/strong><\/h4>\n<p>Por tanto, expuso el Papa Francisco: \u201cVivamos esta ocasi\u00f3n de encuentro, escucha y reflexi\u00f3n como un tiempo de gracia que, en la alegr\u00eda del Evangelio, nos permita captar al menos tres oportunidades\u201d. La primera es \u201cla de encaminarnos no ocasionalmente sino estructuralmente hacia una Iglesia sinodal; un lugar abierto, donde todos se sientan en casa y puedan participar\u201d. El S\u00ednodo \u201ctambi\u00e9n nos ofrece una oportunidad para ser una Iglesia de la escucha, para tomarnos una pausa de nuestros ajetreos, para frenar nuestras ansias pastorales y detenernos a escuchar. Escuchar el Esp\u00edritu en la adoraci\u00f3n y la oraci\u00f3n (\u2026)\u201d.<\/p>\n<p><img loading=\"lazy\" decoding=\"async\" class=\"size-medium wp-image-36194 alignright\" src=\"https:\/\/exaudi.wpengine.com\/wp-content\/uploads\/2021\/10\/RIP2935-300x200.jpg\" alt=\"\" width=\"300\" height=\"200\" srcset=\"https:\/\/exaudi.org\/wp-content\/uploads\/2021\/10\/RIP2935-300x200.jpg 300w, https:\/\/exaudi.org\/wp-content\/uploads\/2021\/10\/RIP2935-1024x683.jpg 1024w, https:\/\/exaudi.org\/wp-content\/uploads\/2021\/10\/RIP2935-768x512.jpg 768w, https:\/\/exaudi.org\/wp-content\/uploads\/2021\/10\/RIP2935-1536x1024.jpg 1536w, https:\/\/exaudi.org\/wp-content\/uploads\/2021\/10\/RIP2935-2048x1365.jpg 2048w, https:\/\/exaudi.org\/wp-content\/uploads\/2021\/10\/RIP2935-150x100.jpg 150w, https:\/\/exaudi.org\/wp-content\/uploads\/2021\/10\/RIP2935-696x464.jpg 696w, https:\/\/exaudi.org\/wp-content\/uploads\/2021\/10\/RIP2935-1068x712.jpg 1068w, https:\/\/exaudi.org\/wp-content\/uploads\/2021\/10\/RIP2935-1920x1280.jpg 1920w, https:\/\/exaudi.org\/wp-content\/uploads\/2021\/10\/RIP2935-630x420.jpg 630w\" sizes=\"auto, (max-width: 300px) 100vw, 300px\" \/>Por \u00faltimo, \u201ctenemos la oportunidad de ser una <em>Iglesia de la<\/em> <em>cercan\u00eda\u201d <\/em>(\u2026) que, no s\u00f3lo con las palabras, sino con la presencia, establezca mayores lazos de amistad con la sociedad y con el mundo. Una Iglesia que no se separa de la vida, sino que se hace cargo de las fragilidades y las pobrezas de nuestro tiempo, curando las heridas y sanando los corazones quebrantados con el b\u00e1lsamo de Dios (\u2026)\u201d.<\/p>\n<p>Finalmente, el Pont\u00edfice ha deseado \u201cque este S\u00ednodo sea un tiempo habitado por el Esp\u00edritu\u201d. \u201cPor una \u2018Iglesia distinta\u2019, abierta a la novedad que Dios le quiere indicar, invoquemos al Esp\u00edritu con m\u00e1s fuerza y frecuencia, y dispong\u00e1monos a escucharlo con humildad, caminando juntos, tal como \u00c9l \u2014creador de la comuni\u00f3n y de la misi\u00f3n\u2014 desea, con docilidad y valent\u00eda\u201d.<\/p>\n<p>A continuaci\u00f3n, sigue el discurso completo del Papa.<\/p>\n<p>***<\/p>\n<h4><strong>Discurso del Santo Padre<\/strong><\/h4>\n<p><em>Queridos hermanos y hermanas:<\/em><\/p>\n<p>Gracias por estar aqu\u00ed, en la apertura del S\u00ednodo. Han venido por muchos caminos y de muchas Iglesias, llevando cada uno en el coraz\u00f3n preguntas y esperanzas, y estoy seguro de que el Esp\u00edritu nos guiar\u00e1 y nos dar\u00e1 la gracia para seguir adelante juntos, para escucharnos rec\u00edprocamente y para comenzar un discernimiento en nuestro tiempo, siendo solidarios con las fatigas y los deseos de la humanidad. Reitero que el S\u00ednodo no es un parlamento, que el S\u00ednodo no es un sondeo de las opiniones; el S\u00ednodo es un momento eclesial, y el protagonista del S\u00ednodo es el Esp\u00edritu Santo. Si no est\u00e1 el Esp\u00edritu, no habr\u00e1 S\u00ednodo.<\/p>\n<p>Vivamos este S\u00ednodo en el esp\u00edritu de la oraci\u00f3n que Jes\u00fas elev\u00f3 al Padre con vehemencia por los suyos: \u201cQue todos sean uno\u201d (<em>Jn<\/em>\u00a017,21). Estamos llamados a la unidad, a la comuni\u00f3n, a la fraternidad que nace de sentirnos abrazados por el amor divino, que es \u00fanico. Todos, sin distinciones, y en particular nosotros Pastores, como escrib\u00eda san Cipriano: \u201cDebemos mantener y defender firmemente esta unidad, sobre todo los obispos, que somos los que presidimos en la Iglesia, a fin de probar que el mismo episcopado es tambi\u00e9n uno e indiviso\u201d (<em>De Ecclesiae catholicae unitate<\/em>, 5). Por eso, caminamos juntos en el \u00fanico Pueblo de Dios, para hacer experiencia de una Iglesia que recibe y vive el don de la unidad, y que se abre a la voz del Esp\u00edritu.<\/p>\n<p>Las palabras clave del S\u00ednodo son tres:\u00a0<em>comuni\u00f3n<\/em>,\u00a0<em>participaci\u00f3n<\/em>\u00a0y\u00a0<em>misi\u00f3n<\/em>. Comuni\u00f3n y misi\u00f3n son expresiones teol\u00f3gicas que designan el misterio de la Iglesia, y es bueno que hagamos memoria de ellas. El\u00a0<a href=\"https:\/\/www.vatican.va\/archive\/hist_councils\/ii_vatican_council\/index_sp.htm\">Concilio Vaticano II<\/a>\u00a0precis\u00f3 que la\u00a0<em>comuni\u00f3n<\/em>\u00a0expresa la naturaleza misma de la Iglesia y, al mismo tiempo, afirm\u00f3 que la Iglesia ha recibido \u201cla\u00a0<em>misi\u00f3n<\/em>\u00a0de anunciar el reino de Cristo y de Dios e instaurarlo en todos los pueblos, y constituye en la tierra el germen y el principio de ese reino\u201d (<em><a href=\"https:\/\/www.vatican.va\/archive\/hist_councils\/ii_vatican_council\/documents\/vat-ii_const_19641121_lumen-gentium_sp.html\">Lumen gentium<\/a><\/em>, 5). La Iglesia, por medio de esas dos palabras, contempla e imita la vida de la Sant\u00edsima Trinidad, misterio de comuni\u00f3n\u00a0<em>ad intra<\/em>\u00a0y fuente de misi\u00f3n\u00a0<em>ad extra<\/em>. Despu\u00e9s de un tiempo de reflexiones doctrinales, teol\u00f3gicas y pastorales que caracterizaron la recepci\u00f3n del Vaticano II, san Pablo VI quiso condensar precisamente en estas dos palabras \u2014comuni\u00f3n y misi\u00f3n\u2014 \u201clas l\u00edneas maestras, enunciadas por el Concilio\u201d. Conmemorando la apertura, afirm\u00f3 en efecto que las l\u00edneas generales hab\u00edan sido \u201cla comuni\u00f3n, es decir, la cohesi\u00f3n y la plenitud interior, en la gracia, la verdad y la colaboraci\u00f3n [\u2026], y la misi\u00f3n, que es el compromiso apost\u00f3lico hacia el mundo contempor\u00e1neo\u201d (<em>\u00c1ngelus<\/em>, 11 octubre 1970), que no es proselitismo.<\/p>\n<p>Clausurando el S\u00ednodo de 1985 \u2014veinte a\u00f1os despu\u00e9s de la conclusi\u00f3n de la asamblea conciliar\u2014, tambi\u00e9n san Juan Pablo II quiso reafirmar que la naturaleza de la Iglesia es la\u00a0<em>koinonia<\/em>; de ella surge la misi\u00f3n de ser signo de la \u00edntima uni\u00f3n de la familia humana con Dios. Y a\u00f1ad\u00eda: \u201cEs sumamente conveniente que en la Iglesia se celebren S\u00ednodos ordinarios y, llegado el caso, tambi\u00e9n extraordinarios\u201d. Estos, para que sean fruct\u00edferos, tienen que estar bien preparados; \u201ces preciso que en las Iglesias locales se trabaje en su preparaci\u00f3n con la participaci\u00f3n de todos\u201d (<em>Discurso en la clausura de la II Asamblea extraordinaria del S\u00ednodo de los Obispos<\/em>, 7 diciembre 1985). Esta es la tercera palabra,\u00a0<em>participaci\u00f3n<\/em>. Si no se cultiva una praxis eclesial que exprese\u00a0<em>la sinodalidad de manera concreta<\/em>\u00a0a cada paso del camino y del obrar, promoviendo la implicaci\u00f3n real de todos y cada uno, la comuni\u00f3n y la misi\u00f3n corren el peligro de quedarse como t\u00e9rminos un poco abstractos. Quisiera decir que celebrar un S\u00ednodo siempre es hermoso e importante, pero es realmente provechoso si se convierte en expresi\u00f3n viva del ser Iglesia, de un actuar caracterizado por una participaci\u00f3n aut\u00e9ntica.<\/p>\n<p>Y esto no por exigencias de estilo, sino de fe. La participaci\u00f3n es una exigencia de la fe bautismal. Como afirma el ap\u00f3stol Pablo, \u201ctodos nosotros fuimos bautizados en un mismo Esp\u00edritu para formar un solo cuerpo\u201d (<em>1 Co<\/em>\u00a012,13). En el cuerpo eclesial, el \u00fanico punto de partida, y no puede ser otro, es el Bautismo, nuestro manantial de vida, del que deriva una id\u00e9ntica dignidad de hijos de Dios, aun en la diferencia de ministerios y carismas. Por eso, todos estamos llamados a participar en la vida y misi\u00f3n de la Iglesia. Si falta una participaci\u00f3n real de todo el Pueblo de Dios, los discursos sobre la comuni\u00f3n corren el riesgo de permanecer como intenciones piadosas. Hemos avanzado en este aspecto, pero todav\u00eda nos cuesta, y nos vemos obligados a constatar el malestar y el sufrimiento de numerosos agentes pastorales, de los organismos de participaci\u00f3n de las di\u00f3cesis y las parroquias, y de las mujeres, que a menudo siguen quedando al margen. \u00a1La participaci\u00f3n de todos es un compromiso eclesial irrenunciable! Todos los bautizados, este es el carn\u00e9 de identidad: el Bautismo.<\/p>\n<p>El S\u00ednodo, al mismo tiempo que nos ofrece una gran oportunidad para una conversi\u00f3n pastoral en clave misionera y tambi\u00e9n ecum\u00e9nica, no est\u00e1 exento de\u00a0<em>algunos riesgos<\/em>. Cito tres de ellos. El primero es el\u00a0<em>formalismo<\/em>. Un S\u00ednodo se puede reducir a un evento extraordinario, pero de fachada, como si nos qued\u00e1ramos mirando la hermosa fachada de una iglesia, pero sin entrar nunca. En cambio, el S\u00ednodo es un itinerario de discernimiento espiritual efectivo, que no emprendemos para dar una imagen bonita de nosotros mismos, sino para colaborar mejor con la obra de Dios en la historia. Por tanto, si hablamos de una Iglesia sinodal no podemos contentarnos con la forma, sino que necesitamos la sustancia, los instrumentos y las estructuras que favorezcan el di\u00e1logo y la interacci\u00f3n en el Pueblo de Dios, sobre todo entre los sacerdotes y los laicos. \u00bfPor qu\u00e9 subrayo esto? Porque a veces hay cierto elitismo en el orden presbiteral que lo hace separarse de los laicos; y el sacerdote al final se vuelve el \u201cdue\u00f1o del cotarro\u201d y no el pastor de toda una Iglesia que sigue hacia adelante. Esto requiere que transformemos ciertas visiones verticalistas, distorsionadas y parciales de la Iglesia, del ministerio presbiteral, del papel de los laicos, de las responsabilidades eclesiales, de los roles de gobierno, entre otras.<\/p>\n<p>Un segundo riesgo es el\u00a0<em>intelectualismo<\/em>\u00a0\u2014es decir, la abstracci\u00f3n; la realidad va por un lado y nosotros con nuestras reflexiones vamos por otro\u2014, convertir el S\u00ednodo en una especie de grupo de estudio, con intervenciones cultas pero abstractas sobre los problemas de la Iglesia y los males del mundo; una suerte de \u201chablar por hablar\u201d, donde se act\u00faa de manera superficial y mundana, terminando por caer otra vez en las habituales y est\u00e9riles clasificaciones ideol\u00f3gicas y partidistas, y alej\u00e1ndose de la realidad del Pueblo santo de Dios y de la vida concreta de las comunidades dispersas por el mundo.<\/p>\n<p>Por \u00faltimo, puede surgir la tentaci\u00f3n del\u00a0<em>inmovilismo<\/em>. Es mejor no cambiar, puesto que \u201csiempre se ha hecho as\u00ed\u201d (Exhort. apost.\u00a0<em><a href=\"https:\/\/www.vatican.va\/content\/francesco\/es\/apost_exhortations\/documents\/papa-francesco_esortazione-ap_20131124_evangelii-gaudium.html#Una_impostergable_renovaci%C3%B3n_eclesial\">Evangelii gaudium<\/a><\/em>, 33) \u2014esta palabra es un veneno en la vida de la Iglesia, \u201csiempre se ha hecho as\u00ed\u201d\u2014. Quienes se mueven en este horizonte, aun sin darse cuenta, caen en el error de no tomar en serio el tiempo en que vivimos. El riesgo es que al final se adopten soluciones viejas para problemas nuevos; un pedazo de tela nueva, que como resultado provoca una rotura m\u00e1s grande (cf.\u00a0<em>Mt<\/em>\u00a09,16). Por eso, es importante que el camino sinodal lo sea realmente, que sea un proceso continuo; que involucre \u2014en fases diversas y partiendo desde abajo\u2014 a las Iglesias locales, en un trabajo apasionado y encarnado, que imprima un estilo de comuni\u00f3n y participaci\u00f3n marcado por la misi\u00f3n.<\/p>\n<p>Por tanto, vivamos esta ocasi\u00f3n de encuentro, escucha y reflexi\u00f3n como\u00a0<em>un tiempo de gracia<\/em>, hermanos y hermanas, un tiempo de gracia que, en la alegr\u00eda del Evangelio, nos permita captar al menos\u00a0<em>tres oportunidades<\/em>. La primera es la de encaminarnos\u00a0<em>no ocasionalmente<\/em>\u00a0<em>sino estructuralmente<\/em>\u00a0hacia una\u00a0<em>Iglesia sinodal<\/em>; un lugar abierto, donde todos se sientan en casa y puedan participar. El S\u00ednodo tambi\u00e9n nos ofrece una oportunidad para ser\u00a0<em>Iglesia de la escucha<\/em>, para tomarnos una pausa de nuestros ajetreos, para frenar nuestras ansias pastorales y detenernos a escuchar. Escuchar el Esp\u00edritu en la adoraci\u00f3n y la oraci\u00f3n. \u00a1Cu\u00e1nto nos hace falta hoy la oraci\u00f3n de adoraci\u00f3n! Muchos han perdido no s\u00f3lo la costumbre, sino tambi\u00e9n la noci\u00f3n de lo que significa adorar. Escuchar a los hermanos y hermanas acerca de las esperanzas y las crisis de la fe en las diversas partes del mundo, las urgencias de renovaci\u00f3n de la vida pastoral y las se\u00f1ales que provienen de las realidades locales. Por \u00faltimo, tenemos la oportunidad de ser una\u00a0<em>Iglesia de la cercan\u00eda<\/em>. Volvamos siempre al estilo de Dios, el estilo de Dios es cercan\u00eda, compasi\u00f3n y ternura. Dios siempre ha actuado as\u00ed. Si nosotros no llegamos a ser esta Iglesia de la cercan\u00eda con actitudes de compasi\u00f3n y ternura, no seremos la Iglesia del Se\u00f1or. Y esto no s\u00f3lo con las palabras, sino con la presencia, para que se establezcan mayores lazos de amistad con la sociedad y con el mundo. Una Iglesia que no se separa de la vida, sino que se hace cargo de las fragilidades y las pobrezas de nuestro tiempo, curando las heridas y sanando los corazones quebrantados con el b\u00e1lsamo de Dios. No olvidemos el estilo de Dios que nos ha de ayudar: la cercan\u00eda, la compasi\u00f3n y la ternura.<\/p>\n<p>Queridos hermanos y hermanas, que este S\u00ednodo sea un tiempo habitado por el Esp\u00edritu. Porque tenemos necesidad del Esp\u00edritu, del aliento siempre nuevo de Dios, que libera de toda cerraz\u00f3n, revive lo que est\u00e1 muerto, desata las cadenas y difunde la alegr\u00eda. El Esp\u00edritu Santo es Aquel que nos gu\u00eda hacia donde Dios quiere, y no hacia donde nos llevar\u00edan nuestras ideas y nuestros gustos personales. El padre Congar, de santa memoria, recordaba:\u00a0\u201cNo hay que hacer\u00a0<em>otra Iglesia<\/em>, pero, en cierto sentido, hay que hacer una\u00a0<em>Iglesia otra,\u00a0<\/em>distinta\u201d (<em>Verdadera y falsa reforma en la Iglesia<\/em>, Madrid 2014, 213). Y esto es un desaf\u00edo. Por una \u201cIglesia distinta\u201d, abierta a la novedad que Dios le quiere indicar, invoquemos al Esp\u00edritu con m\u00e1s fuerza y frecuencia, y dispong\u00e1monos a escucharlo con humildad, caminando juntos, tal como \u00c9l \u2014creador de la comuni\u00f3n y de la misi\u00f3n\u2014 desea, es decir, con docilidad y valent\u00eda.<\/p>\n<p>Ven, Esp\u00edritu Santo. T\u00fa que suscitas lenguas nuevas y pones en los labios palabras de vida, l\u00edbranos de convertirnos en una Iglesia de museo, hermosa pero muda, con mucho pasado y poco futuro. Ven en medio nuestro, para que en la experiencia sinodal no nos dejemos abrumar por el desencanto, no diluyamos la profec\u00eda, no terminemos por reducirlo todo a discusiones est\u00e9riles. Ven, Esp\u00edritu Santo de amor, disp\u00f3n nuestros corazones a la escucha. Ven, Esp\u00edritu de santidad, renueva al santo Pueblo fiel de Dios. Ven, Esp\u00edritu creador, renueva la faz de la tierra. Am\u00e9n.<\/p>\n<p><strong>\u00a9 Librer\u00eda Editora Vaticana<\/strong><\/p>\n","protected":false},"excerpt":{"rendered":"<p>Discurso del Santo Padre en Momento de Reflexi\u00f3n para el inicio del S\u00ednodo sobre sinodalidad<\/p>\n","protected":false},"author":5,"featured_media":36185,"comment_status":"closed","ping_status":"closed","sticky":false,"template":"","format":"standard","meta":{"_acf_changed":false,"_crdt_document":"","inline_featured_image":false,"footnotes":""},"categories":[124,68,298],"tags":[158,3007,2429],"class_list":["post-36171","post","type-post","status-publish","format-standard","has-post-thumbnail","hentry","category-discursos","category-leon-xiv","category-ultimas-noticias","tag-papa-francisco","tag-sinodalidad-es","tag-sinodo-de-los-obispos"],"acf":[],"yoast_head":"<!-- This site is optimized with the Yoast SEO plugin v27.5 - https:\/\/yoast.com\/product\/yoast-seo-wordpress\/ -->\n<title>3 palabras claves del S\u00ednodo: \u201cComuni\u00f3n, participaci\u00f3n y misi\u00f3n\u201d &#8211; Exaudi<\/title>\n<meta name=\"description\" content=\"El Papa ha subrayado que \u201clas palabras clave del S\u00ednodo son tres: comuni\u00f3n, participaci\u00f3n y misi\u00f3n\u201d en el momento de reflexi\u00f3n de apertura\" \/>\n<meta name=\"robots\" content=\"index, follow, max-snippet:-1, max-image-preview:large, max-video-preview:-1\" \/>\n<link rel=\"canonical\" href=\"https:\/\/exaudi.org\/es\/3-palabras-claves-del-sinodo-comunion-participacion-y-mision\/\" \/>\n<meta property=\"og:locale\" content=\"es_ES\" \/>\n<meta property=\"og:type\" content=\"article\" \/>\n<meta property=\"og:title\" content=\"3 palabras claves del S\u00ednodo: \u201cComuni\u00f3n, participaci\u00f3n y misi\u00f3n\u201d &#8211; Exaudi\" \/>\n<meta property=\"og:description\" content=\"El Papa ha subrayado que \u201clas palabras clave del S\u00ednodo son tres: comuni\u00f3n, participaci\u00f3n y misi\u00f3n\u201d en el momento de reflexi\u00f3n de apertura\" \/>\n<meta property=\"og:url\" content=\"https:\/\/exaudi.org\/es\/3-palabras-claves-del-sinodo-comunion-participacion-y-mision\/\" \/>\n<meta property=\"og:site_name\" content=\"Exaudi\" \/>\n<meta property=\"article:publisher\" content=\"https:\/\/www.facebook.com\/ExaudiNews\" \/>\n<meta property=\"article:published_time\" content=\"2021-10-09T09:14:26+00:00\" \/>\n<meta property=\"article:modified_time\" content=\"2021-10-11T06:34:32+00:00\" \/>\n<meta property=\"og:image\" content=\"https:\/\/exaudi.org\/wp-content\/uploads\/2021\/10\/DSC3760-scaled.jpg\" \/>\n\t<meta property=\"og:image:width\" content=\"2560\" \/>\n\t<meta property=\"og:image:height\" content=\"1707\" \/>\n\t<meta property=\"og:image:type\" content=\"image\/jpeg\" \/>\n<meta name=\"author\" content=\"Larissa I. L\u00f3pez\" \/>\n<meta name=\"twitter:card\" content=\"summary_large_image\" \/>\n<meta name=\"twitter:creator\" content=\"@Exaudi_News\" \/>\n<meta name=\"twitter:site\" content=\"@Exaudi_News\" \/>\n<meta name=\"twitter:label1\" content=\"Escrito por\" \/>\n\t<meta name=\"twitter:data1\" content=\"Larissa I. L\u00f3pez\" \/>\n\t<meta name=\"twitter:label2\" content=\"Tiempo de lectura\" \/>\n\t<meta name=\"twitter:data2\" content=\"14 minutos\" \/>\n<script type=\"application\/ld+json\" class=\"yoast-schema-graph\">{\"@context\":\"https:\\\/\\\/schema.org\",\"@graph\":[{\"@type\":\"Article\",\"@id\":\"https:\\\/\\\/exaudi.org\\\/es\\\/3-palabras-claves-del-sinodo-comunion-participacion-y-mision\\\/#article\",\"isPartOf\":{\"@id\":\"https:\\\/\\\/exaudi.org\\\/es\\\/3-palabras-claves-del-sinodo-comunion-participacion-y-mision\\\/\"},\"author\":{\"name\":\"Larissa I. L\u00f3pez\",\"@id\":\"https:\\\/\\\/exaudi.org\\\/#\\\/schema\\\/person\\\/7d2f77db033c2c0929edfab6dbe8c588\"},\"headline\":\"3 palabras claves del S\u00ednodo: \u201cComuni\u00f3n, participaci\u00f3n y misi\u00f3n\u201d\",\"datePublished\":\"2021-10-09T09:14:26+00:00\",\"dateModified\":\"2021-10-11T06:34:32+00:00\",\"mainEntityOfPage\":{\"@id\":\"https:\\\/\\\/exaudi.org\\\/es\\\/3-palabras-claves-del-sinodo-comunion-participacion-y-mision\\\/\"},\"wordCount\":3125,\"image\":{\"@id\":\"https:\\\/\\\/exaudi.org\\\/es\\\/3-palabras-claves-del-sinodo-comunion-participacion-y-mision\\\/#primaryimage\"},\"thumbnailUrl\":\"https:\\\/\\\/exaudi.org\\\/wp-content\\\/uploads\\\/2021\\\/10\\\/DSC3760-scaled.jpg\",\"keywords\":[\"papa francisco\",\"Sinodalidad\",\"S\u00ednodo de los obispos\"],\"articleSection\":[\"Discursos\",\"Le\u00f3n XIV\",\"\u00daltimas noticias\"],\"inLanguage\":\"es\"},{\"@type\":\"WebPage\",\"@id\":\"https:\\\/\\\/exaudi.org\\\/es\\\/3-palabras-claves-del-sinodo-comunion-participacion-y-mision\\\/\",\"url\":\"https:\\\/\\\/exaudi.org\\\/es\\\/3-palabras-claves-del-sinodo-comunion-participacion-y-mision\\\/\",\"name\":\"3 palabras claves del S\u00ednodo: \u201cComuni\u00f3n, participaci\u00f3n y misi\u00f3n\u201d &#8211; Exaudi\",\"isPartOf\":{\"@id\":\"https:\\\/\\\/exaudi.org\\\/#website\"},\"primaryImageOfPage\":{\"@id\":\"https:\\\/\\\/exaudi.org\\\/es\\\/3-palabras-claves-del-sinodo-comunion-participacion-y-mision\\\/#primaryimage\"},\"image\":{\"@id\":\"https:\\\/\\\/exaudi.org\\\/es\\\/3-palabras-claves-del-sinodo-comunion-participacion-y-mision\\\/#primaryimage\"},\"thumbnailUrl\":\"https:\\\/\\\/exaudi.org\\\/wp-content\\\/uploads\\\/2021\\\/10\\\/DSC3760-scaled.jpg\",\"datePublished\":\"2021-10-09T09:14:26+00:00\",\"dateModified\":\"2021-10-11T06:34:32+00:00\",\"author\":{\"@id\":\"https:\\\/\\\/exaudi.org\\\/#\\\/schema\\\/person\\\/7d2f77db033c2c0929edfab6dbe8c588\"},\"description\":\"El Papa ha subrayado que \u201clas palabras clave del S\u00ednodo son tres: comuni\u00f3n, participaci\u00f3n y misi\u00f3n\u201d en el momento de reflexi\u00f3n de apertura\",\"breadcrumb\":{\"@id\":\"https:\\\/\\\/exaudi.org\\\/es\\\/3-palabras-claves-del-sinodo-comunion-participacion-y-mision\\\/#breadcrumb\"},\"inLanguage\":\"es\",\"potentialAction\":[{\"@type\":\"ReadAction\",\"target\":[\"https:\\\/\\\/exaudi.org\\\/es\\\/3-palabras-claves-del-sinodo-comunion-participacion-y-mision\\\/\"]}]},{\"@type\":\"ImageObject\",\"inLanguage\":\"es\",\"@id\":\"https:\\\/\\\/exaudi.org\\\/es\\\/3-palabras-claves-del-sinodo-comunion-participacion-y-mision\\\/#primaryimage\",\"url\":\"https:\\\/\\\/exaudi.org\\\/wp-content\\\/uploads\\\/2021\\\/10\\\/DSC3760-scaled.jpg\",\"contentUrl\":\"https:\\\/\\\/exaudi.org\\\/wp-content\\\/uploads\\\/2021\\\/10\\\/DSC3760-scaled.jpg\",\"width\":2560,\"height\":1707,\"caption\":\"Momento de reflexi\u00f3n ante la apertura del S\u00ednodo sobre sinodalidad, 9 de oct. 2021 \u00a9 Vatican Media\"},{\"@type\":\"BreadcrumbList\",\"@id\":\"https:\\\/\\\/exaudi.org\\\/es\\\/3-palabras-claves-del-sinodo-comunion-participacion-y-mision\\\/#breadcrumb\",\"itemListElement\":[{\"@type\":\"ListItem\",\"position\":1,\"name\":\"Portada\",\"item\":\"https:\\\/\\\/exaudi.org\\\/es\\\/\"},{\"@type\":\"ListItem\",\"position\":2,\"name\":\"3 palabras claves del S\u00ednodo: \u201cComuni\u00f3n, participaci\u00f3n y misi\u00f3n\u201d\"}]},{\"@type\":\"WebSite\",\"@id\":\"https:\\\/\\\/exaudi.org\\\/#website\",\"url\":\"https:\\\/\\\/exaudi.org\\\/\",\"name\":\"Exaudi\",\"description\":\"News\",\"potentialAction\":[{\"@type\":\"SearchAction\",\"target\":{\"@type\":\"EntryPoint\",\"urlTemplate\":\"https:\\\/\\\/exaudi.org\\\/?s={search_term_string}\"},\"query-input\":{\"@type\":\"PropertyValueSpecification\",\"valueRequired\":true,\"valueName\":\"search_term_string\"}}],\"inLanguage\":\"es\"},{\"@type\":\"Person\",\"@id\":\"https:\\\/\\\/exaudi.org\\\/#\\\/schema\\\/person\\\/7d2f77db033c2c0929edfab6dbe8c588\",\"name\":\"Larissa I. L\u00f3pez\",\"image\":{\"@type\":\"ImageObject\",\"inLanguage\":\"es\",\"@id\":\"https:\\\/\\\/secure.gravatar.com\\\/avatar\\\/db3ef399ff343d0bb9d25dc5198bc8ece5ac6d621eca79876697a354dabc1e3f?s=96&d=mm&r=g\",\"url\":\"https:\\\/\\\/secure.gravatar.com\\\/avatar\\\/db3ef399ff343d0bb9d25dc5198bc8ece5ac6d621eca79876697a354dabc1e3f?s=96&d=mm&r=g\",\"contentUrl\":\"https:\\\/\\\/secure.gravatar.com\\\/avatar\\\/db3ef399ff343d0bb9d25dc5198bc8ece5ac6d621eca79876697a354dabc1e3f?s=96&d=mm&r=g\",\"caption\":\"Larissa I. L\u00f3pez\"},\"description\":\"Doctora en Comunicaci\u00f3n. Mi trayectoria profesional ha transcurrido entre el \u00e1mbito de la comunicaci\u00f3n y el de la docencia. En los \u00faltimos a\u00f1os, he trabajado como coordinadora y redactora de la edici\u00f3n de ZENIT en espa\u00f1ol. Como profesora, he impartido clases en la universidad y en centros de FP y bachillerato. Cordobesa de nacimiento, tambi\u00e9n he vivido en Sevilla, Madrid y Roma\",\"url\":\"https:\\\/\\\/exaudi.org\\\/es\\\/author\\\/llopezexaudi-org\\\/\"}]}<\/script>\n<!-- \/ Yoast SEO plugin. -->","yoast_head_json":{"title":"3 palabras claves del S\u00ednodo: \u201cComuni\u00f3n, participaci\u00f3n y misi\u00f3n\u201d &#8211; Exaudi","description":"El Papa ha subrayado que \u201clas palabras clave del S\u00ednodo son tres: comuni\u00f3n, participaci\u00f3n y misi\u00f3n\u201d en el momento de reflexi\u00f3n de apertura","robots":{"index":"index","follow":"follow","max-snippet":"max-snippet:-1","max-image-preview":"max-image-preview:large","max-video-preview":"max-video-preview:-1"},"canonical":"https:\/\/exaudi.org\/es\/3-palabras-claves-del-sinodo-comunion-participacion-y-mision\/","og_locale":"es_ES","og_type":"article","og_title":"3 palabras claves del S\u00ednodo: \u201cComuni\u00f3n, participaci\u00f3n y misi\u00f3n\u201d &#8211; Exaudi","og_description":"El Papa ha subrayado que \u201clas palabras clave del S\u00ednodo son tres: comuni\u00f3n, participaci\u00f3n y misi\u00f3n\u201d en el momento de reflexi\u00f3n de apertura","og_url":"https:\/\/exaudi.org\/es\/3-palabras-claves-del-sinodo-comunion-participacion-y-mision\/","og_site_name":"Exaudi","article_publisher":"https:\/\/www.facebook.com\/ExaudiNews","article_published_time":"2021-10-09T09:14:26+00:00","article_modified_time":"2021-10-11T06:34:32+00:00","og_image":[{"width":2560,"height":1707,"url":"https:\/\/exaudi.org\/wp-content\/uploads\/2021\/10\/DSC3760-scaled.jpg","type":"image\/jpeg"}],"author":"Larissa I. L\u00f3pez","twitter_card":"summary_large_image","twitter_creator":"@Exaudi_News","twitter_site":"@Exaudi_News","twitter_misc":{"Escrito por":"Larissa I. L\u00f3pez","Tiempo de lectura":"14 minutos"},"schema":{"@context":"https:\/\/schema.org","@graph":[{"@type":"Article","@id":"https:\/\/exaudi.org\/es\/3-palabras-claves-del-sinodo-comunion-participacion-y-mision\/#article","isPartOf":{"@id":"https:\/\/exaudi.org\/es\/3-palabras-claves-del-sinodo-comunion-participacion-y-mision\/"},"author":{"name":"Larissa I. L\u00f3pez","@id":"https:\/\/exaudi.org\/#\/schema\/person\/7d2f77db033c2c0929edfab6dbe8c588"},"headline":"3 palabras claves del S\u00ednodo: \u201cComuni\u00f3n, participaci\u00f3n y misi\u00f3n\u201d","datePublished":"2021-10-09T09:14:26+00:00","dateModified":"2021-10-11T06:34:32+00:00","mainEntityOfPage":{"@id":"https:\/\/exaudi.org\/es\/3-palabras-claves-del-sinodo-comunion-participacion-y-mision\/"},"wordCount":3125,"image":{"@id":"https:\/\/exaudi.org\/es\/3-palabras-claves-del-sinodo-comunion-participacion-y-mision\/#primaryimage"},"thumbnailUrl":"https:\/\/exaudi.org\/wp-content\/uploads\/2021\/10\/DSC3760-scaled.jpg","keywords":["papa francisco","Sinodalidad","S\u00ednodo de los obispos"],"articleSection":["Discursos","Le\u00f3n XIV","\u00daltimas noticias"],"inLanguage":"es"},{"@type":"WebPage","@id":"https:\/\/exaudi.org\/es\/3-palabras-claves-del-sinodo-comunion-participacion-y-mision\/","url":"https:\/\/exaudi.org\/es\/3-palabras-claves-del-sinodo-comunion-participacion-y-mision\/","name":"3 palabras claves del S\u00ednodo: \u201cComuni\u00f3n, participaci\u00f3n y misi\u00f3n\u201d &#8211; Exaudi","isPartOf":{"@id":"https:\/\/exaudi.org\/#website"},"primaryImageOfPage":{"@id":"https:\/\/exaudi.org\/es\/3-palabras-claves-del-sinodo-comunion-participacion-y-mision\/#primaryimage"},"image":{"@id":"https:\/\/exaudi.org\/es\/3-palabras-claves-del-sinodo-comunion-participacion-y-mision\/#primaryimage"},"thumbnailUrl":"https:\/\/exaudi.org\/wp-content\/uploads\/2021\/10\/DSC3760-scaled.jpg","datePublished":"2021-10-09T09:14:26+00:00","dateModified":"2021-10-11T06:34:32+00:00","author":{"@id":"https:\/\/exaudi.org\/#\/schema\/person\/7d2f77db033c2c0929edfab6dbe8c588"},"description":"El Papa ha subrayado que \u201clas palabras clave del S\u00ednodo son tres: comuni\u00f3n, participaci\u00f3n y misi\u00f3n\u201d en el momento de reflexi\u00f3n de apertura","breadcrumb":{"@id":"https:\/\/exaudi.org\/es\/3-palabras-claves-del-sinodo-comunion-participacion-y-mision\/#breadcrumb"},"inLanguage":"es","potentialAction":[{"@type":"ReadAction","target":["https:\/\/exaudi.org\/es\/3-palabras-claves-del-sinodo-comunion-participacion-y-mision\/"]}]},{"@type":"ImageObject","inLanguage":"es","@id":"https:\/\/exaudi.org\/es\/3-palabras-claves-del-sinodo-comunion-participacion-y-mision\/#primaryimage","url":"https:\/\/exaudi.org\/wp-content\/uploads\/2021\/10\/DSC3760-scaled.jpg","contentUrl":"https:\/\/exaudi.org\/wp-content\/uploads\/2021\/10\/DSC3760-scaled.jpg","width":2560,"height":1707,"caption":"Momento de reflexi\u00f3n ante la apertura del S\u00ednodo sobre sinodalidad, 9 de oct. 2021 \u00a9 Vatican Media"},{"@type":"BreadcrumbList","@id":"https:\/\/exaudi.org\/es\/3-palabras-claves-del-sinodo-comunion-participacion-y-mision\/#breadcrumb","itemListElement":[{"@type":"ListItem","position":1,"name":"Portada","item":"https:\/\/exaudi.org\/es\/"},{"@type":"ListItem","position":2,"name":"3 palabras claves del S\u00ednodo: \u201cComuni\u00f3n, participaci\u00f3n y misi\u00f3n\u201d"}]},{"@type":"WebSite","@id":"https:\/\/exaudi.org\/#website","url":"https:\/\/exaudi.org\/","name":"Exaudi","description":"News","potentialAction":[{"@type":"SearchAction","target":{"@type":"EntryPoint","urlTemplate":"https:\/\/exaudi.org\/?s={search_term_string}"},"query-input":{"@type":"PropertyValueSpecification","valueRequired":true,"valueName":"search_term_string"}}],"inLanguage":"es"},{"@type":"Person","@id":"https:\/\/exaudi.org\/#\/schema\/person\/7d2f77db033c2c0929edfab6dbe8c588","name":"Larissa I. L\u00f3pez","image":{"@type":"ImageObject","inLanguage":"es","@id":"https:\/\/secure.gravatar.com\/avatar\/db3ef399ff343d0bb9d25dc5198bc8ece5ac6d621eca79876697a354dabc1e3f?s=96&d=mm&r=g","url":"https:\/\/secure.gravatar.com\/avatar\/db3ef399ff343d0bb9d25dc5198bc8ece5ac6d621eca79876697a354dabc1e3f?s=96&d=mm&r=g","contentUrl":"https:\/\/secure.gravatar.com\/avatar\/db3ef399ff343d0bb9d25dc5198bc8ece5ac6d621eca79876697a354dabc1e3f?s=96&d=mm&r=g","caption":"Larissa I. L\u00f3pez"},"description":"Doctora en Comunicaci\u00f3n. Mi trayectoria profesional ha transcurrido entre el \u00e1mbito de la comunicaci\u00f3n y el de la docencia. En los \u00faltimos a\u00f1os, he trabajado como coordinadora y redactora de la edici\u00f3n de ZENIT en espa\u00f1ol. Como profesora, he impartido clases en la universidad y en centros de FP y bachillerato. Cordobesa de nacimiento, tambi\u00e9n he vivido en Sevilla, Madrid y Roma","url":"https:\/\/exaudi.org\/es\/author\/llopezexaudi-org\/"}]}},"jetpack_featured_media_url":"https:\/\/exaudi.org\/wp-content\/uploads\/2021\/10\/DSC3760-scaled.jpg","jetpack_shortlink":"https:\/\/wp.me\/pgKjF2-9pp","_links":{"self":[{"href":"https:\/\/exaudi.org\/es\/wp-json\/wp\/v2\/posts\/36171","targetHints":{"allow":["GET"]}}],"collection":[{"href":"https:\/\/exaudi.org\/es\/wp-json\/wp\/v2\/posts"}],"about":[{"href":"https:\/\/exaudi.org\/es\/wp-json\/wp\/v2\/types\/post"}],"author":[{"embeddable":true,"href":"https:\/\/exaudi.org\/es\/wp-json\/wp\/v2\/users\/5"}],"replies":[{"embeddable":true,"href":"https:\/\/exaudi.org\/es\/wp-json\/wp\/v2\/comments?post=36171"}],"version-history":[{"count":0,"href":"https:\/\/exaudi.org\/es\/wp-json\/wp\/v2\/posts\/36171\/revisions"}],"wp:featuredmedia":[{"embeddable":true,"href":"https:\/\/exaudi.org\/es\/wp-json\/wp\/v2\/media\/36185"}],"wp:attachment":[{"href":"https:\/\/exaudi.org\/es\/wp-json\/wp\/v2\/media?parent=36171"}],"wp:term":[{"taxonomy":"category","embeddable":true,"href":"https:\/\/exaudi.org\/es\/wp-json\/wp\/v2\/categories?post=36171"},{"taxonomy":"post_tag","embeddable":true,"href":"https:\/\/exaudi.org\/es\/wp-json\/wp\/v2\/tags?post=36171"}],"curies":[{"name":"wp","href":"https:\/\/api.w.org\/{rel}","templated":true}]}}