{"id":36126,"date":"2021-10-09T10:29:03","date_gmt":"2021-10-09T08:29:03","guid":{"rendered":"https:\/\/exaudi.wpengine.com\/?p=36126"},"modified":"2021-10-10T14:25:01","modified_gmt":"2021-10-10T12:25:01","slug":"monsenor-cabrejos-sinodo-caminar-juntos","status":"publish","type":"post","link":"https:\/\/exaudi.org\/es\/monsenor-cabrejos-sinodo-caminar-juntos\/","title":{"rendered":"Monse\u00f1or Cabrejos: El S\u00ednodo \u201csignifica caminar juntos\u201d"},"content":{"rendered":"<p>En el marco de la <a href=\"https:\/\/exaudi.wpengine.com\/es\/3-palabras-claves-del-sinodo-comunion-participacion-y-mision\/\" target=\"_blank\" rel=\"noopener\">apertura del S\u00ednodo de los Obispos<\/a> con la Misa presidida por el Papa Francisco ma\u00f1ana, 10 de octubre de 2021, monse\u00f1or Miguel Cabrejos, presidente del <a href=\"https:\/\/www.celam.org\/\" target=\"_blank\" rel=\"noopener\">Consejo Episcopal Latinoamericano<\/a> (CELAM), explica en una entrevista con la radio del Vaticano El S\u00ednodo \u201csignifica caminar juntos, \u00a1todos nosotros! No s\u00f3lo los obispos, sino todo el pueblo de Dios\u201d.<\/p>\n<p>El prelado tambi\u00e9n manifiesta que escuchar es la mejor preparaci\u00f3n para el S\u00ednodo y habla sobre el rostro de la Iglesia convocada a esta importante cita con el Papa Francisco. Asimismo, realiza una reflexi\u00f3n sobre los inmigrantes: No se puede ignorar su grito. El suyo, informa Vatican News, \u201ces el testimonio de quien sabe que est\u00e1 a punto de comenzar una cita hist\u00f3rica para la Iglesia universal\u201d: El primer S\u00ednodo precedido de un nuevo itinerario deseado y aprobado por el Papa la pasada primavera.<\/p>\n<p>A continuaci\u00f3n, sigue la entrevista completa de Radio Vaticana a monse\u00f1or Cabrejos.<\/p>\n<p>***<\/p>\n<p><strong>\u00bfC\u00f3mo se prepara la Iglesia latinoamericana para el S\u00ednodo?<\/strong><\/p>\n<p>Hemos iniciado la preparaci\u00f3n sobre todo con la celebraci\u00f3n de la primera Asamblea Eclesial, con el tema \u201cAparecida: memoria y desaf\u00edos actuales\u201d. El Papa lo tiene muy presente, \u201cmi esperanza\u201d, dijo Francisco, \u201ces la Asamblea Eclesial\u201d. Por nuestra parte ha habido un esfuerzo sin precedentes, hemos llegado a preguntar a 70.000 personas, a t\u00edtulo individual y en grupo, sobre esta Asamblea.<\/p>\n<p>Creo que la escucha es la mejor preparaci\u00f3n que existe para el S\u00ednodo de la Sinodalidad. Habr\u00e1 una gran escucha a nivel de todos los continentes a trav\u00e9s de la Iglesia universal y hemos empezado esta escucha con estas preguntas al pueblo de Dios, que han dado lugar a un documento de 200 p\u00e1ginas.<\/p>\n<p><strong>La Iglesia latinoamericana vive ya una experiencia sinodal permanente por el tipo de relaci\u00f3n que se establece entre las di\u00f3cesis y las Conferencias Episcopales. \u00bfQu\u00e9 valor a\u00f1adido aporta este nuevo itinerario deseado por el Papa? \u00bfQu\u00e9 frutos espera?<\/strong><\/p>\n<p>Como he dicho antes, esta gran escucha del pueblo de Dios tiene un enorme valor para nosotros. Nuestra experiencia, como Iglesia latinoamericana, comenz\u00f3 en R\u00edo de Janeiro, pero yo dir\u00eda que ya en Medell\u00edn donde hubo esta escucha, esta consulta del pueblo de Dios. Los fieles, los laicos, los religiosos, los obispos, los cardenales, todos participaron en esta petici\u00f3n. Esta es la novedad. Despu\u00e9s habr\u00e1 preguntas, una consulta a los episcopados, pero ahora los protagonistas son los fieles. Una pir\u00e1mide invertida.<\/p>\n<p>\u00bfQu\u00e9 esperamos? Hay mucha esperanza. Son muchos los retos que Aparecida se propuso, pero que a\u00fan no se han concretado. S\u00ednodo significa caminar juntos, \u00a1pero todos! No s\u00f3lo los obispos, sino los fieles y los pastores, todos juntos. Caminar para discernir, para comprender lo que Dios nos pide en este momento de la historia. Creo que el S\u00ednodo sobre la sinodalidad dar\u00e1 lugar a una fuerte demanda en este sentido, es un imperativo que est\u00e1 tomando forma en este momento.<\/p>\n<p><strong>Este verano hemos visto la crisis migratoria en la frontera entre Colombia y Panam\u00e1 y hemos sido testigos de otras situaciones dram\u00e1ticas como la de Hait\u00ed. Usted ha pedido repetidamente soluciones integrales para los migrantes, siguiendo la perspectiva indicada por Francisco: acoger, proteger, promover e integrar. \u00bfD\u00f3nde estamos ahora?<\/strong><\/p>\n<p>Creo que como Iglesia estamos respondiendo a la llamada del Papa a la solidaridad, a la participaci\u00f3n, a la comuni\u00f3n, a la fraternidad, incluso a la amistad social. Las cifras son grandes: s\u00f3lo en Per\u00fa, por ejemplo, hay un mill\u00f3n y medio de venezolanos, pero tambi\u00e9n muchos haitianos y personas de otros pa\u00edses. Ha habido grandes esfuerzos y tambi\u00e9n importantes reuniones entre nosotros, los obispos. Yo, por ejemplo, he estado como presidente del CELAM en la frontera entre Colombia y Venezuela. Todas estas reuniones no son suficientes, porque creo que el punto central, la verdadera cuesti\u00f3n es: \u00bfqui\u00e9n nos escucha, qui\u00e9n oye este grito?<\/p>\n<p>La Iglesia escucha, pero no tiene poder coercitivo. Puede invocar, pedir. Pero son los gobernantes los que deben intervenir, pero no escuchan realmente este lamento humano. Un verdadero lamento humano. Todos somos emigrantes, ya sea porque hemos nacido en un lugar diferente al que vivimos o porque nuestras ra\u00edces est\u00e1n en otro lugar. Los que niegan su condici\u00f3n de inmigrantes se niegan a s\u00ed mismos, y hacerlo es un error. Los gobernantes, sin embargo, ven esto como un problema, hablan de invasi\u00f3n cuando en realidad no s\u00f3lo somos todos migrantes, sino que todos estamos en tr\u00e1nsito en la vida misma.<\/p>\n","protected":false},"excerpt":{"rendered":"<p>Entrevista con Radio Vaticana<\/p>\n","protected":false},"author":15,"featured_media":36132,"comment_status":"closed","ping_status":"closed","sticky":false,"template":"","format":"standard","meta":{"_acf_changed":false,"_crdt_document":"","inline_featured_image":false,"footnotes":""},"categories":[110,144,2158,298],"tags":[2909,3007,4460],"class_list":["post-36126","post","type-post","status-publish","format-standard","has-post-thumbnail","hentry","category-sinodos","category-sinodos-es","category-top-ultimas-noticias","category-ultimas-noticias","tag-monsenor-miguel-cabrejos-vidarte","tag-sinodalidad-es","tag-sinodo-es"],"acf":[],"yoast_head":"<!-- This site is optimized with the Yoast SEO plugin v27.5 - https:\/\/yoast.com\/product\/yoast-seo-wordpress\/ -->\n<title>Monse\u00f1or Cabrejos: El S\u00ednodo \u201csignifica caminar juntos\u201d<\/title>\n<meta name=\"description\" content=\"En una entrevista con la Radio del Vaticano, Monse\u00f1or Cabrejos, presidente del CELAM, explica que el S\u00ednod &quot;significa caminar juntos&quot;\" \/>\n<meta name=\"robots\" content=\"index, follow, max-snippet:-1, max-image-preview:large, max-video-preview:-1\" \/>\n<link rel=\"canonical\" href=\"https:\/\/exaudi.org\/es\/monsenor-cabrejos-sinodo-caminar-juntos\/\" \/>\n<meta property=\"og:locale\" content=\"es_ES\" \/>\n<meta property=\"og:type\" content=\"article\" \/>\n<meta property=\"og:title\" content=\"Monse\u00f1or Cabrejos: El S\u00ednodo \u201csignifica caminar juntos\u201d\" \/>\n<meta property=\"og:description\" content=\"En una entrevista con la Radio del Vaticano, Monse\u00f1or Cabrejos, presidente del CELAM, explica que el S\u00ednod &quot;significa caminar juntos&quot;\" \/>\n<meta property=\"og:url\" content=\"https:\/\/exaudi.org\/es\/monsenor-cabrejos-sinodo-caminar-juntos\/\" \/>\n<meta property=\"og:site_name\" content=\"Exaudi\" \/>\n<meta property=\"article:publisher\" content=\"https:\/\/www.facebook.com\/ExaudiNews\" \/>\n<meta property=\"article:author\" content=\"https:\/\/www.facebook.com\/ExaudiNoticias\/\" \/>\n<meta property=\"article:published_time\" content=\"2021-10-09T08:29:03+00:00\" \/>\n<meta property=\"article:modified_time\" content=\"2021-10-10T12:25:01+00:00\" \/>\n<meta property=\"og:image\" content=\"https:\/\/exaudi.org\/wp-content\/uploads\/2021\/10\/6sdf465sd4fds.jpeg\" \/>\n\t<meta property=\"og:image:width\" content=\"1455\" \/>\n\t<meta property=\"og:image:height\" content=\"818\" \/>\n\t<meta property=\"og:image:type\" content=\"image\/jpeg\" \/>\n<meta name=\"author\" content=\"Exaudi Redacci\u00f3n\" \/>\n<meta name=\"twitter:card\" content=\"summary_large_image\" \/>\n<meta name=\"twitter:creator\" content=\"@Exaudi_noticias\" \/>\n<meta name=\"twitter:site\" content=\"@Exaudi_News\" \/>\n<meta name=\"twitter:label1\" content=\"Escrito por\" \/>\n\t<meta name=\"twitter:data1\" content=\"Exaudi Redacci\u00f3n\" \/>\n\t<meta name=\"twitter:label2\" content=\"Tiempo de lectura\" \/>\n\t<meta name=\"twitter:data2\" content=\"4 minutos\" \/>\n<script type=\"application\/ld+json\" class=\"yoast-schema-graph\">{\"@context\":\"https:\\\/\\\/schema.org\",\"@graph\":[{\"@type\":\"Article\",\"@id\":\"https:\\\/\\\/exaudi.org\\\/es\\\/monsenor-cabrejos-sinodo-caminar-juntos\\\/#article\",\"isPartOf\":{\"@id\":\"https:\\\/\\\/exaudi.org\\\/es\\\/monsenor-cabrejos-sinodo-caminar-juntos\\\/\"},\"author\":{\"name\":\"Exaudi Redacci\u00f3n\",\"@id\":\"https:\\\/\\\/exaudi.org\\\/#\\\/schema\\\/person\\\/f5fc8f063065e38742da7afe15f25df7\"},\"headline\":\"Monse\u00f1or Cabrejos: El S\u00ednodo \u201csignifica caminar juntos\u201d\",\"datePublished\":\"2021-10-09T08:29:03+00:00\",\"dateModified\":\"2021-10-10T12:25:01+00:00\",\"mainEntityOfPage\":{\"@id\":\"https:\\\/\\\/exaudi.org\\\/es\\\/monsenor-cabrejos-sinodo-caminar-juntos\\\/\"},\"wordCount\":791,\"image\":{\"@id\":\"https:\\\/\\\/exaudi.org\\\/es\\\/monsenor-cabrejos-sinodo-caminar-juntos\\\/#primaryimage\"},\"thumbnailUrl\":\"https:\\\/\\\/exaudi.org\\\/wp-content\\\/uploads\\\/2021\\\/10\\\/6sdf465sd4fds.jpeg\",\"keywords\":[\"Monse\u00f1or Miguel Cabrejos Vidarte\",\"Sinodalidad\",\"Sinodo\"],\"articleSection\":[\"Sinodos\",\"S\u00ednodos\",\"Top Ultimas Noticias\",\"\u00daltimas noticias\"],\"inLanguage\":\"es\"},{\"@type\":\"WebPage\",\"@id\":\"https:\\\/\\\/exaudi.org\\\/es\\\/monsenor-cabrejos-sinodo-caminar-juntos\\\/\",\"url\":\"https:\\\/\\\/exaudi.org\\\/es\\\/monsenor-cabrejos-sinodo-caminar-juntos\\\/\",\"name\":\"Monse\u00f1or Cabrejos: El S\u00ednodo \u201csignifica caminar juntos\u201d\",\"isPartOf\":{\"@id\":\"https:\\\/\\\/exaudi.org\\\/#website\"},\"primaryImageOfPage\":{\"@id\":\"https:\\\/\\\/exaudi.org\\\/es\\\/monsenor-cabrejos-sinodo-caminar-juntos\\\/#primaryimage\"},\"image\":{\"@id\":\"https:\\\/\\\/exaudi.org\\\/es\\\/monsenor-cabrejos-sinodo-caminar-juntos\\\/#primaryimage\"},\"thumbnailUrl\":\"https:\\\/\\\/exaudi.org\\\/wp-content\\\/uploads\\\/2021\\\/10\\\/6sdf465sd4fds.jpeg\",\"datePublished\":\"2021-10-09T08:29:03+00:00\",\"dateModified\":\"2021-10-10T12:25:01+00:00\",\"author\":{\"@id\":\"https:\\\/\\\/exaudi.org\\\/#\\\/schema\\\/person\\\/f5fc8f063065e38742da7afe15f25df7\"},\"description\":\"En una entrevista con la Radio del Vaticano, Monse\u00f1or Cabrejos, presidente del CELAM, explica que el S\u00ednod \\\"significa caminar juntos\\\"\",\"breadcrumb\":{\"@id\":\"https:\\\/\\\/exaudi.org\\\/es\\\/monsenor-cabrejos-sinodo-caminar-juntos\\\/#breadcrumb\"},\"inLanguage\":\"es\",\"potentialAction\":[{\"@type\":\"ReadAction\",\"target\":[\"https:\\\/\\\/exaudi.org\\\/es\\\/monsenor-cabrejos-sinodo-caminar-juntos\\\/\"]}]},{\"@type\":\"ImageObject\",\"inLanguage\":\"es\",\"@id\":\"https:\\\/\\\/exaudi.org\\\/es\\\/monsenor-cabrejos-sinodo-caminar-juntos\\\/#primaryimage\",\"url\":\"https:\\\/\\\/exaudi.org\\\/wp-content\\\/uploads\\\/2021\\\/10\\\/6sdf465sd4fds.jpeg\",\"contentUrl\":\"https:\\\/\\\/exaudi.org\\\/wp-content\\\/uploads\\\/2021\\\/10\\\/6sdf465sd4fds.jpeg\",\"width\":1455,\"height\":818,\"caption\":\"El Papa con monse\u00f1or Cabrejos \u00a9 Vatican Media\"},{\"@type\":\"BreadcrumbList\",\"@id\":\"https:\\\/\\\/exaudi.org\\\/es\\\/monsenor-cabrejos-sinodo-caminar-juntos\\\/#breadcrumb\",\"itemListElement\":[{\"@type\":\"ListItem\",\"position\":1,\"name\":\"Portada\",\"item\":\"https:\\\/\\\/exaudi.org\\\/es\\\/\"},{\"@type\":\"ListItem\",\"position\":2,\"name\":\"Monse\u00f1or Cabrejos: El S\u00ednodo \u201csignifica caminar juntos\u201d\"}]},{\"@type\":\"WebSite\",\"@id\":\"https:\\\/\\\/exaudi.org\\\/#website\",\"url\":\"https:\\\/\\\/exaudi.org\\\/\",\"name\":\"Exaudi\",\"description\":\"News\",\"potentialAction\":[{\"@type\":\"SearchAction\",\"target\":{\"@type\":\"EntryPoint\",\"urlTemplate\":\"https:\\\/\\\/exaudi.org\\\/?s={search_term_string}\"},\"query-input\":{\"@type\":\"PropertyValueSpecification\",\"valueRequired\":true,\"valueName\":\"search_term_string\"}}],\"inLanguage\":\"es\"},{\"@type\":\"Person\",\"@id\":\"https:\\\/\\\/exaudi.org\\\/#\\\/schema\\\/person\\\/f5fc8f063065e38742da7afe15f25df7\",\"name\":\"Exaudi Redacci\u00f3n\",\"image\":{\"@type\":\"ImageObject\",\"inLanguage\":\"es\",\"@id\":\"https:\\\/\\\/secure.gravatar.com\\\/avatar\\\/fe0f6a059fb68d9b3e11bc5850dd4899b1c7492091a3cb6dd9b01b56ad828be2?s=96&d=mm&r=g\",\"url\":\"https:\\\/\\\/secure.gravatar.com\\\/avatar\\\/fe0f6a059fb68d9b3e11bc5850dd4899b1c7492091a3cb6dd9b01b56ad828be2?s=96&d=mm&r=g\",\"contentUrl\":\"https:\\\/\\\/secure.gravatar.com\\\/avatar\\\/fe0f6a059fb68d9b3e11bc5850dd4899b1c7492091a3cb6dd9b01b56ad828be2?s=96&d=mm&r=g\",\"caption\":\"Exaudi Redacci\u00f3n\"},\"description\":\"\u00bfQu\u00e9 es Exaudi News? Exaudi News es un medio de comunicaci\u00f3n cat\u00f3lico internacional que informa, forma y transforma, diariamente en espa\u00f1ol, ingl\u00e9s e italiano. A trav\u00e9s de noticias, art\u00edculos de an\u00e1lisis y transmisiones en directo de los eventos del Papa, Exaudi busca fortalecer la unidad de los cristianos y contribuir a la evangelizaci\u00f3n del mundo, siempre guiados por la doctrina social de la Iglesia. Trabajamos para acercar la verdad y los valores cristianos a cada rinc\u00f3n del planeta. \u00a1Ay\u00fadanos a transformar el mundo con Exaudi! En Exaudi creemos que la evangelizaci\u00f3n y la informaci\u00f3n de calidad pueden cambiar vidas. Para continuar con nuestra misi\u00f3n y expandir nuestro alcance, necesitamos tu ayuda. Adem\u00e1s, buscamos personas comprometidas que deseen unirse a nuestro equipo. Con tu apoyo, lograremos llegar a m\u00e1s personas, difundir el mensaje de Cristo y reforzar la unidad de los cristianos. \u00bfTe unes a nuestra misi\u00f3n? Para m\u00e1s informaci\u00f3n sobre c\u00f3mo colaborar, visita Exaudi.org\\\/es o cont\u00e1ctanos directamente: info@exaudi.org Exaudi: Informa, forma y transforma.\",\"sameAs\":[\"https:\\\/\\\/www.facebook.com\\\/ExaudiNoticias\\\/\",\"https:\\\/\\\/www.instagram.com\\\/exaudi_noticias\\\/\",\"https:\\\/\\\/x.com\\\/Exaudi_noticias\",\"https:\\\/\\\/www.youtube.com\\\/@exaudicatholicnews\"],\"url\":\"https:\\\/\\\/exaudi.org\\\/es\\\/author\\\/redaccionexaudi\\\/\"}]}<\/script>\n<!-- \/ Yoast SEO plugin. -->","yoast_head_json":{"title":"Monse\u00f1or Cabrejos: El S\u00ednodo \u201csignifica caminar juntos\u201d","description":"En una entrevista con la Radio del Vaticano, Monse\u00f1or Cabrejos, presidente del CELAM, explica que el S\u00ednod \"significa caminar juntos\"","robots":{"index":"index","follow":"follow","max-snippet":"max-snippet:-1","max-image-preview":"max-image-preview:large","max-video-preview":"max-video-preview:-1"},"canonical":"https:\/\/exaudi.org\/es\/monsenor-cabrejos-sinodo-caminar-juntos\/","og_locale":"es_ES","og_type":"article","og_title":"Monse\u00f1or Cabrejos: El S\u00ednodo \u201csignifica caminar juntos\u201d","og_description":"En una entrevista con la Radio del Vaticano, Monse\u00f1or Cabrejos, presidente del CELAM, explica que el S\u00ednod \"significa caminar juntos\"","og_url":"https:\/\/exaudi.org\/es\/monsenor-cabrejos-sinodo-caminar-juntos\/","og_site_name":"Exaudi","article_publisher":"https:\/\/www.facebook.com\/ExaudiNews","article_author":"https:\/\/www.facebook.com\/ExaudiNoticias\/","article_published_time":"2021-10-09T08:29:03+00:00","article_modified_time":"2021-10-10T12:25:01+00:00","og_image":[{"width":1455,"height":818,"url":"https:\/\/exaudi.org\/wp-content\/uploads\/2021\/10\/6sdf465sd4fds.jpeg","type":"image\/jpeg"}],"author":"Exaudi Redacci\u00f3n","twitter_card":"summary_large_image","twitter_creator":"@Exaudi_noticias","twitter_site":"@Exaudi_News","twitter_misc":{"Escrito por":"Exaudi Redacci\u00f3n","Tiempo de lectura":"4 minutos"},"schema":{"@context":"https:\/\/schema.org","@graph":[{"@type":"Article","@id":"https:\/\/exaudi.org\/es\/monsenor-cabrejos-sinodo-caminar-juntos\/#article","isPartOf":{"@id":"https:\/\/exaudi.org\/es\/monsenor-cabrejos-sinodo-caminar-juntos\/"},"author":{"name":"Exaudi Redacci\u00f3n","@id":"https:\/\/exaudi.org\/#\/schema\/person\/f5fc8f063065e38742da7afe15f25df7"},"headline":"Monse\u00f1or Cabrejos: El S\u00ednodo \u201csignifica caminar juntos\u201d","datePublished":"2021-10-09T08:29:03+00:00","dateModified":"2021-10-10T12:25:01+00:00","mainEntityOfPage":{"@id":"https:\/\/exaudi.org\/es\/monsenor-cabrejos-sinodo-caminar-juntos\/"},"wordCount":791,"image":{"@id":"https:\/\/exaudi.org\/es\/monsenor-cabrejos-sinodo-caminar-juntos\/#primaryimage"},"thumbnailUrl":"https:\/\/exaudi.org\/wp-content\/uploads\/2021\/10\/6sdf465sd4fds.jpeg","keywords":["Monse\u00f1or Miguel Cabrejos Vidarte","Sinodalidad","Sinodo"],"articleSection":["Sinodos","S\u00ednodos","Top Ultimas Noticias","\u00daltimas noticias"],"inLanguage":"es"},{"@type":"WebPage","@id":"https:\/\/exaudi.org\/es\/monsenor-cabrejos-sinodo-caminar-juntos\/","url":"https:\/\/exaudi.org\/es\/monsenor-cabrejos-sinodo-caminar-juntos\/","name":"Monse\u00f1or Cabrejos: El S\u00ednodo \u201csignifica caminar juntos\u201d","isPartOf":{"@id":"https:\/\/exaudi.org\/#website"},"primaryImageOfPage":{"@id":"https:\/\/exaudi.org\/es\/monsenor-cabrejos-sinodo-caminar-juntos\/#primaryimage"},"image":{"@id":"https:\/\/exaudi.org\/es\/monsenor-cabrejos-sinodo-caminar-juntos\/#primaryimage"},"thumbnailUrl":"https:\/\/exaudi.org\/wp-content\/uploads\/2021\/10\/6sdf465sd4fds.jpeg","datePublished":"2021-10-09T08:29:03+00:00","dateModified":"2021-10-10T12:25:01+00:00","author":{"@id":"https:\/\/exaudi.org\/#\/schema\/person\/f5fc8f063065e38742da7afe15f25df7"},"description":"En una entrevista con la Radio del Vaticano, Monse\u00f1or Cabrejos, presidente del CELAM, explica que el S\u00ednod \"significa caminar juntos\"","breadcrumb":{"@id":"https:\/\/exaudi.org\/es\/monsenor-cabrejos-sinodo-caminar-juntos\/#breadcrumb"},"inLanguage":"es","potentialAction":[{"@type":"ReadAction","target":["https:\/\/exaudi.org\/es\/monsenor-cabrejos-sinodo-caminar-juntos\/"]}]},{"@type":"ImageObject","inLanguage":"es","@id":"https:\/\/exaudi.org\/es\/monsenor-cabrejos-sinodo-caminar-juntos\/#primaryimage","url":"https:\/\/exaudi.org\/wp-content\/uploads\/2021\/10\/6sdf465sd4fds.jpeg","contentUrl":"https:\/\/exaudi.org\/wp-content\/uploads\/2021\/10\/6sdf465sd4fds.jpeg","width":1455,"height":818,"caption":"El Papa con monse\u00f1or Cabrejos \u00a9 Vatican Media"},{"@type":"BreadcrumbList","@id":"https:\/\/exaudi.org\/es\/monsenor-cabrejos-sinodo-caminar-juntos\/#breadcrumb","itemListElement":[{"@type":"ListItem","position":1,"name":"Portada","item":"https:\/\/exaudi.org\/es\/"},{"@type":"ListItem","position":2,"name":"Monse\u00f1or Cabrejos: El S\u00ednodo \u201csignifica caminar juntos\u201d"}]},{"@type":"WebSite","@id":"https:\/\/exaudi.org\/#website","url":"https:\/\/exaudi.org\/","name":"Exaudi","description":"News","potentialAction":[{"@type":"SearchAction","target":{"@type":"EntryPoint","urlTemplate":"https:\/\/exaudi.org\/?s={search_term_string}"},"query-input":{"@type":"PropertyValueSpecification","valueRequired":true,"valueName":"search_term_string"}}],"inLanguage":"es"},{"@type":"Person","@id":"https:\/\/exaudi.org\/#\/schema\/person\/f5fc8f063065e38742da7afe15f25df7","name":"Exaudi Redacci\u00f3n","image":{"@type":"ImageObject","inLanguage":"es","@id":"https:\/\/secure.gravatar.com\/avatar\/fe0f6a059fb68d9b3e11bc5850dd4899b1c7492091a3cb6dd9b01b56ad828be2?s=96&d=mm&r=g","url":"https:\/\/secure.gravatar.com\/avatar\/fe0f6a059fb68d9b3e11bc5850dd4899b1c7492091a3cb6dd9b01b56ad828be2?s=96&d=mm&r=g","contentUrl":"https:\/\/secure.gravatar.com\/avatar\/fe0f6a059fb68d9b3e11bc5850dd4899b1c7492091a3cb6dd9b01b56ad828be2?s=96&d=mm&r=g","caption":"Exaudi Redacci\u00f3n"},"description":"\u00bfQu\u00e9 es Exaudi News? Exaudi News es un medio de comunicaci\u00f3n cat\u00f3lico internacional que informa, forma y transforma, diariamente en espa\u00f1ol, ingl\u00e9s e italiano. A trav\u00e9s de noticias, art\u00edculos de an\u00e1lisis y transmisiones en directo de los eventos del Papa, Exaudi busca fortalecer la unidad de los cristianos y contribuir a la evangelizaci\u00f3n del mundo, siempre guiados por la doctrina social de la Iglesia. Trabajamos para acercar la verdad y los valores cristianos a cada rinc\u00f3n del planeta. \u00a1Ay\u00fadanos a transformar el mundo con Exaudi! En Exaudi creemos que la evangelizaci\u00f3n y la informaci\u00f3n de calidad pueden cambiar vidas. Para continuar con nuestra misi\u00f3n y expandir nuestro alcance, necesitamos tu ayuda. Adem\u00e1s, buscamos personas comprometidas que deseen unirse a nuestro equipo. Con tu apoyo, lograremos llegar a m\u00e1s personas, difundir el mensaje de Cristo y reforzar la unidad de los cristianos. \u00bfTe unes a nuestra misi\u00f3n? Para m\u00e1s informaci\u00f3n sobre c\u00f3mo colaborar, visita Exaudi.org\/es o cont\u00e1ctanos directamente: info@exaudi.org Exaudi: Informa, forma y transforma.","sameAs":["https:\/\/www.facebook.com\/ExaudiNoticias\/","https:\/\/www.instagram.com\/exaudi_noticias\/","https:\/\/x.com\/Exaudi_noticias","https:\/\/www.youtube.com\/@exaudicatholicnews"],"url":"https:\/\/exaudi.org\/es\/author\/redaccionexaudi\/"}]}},"jetpack_featured_media_url":"https:\/\/exaudi.org\/wp-content\/uploads\/2021\/10\/6sdf465sd4fds.jpeg","jetpack_shortlink":"https:\/\/wp.me\/pgKjF2-9oG","_links":{"self":[{"href":"https:\/\/exaudi.org\/es\/wp-json\/wp\/v2\/posts\/36126","targetHints":{"allow":["GET"]}}],"collection":[{"href":"https:\/\/exaudi.org\/es\/wp-json\/wp\/v2\/posts"}],"about":[{"href":"https:\/\/exaudi.org\/es\/wp-json\/wp\/v2\/types\/post"}],"author":[{"embeddable":true,"href":"https:\/\/exaudi.org\/es\/wp-json\/wp\/v2\/users\/15"}],"replies":[{"embeddable":true,"href":"https:\/\/exaudi.org\/es\/wp-json\/wp\/v2\/comments?post=36126"}],"version-history":[{"count":0,"href":"https:\/\/exaudi.org\/es\/wp-json\/wp\/v2\/posts\/36126\/revisions"}],"wp:featuredmedia":[{"embeddable":true,"href":"https:\/\/exaudi.org\/es\/wp-json\/wp\/v2\/media\/36132"}],"wp:attachment":[{"href":"https:\/\/exaudi.org\/es\/wp-json\/wp\/v2\/media?parent=36126"}],"wp:term":[{"taxonomy":"category","embeddable":true,"href":"https:\/\/exaudi.org\/es\/wp-json\/wp\/v2\/categories?post=36126"},{"taxonomy":"post_tag","embeddable":true,"href":"https:\/\/exaudi.org\/es\/wp-json\/wp\/v2\/tags?post=36126"}],"curies":[{"name":"wp","href":"https:\/\/api.w.org\/{rel}","templated":true}]}}