{"id":36016,"date":"2025-10-08T07:30:18","date_gmt":"2025-10-08T05:30:18","guid":{"rendered":"https:\/\/exaudi.wpengine.com\/?p=36016"},"modified":"2025-10-07T23:41:03","modified_gmt":"2025-10-07T21:41:03","slug":"san-hugo-de-genova-8-octubre","status":"publish","type":"post","link":"https:\/\/exaudi.org\/es\/san-hugo-de-genova-8-octubre\/","title":{"rendered":"San Hugo de G\u00e9nova, 8 de octubre"},"content":{"rendered":"<p><span style=\"font-weight: 400;\">Hugo Canefri es uno de los m\u00e1s destacados miembros de la Orden de Malta, a la que pertenec\u00eda, y particularmente venerado en G\u00e9nova. Vino al mundo en Castellazzo Bormida, Alessandr\u00eda, Italia. No existe unanimidad en la fecha; algunos la sit\u00faan en 1148 y otros en 1168.<\/span><\/p>\n<p><iframe title=\"Spotify Embed: San Hugo de G\u00e9nova, 8 de octubre\" style=\"border-radius: 12px\" width=\"100%\" height=\"152\" frameborder=\"0\" allowfullscreen allow=\"autoplay; clipboard-write; encrypted-media; fullscreen; picture-in-picture\" loading=\"lazy\" src=\"https:\/\/open.spotify.com\/embed\/episode\/3yNj1m6olqvdJh2U6cgBtp?si=ikP-dJVAQNigFXpVo96zlw&#038;utm_source=oembed\"><\/iframe><\/p>\n<p><span style=\"font-weight: 400;\">Esta \u00faltima quiz\u00e1 sea la m\u00e1s veros\u00edmil toda vez que existe constancia de que ese a\u00f1o su ilustre familia particip\u00f3 en la fundaci\u00f3n de Alessandr\u00eda iniciada entonces. Su padre era Arnoldo Canefri. Su madre Valentina Fieschi era hija del conde Hugo di Lavagna, y hermana de Sinibaldo di Fieschi (pont\u00edfice Inocencio IV). <\/span><\/p>\n<p><span style=\"font-weight: 400;\">El peso de su apellido era de gran envergadura. Su abuelo paterno hab\u00eda donado importantes sumas a la iglesia de S. Andrea di Gamondio. Adem\u00e1s, ten\u00eda entre los suyos personas destacadas en los estamentos sociales, muy reputadas por su val\u00eda y alta responsabilidad tanto a nivel eclesi\u00e1stico como civil, nada menos que condes, reyes, fundadores y santos\u2026 Aparte de ello, no se proporciona informaci\u00f3n sobre su infancia y adolescencia.\u00a0<\/span><\/p>\n<p><span style=\"font-weight: 400;\">Los datos que se poseen se deben al arzobispo de G\u00e9nova, Ottone Ghilini, paisano y contempor\u00e1neo suyo, que hab\u00eda pasado por las sedes de Alessandr\u00eda y de Bobbio. Fue el papa Gregorio IX quien lo traslad\u00f3 a G\u00e9nova y al instruir el proceso can\u00f3nico de Hugo, sintetiz\u00f3 por escrito su virtuosa vida, dando cuenta de sus milagros. <\/span><\/p>\n<p><span style=\"font-weight: 400;\">Lo que se puede decir de \u00e9l con m\u00e1s certeza arranca de la \u00e9poca en la que fue elegido caballero de la Orden de San Juan de Jerusal\u00e9n (Orden de Malta), aunque en esa \u00e9poca sus miembros eran conocidos como hospitalarios y sanjuanistas. Todo parece indicar que Hugo no debi\u00f3 ser ordenado sacerdote, pero s\u00ed visti\u00f3 el conocido h\u00e1bito que en su tiempo se distingu\u00eda por su color negro con una cruz blanca de ocho puntas en alusi\u00f3n a las ocho bienaventuranzas; el h\u00e1bito cambi\u00f3 de color algunos a\u00f1os despu\u00e9s de su fallecimiento.\u00a0<\/span><\/p>\n<p><span style=\"font-weight: 400;\">Las cruzadas contra los infieles se hallaban entonces en su apogeo. Eran muchos los que se integraban en los ej\u00e9rcitos que part\u00edan para liberar Tierra Santa del dominio de los enemigos de la fe cristiana. Despu\u00e9s de la conquista de Jerusal\u00e9n por Godofredo de Bouill\u00f3n en 1099, el hospicio (hubo varios y de distintas nacionalidades) construido junto al Santo Sepulcro para la atenci\u00f3n de los peregrinos, que hab\u00eda sido dedicado a san Juan, fue donado por el califa de Egipto, Husyafer, al beato Gerardo de Tenque, fundador de la Orden de Malta. <\/span><\/p>\n<p><span style=\"font-weight: 400;\">Tras esta primera Cruzada se convirti\u00f3 no solo en el lugar donde iban a sanar sus heridas los caballeros cruzados que lucharon en combate, sino que fue el origen del nacimiento de la Orden puesta bajo el amparo del pont\u00edfice Pascual II, a petici\u00f3n de fray Gerardo. Cuando Hugo naci\u00f3, el papa Calixto II ya le hab\u00eda concedido nuevos privilegios, y el Gran Maestre Gilbert d\u2019Assailly, el quinto, gozaba de gran prestigio. <\/span><\/p>\n<p><span style=\"font-weight: 400;\">Esta Orden de caballer\u00eda estaba integrada por seculares y tambi\u00e9n por los caballeros que hab\u00edan emitido votos y ten\u00edan como objetivo la tuitio fidei et obsequium pauperum (la defensa de la fe y la ayuda a los pobres, a los que sufren), dedic\u00e1ndose a las tareas de enfermer\u00eda. Adem\u00e1s, los capellanes, que eran \u201cuna tercera clase\u201d, se ocupaban del servicio divino.<\/span><\/p>\n<p><span style=\"font-weight: 400;\">Pues bien, Hugo fue uno de los ilustres combatientes en Tierra Santa. Particip\u00f3 en la tercera Cruzada junto a Conrado di Monferrato y al c\u00f3nsul de Vercelli, Guala Bicchieri. Y al regresar de estas campa\u00f1as, fue designado capell\u00e1n de la Encomienda del hospital de san Giovanni di Pr\u00e9, en G\u00e9nova. Desde ese momento, la vida del santo, alejado de las armas, se centr\u00f3 en la oraci\u00f3n y en el ejercicio de la caridad con los enfermos y marginados que acud\u00edan al hospital, adem\u00e1s de los peregrinos que iban y ven\u00edan de Tierra Santa. <\/span><\/p>\n<p><span style=\"font-weight: 400;\">A los enfermos los asisti\u00f3 proporcion\u00e1ndoles consuelo humano, espiritual y econ\u00f3mico. Cuando fallec\u00edan, les daba sepultura con sus propias manos. Pero uno de los rasgos representativos y m\u00e1s loados de su espiritualidad, junto a su amabilidad, modestia y piedad, fue su fe. Con ella era capaz, como dice el evangelio, de trasladar monta\u00f1as.\u00a0<\/span><\/p>\n<p><span style=\"font-weight: 400;\">Entre otros milagros que se le atribuyen se halla el acaecido un d\u00eda de intens\u00edsimo calor. Hubo un problema con el suministro del agua, y las lavanderas del hospital se ve\u00edan obligadas a recorrer un intrincado camino para proveerse de ella. Sus lamentos fueron escuchados por Hugo, quien se apresur\u00f3 a atenderlas. Entonces le rogaron que pidiese a Dios un milagro, y \u00e9l les recomend\u00f3 que rezasen.<\/span><\/p>\n<p><span style=\"font-weight: 400;\"> Pero a las mujeres les faltaba fe, y pronto su lamento se torn\u00f3 en exigencia: \u00e9l era el \u00fanico que pod\u00eda arrebatar esa gracia; ellas estaban cansadas de tanto trabajo en medio del sofocante calor. No le agrad\u00f3 a Hugo su propuesta, pero en aras de la caridad hizo lo que le ped\u00edan, y despu\u00e9s de orar y de realizar la se\u00f1al de la cruz obtuvo de Dios el bien que solicitaban. <\/span><\/p>\n<p><span style=\"font-weight: 400;\">Tambi\u00e9n se le atribuye el rescate de una nave que se hallaba a punto de naufragar, logrado con su oraci\u00f3n, y la mutaci\u00f3n del agua en vino, que se produjo en un banquete, al modo que hizo Cristo en las bodas de Can\u00e1. Otros fen\u00f3menos m\u00edsticos que se produc\u00edan a veces mientras oraba o se hallaba en misa, momentos en los que pod\u00eda entrar en \u00e9xtasis, fueron visibles para otras personas, entre ellas el arzobispo de G\u00e9nova, Otto Fusco.\u00a0<\/span><\/p>\n<p><span style=\"font-weight: 400;\">Hugo fue un penitente de vida austera (su lecho era una tabla situada en el s\u00f3tano del centro hospitalario), que vivi\u00f3 entregado a la mortificaci\u00f3n y al ayuno. Su muerte se produjo en G\u00e9nova hacia el a\u00f1o 1233, un 8 de octubre. Sus restos fueron enterrados en la primitiva iglesia en la que resid\u00eda, sobre la que se erigi\u00f3 la de San Giovanni di Pr\u00e9 donde hoy d\u00eda contin\u00faan vener\u00e1ndose.<\/span><\/p>\n<p><img loading=\"lazy\" decoding=\"async\" class=\"size-full wp-image-110279 alignnone\" src=\"https:\/\/exaudi.org\/wp-content\/uploads\/2024\/10\/Santoral-3.jpg\" alt=\"\" width=\"1080\" height=\"1080\" srcset=\"https:\/\/exaudi.org\/wp-content\/uploads\/2024\/10\/Santoral-3.jpg 1080w, https:\/\/exaudi.org\/wp-content\/uploads\/2024\/10\/Santoral-3-300x300.jpg 300w, https:\/\/exaudi.org\/wp-content\/uploads\/2024\/10\/Santoral-3-1024x1024.jpg 1024w, https:\/\/exaudi.org\/wp-content\/uploads\/2024\/10\/Santoral-3-100x100.jpg?crop=1 100w, https:\/\/exaudi.org\/wp-content\/uploads\/2024\/10\/Santoral-3-770x770.jpg 770w, https:\/\/exaudi.org\/wp-content\/uploads\/2024\/10\/Santoral-3-500x500.jpg 500w, https:\/\/exaudi.org\/wp-content\/uploads\/2024\/10\/Santoral-3-293x293.jpg 293w, https:\/\/exaudi.org\/wp-content\/uploads\/2024\/10\/Santoral-3-390x390.jpg 390w, https:\/\/exaudi.org\/wp-content\/uploads\/2024\/10\/Santoral-3-585x585.jpg 585w, https:\/\/exaudi.org\/wp-content\/uploads\/2024\/10\/Santoral-3-900x900.jpg 900w\" sizes=\"auto, (max-width: 1080px) 100vw, 1080px\" \/><\/p>\n<h6><em>\u00a9\u00a0<a href=\"https:\/\/exaudi.wpengine.com\/es\/author\/isabelorellana\/\" target=\"_blank\" rel=\"noopener noreferrer\">Isabel Orellana Vilches<\/a>, 2018<\/em><\/h6>\n<h6><em>Autora vinculada a<\/em><\/h6>\n<h6><em><img loading=\"lazy\" decoding=\"async\" class=\"alignright wp-image-2208\" src=\"https:\/\/exaudi.org\/wp-content\/uploads\/2021\/02\/santoral-scaled-1-725x1024.jpg\" alt=\"santoral Isabel Orellana\" width=\"262\" height=\"370\" \/><\/em><img loading=\"lazy\" decoding=\"async\" class=\"alignnone size-full wp-image-41949\" src=\"https:\/\/www.idente.org\/wp-content\/uploads\/logo-cedro-v01-843x295-1-e1603384654546.png\" alt=\"\" width=\"80\" height=\"28\" \/><br \/>\nObra protegida por derechos de autor.<br \/>\nInscrita en el Registro de la Propiedad Intelectual el 24 de noviembre de 2014.<br \/>\n________________<br \/>\nDerechos de edici\u00f3n reservados:<br \/>\n<a href=\"https:\/\/rielo.com\/\" target=\"_blank\" rel=\"noopener noreferrer\">Fundaci\u00f3n Fernando Rielo<\/a><br \/>\nGoya 20, 4.\u00ba izq. int. 28001 Madrid<br \/>\nTlf.: (34) 91 575 40 91<br \/>\nCorreo electr\u00f3nico:\u00a0fundacion@rielo.com<\/h6>\n<div class=\"page\" title=\"Page 4\">\n<div class=\"layoutArea\">\n<div class=\"column\">\n<h6>Dep\u00f3sito legal: M-18664-2020<br \/>\nISBN: 978-84-946646-6-3<\/h6>\n<\/div>\n<\/div>\n<\/div>\n","protected":false},"excerpt":{"rendered":"<p>Religioso italiano<\/p>\n","protected":false},"author":23,"featured_media":36017,"comment_status":"closed","ping_status":"closed","sticky":false,"template":"","format":"standard","meta":{"_acf_changed":false,"_crdt_document":"","inline_featured_image":false,"footnotes":""},"categories":[74,2772],"tags":[388,4450,387,58880],"class_list":["post-36016","post","type-post","status-publish","format-standard","has-post-thumbnail","hentry","category-iglesia-y-mundo","category-santoral","tag-isabel-orellana-vilches","tag-san-hugo-de-genova","tag-santoral","tag-trending-es-151"],"acf":[],"yoast_head":"<!-- This site is optimized with the Yoast SEO plugin v27.5 - https:\/\/yoast.com\/product\/yoast-seo-wordpress\/ -->\n<title>San Hugo de G\u00e9nova, 8 de octubre - Exaudi Catholic News<\/title>\n<meta name=\"description\" content=\"Santoral del 8 de octubre, san Hugo de G\u00e9nova, escrito por Isabel Orellana y editado por la Fundaci\u00f3n Fernando Rielo.\" \/>\n<meta name=\"robots\" content=\"index, follow, max-snippet:-1, max-image-preview:large, max-video-preview:-1\" \/>\n<link rel=\"canonical\" href=\"https:\/\/exaudi.org\/es\/san-hugo-de-genova-8-octubre\/\" \/>\n<meta property=\"og:locale\" content=\"es_ES\" \/>\n<meta property=\"og:type\" content=\"article\" \/>\n<meta property=\"og:title\" content=\"San Hugo de G\u00e9nova, 8 de octubre - Exaudi Catholic News\" \/>\n<meta property=\"og:description\" content=\"Santoral del 8 de octubre, san Hugo de G\u00e9nova, escrito por Isabel Orellana y editado por la Fundaci\u00f3n Fernando Rielo.\" \/>\n<meta property=\"og:url\" content=\"https:\/\/exaudi.org\/es\/san-hugo-de-genova-8-octubre\/\" \/>\n<meta property=\"og:site_name\" content=\"Exaudi\" \/>\n<meta property=\"article:publisher\" content=\"https:\/\/www.facebook.com\/ExaudiNews\" \/>\n<meta property=\"article:published_time\" content=\"2025-10-08T05:30:18+00:00\" \/>\n<meta property=\"og:image\" content=\"https:\/\/exaudi.org\/wp-content\/uploads\/2021\/10\/4asd65ads.jpg\" \/>\n\t<meta property=\"og:image:width\" content=\"580\" \/>\n\t<meta property=\"og:image:height\" content=\"392\" \/>\n\t<meta property=\"og:image:type\" content=\"image\/jpeg\" \/>\n<meta name=\"author\" content=\"Isabel Orellana\" \/>\n<meta name=\"twitter:card\" content=\"summary_large_image\" \/>\n<meta name=\"twitter:creator\" content=\"@Exaudi_News\" \/>\n<meta name=\"twitter:site\" content=\"@Exaudi_News\" \/>\n<meta name=\"twitter:label1\" content=\"Escrito por\" \/>\n\t<meta name=\"twitter:data1\" content=\"Isabel Orellana\" \/>\n\t<meta name=\"twitter:label2\" content=\"Tiempo de lectura\" \/>\n\t<meta name=\"twitter:data2\" content=\"5 minutos\" \/>\n<script type=\"application\/ld+json\" class=\"yoast-schema-graph\">{\"@context\":\"https:\\\/\\\/schema.org\",\"@graph\":[{\"@type\":\"Article\",\"@id\":\"https:\\\/\\\/exaudi.org\\\/es\\\/san-hugo-de-genova-8-octubre\\\/#article\",\"isPartOf\":{\"@id\":\"https:\\\/\\\/exaudi.org\\\/es\\\/san-hugo-de-genova-8-octubre\\\/\"},\"author\":{\"name\":\"Isabel Orellana\",\"@id\":\"https:\\\/\\\/exaudi.org\\\/#\\\/schema\\\/person\\\/64e18b96fd6118559a9217b5b3375fdc\"},\"headline\":\"San Hugo de G\u00e9nova, 8 de octubre\",\"datePublished\":\"2025-10-08T05:30:18+00:00\",\"mainEntityOfPage\":{\"@id\":\"https:\\\/\\\/exaudi.org\\\/es\\\/san-hugo-de-genova-8-octubre\\\/\"},\"wordCount\":1130,\"image\":{\"@id\":\"https:\\\/\\\/exaudi.org\\\/es\\\/san-hugo-de-genova-8-octubre\\\/#primaryimage\"},\"thumbnailUrl\":\"https:\\\/\\\/exaudi.org\\\/wp-content\\\/uploads\\\/2021\\\/10\\\/4asd65ads.jpg\",\"keywords\":[\"Isabel Orellana Vilches\",\"San Hugo de G\u00e9nova\",\"Santoral\",\"Trending\"],\"articleSection\":[\"Iglesia y Mundo\",\"Santoral\"],\"inLanguage\":\"es\"},{\"@type\":\"WebPage\",\"@id\":\"https:\\\/\\\/exaudi.org\\\/es\\\/san-hugo-de-genova-8-octubre\\\/\",\"url\":\"https:\\\/\\\/exaudi.org\\\/es\\\/san-hugo-de-genova-8-octubre\\\/\",\"name\":\"San Hugo de G\u00e9nova, 8 de octubre - Exaudi Catholic News\",\"isPartOf\":{\"@id\":\"https:\\\/\\\/exaudi.org\\\/#website\"},\"primaryImageOfPage\":{\"@id\":\"https:\\\/\\\/exaudi.org\\\/es\\\/san-hugo-de-genova-8-octubre\\\/#primaryimage\"},\"image\":{\"@id\":\"https:\\\/\\\/exaudi.org\\\/es\\\/san-hugo-de-genova-8-octubre\\\/#primaryimage\"},\"thumbnailUrl\":\"https:\\\/\\\/exaudi.org\\\/wp-content\\\/uploads\\\/2021\\\/10\\\/4asd65ads.jpg\",\"datePublished\":\"2025-10-08T05:30:18+00:00\",\"author\":{\"@id\":\"https:\\\/\\\/exaudi.org\\\/#\\\/schema\\\/person\\\/64e18b96fd6118559a9217b5b3375fdc\"},\"description\":\"Santoral del 8 de octubre, san Hugo de G\u00e9nova, escrito por Isabel Orellana y editado por la Fundaci\u00f3n Fernando Rielo.\",\"breadcrumb\":{\"@id\":\"https:\\\/\\\/exaudi.org\\\/es\\\/san-hugo-de-genova-8-octubre\\\/#breadcrumb\"},\"inLanguage\":\"es\",\"potentialAction\":[{\"@type\":\"ReadAction\",\"target\":[\"https:\\\/\\\/exaudi.org\\\/es\\\/san-hugo-de-genova-8-octubre\\\/\"]}]},{\"@type\":\"ImageObject\",\"inLanguage\":\"es\",\"@id\":\"https:\\\/\\\/exaudi.org\\\/es\\\/san-hugo-de-genova-8-octubre\\\/#primaryimage\",\"url\":\"https:\\\/\\\/exaudi.org\\\/wp-content\\\/uploads\\\/2021\\\/10\\\/4asd65ads.jpg\",\"contentUrl\":\"https:\\\/\\\/exaudi.org\\\/wp-content\\\/uploads\\\/2021\\\/10\\\/4asd65ads.jpg\",\"width\":580,\"height\":392,\"caption\":\"San Hugo de G\u00e9nova \u00a9 Orden de Malta\"},{\"@type\":\"BreadcrumbList\",\"@id\":\"https:\\\/\\\/exaudi.org\\\/es\\\/san-hugo-de-genova-8-octubre\\\/#breadcrumb\",\"itemListElement\":[{\"@type\":\"ListItem\",\"position\":1,\"name\":\"Portada\",\"item\":\"https:\\\/\\\/exaudi.org\\\/es\\\/\"},{\"@type\":\"ListItem\",\"position\":2,\"name\":\"San Hugo de G\u00e9nova, 8 de octubre\"}]},{\"@type\":\"WebSite\",\"@id\":\"https:\\\/\\\/exaudi.org\\\/#website\",\"url\":\"https:\\\/\\\/exaudi.org\\\/\",\"name\":\"Exaudi\",\"description\":\"News\",\"potentialAction\":[{\"@type\":\"SearchAction\",\"target\":{\"@type\":\"EntryPoint\",\"urlTemplate\":\"https:\\\/\\\/exaudi.org\\\/?s={search_term_string}\"},\"query-input\":{\"@type\":\"PropertyValueSpecification\",\"valueRequired\":true,\"valueName\":\"search_term_string\"}}],\"inLanguage\":\"es\"},{\"@type\":\"Person\",\"@id\":\"https:\\\/\\\/exaudi.org\\\/#\\\/schema\\\/person\\\/64e18b96fd6118559a9217b5b3375fdc\",\"name\":\"Isabel Orellana\",\"image\":{\"@type\":\"ImageObject\",\"inLanguage\":\"es\",\"@id\":\"https:\\\/\\\/secure.gravatar.com\\\/avatar\\\/51968380bbb6b22ae85c605634860366fd9a2a611c6341125115bca32cd6c171?s=96&d=mm&r=g\",\"url\":\"https:\\\/\\\/secure.gravatar.com\\\/avatar\\\/51968380bbb6b22ae85c605634860366fd9a2a611c6341125115bca32cd6c171?s=96&d=mm&r=g\",\"contentUrl\":\"https:\\\/\\\/secure.gravatar.com\\\/avatar\\\/51968380bbb6b22ae85c605634860366fd9a2a611c6341125115bca32cd6c171?s=96&d=mm&r=g\",\"caption\":\"Isabel Orellana\"},\"description\":\"Isabel Orellana Vilches Misionera idente. Doctora en Filosof\u00eda por la Universidad Aut\u00f3noma de Barcelona con la tesis Realismo y progreso cient\u00edfico en la epistemolog\u00eda popperiana. Ha cursado estudios de teolog\u00eda en la Universidad Pontificia de Salamanca. Con amplia actividad docente desde 1986, ha publicado libros como: Realismo y progreso cient\u00edfico en la epistemolog\u00eda popperiana, Universitat Aut\u00f2noma de Barcelona, 1993; El evangelio habla a los j\u00f3venes, Atenas, Madrid, 1997; Qu\u00e9 es... LA TOLERANCIA, Paulinas, Madrid, 1999; Pedagog\u00eda del dolor. Ensayo antropol\u00f3gico, Palabra, Madrid, 1999; En colaboraci\u00f3n con Enrique Rivera de Ventosa (\u2020) OFM. Cap. San Francisco de As\u00eds y Fernando Rielo: Convergencias. Respuestas desde la fe a los interrogantes del hombre de hoy, Universidad Pontificia, Salamanca, 2001; La \\\"mirada\\\" del cine. Recursos did\u00e1cticos del s\u00e9ptimo arte. Librer\u00eda Cervantes, Salamanca, 2001; Paradojas de la convivencia, San Pablo, Madrid, 2002; En la Universidad T\u00e9cnica Particular de Loja, Ecuador, ha publicado: La confianza. El arte de amar, 2002; Educar para la responsabilidad, 2003; Apuntes de \u00e9tica en Karl R. Popper, 2003; De soledades y comunicaci\u00f3n, 2005; Yo educo; t\u00fa respondes, 2008; Humanismo y fe en un crisol de culturas, 2008; Repensar lo cotidiano, 2008; Convivir: un constante desaf\u00edo, 2009; La l\u00f3gica del amor, 2010; El dolor del amor. Apuntes sobre la enfermedad y el dolor en relaci\u00f3n con la virtud heroica, el martirio y la vida santa. Seminario Diocesano de M\u00e1laga, 2006 y Universidad T\u00e9cnica Particular de Loja, Ecuador (2007). Cuenta con numerosas colaboraciones en obras colectivas, as\u00ed como relatos, cuentos, f\u00e1bula y novela juvenil, adem\u00e1s de art\u00edculos de tem\u00e1tica cient\u00edfica, pedag\u00f3gica y espiritual, que viene publicando en distintas revistas nacionales e internacionales. En 2012 culmin\u00f3 el santoral Llamados a ser santos y poco m\u00e1s tarde Epopeyas de amor prologado por mons. Fernando Sebasti\u00e1n. Es la bi\u00f3grafa oficial del fundador de su familia espiritual, autora de Fernando Rielo Pardal. Fundador de los Misioneros Identes, Descl\u00e9e de Brouwer, Bilbao, 2009. Culmina la biograf\u00eda completa. Encargada del santoral de ZENIT desde 2012 a 2020 y ahora en Exaudi\",\"url\":\"https:\\\/\\\/exaudi.org\\\/es\\\/author\\\/isabelorellana\\\/\"}]}<\/script>\n<!-- \/ Yoast SEO plugin. -->","yoast_head_json":{"title":"San Hugo de G\u00e9nova, 8 de octubre - Exaudi Catholic News","description":"Santoral del 8 de octubre, san Hugo de G\u00e9nova, escrito por Isabel Orellana y editado por la Fundaci\u00f3n Fernando Rielo.","robots":{"index":"index","follow":"follow","max-snippet":"max-snippet:-1","max-image-preview":"max-image-preview:large","max-video-preview":"max-video-preview:-1"},"canonical":"https:\/\/exaudi.org\/es\/san-hugo-de-genova-8-octubre\/","og_locale":"es_ES","og_type":"article","og_title":"San Hugo de G\u00e9nova, 8 de octubre - Exaudi Catholic News","og_description":"Santoral del 8 de octubre, san Hugo de G\u00e9nova, escrito por Isabel Orellana y editado por la Fundaci\u00f3n Fernando Rielo.","og_url":"https:\/\/exaudi.org\/es\/san-hugo-de-genova-8-octubre\/","og_site_name":"Exaudi","article_publisher":"https:\/\/www.facebook.com\/ExaudiNews","article_published_time":"2025-10-08T05:30:18+00:00","og_image":[{"width":580,"height":392,"url":"https:\/\/exaudi.org\/wp-content\/uploads\/2021\/10\/4asd65ads.jpg","type":"image\/jpeg"}],"author":"Isabel Orellana","twitter_card":"summary_large_image","twitter_creator":"@Exaudi_News","twitter_site":"@Exaudi_News","twitter_misc":{"Escrito por":"Isabel Orellana","Tiempo de lectura":"5 minutos"},"schema":{"@context":"https:\/\/schema.org","@graph":[{"@type":"Article","@id":"https:\/\/exaudi.org\/es\/san-hugo-de-genova-8-octubre\/#article","isPartOf":{"@id":"https:\/\/exaudi.org\/es\/san-hugo-de-genova-8-octubre\/"},"author":{"name":"Isabel Orellana","@id":"https:\/\/exaudi.org\/#\/schema\/person\/64e18b96fd6118559a9217b5b3375fdc"},"headline":"San Hugo de G\u00e9nova, 8 de octubre","datePublished":"2025-10-08T05:30:18+00:00","mainEntityOfPage":{"@id":"https:\/\/exaudi.org\/es\/san-hugo-de-genova-8-octubre\/"},"wordCount":1130,"image":{"@id":"https:\/\/exaudi.org\/es\/san-hugo-de-genova-8-octubre\/#primaryimage"},"thumbnailUrl":"https:\/\/exaudi.org\/wp-content\/uploads\/2021\/10\/4asd65ads.jpg","keywords":["Isabel Orellana Vilches","San Hugo de G\u00e9nova","Santoral","Trending"],"articleSection":["Iglesia y Mundo","Santoral"],"inLanguage":"es"},{"@type":"WebPage","@id":"https:\/\/exaudi.org\/es\/san-hugo-de-genova-8-octubre\/","url":"https:\/\/exaudi.org\/es\/san-hugo-de-genova-8-octubre\/","name":"San Hugo de G\u00e9nova, 8 de octubre - Exaudi Catholic News","isPartOf":{"@id":"https:\/\/exaudi.org\/#website"},"primaryImageOfPage":{"@id":"https:\/\/exaudi.org\/es\/san-hugo-de-genova-8-octubre\/#primaryimage"},"image":{"@id":"https:\/\/exaudi.org\/es\/san-hugo-de-genova-8-octubre\/#primaryimage"},"thumbnailUrl":"https:\/\/exaudi.org\/wp-content\/uploads\/2021\/10\/4asd65ads.jpg","datePublished":"2025-10-08T05:30:18+00:00","author":{"@id":"https:\/\/exaudi.org\/#\/schema\/person\/64e18b96fd6118559a9217b5b3375fdc"},"description":"Santoral del 8 de octubre, san Hugo de G\u00e9nova, escrito por Isabel Orellana y editado por la Fundaci\u00f3n Fernando Rielo.","breadcrumb":{"@id":"https:\/\/exaudi.org\/es\/san-hugo-de-genova-8-octubre\/#breadcrumb"},"inLanguage":"es","potentialAction":[{"@type":"ReadAction","target":["https:\/\/exaudi.org\/es\/san-hugo-de-genova-8-octubre\/"]}]},{"@type":"ImageObject","inLanguage":"es","@id":"https:\/\/exaudi.org\/es\/san-hugo-de-genova-8-octubre\/#primaryimage","url":"https:\/\/exaudi.org\/wp-content\/uploads\/2021\/10\/4asd65ads.jpg","contentUrl":"https:\/\/exaudi.org\/wp-content\/uploads\/2021\/10\/4asd65ads.jpg","width":580,"height":392,"caption":"San Hugo de G\u00e9nova \u00a9 Orden de Malta"},{"@type":"BreadcrumbList","@id":"https:\/\/exaudi.org\/es\/san-hugo-de-genova-8-octubre\/#breadcrumb","itemListElement":[{"@type":"ListItem","position":1,"name":"Portada","item":"https:\/\/exaudi.org\/es\/"},{"@type":"ListItem","position":2,"name":"San Hugo de G\u00e9nova, 8 de octubre"}]},{"@type":"WebSite","@id":"https:\/\/exaudi.org\/#website","url":"https:\/\/exaudi.org\/","name":"Exaudi","description":"News","potentialAction":[{"@type":"SearchAction","target":{"@type":"EntryPoint","urlTemplate":"https:\/\/exaudi.org\/?s={search_term_string}"},"query-input":{"@type":"PropertyValueSpecification","valueRequired":true,"valueName":"search_term_string"}}],"inLanguage":"es"},{"@type":"Person","@id":"https:\/\/exaudi.org\/#\/schema\/person\/64e18b96fd6118559a9217b5b3375fdc","name":"Isabel Orellana","image":{"@type":"ImageObject","inLanguage":"es","@id":"https:\/\/secure.gravatar.com\/avatar\/51968380bbb6b22ae85c605634860366fd9a2a611c6341125115bca32cd6c171?s=96&d=mm&r=g","url":"https:\/\/secure.gravatar.com\/avatar\/51968380bbb6b22ae85c605634860366fd9a2a611c6341125115bca32cd6c171?s=96&d=mm&r=g","contentUrl":"https:\/\/secure.gravatar.com\/avatar\/51968380bbb6b22ae85c605634860366fd9a2a611c6341125115bca32cd6c171?s=96&d=mm&r=g","caption":"Isabel Orellana"},"description":"Isabel Orellana Vilches Misionera idente. Doctora en Filosof\u00eda por la Universidad Aut\u00f3noma de Barcelona con la tesis Realismo y progreso cient\u00edfico en la epistemolog\u00eda popperiana. Ha cursado estudios de teolog\u00eda en la Universidad Pontificia de Salamanca. Con amplia actividad docente desde 1986, ha publicado libros como: Realismo y progreso cient\u00edfico en la epistemolog\u00eda popperiana, Universitat Aut\u00f2noma de Barcelona, 1993; El evangelio habla a los j\u00f3venes, Atenas, Madrid, 1997; Qu\u00e9 es... LA TOLERANCIA, Paulinas, Madrid, 1999; Pedagog\u00eda del dolor. Ensayo antropol\u00f3gico, Palabra, Madrid, 1999; En colaboraci\u00f3n con Enrique Rivera de Ventosa (\u2020) OFM. Cap. San Francisco de As\u00eds y Fernando Rielo: Convergencias. Respuestas desde la fe a los interrogantes del hombre de hoy, Universidad Pontificia, Salamanca, 2001; La \"mirada\" del cine. Recursos did\u00e1cticos del s\u00e9ptimo arte. Librer\u00eda Cervantes, Salamanca, 2001; Paradojas de la convivencia, San Pablo, Madrid, 2002; En la Universidad T\u00e9cnica Particular de Loja, Ecuador, ha publicado: La confianza. El arte de amar, 2002; Educar para la responsabilidad, 2003; Apuntes de \u00e9tica en Karl R. Popper, 2003; De soledades y comunicaci\u00f3n, 2005; Yo educo; t\u00fa respondes, 2008; Humanismo y fe en un crisol de culturas, 2008; Repensar lo cotidiano, 2008; Convivir: un constante desaf\u00edo, 2009; La l\u00f3gica del amor, 2010; El dolor del amor. Apuntes sobre la enfermedad y el dolor en relaci\u00f3n con la virtud heroica, el martirio y la vida santa. Seminario Diocesano de M\u00e1laga, 2006 y Universidad T\u00e9cnica Particular de Loja, Ecuador (2007). Cuenta con numerosas colaboraciones en obras colectivas, as\u00ed como relatos, cuentos, f\u00e1bula y novela juvenil, adem\u00e1s de art\u00edculos de tem\u00e1tica cient\u00edfica, pedag\u00f3gica y espiritual, que viene publicando en distintas revistas nacionales e internacionales. En 2012 culmin\u00f3 el santoral Llamados a ser santos y poco m\u00e1s tarde Epopeyas de amor prologado por mons. Fernando Sebasti\u00e1n. Es la bi\u00f3grafa oficial del fundador de su familia espiritual, autora de Fernando Rielo Pardal. Fundador de los Misioneros Identes, Descl\u00e9e de Brouwer, Bilbao, 2009. Culmina la biograf\u00eda completa. Encargada del santoral de ZENIT desde 2012 a 2020 y ahora en Exaudi","url":"https:\/\/exaudi.org\/es\/author\/isabelorellana\/"}]}},"jetpack_featured_media_url":"https:\/\/exaudi.org\/wp-content\/uploads\/2021\/10\/4asd65ads.jpg","jetpack_shortlink":"https:\/\/wp.me\/pgKjF2-9mU","_links":{"self":[{"href":"https:\/\/exaudi.org\/es\/wp-json\/wp\/v2\/posts\/36016","targetHints":{"allow":["GET"]}}],"collection":[{"href":"https:\/\/exaudi.org\/es\/wp-json\/wp\/v2\/posts"}],"about":[{"href":"https:\/\/exaudi.org\/es\/wp-json\/wp\/v2\/types\/post"}],"author":[{"embeddable":true,"href":"https:\/\/exaudi.org\/es\/wp-json\/wp\/v2\/users\/23"}],"replies":[{"embeddable":true,"href":"https:\/\/exaudi.org\/es\/wp-json\/wp\/v2\/comments?post=36016"}],"version-history":[{"count":3,"href":"https:\/\/exaudi.org\/es\/wp-json\/wp\/v2\/posts\/36016\/revisions"}],"predecessor-version":[{"id":139257,"href":"https:\/\/exaudi.org\/es\/wp-json\/wp\/v2\/posts\/36016\/revisions\/139257"}],"wp:featuredmedia":[{"embeddable":true,"href":"https:\/\/exaudi.org\/es\/wp-json\/wp\/v2\/media\/36017"}],"wp:attachment":[{"href":"https:\/\/exaudi.org\/es\/wp-json\/wp\/v2\/media?parent=36016"}],"wp:term":[{"taxonomy":"category","embeddable":true,"href":"https:\/\/exaudi.org\/es\/wp-json\/wp\/v2\/categories?post=36016"},{"taxonomy":"post_tag","embeddable":true,"href":"https:\/\/exaudi.org\/es\/wp-json\/wp\/v2\/tags?post=36016"}],"curies":[{"name":"wp","href":"https:\/\/api.w.org\/{rel}","templated":true}]}}