{"id":35895,"date":"2021-10-07T16:20:34","date_gmt":"2021-10-07T14:20:34","guid":{"rendered":"https:\/\/exaudi.wpengine.com\/?p=35895"},"modified":"2022-01-03T16:07:27","modified_gmt":"2022-01-03T15:07:27","slug":"presidencia-del-celam-se-reune-con-el-card-ouellet-en-el-vaticano","status":"publish","type":"post","link":"https:\/\/exaudi.org\/es\/presidencia-del-celam-se-reune-con-el-card-ouellet-en-el-vaticano\/","title":{"rendered":"Presidencia del CELAM se re\u00fane con el cardenal Ouellet"},"content":{"rendered":"<p>Ayer, 6 de octubre de 2021, tuvo lugar un encuentro de la Presidencia del <a href=\"https:\/\/www.celam.org\/\" target=\"_blank\" rel=\"noopener\">Consejo Episcopal Latinoamericano<\/a> (CELAM) con el Card. Marc Ouellet, prefecto de la Congregaci\u00f3n para los Obispos y presidente de la Pontificia Comisi\u00f3n para Am\u00e9rica Latina. Esta reuni\u00f3n se produjo en el marco de la participaci\u00f3n de algunos miembros del CELAM en la <a href=\"https:\/\/exaudi.wpengine.com\/es\/10-de-octubre-papa-inaugurara-sinodo-sobre-sinodalidad-con-misa\/\" target=\"_blank\" rel=\"noopener\">inauguraci\u00f3n de la XVI Asamblea General del S\u00ednodo de los Obispos<\/a>.<\/p>\n<p>De acuerdo a una nota del ADN CELAM, en la reuni\u00f3n participaron Mons. Miguel Cabrejos Vidarte, presidente del CELAM; el Card. Odilo Scherer, primer vicepresidente; Mons. Jorge Eduardo Lozano, secretario general; y el P. David Jasso, secretario general adjunto.<\/p>\n<h4><strong>Proceso de renovaci\u00f3n y Asamblea Eclesial<\/strong><\/h4>\n<p>\u201cHemos compartido con el cardenal Ouellet los avances del CELAM en la implementaci\u00f3n del proceso de renovaci\u00f3n y reestructuraci\u00f3n, as\u00ed como algunos detalles sobre\u00a0la primera Asamblea Eclesial para Am\u00e9rica Latina y El Caribe que celebraremos del 21 al 28 de noviembre\u00a0de este a\u00f1o, con la participaci\u00f3n de m\u00e1s de 1.000 delegados del Pueblo de Dios, entre obispos, sacerdotes y di\u00e1conos, religiosas y religiosos, laicos y laicas, adem\u00e1s de algunos invitados especiales\u201d, coment\u00f3 Mons. Miguel Cabrejos, al concluir la reuni\u00f3n.<\/p>\n<p>La Presidencia del CELAM\u00a0hizo entrega formal al prefecto de la Congregaci\u00f3n para los Obispos, del documento de\u00a0renovaci\u00f3n y reestructuraci\u00f3n\u00a0del organismo latinoamericano, estructurado en tres partes: Ver-Juzgar-Actuar, as\u00ed como de la cartilla de la\u00a0Metodolog\u00eda Pastoral de la Asamblea Eclesia<em>l,<\/em>\u00a0y un documento de trabajo que contiene la\u00a0S\u00edntesis narrativa de la Escucha de la Asamblea Eclesial.<\/p>\n<p>\u201cEl encuentro con el cardenal Ouellet nos ha permitido\u00a0consolidar los v\u00ednculos de comuni\u00f3n, colegialidad y colaboraci\u00f3n con la Santa Sede\u00a0en un momento fundamental para la vida de la Iglesia, cuando nos preparamos para la apertura del camino sinodal que nos anima a ser una Iglesia abierta a la escucha, el di\u00e1logo, la participaci\u00f3n, la comuni\u00f3n y la misi\u00f3n\u201d, concluy\u00f3 el presidente del CELAM.<\/p>\n","protected":false},"excerpt":{"rendered":"<p>En el Vaticano, ante el pr\u00f3ximo inicio de la XVI Asamblea General del S\u00ednodo de los Obispos<\/p>\n","protected":false},"author":93,"featured_media":35896,"comment_status":"closed","ping_status":"closed","sticky":false,"template":"","format":"standard","meta":{"_acf_changed":false,"_crdt_document":"","inline_featured_image":false,"footnotes":""},"categories":[86,144,298],"tags":[1613,1494,2429,272],"class_list":["post-35895","post","type-post","status-publish","format-standard","has-post-thumbnail","hentry","category-iglesia-local","category-sinodos-es","category-ultimas-noticias","tag-cardenal-marc-ouellet","tag-consejo-episcopal-latinoamericano-celam","tag-sinodo-de-los-obispos","tag-vaticano-es"],"acf":[],"yoast_head":"<!-- This site is optimized with the Yoast SEO plugin v27.4 - https:\/\/yoast.com\/product\/yoast-seo-wordpress\/ -->\n<title>Presidencia del CELAM se re\u00fane con el cardenal Ouellet &#8211; Exaudi<\/title>\n<meta name=\"description\" content=\"La Presidencia del CELAM tuvo un\u00a0encuentro con el cardenal Marc Ouellet, prefecto de la Congregaci\u00f3n para los Obispos, en el Vaticano\" \/>\n<meta name=\"robots\" content=\"index, follow, max-snippet:-1, max-image-preview:large, max-video-preview:-1\" \/>\n<link rel=\"canonical\" href=\"https:\/\/exaudi.org\/es\/presidencia-del-celam-se-reune-con-el-card-ouellet-en-el-vaticano\/\" \/>\n<meta property=\"og:locale\" content=\"es_ES\" \/>\n<meta property=\"og:type\" content=\"article\" \/>\n<meta property=\"og:title\" content=\"Presidencia del CELAM se re\u00fane con el cardenal Ouellet &#8211; Exaudi\" \/>\n<meta property=\"og:description\" content=\"La Presidencia del CELAM tuvo un\u00a0encuentro con el cardenal Marc Ouellet, prefecto de la Congregaci\u00f3n para los Obispos, en el Vaticano\" \/>\n<meta property=\"og:url\" content=\"https:\/\/exaudi.org\/es\/presidencia-del-celam-se-reune-con-el-card-ouellet-en-el-vaticano\/\" \/>\n<meta property=\"og:site_name\" content=\"Exaudi\" \/>\n<meta property=\"article:publisher\" content=\"https:\/\/www.facebook.com\/ExaudiNews\" \/>\n<meta property=\"article:published_time\" content=\"2021-10-07T14:20:34+00:00\" \/>\n<meta property=\"article:modified_time\" content=\"2022-01-03T15:07:27+00:00\" \/>\n<meta property=\"og:image\" content=\"https:\/\/exaudi.org\/wp-content\/uploads\/2021\/10\/Presidencia-del-CELAM-con-el-cardenal-Ouellet.jpeg\" \/>\n\t<meta property=\"og:image:width\" content=\"1280\" \/>\n\t<meta property=\"og:image:height\" content=\"958\" \/>\n\t<meta property=\"og:image:type\" content=\"image\/jpeg\" \/>\n<meta name=\"author\" content=\"ADN CELAM\" \/>\n<meta name=\"twitter:card\" content=\"summary_large_image\" \/>\n<meta name=\"twitter:creator\" content=\"@Exaudi_News\" \/>\n<meta name=\"twitter:site\" content=\"@Exaudi_News\" \/>\n<meta name=\"twitter:label1\" content=\"Escrito por\" \/>\n\t<meta name=\"twitter:data1\" content=\"ADN CELAM\" \/>\n\t<meta name=\"twitter:label2\" content=\"Tiempo de lectura\" \/>\n\t<meta name=\"twitter:data2\" content=\"2 minutos\" \/>\n<script type=\"application\/ld+json\" class=\"yoast-schema-graph\">{\"@context\":\"https:\\\/\\\/schema.org\",\"@graph\":[{\"@type\":\"Article\",\"@id\":\"https:\\\/\\\/exaudi.org\\\/es\\\/presidencia-del-celam-se-reune-con-el-card-ouellet-en-el-vaticano\\\/#article\",\"isPartOf\":{\"@id\":\"https:\\\/\\\/exaudi.org\\\/es\\\/presidencia-del-celam-se-reune-con-el-card-ouellet-en-el-vaticano\\\/\"},\"author\":{\"name\":\"ADN CELAM\",\"@id\":\"https:\\\/\\\/exaudi.org\\\/#\\\/schema\\\/person\\\/fbc491ba5ee575299c5e9bc1b11ccc1f\"},\"headline\":\"Presidencia del CELAM se re\u00fane con el cardenal Ouellet\",\"datePublished\":\"2021-10-07T14:20:34+00:00\",\"dateModified\":\"2022-01-03T15:07:27+00:00\",\"mainEntityOfPage\":{\"@id\":\"https:\\\/\\\/exaudi.org\\\/es\\\/presidencia-del-celam-se-reune-con-el-card-ouellet-en-el-vaticano\\\/\"},\"wordCount\":353,\"image\":{\"@id\":\"https:\\\/\\\/exaudi.org\\\/es\\\/presidencia-del-celam-se-reune-con-el-card-ouellet-en-el-vaticano\\\/#primaryimage\"},\"thumbnailUrl\":\"https:\\\/\\\/exaudi.org\\\/wp-content\\\/uploads\\\/2021\\\/10\\\/Presidencia-del-CELAM-con-el-cardenal-Ouellet.jpeg\",\"keywords\":[\"Cardenal Marc Ouellet\",\"Consejo Episcopal Latinoamericano (CELAM)\",\"S\u00ednodo de los obispos\",\"Vaticano\"],\"articleSection\":[\"Iglesia Local\",\"S\u00ednodos\",\"\u00daltimas noticias\"],\"inLanguage\":\"es\"},{\"@type\":\"WebPage\",\"@id\":\"https:\\\/\\\/exaudi.org\\\/es\\\/presidencia-del-celam-se-reune-con-el-card-ouellet-en-el-vaticano\\\/\",\"url\":\"https:\\\/\\\/exaudi.org\\\/es\\\/presidencia-del-celam-se-reune-con-el-card-ouellet-en-el-vaticano\\\/\",\"name\":\"Presidencia del CELAM se re\u00fane con el cardenal Ouellet &#8211; Exaudi\",\"isPartOf\":{\"@id\":\"https:\\\/\\\/exaudi.org\\\/#website\"},\"primaryImageOfPage\":{\"@id\":\"https:\\\/\\\/exaudi.org\\\/es\\\/presidencia-del-celam-se-reune-con-el-card-ouellet-en-el-vaticano\\\/#primaryimage\"},\"image\":{\"@id\":\"https:\\\/\\\/exaudi.org\\\/es\\\/presidencia-del-celam-se-reune-con-el-card-ouellet-en-el-vaticano\\\/#primaryimage\"},\"thumbnailUrl\":\"https:\\\/\\\/exaudi.org\\\/wp-content\\\/uploads\\\/2021\\\/10\\\/Presidencia-del-CELAM-con-el-cardenal-Ouellet.jpeg\",\"datePublished\":\"2021-10-07T14:20:34+00:00\",\"dateModified\":\"2022-01-03T15:07:27+00:00\",\"author\":{\"@id\":\"https:\\\/\\\/exaudi.org\\\/#\\\/schema\\\/person\\\/fbc491ba5ee575299c5e9bc1b11ccc1f\"},\"description\":\"La Presidencia del CELAM tuvo un\u00a0encuentro con el cardenal Marc Ouellet, prefecto de la Congregaci\u00f3n para los Obispos, en el Vaticano\",\"breadcrumb\":{\"@id\":\"https:\\\/\\\/exaudi.org\\\/es\\\/presidencia-del-celam-se-reune-con-el-card-ouellet-en-el-vaticano\\\/#breadcrumb\"},\"inLanguage\":\"es\",\"potentialAction\":[{\"@type\":\"ReadAction\",\"target\":[\"https:\\\/\\\/exaudi.org\\\/es\\\/presidencia-del-celam-se-reune-con-el-card-ouellet-en-el-vaticano\\\/\"]}]},{\"@type\":\"ImageObject\",\"inLanguage\":\"es\",\"@id\":\"https:\\\/\\\/exaudi.org\\\/es\\\/presidencia-del-celam-se-reune-con-el-card-ouellet-en-el-vaticano\\\/#primaryimage\",\"url\":\"https:\\\/\\\/exaudi.org\\\/wp-content\\\/uploads\\\/2021\\\/10\\\/Presidencia-del-CELAM-con-el-cardenal-Ouellet.jpeg\",\"contentUrl\":\"https:\\\/\\\/exaudi.org\\\/wp-content\\\/uploads\\\/2021\\\/10\\\/Presidencia-del-CELAM-con-el-cardenal-Ouellet.jpeg\",\"width\":1280,\"height\":958,\"caption\":\"Encuentro de la Presidencia del CELAM con el cardenal Ouellet en el Vaticano, 6 oct. 2021 \u00a9 CELAM\"},{\"@type\":\"BreadcrumbList\",\"@id\":\"https:\\\/\\\/exaudi.org\\\/es\\\/presidencia-del-celam-se-reune-con-el-card-ouellet-en-el-vaticano\\\/#breadcrumb\",\"itemListElement\":[{\"@type\":\"ListItem\",\"position\":1,\"name\":\"Portada\",\"item\":\"https:\\\/\\\/exaudi.org\\\/es\\\/\"},{\"@type\":\"ListItem\",\"position\":2,\"name\":\"Presidencia del CELAM se re\u00fane con el cardenal Ouellet\"}]},{\"@type\":\"WebSite\",\"@id\":\"https:\\\/\\\/exaudi.org\\\/#website\",\"url\":\"https:\\\/\\\/exaudi.org\\\/\",\"name\":\"Exaudi\",\"description\":\"News\",\"potentialAction\":[{\"@type\":\"SearchAction\",\"target\":{\"@type\":\"EntryPoint\",\"urlTemplate\":\"https:\\\/\\\/exaudi.org\\\/?s={search_term_string}\"},\"query-input\":{\"@type\":\"PropertyValueSpecification\",\"valueRequired\":true,\"valueName\":\"search_term_string\"}}],\"inLanguage\":\"es\"},{\"@type\":\"Person\",\"@id\":\"https:\\\/\\\/exaudi.org\\\/#\\\/schema\\\/person\\\/fbc491ba5ee575299c5e9bc1b11ccc1f\",\"name\":\"ADN CELAM\",\"image\":{\"@type\":\"ImageObject\",\"inLanguage\":\"es\",\"@id\":\"https:\\\/\\\/secure.gravatar.com\\\/avatar\\\/9f35251df285dd73b5052c2ea71d63aa960ac375813315353fd23ad8daf7a7ae?s=96&d=mm&r=g\",\"url\":\"https:\\\/\\\/secure.gravatar.com\\\/avatar\\\/9f35251df285dd73b5052c2ea71d63aa960ac375813315353fd23ad8daf7a7ae?s=96&d=mm&r=g\",\"contentUrl\":\"https:\\\/\\\/secure.gravatar.com\\\/avatar\\\/9f35251df285dd73b5052c2ea71d63aa960ac375813315353fd23ad8daf7a7ae?s=96&d=mm&r=g\",\"caption\":\"ADN CELAM\"},\"description\":\"Sistema informativo del Consejo Episcopal Latinoamericano (CELAM)\",\"url\":\"https:\\\/\\\/exaudi.org\\\/es\\\/author\\\/adncelam\\\/\"}]}<\/script>\n<!-- \/ Yoast SEO plugin. -->","yoast_head_json":{"title":"Presidencia del CELAM se re\u00fane con el cardenal Ouellet &#8211; Exaudi","description":"La Presidencia del CELAM tuvo un\u00a0encuentro con el cardenal Marc Ouellet, prefecto de la Congregaci\u00f3n para los Obispos, en el Vaticano","robots":{"index":"index","follow":"follow","max-snippet":"max-snippet:-1","max-image-preview":"max-image-preview:large","max-video-preview":"max-video-preview:-1"},"canonical":"https:\/\/exaudi.org\/es\/presidencia-del-celam-se-reune-con-el-card-ouellet-en-el-vaticano\/","og_locale":"es_ES","og_type":"article","og_title":"Presidencia del CELAM se re\u00fane con el cardenal Ouellet &#8211; Exaudi","og_description":"La Presidencia del CELAM tuvo un\u00a0encuentro con el cardenal Marc Ouellet, prefecto de la Congregaci\u00f3n para los Obispos, en el Vaticano","og_url":"https:\/\/exaudi.org\/es\/presidencia-del-celam-se-reune-con-el-card-ouellet-en-el-vaticano\/","og_site_name":"Exaudi","article_publisher":"https:\/\/www.facebook.com\/ExaudiNews","article_published_time":"2021-10-07T14:20:34+00:00","article_modified_time":"2022-01-03T15:07:27+00:00","og_image":[{"width":1280,"height":958,"url":"https:\/\/exaudi.org\/wp-content\/uploads\/2021\/10\/Presidencia-del-CELAM-con-el-cardenal-Ouellet.jpeg","type":"image\/jpeg"}],"author":"ADN CELAM","twitter_card":"summary_large_image","twitter_creator":"@Exaudi_News","twitter_site":"@Exaudi_News","twitter_misc":{"Escrito por":"ADN CELAM","Tiempo de lectura":"2 minutos"},"schema":{"@context":"https:\/\/schema.org","@graph":[{"@type":"Article","@id":"https:\/\/exaudi.org\/es\/presidencia-del-celam-se-reune-con-el-card-ouellet-en-el-vaticano\/#article","isPartOf":{"@id":"https:\/\/exaudi.org\/es\/presidencia-del-celam-se-reune-con-el-card-ouellet-en-el-vaticano\/"},"author":{"name":"ADN CELAM","@id":"https:\/\/exaudi.org\/#\/schema\/person\/fbc491ba5ee575299c5e9bc1b11ccc1f"},"headline":"Presidencia del CELAM se re\u00fane con el cardenal Ouellet","datePublished":"2021-10-07T14:20:34+00:00","dateModified":"2022-01-03T15:07:27+00:00","mainEntityOfPage":{"@id":"https:\/\/exaudi.org\/es\/presidencia-del-celam-se-reune-con-el-card-ouellet-en-el-vaticano\/"},"wordCount":353,"image":{"@id":"https:\/\/exaudi.org\/es\/presidencia-del-celam-se-reune-con-el-card-ouellet-en-el-vaticano\/#primaryimage"},"thumbnailUrl":"https:\/\/exaudi.org\/wp-content\/uploads\/2021\/10\/Presidencia-del-CELAM-con-el-cardenal-Ouellet.jpeg","keywords":["Cardenal Marc Ouellet","Consejo Episcopal Latinoamericano (CELAM)","S\u00ednodo de los obispos","Vaticano"],"articleSection":["Iglesia Local","S\u00ednodos","\u00daltimas noticias"],"inLanguage":"es"},{"@type":"WebPage","@id":"https:\/\/exaudi.org\/es\/presidencia-del-celam-se-reune-con-el-card-ouellet-en-el-vaticano\/","url":"https:\/\/exaudi.org\/es\/presidencia-del-celam-se-reune-con-el-card-ouellet-en-el-vaticano\/","name":"Presidencia del CELAM se re\u00fane con el cardenal Ouellet &#8211; Exaudi","isPartOf":{"@id":"https:\/\/exaudi.org\/#website"},"primaryImageOfPage":{"@id":"https:\/\/exaudi.org\/es\/presidencia-del-celam-se-reune-con-el-card-ouellet-en-el-vaticano\/#primaryimage"},"image":{"@id":"https:\/\/exaudi.org\/es\/presidencia-del-celam-se-reune-con-el-card-ouellet-en-el-vaticano\/#primaryimage"},"thumbnailUrl":"https:\/\/exaudi.org\/wp-content\/uploads\/2021\/10\/Presidencia-del-CELAM-con-el-cardenal-Ouellet.jpeg","datePublished":"2021-10-07T14:20:34+00:00","dateModified":"2022-01-03T15:07:27+00:00","author":{"@id":"https:\/\/exaudi.org\/#\/schema\/person\/fbc491ba5ee575299c5e9bc1b11ccc1f"},"description":"La Presidencia del CELAM tuvo un\u00a0encuentro con el cardenal Marc Ouellet, prefecto de la Congregaci\u00f3n para los Obispos, en el Vaticano","breadcrumb":{"@id":"https:\/\/exaudi.org\/es\/presidencia-del-celam-se-reune-con-el-card-ouellet-en-el-vaticano\/#breadcrumb"},"inLanguage":"es","potentialAction":[{"@type":"ReadAction","target":["https:\/\/exaudi.org\/es\/presidencia-del-celam-se-reune-con-el-card-ouellet-en-el-vaticano\/"]}]},{"@type":"ImageObject","inLanguage":"es","@id":"https:\/\/exaudi.org\/es\/presidencia-del-celam-se-reune-con-el-card-ouellet-en-el-vaticano\/#primaryimage","url":"https:\/\/exaudi.org\/wp-content\/uploads\/2021\/10\/Presidencia-del-CELAM-con-el-cardenal-Ouellet.jpeg","contentUrl":"https:\/\/exaudi.org\/wp-content\/uploads\/2021\/10\/Presidencia-del-CELAM-con-el-cardenal-Ouellet.jpeg","width":1280,"height":958,"caption":"Encuentro de la Presidencia del CELAM con el cardenal Ouellet en el Vaticano, 6 oct. 2021 \u00a9 CELAM"},{"@type":"BreadcrumbList","@id":"https:\/\/exaudi.org\/es\/presidencia-del-celam-se-reune-con-el-card-ouellet-en-el-vaticano\/#breadcrumb","itemListElement":[{"@type":"ListItem","position":1,"name":"Portada","item":"https:\/\/exaudi.org\/es\/"},{"@type":"ListItem","position":2,"name":"Presidencia del CELAM se re\u00fane con el cardenal Ouellet"}]},{"@type":"WebSite","@id":"https:\/\/exaudi.org\/#website","url":"https:\/\/exaudi.org\/","name":"Exaudi","description":"News","potentialAction":[{"@type":"SearchAction","target":{"@type":"EntryPoint","urlTemplate":"https:\/\/exaudi.org\/?s={search_term_string}"},"query-input":{"@type":"PropertyValueSpecification","valueRequired":true,"valueName":"search_term_string"}}],"inLanguage":"es"},{"@type":"Person","@id":"https:\/\/exaudi.org\/#\/schema\/person\/fbc491ba5ee575299c5e9bc1b11ccc1f","name":"ADN CELAM","image":{"@type":"ImageObject","inLanguage":"es","@id":"https:\/\/secure.gravatar.com\/avatar\/9f35251df285dd73b5052c2ea71d63aa960ac375813315353fd23ad8daf7a7ae?s=96&d=mm&r=g","url":"https:\/\/secure.gravatar.com\/avatar\/9f35251df285dd73b5052c2ea71d63aa960ac375813315353fd23ad8daf7a7ae?s=96&d=mm&r=g","contentUrl":"https:\/\/secure.gravatar.com\/avatar\/9f35251df285dd73b5052c2ea71d63aa960ac375813315353fd23ad8daf7a7ae?s=96&d=mm&r=g","caption":"ADN CELAM"},"description":"Sistema informativo del Consejo Episcopal Latinoamericano (CELAM)","url":"https:\/\/exaudi.org\/es\/author\/adncelam\/"}]}},"jetpack_featured_media_url":"https:\/\/exaudi.org\/wp-content\/uploads\/2021\/10\/Presidencia-del-CELAM-con-el-cardenal-Ouellet.jpeg","jetpack_shortlink":"https:\/\/wp.me\/pgKjF2-9kX","_links":{"self":[{"href":"https:\/\/exaudi.org\/es\/wp-json\/wp\/v2\/posts\/35895","targetHints":{"allow":["GET"]}}],"collection":[{"href":"https:\/\/exaudi.org\/es\/wp-json\/wp\/v2\/posts"}],"about":[{"href":"https:\/\/exaudi.org\/es\/wp-json\/wp\/v2\/types\/post"}],"author":[{"embeddable":true,"href":"https:\/\/exaudi.org\/es\/wp-json\/wp\/v2\/users\/93"}],"replies":[{"embeddable":true,"href":"https:\/\/exaudi.org\/es\/wp-json\/wp\/v2\/comments?post=35895"}],"version-history":[{"count":0,"href":"https:\/\/exaudi.org\/es\/wp-json\/wp\/v2\/posts\/35895\/revisions"}],"wp:featuredmedia":[{"embeddable":true,"href":"https:\/\/exaudi.org\/es\/wp-json\/wp\/v2\/media\/35896"}],"wp:attachment":[{"href":"https:\/\/exaudi.org\/es\/wp-json\/wp\/v2\/media?parent=35895"}],"wp:term":[{"taxonomy":"category","embeddable":true,"href":"https:\/\/exaudi.org\/es\/wp-json\/wp\/v2\/categories?post=35895"},{"taxonomy":"post_tag","embeddable":true,"href":"https:\/\/exaudi.org\/es\/wp-json\/wp\/v2\/tags?post=35895"}],"curies":[{"name":"wp","href":"https:\/\/api.w.org\/{rel}","templated":true}]}}