{"id":35846,"date":"2021-10-07T12:28:01","date_gmt":"2021-10-07T10:28:01","guid":{"rendered":"https:\/\/exaudi.wpengine.com\/?p=35846"},"modified":"2021-10-08T11:03:48","modified_gmt":"2021-10-08T09:03:48","slug":"papa-ortodoxos-catolicos-cultivar-unidad-diferencias","status":"publish","type":"post","link":"https:\/\/exaudi.org\/es\/papa-ortodoxos-catolicos-cultivar-unidad-diferencias\/","title":{"rendered":"Papa a ortodoxos y cat\u00f3licos: Cultivar unidad con diferencias"},"content":{"rendered":"<p>Esta ma\u00f1ana, el <a href=\"https:\/\/exaudi.wpengine.com\/es\/papa-salvaguardar-casa-comun-preservarla-acciones-perversas\/\" target=\"_blank\" rel=\"noopener\">Papa Francisco<\/a> se ha reunido en audiencia en el Vaticano con los miembros del Grupo mixto de trabajo San Ireneo, de ortodoxos y cat\u00f3licos, a los que ha expresado que \u201ces bueno cultivar una unidad enriquecida por las diferencias, que no ceda a la tentaci\u00f3n de una uniformidad estandarizadora\u201d, y c\u00f3mo \u201caspectos contrastantes presentes en nuestras tradiciones, m\u00e1s que alimentar oposiciones, pueden convertirse en leg\u00edtimas oportunidades para expresar la fe apost\u00f3lica com\u00fan\u201d.<\/p>\n<p>Asimismo, el Santo Padre ha comunicado a los participantes del acto que declarar\u00e1 a su patr\u00f3n, san Ireneo de Lyon, doctor de la Iglesia con el t\u00edtulo de <em>Doctor unitatis<\/em>, quien sirvi\u00f3 como \u201cun gran puente espiritual y teol\u00f3gico entre los cristianos de Oriente y Occidente\u201d, y cuyo nombre lleva la impronta de la paz, no una \u201cnegociada, fruto de acuerdos para proteger intereses, sino una paz que reconcilia, que restablece la unidad\u201d, como la de Cristo.<\/p>\n<p><img loading=\"lazy\" decoding=\"async\" class=\"alignleft size-medium wp-image-35850\" src=\"https:\/\/exaudi.wpengine.com\/wp-content\/uploads\/2021\/10\/DSC2503-300x200.jpg\" alt=\"Papa ortodoxos cat\u00f3licos unidad\" width=\"300\" height=\"200\" srcset=\"https:\/\/exaudi.org\/wp-content\/uploads\/2021\/10\/DSC2503-300x200.jpg 300w, https:\/\/exaudi.org\/wp-content\/uploads\/2021\/10\/DSC2503-1024x683.jpg 1024w, https:\/\/exaudi.org\/wp-content\/uploads\/2021\/10\/DSC2503-768x512.jpg 768w, https:\/\/exaudi.org\/wp-content\/uploads\/2021\/10\/DSC2503-1536x1024.jpg 1536w, https:\/\/exaudi.org\/wp-content\/uploads\/2021\/10\/DSC2503-2048x1365.jpg 2048w, https:\/\/exaudi.org\/wp-content\/uploads\/2021\/10\/DSC2503-150x100.jpg 150w, https:\/\/exaudi.org\/wp-content\/uploads\/2021\/10\/DSC2503-696x464.jpg 696w, https:\/\/exaudi.org\/wp-content\/uploads\/2021\/10\/DSC2503-1068x712.jpg 1068w, https:\/\/exaudi.org\/wp-content\/uploads\/2021\/10\/DSC2503-1920x1280.jpg 1920w, https:\/\/exaudi.org\/wp-content\/uploads\/2021\/10\/DSC2503-630x420.jpg 630w\" sizes=\"auto, (max-width: 300px) 100vw, 300px\" \/><\/p>\n<p>Seguidamente, ha se\u00f1alado que, \u201cgracias a la paciencia constructiva del di\u00e1logo, especialmente con las Iglesias ortodoxas, comprendemos mejor que la primac\u00eda y la sinodalidad en la Iglesia no son dos principios contrapuestos que hay que mantener en equilibrio, sino dos realidades que se constituyen y apoyan mutuamente al servicio de la comuni\u00f3n. As\u00ed como la primac\u00eda presupone el ejercicio de la sinodalidad, la sinodalidad incluye el ejercicio de la primac\u00eda\u201d.<\/p>\n<p>\u201cEn tal visi\u00f3n, el ministerio primario es intr\u00ednseco a la din\u00e1mica sinodal, as\u00ed como el aspecto comunitario que incluye a todo el Pueblo de Dios y la dimensi\u00f3n colegial relacionada con el ejercicio del ministerio episcopal. Por lo tanto, un enfoque fruct\u00edfero de la primac\u00eda en los di\u00e1logos teol\u00f3gicos y ecum\u00e9nicos s\u00f3lo puede basarse en una reflexi\u00f3n sobre la sinodalidad: no hay otro camino\u201d, concluye el Pont\u00edfice.<\/p>\n<p>A continuaci\u00f3n, sigue el texto completo del discurso de Su Santidad, traducido del original italiano ofrecido por la\u00a0<a href=\"https:\/\/www.vatican.va\/news_services\/press\/index_sp.htm\" target=\"_blank\" rel=\"noopener\">Oficina de Prensa de la Santa Sede.<\/a><\/p>\n<p>***<\/p>\n<h4><strong>Discurso de Francisco<\/strong><\/h4>\n<p><em>Queridos hermanos y hermanas, \u00a1buenos d\u00edas!<\/em><\/p>\n<p>Les doy una alegre bienvenida a Roma, donde por primera vez se re\u00fanen en su sesi\u00f3n anual. Le agradezco el trabajo teol\u00f3gico que realiza al servicio de la comuni\u00f3n entre cat\u00f3licos y ortodoxos. Agradezco al cardenal Koch sus palabras de presentaci\u00f3n. Me llam\u00f3 la atenci\u00f3n lo que dijo sobre su tarea espec\u00edfica: buscar juntos formas en que las diferentes tradiciones puedan enriquecerse mutuamente sin perder su identidad. Es interesante lo que has dicho sobre la interpretaci\u00f3n como Gegens\u00e4tze: me ha gustado, gracias. Es bueno cultivar una unidad enriquecida por las diferencias, que no ceda a la tentaci\u00f3n de una uniformidad estandarizadora: esto es siempre malo, no est\u00e1 en el buen esp\u00edritu. Animados por este esp\u00edritu, os compar\u00e1is para comprender c\u00f3mo los aspectos contrastantes presentes en nuestras tradiciones, m\u00e1s que alimentar oposiciones, pueden convertirse en leg\u00edtimas oportunidades para expresar la fe apost\u00f3lica com\u00fan.<\/p>\n<p><img loading=\"lazy\" decoding=\"async\" class=\"alignright size-medium wp-image-35853\" src=\"https:\/\/exaudi.wpengine.com\/wp-content\/uploads\/2021\/10\/RIP0697-300x200.jpg\" alt=\"\" width=\"300\" height=\"200\" srcset=\"https:\/\/exaudi.org\/wp-content\/uploads\/2021\/10\/RIP0697-300x200.jpg 300w, https:\/\/exaudi.org\/wp-content\/uploads\/2021\/10\/RIP0697-1024x683.jpg 1024w, https:\/\/exaudi.org\/wp-content\/uploads\/2021\/10\/RIP0697-768x512.jpg 768w, https:\/\/exaudi.org\/wp-content\/uploads\/2021\/10\/RIP0697-1536x1024.jpg 1536w, https:\/\/exaudi.org\/wp-content\/uploads\/2021\/10\/RIP0697-2048x1365.jpg 2048w, https:\/\/exaudi.org\/wp-content\/uploads\/2021\/10\/RIP0697-150x100.jpg 150w, https:\/\/exaudi.org\/wp-content\/uploads\/2021\/10\/RIP0697-696x464.jpg 696w, https:\/\/exaudi.org\/wp-content\/uploads\/2021\/10\/RIP0697-1068x712.jpg 1068w, https:\/\/exaudi.org\/wp-content\/uploads\/2021\/10\/RIP0697-1920x1280.jpg 1920w, https:\/\/exaudi.org\/wp-content\/uploads\/2021\/10\/RIP0697-630x420.jpg 630w\" sizes=\"auto, (max-width: 300px) 100vw, 300px\" \/><\/p>\n<p>Tambi\u00e9n me gusta su nombre: no una comisi\u00f3n o un comit\u00e9, sino un \u201cgrupo de trabajo\u201d: un grupo que re\u00fane, en di\u00e1logo fraterno y paciente, a expertos de varias Iglesias y de diferentes pa\u00edses, deseosos de rezar y estudiar juntos la unidad. Vuestro patr\u00f3n, San Ireneo de Lyon, al que con gusto declarar\u00e9 en breve Doctor de la Iglesia con el t\u00edtulo de <em>Doctor unitatis<\/em>, proced\u00eda de Oriente y ejerci\u00f3 su ministerio episcopal en Occidente, fue un gran puente espiritual y teol\u00f3gico entre los cristianos de Oriente y Occidente. Su nombre, Ireneo, lleva la impronta de la palabra paz. Sabemos que la paz del Se\u00f1or no es una paz \u201cnegociada\u201d, fruto de acuerdos para proteger intereses, sino una paz que reconcilia, que restablece la unidad. Esta es la paz de Jes\u00fas. Cristo -escribe el ap\u00f3stol Pablo- \u201ces nuestra paz, [&#8230;] el que hizo uno de dos, derribando el muro de separaci\u00f3n, es decir, la enemistad\u201d (Ef 2,14). Queridos amigos, tambi\u00e9n vosotros, con la ayuda de Dios, trabajad para derribar muros de separaci\u00f3n y construir puentes de comuni\u00f3n.<\/p>\n<p>Le doy las gracias por ello y, en particular, por el estudio que acaba de publicar, titulado Servir a la Comuni\u00f3n. Repensar la relaci\u00f3n entre primac\u00eda y sinodalidad. Gracias a la paciencia constructiva del di\u00e1logo, especialmente con las Iglesias ortodoxas, comprendemos mejor que la primac\u00eda y la sinodalidad en la Iglesia no son dos principios contrapuestos que hay que mantener en equilibrio, sino dos realidades que se constituyen y apoyan mutuamente al servicio de la comuni\u00f3n. As\u00ed como la primac\u00eda presupone el ejercicio de la sinodalidad, la sinodalidad incluye el ejercicio de la primac\u00eda. Es interesante, desde este punto de vista, lo que ha escrito la Comisi\u00f3n Teol\u00f3gica Internacional, explicando que la sinodalidad en la Iglesia cat\u00f3lica, en sentido amplio, puede entenderse como la articulaci\u00f3n de tres dimensiones: \u201c&#8217;todos&#8217;, &#8216;algunos&#8217; y &#8216;uno&#8217;\u201d. En efecto, \u201cla sinodalidad implica el ejercicio del <em>sensus fidei de la universitas fidelium<\/em> (todos), el ministerio de la direcci\u00f3n del colegio de los obispos, cada uno con su presbiterio (algunos), y el ministerio de la unidad del obispo y del papa (uno)\u201d (La sinodalidad en la vida y misi\u00f3n de la Iglesia, 2018, n\u00ba 64).<\/p>\n<p><img loading=\"lazy\" decoding=\"async\" class=\"alignleft size-medium wp-image-35856\" src=\"https:\/\/exaudi.wpengine.com\/wp-content\/uploads\/2021\/10\/SFO7615-300x200.jpg\" alt=\"Papa ortodoxos cat\u00f3licos unidad\" width=\"300\" height=\"200\" srcset=\"https:\/\/exaudi.org\/wp-content\/uploads\/2021\/10\/SFO7615-300x200.jpg 300w, https:\/\/exaudi.org\/wp-content\/uploads\/2021\/10\/SFO7615-1024x683.jpg 1024w, https:\/\/exaudi.org\/wp-content\/uploads\/2021\/10\/SFO7615-768x512.jpg 768w, https:\/\/exaudi.org\/wp-content\/uploads\/2021\/10\/SFO7615-1536x1024.jpg 1536w, https:\/\/exaudi.org\/wp-content\/uploads\/2021\/10\/SFO7615-2048x1365.jpg 2048w, https:\/\/exaudi.org\/wp-content\/uploads\/2021\/10\/SFO7615-150x100.jpg 150w, https:\/\/exaudi.org\/wp-content\/uploads\/2021\/10\/SFO7615-696x464.jpg 696w, https:\/\/exaudi.org\/wp-content\/uploads\/2021\/10\/SFO7615-1068x712.jpg 1068w, https:\/\/exaudi.org\/wp-content\/uploads\/2021\/10\/SFO7615-1920x1280.jpg 1920w, https:\/\/exaudi.org\/wp-content\/uploads\/2021\/10\/SFO7615-630x420.jpg 630w\" sizes=\"auto, (max-width: 300px) 100vw, 300px\" \/><\/p>\n<p>En tal visi\u00f3n, el ministerio primario es intr\u00ednseco a la din\u00e1mica sinodal, as\u00ed como el aspecto comunitario que incluye a todo el Pueblo de Dios y la dimensi\u00f3n colegial relacionada con el ejercicio del ministerio episcopal. Por lo tanto, un enfoque fruct\u00edfero de la primac\u00eda en los di\u00e1logos teol\u00f3gicos y ecum\u00e9nicos s\u00f3lo puede basarse en una reflexi\u00f3n sobre la sinodalidad: no hay otro camino. De hecho, he expresado repetidamente mi convicci\u00f3n de que \u201cen una Iglesia sinodal, incluso el ejercicio del primado petrino podr\u00e1 recibir mayor luz\u201d (Discurso en el 50\u00ba aniversario de la constituci\u00f3n del S\u00ednodo de los Obispos, 17 de octubre de 2015). Conf\u00edo en que, con la ayuda de Dios, el viaje sinodal que se inaugurar\u00e1 dentro de unos d\u00edas en todas las di\u00f3cesis cat\u00f3licas sea una oportunidad para profundizar tambi\u00e9n en este importante aspecto junto a otros cristianos.<\/p>\n<p>Queridos hermanos y hermanas, les agradezco su visita y les deseo una fruct\u00edfera sesi\u00f3n de trabajo en Roma, en el Instituto <em>Angelicum<\/em> de Estudios Ecum\u00e9nicos. Al confiar mi ministerio a vuestras oraciones, invoco sobre vosotros la bendici\u00f3n del Se\u00f1or y la protecci\u00f3n de la Santa Madre de Dios. Y ahora, si te parece, podemos rezar juntos el Padrenuestro en nuestra propia lengua.<\/p>\n<p><strong>\u00a9 Librer\u00eda Editora Vaticana<\/strong><\/p>\n","protected":false},"excerpt":{"rendered":"<p>Discurso al grupo de trabajo mixto San Ireneo<\/p>\n","protected":false},"author":6,"featured_media":35847,"comment_status":"closed","ping_status":"closed","sticky":false,"template":"","format":"standard","meta":{"_acf_changed":false,"_crdt_document":"","inline_featured_image":false,"footnotes":""},"categories":[124,298],"tags":[168,4439,4440],"class_list":["post-35846","post","type-post","status-publish","format-standard","has-post-thumbnail","hentry","category-discursos","category-ultimas-noticias","tag-audiencia","tag-grupo-san-ireneo","tag-ortodoxos"],"acf":[],"yoast_head":"<!-- This site is optimized with the Yoast SEO plugin v27.4 - https:\/\/yoast.com\/product\/yoast-seo-wordpress\/ -->\n<title>Papa a ortodoxos y cat\u00f3licos: Cultivar unidad con diferencias<\/title>\n<meta name=\"description\" content=\"En su discurso al grupo de trabajo mixto de ortodoxos y cat\u00f3licos, el Papa ha animado a \u201ccultivar una unidad enriquecida por las diferencias\u201d.\" \/>\n<meta name=\"robots\" content=\"index, follow, max-snippet:-1, max-image-preview:large, max-video-preview:-1\" \/>\n<link rel=\"canonical\" href=\"https:\/\/exaudi.org\/es\/papa-ortodoxos-catolicos-cultivar-unidad-diferencias\/\" \/>\n<meta property=\"og:locale\" content=\"es_ES\" \/>\n<meta property=\"og:type\" content=\"article\" \/>\n<meta property=\"og:title\" content=\"Papa a ortodoxos y cat\u00f3licos: Cultivar unidad con diferencias\" \/>\n<meta property=\"og:description\" content=\"En su discurso al grupo de trabajo mixto de ortodoxos y cat\u00f3licos, el Papa ha animado a \u201ccultivar una unidad enriquecida por las diferencias\u201d.\" \/>\n<meta property=\"og:url\" content=\"https:\/\/exaudi.org\/es\/papa-ortodoxos-catolicos-cultivar-unidad-diferencias\/\" \/>\n<meta property=\"og:site_name\" content=\"Exaudi\" \/>\n<meta property=\"article:publisher\" content=\"https:\/\/www.facebook.com\/ExaudiNews\" \/>\n<meta property=\"article:published_time\" content=\"2021-10-07T10:28:01+00:00\" \/>\n<meta property=\"article:modified_time\" content=\"2021-10-08T09:03:48+00:00\" \/>\n<meta property=\"og:image\" content=\"https:\/\/exaudi.org\/wp-content\/uploads\/2021\/10\/h65n4gh5nhg-scaled.jpg\" \/>\n\t<meta property=\"og:image:width\" content=\"2560\" \/>\n\t<meta property=\"og:image:height\" content=\"1547\" \/>\n\t<meta property=\"og:image:type\" content=\"image\/jpeg\" \/>\n<meta name=\"author\" content=\"Gabriel Sales\" \/>\n<meta name=\"twitter:card\" content=\"summary_large_image\" \/>\n<meta name=\"twitter:creator\" content=\"@habemusman\" \/>\n<meta name=\"twitter:site\" content=\"@Exaudi_News\" \/>\n<meta name=\"twitter:label1\" content=\"Escrito por\" \/>\n\t<meta name=\"twitter:data1\" content=\"Gabriel Sales\" \/>\n\t<meta name=\"twitter:label2\" content=\"Tiempo de lectura\" \/>\n\t<meta name=\"twitter:data2\" content=\"5 minutos\" \/>\n<script type=\"application\/ld+json\" class=\"yoast-schema-graph\">{\"@context\":\"https:\\\/\\\/schema.org\",\"@graph\":[{\"@type\":\"Article\",\"@id\":\"https:\\\/\\\/exaudi.org\\\/es\\\/papa-ortodoxos-catolicos-cultivar-unidad-diferencias\\\/#article\",\"isPartOf\":{\"@id\":\"https:\\\/\\\/exaudi.org\\\/es\\\/papa-ortodoxos-catolicos-cultivar-unidad-diferencias\\\/\"},\"author\":{\"name\":\"Gabriel Sales\",\"@id\":\"https:\\\/\\\/exaudi.org\\\/#\\\/schema\\\/person\\\/d134b96438278131ce90c90c03fda6cd\"},\"headline\":\"Papa a ortodoxos y cat\u00f3licos: Cultivar unidad con diferencias\",\"datePublished\":\"2021-10-07T10:28:01+00:00\",\"dateModified\":\"2021-10-08T09:03:48+00:00\",\"mainEntityOfPage\":{\"@id\":\"https:\\\/\\\/exaudi.org\\\/es\\\/papa-ortodoxos-catolicos-cultivar-unidad-diferencias\\\/\"},\"wordCount\":1146,\"image\":{\"@id\":\"https:\\\/\\\/exaudi.org\\\/es\\\/papa-ortodoxos-catolicos-cultivar-unidad-diferencias\\\/#primaryimage\"},\"thumbnailUrl\":\"https:\\\/\\\/exaudi.org\\\/wp-content\\\/uploads\\\/2021\\\/10\\\/h65n4gh5nhg-scaled.jpg\",\"keywords\":[\"audiencia\",\"Grupo San Ireneo\",\"Ortodoxos\"],\"articleSection\":[\"Discursos\",\"\u00daltimas noticias\"],\"inLanguage\":\"es\"},{\"@type\":\"WebPage\",\"@id\":\"https:\\\/\\\/exaudi.org\\\/es\\\/papa-ortodoxos-catolicos-cultivar-unidad-diferencias\\\/\",\"url\":\"https:\\\/\\\/exaudi.org\\\/es\\\/papa-ortodoxos-catolicos-cultivar-unidad-diferencias\\\/\",\"name\":\"Papa a ortodoxos y cat\u00f3licos: Cultivar unidad con diferencias\",\"isPartOf\":{\"@id\":\"https:\\\/\\\/exaudi.org\\\/#website\"},\"primaryImageOfPage\":{\"@id\":\"https:\\\/\\\/exaudi.org\\\/es\\\/papa-ortodoxos-catolicos-cultivar-unidad-diferencias\\\/#primaryimage\"},\"image\":{\"@id\":\"https:\\\/\\\/exaudi.org\\\/es\\\/papa-ortodoxos-catolicos-cultivar-unidad-diferencias\\\/#primaryimage\"},\"thumbnailUrl\":\"https:\\\/\\\/exaudi.org\\\/wp-content\\\/uploads\\\/2021\\\/10\\\/h65n4gh5nhg-scaled.jpg\",\"datePublished\":\"2021-10-07T10:28:01+00:00\",\"dateModified\":\"2021-10-08T09:03:48+00:00\",\"author\":{\"@id\":\"https:\\\/\\\/exaudi.org\\\/#\\\/schema\\\/person\\\/d134b96438278131ce90c90c03fda6cd\"},\"description\":\"En su discurso al grupo de trabajo mixto de ortodoxos y cat\u00f3licos, el Papa ha animado a \u201ccultivar una unidad enriquecida por las diferencias\u201d.\",\"breadcrumb\":{\"@id\":\"https:\\\/\\\/exaudi.org\\\/es\\\/papa-ortodoxos-catolicos-cultivar-unidad-diferencias\\\/#breadcrumb\"},\"inLanguage\":\"es\",\"potentialAction\":[{\"@type\":\"ReadAction\",\"target\":[\"https:\\\/\\\/exaudi.org\\\/es\\\/papa-ortodoxos-catolicos-cultivar-unidad-diferencias\\\/\"]}]},{\"@type\":\"ImageObject\",\"inLanguage\":\"es\",\"@id\":\"https:\\\/\\\/exaudi.org\\\/es\\\/papa-ortodoxos-catolicos-cultivar-unidad-diferencias\\\/#primaryimage\",\"url\":\"https:\\\/\\\/exaudi.org\\\/wp-content\\\/uploads\\\/2021\\\/10\\\/h65n4gh5nhg-scaled.jpg\",\"contentUrl\":\"https:\\\/\\\/exaudi.org\\\/wp-content\\\/uploads\\\/2021\\\/10\\\/h65n4gh5nhg-scaled.jpg\",\"width\":2560,\"height\":1547,\"caption\":\"El Papa con el grupo mixto San Ireneo \u00a9 Vatican Media\"},{\"@type\":\"BreadcrumbList\",\"@id\":\"https:\\\/\\\/exaudi.org\\\/es\\\/papa-ortodoxos-catolicos-cultivar-unidad-diferencias\\\/#breadcrumb\",\"itemListElement\":[{\"@type\":\"ListItem\",\"position\":1,\"name\":\"Portada\",\"item\":\"https:\\\/\\\/exaudi.org\\\/es\\\/\"},{\"@type\":\"ListItem\",\"position\":2,\"name\":\"Papa a ortodoxos y cat\u00f3licos: Cultivar unidad con diferencias\"}]},{\"@type\":\"WebSite\",\"@id\":\"https:\\\/\\\/exaudi.org\\\/#website\",\"url\":\"https:\\\/\\\/exaudi.org\\\/\",\"name\":\"Exaudi\",\"description\":\"News\",\"potentialAction\":[{\"@type\":\"SearchAction\",\"target\":{\"@type\":\"EntryPoint\",\"urlTemplate\":\"https:\\\/\\\/exaudi.org\\\/?s={search_term_string}\"},\"query-input\":{\"@type\":\"PropertyValueSpecification\",\"valueRequired\":true,\"valueName\":\"search_term_string\"}}],\"inLanguage\":\"es\"},{\"@type\":\"Person\",\"@id\":\"https:\\\/\\\/exaudi.org\\\/#\\\/schema\\\/person\\\/d134b96438278131ce90c90c03fda6cd\",\"name\":\"Gabriel Sales\",\"image\":{\"@type\":\"ImageObject\",\"inLanguage\":\"es\",\"@id\":\"https:\\\/\\\/secure.gravatar.com\\\/avatar\\\/9b1269566f6a063ed26ffb3532b66a373cdde231ce5d0effb266167437fdaffd?s=96&d=mm&r=g\",\"url\":\"https:\\\/\\\/secure.gravatar.com\\\/avatar\\\/9b1269566f6a063ed26ffb3532b66a373cdde231ce5d0effb266167437fdaffd?s=96&d=mm&r=g\",\"contentUrl\":\"https:\\\/\\\/secure.gravatar.com\\\/avatar\\\/9b1269566f6a063ed26ffb3532b66a373cdde231ce5d0effb266167437fdaffd?s=96&d=mm&r=g\",\"caption\":\"Gabriel Sales\"},\"description\":\"Periodista y especialista en Comunicaci\u00f3n y Branding digital. Cin\u00e9filo y cr\u00edtico de cine y series de televisi\u00f3n.\",\"sameAs\":[\"https:\\\/\\\/www.instagram.com\\\/cine90segundos\\\/\",\"www.linkedin.com\\\/in\\\/habemusman\",\"https:\\\/\\\/x.com\\\/habemusman\",\"https:\\\/\\\/www.youtube.com\\\/channel\\\/UCVfCiOMkJ_C7T7OpyjuaLDg\"],\"url\":\"https:\\\/\\\/exaudi.org\\\/es\\\/author\\\/gsalesexaudi-org\\\/\"}]}<\/script>\n<!-- \/ Yoast SEO plugin. -->","yoast_head_json":{"title":"Papa a ortodoxos y cat\u00f3licos: Cultivar unidad con diferencias","description":"En su discurso al grupo de trabajo mixto de ortodoxos y cat\u00f3licos, el Papa ha animado a \u201ccultivar una unidad enriquecida por las diferencias\u201d.","robots":{"index":"index","follow":"follow","max-snippet":"max-snippet:-1","max-image-preview":"max-image-preview:large","max-video-preview":"max-video-preview:-1"},"canonical":"https:\/\/exaudi.org\/es\/papa-ortodoxos-catolicos-cultivar-unidad-diferencias\/","og_locale":"es_ES","og_type":"article","og_title":"Papa a ortodoxos y cat\u00f3licos: Cultivar unidad con diferencias","og_description":"En su discurso al grupo de trabajo mixto de ortodoxos y cat\u00f3licos, el Papa ha animado a \u201ccultivar una unidad enriquecida por las diferencias\u201d.","og_url":"https:\/\/exaudi.org\/es\/papa-ortodoxos-catolicos-cultivar-unidad-diferencias\/","og_site_name":"Exaudi","article_publisher":"https:\/\/www.facebook.com\/ExaudiNews","article_published_time":"2021-10-07T10:28:01+00:00","article_modified_time":"2021-10-08T09:03:48+00:00","og_image":[{"width":2560,"height":1547,"url":"https:\/\/exaudi.org\/wp-content\/uploads\/2021\/10\/h65n4gh5nhg-scaled.jpg","type":"image\/jpeg"}],"author":"Gabriel Sales","twitter_card":"summary_large_image","twitter_creator":"@habemusman","twitter_site":"@Exaudi_News","twitter_misc":{"Escrito por":"Gabriel Sales","Tiempo de lectura":"5 minutos"},"schema":{"@context":"https:\/\/schema.org","@graph":[{"@type":"Article","@id":"https:\/\/exaudi.org\/es\/papa-ortodoxos-catolicos-cultivar-unidad-diferencias\/#article","isPartOf":{"@id":"https:\/\/exaudi.org\/es\/papa-ortodoxos-catolicos-cultivar-unidad-diferencias\/"},"author":{"name":"Gabriel Sales","@id":"https:\/\/exaudi.org\/#\/schema\/person\/d134b96438278131ce90c90c03fda6cd"},"headline":"Papa a ortodoxos y cat\u00f3licos: Cultivar unidad con diferencias","datePublished":"2021-10-07T10:28:01+00:00","dateModified":"2021-10-08T09:03:48+00:00","mainEntityOfPage":{"@id":"https:\/\/exaudi.org\/es\/papa-ortodoxos-catolicos-cultivar-unidad-diferencias\/"},"wordCount":1146,"image":{"@id":"https:\/\/exaudi.org\/es\/papa-ortodoxos-catolicos-cultivar-unidad-diferencias\/#primaryimage"},"thumbnailUrl":"https:\/\/exaudi.org\/wp-content\/uploads\/2021\/10\/h65n4gh5nhg-scaled.jpg","keywords":["audiencia","Grupo San Ireneo","Ortodoxos"],"articleSection":["Discursos","\u00daltimas noticias"],"inLanguage":"es"},{"@type":"WebPage","@id":"https:\/\/exaudi.org\/es\/papa-ortodoxos-catolicos-cultivar-unidad-diferencias\/","url":"https:\/\/exaudi.org\/es\/papa-ortodoxos-catolicos-cultivar-unidad-diferencias\/","name":"Papa a ortodoxos y cat\u00f3licos: Cultivar unidad con diferencias","isPartOf":{"@id":"https:\/\/exaudi.org\/#website"},"primaryImageOfPage":{"@id":"https:\/\/exaudi.org\/es\/papa-ortodoxos-catolicos-cultivar-unidad-diferencias\/#primaryimage"},"image":{"@id":"https:\/\/exaudi.org\/es\/papa-ortodoxos-catolicos-cultivar-unidad-diferencias\/#primaryimage"},"thumbnailUrl":"https:\/\/exaudi.org\/wp-content\/uploads\/2021\/10\/h65n4gh5nhg-scaled.jpg","datePublished":"2021-10-07T10:28:01+00:00","dateModified":"2021-10-08T09:03:48+00:00","author":{"@id":"https:\/\/exaudi.org\/#\/schema\/person\/d134b96438278131ce90c90c03fda6cd"},"description":"En su discurso al grupo de trabajo mixto de ortodoxos y cat\u00f3licos, el Papa ha animado a \u201ccultivar una unidad enriquecida por las diferencias\u201d.","breadcrumb":{"@id":"https:\/\/exaudi.org\/es\/papa-ortodoxos-catolicos-cultivar-unidad-diferencias\/#breadcrumb"},"inLanguage":"es","potentialAction":[{"@type":"ReadAction","target":["https:\/\/exaudi.org\/es\/papa-ortodoxos-catolicos-cultivar-unidad-diferencias\/"]}]},{"@type":"ImageObject","inLanguage":"es","@id":"https:\/\/exaudi.org\/es\/papa-ortodoxos-catolicos-cultivar-unidad-diferencias\/#primaryimage","url":"https:\/\/exaudi.org\/wp-content\/uploads\/2021\/10\/h65n4gh5nhg-scaled.jpg","contentUrl":"https:\/\/exaudi.org\/wp-content\/uploads\/2021\/10\/h65n4gh5nhg-scaled.jpg","width":2560,"height":1547,"caption":"El Papa con el grupo mixto San Ireneo \u00a9 Vatican Media"},{"@type":"BreadcrumbList","@id":"https:\/\/exaudi.org\/es\/papa-ortodoxos-catolicos-cultivar-unidad-diferencias\/#breadcrumb","itemListElement":[{"@type":"ListItem","position":1,"name":"Portada","item":"https:\/\/exaudi.org\/es\/"},{"@type":"ListItem","position":2,"name":"Papa a ortodoxos y cat\u00f3licos: Cultivar unidad con diferencias"}]},{"@type":"WebSite","@id":"https:\/\/exaudi.org\/#website","url":"https:\/\/exaudi.org\/","name":"Exaudi","description":"News","potentialAction":[{"@type":"SearchAction","target":{"@type":"EntryPoint","urlTemplate":"https:\/\/exaudi.org\/?s={search_term_string}"},"query-input":{"@type":"PropertyValueSpecification","valueRequired":true,"valueName":"search_term_string"}}],"inLanguage":"es"},{"@type":"Person","@id":"https:\/\/exaudi.org\/#\/schema\/person\/d134b96438278131ce90c90c03fda6cd","name":"Gabriel Sales","image":{"@type":"ImageObject","inLanguage":"es","@id":"https:\/\/secure.gravatar.com\/avatar\/9b1269566f6a063ed26ffb3532b66a373cdde231ce5d0effb266167437fdaffd?s=96&d=mm&r=g","url":"https:\/\/secure.gravatar.com\/avatar\/9b1269566f6a063ed26ffb3532b66a373cdde231ce5d0effb266167437fdaffd?s=96&d=mm&r=g","contentUrl":"https:\/\/secure.gravatar.com\/avatar\/9b1269566f6a063ed26ffb3532b66a373cdde231ce5d0effb266167437fdaffd?s=96&d=mm&r=g","caption":"Gabriel Sales"},"description":"Periodista y especialista en Comunicaci\u00f3n y Branding digital. Cin\u00e9filo y cr\u00edtico de cine y series de televisi\u00f3n.","sameAs":["https:\/\/www.instagram.com\/cine90segundos\/","www.linkedin.com\/in\/habemusman","https:\/\/x.com\/habemusman","https:\/\/www.youtube.com\/channel\/UCVfCiOMkJ_C7T7OpyjuaLDg"],"url":"https:\/\/exaudi.org\/es\/author\/gsalesexaudi-org\/"}]}},"jetpack_featured_media_url":"https:\/\/exaudi.org\/wp-content\/uploads\/2021\/10\/h65n4gh5nhg-scaled.jpg","jetpack_shortlink":"https:\/\/wp.me\/pgKjF2-9ka","_links":{"self":[{"href":"https:\/\/exaudi.org\/es\/wp-json\/wp\/v2\/posts\/35846","targetHints":{"allow":["GET"]}}],"collection":[{"href":"https:\/\/exaudi.org\/es\/wp-json\/wp\/v2\/posts"}],"about":[{"href":"https:\/\/exaudi.org\/es\/wp-json\/wp\/v2\/types\/post"}],"author":[{"embeddable":true,"href":"https:\/\/exaudi.org\/es\/wp-json\/wp\/v2\/users\/6"}],"replies":[{"embeddable":true,"href":"https:\/\/exaudi.org\/es\/wp-json\/wp\/v2\/comments?post=35846"}],"version-history":[{"count":0,"href":"https:\/\/exaudi.org\/es\/wp-json\/wp\/v2\/posts\/35846\/revisions"}],"wp:featuredmedia":[{"embeddable":true,"href":"https:\/\/exaudi.org\/es\/wp-json\/wp\/v2\/media\/35847"}],"wp:attachment":[{"href":"https:\/\/exaudi.org\/es\/wp-json\/wp\/v2\/media?parent=35846"}],"wp:term":[{"taxonomy":"category","embeddable":true,"href":"https:\/\/exaudi.org\/es\/wp-json\/wp\/v2\/categories?post=35846"},{"taxonomy":"post_tag","embeddable":true,"href":"https:\/\/exaudi.org\/es\/wp-json\/wp\/v2\/tags?post=35846"}],"curies":[{"name":"wp","href":"https:\/\/api.w.org\/{rel}","templated":true}]}}