{"id":35753,"date":"2021-10-07T09:30:16","date_gmt":"2021-10-07T07:30:16","guid":{"rendered":"https:\/\/exaudi.wpengine.com\/?p=35753"},"modified":"2021-10-07T19:58:37","modified_gmt":"2021-10-07T17:58:37","slug":"ano-san-jose-preguntas-frecuentes","status":"publish","type":"post","link":"https:\/\/exaudi.org\/es\/ano-san-jose-preguntas-frecuentes\/","title":{"rendered":"A\u00f1o de san Jos\u00e9: Preguntas frecuentes"},"content":{"rendered":"<p>Desde el 8 de diciembre de 2020 y hasta ese mismo d\u00eda de este a\u00f1o 2021, el Papa Francisco ha convocado un a\u00f1o especial de San Jos\u00e9. El padre Jairo Yate, juez instructor en la <a href=\"https:\/\/notasamablesalapalabra.blogspot.com\/\" target=\"_blank\" rel=\"noopener\">di\u00f3cesis de Ibagu\u00e9<\/a>, Colombia, responde a preguntas frecuentes sobre este a\u00f1o, cuyas gracias a\u00fan podemos aprovechar.<\/p>\n<p>***<\/p>\n<p>Es un deseo del Santo Padre Francisco que todos los cat\u00f3licos vivamos la celebraci\u00f3n de un a\u00f1o dedicado a san Jos\u00e9 para conmemorar los 150 a\u00f1os del decreto <em>Quemadmodum Deus<\/em>, con el cual el Beato <a href=\"https:\/\/www.vatican.va\/content\/pius-ix\/es.html\" target=\"_blank\" rel=\"noopener\">P\u00edo IX<\/a> declar\u00f3 a san Jos\u00e9 Patrono de la Iglesia universal.<\/p>\n<p>El Papa Francisco desea que nosotros los cat\u00f3licos, siguiendo el ejemplo de san Jos\u00e9, podamos fortalecer cotidianamente nuestra vida en el cumplimiento pleno de la voluntad de Dios.\u00a0 Con este momento especial para nuestra Iglesia, el Papa, public\u00f3 justamente, el 8 de diciembre del a\u00f1o 2020 una carta apost\u00f3lica \u201cPatris Corde\u201d, para celebrar los 150 a\u00f1os de la declaraci\u00f3n de san Jos\u00e9, como patrono de la Iglesia Cat\u00f3lica.\u00a0 Con Coraz\u00f3n de Padre, as\u00ed inicia dicha carta presentando a Jos\u00e9 que am\u00f3 a Jes\u00fas, llamado en los cuatro evangelios, \u201cEl Hijo de Jos\u00e9\u201d. (cf. Lucas 4,22; Juan 6,42; Mateo 13,55; Marcos 6,3).<\/p>\n<h4><strong>\u00bfPor qu\u00e9 el Papa Francisco declar\u00f3 el a\u00f1o de san Jos\u00e9?<\/strong><\/h4>\n<p>Por tres motivos: El primero, el 150 aniversario de la proclamaci\u00f3n de san Jos\u00e9, como patrono de la Iglesia universal. El segundo, de acuerdo a los medios de comunicaci\u00f3n, la pandemia de coronavirus, nos puso a pensar que muchas personas han realizado muchos esfuerzos para proteger a otras. De esa misma manera, tenemos el ejemplo de san Jos\u00e9, que protegi\u00f3 y cuid\u00f3 en silencio, la vida de Mar\u00eda Sant\u00edsima y de Jes\u00fas de Nazareth. El tercero, el Papa propone a san Jos\u00e9, como padre que sirvi\u00f3 a su familia con caridad y humildad. El a\u00f1o de san Jos\u00e9 comenz\u00f3 el 8 de diciembre del a\u00f1o 2020 y termina el 8 de diciembre del a\u00f1o 2021.<\/p>\n<h4><strong>\u00bfSe pueden obtener gracias especiales con el a\u00f1o de San Jos\u00e9?<\/strong><\/h4>\n<p><a href=\"https:\/\/exaudi.wpengine.com\/es\/como-conseguir-indulgencia-en-el-ano-de-san-jose\/\" target=\"_blank\" rel=\"noopener\">La respuesta es \u201cS\u00ed\u201d<\/a>. la Iglesia concede indulgencias seg\u00fan una serie de condiciones establecidas por la Penitenciar\u00eda Apost\u00f3lica. Si una persona desea <a href=\"https:\/\/exaudi.wpengine.com\/es\/que-es-la-indulgencia-plenaria-2021\/\" target=\"_blank\" rel=\"noopener\">ganar indulgencias<\/a> debe cumplir con los siguientes requisitos: confesi\u00f3n vigente, comuni\u00f3n sacramental y oraci\u00f3n por las intenciones del Santo Padre, m\u00e1s el requisito de este a\u00f1o que es orar una plegaria a san Jos\u00e9, aprobada por la Iglesia.<\/p>\n<h4><strong>\u00bfCu\u00e1l plegaria puedo orar a san Jos\u00e9?<\/strong><\/h4>\n<p>Precisamente el Papa Francisco termina su carta apost\u00f3lica a san Jos\u00e9, <em><a href=\"https:\/\/exaudi.wpengine.com\/es\/san-jose-carta-papa-francisco\/\" target=\"_blank\" rel=\"noopener\">Patris Corde<\/a>,<\/em> con una oraci\u00f3n al santo, que es la siguiente: \u201cSalve, custodio del Redentor y esposo de la Virgen Mar\u00eda. A ti Dios confi\u00f3 a su Hijo, en ti Mar\u00eda deposit\u00f3 su confianza, contigo Cristo se forj\u00f3 como hombre. Oh, bienaventurado Jos\u00e9, mu\u00e9strate, padre tambi\u00e9n a nosotros y gu\u00edanos en el camino de la vida. Conc\u00e9denos gracia, misericordia y valent\u00eda, y defi\u00e9ndenos de todo mal. Am\u00e9n\u201d.<\/p>\n<h4><strong>\u00bfPor qu\u00e9 la Iglesia cat\u00f3lica dedica a\u00f1os a temas espec\u00edficos?<\/strong><\/h4>\n<p>De acuerdo con las buenas costumbres, la pastoral, los deseos de la evangelizaci\u00f3n, la Iglesia tiene establecido, por ejemplo, la celebraci\u00f3n del a\u00f1o lit\u00fargico, en el cual se celebra el misterio de Cristo, desde su nacimiento, hasta su \u00faltima y definitiva venida. San Juan Pablo II, dec\u00eda con motivo del cuadrag\u00e9simo aniversario de la constituci\u00f3n conciliar sobre la Sagrada Liturgia, del 4 de diciembre de 2003, que el a\u00f1o lit\u00fargico es \u201ccamino a trav\u00e9s del cual la Iglesia hace memoria del misterio pascual de Cristo y lo revive\u201d. Los papas por su autoridad pueden proponer el hecho de dedicar un tiempo o un a\u00f1o a reflexionar sobre alg\u00fan aspecto o ense\u00f1anza de la vida cristiana. Por ejemplo, se han celebrado el a\u00f1o de la fe; el a\u00f1o de la Eucarist\u00eda; el a\u00f1o del jubileo de la misericordia. En este a\u00f1o 2021 estamos celebrando el a\u00f1o de san Jos\u00e9.<\/p>\n","protected":false},"excerpt":{"rendered":"<p>Del 8 de diciembre de 2020 al 8 de diciembre de 2021<\/p>\n","protected":false},"author":75,"featured_media":35756,"comment_status":"open","ping_status":"open","sticky":false,"template":"","format":"standard","meta":{"_acf_changed":false,"_crdt_document":"","inline_featured_image":false,"footnotes":""},"categories":[72,298],"tags":[4429,158,814],"class_list":["post-35753","post","type-post","status-publish","format-standard","has-post-thumbnail","hentry","category-analisis","category-ultimas-noticias","tag-ano-de-san-jose","tag-papa-francisco","tag-san-jose"],"acf":[],"yoast_head":"<!-- This site is optimized with the Yoast SEO plugin v27.5 - https:\/\/yoast.com\/product\/yoast-seo-wordpress\/ -->\n<title>A\u00f1o de san Jos\u00e9: Preguntas frecuentes &#8211; Exaudi<\/title>\n<meta name=\"description\" content=\"El Papa ha convocado un a\u00f1os especial de san Jos\u00e9. El P. Jairo Yate, juez instructor en la di\u00f3cesis de Ibag\u00fce, responde a preguntas frecuentes\" \/>\n<meta name=\"robots\" content=\"index, follow, max-snippet:-1, max-image-preview:large, max-video-preview:-1\" \/>\n<link rel=\"canonical\" href=\"https:\/\/exaudi.org\/es\/ano-san-jose-preguntas-frecuentes\/\" \/>\n<meta property=\"og:locale\" content=\"es_ES\" \/>\n<meta property=\"og:type\" content=\"article\" \/>\n<meta property=\"og:title\" content=\"A\u00f1o de san Jos\u00e9: Preguntas frecuentes &#8211; Exaudi\" \/>\n<meta property=\"og:description\" content=\"El Papa ha convocado un a\u00f1os especial de san Jos\u00e9. El P. Jairo Yate, juez instructor en la di\u00f3cesis de Ibag\u00fce, responde a preguntas frecuentes\" \/>\n<meta property=\"og:url\" content=\"https:\/\/exaudi.org\/es\/ano-san-jose-preguntas-frecuentes\/\" \/>\n<meta property=\"og:site_name\" content=\"Exaudi\" \/>\n<meta property=\"article:publisher\" content=\"https:\/\/www.facebook.com\/ExaudiNews\" \/>\n<meta property=\"article:published_time\" content=\"2021-10-07T07:30:16+00:00\" \/>\n<meta property=\"article:modified_time\" content=\"2021-10-07T17:58:37+00:00\" \/>\n<meta property=\"og:image\" content=\"https:\/\/exaudi.org\/wp-content\/uploads\/2021\/10\/San-Jose-CARF-Fundacion.jpg\" \/>\n\t<meta property=\"og:image:width\" content=\"1000\" \/>\n\t<meta property=\"og:image:height\" content=\"668\" \/>\n\t<meta property=\"og:image:type\" content=\"image\/jpeg\" \/>\n<meta name=\"author\" content=\"Jairo Yate\" \/>\n<meta name=\"twitter:card\" content=\"summary_large_image\" \/>\n<meta name=\"twitter:creator\" content=\"@Exaudi_News\" \/>\n<meta name=\"twitter:site\" content=\"@Exaudi_News\" \/>\n<meta name=\"twitter:label1\" content=\"Escrito por\" \/>\n\t<meta name=\"twitter:data1\" content=\"Jairo Yate\" \/>\n\t<meta name=\"twitter:label2\" content=\"Tiempo de lectura\" \/>\n\t<meta name=\"twitter:data2\" content=\"3 minutos\" \/>\n<script type=\"application\/ld+json\" class=\"yoast-schema-graph\">{\"@context\":\"https:\\\/\\\/schema.org\",\"@graph\":[{\"@type\":\"Article\",\"@id\":\"https:\\\/\\\/exaudi.org\\\/es\\\/ano-san-jose-preguntas-frecuentes\\\/#article\",\"isPartOf\":{\"@id\":\"https:\\\/\\\/exaudi.org\\\/es\\\/ano-san-jose-preguntas-frecuentes\\\/\"},\"author\":{\"name\":\"Jairo Yate\",\"@id\":\"https:\\\/\\\/exaudi.org\\\/#\\\/schema\\\/person\\\/0a445e18eeda8a4169db2546dec04b44\"},\"headline\":\"A\u00f1o de san Jos\u00e9: Preguntas frecuentes\",\"datePublished\":\"2021-10-07T07:30:16+00:00\",\"dateModified\":\"2021-10-07T17:58:37+00:00\",\"mainEntityOfPage\":{\"@id\":\"https:\\\/\\\/exaudi.org\\\/es\\\/ano-san-jose-preguntas-frecuentes\\\/\"},\"wordCount\":697,\"commentCount\":0,\"image\":{\"@id\":\"https:\\\/\\\/exaudi.org\\\/es\\\/ano-san-jose-preguntas-frecuentes\\\/#primaryimage\"},\"thumbnailUrl\":\"https:\\\/\\\/exaudi.org\\\/wp-content\\\/uploads\\\/2021\\\/10\\\/San-Jose-CARF-Fundacion.jpg\",\"keywords\":[\"A\u00f1o de san Jos\u00e9\",\"papa francisco\",\"San Jos\u00e9\"],\"articleSection\":[\"An\u00e1lisis\",\"\u00daltimas noticias\"],\"inLanguage\":\"es\",\"potentialAction\":[{\"@type\":\"CommentAction\",\"name\":\"Comment\",\"target\":[\"https:\\\/\\\/exaudi.org\\\/es\\\/ano-san-jose-preguntas-frecuentes\\\/#respond\"]}]},{\"@type\":\"WebPage\",\"@id\":\"https:\\\/\\\/exaudi.org\\\/es\\\/ano-san-jose-preguntas-frecuentes\\\/\",\"url\":\"https:\\\/\\\/exaudi.org\\\/es\\\/ano-san-jose-preguntas-frecuentes\\\/\",\"name\":\"A\u00f1o de san Jos\u00e9: Preguntas frecuentes &#8211; Exaudi\",\"isPartOf\":{\"@id\":\"https:\\\/\\\/exaudi.org\\\/#website\"},\"primaryImageOfPage\":{\"@id\":\"https:\\\/\\\/exaudi.org\\\/es\\\/ano-san-jose-preguntas-frecuentes\\\/#primaryimage\"},\"image\":{\"@id\":\"https:\\\/\\\/exaudi.org\\\/es\\\/ano-san-jose-preguntas-frecuentes\\\/#primaryimage\"},\"thumbnailUrl\":\"https:\\\/\\\/exaudi.org\\\/wp-content\\\/uploads\\\/2021\\\/10\\\/San-Jose-CARF-Fundacion.jpg\",\"datePublished\":\"2021-10-07T07:30:16+00:00\",\"dateModified\":\"2021-10-07T17:58:37+00:00\",\"author\":{\"@id\":\"https:\\\/\\\/exaudi.org\\\/#\\\/schema\\\/person\\\/0a445e18eeda8a4169db2546dec04b44\"},\"description\":\"El Papa ha convocado un a\u00f1os especial de san Jos\u00e9. El P. Jairo Yate, juez instructor en la di\u00f3cesis de Ibag\u00fce, responde a preguntas frecuentes\",\"breadcrumb\":{\"@id\":\"https:\\\/\\\/exaudi.org\\\/es\\\/ano-san-jose-preguntas-frecuentes\\\/#breadcrumb\"},\"inLanguage\":\"es\",\"potentialAction\":[{\"@type\":\"ReadAction\",\"target\":[\"https:\\\/\\\/exaudi.org\\\/es\\\/ano-san-jose-preguntas-frecuentes\\\/\"]}]},{\"@type\":\"ImageObject\",\"inLanguage\":\"es\",\"@id\":\"https:\\\/\\\/exaudi.org\\\/es\\\/ano-san-jose-preguntas-frecuentes\\\/#primaryimage\",\"url\":\"https:\\\/\\\/exaudi.org\\\/wp-content\\\/uploads\\\/2021\\\/10\\\/San-Jose-CARF-Fundacion.jpg\",\"contentUrl\":\"https:\\\/\\\/exaudi.org\\\/wp-content\\\/uploads\\\/2021\\\/10\\\/San-Jose-CARF-Fundacion.jpg\",\"width\":1000,\"height\":668,\"caption\":\"San Jos\u00e9 \u00a9 CARF Fundaci\u00f3n\"},{\"@type\":\"BreadcrumbList\",\"@id\":\"https:\\\/\\\/exaudi.org\\\/es\\\/ano-san-jose-preguntas-frecuentes\\\/#breadcrumb\",\"itemListElement\":[{\"@type\":\"ListItem\",\"position\":1,\"name\":\"Portada\",\"item\":\"https:\\\/\\\/exaudi.org\\\/es\\\/\"},{\"@type\":\"ListItem\",\"position\":2,\"name\":\"A\u00f1o de san Jos\u00e9: Preguntas frecuentes\"}]},{\"@type\":\"WebSite\",\"@id\":\"https:\\\/\\\/exaudi.org\\\/#website\",\"url\":\"https:\\\/\\\/exaudi.org\\\/\",\"name\":\"Exaudi\",\"description\":\"News\",\"potentialAction\":[{\"@type\":\"SearchAction\",\"target\":{\"@type\":\"EntryPoint\",\"urlTemplate\":\"https:\\\/\\\/exaudi.org\\\/?s={search_term_string}\"},\"query-input\":{\"@type\":\"PropertyValueSpecification\",\"valueRequired\":true,\"valueName\":\"search_term_string\"}}],\"inLanguage\":\"es\"},{\"@type\":\"Person\",\"@id\":\"https:\\\/\\\/exaudi.org\\\/#\\\/schema\\\/person\\\/0a445e18eeda8a4169db2546dec04b44\",\"name\":\"Jairo Yate\",\"image\":{\"@type\":\"ImageObject\",\"inLanguage\":\"es\",\"@id\":\"https:\\\/\\\/secure.gravatar.com\\\/avatar\\\/ebf148b228fd57b990e025e8ebec5910efc8cda0a662cd217e736dd113fd728f?s=96&d=mm&r=g\",\"url\":\"https:\\\/\\\/secure.gravatar.com\\\/avatar\\\/ebf148b228fd57b990e025e8ebec5910efc8cda0a662cd217e736dd113fd728f?s=96&d=mm&r=g\",\"contentUrl\":\"https:\\\/\\\/secure.gravatar.com\\\/avatar\\\/ebf148b228fd57b990e025e8ebec5910efc8cda0a662cd217e736dd113fd728f?s=96&d=mm&r=g\",\"caption\":\"Jairo Yate\"},\"description\":\"El padre Jairo Yate Ram\u00edrez fue ordenado sacerdote el 23 de Noviembre 1985, incardinado a la arquidi\u00f3cesis de Ibagu\u00e9, Colombia. Licenciado en Teolog\u00eda Moral por Universidad Santa Croce, Roma, Italia. Diplomado en Derecho Can\u00f3nico. Juez Instructor Tribunal Eclesi\u00e1stico y Notario, arquidi\u00f3cesis de Ibagu\u00e9\",\"url\":\"https:\\\/\\\/exaudi.org\\\/es\\\/author\\\/jyate\\\/\"}]}<\/script>\n<!-- \/ Yoast SEO plugin. -->","yoast_head_json":{"title":"A\u00f1o de san Jos\u00e9: Preguntas frecuentes &#8211; Exaudi","description":"El Papa ha convocado un a\u00f1os especial de san Jos\u00e9. El P. Jairo Yate, juez instructor en la di\u00f3cesis de Ibag\u00fce, responde a preguntas frecuentes","robots":{"index":"index","follow":"follow","max-snippet":"max-snippet:-1","max-image-preview":"max-image-preview:large","max-video-preview":"max-video-preview:-1"},"canonical":"https:\/\/exaudi.org\/es\/ano-san-jose-preguntas-frecuentes\/","og_locale":"es_ES","og_type":"article","og_title":"A\u00f1o de san Jos\u00e9: Preguntas frecuentes &#8211; Exaudi","og_description":"El Papa ha convocado un a\u00f1os especial de san Jos\u00e9. El P. Jairo Yate, juez instructor en la di\u00f3cesis de Ibag\u00fce, responde a preguntas frecuentes","og_url":"https:\/\/exaudi.org\/es\/ano-san-jose-preguntas-frecuentes\/","og_site_name":"Exaudi","article_publisher":"https:\/\/www.facebook.com\/ExaudiNews","article_published_time":"2021-10-07T07:30:16+00:00","article_modified_time":"2021-10-07T17:58:37+00:00","og_image":[{"width":1000,"height":668,"url":"https:\/\/exaudi.org\/wp-content\/uploads\/2021\/10\/San-Jose-CARF-Fundacion.jpg","type":"image\/jpeg"}],"author":"Jairo Yate","twitter_card":"summary_large_image","twitter_creator":"@Exaudi_News","twitter_site":"@Exaudi_News","twitter_misc":{"Escrito por":"Jairo Yate","Tiempo de lectura":"3 minutos"},"schema":{"@context":"https:\/\/schema.org","@graph":[{"@type":"Article","@id":"https:\/\/exaudi.org\/es\/ano-san-jose-preguntas-frecuentes\/#article","isPartOf":{"@id":"https:\/\/exaudi.org\/es\/ano-san-jose-preguntas-frecuentes\/"},"author":{"name":"Jairo Yate","@id":"https:\/\/exaudi.org\/#\/schema\/person\/0a445e18eeda8a4169db2546dec04b44"},"headline":"A\u00f1o de san Jos\u00e9: Preguntas frecuentes","datePublished":"2021-10-07T07:30:16+00:00","dateModified":"2021-10-07T17:58:37+00:00","mainEntityOfPage":{"@id":"https:\/\/exaudi.org\/es\/ano-san-jose-preguntas-frecuentes\/"},"wordCount":697,"commentCount":0,"image":{"@id":"https:\/\/exaudi.org\/es\/ano-san-jose-preguntas-frecuentes\/#primaryimage"},"thumbnailUrl":"https:\/\/exaudi.org\/wp-content\/uploads\/2021\/10\/San-Jose-CARF-Fundacion.jpg","keywords":["A\u00f1o de san Jos\u00e9","papa francisco","San Jos\u00e9"],"articleSection":["An\u00e1lisis","\u00daltimas noticias"],"inLanguage":"es","potentialAction":[{"@type":"CommentAction","name":"Comment","target":["https:\/\/exaudi.org\/es\/ano-san-jose-preguntas-frecuentes\/#respond"]}]},{"@type":"WebPage","@id":"https:\/\/exaudi.org\/es\/ano-san-jose-preguntas-frecuentes\/","url":"https:\/\/exaudi.org\/es\/ano-san-jose-preguntas-frecuentes\/","name":"A\u00f1o de san Jos\u00e9: Preguntas frecuentes &#8211; Exaudi","isPartOf":{"@id":"https:\/\/exaudi.org\/#website"},"primaryImageOfPage":{"@id":"https:\/\/exaudi.org\/es\/ano-san-jose-preguntas-frecuentes\/#primaryimage"},"image":{"@id":"https:\/\/exaudi.org\/es\/ano-san-jose-preguntas-frecuentes\/#primaryimage"},"thumbnailUrl":"https:\/\/exaudi.org\/wp-content\/uploads\/2021\/10\/San-Jose-CARF-Fundacion.jpg","datePublished":"2021-10-07T07:30:16+00:00","dateModified":"2021-10-07T17:58:37+00:00","author":{"@id":"https:\/\/exaudi.org\/#\/schema\/person\/0a445e18eeda8a4169db2546dec04b44"},"description":"El Papa ha convocado un a\u00f1os especial de san Jos\u00e9. El P. Jairo Yate, juez instructor en la di\u00f3cesis de Ibag\u00fce, responde a preguntas frecuentes","breadcrumb":{"@id":"https:\/\/exaudi.org\/es\/ano-san-jose-preguntas-frecuentes\/#breadcrumb"},"inLanguage":"es","potentialAction":[{"@type":"ReadAction","target":["https:\/\/exaudi.org\/es\/ano-san-jose-preguntas-frecuentes\/"]}]},{"@type":"ImageObject","inLanguage":"es","@id":"https:\/\/exaudi.org\/es\/ano-san-jose-preguntas-frecuentes\/#primaryimage","url":"https:\/\/exaudi.org\/wp-content\/uploads\/2021\/10\/San-Jose-CARF-Fundacion.jpg","contentUrl":"https:\/\/exaudi.org\/wp-content\/uploads\/2021\/10\/San-Jose-CARF-Fundacion.jpg","width":1000,"height":668,"caption":"San Jos\u00e9 \u00a9 CARF Fundaci\u00f3n"},{"@type":"BreadcrumbList","@id":"https:\/\/exaudi.org\/es\/ano-san-jose-preguntas-frecuentes\/#breadcrumb","itemListElement":[{"@type":"ListItem","position":1,"name":"Portada","item":"https:\/\/exaudi.org\/es\/"},{"@type":"ListItem","position":2,"name":"A\u00f1o de san Jos\u00e9: Preguntas frecuentes"}]},{"@type":"WebSite","@id":"https:\/\/exaudi.org\/#website","url":"https:\/\/exaudi.org\/","name":"Exaudi","description":"News","potentialAction":[{"@type":"SearchAction","target":{"@type":"EntryPoint","urlTemplate":"https:\/\/exaudi.org\/?s={search_term_string}"},"query-input":{"@type":"PropertyValueSpecification","valueRequired":true,"valueName":"search_term_string"}}],"inLanguage":"es"},{"@type":"Person","@id":"https:\/\/exaudi.org\/#\/schema\/person\/0a445e18eeda8a4169db2546dec04b44","name":"Jairo Yate","image":{"@type":"ImageObject","inLanguage":"es","@id":"https:\/\/secure.gravatar.com\/avatar\/ebf148b228fd57b990e025e8ebec5910efc8cda0a662cd217e736dd113fd728f?s=96&d=mm&r=g","url":"https:\/\/secure.gravatar.com\/avatar\/ebf148b228fd57b990e025e8ebec5910efc8cda0a662cd217e736dd113fd728f?s=96&d=mm&r=g","contentUrl":"https:\/\/secure.gravatar.com\/avatar\/ebf148b228fd57b990e025e8ebec5910efc8cda0a662cd217e736dd113fd728f?s=96&d=mm&r=g","caption":"Jairo Yate"},"description":"El padre Jairo Yate Ram\u00edrez fue ordenado sacerdote el 23 de Noviembre 1985, incardinado a la arquidi\u00f3cesis de Ibagu\u00e9, Colombia. Licenciado en Teolog\u00eda Moral por Universidad Santa Croce, Roma, Italia. Diplomado en Derecho Can\u00f3nico. Juez Instructor Tribunal Eclesi\u00e1stico y Notario, arquidi\u00f3cesis de Ibagu\u00e9","url":"https:\/\/exaudi.org\/es\/author\/jyate\/"}]}},"jetpack_featured_media_url":"https:\/\/exaudi.org\/wp-content\/uploads\/2021\/10\/San-Jose-CARF-Fundacion.jpg","jetpack_shortlink":"https:\/\/wp.me\/pgKjF2-9iF","_links":{"self":[{"href":"https:\/\/exaudi.org\/es\/wp-json\/wp\/v2\/posts\/35753","targetHints":{"allow":["GET"]}}],"collection":[{"href":"https:\/\/exaudi.org\/es\/wp-json\/wp\/v2\/posts"}],"about":[{"href":"https:\/\/exaudi.org\/es\/wp-json\/wp\/v2\/types\/post"}],"author":[{"embeddable":true,"href":"https:\/\/exaudi.org\/es\/wp-json\/wp\/v2\/users\/75"}],"replies":[{"embeddable":true,"href":"https:\/\/exaudi.org\/es\/wp-json\/wp\/v2\/comments?post=35753"}],"version-history":[{"count":0,"href":"https:\/\/exaudi.org\/es\/wp-json\/wp\/v2\/posts\/35753\/revisions"}],"wp:featuredmedia":[{"embeddable":true,"href":"https:\/\/exaudi.org\/es\/wp-json\/wp\/v2\/media\/35756"}],"wp:attachment":[{"href":"https:\/\/exaudi.org\/es\/wp-json\/wp\/v2\/media?parent=35753"}],"wp:term":[{"taxonomy":"category","embeddable":true,"href":"https:\/\/exaudi.org\/es\/wp-json\/wp\/v2\/categories?post=35753"},{"taxonomy":"post_tag","embeddable":true,"href":"https:\/\/exaudi.org\/es\/wp-json\/wp\/v2\/tags?post=35753"}],"curies":[{"name":"wp","href":"https:\/\/api.w.org\/{rel}","templated":true}]}}