{"id":35642,"date":"2025-10-06T08:00:45","date_gmt":"2025-10-06T06:00:45","guid":{"rendered":"https:\/\/exaudi.wpengine.com\/?p=35642"},"modified":"2025-10-06T09:15:03","modified_gmt":"2025-10-06T07:15:03","slug":"santa-maria-francisca-de-las-cinco-llagas-6-octubre","status":"publish","type":"post","link":"https:\/\/exaudi.org\/es\/santa-maria-francisca-de-las-cinco-llagas-6-octubre\/","title":{"rendered":"Santa Mar\u00eda Francisca de las Cinco Llagas, 6 de octubre"},"content":{"rendered":"<p><span style=\"font-weight: 400;\">Mar\u00eda Francisca naci\u00f3 en N\u00e1poles, Italia, el 25 de marzo de 1715. Sus padres eran comerciantes y resid\u00edan en el conocido barrio espa\u00f1ol, entonces feudo de pillos, gentes de mal vivir. Gracias a B\u00e1rbara, su madre, Anna vio dulcificada parte de su vida, ya que tuvo que presenciar (y fue tambi\u00e9n receptora) de los malos tratos de su padre.<\/span><\/p>\n<p><iframe title=\"Spotify Embed: Santa Mar\u00eda Francisca de las Cinco Llagas, 6 de octubre\" style=\"border-radius: 12px\" width=\"100%\" height=\"152\" frameborder=\"0\" allowfullscreen allow=\"autoplay; clipboard-write; encrypted-media; fullscreen; picture-in-picture\" loading=\"lazy\" src=\"https:\/\/open.spotify.com\/embed\/episode\/0XtCVS8QzMaw2pGV6oTafZ?si=525c29790d0f459a&#038;utm_source=oembed\"><\/iframe><\/p>\n<p><span style=\"font-weight: 400;\"> Este era tan iracundo que, antes de su nacimiento, su madre presa de angustia, acudi\u00f3 a san Francisco Jer\u00f3nimo y a san Juan Jos\u00e9 de la Cruz quienes le vaticinaron que tendr\u00eda una hija santa. Y esta virtuosa y abnegada mujer ense\u00f1\u00f3 a la ni\u00f1a a vivir en la presencia de Dios. Su ejemplo hizo que en el barrio fuese conocida como la \u201csantita\u201d. <\/span><\/p>\n<p><span style=\"font-weight: 400;\">En el taller de hilados su padre le impuso un horario de trabajo inusual para su edad. Dedicaba varias horas al d\u00eda a la oraci\u00f3n, la lectura, la meditaci\u00f3n y las penitencias que fueron ordinarias en su itinerario espiritual. Todo ello sin menoscabo de su tarea en la que rend\u00eda el doble que las trabajadoras que viv\u00edan centradas en la labor. Y eso llamaba la atenci\u00f3n de sus compa\u00f1eras.\u00a0<\/span><\/p>\n<p><span style=\"font-weight: 400;\">Desconoc\u00edan que privadamente hab\u00eda consagrado su vida a Dios. Por eso cuando a los 16 a\u00f1os, su padre se empe\u00f1\u00f3 en desposarla con un pretendiente de buena posici\u00f3n que admiraba su virtud y belleza, pese a que las penitencias se reflejaban en su p\u00e1lido rostro, se neg\u00f3 rotundamente. \u00c9l la golpe\u00f3 sin piedad y la recluy\u00f3 vet\u00e1ndole todo alimento, excepto pan y agua. <\/span><\/p>\n<p><span style=\"font-weight: 400;\">Fue su oportunidad para intensificar la mortificaci\u00f3n, la oraci\u00f3n y la penitencia, hasta que B\u00e1rbara consigui\u00f3 aplacar a su marido con la mediaci\u00f3n del padre Te\u00f3filo, franciscano de la Orden menor, y termin\u00f3 con el encierro de la santa en 1731. Entonces tom\u00f3 el h\u00e1bito como terciaria franciscana de san Pedro de Alc\u00e1ntara, y el nombre de Mar\u00eda Francisca de las Cinco Llagas con el que fue encumbrada a los altares; lo eligi\u00f3 por su devoci\u00f3n a la Pasi\u00f3n de Cristo, a la Virgen Mar\u00eda y al Poverello.\u00a0<\/span><\/p>\n<p><span style=\"font-weight: 400;\">Fue dirigida por los Hermanos Menores del convento de Santa Luc\u00eda al Monte, si bien segu\u00eda viviendo en el domicilio paterno. All\u00ed prosigui\u00f3 el r\u00e9gimen de vida austero con ayunos y disciplinas que se inflig\u00eda con severidad, incluyendo flagelaciones y cilicios, entre otros. La circunstancia de continuar al abrigo de su familia llev\u00f3 consigo determinados contratiempos. <\/span><\/p>\n<p><span style=\"font-weight: 400;\">Con la cercan\u00eda hubo hechos evidentes de car\u00e1cter sobrenatural que no pudo mantener ocultos, y los suyos unieron sus cr\u00edticas mordaces a las de otras personas ajenas al hogar. Porque Anna fue bendecida con favores m\u00edsticos (\u00e9xtasis, apariciones, arrobamientos\u2026), y dones extraordinarios. Su padre intent\u00f3 obtener provecho de ellos y le traslad\u00f3 lo que un negociante le hab\u00eda propuesto: nada menos que hiciera uso de estas gracias para obtener un buen dinero, dedicada a una especie de quiromancia.<\/span><\/p>\n<p><span style=\"font-weight: 400;\"> La joven protest\u00f3: no era una adivina. Pero su padre replic\u00f3 que, al ser una santa, conseguir\u00eda el favor de Dios para adivinar el futuro. Al recibir su negativa, volc\u00f3 su ira en ella azot\u00e1ndola con el l\u00e1tigo. Por este hecho, un juez, que fue advertido por el obispo, le amenaz\u00f3 con una multa si volv\u00eda a castigar a su hija de ese modo. Nunca m\u00e1s lo hizo.\u00a0<\/span><\/p>\n<p><span style=\"font-weight: 400;\">A la muerte de su madre, la santa se traslad\u00f3 al domicilio del sacerdote Giovanni Pessiri, al que sirvi\u00f3 los treinta y ocho a\u00f1os restantes de su vida. All\u00ed vivi\u00f3 junto a otra franciscana. Las tentaciones y ataques que le inflig\u00eda el demonio eran frecuentes; hasta fue inducida al suicidio. <\/span><\/p>\n<p><span style=\"font-weight: 400;\">Del crucifijo brot\u00f3 un d\u00eda la soluci\u00f3n para ahuyentarlo: \u201cCuando te asalten los ataques de los enemigos del alma, haz la se\u00f1al de la cruz, y adem\u00e1s de invocar los nombres de las tres divinas Personas de la Sant\u00edsima Trinidad, debes decir varias veces: \u2018Jes\u00fas, Jos\u00e9 y Mar\u00eda\u2019\u201d. As\u00ed lo venci\u00f3. Fue frecuentemente acompa\u00f1ada del arc\u00e1ngel san Rafael y ocasionalmente del arc\u00e1ngel san Miguel.\u00a0<\/span><\/p>\n<p><span style=\"font-weight: 400;\">En medio de los numerosos \u00e9xtasis de Mar\u00eda Francisca, que la dejaban sin sentido, en la Navidad de 1741 vivi\u00f3 la experiencia del \u201cdesposorio m\u00edstico\u201d; qued\u00f3 ciega durante 24 horas. Los fen\u00f3menos m\u00edsticos que la acompa\u00f1aron en tres ocasiones, se manifestaban en el instante de recibir la comuni\u00f3n, momentos en los que la Sagrada Forma, bien en manos del consagrante o hall\u00e1ndose en el cop\u00f3n, se posaba en sus labios sin que mano humana la depositara en ellos. <\/span><\/p>\n<p><span style=\"font-weight: 400;\">Pero lo m\u00e1s significativo fue la aparici\u00f3n en su cuerpo de las cinco llagas de la Pasi\u00f3n del divino Redentor. Adem\u00e1s, sufr\u00eda dolores similares a los que Cristo padeci\u00f3 en todo el proceso comenzando por el Huerto de los Olivos, la flagelaci\u00f3n, coronaci\u00f3n de espinas, portar la cruz a cuestas camino del calvario, la crucifixi\u00f3n y el estado de agon\u00eda del Viernes Santo.<\/span><\/p>\n<p><span style=\"font-weight: 400;\"> Todo ello lo entreg\u00f3 en oblaci\u00f3n por la conversi\u00f3n de los pecadores y por las almas del purgatorio. A lo largo de su vida padeci\u00f3 incomprensiones, ofensas y murmuraciones de diverso calado, sufrimientos que asumi\u00f3 con paciencia, silencio y oraci\u00f3n.\u00a0<\/span><\/p>\n<p><span style=\"font-weight: 400;\">En ese proceso de discernimiento seguido por las autoridades eclesi\u00e1sticas para dilucidar cu\u00e1nto de verdad hab\u00eda en sus visiones y cu\u00e1nto de supercher\u00eda, el cardenal arzobispo Spinelli determin\u00f3 que fuese dirigida por el sacerdote Ignacio Mostillo, que durante siete a\u00f1os la someti\u00f3 a severas pruebas, asegur\u00e1ndose de la autenticidad de las mismas. En una ocasi\u00f3n confi\u00f3 a su director espiritual: \u201cHe sufrido en mi vida todo lo que una persona humana puede sufrir. Pero todo ha sido por amor a Dios\u201d. <\/span><\/p>\n<p><span style=\"font-weight: 400;\">Recibi\u00f3 tambi\u00e9n el don de profec\u00eda; vaticin\u00f3 a san\u00a0Francisco Javier Mar\u00eda Bianchi, a quien conoc\u00eda, que subir\u00eda a los altares. Muri\u00f3 el 6 de octubre de 1791. Gregorio XVI la beatific\u00f3 el 12 de noviembre de 1843. P\u00edo IX la canoniz\u00f3 el 29 de junio de 1867. La silla en la que se sent\u00f3 en N\u00e1poles durante los \u00faltimos 7 a\u00f1os de su vida, es codiciada por las mujeres con esterilidad diagnosticada, que toman asiento en ella al saber que se cuentan por miles las que despu\u00e9s de haberlo hecho hall\u00e1ndose en sus condiciones concibieron un hijo.\u00a0<\/span><\/p>\n<p><img loading=\"lazy\" decoding=\"async\" class=\"size-full wp-image-136014 alignnone\" src=\"https:\/\/exaudi.org\/wp-content\/uploads\/2025\/10\/Santoral-1.jpg\" alt=\"\" width=\"1080\" height=\"1080\" srcset=\"https:\/\/exaudi.org\/wp-content\/uploads\/2025\/10\/Santoral-1.jpg 1080w, https:\/\/exaudi.org\/wp-content\/uploads\/2025\/10\/Santoral-1-300x300.jpg 300w, https:\/\/exaudi.org\/wp-content\/uploads\/2025\/10\/Santoral-1-1024x1024.jpg 1024w, https:\/\/exaudi.org\/wp-content\/uploads\/2025\/10\/Santoral-1-100x100.jpg?crop=1 100w, https:\/\/exaudi.org\/wp-content\/uploads\/2025\/10\/Santoral-1-770x770.jpg 770w, https:\/\/exaudi.org\/wp-content\/uploads\/2025\/10\/Santoral-1-500x500.jpg 500w\" sizes=\"auto, (max-width: 1080px) 100vw, 1080px\" \/><\/p>\n<h6><em>\u00a9\u00a0<a href=\"https:\/\/exaudi.wpengine.com\/es\/author\/isabelorellana\/\" target=\"_blank\" rel=\"noopener noreferrer\">Isabel Orellana Vilches<\/a>, 2018<\/em><\/h6>\n<h6><em>Autora vinculada a<\/em><\/h6>\n<h6><em><img loading=\"lazy\" decoding=\"async\" class=\"alignright wp-image-2208\" src=\"https:\/\/exaudi.org\/wp-content\/uploads\/2021\/02\/santoral-scaled-1-725x1024.jpg\" alt=\"santoral Isabel Orellana\" width=\"262\" height=\"370\" \/><\/em><img loading=\"lazy\" decoding=\"async\" class=\"alignnone size-full wp-image-41949\" src=\"https:\/\/www.idente.org\/wp-content\/uploads\/logo-cedro-v01-843x295-1-e1603384654546.png\" alt=\"\" width=\"80\" height=\"28\" \/><br \/>\nObra protegida por derechos de autor.<br \/>\nInscrita en el Registro de la Propiedad Intelectual el 24 de noviembre de 2014.<br \/>\n________________<br \/>\nDerechos de edici\u00f3n reservados:<br \/>\n<a href=\"https:\/\/rielo.com\/\" target=\"_blank\" rel=\"noopener noreferrer\">Fundaci\u00f3n Fernando Rielo<\/a><br \/>\nGoya 20, 4.\u00ba izq. int. 28001 Madrid<br \/>\nTlf.: (34) 91 575 40 91<br \/>\nCorreo electr\u00f3nico:\u00a0fundacion@rielo.com<\/h6>\n<div class=\"page\" title=\"Page 4\">\n<div class=\"layoutArea\">\n<div class=\"column\">\n<h6>Dep\u00f3sito legal: M-18664-2020<br \/>\nISBN: 978-84-946646-6-3<\/h6>\n<\/div>\n<\/div>\n<\/div>\n","protected":false},"excerpt":{"rendered":"<p>Religiosa italiana<\/p>\n","protected":false},"author":23,"featured_media":35643,"comment_status":"closed","ping_status":"closed","sticky":false,"template":"","format":"standard","meta":{"_acf_changed":false,"_crdt_document":"","inline_featured_image":false,"footnotes":""},"categories":[74,2772],"tags":[388,4420,387,58880],"class_list":["post-35642","post","type-post","status-publish","format-standard","has-post-thumbnail","hentry","category-iglesia-y-mundo","category-santoral","tag-isabel-orellana-vilches","tag-santa-maria-francisca-de-las-cinco-llagas","tag-santoral","tag-trending-es-151"],"acf":[],"yoast_head":"<!-- This site is optimized with the Yoast SEO plugin v27.5 - https:\/\/yoast.com\/product\/yoast-seo-wordpress\/ -->\n<title>Santa Mar\u00eda Francisca de las Cinco Llagas, 6 de octubre - Exaudi Catholic News<\/title>\n<meta name=\"description\" content=\"Santoral del 6 de octubre, santa Mar\u00eda Francisca de las Cinco Llagas, escrito por Isabel Orellana y editado por la Fundaci\u00f3n Fernando Rielo.\" \/>\n<meta name=\"robots\" content=\"index, follow, max-snippet:-1, max-image-preview:large, max-video-preview:-1\" \/>\n<link rel=\"canonical\" href=\"https:\/\/exaudi.org\/es\/santa-maria-francisca-de-las-cinco-llagas-6-octubre\/\" \/>\n<meta property=\"og:locale\" content=\"es_ES\" \/>\n<meta property=\"og:type\" content=\"article\" \/>\n<meta property=\"og:title\" content=\"Santa Mar\u00eda Francisca de las Cinco Llagas, 6 de octubre - Exaudi Catholic News\" \/>\n<meta property=\"og:description\" content=\"Santoral del 6 de octubre, santa Mar\u00eda Francisca de las Cinco Llagas, escrito por Isabel Orellana y editado por la Fundaci\u00f3n Fernando Rielo.\" \/>\n<meta property=\"og:url\" content=\"https:\/\/exaudi.org\/es\/santa-maria-francisca-de-las-cinco-llagas-6-octubre\/\" \/>\n<meta property=\"og:site_name\" content=\"Exaudi\" \/>\n<meta property=\"article:publisher\" content=\"https:\/\/www.facebook.com\/ExaudiNews\" \/>\n<meta property=\"article:published_time\" content=\"2025-10-06T06:00:45+00:00\" \/>\n<meta property=\"article:modified_time\" content=\"2025-10-06T07:15:03+00:00\" \/>\n<meta property=\"og:image\" content=\"https:\/\/exaudi.org\/wp-content\/uploads\/2021\/10\/bbfc7ff5-santa-maria-francisca-de-las-5-llagas-c-orden-franciscana-seglar-franciscana.jpg\" \/>\n\t<meta property=\"og:image:width\" content=\"771\" \/>\n\t<meta property=\"og:image:height\" content=\"500\" \/>\n\t<meta property=\"og:image:type\" content=\"image\/jpeg\" \/>\n<meta name=\"author\" content=\"Isabel Orellana\" \/>\n<meta name=\"twitter:card\" content=\"summary_large_image\" \/>\n<meta name=\"twitter:creator\" content=\"@Exaudi_News\" \/>\n<meta name=\"twitter:site\" content=\"@Exaudi_News\" \/>\n<meta name=\"twitter:label1\" content=\"Escrito por\" \/>\n\t<meta name=\"twitter:data1\" content=\"Isabel Orellana\" \/>\n\t<meta name=\"twitter:label2\" content=\"Tiempo de lectura\" \/>\n\t<meta name=\"twitter:data2\" content=\"6 minutos\" \/>\n<script type=\"application\/ld+json\" class=\"yoast-schema-graph\">{\"@context\":\"https:\\\/\\\/schema.org\",\"@graph\":[{\"@type\":\"Article\",\"@id\":\"https:\\\/\\\/exaudi.org\\\/es\\\/santa-maria-francisca-de-las-cinco-llagas-6-octubre\\\/#article\",\"isPartOf\":{\"@id\":\"https:\\\/\\\/exaudi.org\\\/es\\\/santa-maria-francisca-de-las-cinco-llagas-6-octubre\\\/\"},\"author\":{\"name\":\"Isabel Orellana\",\"@id\":\"https:\\\/\\\/exaudi.org\\\/#\\\/schema\\\/person\\\/64e18b96fd6118559a9217b5b3375fdc\"},\"headline\":\"Santa Mar\u00eda Francisca de las Cinco Llagas, 6 de octubre\",\"datePublished\":\"2025-10-06T06:00:45+00:00\",\"dateModified\":\"2025-10-06T07:15:03+00:00\",\"mainEntityOfPage\":{\"@id\":\"https:\\\/\\\/exaudi.org\\\/es\\\/santa-maria-francisca-de-las-cinco-llagas-6-octubre\\\/\"},\"wordCount\":1181,\"image\":{\"@id\":\"https:\\\/\\\/exaudi.org\\\/es\\\/santa-maria-francisca-de-las-cinco-llagas-6-octubre\\\/#primaryimage\"},\"thumbnailUrl\":\"https:\\\/\\\/exaudi.org\\\/wp-content\\\/uploads\\\/2021\\\/10\\\/bbfc7ff5-santa-maria-francisca-de-las-5-llagas-c-orden-franciscana-seglar-franciscana.jpg\",\"keywords\":[\"Isabel Orellana Vilches\",\"Santa Mar\u00eda Francisca de las Cinco Llagas\",\"Santoral\",\"Trending\"],\"articleSection\":[\"Iglesia y Mundo\",\"Santoral\"],\"inLanguage\":\"es\"},{\"@type\":\"WebPage\",\"@id\":\"https:\\\/\\\/exaudi.org\\\/es\\\/santa-maria-francisca-de-las-cinco-llagas-6-octubre\\\/\",\"url\":\"https:\\\/\\\/exaudi.org\\\/es\\\/santa-maria-francisca-de-las-cinco-llagas-6-octubre\\\/\",\"name\":\"Santa Mar\u00eda Francisca de las Cinco Llagas, 6 de octubre - Exaudi Catholic News\",\"isPartOf\":{\"@id\":\"https:\\\/\\\/exaudi.org\\\/#website\"},\"primaryImageOfPage\":{\"@id\":\"https:\\\/\\\/exaudi.org\\\/es\\\/santa-maria-francisca-de-las-cinco-llagas-6-octubre\\\/#primaryimage\"},\"image\":{\"@id\":\"https:\\\/\\\/exaudi.org\\\/es\\\/santa-maria-francisca-de-las-cinco-llagas-6-octubre\\\/#primaryimage\"},\"thumbnailUrl\":\"https:\\\/\\\/exaudi.org\\\/wp-content\\\/uploads\\\/2021\\\/10\\\/bbfc7ff5-santa-maria-francisca-de-las-5-llagas-c-orden-franciscana-seglar-franciscana.jpg\",\"datePublished\":\"2025-10-06T06:00:45+00:00\",\"dateModified\":\"2025-10-06T07:15:03+00:00\",\"author\":{\"@id\":\"https:\\\/\\\/exaudi.org\\\/#\\\/schema\\\/person\\\/64e18b96fd6118559a9217b5b3375fdc\"},\"description\":\"Santoral del 6 de octubre, santa Mar\u00eda Francisca de las Cinco Llagas, escrito por Isabel Orellana y editado por la Fundaci\u00f3n Fernando Rielo.\",\"breadcrumb\":{\"@id\":\"https:\\\/\\\/exaudi.org\\\/es\\\/santa-maria-francisca-de-las-cinco-llagas-6-octubre\\\/#breadcrumb\"},\"inLanguage\":\"es\",\"potentialAction\":[{\"@type\":\"ReadAction\",\"target\":[\"https:\\\/\\\/exaudi.org\\\/es\\\/santa-maria-francisca-de-las-cinco-llagas-6-octubre\\\/\"]}]},{\"@type\":\"ImageObject\",\"inLanguage\":\"es\",\"@id\":\"https:\\\/\\\/exaudi.org\\\/es\\\/santa-maria-francisca-de-las-cinco-llagas-6-octubre\\\/#primaryimage\",\"url\":\"https:\\\/\\\/exaudi.org\\\/wp-content\\\/uploads\\\/2021\\\/10\\\/bbfc7ff5-santa-maria-francisca-de-las-5-llagas-c-orden-franciscana-seglar-franciscana.jpg\",\"contentUrl\":\"https:\\\/\\\/exaudi.org\\\/wp-content\\\/uploads\\\/2021\\\/10\\\/bbfc7ff5-santa-maria-francisca-de-las-5-llagas-c-orden-franciscana-seglar-franciscana.jpg\",\"width\":771,\"height\":500,\"caption\":\"Santa Mar\u00eda Francisca de las Cinco Llagas \u00a9 Noticias del vaticano\"},{\"@type\":\"BreadcrumbList\",\"@id\":\"https:\\\/\\\/exaudi.org\\\/es\\\/santa-maria-francisca-de-las-cinco-llagas-6-octubre\\\/#breadcrumb\",\"itemListElement\":[{\"@type\":\"ListItem\",\"position\":1,\"name\":\"Portada\",\"item\":\"https:\\\/\\\/exaudi.org\\\/es\\\/\"},{\"@type\":\"ListItem\",\"position\":2,\"name\":\"Santa Mar\u00eda Francisca de las Cinco Llagas, 6 de octubre\"}]},{\"@type\":\"WebSite\",\"@id\":\"https:\\\/\\\/exaudi.org\\\/#website\",\"url\":\"https:\\\/\\\/exaudi.org\\\/\",\"name\":\"Exaudi\",\"description\":\"News\",\"potentialAction\":[{\"@type\":\"SearchAction\",\"target\":{\"@type\":\"EntryPoint\",\"urlTemplate\":\"https:\\\/\\\/exaudi.org\\\/?s={search_term_string}\"},\"query-input\":{\"@type\":\"PropertyValueSpecification\",\"valueRequired\":true,\"valueName\":\"search_term_string\"}}],\"inLanguage\":\"es\"},{\"@type\":\"Person\",\"@id\":\"https:\\\/\\\/exaudi.org\\\/#\\\/schema\\\/person\\\/64e18b96fd6118559a9217b5b3375fdc\",\"name\":\"Isabel Orellana\",\"image\":{\"@type\":\"ImageObject\",\"inLanguage\":\"es\",\"@id\":\"https:\\\/\\\/secure.gravatar.com\\\/avatar\\\/51968380bbb6b22ae85c605634860366fd9a2a611c6341125115bca32cd6c171?s=96&d=mm&r=g\",\"url\":\"https:\\\/\\\/secure.gravatar.com\\\/avatar\\\/51968380bbb6b22ae85c605634860366fd9a2a611c6341125115bca32cd6c171?s=96&d=mm&r=g\",\"contentUrl\":\"https:\\\/\\\/secure.gravatar.com\\\/avatar\\\/51968380bbb6b22ae85c605634860366fd9a2a611c6341125115bca32cd6c171?s=96&d=mm&r=g\",\"caption\":\"Isabel Orellana\"},\"description\":\"Isabel Orellana Vilches Misionera idente. Doctora en Filosof\u00eda por la Universidad Aut\u00f3noma de Barcelona con la tesis Realismo y progreso cient\u00edfico en la epistemolog\u00eda popperiana. Ha cursado estudios de teolog\u00eda en la Universidad Pontificia de Salamanca. Con amplia actividad docente desde 1986, ha publicado libros como: Realismo y progreso cient\u00edfico en la epistemolog\u00eda popperiana, Universitat Aut\u00f2noma de Barcelona, 1993; El evangelio habla a los j\u00f3venes, Atenas, Madrid, 1997; Qu\u00e9 es... LA TOLERANCIA, Paulinas, Madrid, 1999; Pedagog\u00eda del dolor. Ensayo antropol\u00f3gico, Palabra, Madrid, 1999; En colaboraci\u00f3n con Enrique Rivera de Ventosa (\u2020) OFM. Cap. San Francisco de As\u00eds y Fernando Rielo: Convergencias. Respuestas desde la fe a los interrogantes del hombre de hoy, Universidad Pontificia, Salamanca, 2001; La \\\"mirada\\\" del cine. Recursos did\u00e1cticos del s\u00e9ptimo arte. Librer\u00eda Cervantes, Salamanca, 2001; Paradojas de la convivencia, San Pablo, Madrid, 2002; En la Universidad T\u00e9cnica Particular de Loja, Ecuador, ha publicado: La confianza. El arte de amar, 2002; Educar para la responsabilidad, 2003; Apuntes de \u00e9tica en Karl R. Popper, 2003; De soledades y comunicaci\u00f3n, 2005; Yo educo; t\u00fa respondes, 2008; Humanismo y fe en un crisol de culturas, 2008; Repensar lo cotidiano, 2008; Convivir: un constante desaf\u00edo, 2009; La l\u00f3gica del amor, 2010; El dolor del amor. Apuntes sobre la enfermedad y el dolor en relaci\u00f3n con la virtud heroica, el martirio y la vida santa. Seminario Diocesano de M\u00e1laga, 2006 y Universidad T\u00e9cnica Particular de Loja, Ecuador (2007). Cuenta con numerosas colaboraciones en obras colectivas, as\u00ed como relatos, cuentos, f\u00e1bula y novela juvenil, adem\u00e1s de art\u00edculos de tem\u00e1tica cient\u00edfica, pedag\u00f3gica y espiritual, que viene publicando en distintas revistas nacionales e internacionales. En 2012 culmin\u00f3 el santoral Llamados a ser santos y poco m\u00e1s tarde Epopeyas de amor prologado por mons. Fernando Sebasti\u00e1n. Es la bi\u00f3grafa oficial del fundador de su familia espiritual, autora de Fernando Rielo Pardal. Fundador de los Misioneros Identes, Descl\u00e9e de Brouwer, Bilbao, 2009. Culmina la biograf\u00eda completa. Encargada del santoral de ZENIT desde 2012 a 2020 y ahora en Exaudi\",\"url\":\"https:\\\/\\\/exaudi.org\\\/es\\\/author\\\/isabelorellana\\\/\"}]}<\/script>\n<!-- \/ Yoast SEO plugin. -->","yoast_head_json":{"title":"Santa Mar\u00eda Francisca de las Cinco Llagas, 6 de octubre - Exaudi Catholic News","description":"Santoral del 6 de octubre, santa Mar\u00eda Francisca de las Cinco Llagas, escrito por Isabel Orellana y editado por la Fundaci\u00f3n Fernando Rielo.","robots":{"index":"index","follow":"follow","max-snippet":"max-snippet:-1","max-image-preview":"max-image-preview:large","max-video-preview":"max-video-preview:-1"},"canonical":"https:\/\/exaudi.org\/es\/santa-maria-francisca-de-las-cinco-llagas-6-octubre\/","og_locale":"es_ES","og_type":"article","og_title":"Santa Mar\u00eda Francisca de las Cinco Llagas, 6 de octubre - Exaudi Catholic News","og_description":"Santoral del 6 de octubre, santa Mar\u00eda Francisca de las Cinco Llagas, escrito por Isabel Orellana y editado por la Fundaci\u00f3n Fernando Rielo.","og_url":"https:\/\/exaudi.org\/es\/santa-maria-francisca-de-las-cinco-llagas-6-octubre\/","og_site_name":"Exaudi","article_publisher":"https:\/\/www.facebook.com\/ExaudiNews","article_published_time":"2025-10-06T06:00:45+00:00","article_modified_time":"2025-10-06T07:15:03+00:00","og_image":[{"width":771,"height":500,"url":"https:\/\/exaudi.org\/wp-content\/uploads\/2021\/10\/bbfc7ff5-santa-maria-francisca-de-las-5-llagas-c-orden-franciscana-seglar-franciscana.jpg","type":"image\/jpeg"}],"author":"Isabel Orellana","twitter_card":"summary_large_image","twitter_creator":"@Exaudi_News","twitter_site":"@Exaudi_News","twitter_misc":{"Escrito por":"Isabel Orellana","Tiempo de lectura":"6 minutos"},"schema":{"@context":"https:\/\/schema.org","@graph":[{"@type":"Article","@id":"https:\/\/exaudi.org\/es\/santa-maria-francisca-de-las-cinco-llagas-6-octubre\/#article","isPartOf":{"@id":"https:\/\/exaudi.org\/es\/santa-maria-francisca-de-las-cinco-llagas-6-octubre\/"},"author":{"name":"Isabel Orellana","@id":"https:\/\/exaudi.org\/#\/schema\/person\/64e18b96fd6118559a9217b5b3375fdc"},"headline":"Santa Mar\u00eda Francisca de las Cinco Llagas, 6 de octubre","datePublished":"2025-10-06T06:00:45+00:00","dateModified":"2025-10-06T07:15:03+00:00","mainEntityOfPage":{"@id":"https:\/\/exaudi.org\/es\/santa-maria-francisca-de-las-cinco-llagas-6-octubre\/"},"wordCount":1181,"image":{"@id":"https:\/\/exaudi.org\/es\/santa-maria-francisca-de-las-cinco-llagas-6-octubre\/#primaryimage"},"thumbnailUrl":"https:\/\/exaudi.org\/wp-content\/uploads\/2021\/10\/bbfc7ff5-santa-maria-francisca-de-las-5-llagas-c-orden-franciscana-seglar-franciscana.jpg","keywords":["Isabel Orellana Vilches","Santa Mar\u00eda Francisca de las Cinco Llagas","Santoral","Trending"],"articleSection":["Iglesia y Mundo","Santoral"],"inLanguage":"es"},{"@type":"WebPage","@id":"https:\/\/exaudi.org\/es\/santa-maria-francisca-de-las-cinco-llagas-6-octubre\/","url":"https:\/\/exaudi.org\/es\/santa-maria-francisca-de-las-cinco-llagas-6-octubre\/","name":"Santa Mar\u00eda Francisca de las Cinco Llagas, 6 de octubre - Exaudi Catholic News","isPartOf":{"@id":"https:\/\/exaudi.org\/#website"},"primaryImageOfPage":{"@id":"https:\/\/exaudi.org\/es\/santa-maria-francisca-de-las-cinco-llagas-6-octubre\/#primaryimage"},"image":{"@id":"https:\/\/exaudi.org\/es\/santa-maria-francisca-de-las-cinco-llagas-6-octubre\/#primaryimage"},"thumbnailUrl":"https:\/\/exaudi.org\/wp-content\/uploads\/2021\/10\/bbfc7ff5-santa-maria-francisca-de-las-5-llagas-c-orden-franciscana-seglar-franciscana.jpg","datePublished":"2025-10-06T06:00:45+00:00","dateModified":"2025-10-06T07:15:03+00:00","author":{"@id":"https:\/\/exaudi.org\/#\/schema\/person\/64e18b96fd6118559a9217b5b3375fdc"},"description":"Santoral del 6 de octubre, santa Mar\u00eda Francisca de las Cinco Llagas, escrito por Isabel Orellana y editado por la Fundaci\u00f3n Fernando Rielo.","breadcrumb":{"@id":"https:\/\/exaudi.org\/es\/santa-maria-francisca-de-las-cinco-llagas-6-octubre\/#breadcrumb"},"inLanguage":"es","potentialAction":[{"@type":"ReadAction","target":["https:\/\/exaudi.org\/es\/santa-maria-francisca-de-las-cinco-llagas-6-octubre\/"]}]},{"@type":"ImageObject","inLanguage":"es","@id":"https:\/\/exaudi.org\/es\/santa-maria-francisca-de-las-cinco-llagas-6-octubre\/#primaryimage","url":"https:\/\/exaudi.org\/wp-content\/uploads\/2021\/10\/bbfc7ff5-santa-maria-francisca-de-las-5-llagas-c-orden-franciscana-seglar-franciscana.jpg","contentUrl":"https:\/\/exaudi.org\/wp-content\/uploads\/2021\/10\/bbfc7ff5-santa-maria-francisca-de-las-5-llagas-c-orden-franciscana-seglar-franciscana.jpg","width":771,"height":500,"caption":"Santa Mar\u00eda Francisca de las Cinco Llagas \u00a9 Noticias del vaticano"},{"@type":"BreadcrumbList","@id":"https:\/\/exaudi.org\/es\/santa-maria-francisca-de-las-cinco-llagas-6-octubre\/#breadcrumb","itemListElement":[{"@type":"ListItem","position":1,"name":"Portada","item":"https:\/\/exaudi.org\/es\/"},{"@type":"ListItem","position":2,"name":"Santa Mar\u00eda Francisca de las Cinco Llagas, 6 de octubre"}]},{"@type":"WebSite","@id":"https:\/\/exaudi.org\/#website","url":"https:\/\/exaudi.org\/","name":"Exaudi","description":"News","potentialAction":[{"@type":"SearchAction","target":{"@type":"EntryPoint","urlTemplate":"https:\/\/exaudi.org\/?s={search_term_string}"},"query-input":{"@type":"PropertyValueSpecification","valueRequired":true,"valueName":"search_term_string"}}],"inLanguage":"es"},{"@type":"Person","@id":"https:\/\/exaudi.org\/#\/schema\/person\/64e18b96fd6118559a9217b5b3375fdc","name":"Isabel Orellana","image":{"@type":"ImageObject","inLanguage":"es","@id":"https:\/\/secure.gravatar.com\/avatar\/51968380bbb6b22ae85c605634860366fd9a2a611c6341125115bca32cd6c171?s=96&d=mm&r=g","url":"https:\/\/secure.gravatar.com\/avatar\/51968380bbb6b22ae85c605634860366fd9a2a611c6341125115bca32cd6c171?s=96&d=mm&r=g","contentUrl":"https:\/\/secure.gravatar.com\/avatar\/51968380bbb6b22ae85c605634860366fd9a2a611c6341125115bca32cd6c171?s=96&d=mm&r=g","caption":"Isabel Orellana"},"description":"Isabel Orellana Vilches Misionera idente. Doctora en Filosof\u00eda por la Universidad Aut\u00f3noma de Barcelona con la tesis Realismo y progreso cient\u00edfico en la epistemolog\u00eda popperiana. Ha cursado estudios de teolog\u00eda en la Universidad Pontificia de Salamanca. Con amplia actividad docente desde 1986, ha publicado libros como: Realismo y progreso cient\u00edfico en la epistemolog\u00eda popperiana, Universitat Aut\u00f2noma de Barcelona, 1993; El evangelio habla a los j\u00f3venes, Atenas, Madrid, 1997; Qu\u00e9 es... LA TOLERANCIA, Paulinas, Madrid, 1999; Pedagog\u00eda del dolor. Ensayo antropol\u00f3gico, Palabra, Madrid, 1999; En colaboraci\u00f3n con Enrique Rivera de Ventosa (\u2020) OFM. Cap. San Francisco de As\u00eds y Fernando Rielo: Convergencias. Respuestas desde la fe a los interrogantes del hombre de hoy, Universidad Pontificia, Salamanca, 2001; La \"mirada\" del cine. Recursos did\u00e1cticos del s\u00e9ptimo arte. Librer\u00eda Cervantes, Salamanca, 2001; Paradojas de la convivencia, San Pablo, Madrid, 2002; En la Universidad T\u00e9cnica Particular de Loja, Ecuador, ha publicado: La confianza. El arte de amar, 2002; Educar para la responsabilidad, 2003; Apuntes de \u00e9tica en Karl R. Popper, 2003; De soledades y comunicaci\u00f3n, 2005; Yo educo; t\u00fa respondes, 2008; Humanismo y fe en un crisol de culturas, 2008; Repensar lo cotidiano, 2008; Convivir: un constante desaf\u00edo, 2009; La l\u00f3gica del amor, 2010; El dolor del amor. Apuntes sobre la enfermedad y el dolor en relaci\u00f3n con la virtud heroica, el martirio y la vida santa. Seminario Diocesano de M\u00e1laga, 2006 y Universidad T\u00e9cnica Particular de Loja, Ecuador (2007). Cuenta con numerosas colaboraciones en obras colectivas, as\u00ed como relatos, cuentos, f\u00e1bula y novela juvenil, adem\u00e1s de art\u00edculos de tem\u00e1tica cient\u00edfica, pedag\u00f3gica y espiritual, que viene publicando en distintas revistas nacionales e internacionales. En 2012 culmin\u00f3 el santoral Llamados a ser santos y poco m\u00e1s tarde Epopeyas de amor prologado por mons. Fernando Sebasti\u00e1n. Es la bi\u00f3grafa oficial del fundador de su familia espiritual, autora de Fernando Rielo Pardal. Fundador de los Misioneros Identes, Descl\u00e9e de Brouwer, Bilbao, 2009. Culmina la biograf\u00eda completa. Encargada del santoral de ZENIT desde 2012 a 2020 y ahora en Exaudi","url":"https:\/\/exaudi.org\/es\/author\/isabelorellana\/"}]}},"jetpack_featured_media_url":"https:\/\/exaudi.org\/wp-content\/uploads\/2021\/10\/bbfc7ff5-santa-maria-francisca-de-las-5-llagas-c-orden-franciscana-seglar-franciscana.jpg","jetpack_shortlink":"https:\/\/wp.me\/pgKjF2-9gS","_links":{"self":[{"href":"https:\/\/exaudi.org\/es\/wp-json\/wp\/v2\/posts\/35642","targetHints":{"allow":["GET"]}}],"collection":[{"href":"https:\/\/exaudi.org\/es\/wp-json\/wp\/v2\/posts"}],"about":[{"href":"https:\/\/exaudi.org\/es\/wp-json\/wp\/v2\/types\/post"}],"author":[{"embeddable":true,"href":"https:\/\/exaudi.org\/es\/wp-json\/wp\/v2\/users\/23"}],"replies":[{"embeddable":true,"href":"https:\/\/exaudi.org\/es\/wp-json\/wp\/v2\/comments?post=35642"}],"version-history":[{"count":4,"href":"https:\/\/exaudi.org\/es\/wp-json\/wp\/v2\/posts\/35642\/revisions"}],"predecessor-version":[{"id":138976,"href":"https:\/\/exaudi.org\/es\/wp-json\/wp\/v2\/posts\/35642\/revisions\/138976"}],"wp:featuredmedia":[{"embeddable":true,"href":"https:\/\/exaudi.org\/es\/wp-json\/wp\/v2\/media\/35643"}],"wp:attachment":[{"href":"https:\/\/exaudi.org\/es\/wp-json\/wp\/v2\/media?parent=35642"}],"wp:term":[{"taxonomy":"category","embeddable":true,"href":"https:\/\/exaudi.org\/es\/wp-json\/wp\/v2\/categories?post=35642"},{"taxonomy":"post_tag","embeddable":true,"href":"https:\/\/exaudi.org\/es\/wp-json\/wp\/v2\/tags?post=35642"}],"curies":[{"name":"wp","href":"https:\/\/api.w.org\/{rel}","templated":true}]}}