{"id":35591,"date":"2021-10-05T16:40:44","date_gmt":"2021-10-05T14:40:44","guid":{"rendered":"https:\/\/exaudi.wpengine.com\/?p=35591"},"modified":"2021-10-05T16:40:44","modified_gmt":"2021-10-05T14:40:44","slug":"refugiados-la-santa-sede-exige-acciones-concretas-a-estados","status":"publish","type":"post","link":"https:\/\/exaudi.org\/es\/refugiados-la-santa-sede-exige-acciones-concretas-a-estados\/","title":{"rendered":"Refugiados: La Santa Sede exige acciones concretas a Estados"},"content":{"rendered":"<p>Ante la situaci\u00f3n actual de los refugiados, la Santa Sede insta a todos los Estados \u201ca adoptar acciones concretas y significativas, especialmente en respuesta al creciente n\u00famero de crisis humanitarias graves. Esto incluye la concesi\u00f3n eficaz, juiciosa y generosa de visados humanitarios; la puesta en marcha de programas de patrocinio individual y comunitario; la apertura de corredores humanitarios para los m\u00e1s vulnerables; y la garant\u00eda de la reunificaci\u00f3n familiar\u201d.<\/p>\n<p>A continuaci\u00f3n, sigue el discurso pronunciado esta ma\u00f1ana por Francesca Di Giovanni, subsecretaria del Sector Multilateral de Relaciones con los Estados de la Secretar\u00eda de Estado, jefa de la Delegaci\u00f3n de la Santa Sede, en el marco del 72\u00ba Comit\u00e9 Ejecutivo del Programa del Alto Comisariado de las <a href=\"https:\/\/www.un.org\/es\/\" target=\"_blank\" rel=\"noopener\">Naciones Unidas<\/a> para los Refugiados.<\/p>\n<p>***<\/p>\n<h4><strong>Discurso de la Sra. Francesca Di Giovanni<\/strong><\/h4>\n<p>Se\u00f1or Presidente<\/p>\n<p>Alto Comisionado,<\/p>\n<p>Excelencias y distinguidos delegados,<\/p>\n<p>Mientras el mundo sigue centrado en la recuperaci\u00f3n del impacto global de la pandemia del COVID-19, debemos evaluar y aprender de su impacto en los desplazados forzosos. El sistema actual, que se ha visto totalmente desbordado, tiene dificultades para responder adecuadamente. De hecho, hemos visto que el desplazamiento, dentro y fuera de las fronteras, se est\u00e1 convirtiendo r\u00e1pidamente en uno de los retos m\u00e1s acuciantes de nuestro tiempo.<\/p>\n<p>En su pre\u00e1mbulo, la Convenci\u00f3n sobre los Refugiados de 1951 declara solemnemente su objetivo de\u00a0\u201casegurar a los refugiados el ejercicio m\u00e1s amplio posible de los derechos y libertades fundamentales\u201d 1. Lamentablemente, en muchas regiones del mundo, millones de refugiados no pueden disfrutar de estos derechos. Adem\u00e1s, mientras los Estados intentan ofrecer soluciones inmediatas y duraderas, los pa\u00edses de acogida no reciben el apoyo adecuado. A este respecto, varios pa\u00edses han aumentado incluso la carga de las comunidades de acogida mediante una estrategia insostenible de externalizaci\u00f3n, evitando la responsabilidad directa de los grandes flujos mixtos de migrantes y refugiados mediante acuerdos que los detienen, a menudo indefinidamente, en puntos estrat\u00e9gicos de su viaje.<\/p>\n<p>El hecho de que millones de que hermanos y hermanas nuestros permanezcan en el limbo, es una crisis de solidaridad. Deber\u00eda desafiar nuestra conciencia como familia de naciones para buscar estrategias que comprometan a todos los pa\u00edses como partes iguales. Este sigue siendo el objetivo del Pacto Mundial para los Refugiados, que s\u00f3lo tendr\u00e1 \u00e9xito si lleva aparejada la voluntad pol\u00edtica necesaria.<\/p>\n<p>Se\u00f1or Presidente,<\/p>\n<p>En esta l\u00ednea, la Santa Sede insta a todos los Estados a adoptar acciones concretas y significativas, especialmente en respuesta al creciente n\u00famero de crisis humanitarias graves. Esto incluye la concesi\u00f3n eficaz, juiciosa y generosa de visados humanitarios; la puesta en marcha de programas de patrocinio individual y comunitario; la apertura de corredores humanitarios para los m\u00e1s vulnerables; y la garant\u00eda de la reunificaci\u00f3n familiar.2 Sin embargo, para ser eficaces, tambi\u00e9n debemos abordar las causas de los conflictos y la inestabilidad, para que las personas puedan permanecer en paz y seguridad en sus pa\u00edses de origen.<\/p>\n<p>Se\u00f1or Presidente,<\/p>\n<p>La Santa Sede ha seguido con gran atenci\u00f3n la evoluci\u00f3n de la situaci\u00f3n en Afganist\u00e1n y agradece a todos los que han acogido a los refugiados con verdadero esp\u00edritu de fraternidad. Tambi\u00e9n deseamos reafirmar el llamamiento del Papa Francisco de que:<em>\u201d&#8230;<\/em>todos los afganos, ya sea en su patria, en tr\u00e1nsito o en los pa\u00edses de acogida, puedan vivir con dignidad, en paz y fraternidad con sus vecinos\u201d 3. Sigue siendo esencial el refuerzo de la capacidad local, nacional e internacional para ofrecer protecci\u00f3n y condiciones de acogida seguras.<\/p>\n<p>La respuesta de los pa\u00edses cercanos a estas crisis, incluidas las de otras regiones del mundo,\u00a0 son solo tan fuertes como la unidad y la eficacia de la comunidad internacional a la hora de prestar apoyo financiero y t\u00e9cnico a los primeros en responder y a las poblaciones locales que luchan por seguir con su vida cotidiana. En este sentido, insistimos en que, en determinadas situaciones<em>, <\/em>\u201clas crisis humanitarias se han agravado por las sanciones econ\u00f3micas, que terminan en su mayor parte por repercutir principalmente en los sectores m\u00e1s d\u00e9biles de la poblaci\u00f3n\u2026Aun comprendiendo la l\u00f3gica de las sanciones, la Santa Sede no ve su eficacia y espera su relajaci\u00f3n\u201d. 4<\/p>\n<p>Se\u00f1or Presidente,<\/p>\n<p>El creciente impacto del cambio clim\u00e1tico y de las cat\u00e1strofes naturales en los desplazamientos forzados exige una reflexi\u00f3n, una conversi\u00f3n y una acci\u00f3n m\u00e1s profundas. La crisis clim\u00e1tica tiene un \u201crostro humano\u201d. Ya es una dura realidad, especialmente para los m\u00e1s pobres, vulnerables y marginados. No debemos dejar de ver el sufrimiento que acompa\u00f1a a cada historia. Debemos esforzarnos por \u201ctomar dolorosa conciencia, atrevernos a convertir en sufrimiento personal lo que le pasa al mundo, y as\u00ed reconocer cu\u00e1l es la contribuci\u00f3n que cada uno puede aportar\u201d 5.<\/p>\n<p>Por \u00faltimo, la Santa Sede reitera la necesidad de proteger el derecho a la salud de todos, incluidos los refugiados y los migrantes, y especialmente de las mujeres y los ni\u00f1os que corren un riesgo especial en las situaciones humanitarias. El Comit\u00e9 no puede aceptar que la ideolog\u00eda determine el acceso a la asistencia sanitaria ni condicionarlo a la aceptaci\u00f3n de conceptos de salud que no comparten el consenso internacional o que violan la dignidad humana e ignoran las creencias religiosas.<\/p>\n<p>Por el contrario, el acceso a la asistencia sanitaria debe garantizarse mediante leyes y pol\u00edticas integrales y no discriminatorias, centradas en el bien de toda persona humana y fundadas en el derecho a la vida para todos, desde la concepci\u00f3n hasta la muerte natural.<\/p>\n<p>Se\u00f1or Presidente,<\/p>\n<p>Cuando nos enfrentamos a intensas divisiones entre los pa\u00edses y muchos sectores de la sociedad, resulta esencial una mayor conciencia de nuestra fraternidad. Como familia de naciones, todos compartimos la responsabilidad de velar por nuestros hermanos y hermanas, especialmente por aquellos que se encuentran en situaci\u00f3n de vulnerabilidad, incluidos aquellos cuya vida y libertad se han visto amenazadas por motivos de raza, religi\u00f3n, nacionalidad, pertenencia a un determinado grupo social o persecuci\u00f3n pol\u00edtica.6 Sin esa fraternidad, es imposible construir una sociedad justa y una paz s\u00f3lida y duradera.<\/p>\n<p>Gracias.<\/p>\n<p>&#8212;&#8212;&#8212;&#8212;&#8212;&#8212;&#8212;&#8212;&#8212;&#8212;&#8212;&#8212;&#8212;<\/p>\n<p>1 Convenci\u00f3n sobre el Estatuto de los Refugiados, 1951.<\/p>\n<p>2 Cf. Papa Francisco, <a href=\"https:\/\/exaudi.wpengine.com\/es\/enciclica-fratelli-tutti-papa\/\" target=\"_blank\" rel=\"noopener\"><em>Fratelli Tutti<\/em><\/a> N. 130<\/p>\n<p>3 Papa Francisco, palabras despu\u00e9s del \u00c1ngelus, 5 de septiembre de 2021<\/p>\n<p>4 Papa Francisco, Discurso a los miembros del Cuerpo Diplom\u00e1tico acreditado ante la Santa Sede, 8 de febrero de 2021.<\/p>\n<p>5 Papa Francisco, Prefacio a la orientaci\u00f3n pastoral sobre los desplazamientos clim\u00e1ticos<\/p>\n<p>6 Cf. Convenci\u00f3n sobre el Estatuto de los Refugiados, 1951, art\u00edculo 33.<\/p>\n<p><strong>\u00a9 Librer\u00eda Editora Vaticana<\/strong><\/p>\n","protected":false},"excerpt":{"rendered":"<p>Discurso de Francesca Di Giovanni, subsecretaria del Sector Multilateral de Relaciones con los Estados de la Secretar\u00eda de Estado en el 72\u00ba Comit\u00e9 Ejecutivo del Programa del Alto Comisariado de las Naciones Unidas para los Refugiados<\/p>\n","protected":false},"author":15,"featured_media":35593,"comment_status":"open","ping_status":"open","sticky":false,"template":"","format":"standard","meta":{"_acf_changed":false,"_crdt_document":"","inline_featured_image":false,"footnotes":""},"categories":[298],"tags":[1857,2315,1891],"class_list":["post-35591","post","type-post","status-publish","format-standard","has-post-thumbnail","hentry","category-ultimas-noticias","tag-naciones-unidas","tag-refugiados","tag-santa-sede"],"acf":[],"yoast_head":"<!-- This site is optimized with the Yoast SEO plugin v27.5 - https:\/\/yoast.com\/product\/yoast-seo-wordpress\/ -->\n<title>Refugiados: La Santa Sede exige acciones concretas a Estados &#8211; Exaudi<\/title>\n<meta name=\"description\" content=\"Discurso de la Santa Sede, en el 72\u00ba Comit\u00e9 Ejecutivo del Programa del Alto Comisariado de las Naciones Unidas para los Refugiados\" \/>\n<meta name=\"robots\" content=\"index, follow, max-snippet:-1, max-image-preview:large, max-video-preview:-1\" \/>\n<link rel=\"canonical\" href=\"https:\/\/exaudi.org\/es\/refugiados-la-santa-sede-exige-acciones-concretas-a-estados\/\" \/>\n<meta property=\"og:locale\" content=\"es_ES\" \/>\n<meta property=\"og:type\" content=\"article\" \/>\n<meta property=\"og:title\" content=\"Refugiados: La Santa Sede exige acciones concretas a Estados &#8211; Exaudi\" \/>\n<meta property=\"og:description\" content=\"Discurso de la Santa Sede, en el 72\u00ba Comit\u00e9 Ejecutivo del Programa del Alto Comisariado de las Naciones Unidas para los Refugiados\" \/>\n<meta property=\"og:url\" content=\"https:\/\/exaudi.org\/es\/refugiados-la-santa-sede-exige-acciones-concretas-a-estados\/\" \/>\n<meta property=\"og:site_name\" content=\"Exaudi\" \/>\n<meta property=\"article:publisher\" content=\"https:\/\/www.facebook.com\/ExaudiNews\" \/>\n<meta property=\"article:author\" content=\"https:\/\/www.facebook.com\/ExaudiNoticias\/\" \/>\n<meta property=\"article:published_time\" content=\"2021-10-05T14:40:44+00:00\" \/>\n<meta property=\"og:image\" content=\"https:\/\/exaudi.org\/wp-content\/uploads\/2021\/10\/pexels-ahmed-akacha-7385834-scaled.jpg\" \/>\n\t<meta property=\"og:image:width\" content=\"2560\" \/>\n\t<meta property=\"og:image:height\" content=\"1707\" \/>\n\t<meta property=\"og:image:type\" content=\"image\/jpeg\" \/>\n<meta name=\"author\" content=\"Exaudi Redacci\u00f3n\" \/>\n<meta name=\"twitter:card\" content=\"summary_large_image\" \/>\n<meta name=\"twitter:creator\" content=\"@Exaudi_noticias\" \/>\n<meta name=\"twitter:site\" content=\"@Exaudi_News\" \/>\n<meta name=\"twitter:label1\" content=\"Escrito por\" \/>\n\t<meta name=\"twitter:data1\" content=\"Exaudi Redacci\u00f3n\" \/>\n\t<meta name=\"twitter:label2\" content=\"Tiempo de lectura\" \/>\n\t<meta name=\"twitter:data2\" content=\"5 minutos\" \/>\n<script type=\"application\/ld+json\" class=\"yoast-schema-graph\">{\"@context\":\"https:\\\/\\\/schema.org\",\"@graph\":[{\"@type\":\"Article\",\"@id\":\"https:\\\/\\\/exaudi.org\\\/es\\\/refugiados-la-santa-sede-exige-acciones-concretas-a-estados\\\/#article\",\"isPartOf\":{\"@id\":\"https:\\\/\\\/exaudi.org\\\/es\\\/refugiados-la-santa-sede-exige-acciones-concretas-a-estados\\\/\"},\"author\":{\"name\":\"Exaudi Redacci\u00f3n\",\"@id\":\"https:\\\/\\\/exaudi.org\\\/#\\\/schema\\\/person\\\/f5fc8f063065e38742da7afe15f25df7\"},\"headline\":\"Refugiados: La Santa Sede exige acciones concretas a Estados\",\"datePublished\":\"2021-10-05T14:40:44+00:00\",\"mainEntityOfPage\":{\"@id\":\"https:\\\/\\\/exaudi.org\\\/es\\\/refugiados-la-santa-sede-exige-acciones-concretas-a-estados\\\/\"},\"wordCount\":1138,\"commentCount\":0,\"image\":{\"@id\":\"https:\\\/\\\/exaudi.org\\\/es\\\/refugiados-la-santa-sede-exige-acciones-concretas-a-estados\\\/#primaryimage\"},\"thumbnailUrl\":\"https:\\\/\\\/exaudi.org\\\/wp-content\\\/uploads\\\/2021\\\/10\\\/pexels-ahmed-akacha-7385834-scaled.jpg\",\"keywords\":[\"Naciones Unidas\",\"Refugiados\",\"Santa Sede\"],\"articleSection\":[\"\u00daltimas noticias\"],\"inLanguage\":\"es\",\"potentialAction\":[{\"@type\":\"CommentAction\",\"name\":\"Comment\",\"target\":[\"https:\\\/\\\/exaudi.org\\\/es\\\/refugiados-la-santa-sede-exige-acciones-concretas-a-estados\\\/#respond\"]}]},{\"@type\":\"WebPage\",\"@id\":\"https:\\\/\\\/exaudi.org\\\/es\\\/refugiados-la-santa-sede-exige-acciones-concretas-a-estados\\\/\",\"url\":\"https:\\\/\\\/exaudi.org\\\/es\\\/refugiados-la-santa-sede-exige-acciones-concretas-a-estados\\\/\",\"name\":\"Refugiados: La Santa Sede exige acciones concretas a Estados &#8211; Exaudi\",\"isPartOf\":{\"@id\":\"https:\\\/\\\/exaudi.org\\\/#website\"},\"primaryImageOfPage\":{\"@id\":\"https:\\\/\\\/exaudi.org\\\/es\\\/refugiados-la-santa-sede-exige-acciones-concretas-a-estados\\\/#primaryimage\"},\"image\":{\"@id\":\"https:\\\/\\\/exaudi.org\\\/es\\\/refugiados-la-santa-sede-exige-acciones-concretas-a-estados\\\/#primaryimage\"},\"thumbnailUrl\":\"https:\\\/\\\/exaudi.org\\\/wp-content\\\/uploads\\\/2021\\\/10\\\/pexels-ahmed-akacha-7385834-scaled.jpg\",\"datePublished\":\"2021-10-05T14:40:44+00:00\",\"author\":{\"@id\":\"https:\\\/\\\/exaudi.org\\\/#\\\/schema\\\/person\\\/f5fc8f063065e38742da7afe15f25df7\"},\"description\":\"Discurso de la Santa Sede, en el 72\u00ba Comit\u00e9 Ejecutivo del Programa del Alto Comisariado de las Naciones Unidas para los Refugiados\",\"breadcrumb\":{\"@id\":\"https:\\\/\\\/exaudi.org\\\/es\\\/refugiados-la-santa-sede-exige-acciones-concretas-a-estados\\\/#breadcrumb\"},\"inLanguage\":\"es\",\"potentialAction\":[{\"@type\":\"ReadAction\",\"target\":[\"https:\\\/\\\/exaudi.org\\\/es\\\/refugiados-la-santa-sede-exige-acciones-concretas-a-estados\\\/\"]}]},{\"@type\":\"ImageObject\",\"inLanguage\":\"es\",\"@id\":\"https:\\\/\\\/exaudi.org\\\/es\\\/refugiados-la-santa-sede-exige-acciones-concretas-a-estados\\\/#primaryimage\",\"url\":\"https:\\\/\\\/exaudi.org\\\/wp-content\\\/uploads\\\/2021\\\/10\\\/pexels-ahmed-akacha-7385834-scaled.jpg\",\"contentUrl\":\"https:\\\/\\\/exaudi.org\\\/wp-content\\\/uploads\\\/2021\\\/10\\\/pexels-ahmed-akacha-7385834-scaled.jpg\",\"width\":2560,\"height\":1707,\"caption\":\"refugiados Santa Sede acciones\"},{\"@type\":\"BreadcrumbList\",\"@id\":\"https:\\\/\\\/exaudi.org\\\/es\\\/refugiados-la-santa-sede-exige-acciones-concretas-a-estados\\\/#breadcrumb\",\"itemListElement\":[{\"@type\":\"ListItem\",\"position\":1,\"name\":\"Portada\",\"item\":\"https:\\\/\\\/exaudi.org\\\/es\\\/\"},{\"@type\":\"ListItem\",\"position\":2,\"name\":\"Refugiados: La Santa Sede exige acciones concretas a Estados\"}]},{\"@type\":\"WebSite\",\"@id\":\"https:\\\/\\\/exaudi.org\\\/#website\",\"url\":\"https:\\\/\\\/exaudi.org\\\/\",\"name\":\"Exaudi\",\"description\":\"News\",\"potentialAction\":[{\"@type\":\"SearchAction\",\"target\":{\"@type\":\"EntryPoint\",\"urlTemplate\":\"https:\\\/\\\/exaudi.org\\\/?s={search_term_string}\"},\"query-input\":{\"@type\":\"PropertyValueSpecification\",\"valueRequired\":true,\"valueName\":\"search_term_string\"}}],\"inLanguage\":\"es\"},{\"@type\":\"Person\",\"@id\":\"https:\\\/\\\/exaudi.org\\\/#\\\/schema\\\/person\\\/f5fc8f063065e38742da7afe15f25df7\",\"name\":\"Exaudi Redacci\u00f3n\",\"image\":{\"@type\":\"ImageObject\",\"inLanguage\":\"es\",\"@id\":\"https:\\\/\\\/secure.gravatar.com\\\/avatar\\\/fe0f6a059fb68d9b3e11bc5850dd4899b1c7492091a3cb6dd9b01b56ad828be2?s=96&d=mm&r=g\",\"url\":\"https:\\\/\\\/secure.gravatar.com\\\/avatar\\\/fe0f6a059fb68d9b3e11bc5850dd4899b1c7492091a3cb6dd9b01b56ad828be2?s=96&d=mm&r=g\",\"contentUrl\":\"https:\\\/\\\/secure.gravatar.com\\\/avatar\\\/fe0f6a059fb68d9b3e11bc5850dd4899b1c7492091a3cb6dd9b01b56ad828be2?s=96&d=mm&r=g\",\"caption\":\"Exaudi Redacci\u00f3n\"},\"description\":\"\u00bfQu\u00e9 es Exaudi News? Exaudi News es un medio de comunicaci\u00f3n cat\u00f3lico internacional que informa, forma y transforma, diariamente en espa\u00f1ol, ingl\u00e9s e italiano. A trav\u00e9s de noticias, art\u00edculos de an\u00e1lisis y transmisiones en directo de los eventos del Papa, Exaudi busca fortalecer la unidad de los cristianos y contribuir a la evangelizaci\u00f3n del mundo, siempre guiados por la doctrina social de la Iglesia. Trabajamos para acercar la verdad y los valores cristianos a cada rinc\u00f3n del planeta. \u00a1Ay\u00fadanos a transformar el mundo con Exaudi! En Exaudi creemos que la evangelizaci\u00f3n y la informaci\u00f3n de calidad pueden cambiar vidas. Para continuar con nuestra misi\u00f3n y expandir nuestro alcance, necesitamos tu ayuda. Adem\u00e1s, buscamos personas comprometidas que deseen unirse a nuestro equipo. Con tu apoyo, lograremos llegar a m\u00e1s personas, difundir el mensaje de Cristo y reforzar la unidad de los cristianos. \u00bfTe unes a nuestra misi\u00f3n? Para m\u00e1s informaci\u00f3n sobre c\u00f3mo colaborar, visita Exaudi.org\\\/es o cont\u00e1ctanos directamente: info@exaudi.org Exaudi: Informa, forma y transforma.\",\"sameAs\":[\"https:\\\/\\\/www.facebook.com\\\/ExaudiNoticias\\\/\",\"https:\\\/\\\/www.instagram.com\\\/exaudi_noticias\\\/\",\"https:\\\/\\\/x.com\\\/Exaudi_noticias\",\"https:\\\/\\\/www.youtube.com\\\/@exaudicatholicnews\"],\"url\":\"https:\\\/\\\/exaudi.org\\\/es\\\/author\\\/redaccionexaudi\\\/\"}]}<\/script>\n<!-- \/ Yoast SEO plugin. -->","yoast_head_json":{"title":"Refugiados: La Santa Sede exige acciones concretas a Estados &#8211; Exaudi","description":"Discurso de la Santa Sede, en el 72\u00ba Comit\u00e9 Ejecutivo del Programa del Alto Comisariado de las Naciones Unidas para los Refugiados","robots":{"index":"index","follow":"follow","max-snippet":"max-snippet:-1","max-image-preview":"max-image-preview:large","max-video-preview":"max-video-preview:-1"},"canonical":"https:\/\/exaudi.org\/es\/refugiados-la-santa-sede-exige-acciones-concretas-a-estados\/","og_locale":"es_ES","og_type":"article","og_title":"Refugiados: La Santa Sede exige acciones concretas a Estados &#8211; Exaudi","og_description":"Discurso de la Santa Sede, en el 72\u00ba Comit\u00e9 Ejecutivo del Programa del Alto Comisariado de las Naciones Unidas para los Refugiados","og_url":"https:\/\/exaudi.org\/es\/refugiados-la-santa-sede-exige-acciones-concretas-a-estados\/","og_site_name":"Exaudi","article_publisher":"https:\/\/www.facebook.com\/ExaudiNews","article_author":"https:\/\/www.facebook.com\/ExaudiNoticias\/","article_published_time":"2021-10-05T14:40:44+00:00","og_image":[{"width":2560,"height":1707,"url":"https:\/\/exaudi.org\/wp-content\/uploads\/2021\/10\/pexels-ahmed-akacha-7385834-scaled.jpg","type":"image\/jpeg"}],"author":"Exaudi Redacci\u00f3n","twitter_card":"summary_large_image","twitter_creator":"@Exaudi_noticias","twitter_site":"@Exaudi_News","twitter_misc":{"Escrito por":"Exaudi Redacci\u00f3n","Tiempo de lectura":"5 minutos"},"schema":{"@context":"https:\/\/schema.org","@graph":[{"@type":"Article","@id":"https:\/\/exaudi.org\/es\/refugiados-la-santa-sede-exige-acciones-concretas-a-estados\/#article","isPartOf":{"@id":"https:\/\/exaudi.org\/es\/refugiados-la-santa-sede-exige-acciones-concretas-a-estados\/"},"author":{"name":"Exaudi Redacci\u00f3n","@id":"https:\/\/exaudi.org\/#\/schema\/person\/f5fc8f063065e38742da7afe15f25df7"},"headline":"Refugiados: La Santa Sede exige acciones concretas a Estados","datePublished":"2021-10-05T14:40:44+00:00","mainEntityOfPage":{"@id":"https:\/\/exaudi.org\/es\/refugiados-la-santa-sede-exige-acciones-concretas-a-estados\/"},"wordCount":1138,"commentCount":0,"image":{"@id":"https:\/\/exaudi.org\/es\/refugiados-la-santa-sede-exige-acciones-concretas-a-estados\/#primaryimage"},"thumbnailUrl":"https:\/\/exaudi.org\/wp-content\/uploads\/2021\/10\/pexels-ahmed-akacha-7385834-scaled.jpg","keywords":["Naciones Unidas","Refugiados","Santa Sede"],"articleSection":["\u00daltimas noticias"],"inLanguage":"es","potentialAction":[{"@type":"CommentAction","name":"Comment","target":["https:\/\/exaudi.org\/es\/refugiados-la-santa-sede-exige-acciones-concretas-a-estados\/#respond"]}]},{"@type":"WebPage","@id":"https:\/\/exaudi.org\/es\/refugiados-la-santa-sede-exige-acciones-concretas-a-estados\/","url":"https:\/\/exaudi.org\/es\/refugiados-la-santa-sede-exige-acciones-concretas-a-estados\/","name":"Refugiados: La Santa Sede exige acciones concretas a Estados &#8211; Exaudi","isPartOf":{"@id":"https:\/\/exaudi.org\/#website"},"primaryImageOfPage":{"@id":"https:\/\/exaudi.org\/es\/refugiados-la-santa-sede-exige-acciones-concretas-a-estados\/#primaryimage"},"image":{"@id":"https:\/\/exaudi.org\/es\/refugiados-la-santa-sede-exige-acciones-concretas-a-estados\/#primaryimage"},"thumbnailUrl":"https:\/\/exaudi.org\/wp-content\/uploads\/2021\/10\/pexels-ahmed-akacha-7385834-scaled.jpg","datePublished":"2021-10-05T14:40:44+00:00","author":{"@id":"https:\/\/exaudi.org\/#\/schema\/person\/f5fc8f063065e38742da7afe15f25df7"},"description":"Discurso de la Santa Sede, en el 72\u00ba Comit\u00e9 Ejecutivo del Programa del Alto Comisariado de las Naciones Unidas para los Refugiados","breadcrumb":{"@id":"https:\/\/exaudi.org\/es\/refugiados-la-santa-sede-exige-acciones-concretas-a-estados\/#breadcrumb"},"inLanguage":"es","potentialAction":[{"@type":"ReadAction","target":["https:\/\/exaudi.org\/es\/refugiados-la-santa-sede-exige-acciones-concretas-a-estados\/"]}]},{"@type":"ImageObject","inLanguage":"es","@id":"https:\/\/exaudi.org\/es\/refugiados-la-santa-sede-exige-acciones-concretas-a-estados\/#primaryimage","url":"https:\/\/exaudi.org\/wp-content\/uploads\/2021\/10\/pexels-ahmed-akacha-7385834-scaled.jpg","contentUrl":"https:\/\/exaudi.org\/wp-content\/uploads\/2021\/10\/pexels-ahmed-akacha-7385834-scaled.jpg","width":2560,"height":1707,"caption":"refugiados Santa Sede acciones"},{"@type":"BreadcrumbList","@id":"https:\/\/exaudi.org\/es\/refugiados-la-santa-sede-exige-acciones-concretas-a-estados\/#breadcrumb","itemListElement":[{"@type":"ListItem","position":1,"name":"Portada","item":"https:\/\/exaudi.org\/es\/"},{"@type":"ListItem","position":2,"name":"Refugiados: La Santa Sede exige acciones concretas a Estados"}]},{"@type":"WebSite","@id":"https:\/\/exaudi.org\/#website","url":"https:\/\/exaudi.org\/","name":"Exaudi","description":"News","potentialAction":[{"@type":"SearchAction","target":{"@type":"EntryPoint","urlTemplate":"https:\/\/exaudi.org\/?s={search_term_string}"},"query-input":{"@type":"PropertyValueSpecification","valueRequired":true,"valueName":"search_term_string"}}],"inLanguage":"es"},{"@type":"Person","@id":"https:\/\/exaudi.org\/#\/schema\/person\/f5fc8f063065e38742da7afe15f25df7","name":"Exaudi Redacci\u00f3n","image":{"@type":"ImageObject","inLanguage":"es","@id":"https:\/\/secure.gravatar.com\/avatar\/fe0f6a059fb68d9b3e11bc5850dd4899b1c7492091a3cb6dd9b01b56ad828be2?s=96&d=mm&r=g","url":"https:\/\/secure.gravatar.com\/avatar\/fe0f6a059fb68d9b3e11bc5850dd4899b1c7492091a3cb6dd9b01b56ad828be2?s=96&d=mm&r=g","contentUrl":"https:\/\/secure.gravatar.com\/avatar\/fe0f6a059fb68d9b3e11bc5850dd4899b1c7492091a3cb6dd9b01b56ad828be2?s=96&d=mm&r=g","caption":"Exaudi Redacci\u00f3n"},"description":"\u00bfQu\u00e9 es Exaudi News? Exaudi News es un medio de comunicaci\u00f3n cat\u00f3lico internacional que informa, forma y transforma, diariamente en espa\u00f1ol, ingl\u00e9s e italiano. A trav\u00e9s de noticias, art\u00edculos de an\u00e1lisis y transmisiones en directo de los eventos del Papa, Exaudi busca fortalecer la unidad de los cristianos y contribuir a la evangelizaci\u00f3n del mundo, siempre guiados por la doctrina social de la Iglesia. Trabajamos para acercar la verdad y los valores cristianos a cada rinc\u00f3n del planeta. \u00a1Ay\u00fadanos a transformar el mundo con Exaudi! En Exaudi creemos que la evangelizaci\u00f3n y la informaci\u00f3n de calidad pueden cambiar vidas. Para continuar con nuestra misi\u00f3n y expandir nuestro alcance, necesitamos tu ayuda. Adem\u00e1s, buscamos personas comprometidas que deseen unirse a nuestro equipo. Con tu apoyo, lograremos llegar a m\u00e1s personas, difundir el mensaje de Cristo y reforzar la unidad de los cristianos. \u00bfTe unes a nuestra misi\u00f3n? Para m\u00e1s informaci\u00f3n sobre c\u00f3mo colaborar, visita Exaudi.org\/es o cont\u00e1ctanos directamente: info@exaudi.org Exaudi: Informa, forma y transforma.","sameAs":["https:\/\/www.facebook.com\/ExaudiNoticias\/","https:\/\/www.instagram.com\/exaudi_noticias\/","https:\/\/x.com\/Exaudi_noticias","https:\/\/www.youtube.com\/@exaudicatholicnews"],"url":"https:\/\/exaudi.org\/es\/author\/redaccionexaudi\/"}]}},"jetpack_featured_media_url":"https:\/\/exaudi.org\/wp-content\/uploads\/2021\/10\/pexels-ahmed-akacha-7385834-scaled.jpg","jetpack_shortlink":"https:\/\/wp.me\/pgKjF2-9g3","_links":{"self":[{"href":"https:\/\/exaudi.org\/es\/wp-json\/wp\/v2\/posts\/35591","targetHints":{"allow":["GET"]}}],"collection":[{"href":"https:\/\/exaudi.org\/es\/wp-json\/wp\/v2\/posts"}],"about":[{"href":"https:\/\/exaudi.org\/es\/wp-json\/wp\/v2\/types\/post"}],"author":[{"embeddable":true,"href":"https:\/\/exaudi.org\/es\/wp-json\/wp\/v2\/users\/15"}],"replies":[{"embeddable":true,"href":"https:\/\/exaudi.org\/es\/wp-json\/wp\/v2\/comments?post=35591"}],"version-history":[{"count":0,"href":"https:\/\/exaudi.org\/es\/wp-json\/wp\/v2\/posts\/35591\/revisions"}],"wp:featuredmedia":[{"embeddable":true,"href":"https:\/\/exaudi.org\/es\/wp-json\/wp\/v2\/media\/35593"}],"wp:attachment":[{"href":"https:\/\/exaudi.org\/es\/wp-json\/wp\/v2\/media?parent=35591"}],"wp:term":[{"taxonomy":"category","embeddable":true,"href":"https:\/\/exaudi.org\/es\/wp-json\/wp\/v2\/categories?post=35591"},{"taxonomy":"post_tag","embeddable":true,"href":"https:\/\/exaudi.org\/es\/wp-json\/wp\/v2\/tags?post=35591"}],"curies":[{"name":"wp","href":"https:\/\/api.w.org\/{rel}","templated":true}]}}