{"id":35476,"date":"2025-10-05T07:30:06","date_gmt":"2025-10-05T05:30:06","guid":{"rendered":"https:\/\/exaudi.wpengine.com\/?p=35476"},"modified":"2025-10-05T14:09:24","modified_gmt":"2025-10-05T12:09:24","slug":"santa-faustina-kowalska-5-octubre","status":"publish","type":"post","link":"https:\/\/exaudi.org\/es\/santa-faustina-kowalska-5-octubre\/","title":{"rendered":"Santa Faustina Kowalska, 5 de octubre"},"content":{"rendered":"<p><span style=\"font-weight: 400;\">Helena Kowalska naci\u00f3 el 25 de agosto de 1905 en Glogowiec, Polonia, en el hogar de una familia de campesinos, piadosos practicantes. Fue la tercera de diez hermanos. Espiritualmente fue forjada en la fe sobre todo por su madre. Y desde su m\u00e1s tierna infancia manifest\u00f3 una inclinaci\u00f3n religiosa que se apreciaba en su comportamiento.<\/span><\/p>\n<p><iframe title=\"Spotify Embed: Santa Faustina Kowalska, 5 de octubre\" style=\"border-radius: 12px\" width=\"100%\" height=\"152\" frameborder=\"0\" allowfullscreen allow=\"autoplay; clipboard-write; encrypted-media; fullscreen; picture-in-picture\" loading=\"lazy\" src=\"https:\/\/open.spotify.com\/embed\/episode\/3otJTv6v9x43vdC7lz5n2c?si=1b1006429d3f4c9d&#038;utm_source=oembed\"><\/iframe><\/p>\n<p><span style=\"font-weight: 400;\"> Los suyos conoc\u00edan perfectamente sus pr\u00e1cticas de oraci\u00f3n, la tendencia a procurar todo el bien posible a su alrededor y su marcada predilecci\u00f3n por las vidas de santos que le gustaba leer y compartir con otros ni\u00f1os de su edad. A los 7 a\u00f1os fue sellada por la experiencia del amor de Dios.<\/span><\/p>\n<p><span style=\"font-weight: 400;\"> Antes de ir a la escuela, su padre le hab\u00eda ense\u00f1ado a leer. Luego a\u00f1adi\u00f3 lo que pudo aprender en la escueta formaci\u00f3n acad\u00e9mica que recibi\u00f3, que no lleg\u00f3 a tres a\u00f1os. Los escasos recursos para tan numerosa familia demandaban la pronta ayuda de los hijos mayores. Y ella con 16 a\u00f1os tuvo que ganarse el sustento como empleada de hogar y dependienta. Trabaj\u00f3 en varios hogares y localidades diversas.\u00a0<\/span><\/p>\n<p><span style=\"font-weight: 400;\">So\u00f1aba con la vida religiosa, y en las contadas ocasiones que viaj\u00f3 a su casa paterna expuso este anhelo, recibiendo siempre una negativa como respuesta. En una de ellas ya ten\u00eda 18 a\u00f1os. Fue entonces cuando pas\u00f3 por un corto periodo en el que las diversiones ocuparon su tiempo. En su Diario explic\u00f3 que de ese modo trataba de sofocar las constantes invitaciones que recib\u00eda de lo alto para mudar sus h\u00e1bitos. Pero la predilecci\u00f3n divina se extendi\u00f3 sobre ella. <\/span><\/p>\n<p><span style=\"font-weight: 400;\">Un d\u00eda en una fiesta, mientras bailaba, vio al divino Redentor lleno de llagas; poni\u00e9ndose a su altura, le dijo: \u201cHelena, hija m\u00eda, \u00bfcu\u00e1ndo cesar\u00e1s de ignorarme y cu\u00e1nto m\u00e1s estar\u00e1s alejada de mi lado?\u201d. Profundamente turbada, como no pod\u00eda ser menos, acudi\u00f3 presurosa a la catedral de San Estanislao de Kostka. Cristo se manifest\u00f3 expl\u00edcitamente ante la pregunta acuciante de la joven, ansiosa por saber qu\u00e9 deb\u00eda hacer: \u201cVe inmediatamente a Varsovia; all\u00ed entrar\u00e1s en un convento\u201d.\u00a0<\/span><\/p>\n<p><span style=\"font-weight: 400;\">En esa \u00e9poca la dote era condici\u00f3n imprescindible para ingresar en \u00e9l. Solo cab\u00eda la fe, ya que de ning\u00fan modo pose\u00eda la cantidad exigida. Pero su confianza en Dios no ten\u00eda fisuras, y con ella toc\u00f3 las puertas del convento de las Hermanas de Nuestra Se\u00f1ora de la Misericordia. Para reunir la suma necesaria a\u00fan tuvo que trabajar otro a\u00f1o m\u00e1s. Por fin, en 1925 pudo cumplir la indicaci\u00f3n de Cristo integr\u00e1ndose en la vida religiosa; tom\u00f3 la iniciativa sin contar con la venia de sus padres. <\/span><\/p>\n<p><span style=\"font-weight: 400;\">Ahora bien, no le result\u00f3 f\u00e1cil la consagraci\u00f3n. Le acuciaron las tentaciones de volver al mundo y de mirar retrospectivamente su pasado. Cristo le inst\u00f3 a mantenerse fiel para superar las sombras que se cern\u00edan sobre ella y, una vez disipadas con su gracia, sigui\u00f3 el camino trazado desempe\u00f1ando tareas de cocinera, jardinera y portera. El 30 de abril de 1926 profes\u00f3 en Cracovia con el nombre de Faustina del Sant\u00edsimo Sacramento, nombre que se le revel\u00f3 durante el acto lit\u00fargico.\u00a0<\/span><\/p>\n<p><span style=\"font-weight: 400;\">Helena era humilde, sencilla, trabajadora, muy alegre. Durante el primer a\u00f1o de noviciado vivi\u00f3 la experiencia de la \u201cnoche oscura\u201d. Hacia mediados de 1930 y despu\u00e9s de haber pasado por casi todas las casas de la Orden, lleg\u00f3 al convento de P\u0142ock. En febrero de 1931 recibi\u00f3 la primera revelaci\u00f3n. <\/span><\/p>\n<p><span style=\"font-weight: 400;\">En ella Cristo le ped\u00eda: \u201cPinta una imagen seg\u00fan el modelo que ves, y firma: \u2018Jes\u00fas, en Ti conf\u00edo\u2019. Deseo que esta imagen sea venerada primero en su capilla y [luego] en el mundo entero\u201d. Esta imagen fue realizada en 1935 por Eugene Kazimierowski siguiendo sus indicaciones. Es venerada en Ostra Brama, Vilma, aunque la m\u00e1s conocida es obra de Adolf Hyla, que la pint\u00f3 en 1943 en agradecimiento por haber preservado a su familia de la guerra.\u00a0<\/span><\/p>\n<p><span style=\"font-weight: 400;\">Progresivamente, y en sucesivas manifestaciones, Cristo confiaba a Helena la devoci\u00f3n y ejercicio de la virtud de la misericordia: \u201cDebes mostrar misericordia al pr\u00f3jimo siempre y en todas partes. No puedes dejar de hacerlo, ni excusarte, ni justificarte. Te doy tres formas de ejercer misericordia al pr\u00f3jimo: la primera, la acci\u00f3n; la segunda, la palabra; la tercera, la oraci\u00f3n. <\/span><\/p>\n<p><span style=\"font-weight: 400;\">En estas tres formas est\u00e1 contenida la plenitud de la misericordia y es el testimonio irrefutable del amor hacia M\u00ed\u201d. En una ocasi\u00f3n, despu\u00e9s de atender a un enfermo de gravedad, el Redentor le dijo: \u201cHija m\u00eda, me has dado una alegr\u00eda m\u00e1s grande haci\u00e9ndome este favor que si hubieras rezado mucho tiempo\u201d. Ella respondi\u00f3: \u201cSi no te he atendido a Ti, oh, Jes\u00fas m\u00edo, sino a este enfermo\u201d. Cristo corrobor\u00f3 el alcance de esa virtud: \u201cS\u00ed, hija m\u00eda, cualquier cosa que haces al pr\u00f3jimo me la haces a M\u00ed\u201d.<\/span><\/p>\n<p><span style=\"font-weight: 400;\">Estas revelaciones fueron marcando su vida m\u00edstica, sellada por profunda aflicci\u00f3n: \u201cExperimento un terrible dolor cuando veo los sufrimientos del pr\u00f3jimo. Todos los dolores del pr\u00f3jimo repercuten en mi coraz\u00f3n, llevo en mi coraz\u00f3n sus angustias de tal modo que me agotan incluso f\u00edsicamente. Quisiera que todos los dolores cayesen sobre m\u00ed para llevar alivio al pr\u00f3jimo\u201d. En medio de ello, Cristo la consolaba.<\/span><\/p>\n<p><span style=\"font-weight: 400;\"> Su director espiritual el beato Miguel Sopo\u0107ko fue de inmensa ayuda para dilucidar cu\u00e1nto hab\u00eda de verdad en sus experiencias m\u00edsticas, y qu\u00e9 deb\u00eda hacer respecto a la fundaci\u00f3n de una nueva Congregaci\u00f3n como hab\u00eda percibido. En una de las locuciones Cristo le comunic\u00f3 su deseo de que instaurase una Fiesta dedicada a la Divina Misericordia.<\/span><\/p>\n<p><span style=\"font-weight: 400;\">Helena impuls\u00f3 esta devoci\u00f3n que contiene la \u201cCoronilla a la Divina Misericordia\u201d, oraci\u00f3n que \u00c9l mismo le dict\u00f3, haci\u00e9ndole saber que quien la rezara recibir\u00eda gran misericordia en el momento de la muerte, entre otras gracias.\u00a0<\/span><\/p>\n<p><span style=\"font-weight: 400;\">Mientras, su vida iba deterior\u00e1ndose paulatinamente con lesiones diversas. La tuberculosis atac\u00f3 sus pulmones y est\u00f3mago. Y muri\u00f3 en \u0141agiewniki, Cracovia, el 5 de octubre de 1938. Hab\u00eda sido agraciada con numerosos carismas. Juan Pablo II la beatific\u00f3 el 18 de abril de 1993, y la canoniz\u00f3 el 30 de abril de 2000. Determin\u00f3 tambi\u00e9n que la Fiesta de la Divina Misericordia se celebre el primer domingo despu\u00e9s de la Pascua de Resurrecci\u00f3n.<\/span><\/p>\n<p><img loading=\"lazy\" decoding=\"async\" class=\"size-full wp-image-136006 alignnone\" src=\"https:\/\/exaudi.org\/wp-content\/uploads\/2025\/10\/Santoral.jpg\" alt=\"\" width=\"1080\" height=\"1080\" srcset=\"https:\/\/exaudi.org\/wp-content\/uploads\/2025\/10\/Santoral.jpg 1080w, https:\/\/exaudi.org\/wp-content\/uploads\/2025\/10\/Santoral-300x300.jpg 300w, https:\/\/exaudi.org\/wp-content\/uploads\/2025\/10\/Santoral-1024x1024.jpg 1024w, https:\/\/exaudi.org\/wp-content\/uploads\/2025\/10\/Santoral-100x100.jpg?crop=1 100w, https:\/\/exaudi.org\/wp-content\/uploads\/2025\/10\/Santoral-770x770.jpg 770w, https:\/\/exaudi.org\/wp-content\/uploads\/2025\/10\/Santoral-500x500.jpg 500w\" sizes=\"auto, (max-width: 1080px) 100vw, 1080px\" \/><\/p>\n<h6><em>\u00a9\u00a0<a href=\"https:\/\/exaudi.wpengine.com\/es\/author\/isabelorellana\/\" target=\"_blank\" rel=\"noopener noreferrer\">Isabel Orellana Vilches<\/a>, 2018<\/em><\/h6>\n<h6><em>Autora vinculada a<\/em><\/h6>\n<h6><em><img loading=\"lazy\" decoding=\"async\" class=\"alignright wp-image-2208\" src=\"https:\/\/exaudi.org\/wp-content\/uploads\/2021\/02\/santoral-scaled-1-725x1024.jpg\" alt=\"santoral Isabel Orellana\" width=\"262\" height=\"370\" \/><\/em><img loading=\"lazy\" decoding=\"async\" class=\"alignnone size-full wp-image-41949\" src=\"https:\/\/www.idente.org\/wp-content\/uploads\/logo-cedro-v01-843x295-1-e1603384654546.png\" alt=\"\" width=\"80\" height=\"28\" \/><br \/>\nObra protegida por derechos de autor.<br \/>\nInscrita en el Registro de la Propiedad Intelectual el 24 de noviembre de 2014.<br \/>\n________________<br \/>\nDerechos de edici\u00f3n reservados:<br \/>\n<a href=\"https:\/\/rielo.com\/\" target=\"_blank\" rel=\"noopener noreferrer\">Fundaci\u00f3n Fernando Rielo<\/a><br \/>\nGoya 20, 4.\u00ba izq. int. 28001 Madrid<br \/>\nTlf.: (34) 91 575 40 91<br \/>\nCorreo electr\u00f3nico:\u00a0fundacion@rielo.com<\/h6>\n<div class=\"page\" title=\"Page 4\">\n<div class=\"layoutArea\">\n<div class=\"column\">\n<h6>Dep\u00f3sito legal: M-18664-2020<br \/>\nISBN: 978-84-946646-6-3<\/h6>\n<\/div>\n<\/div>\n<\/div>\n","protected":false},"excerpt":{"rendered":"<p>M\u00edstica cat\u00f3lica polaca<\/p>\n","protected":false},"author":23,"featured_media":136003,"comment_status":"closed","ping_status":"closed","sticky":false,"template":"","format":"standard","meta":{"_acf_changed":false,"_crdt_document":"","inline_featured_image":false,"footnotes":""},"categories":[74,2772],"tags":[388,4074,387,58880],"class_list":["post-35476","post","type-post","status-publish","format-standard","has-post-thumbnail","hentry","category-iglesia-y-mundo","category-santoral","tag-isabel-orellana-vilches","tag-santa-faustina-kowalska","tag-santoral","tag-trending-es-151"],"acf":[],"yoast_head":"<!-- This site is optimized with the Yoast SEO plugin v27.5 - https:\/\/yoast.com\/product\/yoast-seo-wordpress\/ -->\n<title>Santa Faustina Kowalska, 5 de octubre - Exaudi Catholic News<\/title>\n<meta name=\"description\" content=\"Santoral del 5 de octubre, santa Faustina Kowalska, escrito por Isabel Orellana y editado por la Fundaci\u00f3n Fernando Rielo.\" \/>\n<meta name=\"robots\" content=\"index, follow, max-snippet:-1, max-image-preview:large, max-video-preview:-1\" \/>\n<link rel=\"canonical\" href=\"https:\/\/exaudi.org\/es\/santa-faustina-kowalska-5-octubre\/\" \/>\n<meta property=\"og:locale\" content=\"es_ES\" \/>\n<meta property=\"og:type\" content=\"article\" \/>\n<meta property=\"og:title\" content=\"Santa Faustina Kowalska, 5 de octubre - Exaudi Catholic News\" \/>\n<meta property=\"og:description\" content=\"Santoral del 5 de octubre, santa Faustina Kowalska, escrito por Isabel Orellana y editado por la Fundaci\u00f3n Fernando Rielo.\" \/>\n<meta property=\"og:url\" content=\"https:\/\/exaudi.org\/es\/santa-faustina-kowalska-5-octubre\/\" \/>\n<meta property=\"og:site_name\" content=\"Exaudi\" \/>\n<meta property=\"article:publisher\" content=\"https:\/\/www.facebook.com\/ExaudiNews\" \/>\n<meta property=\"article:published_time\" content=\"2025-10-05T05:30:06+00:00\" \/>\n<meta property=\"article:modified_time\" content=\"2025-10-05T12:09:24+00:00\" \/>\n<meta property=\"og:image\" content=\"https:\/\/exaudi.org\/wp-content\/uploads\/2025\/10\/cq5dam.thumbnail.cropped.1500.844-1024x576-1.png\" \/>\n\t<meta property=\"og:image:width\" content=\"1024\" \/>\n\t<meta property=\"og:image:height\" content=\"576\" \/>\n\t<meta property=\"og:image:type\" content=\"image\/png\" \/>\n<meta name=\"author\" content=\"Isabel Orellana\" \/>\n<meta name=\"twitter:card\" content=\"summary_large_image\" \/>\n<meta name=\"twitter:creator\" content=\"@Exaudi_News\" \/>\n<meta name=\"twitter:site\" content=\"@Exaudi_News\" \/>\n<meta name=\"twitter:label1\" content=\"Escrito por\" \/>\n\t<meta name=\"twitter:data1\" content=\"Isabel Orellana\" \/>\n\t<meta name=\"twitter:label2\" content=\"Tiempo de lectura\" \/>\n\t<meta name=\"twitter:data2\" content=\"6 minutos\" \/>\n<script type=\"application\/ld+json\" class=\"yoast-schema-graph\">{\"@context\":\"https:\\\/\\\/schema.org\",\"@graph\":[{\"@type\":\"Article\",\"@id\":\"https:\\\/\\\/exaudi.org\\\/es\\\/santa-faustina-kowalska-5-octubre\\\/#article\",\"isPartOf\":{\"@id\":\"https:\\\/\\\/exaudi.org\\\/es\\\/santa-faustina-kowalska-5-octubre\\\/\"},\"author\":{\"name\":\"Isabel Orellana\",\"@id\":\"https:\\\/\\\/exaudi.org\\\/#\\\/schema\\\/person\\\/64e18b96fd6118559a9217b5b3375fdc\"},\"headline\":\"Santa Faustina Kowalska, 5 de octubre\",\"datePublished\":\"2025-10-05T05:30:06+00:00\",\"dateModified\":\"2025-10-05T12:09:24+00:00\",\"mainEntityOfPage\":{\"@id\":\"https:\\\/\\\/exaudi.org\\\/es\\\/santa-faustina-kowalska-5-octubre\\\/\"},\"wordCount\":1170,\"image\":{\"@id\":\"https:\\\/\\\/exaudi.org\\\/es\\\/santa-faustina-kowalska-5-octubre\\\/#primaryimage\"},\"thumbnailUrl\":\"https:\\\/\\\/exaudi.org\\\/wp-content\\\/uploads\\\/2025\\\/10\\\/cq5dam.thumbnail.cropped.1500.844-1024x576-1.png\",\"keywords\":[\"Isabel Orellana Vilches\",\"Santa Faustina Kowalska\",\"Santoral\",\"Trending\"],\"articleSection\":[\"Iglesia y Mundo\",\"Santoral\"],\"inLanguage\":\"es\"},{\"@type\":\"WebPage\",\"@id\":\"https:\\\/\\\/exaudi.org\\\/es\\\/santa-faustina-kowalska-5-octubre\\\/\",\"url\":\"https:\\\/\\\/exaudi.org\\\/es\\\/santa-faustina-kowalska-5-octubre\\\/\",\"name\":\"Santa Faustina Kowalska, 5 de octubre - Exaudi Catholic News\",\"isPartOf\":{\"@id\":\"https:\\\/\\\/exaudi.org\\\/#website\"},\"primaryImageOfPage\":{\"@id\":\"https:\\\/\\\/exaudi.org\\\/es\\\/santa-faustina-kowalska-5-octubre\\\/#primaryimage\"},\"image\":{\"@id\":\"https:\\\/\\\/exaudi.org\\\/es\\\/santa-faustina-kowalska-5-octubre\\\/#primaryimage\"},\"thumbnailUrl\":\"https:\\\/\\\/exaudi.org\\\/wp-content\\\/uploads\\\/2025\\\/10\\\/cq5dam.thumbnail.cropped.1500.844-1024x576-1.png\",\"datePublished\":\"2025-10-05T05:30:06+00:00\",\"dateModified\":\"2025-10-05T12:09:24+00:00\",\"author\":{\"@id\":\"https:\\\/\\\/exaudi.org\\\/#\\\/schema\\\/person\\\/64e18b96fd6118559a9217b5b3375fdc\"},\"description\":\"Santoral del 5 de octubre, santa Faustina Kowalska, escrito por Isabel Orellana y editado por la Fundaci\u00f3n Fernando Rielo.\",\"breadcrumb\":{\"@id\":\"https:\\\/\\\/exaudi.org\\\/es\\\/santa-faustina-kowalska-5-octubre\\\/#breadcrumb\"},\"inLanguage\":\"es\",\"potentialAction\":[{\"@type\":\"ReadAction\",\"target\":[\"https:\\\/\\\/exaudi.org\\\/es\\\/santa-faustina-kowalska-5-octubre\\\/\"]}]},{\"@type\":\"ImageObject\",\"inLanguage\":\"es\",\"@id\":\"https:\\\/\\\/exaudi.org\\\/es\\\/santa-faustina-kowalska-5-octubre\\\/#primaryimage\",\"url\":\"https:\\\/\\\/exaudi.org\\\/wp-content\\\/uploads\\\/2025\\\/10\\\/cq5dam.thumbnail.cropped.1500.844-1024x576-1.png\",\"contentUrl\":\"https:\\\/\\\/exaudi.org\\\/wp-content\\\/uploads\\\/2025\\\/10\\\/cq5dam.thumbnail.cropped.1500.844-1024x576-1.png\",\"width\":1024,\"height\":576},{\"@type\":\"BreadcrumbList\",\"@id\":\"https:\\\/\\\/exaudi.org\\\/es\\\/santa-faustina-kowalska-5-octubre\\\/#breadcrumb\",\"itemListElement\":[{\"@type\":\"ListItem\",\"position\":1,\"name\":\"Portada\",\"item\":\"https:\\\/\\\/exaudi.org\\\/es\\\/\"},{\"@type\":\"ListItem\",\"position\":2,\"name\":\"Santa Faustina Kowalska, 5 de octubre\"}]},{\"@type\":\"WebSite\",\"@id\":\"https:\\\/\\\/exaudi.org\\\/#website\",\"url\":\"https:\\\/\\\/exaudi.org\\\/\",\"name\":\"Exaudi\",\"description\":\"News\",\"potentialAction\":[{\"@type\":\"SearchAction\",\"target\":{\"@type\":\"EntryPoint\",\"urlTemplate\":\"https:\\\/\\\/exaudi.org\\\/?s={search_term_string}\"},\"query-input\":{\"@type\":\"PropertyValueSpecification\",\"valueRequired\":true,\"valueName\":\"search_term_string\"}}],\"inLanguage\":\"es\"},{\"@type\":\"Person\",\"@id\":\"https:\\\/\\\/exaudi.org\\\/#\\\/schema\\\/person\\\/64e18b96fd6118559a9217b5b3375fdc\",\"name\":\"Isabel Orellana\",\"image\":{\"@type\":\"ImageObject\",\"inLanguage\":\"es\",\"@id\":\"https:\\\/\\\/secure.gravatar.com\\\/avatar\\\/51968380bbb6b22ae85c605634860366fd9a2a611c6341125115bca32cd6c171?s=96&d=mm&r=g\",\"url\":\"https:\\\/\\\/secure.gravatar.com\\\/avatar\\\/51968380bbb6b22ae85c605634860366fd9a2a611c6341125115bca32cd6c171?s=96&d=mm&r=g\",\"contentUrl\":\"https:\\\/\\\/secure.gravatar.com\\\/avatar\\\/51968380bbb6b22ae85c605634860366fd9a2a611c6341125115bca32cd6c171?s=96&d=mm&r=g\",\"caption\":\"Isabel Orellana\"},\"description\":\"Isabel Orellana Vilches Misionera idente. Doctora en Filosof\u00eda por la Universidad Aut\u00f3noma de Barcelona con la tesis Realismo y progreso cient\u00edfico en la epistemolog\u00eda popperiana. Ha cursado estudios de teolog\u00eda en la Universidad Pontificia de Salamanca. Con amplia actividad docente desde 1986, ha publicado libros como: Realismo y progreso cient\u00edfico en la epistemolog\u00eda popperiana, Universitat Aut\u00f2noma de Barcelona, 1993; El evangelio habla a los j\u00f3venes, Atenas, Madrid, 1997; Qu\u00e9 es... LA TOLERANCIA, Paulinas, Madrid, 1999; Pedagog\u00eda del dolor. Ensayo antropol\u00f3gico, Palabra, Madrid, 1999; En colaboraci\u00f3n con Enrique Rivera de Ventosa (\u2020) OFM. Cap. San Francisco de As\u00eds y Fernando Rielo: Convergencias. Respuestas desde la fe a los interrogantes del hombre de hoy, Universidad Pontificia, Salamanca, 2001; La \\\"mirada\\\" del cine. Recursos did\u00e1cticos del s\u00e9ptimo arte. Librer\u00eda Cervantes, Salamanca, 2001; Paradojas de la convivencia, San Pablo, Madrid, 2002; En la Universidad T\u00e9cnica Particular de Loja, Ecuador, ha publicado: La confianza. El arte de amar, 2002; Educar para la responsabilidad, 2003; Apuntes de \u00e9tica en Karl R. Popper, 2003; De soledades y comunicaci\u00f3n, 2005; Yo educo; t\u00fa respondes, 2008; Humanismo y fe en un crisol de culturas, 2008; Repensar lo cotidiano, 2008; Convivir: un constante desaf\u00edo, 2009; La l\u00f3gica del amor, 2010; El dolor del amor. Apuntes sobre la enfermedad y el dolor en relaci\u00f3n con la virtud heroica, el martirio y la vida santa. Seminario Diocesano de M\u00e1laga, 2006 y Universidad T\u00e9cnica Particular de Loja, Ecuador (2007). Cuenta con numerosas colaboraciones en obras colectivas, as\u00ed como relatos, cuentos, f\u00e1bula y novela juvenil, adem\u00e1s de art\u00edculos de tem\u00e1tica cient\u00edfica, pedag\u00f3gica y espiritual, que viene publicando en distintas revistas nacionales e internacionales. En 2012 culmin\u00f3 el santoral Llamados a ser santos y poco m\u00e1s tarde Epopeyas de amor prologado por mons. Fernando Sebasti\u00e1n. Es la bi\u00f3grafa oficial del fundador de su familia espiritual, autora de Fernando Rielo Pardal. Fundador de los Misioneros Identes, Descl\u00e9e de Brouwer, Bilbao, 2009. Culmina la biograf\u00eda completa. Encargada del santoral de ZENIT desde 2012 a 2020 y ahora en Exaudi\",\"url\":\"https:\\\/\\\/exaudi.org\\\/es\\\/author\\\/isabelorellana\\\/\"}]}<\/script>\n<!-- \/ Yoast SEO plugin. -->","yoast_head_json":{"title":"Santa Faustina Kowalska, 5 de octubre - Exaudi Catholic News","description":"Santoral del 5 de octubre, santa Faustina Kowalska, escrito por Isabel Orellana y editado por la Fundaci\u00f3n Fernando Rielo.","robots":{"index":"index","follow":"follow","max-snippet":"max-snippet:-1","max-image-preview":"max-image-preview:large","max-video-preview":"max-video-preview:-1"},"canonical":"https:\/\/exaudi.org\/es\/santa-faustina-kowalska-5-octubre\/","og_locale":"es_ES","og_type":"article","og_title":"Santa Faustina Kowalska, 5 de octubre - Exaudi Catholic News","og_description":"Santoral del 5 de octubre, santa Faustina Kowalska, escrito por Isabel Orellana y editado por la Fundaci\u00f3n Fernando Rielo.","og_url":"https:\/\/exaudi.org\/es\/santa-faustina-kowalska-5-octubre\/","og_site_name":"Exaudi","article_publisher":"https:\/\/www.facebook.com\/ExaudiNews","article_published_time":"2025-10-05T05:30:06+00:00","article_modified_time":"2025-10-05T12:09:24+00:00","og_image":[{"width":1024,"height":576,"url":"https:\/\/exaudi.org\/wp-content\/uploads\/2025\/10\/cq5dam.thumbnail.cropped.1500.844-1024x576-1.png","type":"image\/png"}],"author":"Isabel Orellana","twitter_card":"summary_large_image","twitter_creator":"@Exaudi_News","twitter_site":"@Exaudi_News","twitter_misc":{"Escrito por":"Isabel Orellana","Tiempo de lectura":"6 minutos"},"schema":{"@context":"https:\/\/schema.org","@graph":[{"@type":"Article","@id":"https:\/\/exaudi.org\/es\/santa-faustina-kowalska-5-octubre\/#article","isPartOf":{"@id":"https:\/\/exaudi.org\/es\/santa-faustina-kowalska-5-octubre\/"},"author":{"name":"Isabel Orellana","@id":"https:\/\/exaudi.org\/#\/schema\/person\/64e18b96fd6118559a9217b5b3375fdc"},"headline":"Santa Faustina Kowalska, 5 de octubre","datePublished":"2025-10-05T05:30:06+00:00","dateModified":"2025-10-05T12:09:24+00:00","mainEntityOfPage":{"@id":"https:\/\/exaudi.org\/es\/santa-faustina-kowalska-5-octubre\/"},"wordCount":1170,"image":{"@id":"https:\/\/exaudi.org\/es\/santa-faustina-kowalska-5-octubre\/#primaryimage"},"thumbnailUrl":"https:\/\/exaudi.org\/wp-content\/uploads\/2025\/10\/cq5dam.thumbnail.cropped.1500.844-1024x576-1.png","keywords":["Isabel Orellana Vilches","Santa Faustina Kowalska","Santoral","Trending"],"articleSection":["Iglesia y Mundo","Santoral"],"inLanguage":"es"},{"@type":"WebPage","@id":"https:\/\/exaudi.org\/es\/santa-faustina-kowalska-5-octubre\/","url":"https:\/\/exaudi.org\/es\/santa-faustina-kowalska-5-octubre\/","name":"Santa Faustina Kowalska, 5 de octubre - Exaudi Catholic News","isPartOf":{"@id":"https:\/\/exaudi.org\/#website"},"primaryImageOfPage":{"@id":"https:\/\/exaudi.org\/es\/santa-faustina-kowalska-5-octubre\/#primaryimage"},"image":{"@id":"https:\/\/exaudi.org\/es\/santa-faustina-kowalska-5-octubre\/#primaryimage"},"thumbnailUrl":"https:\/\/exaudi.org\/wp-content\/uploads\/2025\/10\/cq5dam.thumbnail.cropped.1500.844-1024x576-1.png","datePublished":"2025-10-05T05:30:06+00:00","dateModified":"2025-10-05T12:09:24+00:00","author":{"@id":"https:\/\/exaudi.org\/#\/schema\/person\/64e18b96fd6118559a9217b5b3375fdc"},"description":"Santoral del 5 de octubre, santa Faustina Kowalska, escrito por Isabel Orellana y editado por la Fundaci\u00f3n Fernando Rielo.","breadcrumb":{"@id":"https:\/\/exaudi.org\/es\/santa-faustina-kowalska-5-octubre\/#breadcrumb"},"inLanguage":"es","potentialAction":[{"@type":"ReadAction","target":["https:\/\/exaudi.org\/es\/santa-faustina-kowalska-5-octubre\/"]}]},{"@type":"ImageObject","inLanguage":"es","@id":"https:\/\/exaudi.org\/es\/santa-faustina-kowalska-5-octubre\/#primaryimage","url":"https:\/\/exaudi.org\/wp-content\/uploads\/2025\/10\/cq5dam.thumbnail.cropped.1500.844-1024x576-1.png","contentUrl":"https:\/\/exaudi.org\/wp-content\/uploads\/2025\/10\/cq5dam.thumbnail.cropped.1500.844-1024x576-1.png","width":1024,"height":576},{"@type":"BreadcrumbList","@id":"https:\/\/exaudi.org\/es\/santa-faustina-kowalska-5-octubre\/#breadcrumb","itemListElement":[{"@type":"ListItem","position":1,"name":"Portada","item":"https:\/\/exaudi.org\/es\/"},{"@type":"ListItem","position":2,"name":"Santa Faustina Kowalska, 5 de octubre"}]},{"@type":"WebSite","@id":"https:\/\/exaudi.org\/#website","url":"https:\/\/exaudi.org\/","name":"Exaudi","description":"News","potentialAction":[{"@type":"SearchAction","target":{"@type":"EntryPoint","urlTemplate":"https:\/\/exaudi.org\/?s={search_term_string}"},"query-input":{"@type":"PropertyValueSpecification","valueRequired":true,"valueName":"search_term_string"}}],"inLanguage":"es"},{"@type":"Person","@id":"https:\/\/exaudi.org\/#\/schema\/person\/64e18b96fd6118559a9217b5b3375fdc","name":"Isabel Orellana","image":{"@type":"ImageObject","inLanguage":"es","@id":"https:\/\/secure.gravatar.com\/avatar\/51968380bbb6b22ae85c605634860366fd9a2a611c6341125115bca32cd6c171?s=96&d=mm&r=g","url":"https:\/\/secure.gravatar.com\/avatar\/51968380bbb6b22ae85c605634860366fd9a2a611c6341125115bca32cd6c171?s=96&d=mm&r=g","contentUrl":"https:\/\/secure.gravatar.com\/avatar\/51968380bbb6b22ae85c605634860366fd9a2a611c6341125115bca32cd6c171?s=96&d=mm&r=g","caption":"Isabel Orellana"},"description":"Isabel Orellana Vilches Misionera idente. Doctora en Filosof\u00eda por la Universidad Aut\u00f3noma de Barcelona con la tesis Realismo y progreso cient\u00edfico en la epistemolog\u00eda popperiana. Ha cursado estudios de teolog\u00eda en la Universidad Pontificia de Salamanca. Con amplia actividad docente desde 1986, ha publicado libros como: Realismo y progreso cient\u00edfico en la epistemolog\u00eda popperiana, Universitat Aut\u00f2noma de Barcelona, 1993; El evangelio habla a los j\u00f3venes, Atenas, Madrid, 1997; Qu\u00e9 es... LA TOLERANCIA, Paulinas, Madrid, 1999; Pedagog\u00eda del dolor. Ensayo antropol\u00f3gico, Palabra, Madrid, 1999; En colaboraci\u00f3n con Enrique Rivera de Ventosa (\u2020) OFM. Cap. San Francisco de As\u00eds y Fernando Rielo: Convergencias. Respuestas desde la fe a los interrogantes del hombre de hoy, Universidad Pontificia, Salamanca, 2001; La \"mirada\" del cine. Recursos did\u00e1cticos del s\u00e9ptimo arte. Librer\u00eda Cervantes, Salamanca, 2001; Paradojas de la convivencia, San Pablo, Madrid, 2002; En la Universidad T\u00e9cnica Particular de Loja, Ecuador, ha publicado: La confianza. El arte de amar, 2002; Educar para la responsabilidad, 2003; Apuntes de \u00e9tica en Karl R. Popper, 2003; De soledades y comunicaci\u00f3n, 2005; Yo educo; t\u00fa respondes, 2008; Humanismo y fe en un crisol de culturas, 2008; Repensar lo cotidiano, 2008; Convivir: un constante desaf\u00edo, 2009; La l\u00f3gica del amor, 2010; El dolor del amor. Apuntes sobre la enfermedad y el dolor en relaci\u00f3n con la virtud heroica, el martirio y la vida santa. Seminario Diocesano de M\u00e1laga, 2006 y Universidad T\u00e9cnica Particular de Loja, Ecuador (2007). Cuenta con numerosas colaboraciones en obras colectivas, as\u00ed como relatos, cuentos, f\u00e1bula y novela juvenil, adem\u00e1s de art\u00edculos de tem\u00e1tica cient\u00edfica, pedag\u00f3gica y espiritual, que viene publicando en distintas revistas nacionales e internacionales. En 2012 culmin\u00f3 el santoral Llamados a ser santos y poco m\u00e1s tarde Epopeyas de amor prologado por mons. Fernando Sebasti\u00e1n. Es la bi\u00f3grafa oficial del fundador de su familia espiritual, autora de Fernando Rielo Pardal. Fundador de los Misioneros Identes, Descl\u00e9e de Brouwer, Bilbao, 2009. Culmina la biograf\u00eda completa. Encargada del santoral de ZENIT desde 2012 a 2020 y ahora en Exaudi","url":"https:\/\/exaudi.org\/es\/author\/isabelorellana\/"}]}},"jetpack_featured_media_url":"https:\/\/exaudi.org\/wp-content\/uploads\/2025\/10\/cq5dam.thumbnail.cropped.1500.844-1024x576-1.png","jetpack_shortlink":"https:\/\/wp.me\/pgKjF2-9ec","_links":{"self":[{"href":"https:\/\/exaudi.org\/es\/wp-json\/wp\/v2\/posts\/35476","targetHints":{"allow":["GET"]}}],"collection":[{"href":"https:\/\/exaudi.org\/es\/wp-json\/wp\/v2\/posts"}],"about":[{"href":"https:\/\/exaudi.org\/es\/wp-json\/wp\/v2\/types\/post"}],"author":[{"embeddable":true,"href":"https:\/\/exaudi.org\/es\/wp-json\/wp\/v2\/users\/23"}],"replies":[{"embeddable":true,"href":"https:\/\/exaudi.org\/es\/wp-json\/wp\/v2\/comments?post=35476"}],"version-history":[{"count":4,"href":"https:\/\/exaudi.org\/es\/wp-json\/wp\/v2\/posts\/35476\/revisions"}],"predecessor-version":[{"id":138926,"href":"https:\/\/exaudi.org\/es\/wp-json\/wp\/v2\/posts\/35476\/revisions\/138926"}],"wp:featuredmedia":[{"embeddable":true,"href":"https:\/\/exaudi.org\/es\/wp-json\/wp\/v2\/media\/136003"}],"wp:attachment":[{"href":"https:\/\/exaudi.org\/es\/wp-json\/wp\/v2\/media?parent=35476"}],"wp:term":[{"taxonomy":"category","embeddable":true,"href":"https:\/\/exaudi.org\/es\/wp-json\/wp\/v2\/categories?post=35476"},{"taxonomy":"post_tag","embeddable":true,"href":"https:\/\/exaudi.org\/es\/wp-json\/wp\/v2\/tags?post=35476"}],"curies":[{"name":"wp","href":"https:\/\/api.w.org\/{rel}","templated":true}]}}