{"id":35468,"date":"2021-10-04T14:01:30","date_gmt":"2021-10-04T12:01:30","guid":{"rendered":"https:\/\/exaudi.wpengine.com\/?p=35468"},"modified":"2021-10-04T14:01:30","modified_gmt":"2021-10-04T12:01:30","slug":"colombia-papa-obispo-cucuta","status":"publish","type":"post","link":"https:\/\/exaudi.org\/es\/colombia-papa-obispo-cucuta\/","title":{"rendered":"Colombia: El Papa nombra al obispo de C\u00facuta"},"content":{"rendered":"<p>El\u00a0<a href=\"https:\/\/exaudi.wpengine.com\/es\/pesame-papa-muerte-cardenal-medina-estevez\/\" target=\"_blank\" rel=\"noopener\">Papa Francisco<\/a> ha nombrado obispo de C\u00facuta, Colombia, a monse\u00f1or Jos\u00e9 Libardo Garc\u00e9s Monsalve, traslad\u00e1ndolo desde la di\u00f3cesis de M\u00e1laga-Soat\u00e1. De esta manera ha informado hoy, lunes 4 de octubre de 2021, la <a href=\"https:\/\/www.vatican.va\/news_services\/press\/index_sp.htm\" target=\"_blank\" rel=\"noopener\">Oficina de Prensa de la Santa Sede<\/a>.<\/p>\n<h4><strong>Monse\u00f1or Garc\u00e9s Monsalve<\/strong><\/h4>\n<p>Naci\u00f3 el 26 de septiembre de 1967 en Aguadas, archidi\u00f3cesis metropolitana de Manizales. Estudi\u00f3 Filosof\u00eda y Teolog\u00eda en el Seminario Mayor de la misma archidi\u00f3cesis. Se licenci\u00f3 en Filosof\u00eda y Ciencias Religiosas en la\u00a0Universidad Santo Tom\u00e1s de Colombia\u00a0y en Psicolog\u00eda en la\u00a0Pontificia Universidad Gregoriana\u00a0de Roma.<\/p>\n<p>Fue ordenado sacerdote el 27 de noviembre de 1993 para la archidi\u00f3cesis metropolitana de Manizales. Ha ocupado los siguientes cargos: Vicario parroquial de San Jos\u00e9 de P\u00e1cora<i>,<\/i>\u00a0ec\u00f3nomo y formador en el Seminario Mayor\u00a0Nuestra Se\u00f1ora del Rosario de Manizales, p\u00e1rroco de\u00a0Nuestra Se\u00f1ora de los Dolores, de la Parroquia Universitaria, de la Catedral y canciller de la archidi\u00f3cesis.<\/p>\n<p>El 29 de junio de 2016 fue nombrado obispo de M\u00e1laga-Soat\u00e1 y consagrado el 1 de septiembre siguiente. El 20 de enero de 2021 fue nombrado administrador apost\u00f3lico de C\u00facuta.<\/p>\n","protected":false},"excerpt":{"rendered":"<p>Monse\u00f1or Jos\u00e9 Libardo Garc\u00e9s Monsalve<\/p>\n","protected":false},"author":15,"featured_media":35469,"comment_status":"closed","ping_status":"closed","sticky":false,"template":"","format":"standard","meta":{"_acf_changed":false,"_crdt_document":"","inline_featured_image":false,"footnotes":""},"categories":[86,298],"tags":[1060,4398,4397,292,158],"class_list":["post-35468","post","type-post","status-publish","format-standard","has-post-thumbnail","hentry","category-iglesia-local","category-ultimas-noticias","tag-chile","tag-diocesis-de-cucuta","tag-monsenor-jose-libardo-garces-monsalve","tag-nombramiento","tag-papa-francisco"],"acf":[],"yoast_head":"<!-- This site is optimized with the Yoast SEO plugin v27.5 - https:\/\/yoast.com\/product\/yoast-seo-wordpress\/ -->\n<title>Colombia: El Papa nombra al obispo de C\u00facuta &#8211; Exaudi<\/title>\n<meta name=\"description\" content=\"El\u00a0Papa ha nombrado obispo de C\u00facuta, Colombia, a monse\u00f1or Jos\u00e9 Libardo Garc\u00e9s Monsalve, traslad\u00e1ndolo desde la di\u00f3cesis de M\u00e1laga-Soat\u00e1.\" \/>\n<meta name=\"robots\" content=\"index, follow, max-snippet:-1, max-image-preview:large, max-video-preview:-1\" \/>\n<link rel=\"canonical\" href=\"https:\/\/exaudi.org\/es\/colombia-papa-obispo-cucuta\/\" \/>\n<meta property=\"og:locale\" content=\"es_ES\" \/>\n<meta property=\"og:type\" content=\"article\" \/>\n<meta property=\"og:title\" content=\"Colombia: El Papa nombra al obispo de C\u00facuta &#8211; Exaudi\" \/>\n<meta property=\"og:description\" content=\"El\u00a0Papa ha nombrado obispo de C\u00facuta, Colombia, a monse\u00f1or Jos\u00e9 Libardo Garc\u00e9s Monsalve, traslad\u00e1ndolo desde la di\u00f3cesis de M\u00e1laga-Soat\u00e1.\" \/>\n<meta property=\"og:url\" content=\"https:\/\/exaudi.org\/es\/colombia-papa-obispo-cucuta\/\" \/>\n<meta property=\"og:site_name\" content=\"Exaudi\" \/>\n<meta property=\"article:publisher\" content=\"https:\/\/www.facebook.com\/ExaudiNews\" \/>\n<meta property=\"article:author\" content=\"https:\/\/www.facebook.com\/ExaudiNoticias\/\" \/>\n<meta property=\"article:published_time\" content=\"2021-10-04T12:01:30+00:00\" \/>\n<meta property=\"og:image\" content=\"https:\/\/exaudi.org\/wp-content\/uploads\/2021\/10\/65234c4652344c.jpg\" \/>\n\t<meta property=\"og:image:width\" content=\"1165\" \/>\n\t<meta property=\"og:image:height\" content=\"679\" \/>\n\t<meta property=\"og:image:type\" content=\"image\/jpeg\" \/>\n<meta name=\"author\" content=\"Exaudi Redacci\u00f3n\" \/>\n<meta name=\"twitter:card\" content=\"summary_large_image\" \/>\n<meta name=\"twitter:creator\" content=\"@Exaudi_noticias\" \/>\n<meta name=\"twitter:site\" content=\"@Exaudi_News\" \/>\n<meta name=\"twitter:label1\" content=\"Escrito por\" \/>\n\t<meta name=\"twitter:data1\" content=\"Exaudi Redacci\u00f3n\" \/>\n\t<meta name=\"twitter:label2\" content=\"Tiempo de lectura\" \/>\n\t<meta name=\"twitter:data2\" content=\"1 minuto\" \/>\n<script type=\"application\/ld+json\" class=\"yoast-schema-graph\">{\"@context\":\"https:\\\/\\\/schema.org\",\"@graph\":[{\"@type\":\"Article\",\"@id\":\"https:\\\/\\\/exaudi.org\\\/es\\\/colombia-papa-obispo-cucuta\\\/#article\",\"isPartOf\":{\"@id\":\"https:\\\/\\\/exaudi.org\\\/es\\\/colombia-papa-obispo-cucuta\\\/\"},\"author\":{\"name\":\"Exaudi Redacci\u00f3n\",\"@id\":\"https:\\\/\\\/exaudi.org\\\/#\\\/schema\\\/person\\\/f5fc8f063065e38742da7afe15f25df7\"},\"headline\":\"Colombia: El Papa nombra al obispo de C\u00facuta\",\"datePublished\":\"2021-10-04T12:01:30+00:00\",\"mainEntityOfPage\":{\"@id\":\"https:\\\/\\\/exaudi.org\\\/es\\\/colombia-papa-obispo-cucuta\\\/\"},\"wordCount\":205,\"image\":{\"@id\":\"https:\\\/\\\/exaudi.org\\\/es\\\/colombia-papa-obispo-cucuta\\\/#primaryimage\"},\"thumbnailUrl\":\"https:\\\/\\\/exaudi.org\\\/wp-content\\\/uploads\\\/2021\\\/10\\\/65234c4652344c.jpg\",\"keywords\":[\"Chile\",\"Di\u00f3cesis de C\u00facuta\",\"Monse\u00f1or Jos\u00e9 Libardo Garc\u00e9s Monsalve\",\"Nombramiento\",\"papa francisco\"],\"articleSection\":[\"Iglesia Local\",\"\u00daltimas noticias\"],\"inLanguage\":\"es\"},{\"@type\":\"WebPage\",\"@id\":\"https:\\\/\\\/exaudi.org\\\/es\\\/colombia-papa-obispo-cucuta\\\/\",\"url\":\"https:\\\/\\\/exaudi.org\\\/es\\\/colombia-papa-obispo-cucuta\\\/\",\"name\":\"Colombia: El Papa nombra al obispo de C\u00facuta &#8211; Exaudi\",\"isPartOf\":{\"@id\":\"https:\\\/\\\/exaudi.org\\\/#website\"},\"primaryImageOfPage\":{\"@id\":\"https:\\\/\\\/exaudi.org\\\/es\\\/colombia-papa-obispo-cucuta\\\/#primaryimage\"},\"image\":{\"@id\":\"https:\\\/\\\/exaudi.org\\\/es\\\/colombia-papa-obispo-cucuta\\\/#primaryimage\"},\"thumbnailUrl\":\"https:\\\/\\\/exaudi.org\\\/wp-content\\\/uploads\\\/2021\\\/10\\\/65234c4652344c.jpg\",\"datePublished\":\"2021-10-04T12:01:30+00:00\",\"author\":{\"@id\":\"https:\\\/\\\/exaudi.org\\\/#\\\/schema\\\/person\\\/f5fc8f063065e38742da7afe15f25df7\"},\"description\":\"El\u00a0Papa ha nombrado obispo de C\u00facuta, Colombia, a monse\u00f1or Jos\u00e9 Libardo Garc\u00e9s Monsalve, traslad\u00e1ndolo desde la di\u00f3cesis de M\u00e1laga-Soat\u00e1.\",\"breadcrumb\":{\"@id\":\"https:\\\/\\\/exaudi.org\\\/es\\\/colombia-papa-obispo-cucuta\\\/#breadcrumb\"},\"inLanguage\":\"es\",\"potentialAction\":[{\"@type\":\"ReadAction\",\"target\":[\"https:\\\/\\\/exaudi.org\\\/es\\\/colombia-papa-obispo-cucuta\\\/\"]}]},{\"@type\":\"ImageObject\",\"inLanguage\":\"es\",\"@id\":\"https:\\\/\\\/exaudi.org\\\/es\\\/colombia-papa-obispo-cucuta\\\/#primaryimage\",\"url\":\"https:\\\/\\\/exaudi.org\\\/wp-content\\\/uploads\\\/2021\\\/10\\\/65234c4652344c.jpg\",\"contentUrl\":\"https:\\\/\\\/exaudi.org\\\/wp-content\\\/uploads\\\/2021\\\/10\\\/65234c4652344c.jpg\",\"width\":1165,\"height\":679,\"caption\":\"Monse\u00f1or Garc\u00e9s Monsalve \u00a9 CEC\"},{\"@type\":\"BreadcrumbList\",\"@id\":\"https:\\\/\\\/exaudi.org\\\/es\\\/colombia-papa-obispo-cucuta\\\/#breadcrumb\",\"itemListElement\":[{\"@type\":\"ListItem\",\"position\":1,\"name\":\"Portada\",\"item\":\"https:\\\/\\\/exaudi.org\\\/es\\\/\"},{\"@type\":\"ListItem\",\"position\":2,\"name\":\"Colombia: El Papa nombra al obispo de C\u00facuta\"}]},{\"@type\":\"WebSite\",\"@id\":\"https:\\\/\\\/exaudi.org\\\/#website\",\"url\":\"https:\\\/\\\/exaudi.org\\\/\",\"name\":\"Exaudi\",\"description\":\"News\",\"potentialAction\":[{\"@type\":\"SearchAction\",\"target\":{\"@type\":\"EntryPoint\",\"urlTemplate\":\"https:\\\/\\\/exaudi.org\\\/?s={search_term_string}\"},\"query-input\":{\"@type\":\"PropertyValueSpecification\",\"valueRequired\":true,\"valueName\":\"search_term_string\"}}],\"inLanguage\":\"es\"},{\"@type\":\"Person\",\"@id\":\"https:\\\/\\\/exaudi.org\\\/#\\\/schema\\\/person\\\/f5fc8f063065e38742da7afe15f25df7\",\"name\":\"Exaudi Redacci\u00f3n\",\"image\":{\"@type\":\"ImageObject\",\"inLanguage\":\"es\",\"@id\":\"https:\\\/\\\/secure.gravatar.com\\\/avatar\\\/fe0f6a059fb68d9b3e11bc5850dd4899b1c7492091a3cb6dd9b01b56ad828be2?s=96&d=mm&r=g\",\"url\":\"https:\\\/\\\/secure.gravatar.com\\\/avatar\\\/fe0f6a059fb68d9b3e11bc5850dd4899b1c7492091a3cb6dd9b01b56ad828be2?s=96&d=mm&r=g\",\"contentUrl\":\"https:\\\/\\\/secure.gravatar.com\\\/avatar\\\/fe0f6a059fb68d9b3e11bc5850dd4899b1c7492091a3cb6dd9b01b56ad828be2?s=96&d=mm&r=g\",\"caption\":\"Exaudi Redacci\u00f3n\"},\"description\":\"\u00bfQu\u00e9 es Exaudi News? Exaudi News es un medio de comunicaci\u00f3n cat\u00f3lico internacional que informa, forma y transforma, diariamente en espa\u00f1ol, ingl\u00e9s e italiano. A trav\u00e9s de noticias, art\u00edculos de an\u00e1lisis y transmisiones en directo de los eventos del Papa, Exaudi busca fortalecer la unidad de los cristianos y contribuir a la evangelizaci\u00f3n del mundo, siempre guiados por la doctrina social de la Iglesia. Trabajamos para acercar la verdad y los valores cristianos a cada rinc\u00f3n del planeta. \u00a1Ay\u00fadanos a transformar el mundo con Exaudi! En Exaudi creemos que la evangelizaci\u00f3n y la informaci\u00f3n de calidad pueden cambiar vidas. Para continuar con nuestra misi\u00f3n y expandir nuestro alcance, necesitamos tu ayuda. Adem\u00e1s, buscamos personas comprometidas que deseen unirse a nuestro equipo. Con tu apoyo, lograremos llegar a m\u00e1s personas, difundir el mensaje de Cristo y reforzar la unidad de los cristianos. \u00bfTe unes a nuestra misi\u00f3n? Para m\u00e1s informaci\u00f3n sobre c\u00f3mo colaborar, visita Exaudi.org\\\/es o cont\u00e1ctanos directamente: info@exaudi.org Exaudi: Informa, forma y transforma.\",\"sameAs\":[\"https:\\\/\\\/www.facebook.com\\\/ExaudiNoticias\\\/\",\"https:\\\/\\\/www.instagram.com\\\/exaudi_noticias\\\/\",\"https:\\\/\\\/x.com\\\/Exaudi_noticias\",\"https:\\\/\\\/www.youtube.com\\\/@exaudicatholicnews\"],\"url\":\"https:\\\/\\\/exaudi.org\\\/es\\\/author\\\/redaccionexaudi\\\/\"}]}<\/script>\n<!-- \/ Yoast SEO plugin. -->","yoast_head_json":{"title":"Colombia: El Papa nombra al obispo de C\u00facuta &#8211; Exaudi","description":"El\u00a0Papa ha nombrado obispo de C\u00facuta, Colombia, a monse\u00f1or Jos\u00e9 Libardo Garc\u00e9s Monsalve, traslad\u00e1ndolo desde la di\u00f3cesis de M\u00e1laga-Soat\u00e1.","robots":{"index":"index","follow":"follow","max-snippet":"max-snippet:-1","max-image-preview":"max-image-preview:large","max-video-preview":"max-video-preview:-1"},"canonical":"https:\/\/exaudi.org\/es\/colombia-papa-obispo-cucuta\/","og_locale":"es_ES","og_type":"article","og_title":"Colombia: El Papa nombra al obispo de C\u00facuta &#8211; Exaudi","og_description":"El\u00a0Papa ha nombrado obispo de C\u00facuta, Colombia, a monse\u00f1or Jos\u00e9 Libardo Garc\u00e9s Monsalve, traslad\u00e1ndolo desde la di\u00f3cesis de M\u00e1laga-Soat\u00e1.","og_url":"https:\/\/exaudi.org\/es\/colombia-papa-obispo-cucuta\/","og_site_name":"Exaudi","article_publisher":"https:\/\/www.facebook.com\/ExaudiNews","article_author":"https:\/\/www.facebook.com\/ExaudiNoticias\/","article_published_time":"2021-10-04T12:01:30+00:00","og_image":[{"width":1165,"height":679,"url":"https:\/\/exaudi.org\/wp-content\/uploads\/2021\/10\/65234c4652344c.jpg","type":"image\/jpeg"}],"author":"Exaudi Redacci\u00f3n","twitter_card":"summary_large_image","twitter_creator":"@Exaudi_noticias","twitter_site":"@Exaudi_News","twitter_misc":{"Escrito por":"Exaudi Redacci\u00f3n","Tiempo de lectura":"1 minuto"},"schema":{"@context":"https:\/\/schema.org","@graph":[{"@type":"Article","@id":"https:\/\/exaudi.org\/es\/colombia-papa-obispo-cucuta\/#article","isPartOf":{"@id":"https:\/\/exaudi.org\/es\/colombia-papa-obispo-cucuta\/"},"author":{"name":"Exaudi Redacci\u00f3n","@id":"https:\/\/exaudi.org\/#\/schema\/person\/f5fc8f063065e38742da7afe15f25df7"},"headline":"Colombia: El Papa nombra al obispo de C\u00facuta","datePublished":"2021-10-04T12:01:30+00:00","mainEntityOfPage":{"@id":"https:\/\/exaudi.org\/es\/colombia-papa-obispo-cucuta\/"},"wordCount":205,"image":{"@id":"https:\/\/exaudi.org\/es\/colombia-papa-obispo-cucuta\/#primaryimage"},"thumbnailUrl":"https:\/\/exaudi.org\/wp-content\/uploads\/2021\/10\/65234c4652344c.jpg","keywords":["Chile","Di\u00f3cesis de C\u00facuta","Monse\u00f1or Jos\u00e9 Libardo Garc\u00e9s Monsalve","Nombramiento","papa francisco"],"articleSection":["Iglesia Local","\u00daltimas noticias"],"inLanguage":"es"},{"@type":"WebPage","@id":"https:\/\/exaudi.org\/es\/colombia-papa-obispo-cucuta\/","url":"https:\/\/exaudi.org\/es\/colombia-papa-obispo-cucuta\/","name":"Colombia: El Papa nombra al obispo de C\u00facuta &#8211; Exaudi","isPartOf":{"@id":"https:\/\/exaudi.org\/#website"},"primaryImageOfPage":{"@id":"https:\/\/exaudi.org\/es\/colombia-papa-obispo-cucuta\/#primaryimage"},"image":{"@id":"https:\/\/exaudi.org\/es\/colombia-papa-obispo-cucuta\/#primaryimage"},"thumbnailUrl":"https:\/\/exaudi.org\/wp-content\/uploads\/2021\/10\/65234c4652344c.jpg","datePublished":"2021-10-04T12:01:30+00:00","author":{"@id":"https:\/\/exaudi.org\/#\/schema\/person\/f5fc8f063065e38742da7afe15f25df7"},"description":"El\u00a0Papa ha nombrado obispo de C\u00facuta, Colombia, a monse\u00f1or Jos\u00e9 Libardo Garc\u00e9s Monsalve, traslad\u00e1ndolo desde la di\u00f3cesis de M\u00e1laga-Soat\u00e1.","breadcrumb":{"@id":"https:\/\/exaudi.org\/es\/colombia-papa-obispo-cucuta\/#breadcrumb"},"inLanguage":"es","potentialAction":[{"@type":"ReadAction","target":["https:\/\/exaudi.org\/es\/colombia-papa-obispo-cucuta\/"]}]},{"@type":"ImageObject","inLanguage":"es","@id":"https:\/\/exaudi.org\/es\/colombia-papa-obispo-cucuta\/#primaryimage","url":"https:\/\/exaudi.org\/wp-content\/uploads\/2021\/10\/65234c4652344c.jpg","contentUrl":"https:\/\/exaudi.org\/wp-content\/uploads\/2021\/10\/65234c4652344c.jpg","width":1165,"height":679,"caption":"Monse\u00f1or Garc\u00e9s Monsalve \u00a9 CEC"},{"@type":"BreadcrumbList","@id":"https:\/\/exaudi.org\/es\/colombia-papa-obispo-cucuta\/#breadcrumb","itemListElement":[{"@type":"ListItem","position":1,"name":"Portada","item":"https:\/\/exaudi.org\/es\/"},{"@type":"ListItem","position":2,"name":"Colombia: El Papa nombra al obispo de C\u00facuta"}]},{"@type":"WebSite","@id":"https:\/\/exaudi.org\/#website","url":"https:\/\/exaudi.org\/","name":"Exaudi","description":"News","potentialAction":[{"@type":"SearchAction","target":{"@type":"EntryPoint","urlTemplate":"https:\/\/exaudi.org\/?s={search_term_string}"},"query-input":{"@type":"PropertyValueSpecification","valueRequired":true,"valueName":"search_term_string"}}],"inLanguage":"es"},{"@type":"Person","@id":"https:\/\/exaudi.org\/#\/schema\/person\/f5fc8f063065e38742da7afe15f25df7","name":"Exaudi Redacci\u00f3n","image":{"@type":"ImageObject","inLanguage":"es","@id":"https:\/\/secure.gravatar.com\/avatar\/fe0f6a059fb68d9b3e11bc5850dd4899b1c7492091a3cb6dd9b01b56ad828be2?s=96&d=mm&r=g","url":"https:\/\/secure.gravatar.com\/avatar\/fe0f6a059fb68d9b3e11bc5850dd4899b1c7492091a3cb6dd9b01b56ad828be2?s=96&d=mm&r=g","contentUrl":"https:\/\/secure.gravatar.com\/avatar\/fe0f6a059fb68d9b3e11bc5850dd4899b1c7492091a3cb6dd9b01b56ad828be2?s=96&d=mm&r=g","caption":"Exaudi Redacci\u00f3n"},"description":"\u00bfQu\u00e9 es Exaudi News? Exaudi News es un medio de comunicaci\u00f3n cat\u00f3lico internacional que informa, forma y transforma, diariamente en espa\u00f1ol, ingl\u00e9s e italiano. A trav\u00e9s de noticias, art\u00edculos de an\u00e1lisis y transmisiones en directo de los eventos del Papa, Exaudi busca fortalecer la unidad de los cristianos y contribuir a la evangelizaci\u00f3n del mundo, siempre guiados por la doctrina social de la Iglesia. Trabajamos para acercar la verdad y los valores cristianos a cada rinc\u00f3n del planeta. \u00a1Ay\u00fadanos a transformar el mundo con Exaudi! En Exaudi creemos que la evangelizaci\u00f3n y la informaci\u00f3n de calidad pueden cambiar vidas. Para continuar con nuestra misi\u00f3n y expandir nuestro alcance, necesitamos tu ayuda. Adem\u00e1s, buscamos personas comprometidas que deseen unirse a nuestro equipo. Con tu apoyo, lograremos llegar a m\u00e1s personas, difundir el mensaje de Cristo y reforzar la unidad de los cristianos. \u00bfTe unes a nuestra misi\u00f3n? Para m\u00e1s informaci\u00f3n sobre c\u00f3mo colaborar, visita Exaudi.org\/es o cont\u00e1ctanos directamente: info@exaudi.org Exaudi: Informa, forma y transforma.","sameAs":["https:\/\/www.facebook.com\/ExaudiNoticias\/","https:\/\/www.instagram.com\/exaudi_noticias\/","https:\/\/x.com\/Exaudi_noticias","https:\/\/www.youtube.com\/@exaudicatholicnews"],"url":"https:\/\/exaudi.org\/es\/author\/redaccionexaudi\/"}]}},"jetpack_featured_media_url":"https:\/\/exaudi.org\/wp-content\/uploads\/2021\/10\/65234c4652344c.jpg","jetpack_shortlink":"https:\/\/wp.me\/pgKjF2-9e4","_links":{"self":[{"href":"https:\/\/exaudi.org\/es\/wp-json\/wp\/v2\/posts\/35468","targetHints":{"allow":["GET"]}}],"collection":[{"href":"https:\/\/exaudi.org\/es\/wp-json\/wp\/v2\/posts"}],"about":[{"href":"https:\/\/exaudi.org\/es\/wp-json\/wp\/v2\/types\/post"}],"author":[{"embeddable":true,"href":"https:\/\/exaudi.org\/es\/wp-json\/wp\/v2\/users\/15"}],"replies":[{"embeddable":true,"href":"https:\/\/exaudi.org\/es\/wp-json\/wp\/v2\/comments?post=35468"}],"version-history":[{"count":0,"href":"https:\/\/exaudi.org\/es\/wp-json\/wp\/v2\/posts\/35468\/revisions"}],"wp:featuredmedia":[{"embeddable":true,"href":"https:\/\/exaudi.org\/es\/wp-json\/wp\/v2\/media\/35469"}],"wp:attachment":[{"href":"https:\/\/exaudi.org\/es\/wp-json\/wp\/v2\/media?parent=35468"}],"wp:term":[{"taxonomy":"category","embeddable":true,"href":"https:\/\/exaudi.org\/es\/wp-json\/wp\/v2\/categories?post=35468"},{"taxonomy":"post_tag","embeddable":true,"href":"https:\/\/exaudi.org\/es\/wp-json\/wp\/v2\/tags?post=35468"}],"curies":[{"name":"wp","href":"https:\/\/api.w.org\/{rel}","templated":true}]}}