{"id":35434,"date":"2021-10-04T12:31:44","date_gmt":"2021-10-04T10:31:44","guid":{"rendered":"https:\/\/exaudi.wpengine.com\/?p=35434"},"modified":"2021-10-04T12:34:22","modified_gmt":"2021-10-04T10:34:22","slug":"ayuda-papa-inundaciones-sudan-incendios-grecia","status":"publish","type":"post","link":"https:\/\/exaudi.org\/es\/ayuda-papa-inundaciones-sudan-incendios-grecia\/","title":{"rendered":"Ayuda econ\u00f3mica del Papa por inundaciones en Sud\u00e1n del Sur e incendios en Grecia"},"content":{"rendered":"<p>\u201cTras las intensas lluvias y las devastadoras inundaciones que azotaron Sud\u00e1n del Sur el pasado mes de agosto, provocando m\u00e1s de 12.000 desplazados, con unas 6.000 viviendas da\u00f1adas o destruidas y cuantiosos da\u00f1os materiales, el <a href=\"https:\/\/exaudi.wpengine.com\/es\/papa-cop26-compartir-motor-amor-vocacion-respeto\/\" target=\"_blank\" rel=\"noopener\">Papa Francisco<\/a>, a trav\u00e9s del <a href=\"https:\/\/www.humandevelopment.va\/es.html\" target=\"_blank\" rel=\"noopener\">Dicasterio para el Servicio del Desarrollo Humano Integral<\/a>, ha decidido enviar 75.000 d\u00f3lares como contribuci\u00f3n a las actividades y programas de emergencia para apoyar a la poblaci\u00f3n de la di\u00f3cesis de Malakal, duramente afectada\u201d.<\/p>\n<p>De esta manera ha informado hoy, lunes 4 de octubre de 2021, el mismo Dicasterio, quien tambi\u00e9n comunica que, del mismo modo, el Santo Padre env\u00eda \u201cuna contribuci\u00f3n inicial de 50.000 euros en apoyo de la poblaci\u00f3n griega que sufri\u00f3 graves p\u00e9rdidas el pasado mes de agosto, cuando se desataron incendios en la isla de Evia, en la pen\u00ednsula del \u00c1tica y en la regi\u00f3n del Peloponeso, que destruyeron m\u00e1s de 100.000 hect\u00e1reas de tierra, campos y cultivos. Esta suma se destinar\u00e1 a las actividades promovidas en la zona por C\u00e1ritas Hellas\u201d.<\/p>\n<p>Las ayudas enviadas, contin\u00faa el comunicado de prensa, \u201cquieren expresar los sentimientos de cercan\u00eda espiritual y aliento paternal del Papa Francisco a las personas y territorios afectados. Acompa\u00f1an a la oraci\u00f3n y forman parte de la ayuda que se activa en toda la Iglesia cat\u00f3lica, en la que tambi\u00e9n participan numerosas organizaciones caritativas\u201d.<\/p>\n<h4><strong>Inundaciones en Sud\u00e1n del Sur<\/strong><\/h4>\n<p>La agencia de noticias\u00a0<em>EuropaPress\u00a0<\/em>inform\u00f3 que las autoridades de Sud\u00e1n reportaron m\u00e1s de 80 personas fallecidos a causa de las fuertes inundaciones provocadas por las lluvias registradas en el pa\u00eds desde el pasado mes de julio. Un portavoz del Consejo Nacional para la Defensa Civil de Sud\u00e1n indic\u00f3 que el \u00faltimo balance sit\u00faa en 84 la cifra de muertos y en 67 de heridos, seg\u00fan informaciones de la cadena BBC.<\/p>\n<div id=\"sm-it-main-container-1633342756635\" class=\"sm-it-main-container\" data-it=\"168e625b-67c7-4b53-9618-a3a1a2f91e56\" data-device=\"desktop\" data-index=\"0\">\n<p>Las precipitaciones torrenciales han afectado al menos a 14 de las 18 provincias del pa\u00eds y han dejado 30.000 viviendas afectadas. Adem\u00e1s, la infraestructura p\u00fablica y las cosechas tambi\u00e9n se han visto arrasadas.\u00a0La ONU estima que al menos 102.000 personas se han visto afectadas por la situaci\u00f3n en todo el pa\u00eds. En 2020, Sud\u00e1n declar\u00f3 el estado de emergencia durante tres meses por las inundaciones, que dejaron un centenar de muertos y 600.000 afectados.<\/p>\n<h4><strong>Incendios en Grecia<\/strong><\/h4>\n<\/div>\n<p>El diario generalista espa\u00f1ol ABC relata que no cesa el estado de alarma en Grecia\u00a0ante el peligro de los incendios. Las temperaturas extremas registradas esta semana han comenzado a descender, pero los\u00a0fuertes vientos han vuelto\u00a0y ponen en jaque ciudades, infraestructuras y hasta algunos de los restos arqueol\u00f3gicos ic\u00f3nicos del pa\u00eds, como los de la antigua Olimpia. Tras cuatro jornadas de intensos fuegos, el Gobierno se ha visto obligado a incrementar la asistencia de las Fuerzas Armadas a la lucha contra los incendios, especialmente a nivel de vigilancia a\u00e9rea y de los efectivos del Ej\u00e9rcito de tierra.<\/p>\n<p>El pa\u00eds heleno lidia desde el jueves con\u00a0al menos tres incendios importantes: El de la isla de Evia, el que se encuentra a las afueras de Atenas, donde se reaviv\u00f3 un gran incendio forestal en la zona norte, el ubicado en la zona que rodea la antigua Olimpia en el Peloponeso.<\/p>\n<p>En este \u00faltimo, el fuego\u00a0se acerc\u00f3 peligrosamente a la ciudad\u00a0donde se encuentra el sitio arqueol\u00f3gico en el que se realizaban los juegos deportivos m\u00e1s importantes de la Antig\u00fcedad y dos destacados museos del pa\u00eds, el Arqueol\u00f3gico y el dedicado a los Juegos. Cerca se encuentran tambi\u00e9n las instalaciones de la Academia Ol\u00edmpica Internacional, un lugar donde se realizaban hasta la pandemia todos los veranos grandes reuniones de grupos de j\u00f3venes, atletas, entrenadores y profesores y directivos relacionados con el deporte y con el movimiento ol\u00edmpico.<\/p>\n","protected":false},"excerpt":{"rendered":"<p>75.000 y 50.000 d\u00f3lares, respectivamente<\/p>\n","protected":false},"author":6,"featured_media":35435,"comment_status":"closed","ping_status":"closed","sticky":false,"template":"","format":"standard","meta":{"_acf_changed":false,"_crdt_document":"","inline_featured_image":false,"footnotes":""},"categories":[68],"tags":[2419,4395,4394,1477,158,1971],"class_list":["post-35434","post","type-post","status-publish","format-standard","has-post-thumbnail","hentry","category-leon-xiv","tag-featured","tag-grecia","tag-incencios","tag-inundaciones","tag-papa-francisco","tag-sudan-del-sur"],"acf":[],"yoast_head":"<!-- This site is optimized with the Yoast SEO plugin v27.4 - https:\/\/yoast.com\/product\/yoast-seo-wordpress\/ -->\n<title>Ayuda econ\u00f3mica del Papa por inundaciones en Sud\u00e1n del Sur e incendios en Grecia<\/title>\n<meta name=\"description\" content=\"El Papa env\u00eda una ayuda de 75.000 y 50.000 euros respectivamente a las poblaciones afectadas por inundaciones en Sud\u00e1n e incendios en Grecia.\" \/>\n<meta name=\"robots\" content=\"index, follow, max-snippet:-1, max-image-preview:large, max-video-preview:-1\" \/>\n<link rel=\"canonical\" href=\"https:\/\/exaudi.org\/es\/ayuda-papa-inundaciones-sudan-incendios-grecia\/\" \/>\n<meta property=\"og:locale\" content=\"es_ES\" \/>\n<meta property=\"og:type\" content=\"article\" \/>\n<meta property=\"og:title\" content=\"Ayuda econ\u00f3mica del Papa por inundaciones en Sud\u00e1n del Sur e incendios en Grecia\" \/>\n<meta property=\"og:description\" content=\"El Papa env\u00eda una ayuda de 75.000 y 50.000 euros respectivamente a las poblaciones afectadas por inundaciones en Sud\u00e1n e incendios en Grecia.\" \/>\n<meta property=\"og:url\" content=\"https:\/\/exaudi.org\/es\/ayuda-papa-inundaciones-sudan-incendios-grecia\/\" \/>\n<meta property=\"og:site_name\" content=\"Exaudi\" \/>\n<meta property=\"article:publisher\" content=\"https:\/\/www.facebook.com\/ExaudiNews\" \/>\n<meta property=\"article:published_time\" content=\"2021-10-04T10:31:44+00:00\" \/>\n<meta property=\"article:modified_time\" content=\"2021-10-04T10:34:22+00:00\" \/>\n<meta property=\"og:image\" content=\"https:\/\/exaudi.org\/wp-content\/uploads\/2021\/10\/65as4dasd.jpeg\" \/>\n\t<meta property=\"og:image:width\" content=\"724\" \/>\n\t<meta property=\"og:image:height\" content=\"407\" \/>\n\t<meta property=\"og:image:type\" content=\"image\/jpeg\" \/>\n<meta name=\"author\" content=\"Gabriel Sales\" \/>\n<meta name=\"twitter:card\" content=\"summary_large_image\" \/>\n<meta name=\"twitter:creator\" content=\"@habemusman\" \/>\n<meta name=\"twitter:site\" content=\"@Exaudi_News\" \/>\n<meta name=\"twitter:label1\" content=\"Escrito por\" \/>\n\t<meta name=\"twitter:data1\" content=\"Gabriel Sales\" \/>\n\t<meta name=\"twitter:label2\" content=\"Tiempo de lectura\" \/>\n\t<meta name=\"twitter:data2\" content=\"3 minutos\" \/>\n<script type=\"application\/ld+json\" class=\"yoast-schema-graph\">{\"@context\":\"https:\\\/\\\/schema.org\",\"@graph\":[{\"@type\":\"Article\",\"@id\":\"https:\\\/\\\/exaudi.org\\\/es\\\/ayuda-papa-inundaciones-sudan-incendios-grecia\\\/#article\",\"isPartOf\":{\"@id\":\"https:\\\/\\\/exaudi.org\\\/es\\\/ayuda-papa-inundaciones-sudan-incendios-grecia\\\/\"},\"author\":{\"name\":\"Gabriel Sales\",\"@id\":\"https:\\\/\\\/exaudi.org\\\/#\\\/schema\\\/person\\\/d134b96438278131ce90c90c03fda6cd\"},\"headline\":\"Ayuda econ\u00f3mica del Papa por inundaciones en Sud\u00e1n del Sur e incendios en Grecia\",\"datePublished\":\"2021-10-04T10:31:44+00:00\",\"dateModified\":\"2021-10-04T10:34:22+00:00\",\"mainEntityOfPage\":{\"@id\":\"https:\\\/\\\/exaudi.org\\\/es\\\/ayuda-papa-inundaciones-sudan-incendios-grecia\\\/\"},\"wordCount\":666,\"image\":{\"@id\":\"https:\\\/\\\/exaudi.org\\\/es\\\/ayuda-papa-inundaciones-sudan-incendios-grecia\\\/#primaryimage\"},\"thumbnailUrl\":\"https:\\\/\\\/exaudi.org\\\/wp-content\\\/uploads\\\/2021\\\/10\\\/65as4dasd.jpeg\",\"keywords\":[\"Featured\",\"Grecia\",\"Incencios\",\"Inundaciones\",\"papa francisco\",\"Sud\u00e1n del Sur\"],\"articleSection\":[\"Le\u00f3n XIV\"],\"inLanguage\":\"es\"},{\"@type\":\"WebPage\",\"@id\":\"https:\\\/\\\/exaudi.org\\\/es\\\/ayuda-papa-inundaciones-sudan-incendios-grecia\\\/\",\"url\":\"https:\\\/\\\/exaudi.org\\\/es\\\/ayuda-papa-inundaciones-sudan-incendios-grecia\\\/\",\"name\":\"Ayuda econ\u00f3mica del Papa por inundaciones en Sud\u00e1n del Sur e incendios en Grecia\",\"isPartOf\":{\"@id\":\"https:\\\/\\\/exaudi.org\\\/#website\"},\"primaryImageOfPage\":{\"@id\":\"https:\\\/\\\/exaudi.org\\\/es\\\/ayuda-papa-inundaciones-sudan-incendios-grecia\\\/#primaryimage\"},\"image\":{\"@id\":\"https:\\\/\\\/exaudi.org\\\/es\\\/ayuda-papa-inundaciones-sudan-incendios-grecia\\\/#primaryimage\"},\"thumbnailUrl\":\"https:\\\/\\\/exaudi.org\\\/wp-content\\\/uploads\\\/2021\\\/10\\\/65as4dasd.jpeg\",\"datePublished\":\"2021-10-04T10:31:44+00:00\",\"dateModified\":\"2021-10-04T10:34:22+00:00\",\"author\":{\"@id\":\"https:\\\/\\\/exaudi.org\\\/#\\\/schema\\\/person\\\/d134b96438278131ce90c90c03fda6cd\"},\"description\":\"El Papa env\u00eda una ayuda de 75.000 y 50.000 euros respectivamente a las poblaciones afectadas por inundaciones en Sud\u00e1n e incendios en Grecia.\",\"breadcrumb\":{\"@id\":\"https:\\\/\\\/exaudi.org\\\/es\\\/ayuda-papa-inundaciones-sudan-incendios-grecia\\\/#breadcrumb\"},\"inLanguage\":\"es\",\"potentialAction\":[{\"@type\":\"ReadAction\",\"target\":[\"https:\\\/\\\/exaudi.org\\\/es\\\/ayuda-papa-inundaciones-sudan-incendios-grecia\\\/\"]}]},{\"@type\":\"ImageObject\",\"inLanguage\":\"es\",\"@id\":\"https:\\\/\\\/exaudi.org\\\/es\\\/ayuda-papa-inundaciones-sudan-incendios-grecia\\\/#primaryimage\",\"url\":\"https:\\\/\\\/exaudi.org\\\/wp-content\\\/uploads\\\/2021\\\/10\\\/65as4dasd.jpeg\",\"contentUrl\":\"https:\\\/\\\/exaudi.org\\\/wp-content\\\/uploads\\\/2021\\\/10\\\/65as4dasd.jpeg\",\"width\":724,\"height\":407,\"caption\":\"Papa Francisco \u00a9 Vatican Media\"},{\"@type\":\"BreadcrumbList\",\"@id\":\"https:\\\/\\\/exaudi.org\\\/es\\\/ayuda-papa-inundaciones-sudan-incendios-grecia\\\/#breadcrumb\",\"itemListElement\":[{\"@type\":\"ListItem\",\"position\":1,\"name\":\"Portada\",\"item\":\"https:\\\/\\\/exaudi.org\\\/es\\\/\"},{\"@type\":\"ListItem\",\"position\":2,\"name\":\"Ayuda econ\u00f3mica del Papa por inundaciones en Sud\u00e1n del Sur e incendios en Grecia\"}]},{\"@type\":\"WebSite\",\"@id\":\"https:\\\/\\\/exaudi.org\\\/#website\",\"url\":\"https:\\\/\\\/exaudi.org\\\/\",\"name\":\"Exaudi\",\"description\":\"News\",\"potentialAction\":[{\"@type\":\"SearchAction\",\"target\":{\"@type\":\"EntryPoint\",\"urlTemplate\":\"https:\\\/\\\/exaudi.org\\\/?s={search_term_string}\"},\"query-input\":{\"@type\":\"PropertyValueSpecification\",\"valueRequired\":true,\"valueName\":\"search_term_string\"}}],\"inLanguage\":\"es\"},{\"@type\":\"Person\",\"@id\":\"https:\\\/\\\/exaudi.org\\\/#\\\/schema\\\/person\\\/d134b96438278131ce90c90c03fda6cd\",\"name\":\"Gabriel Sales\",\"image\":{\"@type\":\"ImageObject\",\"inLanguage\":\"es\",\"@id\":\"https:\\\/\\\/secure.gravatar.com\\\/avatar\\\/9b1269566f6a063ed26ffb3532b66a373cdde231ce5d0effb266167437fdaffd?s=96&d=mm&r=g\",\"url\":\"https:\\\/\\\/secure.gravatar.com\\\/avatar\\\/9b1269566f6a063ed26ffb3532b66a373cdde231ce5d0effb266167437fdaffd?s=96&d=mm&r=g\",\"contentUrl\":\"https:\\\/\\\/secure.gravatar.com\\\/avatar\\\/9b1269566f6a063ed26ffb3532b66a373cdde231ce5d0effb266167437fdaffd?s=96&d=mm&r=g\",\"caption\":\"Gabriel Sales\"},\"description\":\"Periodista y especialista en Comunicaci\u00f3n y Branding digital. Cin\u00e9filo y cr\u00edtico de cine y series de televisi\u00f3n.\",\"sameAs\":[\"https:\\\/\\\/www.instagram.com\\\/cine90segundos\\\/\",\"www.linkedin.com\\\/in\\\/habemusman\",\"https:\\\/\\\/x.com\\\/habemusman\",\"https:\\\/\\\/www.youtube.com\\\/channel\\\/UCVfCiOMkJ_C7T7OpyjuaLDg\"],\"url\":\"https:\\\/\\\/exaudi.org\\\/es\\\/author\\\/gsalesexaudi-org\\\/\"}]}<\/script>\n<!-- \/ Yoast SEO plugin. -->","yoast_head_json":{"title":"Ayuda econ\u00f3mica del Papa por inundaciones en Sud\u00e1n del Sur e incendios en Grecia","description":"El Papa env\u00eda una ayuda de 75.000 y 50.000 euros respectivamente a las poblaciones afectadas por inundaciones en Sud\u00e1n e incendios en Grecia.","robots":{"index":"index","follow":"follow","max-snippet":"max-snippet:-1","max-image-preview":"max-image-preview:large","max-video-preview":"max-video-preview:-1"},"canonical":"https:\/\/exaudi.org\/es\/ayuda-papa-inundaciones-sudan-incendios-grecia\/","og_locale":"es_ES","og_type":"article","og_title":"Ayuda econ\u00f3mica del Papa por inundaciones en Sud\u00e1n del Sur e incendios en Grecia","og_description":"El Papa env\u00eda una ayuda de 75.000 y 50.000 euros respectivamente a las poblaciones afectadas por inundaciones en Sud\u00e1n e incendios en Grecia.","og_url":"https:\/\/exaudi.org\/es\/ayuda-papa-inundaciones-sudan-incendios-grecia\/","og_site_name":"Exaudi","article_publisher":"https:\/\/www.facebook.com\/ExaudiNews","article_published_time":"2021-10-04T10:31:44+00:00","article_modified_time":"2021-10-04T10:34:22+00:00","og_image":[{"width":724,"height":407,"url":"https:\/\/exaudi.org\/wp-content\/uploads\/2021\/10\/65as4dasd.jpeg","type":"image\/jpeg"}],"author":"Gabriel Sales","twitter_card":"summary_large_image","twitter_creator":"@habemusman","twitter_site":"@Exaudi_News","twitter_misc":{"Escrito por":"Gabriel Sales","Tiempo de lectura":"3 minutos"},"schema":{"@context":"https:\/\/schema.org","@graph":[{"@type":"Article","@id":"https:\/\/exaudi.org\/es\/ayuda-papa-inundaciones-sudan-incendios-grecia\/#article","isPartOf":{"@id":"https:\/\/exaudi.org\/es\/ayuda-papa-inundaciones-sudan-incendios-grecia\/"},"author":{"name":"Gabriel Sales","@id":"https:\/\/exaudi.org\/#\/schema\/person\/d134b96438278131ce90c90c03fda6cd"},"headline":"Ayuda econ\u00f3mica del Papa por inundaciones en Sud\u00e1n del Sur e incendios en Grecia","datePublished":"2021-10-04T10:31:44+00:00","dateModified":"2021-10-04T10:34:22+00:00","mainEntityOfPage":{"@id":"https:\/\/exaudi.org\/es\/ayuda-papa-inundaciones-sudan-incendios-grecia\/"},"wordCount":666,"image":{"@id":"https:\/\/exaudi.org\/es\/ayuda-papa-inundaciones-sudan-incendios-grecia\/#primaryimage"},"thumbnailUrl":"https:\/\/exaudi.org\/wp-content\/uploads\/2021\/10\/65as4dasd.jpeg","keywords":["Featured","Grecia","Incencios","Inundaciones","papa francisco","Sud\u00e1n del Sur"],"articleSection":["Le\u00f3n XIV"],"inLanguage":"es"},{"@type":"WebPage","@id":"https:\/\/exaudi.org\/es\/ayuda-papa-inundaciones-sudan-incendios-grecia\/","url":"https:\/\/exaudi.org\/es\/ayuda-papa-inundaciones-sudan-incendios-grecia\/","name":"Ayuda econ\u00f3mica del Papa por inundaciones en Sud\u00e1n del Sur e incendios en Grecia","isPartOf":{"@id":"https:\/\/exaudi.org\/#website"},"primaryImageOfPage":{"@id":"https:\/\/exaudi.org\/es\/ayuda-papa-inundaciones-sudan-incendios-grecia\/#primaryimage"},"image":{"@id":"https:\/\/exaudi.org\/es\/ayuda-papa-inundaciones-sudan-incendios-grecia\/#primaryimage"},"thumbnailUrl":"https:\/\/exaudi.org\/wp-content\/uploads\/2021\/10\/65as4dasd.jpeg","datePublished":"2021-10-04T10:31:44+00:00","dateModified":"2021-10-04T10:34:22+00:00","author":{"@id":"https:\/\/exaudi.org\/#\/schema\/person\/d134b96438278131ce90c90c03fda6cd"},"description":"El Papa env\u00eda una ayuda de 75.000 y 50.000 euros respectivamente a las poblaciones afectadas por inundaciones en Sud\u00e1n e incendios en Grecia.","breadcrumb":{"@id":"https:\/\/exaudi.org\/es\/ayuda-papa-inundaciones-sudan-incendios-grecia\/#breadcrumb"},"inLanguage":"es","potentialAction":[{"@type":"ReadAction","target":["https:\/\/exaudi.org\/es\/ayuda-papa-inundaciones-sudan-incendios-grecia\/"]}]},{"@type":"ImageObject","inLanguage":"es","@id":"https:\/\/exaudi.org\/es\/ayuda-papa-inundaciones-sudan-incendios-grecia\/#primaryimage","url":"https:\/\/exaudi.org\/wp-content\/uploads\/2021\/10\/65as4dasd.jpeg","contentUrl":"https:\/\/exaudi.org\/wp-content\/uploads\/2021\/10\/65as4dasd.jpeg","width":724,"height":407,"caption":"Papa Francisco \u00a9 Vatican Media"},{"@type":"BreadcrumbList","@id":"https:\/\/exaudi.org\/es\/ayuda-papa-inundaciones-sudan-incendios-grecia\/#breadcrumb","itemListElement":[{"@type":"ListItem","position":1,"name":"Portada","item":"https:\/\/exaudi.org\/es\/"},{"@type":"ListItem","position":2,"name":"Ayuda econ\u00f3mica del Papa por inundaciones en Sud\u00e1n del Sur e incendios en Grecia"}]},{"@type":"WebSite","@id":"https:\/\/exaudi.org\/#website","url":"https:\/\/exaudi.org\/","name":"Exaudi","description":"News","potentialAction":[{"@type":"SearchAction","target":{"@type":"EntryPoint","urlTemplate":"https:\/\/exaudi.org\/?s={search_term_string}"},"query-input":{"@type":"PropertyValueSpecification","valueRequired":true,"valueName":"search_term_string"}}],"inLanguage":"es"},{"@type":"Person","@id":"https:\/\/exaudi.org\/#\/schema\/person\/d134b96438278131ce90c90c03fda6cd","name":"Gabriel Sales","image":{"@type":"ImageObject","inLanguage":"es","@id":"https:\/\/secure.gravatar.com\/avatar\/9b1269566f6a063ed26ffb3532b66a373cdde231ce5d0effb266167437fdaffd?s=96&d=mm&r=g","url":"https:\/\/secure.gravatar.com\/avatar\/9b1269566f6a063ed26ffb3532b66a373cdde231ce5d0effb266167437fdaffd?s=96&d=mm&r=g","contentUrl":"https:\/\/secure.gravatar.com\/avatar\/9b1269566f6a063ed26ffb3532b66a373cdde231ce5d0effb266167437fdaffd?s=96&d=mm&r=g","caption":"Gabriel Sales"},"description":"Periodista y especialista en Comunicaci\u00f3n y Branding digital. Cin\u00e9filo y cr\u00edtico de cine y series de televisi\u00f3n.","sameAs":["https:\/\/www.instagram.com\/cine90segundos\/","www.linkedin.com\/in\/habemusman","https:\/\/x.com\/habemusman","https:\/\/www.youtube.com\/channel\/UCVfCiOMkJ_C7T7OpyjuaLDg"],"url":"https:\/\/exaudi.org\/es\/author\/gsalesexaudi-org\/"}]}},"jetpack_featured_media_url":"https:\/\/exaudi.org\/wp-content\/uploads\/2021\/10\/65as4dasd.jpeg","jetpack_shortlink":"https:\/\/wp.me\/pgKjF2-9dw","_links":{"self":[{"href":"https:\/\/exaudi.org\/es\/wp-json\/wp\/v2\/posts\/35434","targetHints":{"allow":["GET"]}}],"collection":[{"href":"https:\/\/exaudi.org\/es\/wp-json\/wp\/v2\/posts"}],"about":[{"href":"https:\/\/exaudi.org\/es\/wp-json\/wp\/v2\/types\/post"}],"author":[{"embeddable":true,"href":"https:\/\/exaudi.org\/es\/wp-json\/wp\/v2\/users\/6"}],"replies":[{"embeddable":true,"href":"https:\/\/exaudi.org\/es\/wp-json\/wp\/v2\/comments?post=35434"}],"version-history":[{"count":0,"href":"https:\/\/exaudi.org\/es\/wp-json\/wp\/v2\/posts\/35434\/revisions"}],"wp:featuredmedia":[{"embeddable":true,"href":"https:\/\/exaudi.org\/es\/wp-json\/wp\/v2\/media\/35435"}],"wp:attachment":[{"href":"https:\/\/exaudi.org\/es\/wp-json\/wp\/v2\/media?parent=35434"}],"wp:term":[{"taxonomy":"category","embeddable":true,"href":"https:\/\/exaudi.org\/es\/wp-json\/wp\/v2\/categories?post=35434"},{"taxonomy":"post_tag","embeddable":true,"href":"https:\/\/exaudi.org\/es\/wp-json\/wp\/v2\/tags?post=35434"}],"curies":[{"name":"wp","href":"https:\/\/api.w.org\/{rel}","templated":true}]}}