{"id":35380,"date":"2021-10-03T14:39:28","date_gmt":"2021-10-03T12:39:28","guid":{"rendered":"https:\/\/exaudi.wpengine.com\/?p=35380"},"modified":"2021-10-04T14:17:35","modified_gmt":"2021-10-04T12:17:35","slug":"papa-reconocerse-pequeno-ser-grande","status":"publish","type":"post","link":"https:\/\/exaudi.org\/es\/papa-reconocerse-pequeno-ser-grande\/","title":{"rendered":"El Papa: \u201cReconocerse peque\u00f1o para llegar a ser grande\u201d"},"content":{"rendered":"<p>A las 12 del mediod\u00eda de hoy, domingo, 3 de octubre de 2021, el <a href=\"https:\/\/exaudi.wpengine.com\/es\/papa-llama-espiritu-pobreza-felicidad-todos\/\" target=\"_blank\" rel=\"noopener\">Papa Francisco<\/a> se he asomado en la ventana de su estudio en el Palacio Apost\u00f3lico Vaticano para rezar el <a href=\"https:\/\/exaudi.wpengine.com\/es\/tristeza-del-papa-por-violencia-en-carcel-de-guayaquil\/\" target=\"_blank\" rel=\"noopener\">\u00c1ngelus<\/a> con los fieles y peregrinos reunidos en la Plaza de San Pedro. Francisco destac\u00f3: \u201cEn la vida, reconocerse peque\u00f1o es un punto de partida para llegar a ser grande. Si lo pensamos bien, crecemos no tanto gracias a los \u00e9xitos y a las cosas que tenemos, sino, sobre todo, en los momentos de lucha y de fragilidad\u201d.<\/p>\n<p>Comienza sus palabras con el Evangelio de la Liturgia de hoy en la que \u201cvemos una reacci\u00f3n de Jes\u00fas m\u00e1s bien ins\u00f3lita: se indigna. Porque sus disc\u00edpulos, para protegerlo de la aglomeraci\u00f3n de gente, ri\u00f1en a algunos ni\u00f1os que hab\u00edan sido llevados a Jes\u00fas. En otras palabras, el Se\u00f1or no se indigna con quienes discuten con \u00c9l, sino con quienes, para aliviarle el cansancio, alejan de \u00c9l a los ni\u00f1os.<\/p>\n<p>Y a\u00f1adi\u00f3: \u201cQuien busca a Dios lo encuentra all\u00ed, en los peque\u00f1os, en los necesitados no solo de bienes, sino tambi\u00e9n de cuidados y de consuelo, como los enfermos, los humillados, los prisioneros, los inmigrantes, los presos. All\u00ed est\u00e1 \u00c9l. He aqu\u00ed por qu\u00e9 Jes\u00fas se indigna: cada afrenta hecha a un peque\u00f1o, a un pobre, a un indefenso, se le hace a \u00c9l.\u201d<\/p>\n<p>A continuaci\u00f3n, siguen las palabras del Papa al introducir la oraci\u00f3n mariana, ofrecidas\u00a0la <a href=\"https:\/\/www.vatican.va\/news_services\/press\/index_sp.htm\" target=\"_blank\" rel=\"noopener\">Oficina de Prensa de la Santa Sede.<\/a><\/p>\n<p>***<\/p>\n<h4><strong>Palabras del Papa <\/strong><\/h4>\n<p><em>Queridos hermanos y hermanas, \u00a1buenos d\u00edas!<\/em><\/p>\n<p>En el Evangelio de la Liturgia de hoy vemos una reacci\u00f3n de Jes\u00fas m\u00e1s bien ins\u00f3lita: se indigna. Y lo que m\u00e1s sorprende es que su indignaci\u00f3n no es causada por los fariseos que lo ponen a prueba con preguntas sobre la licitud del divorcio, sino por sus disc\u00edpulos que, para protegerlo de la aglomeraci\u00f3n de gente, ri\u00f1en a algunos ni\u00f1os que hab\u00edan sido llevados ante Jes\u00fas. En otras palabras, el Se\u00f1or no se indigna con quienes discuten con \u00c9l, sino con quienes, para aliviarle el cansancio, alejan de \u00c9l a los ni\u00f1os. \u00bfPor qu\u00e9? Es una buena pregunta: \u00bfpor qu\u00e9 el Se\u00f1or hace esto?<\/p>\n<p>Recordemos \u2014era el Evangelio de\u00a0<a href=\"https:\/\/www.vatican.va\/content\/francesco\/es\/angelus\/2021\/documents\/papa-francesco_angelus_20210919.html\">hace dos domingos<\/a>\u2014 que Jes\u00fas, realizando el gesto de abrazar a un ni\u00f1o, se hab\u00eda identificado con los peque\u00f1os: hab\u00eda ense\u00f1ado que precisamente los peque\u00f1os, es decir, los que dependen de los dem\u00e1s, los que tienen necesidad y no pueden restituir, han de ser servidos los primeros (cfr.\u00a0<em>Mc\u00a0<\/em>9,35-37). Quien busca a Dios lo encuentra all\u00ed, en los peque\u00f1os, en los necesitados, necesitados no solo de bienes, sino tambi\u00e9n de cuidados y de consuelo, como los enfermos, los humillados, los prisioneros, los inmigrantes, los presos. All\u00ed est\u00e1 \u00c9l, en los peque\u00f1os. He aqu\u00ed por qu\u00e9 Jes\u00fas se indigna: cada afrenta hecha a un peque\u00f1o, a un pobre, a un ni\u00f1o, a un indefenso, se le hace a \u00c9l.<\/p>\n<p>Hoy el Se\u00f1or retoma esta ense\u00f1anza y la completa. De hecho, a\u00f1ade: \u201cEl que no recibe el Reino de Dios como un ni\u00f1o, no entrar\u00e1 en \u00e9l\u201d (<em>Mc\u00a0<\/em>10,15). Esta es la novedad: el disc\u00edpulo no solo debe servir a los peque\u00f1os, sino que tambi\u00e9n ha de\u00a0<em>reconocerse peque\u00f1o \u00e9l mismo<\/em>. Y cada uno de nosotros, \u00bfse reconoce peque\u00f1o ante Dios? Pens\u00e9moslo, nos ayudar\u00e1. Saberse peque\u00f1os, saberse necesitados de salvaci\u00f3n, es indispensable para acoger al Se\u00f1or. Es el primer paso para abrirnos a \u00c9l. Sin embargo, a menudo nos olvidamos de esto. En la prosperidad, en el bienestar, vivimos la ilusi\u00f3n de ser autosuficientes, de bastarnos a nosotros mismos, de no tener necesidad de Dios. Hermanos y hermanas, esto es un enga\u00f1o, porque cada uno de nosotros es un ser necesitado, peque\u00f1o. Debemos buscar nuestra propia peque\u00f1ez y reconocerla. Y all\u00ed encontraremos a Jes\u00fas.<\/p>\n<p>En la vida, reconocerse peque\u00f1o es un punto de partida para llegar a ser grande. Si lo pensamos bien, crecemos no tanto gracias a los \u00e9xitos y a las cosas que tenemos, sino, sobre todo, en los momentos de lucha y de fragilidad. Ah\u00ed, en la necesidad, maduramos; ah\u00ed abrimos el coraz\u00f3n a Dios, a los dem\u00e1s, al sentido de la vida. Abrimos los ojos a los dem\u00e1s. Cuando somos peque\u00f1os abrimos los ojos al verdadero sentido de la vida. Cuando nos sintamos peque\u00f1os ante un problema, peque\u00f1os ante una cruz, una enfermedad, cuando experimentemos fatiga y soledad, no nos desanimemos. Est\u00e1 cayendo la m\u00e1scara de la superficialidad y est\u00e1 resurgiendo nuestra radical fragilidad: es nuestra base com\u00fan, nuestro tesoro, porque\u00a0<em>con Dios las fragilidades no son obst\u00e1culos, sino oportunidades.\u00a0<\/em>Una bella oraci\u00f3n ser\u00eda esta: \u201cSe\u00f1or, mira mis fragilidades\u2026\u201d; y enumerarlas ante \u00c9l. Esta es una buena actitud ante Dios.<\/p>\n<p>De hecho, precisamente en la fragilidad descubrimos cu\u00e1nto nos cuida Dios. El Evangelio de hoy dice que Jes\u00fas es muy tierno con los peque\u00f1os: \u201cLos abraz\u00f3 y los bendijo, imponi\u00e9ndoles las manos\u201d (v. 16). Las contrariedades, las situaciones que revelan nuestra fragilidad son ocasiones privilegiadas para experimentar su amor. Lo sabe bien quien reza con perseverancia: en los momentos oscuros o de soledad, la ternura de Dios hacia nosotros se hace \u2014por as\u00ed decir\u2014 a\u00fan m\u00e1s presente. Cuando somos peque\u00f1os, sentimos m\u00e1s la ternura de Dios. Esta ternura nos da paz, esta ternura nos hace crecer, porque Dios se nos acerca a su manera, que es cercan\u00eda, compasi\u00f3n y ternura. Y cuando nos sentimos poca cosa \u2014es decir, peque\u00f1os\u2014 por cualquier motivo, el Se\u00f1or se nos acerca m\u00e1s, lo sentimos m\u00e1s cercano. Nos da paz, nos hace crecer. En la oraci\u00f3n, el Se\u00f1or nos abraza como un pap\u00e1 a su ni\u00f1o. As\u00ed nos hacemos grandes: no con la ilusoria pretensi\u00f3n de nuestra autosuficiencia \u2014esto no hace grande a nadie\u2014, sino con la fortaleza de depositar en el Padre toda esperanza. Justo como hacen los peque\u00f1os, hacen as\u00ed.<\/p>\n<p>Pidamos hoy a la Virgen Mar\u00eda una gracia grande, la de la peque\u00f1ez: ser ni\u00f1os que se f\u00edan del Padre, seguros de que \u00c9l nunca deja de cuidarnos.<\/p>\n<div class=\"td-post-content tagdiv-type\">\n<p><strong>\u00a9 Librer\u00eda Editora Vaticana<\/strong><\/p>\n<\/div>\n","protected":false},"excerpt":{"rendered":"<p>Palabras antes del \u00c1ngelus<\/p>\n","protected":false},"author":7,"featured_media":35381,"comment_status":"closed","ping_status":"closed","sticky":false,"template":"","format":"standard","meta":{"_acf_changed":false,"_crdt_document":"","inline_featured_image":false,"footnotes":""},"categories":[70,298],"tags":[4390],"class_list":["post-35380","post","type-post","status-publish","format-standard","has-post-thumbnail","hentry","category-angelus-es","category-ultimas-noticias","tag-angelus-3-octubre-2021"],"acf":[],"yoast_head":"<!-- This site is optimized with the Yoast SEO plugin v27.4 - https:\/\/yoast.com\/product\/yoast-seo-wordpress\/ -->\n<title>El Papa: \u201cReconocerse peque\u00f1o para llegar a ser grande\u201d - Exaudi<\/title>\n<meta name=\"description\" content=\"En el \u00c1ngelus de hoy, el Papa Francisco ha argumentado que \u201cen la vida, reconocerse peque\u00f1o es un punto de partida para llegar a ser grande\u201d.\" \/>\n<meta name=\"robots\" content=\"index, follow, max-snippet:-1, max-image-preview:large, max-video-preview:-1\" \/>\n<link rel=\"canonical\" href=\"https:\/\/exaudi.org\/es\/papa-reconocerse-pequeno-ser-grande\/\" \/>\n<meta property=\"og:locale\" content=\"es_ES\" \/>\n<meta property=\"og:type\" content=\"article\" \/>\n<meta property=\"og:title\" content=\"El Papa: \u201cReconocerse peque\u00f1o para llegar a ser grande\u201d - Exaudi\" \/>\n<meta property=\"og:description\" content=\"En el \u00c1ngelus de hoy, el Papa Francisco ha argumentado que \u201cen la vida, reconocerse peque\u00f1o es un punto de partida para llegar a ser grande\u201d.\" \/>\n<meta property=\"og:url\" content=\"https:\/\/exaudi.org\/es\/papa-reconocerse-pequeno-ser-grande\/\" \/>\n<meta property=\"og:site_name\" content=\"Exaudi\" \/>\n<meta property=\"article:publisher\" content=\"https:\/\/www.facebook.com\/ExaudiNews\" \/>\n<meta property=\"article:published_time\" content=\"2021-10-03T12:39:28+00:00\" \/>\n<meta property=\"article:modified_time\" content=\"2021-10-04T12:17:35+00:00\" \/>\n<meta property=\"og:image\" content=\"https:\/\/exaudi.org\/wp-content\/uploads\/2021\/10\/Angelus-3-octubre-2021.jpeg\" \/>\n\t<meta property=\"og:image:width\" content=\"1080\" \/>\n\t<meta property=\"og:image:height\" content=\"718\" \/>\n\t<meta property=\"og:image:type\" content=\"image\/jpeg\" \/>\n<meta name=\"author\" content=\"Raquel Anillo\" \/>\n<meta name=\"twitter:card\" content=\"summary_large_image\" \/>\n<meta name=\"twitter:creator\" content=\"@Exaudi_News\" \/>\n<meta name=\"twitter:site\" content=\"@Exaudi_News\" \/>\n<meta name=\"twitter:label1\" content=\"Escrito por\" \/>\n\t<meta name=\"twitter:data1\" content=\"Raquel Anillo\" \/>\n\t<meta name=\"twitter:label2\" content=\"Tiempo de lectura\" \/>\n\t<meta name=\"twitter:data2\" content=\"5 minutos\" \/>\n<script type=\"application\/ld+json\" class=\"yoast-schema-graph\">{\"@context\":\"https:\\\/\\\/schema.org\",\"@graph\":[{\"@type\":\"Article\",\"@id\":\"https:\\\/\\\/exaudi.org\\\/es\\\/papa-reconocerse-pequeno-ser-grande\\\/#article\",\"isPartOf\":{\"@id\":\"https:\\\/\\\/exaudi.org\\\/es\\\/papa-reconocerse-pequeno-ser-grande\\\/\"},\"author\":{\"name\":\"Raquel Anillo\",\"@id\":\"https:\\\/\\\/exaudi.org\\\/#\\\/schema\\\/person\\\/6ff0af358a606d657c4b1b6e0d5c85cb\"},\"headline\":\"El Papa: \u201cReconocerse peque\u00f1o para llegar a ser grande\u201d\",\"datePublished\":\"2021-10-03T12:39:28+00:00\",\"dateModified\":\"2021-10-04T12:17:35+00:00\",\"mainEntityOfPage\":{\"@id\":\"https:\\\/\\\/exaudi.org\\\/es\\\/papa-reconocerse-pequeno-ser-grande\\\/\"},\"wordCount\":1108,\"image\":{\"@id\":\"https:\\\/\\\/exaudi.org\\\/es\\\/papa-reconocerse-pequeno-ser-grande\\\/#primaryimage\"},\"thumbnailUrl\":\"https:\\\/\\\/exaudi.org\\\/wp-content\\\/uploads\\\/2021\\\/10\\\/Angelus-3-octubre-2021.jpeg\",\"keywords\":[\"\u00c1ngelus 3 octubre 2021\"],\"articleSection\":[\"\u00c1ngelus\",\"\u00daltimas noticias\"],\"inLanguage\":\"es\"},{\"@type\":\"WebPage\",\"@id\":\"https:\\\/\\\/exaudi.org\\\/es\\\/papa-reconocerse-pequeno-ser-grande\\\/\",\"url\":\"https:\\\/\\\/exaudi.org\\\/es\\\/papa-reconocerse-pequeno-ser-grande\\\/\",\"name\":\"El Papa: \u201cReconocerse peque\u00f1o para llegar a ser grande\u201d - Exaudi\",\"isPartOf\":{\"@id\":\"https:\\\/\\\/exaudi.org\\\/#website\"},\"primaryImageOfPage\":{\"@id\":\"https:\\\/\\\/exaudi.org\\\/es\\\/papa-reconocerse-pequeno-ser-grande\\\/#primaryimage\"},\"image\":{\"@id\":\"https:\\\/\\\/exaudi.org\\\/es\\\/papa-reconocerse-pequeno-ser-grande\\\/#primaryimage\"},\"thumbnailUrl\":\"https:\\\/\\\/exaudi.org\\\/wp-content\\\/uploads\\\/2021\\\/10\\\/Angelus-3-octubre-2021.jpeg\",\"datePublished\":\"2021-10-03T12:39:28+00:00\",\"dateModified\":\"2021-10-04T12:17:35+00:00\",\"author\":{\"@id\":\"https:\\\/\\\/exaudi.org\\\/#\\\/schema\\\/person\\\/6ff0af358a606d657c4b1b6e0d5c85cb\"},\"description\":\"En el \u00c1ngelus de hoy, el Papa Francisco ha argumentado que \u201cen la vida, reconocerse peque\u00f1o es un punto de partida para llegar a ser grande\u201d.\",\"breadcrumb\":{\"@id\":\"https:\\\/\\\/exaudi.org\\\/es\\\/papa-reconocerse-pequeno-ser-grande\\\/#breadcrumb\"},\"inLanguage\":\"es\",\"potentialAction\":[{\"@type\":\"ReadAction\",\"target\":[\"https:\\\/\\\/exaudi.org\\\/es\\\/papa-reconocerse-pequeno-ser-grande\\\/\"]}]},{\"@type\":\"ImageObject\",\"inLanguage\":\"es\",\"@id\":\"https:\\\/\\\/exaudi.org\\\/es\\\/papa-reconocerse-pequeno-ser-grande\\\/#primaryimage\",\"url\":\"https:\\\/\\\/exaudi.org\\\/wp-content\\\/uploads\\\/2021\\\/10\\\/Angelus-3-octubre-2021.jpeg\",\"contentUrl\":\"https:\\\/\\\/exaudi.org\\\/wp-content\\\/uploads\\\/2021\\\/10\\\/Angelus-3-octubre-2021.jpeg\",\"width\":1080,\"height\":718,\"caption\":\"\u00c1ngelus 3 octubre 2021 \u00a9 Vatican Media\"},{\"@type\":\"BreadcrumbList\",\"@id\":\"https:\\\/\\\/exaudi.org\\\/es\\\/papa-reconocerse-pequeno-ser-grande\\\/#breadcrumb\",\"itemListElement\":[{\"@type\":\"ListItem\",\"position\":1,\"name\":\"Portada\",\"item\":\"https:\\\/\\\/exaudi.org\\\/es\\\/\"},{\"@type\":\"ListItem\",\"position\":2,\"name\":\"El Papa: \u201cReconocerse peque\u00f1o para llegar a ser grande\u201d\"}]},{\"@type\":\"WebSite\",\"@id\":\"https:\\\/\\\/exaudi.org\\\/#website\",\"url\":\"https:\\\/\\\/exaudi.org\\\/\",\"name\":\"Exaudi\",\"description\":\"News\",\"potentialAction\":[{\"@type\":\"SearchAction\",\"target\":{\"@type\":\"EntryPoint\",\"urlTemplate\":\"https:\\\/\\\/exaudi.org\\\/?s={search_term_string}\"},\"query-input\":{\"@type\":\"PropertyValueSpecification\",\"valueRequired\":true,\"valueName\":\"search_term_string\"}}],\"inLanguage\":\"es\"},{\"@type\":\"Person\",\"@id\":\"https:\\\/\\\/exaudi.org\\\/#\\\/schema\\\/person\\\/6ff0af358a606d657c4b1b6e0d5c85cb\",\"name\":\"Raquel Anillo\",\"image\":{\"@type\":\"ImageObject\",\"inLanguage\":\"es\",\"@id\":\"https:\\\/\\\/secure.gravatar.com\\\/avatar\\\/7f88757c095badfcf277fb437d860f221e7a4fb83008b887cccb1f1299f66efb?s=96&d=mm&r=g\",\"url\":\"https:\\\/\\\/secure.gravatar.com\\\/avatar\\\/7f88757c095badfcf277fb437d860f221e7a4fb83008b887cccb1f1299f66efb?s=96&d=mm&r=g\",\"contentUrl\":\"https:\\\/\\\/secure.gravatar.com\\\/avatar\\\/7f88757c095badfcf277fb437d860f221e7a4fb83008b887cccb1f1299f66efb?s=96&d=mm&r=g\",\"caption\":\"Raquel Anillo\"},\"description\":\"Casada. Comprometida con la Iglesia. Traductora e int\u00e9rprete para la Comunidad Emmanuel, especialmente para las sesiones internacionales de Paray le Monial (Francia) 1986 al 2005. Colaboradora de Zenit de 2012-2014 y de 2017-2020 como traductora.\",\"url\":\"https:\\\/\\\/exaudi.org\\\/es\\\/author\\\/ranilloexaudi-org\\\/\"}]}<\/script>\n<!-- \/ Yoast SEO plugin. -->","yoast_head_json":{"title":"El Papa: \u201cReconocerse peque\u00f1o para llegar a ser grande\u201d - Exaudi","description":"En el \u00c1ngelus de hoy, el Papa Francisco ha argumentado que \u201cen la vida, reconocerse peque\u00f1o es un punto de partida para llegar a ser grande\u201d.","robots":{"index":"index","follow":"follow","max-snippet":"max-snippet:-1","max-image-preview":"max-image-preview:large","max-video-preview":"max-video-preview:-1"},"canonical":"https:\/\/exaudi.org\/es\/papa-reconocerse-pequeno-ser-grande\/","og_locale":"es_ES","og_type":"article","og_title":"El Papa: \u201cReconocerse peque\u00f1o para llegar a ser grande\u201d - Exaudi","og_description":"En el \u00c1ngelus de hoy, el Papa Francisco ha argumentado que \u201cen la vida, reconocerse peque\u00f1o es un punto de partida para llegar a ser grande\u201d.","og_url":"https:\/\/exaudi.org\/es\/papa-reconocerse-pequeno-ser-grande\/","og_site_name":"Exaudi","article_publisher":"https:\/\/www.facebook.com\/ExaudiNews","article_published_time":"2021-10-03T12:39:28+00:00","article_modified_time":"2021-10-04T12:17:35+00:00","og_image":[{"width":1080,"height":718,"url":"https:\/\/exaudi.org\/wp-content\/uploads\/2021\/10\/Angelus-3-octubre-2021.jpeg","type":"image\/jpeg"}],"author":"Raquel Anillo","twitter_card":"summary_large_image","twitter_creator":"@Exaudi_News","twitter_site":"@Exaudi_News","twitter_misc":{"Escrito por":"Raquel Anillo","Tiempo de lectura":"5 minutos"},"schema":{"@context":"https:\/\/schema.org","@graph":[{"@type":"Article","@id":"https:\/\/exaudi.org\/es\/papa-reconocerse-pequeno-ser-grande\/#article","isPartOf":{"@id":"https:\/\/exaudi.org\/es\/papa-reconocerse-pequeno-ser-grande\/"},"author":{"name":"Raquel Anillo","@id":"https:\/\/exaudi.org\/#\/schema\/person\/6ff0af358a606d657c4b1b6e0d5c85cb"},"headline":"El Papa: \u201cReconocerse peque\u00f1o para llegar a ser grande\u201d","datePublished":"2021-10-03T12:39:28+00:00","dateModified":"2021-10-04T12:17:35+00:00","mainEntityOfPage":{"@id":"https:\/\/exaudi.org\/es\/papa-reconocerse-pequeno-ser-grande\/"},"wordCount":1108,"image":{"@id":"https:\/\/exaudi.org\/es\/papa-reconocerse-pequeno-ser-grande\/#primaryimage"},"thumbnailUrl":"https:\/\/exaudi.org\/wp-content\/uploads\/2021\/10\/Angelus-3-octubre-2021.jpeg","keywords":["\u00c1ngelus 3 octubre 2021"],"articleSection":["\u00c1ngelus","\u00daltimas noticias"],"inLanguage":"es"},{"@type":"WebPage","@id":"https:\/\/exaudi.org\/es\/papa-reconocerse-pequeno-ser-grande\/","url":"https:\/\/exaudi.org\/es\/papa-reconocerse-pequeno-ser-grande\/","name":"El Papa: \u201cReconocerse peque\u00f1o para llegar a ser grande\u201d - Exaudi","isPartOf":{"@id":"https:\/\/exaudi.org\/#website"},"primaryImageOfPage":{"@id":"https:\/\/exaudi.org\/es\/papa-reconocerse-pequeno-ser-grande\/#primaryimage"},"image":{"@id":"https:\/\/exaudi.org\/es\/papa-reconocerse-pequeno-ser-grande\/#primaryimage"},"thumbnailUrl":"https:\/\/exaudi.org\/wp-content\/uploads\/2021\/10\/Angelus-3-octubre-2021.jpeg","datePublished":"2021-10-03T12:39:28+00:00","dateModified":"2021-10-04T12:17:35+00:00","author":{"@id":"https:\/\/exaudi.org\/#\/schema\/person\/6ff0af358a606d657c4b1b6e0d5c85cb"},"description":"En el \u00c1ngelus de hoy, el Papa Francisco ha argumentado que \u201cen la vida, reconocerse peque\u00f1o es un punto de partida para llegar a ser grande\u201d.","breadcrumb":{"@id":"https:\/\/exaudi.org\/es\/papa-reconocerse-pequeno-ser-grande\/#breadcrumb"},"inLanguage":"es","potentialAction":[{"@type":"ReadAction","target":["https:\/\/exaudi.org\/es\/papa-reconocerse-pequeno-ser-grande\/"]}]},{"@type":"ImageObject","inLanguage":"es","@id":"https:\/\/exaudi.org\/es\/papa-reconocerse-pequeno-ser-grande\/#primaryimage","url":"https:\/\/exaudi.org\/wp-content\/uploads\/2021\/10\/Angelus-3-octubre-2021.jpeg","contentUrl":"https:\/\/exaudi.org\/wp-content\/uploads\/2021\/10\/Angelus-3-octubre-2021.jpeg","width":1080,"height":718,"caption":"\u00c1ngelus 3 octubre 2021 \u00a9 Vatican Media"},{"@type":"BreadcrumbList","@id":"https:\/\/exaudi.org\/es\/papa-reconocerse-pequeno-ser-grande\/#breadcrumb","itemListElement":[{"@type":"ListItem","position":1,"name":"Portada","item":"https:\/\/exaudi.org\/es\/"},{"@type":"ListItem","position":2,"name":"El Papa: \u201cReconocerse peque\u00f1o para llegar a ser grande\u201d"}]},{"@type":"WebSite","@id":"https:\/\/exaudi.org\/#website","url":"https:\/\/exaudi.org\/","name":"Exaudi","description":"News","potentialAction":[{"@type":"SearchAction","target":{"@type":"EntryPoint","urlTemplate":"https:\/\/exaudi.org\/?s={search_term_string}"},"query-input":{"@type":"PropertyValueSpecification","valueRequired":true,"valueName":"search_term_string"}}],"inLanguage":"es"},{"@type":"Person","@id":"https:\/\/exaudi.org\/#\/schema\/person\/6ff0af358a606d657c4b1b6e0d5c85cb","name":"Raquel Anillo","image":{"@type":"ImageObject","inLanguage":"es","@id":"https:\/\/secure.gravatar.com\/avatar\/7f88757c095badfcf277fb437d860f221e7a4fb83008b887cccb1f1299f66efb?s=96&d=mm&r=g","url":"https:\/\/secure.gravatar.com\/avatar\/7f88757c095badfcf277fb437d860f221e7a4fb83008b887cccb1f1299f66efb?s=96&d=mm&r=g","contentUrl":"https:\/\/secure.gravatar.com\/avatar\/7f88757c095badfcf277fb437d860f221e7a4fb83008b887cccb1f1299f66efb?s=96&d=mm&r=g","caption":"Raquel Anillo"},"description":"Casada. Comprometida con la Iglesia. Traductora e int\u00e9rprete para la Comunidad Emmanuel, especialmente para las sesiones internacionales de Paray le Monial (Francia) 1986 al 2005. Colaboradora de Zenit de 2012-2014 y de 2017-2020 como traductora.","url":"https:\/\/exaudi.org\/es\/author\/ranilloexaudi-org\/"}]}},"jetpack_featured_media_url":"https:\/\/exaudi.org\/wp-content\/uploads\/2021\/10\/Angelus-3-octubre-2021.jpeg","jetpack_shortlink":"https:\/\/wp.me\/pgKjF2-9cE","_links":{"self":[{"href":"https:\/\/exaudi.org\/es\/wp-json\/wp\/v2\/posts\/35380","targetHints":{"allow":["GET"]}}],"collection":[{"href":"https:\/\/exaudi.org\/es\/wp-json\/wp\/v2\/posts"}],"about":[{"href":"https:\/\/exaudi.org\/es\/wp-json\/wp\/v2\/types\/post"}],"author":[{"embeddable":true,"href":"https:\/\/exaudi.org\/es\/wp-json\/wp\/v2\/users\/7"}],"replies":[{"embeddable":true,"href":"https:\/\/exaudi.org\/es\/wp-json\/wp\/v2\/comments?post=35380"}],"version-history":[{"count":0,"href":"https:\/\/exaudi.org\/es\/wp-json\/wp\/v2\/posts\/35380\/revisions"}],"wp:featuredmedia":[{"embeddable":true,"href":"https:\/\/exaudi.org\/es\/wp-json\/wp\/v2\/media\/35381"}],"wp:attachment":[{"href":"https:\/\/exaudi.org\/es\/wp-json\/wp\/v2\/media?parent=35380"}],"wp:term":[{"taxonomy":"category","embeddable":true,"href":"https:\/\/exaudi.org\/es\/wp-json\/wp\/v2\/categories?post=35380"},{"taxonomy":"post_tag","embeddable":true,"href":"https:\/\/exaudi.org\/es\/wp-json\/wp\/v2\/tags?post=35380"}],"curies":[{"name":"wp","href":"https:\/\/api.w.org\/{rel}","templated":true}]}}