{"id":35316,"date":"2021-10-01T16:16:07","date_gmt":"2021-10-01T14:16:07","guid":{"rendered":"https:\/\/exaudi.wpengine.com\/?p=35316"},"modified":"2021-10-02T10:25:44","modified_gmt":"2021-10-02T08:25:44","slug":"papa-jovenes-fao-regenerar-mundo-pandemia","status":"publish","type":"post","link":"https:\/\/exaudi.org\/es\/papa-jovenes-fao-regenerar-mundo-pandemia\/","title":{"rendered":"El Papa a j\u00f3venes de FAO: Regenerar el mundo \u201csacudido por la pandemia\u201d"},"content":{"rendered":"<p>El Papa Francisco dijo al Comit\u00e9 de J\u00f3venes de la <a href=\"http:\/\/www.fao.org\/home\/es\/\" target=\"_blank\" rel=\"noopener\">FAO<\/a>: \u201cDejen atr\u00e1s rutinas y falsos espejismos y regeneren este mundo tan sacudido por la pandemia. Y esto ser\u00e1 una feliz realidad si siembran solidaridad, creatividad y nobleza de esp\u00edritu\u201d.<\/p>\n<p>El Santo Padre ha enviado\u00a0un mensaje al director general de la Organizaci\u00f3n de las Naciones Unidas para la Agricultura y la Alimentaci\u00f3n (FAO), Qu Dongyu, con motivo de la inauguraci\u00f3n del Foro Mundial de la Alimentaci\u00f3n, organizado del 1 al 5 de octubre de 2021 en Roma por el Comit\u00e9 de J\u00f3venes de la FAO. El mensaje ha sido le\u00eddo por el cardenal Pietro Parolin, secretario de Estado.<\/p>\n<p>Francisco pide \u201ca todos los <a href=\"https:\/\/exaudi.wpengine.com\/es\/jornada-mundial-juventud-2021-mensaje-papa-francisco\/\" target=\"_blank\" rel=\"noopener\">j\u00f3venes<\/a> reunidos en el Foro Mundial de la Alimentaci\u00f3n que sean intr\u00e9pidos y decididos. Les pido que permanezcan unidos y firmes en sus prop\u00f3sitos. No sean mezquinos en sus sue\u00f1os, luchen por un futuro mejor y conviertan esos anhelos en acciones concretas y significativas. Dejen atr\u00e1s rutinas y falsos espejismos y regeneren este mundo tan sacudido por la pandemia. Y esto ser\u00e1 una feliz realidad si siembran solidaridad, creatividad y nobleza de esp\u00edritu\u201d, expres\u00f3.<\/p>\n<p>Por otro lado, a los que ahora \u201cdeben cumplir los compromisos formulados en los \u00faltimos meses compete no defraudar a las nuevas generaciones\u201d les exhorta a mirar \u201cprofundamente a los ojos de los j\u00f3venes que les piden un cambio, y escuchen. Escuchen sus preocupaciones e insp\u00edrense en su visi\u00f3n, porque es nuestro presente el que definir\u00e1 su futuro\u201d.<\/p>\n<p>\u201cSeamos recordados por nuestra decisi\u00f3n de ser esperanzados frente a la desesperaci\u00f3n y de permanecer unidos en la misi\u00f3n de garantizar que nadie se quede sin los medios necesarios para llevar una vida digna\u201d, concluye el texto del Sucesor de Pedro.<\/p>\n<p>A continuaci\u00f3n, sigue el contenido \u00edntegro del mensaje del Papa.<\/p>\n<p>***<\/p>\n<h4><strong>Mensaje del Santo Padre<\/strong><\/h4>\n<p>A Su Excelencia<br \/>\nel Doctor Qu Dongyu<br \/>\nDirector General de la FAO<\/p>\n<p>Se\u00f1or Director General:<\/p>\n<p>Saludo cordialmente, en nombre del Santo Padre Francisco, a todos los participantes en el Foro Mundial de la Alimentaci\u00f3n, destinado a la promoci\u00f3n de la acci\u00f3n liderada por j\u00f3venes para la transformaci\u00f3n de nuestros sistemas alimentarios. Agradezco a Vuestra Excelencia y al Comit\u00e9 de la Juventud de la FAO haber tenido el acierto de convocar esta significativa reuni\u00f3n y prestar su apoyo a una nueva generaci\u00f3n de l\u00edderes que tienen hambre de justicia.<\/p>\n<p>Hoy los j\u00f3venes de todo el mundo est\u00e1n cultivando su creatividad y su energ\u00eda para abordar las causas estructurales de la actual crisis alimentaria, desde prolongados conflictos armados hasta los efectos devastadores del cambio clim\u00e1tico. Su sentido de pertenencia a una misma comunidad y al planeta les otorga un pujante cariz de urgencia para actuar y resolver los retos que afligen a la familia humana de manera novedosa. Su regalo para nosotros consiste en aportar soluciones innovadoras para abordar viejos problemas y en la valent\u00eda para no dejarse limitar por un pensamiento miope que se resiste a cambiar.<\/p>\n<p>Hace pocas semanas, los l\u00edderes del mundo se reunieron en Nueva York para celebrar la Cumbre de la ONU sobre Sistemas Alimentarios. Se comprometieron a trabajar juntos para lograr la realizaci\u00f3n del Objetivo de Desarrollo Sostenible n\u00famero 2, que batalla por erradicar el hambre en el mundo. Sus palabras son una promesa a nuestros hermanos y hermanas, a nuestros hijos e hijas y a nuestros nietos.<\/p>\n<p>Con esta convicci\u00f3n, pido a todos los j\u00f3venes reunidos en el Foro Mundial de la Alimentaci\u00f3n que sean intr\u00e9pidos y decididos. Les pido que permanezcan unidos y firmes en sus prop\u00f3sitos. No sean mezquinos en sus sue\u00f1os, luchen por un futuro mejor y conviertan esos anhelos en acciones concretas y significativas. Dejen atr\u00e1s rutinas y falsos espejismos y regeneren este mundo tan sacudido por la pandemia. Y esto ser\u00e1 una feliz realidad si siembran solidaridad, creatividad y nobleza de esp\u00edritu.<\/p>\n<p>Y a cuantos ahora deben cumplir los compromisos formulados en los \u00faltimos meses compete no defraudar a las nuevas generaciones. Miren profundamente a los ojos de los j\u00f3venes que les piden un cambio, y escuchen. Escuchen sus preocupaciones e insp\u00edrense en su visi\u00f3n, porque es nuestro presente el que definir\u00e1 su futuro.<\/p>\n<p>Seamos recordados por nuestra decisi\u00f3n de ser esperanzados frente a la desesperaci\u00f3n y de permanecer unidos en la misi\u00f3n de garantizar que nadie se quede sin los medios necesarios para llevar una vida digna.<\/p>\n<p>Rezo por todos ustedes para que sus trabajos de estos d\u00edas se vean colmados de bendiciones divinas.<\/p>\n<p>Vaticano, 1 de octubre de 2021<\/p>\n<p>Pietro Card. Parolin<\/p>\n<p>Secretario de Estado<\/p>\n<p><strong>\u00a9 Librer\u00eda Editora Vaticana<\/strong><\/p>\n","protected":false},"excerpt":{"rendered":"<p>Mensaje en inauguraci\u00f3n del Foro Mundial de la Alimentaci\u00f3n<\/p>\n","protected":false},"author":5,"featured_media":35318,"comment_status":"open","ping_status":"open","sticky":false,"template":"","format":"standard","meta":{"_acf_changed":false,"_crdt_document":"","inline_featured_image":false,"footnotes":""},"categories":[118,298],"tags":[4372,1096,158],"class_list":["post-35316","post","type-post","status-publish","format-standard","has-post-thumbnail","hentry","category-mensajes","category-ultimas-noticias","tag-comite-de-jovenes-de-la-fao","tag-fao-es","tag-papa-francisco"],"acf":[],"yoast_head":"<!-- This site is optimized with the Yoast SEO plugin v27.4 - https:\/\/yoast.com\/product\/yoast-seo-wordpress\/ -->\n<title>El Papa a j\u00f3venes de FAO: Regenerar el mundo \u201csacudido por la pandemia\u201d &#8211; Exaudi<\/title>\n<meta name=\"description\" content=\"El Papa dijo al Comit\u00e9 de J\u00f3venes de la FAO: \u201cDejen atr\u00e1s rutinas y falsos espejismos y regeneren este mundo tan sacudido por la pandemia\u201d\" \/>\n<meta name=\"robots\" content=\"index, follow, max-snippet:-1, max-image-preview:large, max-video-preview:-1\" \/>\n<link rel=\"canonical\" href=\"https:\/\/exaudi.org\/es\/papa-jovenes-fao-regenerar-mundo-pandemia\/\" \/>\n<meta property=\"og:locale\" content=\"es_ES\" \/>\n<meta property=\"og:type\" content=\"article\" \/>\n<meta property=\"og:title\" content=\"El Papa a j\u00f3venes de FAO: Regenerar el mundo \u201csacudido por la pandemia\u201d &#8211; Exaudi\" \/>\n<meta property=\"og:description\" content=\"El Papa dijo al Comit\u00e9 de J\u00f3venes de la FAO: \u201cDejen atr\u00e1s rutinas y falsos espejismos y regeneren este mundo tan sacudido por la pandemia\u201d\" \/>\n<meta property=\"og:url\" content=\"https:\/\/exaudi.org\/es\/papa-jovenes-fao-regenerar-mundo-pandemia\/\" \/>\n<meta property=\"og:site_name\" content=\"Exaudi\" \/>\n<meta property=\"article:publisher\" content=\"https:\/\/www.facebook.com\/ExaudiNews\" \/>\n<meta property=\"article:published_time\" content=\"2021-10-01T14:16:07+00:00\" \/>\n<meta property=\"article:modified_time\" content=\"2021-10-02T08:25:44+00:00\" \/>\n<meta property=\"og:image\" content=\"https:\/\/exaudi.org\/wp-content\/uploads\/2021\/10\/pexels-kolonko-9165690-scaled.jpg\" \/>\n\t<meta property=\"og:image:width\" content=\"2560\" \/>\n\t<meta property=\"og:image:height\" content=\"1920\" \/>\n\t<meta property=\"og:image:type\" content=\"image\/jpeg\" \/>\n<meta name=\"author\" content=\"Larissa I. L\u00f3pez\" \/>\n<meta name=\"twitter:card\" content=\"summary_large_image\" \/>\n<meta name=\"twitter:creator\" content=\"@Exaudi_News\" \/>\n<meta name=\"twitter:site\" content=\"@Exaudi_News\" \/>\n<meta name=\"twitter:label1\" content=\"Escrito por\" \/>\n\t<meta name=\"twitter:data1\" content=\"Larissa I. L\u00f3pez\" \/>\n\t<meta name=\"twitter:label2\" content=\"Tiempo de lectura\" \/>\n\t<meta name=\"twitter:data2\" content=\"4 minutos\" \/>\n<script type=\"application\/ld+json\" class=\"yoast-schema-graph\">{\"@context\":\"https:\\\/\\\/schema.org\",\"@graph\":[{\"@type\":\"Article\",\"@id\":\"https:\\\/\\\/exaudi.org\\\/es\\\/papa-jovenes-fao-regenerar-mundo-pandemia\\\/#article\",\"isPartOf\":{\"@id\":\"https:\\\/\\\/exaudi.org\\\/es\\\/papa-jovenes-fao-regenerar-mundo-pandemia\\\/\"},\"author\":{\"name\":\"Larissa I. L\u00f3pez\",\"@id\":\"https:\\\/\\\/exaudi.org\\\/#\\\/schema\\\/person\\\/7d2f77db033c2c0929edfab6dbe8c588\"},\"headline\":\"El Papa a j\u00f3venes de FAO: Regenerar el mundo \u201csacudido por la pandemia\u201d\",\"datePublished\":\"2021-10-01T14:16:07+00:00\",\"dateModified\":\"2021-10-02T08:25:44+00:00\",\"mainEntityOfPage\":{\"@id\":\"https:\\\/\\\/exaudi.org\\\/es\\\/papa-jovenes-fao-regenerar-mundo-pandemia\\\/\"},\"wordCount\":815,\"commentCount\":0,\"image\":{\"@id\":\"https:\\\/\\\/exaudi.org\\\/es\\\/papa-jovenes-fao-regenerar-mundo-pandemia\\\/#primaryimage\"},\"thumbnailUrl\":\"https:\\\/\\\/exaudi.org\\\/wp-content\\\/uploads\\\/2021\\\/10\\\/pexels-kolonko-9165690-scaled.jpg\",\"keywords\":[\"Comit\u00e9 de J\u00f3venes de la FAO\",\"FAO\",\"papa francisco\"],\"articleSection\":[\"Mensajes\",\"\u00daltimas noticias\"],\"inLanguage\":\"es\",\"potentialAction\":[{\"@type\":\"CommentAction\",\"name\":\"Comment\",\"target\":[\"https:\\\/\\\/exaudi.org\\\/es\\\/papa-jovenes-fao-regenerar-mundo-pandemia\\\/#respond\"]}]},{\"@type\":\"WebPage\",\"@id\":\"https:\\\/\\\/exaudi.org\\\/es\\\/papa-jovenes-fao-regenerar-mundo-pandemia\\\/\",\"url\":\"https:\\\/\\\/exaudi.org\\\/es\\\/papa-jovenes-fao-regenerar-mundo-pandemia\\\/\",\"name\":\"El Papa a j\u00f3venes de FAO: Regenerar el mundo \u201csacudido por la pandemia\u201d &#8211; Exaudi\",\"isPartOf\":{\"@id\":\"https:\\\/\\\/exaudi.org\\\/#website\"},\"primaryImageOfPage\":{\"@id\":\"https:\\\/\\\/exaudi.org\\\/es\\\/papa-jovenes-fao-regenerar-mundo-pandemia\\\/#primaryimage\"},\"image\":{\"@id\":\"https:\\\/\\\/exaudi.org\\\/es\\\/papa-jovenes-fao-regenerar-mundo-pandemia\\\/#primaryimage\"},\"thumbnailUrl\":\"https:\\\/\\\/exaudi.org\\\/wp-content\\\/uploads\\\/2021\\\/10\\\/pexels-kolonko-9165690-scaled.jpg\",\"datePublished\":\"2021-10-01T14:16:07+00:00\",\"dateModified\":\"2021-10-02T08:25:44+00:00\",\"author\":{\"@id\":\"https:\\\/\\\/exaudi.org\\\/#\\\/schema\\\/person\\\/7d2f77db033c2c0929edfab6dbe8c588\"},\"description\":\"El Papa dijo al Comit\u00e9 de J\u00f3venes de la FAO: \u201cDejen atr\u00e1s rutinas y falsos espejismos y regeneren este mundo tan sacudido por la pandemia\u201d\",\"breadcrumb\":{\"@id\":\"https:\\\/\\\/exaudi.org\\\/es\\\/papa-jovenes-fao-regenerar-mundo-pandemia\\\/#breadcrumb\"},\"inLanguage\":\"es\",\"potentialAction\":[{\"@type\":\"ReadAction\",\"target\":[\"https:\\\/\\\/exaudi.org\\\/es\\\/papa-jovenes-fao-regenerar-mundo-pandemia\\\/\"]}]},{\"@type\":\"ImageObject\",\"inLanguage\":\"es\",\"@id\":\"https:\\\/\\\/exaudi.org\\\/es\\\/papa-jovenes-fao-regenerar-mundo-pandemia\\\/#primaryimage\",\"url\":\"https:\\\/\\\/exaudi.org\\\/wp-content\\\/uploads\\\/2021\\\/10\\\/pexels-kolonko-9165690-scaled.jpg\",\"contentUrl\":\"https:\\\/\\\/exaudi.org\\\/wp-content\\\/uploads\\\/2021\\\/10\\\/pexels-kolonko-9165690-scaled.jpg\",\"width\":2560,\"height\":1920,\"caption\":\"\u00a9 Pexels. Kolonko\"},{\"@type\":\"BreadcrumbList\",\"@id\":\"https:\\\/\\\/exaudi.org\\\/es\\\/papa-jovenes-fao-regenerar-mundo-pandemia\\\/#breadcrumb\",\"itemListElement\":[{\"@type\":\"ListItem\",\"position\":1,\"name\":\"Portada\",\"item\":\"https:\\\/\\\/exaudi.org\\\/es\\\/\"},{\"@type\":\"ListItem\",\"position\":2,\"name\":\"El Papa a j\u00f3venes de FAO: Regenerar el mundo \u201csacudido por la pandemia\u201d\"}]},{\"@type\":\"WebSite\",\"@id\":\"https:\\\/\\\/exaudi.org\\\/#website\",\"url\":\"https:\\\/\\\/exaudi.org\\\/\",\"name\":\"Exaudi\",\"description\":\"News\",\"potentialAction\":[{\"@type\":\"SearchAction\",\"target\":{\"@type\":\"EntryPoint\",\"urlTemplate\":\"https:\\\/\\\/exaudi.org\\\/?s={search_term_string}\"},\"query-input\":{\"@type\":\"PropertyValueSpecification\",\"valueRequired\":true,\"valueName\":\"search_term_string\"}}],\"inLanguage\":\"es\"},{\"@type\":\"Person\",\"@id\":\"https:\\\/\\\/exaudi.org\\\/#\\\/schema\\\/person\\\/7d2f77db033c2c0929edfab6dbe8c588\",\"name\":\"Larissa I. L\u00f3pez\",\"image\":{\"@type\":\"ImageObject\",\"inLanguage\":\"es\",\"@id\":\"https:\\\/\\\/secure.gravatar.com\\\/avatar\\\/db3ef399ff343d0bb9d25dc5198bc8ece5ac6d621eca79876697a354dabc1e3f?s=96&d=mm&r=g\",\"url\":\"https:\\\/\\\/secure.gravatar.com\\\/avatar\\\/db3ef399ff343d0bb9d25dc5198bc8ece5ac6d621eca79876697a354dabc1e3f?s=96&d=mm&r=g\",\"contentUrl\":\"https:\\\/\\\/secure.gravatar.com\\\/avatar\\\/db3ef399ff343d0bb9d25dc5198bc8ece5ac6d621eca79876697a354dabc1e3f?s=96&d=mm&r=g\",\"caption\":\"Larissa I. L\u00f3pez\"},\"description\":\"Doctora en Comunicaci\u00f3n. Mi trayectoria profesional ha transcurrido entre el \u00e1mbito de la comunicaci\u00f3n y el de la docencia. En los \u00faltimos a\u00f1os, he trabajado como coordinadora y redactora de la edici\u00f3n de ZENIT en espa\u00f1ol. Como profesora, he impartido clases en la universidad y en centros de FP y bachillerato. Cordobesa de nacimiento, tambi\u00e9n he vivido en Sevilla, Madrid y Roma\",\"url\":\"https:\\\/\\\/exaudi.org\\\/es\\\/author\\\/llopezexaudi-org\\\/\"}]}<\/script>\n<!-- \/ Yoast SEO plugin. -->","yoast_head_json":{"title":"El Papa a j\u00f3venes de FAO: Regenerar el mundo \u201csacudido por la pandemia\u201d &#8211; Exaudi","description":"El Papa dijo al Comit\u00e9 de J\u00f3venes de la FAO: \u201cDejen atr\u00e1s rutinas y falsos espejismos y regeneren este mundo tan sacudido por la pandemia\u201d","robots":{"index":"index","follow":"follow","max-snippet":"max-snippet:-1","max-image-preview":"max-image-preview:large","max-video-preview":"max-video-preview:-1"},"canonical":"https:\/\/exaudi.org\/es\/papa-jovenes-fao-regenerar-mundo-pandemia\/","og_locale":"es_ES","og_type":"article","og_title":"El Papa a j\u00f3venes de FAO: Regenerar el mundo \u201csacudido por la pandemia\u201d &#8211; Exaudi","og_description":"El Papa dijo al Comit\u00e9 de J\u00f3venes de la FAO: \u201cDejen atr\u00e1s rutinas y falsos espejismos y regeneren este mundo tan sacudido por la pandemia\u201d","og_url":"https:\/\/exaudi.org\/es\/papa-jovenes-fao-regenerar-mundo-pandemia\/","og_site_name":"Exaudi","article_publisher":"https:\/\/www.facebook.com\/ExaudiNews","article_published_time":"2021-10-01T14:16:07+00:00","article_modified_time":"2021-10-02T08:25:44+00:00","og_image":[{"width":2560,"height":1920,"url":"https:\/\/exaudi.org\/wp-content\/uploads\/2021\/10\/pexels-kolonko-9165690-scaled.jpg","type":"image\/jpeg"}],"author":"Larissa I. L\u00f3pez","twitter_card":"summary_large_image","twitter_creator":"@Exaudi_News","twitter_site":"@Exaudi_News","twitter_misc":{"Escrito por":"Larissa I. L\u00f3pez","Tiempo de lectura":"4 minutos"},"schema":{"@context":"https:\/\/schema.org","@graph":[{"@type":"Article","@id":"https:\/\/exaudi.org\/es\/papa-jovenes-fao-regenerar-mundo-pandemia\/#article","isPartOf":{"@id":"https:\/\/exaudi.org\/es\/papa-jovenes-fao-regenerar-mundo-pandemia\/"},"author":{"name":"Larissa I. L\u00f3pez","@id":"https:\/\/exaudi.org\/#\/schema\/person\/7d2f77db033c2c0929edfab6dbe8c588"},"headline":"El Papa a j\u00f3venes de FAO: Regenerar el mundo \u201csacudido por la pandemia\u201d","datePublished":"2021-10-01T14:16:07+00:00","dateModified":"2021-10-02T08:25:44+00:00","mainEntityOfPage":{"@id":"https:\/\/exaudi.org\/es\/papa-jovenes-fao-regenerar-mundo-pandemia\/"},"wordCount":815,"commentCount":0,"image":{"@id":"https:\/\/exaudi.org\/es\/papa-jovenes-fao-regenerar-mundo-pandemia\/#primaryimage"},"thumbnailUrl":"https:\/\/exaudi.org\/wp-content\/uploads\/2021\/10\/pexels-kolonko-9165690-scaled.jpg","keywords":["Comit\u00e9 de J\u00f3venes de la FAO","FAO","papa francisco"],"articleSection":["Mensajes","\u00daltimas noticias"],"inLanguage":"es","potentialAction":[{"@type":"CommentAction","name":"Comment","target":["https:\/\/exaudi.org\/es\/papa-jovenes-fao-regenerar-mundo-pandemia\/#respond"]}]},{"@type":"WebPage","@id":"https:\/\/exaudi.org\/es\/papa-jovenes-fao-regenerar-mundo-pandemia\/","url":"https:\/\/exaudi.org\/es\/papa-jovenes-fao-regenerar-mundo-pandemia\/","name":"El Papa a j\u00f3venes de FAO: Regenerar el mundo \u201csacudido por la pandemia\u201d &#8211; Exaudi","isPartOf":{"@id":"https:\/\/exaudi.org\/#website"},"primaryImageOfPage":{"@id":"https:\/\/exaudi.org\/es\/papa-jovenes-fao-regenerar-mundo-pandemia\/#primaryimage"},"image":{"@id":"https:\/\/exaudi.org\/es\/papa-jovenes-fao-regenerar-mundo-pandemia\/#primaryimage"},"thumbnailUrl":"https:\/\/exaudi.org\/wp-content\/uploads\/2021\/10\/pexels-kolonko-9165690-scaled.jpg","datePublished":"2021-10-01T14:16:07+00:00","dateModified":"2021-10-02T08:25:44+00:00","author":{"@id":"https:\/\/exaudi.org\/#\/schema\/person\/7d2f77db033c2c0929edfab6dbe8c588"},"description":"El Papa dijo al Comit\u00e9 de J\u00f3venes de la FAO: \u201cDejen atr\u00e1s rutinas y falsos espejismos y regeneren este mundo tan sacudido por la pandemia\u201d","breadcrumb":{"@id":"https:\/\/exaudi.org\/es\/papa-jovenes-fao-regenerar-mundo-pandemia\/#breadcrumb"},"inLanguage":"es","potentialAction":[{"@type":"ReadAction","target":["https:\/\/exaudi.org\/es\/papa-jovenes-fao-regenerar-mundo-pandemia\/"]}]},{"@type":"ImageObject","inLanguage":"es","@id":"https:\/\/exaudi.org\/es\/papa-jovenes-fao-regenerar-mundo-pandemia\/#primaryimage","url":"https:\/\/exaudi.org\/wp-content\/uploads\/2021\/10\/pexels-kolonko-9165690-scaled.jpg","contentUrl":"https:\/\/exaudi.org\/wp-content\/uploads\/2021\/10\/pexels-kolonko-9165690-scaled.jpg","width":2560,"height":1920,"caption":"\u00a9 Pexels. Kolonko"},{"@type":"BreadcrumbList","@id":"https:\/\/exaudi.org\/es\/papa-jovenes-fao-regenerar-mundo-pandemia\/#breadcrumb","itemListElement":[{"@type":"ListItem","position":1,"name":"Portada","item":"https:\/\/exaudi.org\/es\/"},{"@type":"ListItem","position":2,"name":"El Papa a j\u00f3venes de FAO: Regenerar el mundo \u201csacudido por la pandemia\u201d"}]},{"@type":"WebSite","@id":"https:\/\/exaudi.org\/#website","url":"https:\/\/exaudi.org\/","name":"Exaudi","description":"News","potentialAction":[{"@type":"SearchAction","target":{"@type":"EntryPoint","urlTemplate":"https:\/\/exaudi.org\/?s={search_term_string}"},"query-input":{"@type":"PropertyValueSpecification","valueRequired":true,"valueName":"search_term_string"}}],"inLanguage":"es"},{"@type":"Person","@id":"https:\/\/exaudi.org\/#\/schema\/person\/7d2f77db033c2c0929edfab6dbe8c588","name":"Larissa I. L\u00f3pez","image":{"@type":"ImageObject","inLanguage":"es","@id":"https:\/\/secure.gravatar.com\/avatar\/db3ef399ff343d0bb9d25dc5198bc8ece5ac6d621eca79876697a354dabc1e3f?s=96&d=mm&r=g","url":"https:\/\/secure.gravatar.com\/avatar\/db3ef399ff343d0bb9d25dc5198bc8ece5ac6d621eca79876697a354dabc1e3f?s=96&d=mm&r=g","contentUrl":"https:\/\/secure.gravatar.com\/avatar\/db3ef399ff343d0bb9d25dc5198bc8ece5ac6d621eca79876697a354dabc1e3f?s=96&d=mm&r=g","caption":"Larissa I. L\u00f3pez"},"description":"Doctora en Comunicaci\u00f3n. Mi trayectoria profesional ha transcurrido entre el \u00e1mbito de la comunicaci\u00f3n y el de la docencia. En los \u00faltimos a\u00f1os, he trabajado como coordinadora y redactora de la edici\u00f3n de ZENIT en espa\u00f1ol. Como profesora, he impartido clases en la universidad y en centros de FP y bachillerato. Cordobesa de nacimiento, tambi\u00e9n he vivido en Sevilla, Madrid y Roma","url":"https:\/\/exaudi.org\/es\/author\/llopezexaudi-org\/"}]}},"jetpack_featured_media_url":"https:\/\/exaudi.org\/wp-content\/uploads\/2021\/10\/pexels-kolonko-9165690-scaled.jpg","jetpack_shortlink":"https:\/\/wp.me\/pgKjF2-9bC","_links":{"self":[{"href":"https:\/\/exaudi.org\/es\/wp-json\/wp\/v2\/posts\/35316","targetHints":{"allow":["GET"]}}],"collection":[{"href":"https:\/\/exaudi.org\/es\/wp-json\/wp\/v2\/posts"}],"about":[{"href":"https:\/\/exaudi.org\/es\/wp-json\/wp\/v2\/types\/post"}],"author":[{"embeddable":true,"href":"https:\/\/exaudi.org\/es\/wp-json\/wp\/v2\/users\/5"}],"replies":[{"embeddable":true,"href":"https:\/\/exaudi.org\/es\/wp-json\/wp\/v2\/comments?post=35316"}],"version-history":[{"count":0,"href":"https:\/\/exaudi.org\/es\/wp-json\/wp\/v2\/posts\/35316\/revisions"}],"wp:featuredmedia":[{"embeddable":true,"href":"https:\/\/exaudi.org\/es\/wp-json\/wp\/v2\/media\/35318"}],"wp:attachment":[{"href":"https:\/\/exaudi.org\/es\/wp-json\/wp\/v2\/media?parent=35316"}],"wp:term":[{"taxonomy":"category","embeddable":true,"href":"https:\/\/exaudi.org\/es\/wp-json\/wp\/v2\/categories?post=35316"},{"taxonomy":"post_tag","embeddable":true,"href":"https:\/\/exaudi.org\/es\/wp-json\/wp\/v2\/tags?post=35316"}],"curies":[{"name":"wp","href":"https:\/\/api.w.org\/{rel}","templated":true}]}}