{"id":35242,"date":"2021-10-01T11:27:13","date_gmt":"2021-10-01T09:27:13","guid":{"rendered":"https:\/\/exaudi.wpengine.com\/?p=35242"},"modified":"2021-10-01T15:31:31","modified_gmt":"2021-10-01T13:31:31","slug":"jesus-animador-laudato-si-quiero-jovenes-originales","status":"publish","type":"post","link":"https:\/\/exaudi.org\/es\/jesus-animador-laudato-si-quiero-jovenes-originales\/","title":{"rendered":"Jes\u00fas, animador Laudato Si&#8217;: \u201c\u00a1Quiero j\u00f3venes originales!\u201d"},"content":{"rendered":"<p><span style=\"font-weight: 400;\">\u201cSiempre le digo a Dios: \u00a1quiero j\u00f3venes originales!\u201d. Son palabras de <\/span>Jes\u00fas Telles, joven psic\u00f3logo de Venezuela, de <a href=\"https:\/\/laudatosianimators.org\/es\/home-es\/\" target=\"_blank\" rel=\"noopener\">animadores Laudato Si\u2019<\/a> en su di\u00f3cesis, Nuestra Se\u00f1ora de la Presentaci\u00f3n, y tambi\u00e9n responsable de un <a href=\"https:\/\/laudatosimovement.org\/es\/laudato-si-circles-es\/\" target=\"_blank\" rel=\"noopener\">c\u00edrculo Laudato Si\u2019<\/a>.<\/p>\n<p><img loading=\"lazy\" decoding=\"async\" class=\"size-medium wp-image-35281 alignleft\" src=\"https:\/\/exaudi.wpengine.com\/wp-content\/uploads\/2021\/10\/venezuela6-300x225.jpeg\" alt=\"\" width=\"300\" height=\"225\" srcset=\"https:\/\/exaudi.org\/wp-content\/uploads\/2021\/10\/venezuela6-300x225.jpeg 300w, https:\/\/exaudi.org\/wp-content\/uploads\/2021\/10\/venezuela6-1024x767.jpeg 1024w, https:\/\/exaudi.org\/wp-content\/uploads\/2021\/10\/venezuela6-768x575.jpeg 768w, https:\/\/exaudi.org\/wp-content\/uploads\/2021\/10\/venezuela6-150x112.jpeg 150w, https:\/\/exaudi.org\/wp-content\/uploads\/2021\/10\/venezuela6-696x521.jpeg 696w, https:\/\/exaudi.org\/wp-content\/uploads\/2021\/10\/venezuela6-1068x800.jpeg 1068w, https:\/\/exaudi.org\/wp-content\/uploads\/2021\/10\/venezuela6-561x420.jpeg 561w, https:\/\/exaudi.org\/wp-content\/uploads\/2021\/10\/venezuela6-80x60.jpeg 80w, https:\/\/exaudi.org\/wp-content\/uploads\/2021\/10\/venezuela6-265x198.jpeg 265w, https:\/\/exaudi.org\/wp-content\/uploads\/2021\/10\/venezuela6.jpeg 1080w\" sizes=\"auto, (max-width: 300px) 100vw, 300px\" \/>Tras un a\u00f1o como animador, el joven que reside en San Felipe, departamento de Yaracuy, es testigo de c\u00f3mo el inter\u00e9s de las personas en el cuidado de la casa com\u00fan est\u00e1 en constante crecimiento. Con su c\u00edrculo est\u00e1n trabajando en el \u201cProyecto G\u00e9nesis\u201d, buscando crear grupos juveniles y <a href=\"https:\/\/exaudi.wpengine.com\/es\/movimiento-catolico-mundial-clima-laudato-si\/\" target=\"_blank\" rel=\"noopener\">c\u00edrculos Laudato Si\u2019<\/a>, \u201cuna pastoral ecol\u00f3gica en las parroquias d\u00f3nde no lo hay\u201d.<\/p>\n<p><span style=\"font-weight: 400;\">\u201cQueremos enamorar a las personas de la enc\u00edclica y el cuidado de la casa com\u00fan\u201d, afirma Jes\u00fas, y con orgullo cuenta que ya son cinco los c\u00edrculos y grupos que han comenzado en el \u00faltimo tiempo. Tambi\u00e9n comparte que han realizado un \u201cforo chat\u201d con los frailes franciscanos para hablar sobre la vida de San Francisco de As\u00eds.<\/span><\/p>\n<p><span style=\"font-weight: 400;\">Nuestro estado \u201ces el estado donde reina la naturaleza\u201d, dice Jes\u00fas, hablando de Yaracuy, Venezuela. \u201cPor eso, si esto es as\u00ed, vamos a hacer cuidado de ella\u201d, expresa animando a la comunidad a unirse.\u00a0<\/span><\/p>\n<p><span style=\"font-weight: 400;\"><img loading=\"lazy\" decoding=\"async\" class=\"size-medium wp-image-35287 alignright\" src=\"https:\/\/exaudi.wpengine.com\/wp-content\/uploads\/2021\/10\/venezuela8-300x225.jpeg\" alt=\"\" width=\"300\" height=\"225\" srcset=\"https:\/\/exaudi.org\/wp-content\/uploads\/2021\/10\/venezuela8-300x225.jpeg 300w, https:\/\/exaudi.org\/wp-content\/uploads\/2021\/10\/venezuela8-1024x768.jpeg 1024w, https:\/\/exaudi.org\/wp-content\/uploads\/2021\/10\/venezuela8-768x576.jpeg 768w, https:\/\/exaudi.org\/wp-content\/uploads\/2021\/10\/venezuela8-150x113.jpeg 150w, https:\/\/exaudi.org\/wp-content\/uploads\/2021\/10\/venezuela8-696x522.jpeg 696w, https:\/\/exaudi.org\/wp-content\/uploads\/2021\/10\/venezuela8-1068x801.jpeg 1068w, https:\/\/exaudi.org\/wp-content\/uploads\/2021\/10\/venezuela8-560x420.jpeg 560w, https:\/\/exaudi.org\/wp-content\/uploads\/2021\/10\/venezuela8-80x60.jpeg 80w, https:\/\/exaudi.org\/wp-content\/uploads\/2021\/10\/venezuela8-265x198.jpeg 265w, https:\/\/exaudi.org\/wp-content\/uploads\/2021\/10\/venezuela8.jpeg 1080w\" sizes=\"auto, (max-width: 300px) 100vw, 300px\" \/>Dentro del trabajo del c\u00edrculo, comenzaron una relaci\u00f3n con los guardaparques, los bomberos forestales, y con las personas de turismo. Las actividades se dividen seg\u00fan edades: \u201cCon los ni\u00f1os m\u00e1s peque\u00f1os hacemos actividades de reciclaje, de siembra; con los j\u00f3venes recogemos la basura en las plazas, donamos bolsas pl\u00e1sticas de productos, sembramos plantas; y los adultos se unen cuando ellos quieren. Por ejemplo con la recolecci\u00f3n de firmas para la <\/span><a href=\"https:\/\/thecatholicpetition.org\/es\/home-es\/\"><span style=\"font-weight: 400;\">petici\u00f3n \u2018Planeta sano, gente sana\u2019\u201d<\/span><\/a><span style=\"font-weight: 400;\">.\u00a0<\/span><\/p>\n<p><a href=\"https:\/\/laudatosimovement.org\/es\/2021\/09\/15\/en-el-nuevo-video-del-papa-francisco-nos-anima-elijamos-cambiar-2\/\" target=\"_blank\" rel=\"noopener\"><span style=\"font-weight: 400;\">El Papa Francisco nos dice: \u201cElijamos cambiar\u201d<\/span><\/a><span style=\"font-weight: 400;\">, y para Jes\u00fas es un cambio que se hace muy de a poco: \u201cYo siempre les dije a los muchachos: \u2018Con lo que tu puedas, esto no es una obligaci\u00f3n, pero con un granito que puedas aportar, ya es suficiente\u2019. A veces cuando queremos cambiar, creemos que eso tiene que ser dr\u00e1stico e inmediato. Pero no, los cambios no se dan de uno para el otro, es imposible\u201d.\u00a0<\/span><\/p>\n<p><span style=\"font-weight: 400;\"><img loading=\"lazy\" decoding=\"async\" class=\"size-medium wp-image-35284 alignleft\" src=\"https:\/\/exaudi.wpengine.com\/wp-content\/uploads\/2021\/10\/venezuela2-300x225.jpeg\" alt=\"\" width=\"300\" height=\"225\" srcset=\"https:\/\/exaudi.org\/wp-content\/uploads\/2021\/10\/venezuela2-300x225.jpeg 300w, https:\/\/exaudi.org\/wp-content\/uploads\/2021\/10\/venezuela2-1024x767.jpeg 1024w, https:\/\/exaudi.org\/wp-content\/uploads\/2021\/10\/venezuela2-768x575.jpeg 768w, https:\/\/exaudi.org\/wp-content\/uploads\/2021\/10\/venezuela2-150x112.jpeg 150w, https:\/\/exaudi.org\/wp-content\/uploads\/2021\/10\/venezuela2-696x521.jpeg 696w, https:\/\/exaudi.org\/wp-content\/uploads\/2021\/10\/venezuela2-1068x800.jpeg 1068w, https:\/\/exaudi.org\/wp-content\/uploads\/2021\/10\/venezuela2-561x420.jpeg 561w, https:\/\/exaudi.org\/wp-content\/uploads\/2021\/10\/venezuela2-80x60.jpeg 80w, https:\/\/exaudi.org\/wp-content\/uploads\/2021\/10\/venezuela2-265x198.jpeg 265w, https:\/\/exaudi.org\/wp-content\/uploads\/2021\/10\/venezuela2.jpeg 1080w\" sizes=\"auto, (max-width: 300px) 100vw, 300px\" \/>El joven afirma que para cambiar, el secreto es \u201ccomprender que el cambio que est\u00e1 en nosotros mismos es progresivo, pero lo m\u00e1s importante es empezar, con lo que t\u00fa puedas. Aunque cueste, lo importante es seguir, generar una motivaci\u00f3n\u201d.<\/span><\/p>\n<p><span style=\"font-weight: 400;\">Para el <\/span><a href=\"https:\/\/seasonofcreation.org\/es\/home-es\/\" target=\"_blank\" rel=\"noopener\"><span style=\"font-weight: 400;\">Tiempo de la Creaci\u00f3n<\/span><\/a><span style=\"font-weight: 400;\">, los miembros del c\u00edrculo han tenido muchas iniciativas como la bendici\u00f3n de las mascotas en el d\u00eda de San Francisco, programas de poda y siembra. \u201cPero la esencia que busca el Tiempo de la Creaci\u00f3n es nuestra uni\u00f3n\u201d, indica el joven, \u201cy saber que aunque tengamos ciertas diferencias, al final hay una cosa m\u00e1s grande que nos une, y ah\u00ed est\u00e1 el coraz\u00f3n de Cristo\u201d.<\/span><\/p>\n<p><span style=\"font-weight: 400;\">Como mensaje final para los j\u00f3venes, expresa: \u201cSiempre le digo a Dios: \u00a1quiero j\u00f3venes originales! Yo no puedo amar a Dios como lo hizo San Francisco de As\u00eds o la Madre Teresa de Calcuta, pero lo quiero amar como lo amo yo, con mi originalidad. Yo le digo esto a los j\u00f3venes, que sean originales\u201d.<\/span><\/p>\n","protected":false},"excerpt":{"rendered":"<p>Testimonio de un joven psic\u00f3logo de Venezuela<\/p>\n","protected":false},"author":15,"featured_media":35278,"comment_status":"closed","ping_status":"closed","sticky":false,"template":"","format":"standard","meta":{"_acf_changed":false,"_crdt_document":"","inline_featured_image":false,"footnotes":""},"categories":[80,86,298],"tags":[2379,1242,3491],"class_list":["post-35242","post","type-post","status-publish","format-standard","has-post-thumbnail","hentry","category-ecologia-es","category-iglesia-local","category-ultimas-noticias","tag-ecologia-es","tag-juventud","tag-movimiento-laudato-si"],"acf":[],"yoast_head":"<!-- This site is optimized with the Yoast SEO plugin v27.5 - https:\/\/yoast.com\/product\/yoast-seo-wordpress\/ -->\n<title>Jes\u00fas, animador Laudato Si&#039;: \u201c\u00a1Quiero j\u00f3venes originales!\u201d - Exaudi<\/title>\n<meta name=\"description\" content=\"\u201c\u00a1Quiero j\u00f3venes originales!\u201d. Son palabras de Jes\u00fas Telles, joven animador Laudato Si en su di\u00f3cesis, Nuestra Se\u00f1ora de la Presentaci\u00f3n.\" \/>\n<meta name=\"robots\" content=\"index, follow, max-snippet:-1, max-image-preview:large, max-video-preview:-1\" \/>\n<link rel=\"canonical\" href=\"https:\/\/exaudi.org\/es\/jesus-animador-laudato-si-quiero-jovenes-originales\/\" \/>\n<meta property=\"og:locale\" content=\"es_ES\" \/>\n<meta property=\"og:type\" content=\"article\" \/>\n<meta property=\"og:title\" content=\"Jes\u00fas, animador Laudato Si&#039;: \u201c\u00a1Quiero j\u00f3venes originales!\u201d - Exaudi\" \/>\n<meta property=\"og:description\" content=\"\u201c\u00a1Quiero j\u00f3venes originales!\u201d. Son palabras de Jes\u00fas Telles, joven animador Laudato Si en su di\u00f3cesis, Nuestra Se\u00f1ora de la Presentaci\u00f3n.\" \/>\n<meta property=\"og:url\" content=\"https:\/\/exaudi.org\/es\/jesus-animador-laudato-si-quiero-jovenes-originales\/\" \/>\n<meta property=\"og:site_name\" content=\"Exaudi\" \/>\n<meta property=\"article:publisher\" content=\"https:\/\/www.facebook.com\/ExaudiNews\" \/>\n<meta property=\"article:author\" content=\"https:\/\/www.facebook.com\/ExaudiNoticias\/\" \/>\n<meta property=\"article:published_time\" content=\"2021-10-01T09:27:13+00:00\" \/>\n<meta property=\"article:modified_time\" content=\"2021-10-01T13:31:31+00:00\" \/>\n<meta property=\"og:image\" content=\"https:\/\/exaudi.org\/wp-content\/uploads\/2021\/10\/venezuela7.jpeg\" \/>\n\t<meta property=\"og:image:width\" content=\"1008\" \/>\n\t<meta property=\"og:image:height\" content=\"754\" \/>\n\t<meta property=\"og:image:type\" content=\"image\/jpeg\" \/>\n<meta name=\"author\" content=\"Exaudi Redacci\u00f3n\" \/>\n<meta name=\"twitter:card\" content=\"summary_large_image\" \/>\n<meta name=\"twitter:creator\" content=\"@Exaudi_noticias\" \/>\n<meta name=\"twitter:site\" content=\"@Exaudi_News\" \/>\n<meta name=\"twitter:label1\" content=\"Escrito por\" \/>\n\t<meta name=\"twitter:data1\" content=\"Exaudi Redacci\u00f3n\" \/>\n\t<meta name=\"twitter:label2\" content=\"Tiempo de lectura\" \/>\n\t<meta name=\"twitter:data2\" content=\"3 minutos\" \/>\n<script type=\"application\/ld+json\" class=\"yoast-schema-graph\">{\"@context\":\"https:\\\/\\\/schema.org\",\"@graph\":[{\"@type\":\"Article\",\"@id\":\"https:\\\/\\\/exaudi.org\\\/es\\\/jesus-animador-laudato-si-quiero-jovenes-originales\\\/#article\",\"isPartOf\":{\"@id\":\"https:\\\/\\\/exaudi.org\\\/es\\\/jesus-animador-laudato-si-quiero-jovenes-originales\\\/\"},\"author\":{\"name\":\"Exaudi Redacci\u00f3n\",\"@id\":\"https:\\\/\\\/exaudi.org\\\/#\\\/schema\\\/person\\\/f5fc8f063065e38742da7afe15f25df7\"},\"headline\":\"Jes\u00fas, animador Laudato Si&#8217;: \u201c\u00a1Quiero j\u00f3venes originales!\u201d\",\"datePublished\":\"2021-10-01T09:27:13+00:00\",\"dateModified\":\"2021-10-01T13:31:31+00:00\",\"mainEntityOfPage\":{\"@id\":\"https:\\\/\\\/exaudi.org\\\/es\\\/jesus-animador-laudato-si-quiero-jovenes-originales\\\/\"},\"wordCount\":568,\"image\":{\"@id\":\"https:\\\/\\\/exaudi.org\\\/es\\\/jesus-animador-laudato-si-quiero-jovenes-originales\\\/#primaryimage\"},\"thumbnailUrl\":\"https:\\\/\\\/exaudi.org\\\/wp-content\\\/uploads\\\/2021\\\/10\\\/venezuela7.jpeg\",\"keywords\":[\"ecologia\",\"Juventud\",\"Movimiento Laudato Si'\"],\"articleSection\":[\"Ecolog\u00eda\",\"Iglesia Local\",\"\u00daltimas noticias\"],\"inLanguage\":\"es\"},{\"@type\":\"WebPage\",\"@id\":\"https:\\\/\\\/exaudi.org\\\/es\\\/jesus-animador-laudato-si-quiero-jovenes-originales\\\/\",\"url\":\"https:\\\/\\\/exaudi.org\\\/es\\\/jesus-animador-laudato-si-quiero-jovenes-originales\\\/\",\"name\":\"Jes\u00fas, animador Laudato Si': \u201c\u00a1Quiero j\u00f3venes originales!\u201d - Exaudi\",\"isPartOf\":{\"@id\":\"https:\\\/\\\/exaudi.org\\\/#website\"},\"primaryImageOfPage\":{\"@id\":\"https:\\\/\\\/exaudi.org\\\/es\\\/jesus-animador-laudato-si-quiero-jovenes-originales\\\/#primaryimage\"},\"image\":{\"@id\":\"https:\\\/\\\/exaudi.org\\\/es\\\/jesus-animador-laudato-si-quiero-jovenes-originales\\\/#primaryimage\"},\"thumbnailUrl\":\"https:\\\/\\\/exaudi.org\\\/wp-content\\\/uploads\\\/2021\\\/10\\\/venezuela7.jpeg\",\"datePublished\":\"2021-10-01T09:27:13+00:00\",\"dateModified\":\"2021-10-01T13:31:31+00:00\",\"author\":{\"@id\":\"https:\\\/\\\/exaudi.org\\\/#\\\/schema\\\/person\\\/f5fc8f063065e38742da7afe15f25df7\"},\"description\":\"\u201c\u00a1Quiero j\u00f3venes originales!\u201d. Son palabras de Jes\u00fas Telles, joven animador Laudato Si en su di\u00f3cesis, Nuestra Se\u00f1ora de la Presentaci\u00f3n.\",\"breadcrumb\":{\"@id\":\"https:\\\/\\\/exaudi.org\\\/es\\\/jesus-animador-laudato-si-quiero-jovenes-originales\\\/#breadcrumb\"},\"inLanguage\":\"es\",\"potentialAction\":[{\"@type\":\"ReadAction\",\"target\":[\"https:\\\/\\\/exaudi.org\\\/es\\\/jesus-animador-laudato-si-quiero-jovenes-originales\\\/\"]}]},{\"@type\":\"ImageObject\",\"inLanguage\":\"es\",\"@id\":\"https:\\\/\\\/exaudi.org\\\/es\\\/jesus-animador-laudato-si-quiero-jovenes-originales\\\/#primaryimage\",\"url\":\"https:\\\/\\\/exaudi.org\\\/wp-content\\\/uploads\\\/2021\\\/10\\\/venezuela7.jpeg\",\"contentUrl\":\"https:\\\/\\\/exaudi.org\\\/wp-content\\\/uploads\\\/2021\\\/10\\\/venezuela7.jpeg\",\"width\":1008,\"height\":754,\"caption\":\"Movimiento Laudato Si' en Venezuela \u00a9 Jes\u00fas Telles\"},{\"@type\":\"BreadcrumbList\",\"@id\":\"https:\\\/\\\/exaudi.org\\\/es\\\/jesus-animador-laudato-si-quiero-jovenes-originales\\\/#breadcrumb\",\"itemListElement\":[{\"@type\":\"ListItem\",\"position\":1,\"name\":\"Portada\",\"item\":\"https:\\\/\\\/exaudi.org\\\/es\\\/\"},{\"@type\":\"ListItem\",\"position\":2,\"name\":\"Jes\u00fas, animador Laudato Si&#8217;: \u201c\u00a1Quiero j\u00f3venes originales!\u201d\"}]},{\"@type\":\"WebSite\",\"@id\":\"https:\\\/\\\/exaudi.org\\\/#website\",\"url\":\"https:\\\/\\\/exaudi.org\\\/\",\"name\":\"Exaudi\",\"description\":\"News\",\"potentialAction\":[{\"@type\":\"SearchAction\",\"target\":{\"@type\":\"EntryPoint\",\"urlTemplate\":\"https:\\\/\\\/exaudi.org\\\/?s={search_term_string}\"},\"query-input\":{\"@type\":\"PropertyValueSpecification\",\"valueRequired\":true,\"valueName\":\"search_term_string\"}}],\"inLanguage\":\"es\"},{\"@type\":\"Person\",\"@id\":\"https:\\\/\\\/exaudi.org\\\/#\\\/schema\\\/person\\\/f5fc8f063065e38742da7afe15f25df7\",\"name\":\"Exaudi Redacci\u00f3n\",\"image\":{\"@type\":\"ImageObject\",\"inLanguage\":\"es\",\"@id\":\"https:\\\/\\\/secure.gravatar.com\\\/avatar\\\/fe0f6a059fb68d9b3e11bc5850dd4899b1c7492091a3cb6dd9b01b56ad828be2?s=96&d=mm&r=g\",\"url\":\"https:\\\/\\\/secure.gravatar.com\\\/avatar\\\/fe0f6a059fb68d9b3e11bc5850dd4899b1c7492091a3cb6dd9b01b56ad828be2?s=96&d=mm&r=g\",\"contentUrl\":\"https:\\\/\\\/secure.gravatar.com\\\/avatar\\\/fe0f6a059fb68d9b3e11bc5850dd4899b1c7492091a3cb6dd9b01b56ad828be2?s=96&d=mm&r=g\",\"caption\":\"Exaudi Redacci\u00f3n\"},\"description\":\"\u00bfQu\u00e9 es Exaudi News? Exaudi News es un medio de comunicaci\u00f3n cat\u00f3lico internacional que informa, forma y transforma, diariamente en espa\u00f1ol, ingl\u00e9s e italiano. A trav\u00e9s de noticias, art\u00edculos de an\u00e1lisis y transmisiones en directo de los eventos del Papa, Exaudi busca fortalecer la unidad de los cristianos y contribuir a la evangelizaci\u00f3n del mundo, siempre guiados por la doctrina social de la Iglesia. Trabajamos para acercar la verdad y los valores cristianos a cada rinc\u00f3n del planeta. \u00a1Ay\u00fadanos a transformar el mundo con Exaudi! En Exaudi creemos que la evangelizaci\u00f3n y la informaci\u00f3n de calidad pueden cambiar vidas. Para continuar con nuestra misi\u00f3n y expandir nuestro alcance, necesitamos tu ayuda. Adem\u00e1s, buscamos personas comprometidas que deseen unirse a nuestro equipo. Con tu apoyo, lograremos llegar a m\u00e1s personas, difundir el mensaje de Cristo y reforzar la unidad de los cristianos. \u00bfTe unes a nuestra misi\u00f3n? Para m\u00e1s informaci\u00f3n sobre c\u00f3mo colaborar, visita Exaudi.org\\\/es o cont\u00e1ctanos directamente: info@exaudi.org Exaudi: Informa, forma y transforma.\",\"sameAs\":[\"https:\\\/\\\/www.facebook.com\\\/ExaudiNoticias\\\/\",\"https:\\\/\\\/www.instagram.com\\\/exaudi_noticias\\\/\",\"https:\\\/\\\/x.com\\\/Exaudi_noticias\",\"https:\\\/\\\/www.youtube.com\\\/@exaudicatholicnews\"],\"url\":\"https:\\\/\\\/exaudi.org\\\/es\\\/author\\\/redaccionexaudi\\\/\"}]}<\/script>\n<!-- \/ Yoast SEO plugin. -->","yoast_head_json":{"title":"Jes\u00fas, animador Laudato Si': \u201c\u00a1Quiero j\u00f3venes originales!\u201d - Exaudi","description":"\u201c\u00a1Quiero j\u00f3venes originales!\u201d. Son palabras de Jes\u00fas Telles, joven animador Laudato Si en su di\u00f3cesis, Nuestra Se\u00f1ora de la Presentaci\u00f3n.","robots":{"index":"index","follow":"follow","max-snippet":"max-snippet:-1","max-image-preview":"max-image-preview:large","max-video-preview":"max-video-preview:-1"},"canonical":"https:\/\/exaudi.org\/es\/jesus-animador-laudato-si-quiero-jovenes-originales\/","og_locale":"es_ES","og_type":"article","og_title":"Jes\u00fas, animador Laudato Si': \u201c\u00a1Quiero j\u00f3venes originales!\u201d - Exaudi","og_description":"\u201c\u00a1Quiero j\u00f3venes originales!\u201d. Son palabras de Jes\u00fas Telles, joven animador Laudato Si en su di\u00f3cesis, Nuestra Se\u00f1ora de la Presentaci\u00f3n.","og_url":"https:\/\/exaudi.org\/es\/jesus-animador-laudato-si-quiero-jovenes-originales\/","og_site_name":"Exaudi","article_publisher":"https:\/\/www.facebook.com\/ExaudiNews","article_author":"https:\/\/www.facebook.com\/ExaudiNoticias\/","article_published_time":"2021-10-01T09:27:13+00:00","article_modified_time":"2021-10-01T13:31:31+00:00","og_image":[{"width":1008,"height":754,"url":"https:\/\/exaudi.org\/wp-content\/uploads\/2021\/10\/venezuela7.jpeg","type":"image\/jpeg"}],"author":"Exaudi Redacci\u00f3n","twitter_card":"summary_large_image","twitter_creator":"@Exaudi_noticias","twitter_site":"@Exaudi_News","twitter_misc":{"Escrito por":"Exaudi Redacci\u00f3n","Tiempo de lectura":"3 minutos"},"schema":{"@context":"https:\/\/schema.org","@graph":[{"@type":"Article","@id":"https:\/\/exaudi.org\/es\/jesus-animador-laudato-si-quiero-jovenes-originales\/#article","isPartOf":{"@id":"https:\/\/exaudi.org\/es\/jesus-animador-laudato-si-quiero-jovenes-originales\/"},"author":{"name":"Exaudi Redacci\u00f3n","@id":"https:\/\/exaudi.org\/#\/schema\/person\/f5fc8f063065e38742da7afe15f25df7"},"headline":"Jes\u00fas, animador Laudato Si&#8217;: \u201c\u00a1Quiero j\u00f3venes originales!\u201d","datePublished":"2021-10-01T09:27:13+00:00","dateModified":"2021-10-01T13:31:31+00:00","mainEntityOfPage":{"@id":"https:\/\/exaudi.org\/es\/jesus-animador-laudato-si-quiero-jovenes-originales\/"},"wordCount":568,"image":{"@id":"https:\/\/exaudi.org\/es\/jesus-animador-laudato-si-quiero-jovenes-originales\/#primaryimage"},"thumbnailUrl":"https:\/\/exaudi.org\/wp-content\/uploads\/2021\/10\/venezuela7.jpeg","keywords":["ecologia","Juventud","Movimiento Laudato Si'"],"articleSection":["Ecolog\u00eda","Iglesia Local","\u00daltimas noticias"],"inLanguage":"es"},{"@type":"WebPage","@id":"https:\/\/exaudi.org\/es\/jesus-animador-laudato-si-quiero-jovenes-originales\/","url":"https:\/\/exaudi.org\/es\/jesus-animador-laudato-si-quiero-jovenes-originales\/","name":"Jes\u00fas, animador Laudato Si': \u201c\u00a1Quiero j\u00f3venes originales!\u201d - Exaudi","isPartOf":{"@id":"https:\/\/exaudi.org\/#website"},"primaryImageOfPage":{"@id":"https:\/\/exaudi.org\/es\/jesus-animador-laudato-si-quiero-jovenes-originales\/#primaryimage"},"image":{"@id":"https:\/\/exaudi.org\/es\/jesus-animador-laudato-si-quiero-jovenes-originales\/#primaryimage"},"thumbnailUrl":"https:\/\/exaudi.org\/wp-content\/uploads\/2021\/10\/venezuela7.jpeg","datePublished":"2021-10-01T09:27:13+00:00","dateModified":"2021-10-01T13:31:31+00:00","author":{"@id":"https:\/\/exaudi.org\/#\/schema\/person\/f5fc8f063065e38742da7afe15f25df7"},"description":"\u201c\u00a1Quiero j\u00f3venes originales!\u201d. Son palabras de Jes\u00fas Telles, joven animador Laudato Si en su di\u00f3cesis, Nuestra Se\u00f1ora de la Presentaci\u00f3n.","breadcrumb":{"@id":"https:\/\/exaudi.org\/es\/jesus-animador-laudato-si-quiero-jovenes-originales\/#breadcrumb"},"inLanguage":"es","potentialAction":[{"@type":"ReadAction","target":["https:\/\/exaudi.org\/es\/jesus-animador-laudato-si-quiero-jovenes-originales\/"]}]},{"@type":"ImageObject","inLanguage":"es","@id":"https:\/\/exaudi.org\/es\/jesus-animador-laudato-si-quiero-jovenes-originales\/#primaryimage","url":"https:\/\/exaudi.org\/wp-content\/uploads\/2021\/10\/venezuela7.jpeg","contentUrl":"https:\/\/exaudi.org\/wp-content\/uploads\/2021\/10\/venezuela7.jpeg","width":1008,"height":754,"caption":"Movimiento Laudato Si' en Venezuela \u00a9 Jes\u00fas Telles"},{"@type":"BreadcrumbList","@id":"https:\/\/exaudi.org\/es\/jesus-animador-laudato-si-quiero-jovenes-originales\/#breadcrumb","itemListElement":[{"@type":"ListItem","position":1,"name":"Portada","item":"https:\/\/exaudi.org\/es\/"},{"@type":"ListItem","position":2,"name":"Jes\u00fas, animador Laudato Si&#8217;: \u201c\u00a1Quiero j\u00f3venes originales!\u201d"}]},{"@type":"WebSite","@id":"https:\/\/exaudi.org\/#website","url":"https:\/\/exaudi.org\/","name":"Exaudi","description":"News","potentialAction":[{"@type":"SearchAction","target":{"@type":"EntryPoint","urlTemplate":"https:\/\/exaudi.org\/?s={search_term_string}"},"query-input":{"@type":"PropertyValueSpecification","valueRequired":true,"valueName":"search_term_string"}}],"inLanguage":"es"},{"@type":"Person","@id":"https:\/\/exaudi.org\/#\/schema\/person\/f5fc8f063065e38742da7afe15f25df7","name":"Exaudi Redacci\u00f3n","image":{"@type":"ImageObject","inLanguage":"es","@id":"https:\/\/secure.gravatar.com\/avatar\/fe0f6a059fb68d9b3e11bc5850dd4899b1c7492091a3cb6dd9b01b56ad828be2?s=96&d=mm&r=g","url":"https:\/\/secure.gravatar.com\/avatar\/fe0f6a059fb68d9b3e11bc5850dd4899b1c7492091a3cb6dd9b01b56ad828be2?s=96&d=mm&r=g","contentUrl":"https:\/\/secure.gravatar.com\/avatar\/fe0f6a059fb68d9b3e11bc5850dd4899b1c7492091a3cb6dd9b01b56ad828be2?s=96&d=mm&r=g","caption":"Exaudi Redacci\u00f3n"},"description":"\u00bfQu\u00e9 es Exaudi News? Exaudi News es un medio de comunicaci\u00f3n cat\u00f3lico internacional que informa, forma y transforma, diariamente en espa\u00f1ol, ingl\u00e9s e italiano. A trav\u00e9s de noticias, art\u00edculos de an\u00e1lisis y transmisiones en directo de los eventos del Papa, Exaudi busca fortalecer la unidad de los cristianos y contribuir a la evangelizaci\u00f3n del mundo, siempre guiados por la doctrina social de la Iglesia. Trabajamos para acercar la verdad y los valores cristianos a cada rinc\u00f3n del planeta. \u00a1Ay\u00fadanos a transformar el mundo con Exaudi! En Exaudi creemos que la evangelizaci\u00f3n y la informaci\u00f3n de calidad pueden cambiar vidas. Para continuar con nuestra misi\u00f3n y expandir nuestro alcance, necesitamos tu ayuda. Adem\u00e1s, buscamos personas comprometidas que deseen unirse a nuestro equipo. Con tu apoyo, lograremos llegar a m\u00e1s personas, difundir el mensaje de Cristo y reforzar la unidad de los cristianos. \u00bfTe unes a nuestra misi\u00f3n? Para m\u00e1s informaci\u00f3n sobre c\u00f3mo colaborar, visita Exaudi.org\/es o cont\u00e1ctanos directamente: info@exaudi.org Exaudi: Informa, forma y transforma.","sameAs":["https:\/\/www.facebook.com\/ExaudiNoticias\/","https:\/\/www.instagram.com\/exaudi_noticias\/","https:\/\/x.com\/Exaudi_noticias","https:\/\/www.youtube.com\/@exaudicatholicnews"],"url":"https:\/\/exaudi.org\/es\/author\/redaccionexaudi\/"}]}},"jetpack_featured_media_url":"https:\/\/exaudi.org\/wp-content\/uploads\/2021\/10\/venezuela7.jpeg","jetpack_shortlink":"https:\/\/wp.me\/pgKjF2-9aq","_links":{"self":[{"href":"https:\/\/exaudi.org\/es\/wp-json\/wp\/v2\/posts\/35242","targetHints":{"allow":["GET"]}}],"collection":[{"href":"https:\/\/exaudi.org\/es\/wp-json\/wp\/v2\/posts"}],"about":[{"href":"https:\/\/exaudi.org\/es\/wp-json\/wp\/v2\/types\/post"}],"author":[{"embeddable":true,"href":"https:\/\/exaudi.org\/es\/wp-json\/wp\/v2\/users\/15"}],"replies":[{"embeddable":true,"href":"https:\/\/exaudi.org\/es\/wp-json\/wp\/v2\/comments?post=35242"}],"version-history":[{"count":0,"href":"https:\/\/exaudi.org\/es\/wp-json\/wp\/v2\/posts\/35242\/revisions"}],"wp:featuredmedia":[{"embeddable":true,"href":"https:\/\/exaudi.org\/es\/wp-json\/wp\/v2\/media\/35278"}],"wp:attachment":[{"href":"https:\/\/exaudi.org\/es\/wp-json\/wp\/v2\/media?parent=35242"}],"wp:term":[{"taxonomy":"category","embeddable":true,"href":"https:\/\/exaudi.org\/es\/wp-json\/wp\/v2\/categories?post=35242"},{"taxonomy":"post_tag","embeddable":true,"href":"https:\/\/exaudi.org\/es\/wp-json\/wp\/v2\/tags?post=35242"}],"curies":[{"name":"wp","href":"https:\/\/api.w.org\/{rel}","templated":true}]}}