{"id":35237,"date":"2021-10-01T11:10:13","date_gmt":"2021-10-01T09:10:13","guid":{"rendered":"https:\/\/exaudi.wpengine.com\/?p=35237"},"modified":"2021-10-01T14:08:05","modified_gmt":"2021-10-01T12:08:05","slug":"ayudas-promover-pacto-educativo-global","status":"publish","type":"post","link":"https:\/\/exaudi.org\/es\/ayudas-promover-pacto-educativo-global\/","title":{"rendered":"Tres nuevas ayudas para promover el Pacto Educativo Global"},"content":{"rendered":"<p>Con motivo del espont\u00e1neo pedido a la <a href=\"https:\/\/exaudi.wpengine.com\/es\/congregacion-educacion-catolica-nuevos-miembros\/\" target=\"_blank\" rel=\"noopener\">Congregaci\u00f3n para la Educaci\u00f3n Cat\u00f3lica<\/a> de poder disponer de pautas m\u00e1s precisas y ayudas concretas para el trabajo seg\u00fan el Pacto Educativo Global, el Dicasterio ha presentado tres herramientas, que son el <em>Vademecum\u00a0<\/em>de acompa\u00f1amiento de j\u00f3venes para su formaci\u00f3n, el volumen \u201c<em>Educazione tra crisi e speranza<\/em>\u201d, como gu\u00eda central del Pacto Educativo Global, y un facs\u00edmil de orientaci\u00f3n del mismo para nivel local.<\/p>\n<p>Seg\u00fan ha informado la Congregaci\u00f3n a trav\u00e9s de un comunicado, el Pacto educativo \u201csigue reflej\u00e1ndose en muchos niveles en todo el mundo, a pesar de las dificultades relacionadas con la pandemia de COVID-19\u201d. El evento mundial anunciado por el Papa en 2019, se\u00f1ala, \u201clamentablemente no pudo tener lugar\u201d en 2020, precisamente \u201cpor la propagaci\u00f3n del virus, pero las iniciativas locales se han multiplicado en casi todas partes, y est\u00e1n adquiriendo una relevancia significativa en los distintos niveles institucionales\u201d.<\/p>\n<h4><strong>Ayudas concretas<\/strong><\/h4>\n<p>Es por ello que, dada la citada petici\u00f3n de pautas concretas, el Dicasterio ha presentado estas tres ayudas. La primera es el <i>Vademecum, <\/i>como gu\u00eda para la implementaci\u00f3n del Pacto Educativo, destinado a los educadores que tienen la tarea de acompa\u00f1ar a los ni\u00f1os y j\u00f3venes en los distintos caminos de formaci\u00f3n formal e informal.<\/p>\n<p>La segunda es el volumen, recientemente editado por la LEV, concebido como gu\u00edas en las cuales se presentan cinco temas centrales del Pacto Educativo en sus diversas articulaciones, los cuales pueden convertirse en \u00e1reas a profundizar: el di\u00e1logo interreligioso e intercultural, la dignidad y los derechos humanos, la cultura de la paz y la ciudadan\u00eda, la fraternidad y la cooperaci\u00f3n, las tecnolog\u00edas y la ecolog\u00eda integral.<\/p>\n<p>La tercera es el facs\u00edmil de un convenio que se puede utilizar a nivel local para construir una alianza operativa orientada a concretar el Pacto Educativo.<\/p>\n<h4><strong>Publicaci\u00f3n<\/strong><\/h4>\n<p>La publicaci\u00f3n de los documentos, apunta el comunicado vaticano, estar\u00e1 disponible en cinco idiomas en el sitio web oficial del\u00a0<a href=\"https:\/\/www.educationglobalcompact.org\/\" target=\"_blank\" rel=\"noopener\"><em>Global Compact on Education<\/em><\/a>, junto al encuentro que tendr\u00e1 lugar en el Vaticano el 5 de octubre entre representantes de las religiones, sobre el tema \u201c<em>Religions and Education: towards a Global Compact on Education<\/em>\u201d.<\/p>\n<p>Este evento, que contar\u00e1 con unos 20 exponentes de diversas confesiones, se propone \u201creavivar el compromiso por y con las nuevas generaciones, renovando la pasi\u00f3n por una educaci\u00f3n m\u00e1s abierta e inclusiva, capaz de escucha paciente, di\u00e1logo constructivo y mutua comprensi\u00f3n\u201d.<\/p>\n<h4><strong>Pacto Educativo Global<\/strong><\/h4>\n<p>La Congregaci\u00f3n explica que el Pacto educativo Global ha sido profundizado en varias ocasiones por el Santo Padre, \u201cpermitiendo que se pongan en marcha diversas iniciativas para abordarlo desde diferentes puntos de vista, y para trazar diferentes caminos formativos espec\u00edficos\u201d.<\/p>\n<p>En el videomensaje del 15 de octubre de 2020, Francisco relanz\u00f3 el Pacto, ubic\u00e1ndolo en el contexto del dram\u00e1tico fen\u00f3meno pand\u00e9mico, y poni\u00e9ndolo en relaci\u00f3n con la Enc\u00edclica <em>Laudato si&#8217;<\/em>, como ya lo hab\u00eda hecho en el mensaje precedente, y tambi\u00e9n con la Enc\u00edclica <em>Fratelli tutti<\/em>, publicada pocos d\u00edas antes.<\/p>\n<p>Posteriormente, ha vuelto sobre el tema en otras ocasiones, incluso en el mensaje anual de la Jornada Mundial de la Paz del 1 de enero de 2021 (8 de diciembre de 2020) y en el mensaje a la ONU con motivo del quinto aniversario de la COP 25 sobre el clima (12 de diciembre de 2020).<\/p>\n<p>La invitaci\u00f3n del Obispo de Roma nos pide que \u201cnos comprometamos con las generaciones m\u00e1s j\u00f3venes, para que se conviertan en protagonistas de una cultura del di\u00e1logo y una civilizaci\u00f3n de la paz. Este mosaico de est\u00edmulos es un punto de referencia para repensar los paradigmas educativos y redise\u00f1ar la tarea de los cristianos en ser levadura viva de una humanidad nueva, abri\u00e9ndose al di\u00e1logo con todos aquellos que tienen en el coraz\u00f3n el anhelo del bien com\u00fan\u201d, concluye el comunicado.<\/p>\n<h4><strong>Congregaci\u00f3n para la Educaci\u00f3n Cat\u00f3lica<\/strong><\/h4>\n<p>El Vaticano relata que la competencia de la\u00a0<a href=\"https:\/\/www.vatican.va\/roman_curia\/congregations\/ccatheduc\/index_sp.htm\" target=\"_blank\" rel=\"noopener\">Congregaci\u00f3n para la Educaci\u00f3n Cat\u00f3lica<\/a>\u00a0se explica en dos sectores. El primero sobre todas las Universidades, Facultades, Institutos y Escuelas Superiores de estudios eclesi\u00e1sticos o civiles que dependen de personas f\u00edsicas o morales eclesi\u00e1sticas, as\u00ed como tambi\u00e9n, sobre las Instituciones y Asociaciones con finalidades cient\u00edficas.<\/p>\n<p>El segundo\u00a0acerca de todas las Escuelas e Institutos de instrucci\u00f3n y de educaci\u00f3n de cualquier orden o grado pre universitario que dependen de las Autoridades Eclesi\u00e1sticas, cuyo objetivo es la formaci\u00f3n de la juventud laica, excluyendo aquellas que dependen de la Congregaci\u00f3n para las Iglesias Orientales y de la Congregaci\u00f3n para la Evangelizaci\u00f3n de los Pueblos.<\/p>\n<p>En el interno de la Oficina para las Universidades est\u00e1 presente un\u00a0Departamento para los Organismos Internacionales\u00a0con la misi\u00f3n de seguir las actividades internacionales de dichos Organismos y, en modo particular, los Acuerdos o Convenios de la Santa Sede con los varios Pa\u00edses relacionados con el reconocimiento de los estudios y de los t\u00edtulos acad\u00e9micos.<\/p>\n<p>Los actuales Superiores del Dicasterio son el prefecto, cardenal Giuseppe Versaldi, el secretario, Mons. Angelo Vincenzo Zani, y el sub-secretario, padre Friedrich Bechina.\u00a0La Congregaci\u00f3n cuenta con 34 Miembros, entre ellos 30 eminent\u00edsimos cardenales y 4 excelent\u00edsimos arzobispos. Los consultores son 27, mientras que el personal est\u00e1 conformado por 21 personas.<\/p>\n","protected":false},"excerpt":{"rendered":"<p>Vademecum, volumen y facs\u00edmil de la Congregaci\u00f3n para la Educaci\u00f3n Cat\u00f3lica<\/p>\n","protected":false},"author":6,"featured_media":35238,"comment_status":"closed","ping_status":"closed","sticky":false,"template":"","format":"standard","meta":{"_acf_changed":false,"_crdt_document":"","inline_featured_image":false,"footnotes":""},"categories":[298,132],"tags":[1976,3614],"class_list":["post-35237","post","type-post","status-publish","format-standard","has-post-thumbnail","hentry","category-ultimas-noticias","category-vaticano-es","tag-congregacion-para-la-educacion-catolica","tag-pacto-educativo-global"],"acf":[],"yoast_head":"<!-- This site is optimized with the Yoast SEO plugin v27.4 - https:\/\/yoast.com\/product\/yoast-seo-wordpress\/ -->\n<title>Tres nuevas ayudas para promover el Pacto Educativo Global<\/title>\n<meta name=\"description\" content=\"La Congregaci\u00f3n para la Educaci\u00f3n Cat\u00f3lica ha proporcionado tres ayudas concretas que lleven adelante el Pacto Educativo Global.\" \/>\n<meta name=\"robots\" content=\"index, follow, max-snippet:-1, max-image-preview:large, max-video-preview:-1\" \/>\n<link rel=\"canonical\" href=\"https:\/\/exaudi.org\/es\/ayudas-promover-pacto-educativo-global\/\" \/>\n<meta property=\"og:locale\" content=\"es_ES\" \/>\n<meta property=\"og:type\" content=\"article\" \/>\n<meta property=\"og:title\" content=\"Tres nuevas ayudas para promover el Pacto Educativo Global\" \/>\n<meta property=\"og:description\" content=\"La Congregaci\u00f3n para la Educaci\u00f3n Cat\u00f3lica ha proporcionado tres ayudas concretas que lleven adelante el Pacto Educativo Global.\" \/>\n<meta property=\"og:url\" content=\"https:\/\/exaudi.org\/es\/ayudas-promover-pacto-educativo-global\/\" \/>\n<meta property=\"og:site_name\" content=\"Exaudi\" \/>\n<meta property=\"article:publisher\" content=\"https:\/\/www.facebook.com\/ExaudiNews\" \/>\n<meta property=\"article:published_time\" content=\"2021-10-01T09:10:13+00:00\" \/>\n<meta property=\"article:modified_time\" content=\"2021-10-01T12:08:05+00:00\" \/>\n<meta property=\"og:image\" content=\"https:\/\/exaudi.org\/wp-content\/uploads\/2021\/10\/6d5f4s6df-scaled.jpg\" \/>\n\t<meta property=\"og:image:width\" content=\"2560\" \/>\n\t<meta property=\"og:image:height\" content=\"1706\" \/>\n\t<meta property=\"og:image:type\" content=\"image\/jpeg\" \/>\n<meta name=\"author\" content=\"Gabriel Sales\" \/>\n<meta name=\"twitter:card\" content=\"summary_large_image\" \/>\n<meta name=\"twitter:creator\" content=\"@habemusman\" \/>\n<meta name=\"twitter:site\" content=\"@Exaudi_News\" \/>\n<meta name=\"twitter:label1\" content=\"Escrito por\" \/>\n\t<meta name=\"twitter:data1\" content=\"Gabriel Sales\" \/>\n\t<meta name=\"twitter:label2\" content=\"Tiempo de lectura\" \/>\n\t<meta name=\"twitter:data2\" content=\"4 minutos\" \/>\n<script type=\"application\/ld+json\" class=\"yoast-schema-graph\">{\"@context\":\"https:\\\/\\\/schema.org\",\"@graph\":[{\"@type\":\"Article\",\"@id\":\"https:\\\/\\\/exaudi.org\\\/es\\\/ayudas-promover-pacto-educativo-global\\\/#article\",\"isPartOf\":{\"@id\":\"https:\\\/\\\/exaudi.org\\\/es\\\/ayudas-promover-pacto-educativo-global\\\/\"},\"author\":{\"name\":\"Gabriel Sales\",\"@id\":\"https:\\\/\\\/exaudi.org\\\/#\\\/schema\\\/person\\\/d134b96438278131ce90c90c03fda6cd\"},\"headline\":\"Tres nuevas ayudas para promover el Pacto Educativo Global\",\"datePublished\":\"2021-10-01T09:10:13+00:00\",\"dateModified\":\"2021-10-01T12:08:05+00:00\",\"mainEntityOfPage\":{\"@id\":\"https:\\\/\\\/exaudi.org\\\/es\\\/ayudas-promover-pacto-educativo-global\\\/\"},\"wordCount\":926,\"image\":{\"@id\":\"https:\\\/\\\/exaudi.org\\\/es\\\/ayudas-promover-pacto-educativo-global\\\/#primaryimage\"},\"thumbnailUrl\":\"https:\\\/\\\/exaudi.org\\\/wp-content\\\/uploads\\\/2021\\\/10\\\/6d5f4s6df-scaled.jpg\",\"keywords\":[\"Congregaci\u00f3n para la Educaci\u00f3n Cat\u00f3lica\",\"Pacto Educativo Global\"],\"articleSection\":[\"\u00daltimas noticias\",\"Vaticano\"],\"inLanguage\":\"es\"},{\"@type\":\"WebPage\",\"@id\":\"https:\\\/\\\/exaudi.org\\\/es\\\/ayudas-promover-pacto-educativo-global\\\/\",\"url\":\"https:\\\/\\\/exaudi.org\\\/es\\\/ayudas-promover-pacto-educativo-global\\\/\",\"name\":\"Tres nuevas ayudas para promover el Pacto Educativo Global\",\"isPartOf\":{\"@id\":\"https:\\\/\\\/exaudi.org\\\/#website\"},\"primaryImageOfPage\":{\"@id\":\"https:\\\/\\\/exaudi.org\\\/es\\\/ayudas-promover-pacto-educativo-global\\\/#primaryimage\"},\"image\":{\"@id\":\"https:\\\/\\\/exaudi.org\\\/es\\\/ayudas-promover-pacto-educativo-global\\\/#primaryimage\"},\"thumbnailUrl\":\"https:\\\/\\\/exaudi.org\\\/wp-content\\\/uploads\\\/2021\\\/10\\\/6d5f4s6df-scaled.jpg\",\"datePublished\":\"2021-10-01T09:10:13+00:00\",\"dateModified\":\"2021-10-01T12:08:05+00:00\",\"author\":{\"@id\":\"https:\\\/\\\/exaudi.org\\\/#\\\/schema\\\/person\\\/d134b96438278131ce90c90c03fda6cd\"},\"description\":\"La Congregaci\u00f3n para la Educaci\u00f3n Cat\u00f3lica ha proporcionado tres ayudas concretas que lleven adelante el Pacto Educativo Global.\",\"breadcrumb\":{\"@id\":\"https:\\\/\\\/exaudi.org\\\/es\\\/ayudas-promover-pacto-educativo-global\\\/#breadcrumb\"},\"inLanguage\":\"es\",\"potentialAction\":[{\"@type\":\"ReadAction\",\"target\":[\"https:\\\/\\\/exaudi.org\\\/es\\\/ayudas-promover-pacto-educativo-global\\\/\"]}]},{\"@type\":\"ImageObject\",\"inLanguage\":\"es\",\"@id\":\"https:\\\/\\\/exaudi.org\\\/es\\\/ayudas-promover-pacto-educativo-global\\\/#primaryimage\",\"url\":\"https:\\\/\\\/exaudi.org\\\/wp-content\\\/uploads\\\/2021\\\/10\\\/6d5f4s6df-scaled.jpg\",\"contentUrl\":\"https:\\\/\\\/exaudi.org\\\/wp-content\\\/uploads\\\/2021\\\/10\\\/6d5f4s6df-scaled.jpg\",\"width\":2560,\"height\":1706,\"caption\":\"Grupo de educadores con ni\u00f1os \u00a9 Cathopic\"},{\"@type\":\"BreadcrumbList\",\"@id\":\"https:\\\/\\\/exaudi.org\\\/es\\\/ayudas-promover-pacto-educativo-global\\\/#breadcrumb\",\"itemListElement\":[{\"@type\":\"ListItem\",\"position\":1,\"name\":\"Portada\",\"item\":\"https:\\\/\\\/exaudi.org\\\/es\\\/\"},{\"@type\":\"ListItem\",\"position\":2,\"name\":\"Tres nuevas ayudas para promover el Pacto Educativo Global\"}]},{\"@type\":\"WebSite\",\"@id\":\"https:\\\/\\\/exaudi.org\\\/#website\",\"url\":\"https:\\\/\\\/exaudi.org\\\/\",\"name\":\"Exaudi\",\"description\":\"News\",\"potentialAction\":[{\"@type\":\"SearchAction\",\"target\":{\"@type\":\"EntryPoint\",\"urlTemplate\":\"https:\\\/\\\/exaudi.org\\\/?s={search_term_string}\"},\"query-input\":{\"@type\":\"PropertyValueSpecification\",\"valueRequired\":true,\"valueName\":\"search_term_string\"}}],\"inLanguage\":\"es\"},{\"@type\":\"Person\",\"@id\":\"https:\\\/\\\/exaudi.org\\\/#\\\/schema\\\/person\\\/d134b96438278131ce90c90c03fda6cd\",\"name\":\"Gabriel Sales\",\"image\":{\"@type\":\"ImageObject\",\"inLanguage\":\"es\",\"@id\":\"https:\\\/\\\/secure.gravatar.com\\\/avatar\\\/9b1269566f6a063ed26ffb3532b66a373cdde231ce5d0effb266167437fdaffd?s=96&d=mm&r=g\",\"url\":\"https:\\\/\\\/secure.gravatar.com\\\/avatar\\\/9b1269566f6a063ed26ffb3532b66a373cdde231ce5d0effb266167437fdaffd?s=96&d=mm&r=g\",\"contentUrl\":\"https:\\\/\\\/secure.gravatar.com\\\/avatar\\\/9b1269566f6a063ed26ffb3532b66a373cdde231ce5d0effb266167437fdaffd?s=96&d=mm&r=g\",\"caption\":\"Gabriel Sales\"},\"description\":\"Periodista y especialista en Comunicaci\u00f3n y Branding digital. Cin\u00e9filo y cr\u00edtico de cine y series de televisi\u00f3n.\",\"sameAs\":[\"https:\\\/\\\/www.instagram.com\\\/cine90segundos\\\/\",\"www.linkedin.com\\\/in\\\/habemusman\",\"https:\\\/\\\/x.com\\\/habemusman\",\"https:\\\/\\\/www.youtube.com\\\/channel\\\/UCVfCiOMkJ_C7T7OpyjuaLDg\"],\"url\":\"https:\\\/\\\/exaudi.org\\\/es\\\/author\\\/gsalesexaudi-org\\\/\"}]}<\/script>\n<!-- \/ Yoast SEO plugin. -->","yoast_head_json":{"title":"Tres nuevas ayudas para promover el Pacto Educativo Global","description":"La Congregaci\u00f3n para la Educaci\u00f3n Cat\u00f3lica ha proporcionado tres ayudas concretas que lleven adelante el Pacto Educativo Global.","robots":{"index":"index","follow":"follow","max-snippet":"max-snippet:-1","max-image-preview":"max-image-preview:large","max-video-preview":"max-video-preview:-1"},"canonical":"https:\/\/exaudi.org\/es\/ayudas-promover-pacto-educativo-global\/","og_locale":"es_ES","og_type":"article","og_title":"Tres nuevas ayudas para promover el Pacto Educativo Global","og_description":"La Congregaci\u00f3n para la Educaci\u00f3n Cat\u00f3lica ha proporcionado tres ayudas concretas que lleven adelante el Pacto Educativo Global.","og_url":"https:\/\/exaudi.org\/es\/ayudas-promover-pacto-educativo-global\/","og_site_name":"Exaudi","article_publisher":"https:\/\/www.facebook.com\/ExaudiNews","article_published_time":"2021-10-01T09:10:13+00:00","article_modified_time":"2021-10-01T12:08:05+00:00","og_image":[{"width":2560,"height":1706,"url":"https:\/\/exaudi.org\/wp-content\/uploads\/2021\/10\/6d5f4s6df-scaled.jpg","type":"image\/jpeg"}],"author":"Gabriel Sales","twitter_card":"summary_large_image","twitter_creator":"@habemusman","twitter_site":"@Exaudi_News","twitter_misc":{"Escrito por":"Gabriel Sales","Tiempo de lectura":"4 minutos"},"schema":{"@context":"https:\/\/schema.org","@graph":[{"@type":"Article","@id":"https:\/\/exaudi.org\/es\/ayudas-promover-pacto-educativo-global\/#article","isPartOf":{"@id":"https:\/\/exaudi.org\/es\/ayudas-promover-pacto-educativo-global\/"},"author":{"name":"Gabriel Sales","@id":"https:\/\/exaudi.org\/#\/schema\/person\/d134b96438278131ce90c90c03fda6cd"},"headline":"Tres nuevas ayudas para promover el Pacto Educativo Global","datePublished":"2021-10-01T09:10:13+00:00","dateModified":"2021-10-01T12:08:05+00:00","mainEntityOfPage":{"@id":"https:\/\/exaudi.org\/es\/ayudas-promover-pacto-educativo-global\/"},"wordCount":926,"image":{"@id":"https:\/\/exaudi.org\/es\/ayudas-promover-pacto-educativo-global\/#primaryimage"},"thumbnailUrl":"https:\/\/exaudi.org\/wp-content\/uploads\/2021\/10\/6d5f4s6df-scaled.jpg","keywords":["Congregaci\u00f3n para la Educaci\u00f3n Cat\u00f3lica","Pacto Educativo Global"],"articleSection":["\u00daltimas noticias","Vaticano"],"inLanguage":"es"},{"@type":"WebPage","@id":"https:\/\/exaudi.org\/es\/ayudas-promover-pacto-educativo-global\/","url":"https:\/\/exaudi.org\/es\/ayudas-promover-pacto-educativo-global\/","name":"Tres nuevas ayudas para promover el Pacto Educativo Global","isPartOf":{"@id":"https:\/\/exaudi.org\/#website"},"primaryImageOfPage":{"@id":"https:\/\/exaudi.org\/es\/ayudas-promover-pacto-educativo-global\/#primaryimage"},"image":{"@id":"https:\/\/exaudi.org\/es\/ayudas-promover-pacto-educativo-global\/#primaryimage"},"thumbnailUrl":"https:\/\/exaudi.org\/wp-content\/uploads\/2021\/10\/6d5f4s6df-scaled.jpg","datePublished":"2021-10-01T09:10:13+00:00","dateModified":"2021-10-01T12:08:05+00:00","author":{"@id":"https:\/\/exaudi.org\/#\/schema\/person\/d134b96438278131ce90c90c03fda6cd"},"description":"La Congregaci\u00f3n para la Educaci\u00f3n Cat\u00f3lica ha proporcionado tres ayudas concretas que lleven adelante el Pacto Educativo Global.","breadcrumb":{"@id":"https:\/\/exaudi.org\/es\/ayudas-promover-pacto-educativo-global\/#breadcrumb"},"inLanguage":"es","potentialAction":[{"@type":"ReadAction","target":["https:\/\/exaudi.org\/es\/ayudas-promover-pacto-educativo-global\/"]}]},{"@type":"ImageObject","inLanguage":"es","@id":"https:\/\/exaudi.org\/es\/ayudas-promover-pacto-educativo-global\/#primaryimage","url":"https:\/\/exaudi.org\/wp-content\/uploads\/2021\/10\/6d5f4s6df-scaled.jpg","contentUrl":"https:\/\/exaudi.org\/wp-content\/uploads\/2021\/10\/6d5f4s6df-scaled.jpg","width":2560,"height":1706,"caption":"Grupo de educadores con ni\u00f1os \u00a9 Cathopic"},{"@type":"BreadcrumbList","@id":"https:\/\/exaudi.org\/es\/ayudas-promover-pacto-educativo-global\/#breadcrumb","itemListElement":[{"@type":"ListItem","position":1,"name":"Portada","item":"https:\/\/exaudi.org\/es\/"},{"@type":"ListItem","position":2,"name":"Tres nuevas ayudas para promover el Pacto Educativo Global"}]},{"@type":"WebSite","@id":"https:\/\/exaudi.org\/#website","url":"https:\/\/exaudi.org\/","name":"Exaudi","description":"News","potentialAction":[{"@type":"SearchAction","target":{"@type":"EntryPoint","urlTemplate":"https:\/\/exaudi.org\/?s={search_term_string}"},"query-input":{"@type":"PropertyValueSpecification","valueRequired":true,"valueName":"search_term_string"}}],"inLanguage":"es"},{"@type":"Person","@id":"https:\/\/exaudi.org\/#\/schema\/person\/d134b96438278131ce90c90c03fda6cd","name":"Gabriel Sales","image":{"@type":"ImageObject","inLanguage":"es","@id":"https:\/\/secure.gravatar.com\/avatar\/9b1269566f6a063ed26ffb3532b66a373cdde231ce5d0effb266167437fdaffd?s=96&d=mm&r=g","url":"https:\/\/secure.gravatar.com\/avatar\/9b1269566f6a063ed26ffb3532b66a373cdde231ce5d0effb266167437fdaffd?s=96&d=mm&r=g","contentUrl":"https:\/\/secure.gravatar.com\/avatar\/9b1269566f6a063ed26ffb3532b66a373cdde231ce5d0effb266167437fdaffd?s=96&d=mm&r=g","caption":"Gabriel Sales"},"description":"Periodista y especialista en Comunicaci\u00f3n y Branding digital. Cin\u00e9filo y cr\u00edtico de cine y series de televisi\u00f3n.","sameAs":["https:\/\/www.instagram.com\/cine90segundos\/","www.linkedin.com\/in\/habemusman","https:\/\/x.com\/habemusman","https:\/\/www.youtube.com\/channel\/UCVfCiOMkJ_C7T7OpyjuaLDg"],"url":"https:\/\/exaudi.org\/es\/author\/gsalesexaudi-org\/"}]}},"jetpack_featured_media_url":"https:\/\/exaudi.org\/wp-content\/uploads\/2021\/10\/6d5f4s6df-scaled.jpg","jetpack_shortlink":"https:\/\/wp.me\/pgKjF2-9al","_links":{"self":[{"href":"https:\/\/exaudi.org\/es\/wp-json\/wp\/v2\/posts\/35237","targetHints":{"allow":["GET"]}}],"collection":[{"href":"https:\/\/exaudi.org\/es\/wp-json\/wp\/v2\/posts"}],"about":[{"href":"https:\/\/exaudi.org\/es\/wp-json\/wp\/v2\/types\/post"}],"author":[{"embeddable":true,"href":"https:\/\/exaudi.org\/es\/wp-json\/wp\/v2\/users\/6"}],"replies":[{"embeddable":true,"href":"https:\/\/exaudi.org\/es\/wp-json\/wp\/v2\/comments?post=35237"}],"version-history":[{"count":0,"href":"https:\/\/exaudi.org\/es\/wp-json\/wp\/v2\/posts\/35237\/revisions"}],"wp:featuredmedia":[{"embeddable":true,"href":"https:\/\/exaudi.org\/es\/wp-json\/wp\/v2\/media\/35238"}],"wp:attachment":[{"href":"https:\/\/exaudi.org\/es\/wp-json\/wp\/v2\/media?parent=35237"}],"wp:term":[{"taxonomy":"category","embeddable":true,"href":"https:\/\/exaudi.org\/es\/wp-json\/wp\/v2\/categories?post=35237"},{"taxonomy":"post_tag","embeddable":true,"href":"https:\/\/exaudi.org\/es\/wp-json\/wp\/v2\/tags?post=35237"}],"curies":[{"name":"wp","href":"https:\/\/api.w.org\/{rel}","templated":true}]}}