{"id":35158,"date":"2021-09-30T16:17:31","date_gmt":"2021-09-30T14:17:31","guid":{"rendered":"https:\/\/exaudi.wpengine.com\/?p=35158"},"modified":"2021-10-01T11:10:14","modified_gmt":"2021-10-01T09:10:14","slug":"chile-obispos-defienden-vida-frente-aborto","status":"publish","type":"post","link":"https:\/\/exaudi.org\/es\/chile-obispos-defienden-vida-frente-aborto\/","title":{"rendered":"Chile: Obispos defienden la vida frente al aborto"},"content":{"rendered":"<p>Recientemente, la C\u00e1mara de los Diputados de <a href=\"https:\/\/exaudi.wpengine.com\/es\/chile-jovenes-ayudan-a-reconstruir-una-iglesia-vandalizada\/\" target=\"_blank\" rel=\"noopener\">Chile<\/a> aprob\u00f3 un proyecto de Ley que despenaliza el aborto hasta las 14 semanas de gestaci\u00f3n, una medida que los <a href=\"http:\/\/iglesia.cl\/\" target=\"_blank\" rel=\"noopener\">obispos del Episcopado<\/a>\u00a0lamentan profundamente y por lo que reafirman \u201cante la opini\u00f3n p\u00fablica, valores esenciales que en este tema est\u00e1n en juego\u201d.<\/p>\n<p>El primero de ellos, se\u00f1alan en una declaraci\u00f3n oficial, es el el de la vida y la dignidad de la persona humana como \u201cfundamento esencial e irrenunciable de la vida en la sociedad\u201d. El primero de los derechos humanos, apuntan los prelados, \u201c es el derecho a la vida, que ha de ser respetada desde la concepci\u00f3n hasta la muerte natural. Por eso, no matar deliberada y directamente al inocente es un absoluto moral cuyo reconocimiento y protecci\u00f3n resulta indispensable para la vida en comunidad\u201d.<\/p>\n<p>\u201cEste respeto incondicional a la vida humana es lo que debe guiar cualquier consideraci\u00f3n \u00e9tica, legislativa, humana y sanitaria ante la realidad de un embarazo no deseado. Est\u00e1 claro que hay situaciones humanas complejas, y a veces dram\u00e1ticas, que pueden surgir de un embarazo. Pero nada de ello se soluciona con la eliminaci\u00f3n deliberada de un ser humano indefenso e inocente\u201d, aseguran.<\/p>\n<p>\u201cSabemos que las legislaciones pro aborto parten, a menudo, plante\u00e1ndose como una excepci\u00f3n, sosteniendo la interrupci\u00f3n del embarazo para casos excepcionales, como se sostuvo por ejemplo al aprobar la ley del aborto en tres causales. Pero la experiencia nos dice que se termina afirmando un &#8216;derecho al aborto&#8217; y la primac\u00eda de los derechos sexuales y reproductivos de la mujer, ignor\u00e1ndose del todo la existencia y los derechos de otro ser humano\u201d, argumenta la Conferencia Episcopal chilena.<\/p>\n<p>Por \u00faltimo, recuerda a los cat\u00f3licos, \u201cque estamos llamados a actuar en la vida p\u00fablica desde nuestras convicciones de fe y desde los argumentos de la raz\u00f3n, les recordamos que la inmoralidad del aborto se encuentra entre las ense\u00f1anzas constantes de la Iglesia\u201d.<\/p>\n","protected":false},"excerpt":{"rendered":"<p>Reciente aprobaci\u00f3n del proyecto de Ley en la C\u00e1mara de Diputados<\/p>\n","protected":false},"author":6,"featured_media":35160,"comment_status":"closed","ping_status":"closed","sticky":false,"template":"","format":"standard","meta":{"_acf_changed":false,"_crdt_document":"","inline_featured_image":false,"footnotes":""},"categories":[86,94,298],"tags":[1121,3091,4350,1313],"class_list":["post-35158","post","type-post","status-publish","format-standard","has-post-thumbnail","hentry","category-iglesia-local","category-justicia-y-paz","category-ultimas-noticias","tag-aborto","tag-conferencia-episcopal-de-chile-cech","tag-declaracion","tag-vida"],"acf":[],"yoast_head":"<!-- This site is optimized with the Yoast SEO plugin v27.5 - https:\/\/yoast.com\/product\/yoast-seo-wordpress\/ -->\n<title>Chile: Obispos defienden la vida frente al aborto &#8211; Exaudi<\/title>\n<meta name=\"description\" content=\"Los obispos de la Conferencia Episcopal de Chile han hecho una declaraci\u00f3n para rechazar la despenalizaci\u00f3n del aborto del Gobierno.\" \/>\n<meta name=\"robots\" content=\"index, follow, max-snippet:-1, max-image-preview:large, max-video-preview:-1\" \/>\n<link rel=\"canonical\" href=\"https:\/\/exaudi.org\/es\/chile-obispos-defienden-vida-frente-aborto\/\" \/>\n<meta property=\"og:locale\" content=\"es_ES\" \/>\n<meta property=\"og:type\" content=\"article\" \/>\n<meta property=\"og:title\" content=\"Chile: Obispos defienden la vida frente al aborto &#8211; Exaudi\" \/>\n<meta property=\"og:description\" content=\"Los obispos de la Conferencia Episcopal de Chile han hecho una declaraci\u00f3n para rechazar la despenalizaci\u00f3n del aborto del Gobierno.\" \/>\n<meta property=\"og:url\" content=\"https:\/\/exaudi.org\/es\/chile-obispos-defienden-vida-frente-aborto\/\" \/>\n<meta property=\"og:site_name\" content=\"Exaudi\" \/>\n<meta property=\"article:publisher\" content=\"https:\/\/www.facebook.com\/ExaudiNews\" \/>\n<meta property=\"article:published_time\" content=\"2021-09-30T14:17:31+00:00\" \/>\n<meta property=\"article:modified_time\" content=\"2021-10-01T09:10:14+00:00\" \/>\n<meta property=\"og:image\" content=\"https:\/\/exaudi.org\/wp-content\/uploads\/2021\/09\/s5dasd.jpg\" \/>\n\t<meta property=\"og:image:width\" content=\"971\" \/>\n\t<meta property=\"og:image:height\" content=\"648\" \/>\n\t<meta property=\"og:image:type\" content=\"image\/jpeg\" \/>\n<meta name=\"author\" content=\"Gabriel Sales\" \/>\n<meta name=\"twitter:card\" content=\"summary_large_image\" \/>\n<meta name=\"twitter:creator\" content=\"@habemusman\" \/>\n<meta name=\"twitter:site\" content=\"@Exaudi_News\" \/>\n<meta name=\"twitter:label1\" content=\"Escrito por\" \/>\n\t<meta name=\"twitter:data1\" content=\"Gabriel Sales\" \/>\n\t<meta name=\"twitter:label2\" content=\"Tiempo de lectura\" \/>\n\t<meta name=\"twitter:data2\" content=\"2 minutos\" \/>\n<script type=\"application\/ld+json\" class=\"yoast-schema-graph\">{\"@context\":\"https:\\\/\\\/schema.org\",\"@graph\":[{\"@type\":\"Article\",\"@id\":\"https:\\\/\\\/exaudi.org\\\/es\\\/chile-obispos-defienden-vida-frente-aborto\\\/#article\",\"isPartOf\":{\"@id\":\"https:\\\/\\\/exaudi.org\\\/es\\\/chile-obispos-defienden-vida-frente-aborto\\\/\"},\"author\":{\"name\":\"Gabriel Sales\",\"@id\":\"https:\\\/\\\/exaudi.org\\\/#\\\/schema\\\/person\\\/d134b96438278131ce90c90c03fda6cd\"},\"headline\":\"Chile: Obispos defienden la vida frente al aborto\",\"datePublished\":\"2021-09-30T14:17:31+00:00\",\"dateModified\":\"2021-10-01T09:10:14+00:00\",\"mainEntityOfPage\":{\"@id\":\"https:\\\/\\\/exaudi.org\\\/es\\\/chile-obispos-defienden-vida-frente-aborto\\\/\"},\"wordCount\":344,\"image\":{\"@id\":\"https:\\\/\\\/exaudi.org\\\/es\\\/chile-obispos-defienden-vida-frente-aborto\\\/#primaryimage\"},\"thumbnailUrl\":\"https:\\\/\\\/exaudi.org\\\/wp-content\\\/uploads\\\/2021\\\/09\\\/s5dasd.jpg\",\"keywords\":[\"Aborto\",\"Conferencia Episcopal de Chile (CECh)\",\"Declaraci\u00f3n\",\"Vida\"],\"articleSection\":[\"Iglesia Local\",\"Justicia y Paz\",\"\u00daltimas noticias\"],\"inLanguage\":\"es\"},{\"@type\":\"WebPage\",\"@id\":\"https:\\\/\\\/exaudi.org\\\/es\\\/chile-obispos-defienden-vida-frente-aborto\\\/\",\"url\":\"https:\\\/\\\/exaudi.org\\\/es\\\/chile-obispos-defienden-vida-frente-aborto\\\/\",\"name\":\"Chile: Obispos defienden la vida frente al aborto &#8211; Exaudi\",\"isPartOf\":{\"@id\":\"https:\\\/\\\/exaudi.org\\\/#website\"},\"primaryImageOfPage\":{\"@id\":\"https:\\\/\\\/exaudi.org\\\/es\\\/chile-obispos-defienden-vida-frente-aborto\\\/#primaryimage\"},\"image\":{\"@id\":\"https:\\\/\\\/exaudi.org\\\/es\\\/chile-obispos-defienden-vida-frente-aborto\\\/#primaryimage\"},\"thumbnailUrl\":\"https:\\\/\\\/exaudi.org\\\/wp-content\\\/uploads\\\/2021\\\/09\\\/s5dasd.jpg\",\"datePublished\":\"2021-09-30T14:17:31+00:00\",\"dateModified\":\"2021-10-01T09:10:14+00:00\",\"author\":{\"@id\":\"https:\\\/\\\/exaudi.org\\\/#\\\/schema\\\/person\\\/d134b96438278131ce90c90c03fda6cd\"},\"description\":\"Los obispos de la Conferencia Episcopal de Chile han hecho una declaraci\u00f3n para rechazar la despenalizaci\u00f3n del aborto del Gobierno.\",\"breadcrumb\":{\"@id\":\"https:\\\/\\\/exaudi.org\\\/es\\\/chile-obispos-defienden-vida-frente-aborto\\\/#breadcrumb\"},\"inLanguage\":\"es\",\"potentialAction\":[{\"@type\":\"ReadAction\",\"target\":[\"https:\\\/\\\/exaudi.org\\\/es\\\/chile-obispos-defienden-vida-frente-aborto\\\/\"]}]},{\"@type\":\"ImageObject\",\"inLanguage\":\"es\",\"@id\":\"https:\\\/\\\/exaudi.org\\\/es\\\/chile-obispos-defienden-vida-frente-aborto\\\/#primaryimage\",\"url\":\"https:\\\/\\\/exaudi.org\\\/wp-content\\\/uploads\\\/2021\\\/09\\\/s5dasd.jpg\",\"contentUrl\":\"https:\\\/\\\/exaudi.org\\\/wp-content\\\/uploads\\\/2021\\\/09\\\/s5dasd.jpg\",\"width\":971,\"height\":648,\"caption\":\"Obispos chilenos \u00a9 CELAM\"},{\"@type\":\"BreadcrumbList\",\"@id\":\"https:\\\/\\\/exaudi.org\\\/es\\\/chile-obispos-defienden-vida-frente-aborto\\\/#breadcrumb\",\"itemListElement\":[{\"@type\":\"ListItem\",\"position\":1,\"name\":\"Portada\",\"item\":\"https:\\\/\\\/exaudi.org\\\/es\\\/\"},{\"@type\":\"ListItem\",\"position\":2,\"name\":\"Chile: Obispos defienden la vida frente al aborto\"}]},{\"@type\":\"WebSite\",\"@id\":\"https:\\\/\\\/exaudi.org\\\/#website\",\"url\":\"https:\\\/\\\/exaudi.org\\\/\",\"name\":\"Exaudi\",\"description\":\"News\",\"potentialAction\":[{\"@type\":\"SearchAction\",\"target\":{\"@type\":\"EntryPoint\",\"urlTemplate\":\"https:\\\/\\\/exaudi.org\\\/?s={search_term_string}\"},\"query-input\":{\"@type\":\"PropertyValueSpecification\",\"valueRequired\":true,\"valueName\":\"search_term_string\"}}],\"inLanguage\":\"es\"},{\"@type\":\"Person\",\"@id\":\"https:\\\/\\\/exaudi.org\\\/#\\\/schema\\\/person\\\/d134b96438278131ce90c90c03fda6cd\",\"name\":\"Gabriel Sales\",\"image\":{\"@type\":\"ImageObject\",\"inLanguage\":\"es\",\"@id\":\"https:\\\/\\\/secure.gravatar.com\\\/avatar\\\/9b1269566f6a063ed26ffb3532b66a373cdde231ce5d0effb266167437fdaffd?s=96&d=mm&r=g\",\"url\":\"https:\\\/\\\/secure.gravatar.com\\\/avatar\\\/9b1269566f6a063ed26ffb3532b66a373cdde231ce5d0effb266167437fdaffd?s=96&d=mm&r=g\",\"contentUrl\":\"https:\\\/\\\/secure.gravatar.com\\\/avatar\\\/9b1269566f6a063ed26ffb3532b66a373cdde231ce5d0effb266167437fdaffd?s=96&d=mm&r=g\",\"caption\":\"Gabriel Sales\"},\"description\":\"Periodista y especialista en Comunicaci\u00f3n y Branding digital. Cin\u00e9filo y cr\u00edtico de cine y series de televisi\u00f3n.\",\"sameAs\":[\"https:\\\/\\\/www.instagram.com\\\/cine90segundos\\\/\",\"www.linkedin.com\\\/in\\\/habemusman\",\"https:\\\/\\\/x.com\\\/habemusman\",\"https:\\\/\\\/www.youtube.com\\\/channel\\\/UCVfCiOMkJ_C7T7OpyjuaLDg\"],\"url\":\"https:\\\/\\\/exaudi.org\\\/es\\\/author\\\/gsalesexaudi-org\\\/\"}]}<\/script>\n<!-- \/ Yoast SEO plugin. -->","yoast_head_json":{"title":"Chile: Obispos defienden la vida frente al aborto &#8211; Exaudi","description":"Los obispos de la Conferencia Episcopal de Chile han hecho una declaraci\u00f3n para rechazar la despenalizaci\u00f3n del aborto del Gobierno.","robots":{"index":"index","follow":"follow","max-snippet":"max-snippet:-1","max-image-preview":"max-image-preview:large","max-video-preview":"max-video-preview:-1"},"canonical":"https:\/\/exaudi.org\/es\/chile-obispos-defienden-vida-frente-aborto\/","og_locale":"es_ES","og_type":"article","og_title":"Chile: Obispos defienden la vida frente al aborto &#8211; Exaudi","og_description":"Los obispos de la Conferencia Episcopal de Chile han hecho una declaraci\u00f3n para rechazar la despenalizaci\u00f3n del aborto del Gobierno.","og_url":"https:\/\/exaudi.org\/es\/chile-obispos-defienden-vida-frente-aborto\/","og_site_name":"Exaudi","article_publisher":"https:\/\/www.facebook.com\/ExaudiNews","article_published_time":"2021-09-30T14:17:31+00:00","article_modified_time":"2021-10-01T09:10:14+00:00","og_image":[{"width":971,"height":648,"url":"https:\/\/exaudi.org\/wp-content\/uploads\/2021\/09\/s5dasd.jpg","type":"image\/jpeg"}],"author":"Gabriel Sales","twitter_card":"summary_large_image","twitter_creator":"@habemusman","twitter_site":"@Exaudi_News","twitter_misc":{"Escrito por":"Gabriel Sales","Tiempo de lectura":"2 minutos"},"schema":{"@context":"https:\/\/schema.org","@graph":[{"@type":"Article","@id":"https:\/\/exaudi.org\/es\/chile-obispos-defienden-vida-frente-aborto\/#article","isPartOf":{"@id":"https:\/\/exaudi.org\/es\/chile-obispos-defienden-vida-frente-aborto\/"},"author":{"name":"Gabriel Sales","@id":"https:\/\/exaudi.org\/#\/schema\/person\/d134b96438278131ce90c90c03fda6cd"},"headline":"Chile: Obispos defienden la vida frente al aborto","datePublished":"2021-09-30T14:17:31+00:00","dateModified":"2021-10-01T09:10:14+00:00","mainEntityOfPage":{"@id":"https:\/\/exaudi.org\/es\/chile-obispos-defienden-vida-frente-aborto\/"},"wordCount":344,"image":{"@id":"https:\/\/exaudi.org\/es\/chile-obispos-defienden-vida-frente-aborto\/#primaryimage"},"thumbnailUrl":"https:\/\/exaudi.org\/wp-content\/uploads\/2021\/09\/s5dasd.jpg","keywords":["Aborto","Conferencia Episcopal de Chile (CECh)","Declaraci\u00f3n","Vida"],"articleSection":["Iglesia Local","Justicia y Paz","\u00daltimas noticias"],"inLanguage":"es"},{"@type":"WebPage","@id":"https:\/\/exaudi.org\/es\/chile-obispos-defienden-vida-frente-aborto\/","url":"https:\/\/exaudi.org\/es\/chile-obispos-defienden-vida-frente-aborto\/","name":"Chile: Obispos defienden la vida frente al aborto &#8211; Exaudi","isPartOf":{"@id":"https:\/\/exaudi.org\/#website"},"primaryImageOfPage":{"@id":"https:\/\/exaudi.org\/es\/chile-obispos-defienden-vida-frente-aborto\/#primaryimage"},"image":{"@id":"https:\/\/exaudi.org\/es\/chile-obispos-defienden-vida-frente-aborto\/#primaryimage"},"thumbnailUrl":"https:\/\/exaudi.org\/wp-content\/uploads\/2021\/09\/s5dasd.jpg","datePublished":"2021-09-30T14:17:31+00:00","dateModified":"2021-10-01T09:10:14+00:00","author":{"@id":"https:\/\/exaudi.org\/#\/schema\/person\/d134b96438278131ce90c90c03fda6cd"},"description":"Los obispos de la Conferencia Episcopal de Chile han hecho una declaraci\u00f3n para rechazar la despenalizaci\u00f3n del aborto del Gobierno.","breadcrumb":{"@id":"https:\/\/exaudi.org\/es\/chile-obispos-defienden-vida-frente-aborto\/#breadcrumb"},"inLanguage":"es","potentialAction":[{"@type":"ReadAction","target":["https:\/\/exaudi.org\/es\/chile-obispos-defienden-vida-frente-aborto\/"]}]},{"@type":"ImageObject","inLanguage":"es","@id":"https:\/\/exaudi.org\/es\/chile-obispos-defienden-vida-frente-aborto\/#primaryimage","url":"https:\/\/exaudi.org\/wp-content\/uploads\/2021\/09\/s5dasd.jpg","contentUrl":"https:\/\/exaudi.org\/wp-content\/uploads\/2021\/09\/s5dasd.jpg","width":971,"height":648,"caption":"Obispos chilenos \u00a9 CELAM"},{"@type":"BreadcrumbList","@id":"https:\/\/exaudi.org\/es\/chile-obispos-defienden-vida-frente-aborto\/#breadcrumb","itemListElement":[{"@type":"ListItem","position":1,"name":"Portada","item":"https:\/\/exaudi.org\/es\/"},{"@type":"ListItem","position":2,"name":"Chile: Obispos defienden la vida frente al aborto"}]},{"@type":"WebSite","@id":"https:\/\/exaudi.org\/#website","url":"https:\/\/exaudi.org\/","name":"Exaudi","description":"News","potentialAction":[{"@type":"SearchAction","target":{"@type":"EntryPoint","urlTemplate":"https:\/\/exaudi.org\/?s={search_term_string}"},"query-input":{"@type":"PropertyValueSpecification","valueRequired":true,"valueName":"search_term_string"}}],"inLanguage":"es"},{"@type":"Person","@id":"https:\/\/exaudi.org\/#\/schema\/person\/d134b96438278131ce90c90c03fda6cd","name":"Gabriel Sales","image":{"@type":"ImageObject","inLanguage":"es","@id":"https:\/\/secure.gravatar.com\/avatar\/9b1269566f6a063ed26ffb3532b66a373cdde231ce5d0effb266167437fdaffd?s=96&d=mm&r=g","url":"https:\/\/secure.gravatar.com\/avatar\/9b1269566f6a063ed26ffb3532b66a373cdde231ce5d0effb266167437fdaffd?s=96&d=mm&r=g","contentUrl":"https:\/\/secure.gravatar.com\/avatar\/9b1269566f6a063ed26ffb3532b66a373cdde231ce5d0effb266167437fdaffd?s=96&d=mm&r=g","caption":"Gabriel Sales"},"description":"Periodista y especialista en Comunicaci\u00f3n y Branding digital. Cin\u00e9filo y cr\u00edtico de cine y series de televisi\u00f3n.","sameAs":["https:\/\/www.instagram.com\/cine90segundos\/","www.linkedin.com\/in\/habemusman","https:\/\/x.com\/habemusman","https:\/\/www.youtube.com\/channel\/UCVfCiOMkJ_C7T7OpyjuaLDg"],"url":"https:\/\/exaudi.org\/es\/author\/gsalesexaudi-org\/"}]}},"jetpack_featured_media_url":"https:\/\/exaudi.org\/wp-content\/uploads\/2021\/09\/s5dasd.jpg","jetpack_shortlink":"https:\/\/wp.me\/pgKjF2-994","_links":{"self":[{"href":"https:\/\/exaudi.org\/es\/wp-json\/wp\/v2\/posts\/35158","targetHints":{"allow":["GET"]}}],"collection":[{"href":"https:\/\/exaudi.org\/es\/wp-json\/wp\/v2\/posts"}],"about":[{"href":"https:\/\/exaudi.org\/es\/wp-json\/wp\/v2\/types\/post"}],"author":[{"embeddable":true,"href":"https:\/\/exaudi.org\/es\/wp-json\/wp\/v2\/users\/6"}],"replies":[{"embeddable":true,"href":"https:\/\/exaudi.org\/es\/wp-json\/wp\/v2\/comments?post=35158"}],"version-history":[{"count":0,"href":"https:\/\/exaudi.org\/es\/wp-json\/wp\/v2\/posts\/35158\/revisions"}],"wp:featuredmedia":[{"embeddable":true,"href":"https:\/\/exaudi.org\/es\/wp-json\/wp\/v2\/media\/35160"}],"wp:attachment":[{"href":"https:\/\/exaudi.org\/es\/wp-json\/wp\/v2\/media?parent=35158"}],"wp:term":[{"taxonomy":"category","embeddable":true,"href":"https:\/\/exaudi.org\/es\/wp-json\/wp\/v2\/categories?post=35158"},{"taxonomy":"post_tag","embeddable":true,"href":"https:\/\/exaudi.org\/es\/wp-json\/wp\/v2\/tags?post=35158"}],"curies":[{"name":"wp","href":"https:\/\/api.w.org\/{rel}","templated":true}]}}