{"id":35111,"date":"2021-09-30T11:32:49","date_gmt":"2021-09-30T09:32:49","guid":{"rendered":"https:\/\/exaudi.wpengine.com\/?p=35111"},"modified":"2021-09-30T11:32:49","modified_gmt":"2021-09-30T09:32:49","slug":"congregacion-educacion-catolica-nuevos-miembros","status":"publish","type":"post","link":"https:\/\/exaudi.org\/es\/congregacion-educacion-catolica-nuevos-miembros\/","title":{"rendered":"Congregaci\u00f3n para la Educaci\u00f3n Cat\u00f3lica: Nuevos miembros"},"content":{"rendered":"<p>El <a href=\"https:\/\/exaudi.wpengine.com\/es\/justificacion-cercania-mas-grande-de-dios\/\" target=\"_blank\" rel=\"noopener\">Papa Francisco<\/a> ha nombrado miembros de la Congregaci\u00f3n para la Educaci\u00f3n Cat\u00f3lica a los cardenales Louis Rapha\u00ebl Sako, patriarca de Babilonia de los Caldeos, Irak, Carlos Aguiar Retes, arzobispo de M\u00e9xico, Jean-Claude Hollerich, arzobispo de Luxemburgo, Antoine Kambanda, arzobispo de Kigali, Ruanda, Celestino A\u00f3s, arzobispo de Santiago de Chile, y a los monse\u00f1ores Stanis\u0142aw Budzik, arzobispo de Lublin, Polonia, Brendan Leahy, obispo de Limerick, Irlanda, y Valerio Lazzeri, obispo de Lugano, Suiza.<\/p>\n<h4><strong>Congregaci\u00f3n para la Educaci\u00f3n Cat\u00f3lica<\/strong><\/h4>\n<p>El Vaticano relata que la competencia de la <a href=\"https:\/\/www.vatican.va\/roman_curia\/congregations\/ccatheduc\/index_sp.htm\" target=\"_blank\" rel=\"noopener\">Congregaci\u00f3n para la Educaci\u00f3n Cat\u00f3lica<\/a> se explica en dos sectores. El primero sobre todas las Universidades, Facultades, Institutos y Escuelas Superiores de estudios eclesi\u00e1sticos o civiles que dependen de personas f\u00edsicas o morales eclesi\u00e1sticas, as\u00ed como tambi\u00e9n, sobre las Instituciones y Asociaciones con finalidades cient\u00edficas.<\/p>\n<p>El segundo\u00a0acerca de todas las Escuelas e Institutos de instrucci\u00f3n y de educaci\u00f3n de cualquier orden o grado pre universitario que dependen de las Autoridades Eclesi\u00e1sticas, cuyo objetivo es la formaci\u00f3n de la juventud laica, excluyendo aquellas que dependen de la Congregaci\u00f3n para las Iglesias Orientales y de la Congregaci\u00f3n para la Evangelizaci\u00f3n de los Pueblos.<\/p>\n<p>En el interno de la Oficina para las Universidades est\u00e1 presente un\u00a0Departamento para los Organismos Internacionales\u00a0con la misi\u00f3n de seguir las actividades internacionales de dichos Organismos y, en modo particular, los Acuerdos o Convenios de la Santa Sede con los varios Pa\u00edses relacionados con el reconocimiento de los estudios y de los t\u00edtulos acad\u00e9micos.<\/p>\n<p>Los actuales Superiores del Dicasterio son el prefecto, cardenal Giuseppe Versaldi, el secretario, Mons. Angelo Vincenzo Zani, y el sub-secretario, padre Friedrich Bechina.\u00a0La Congregaci\u00f3n cuenta con 34 Miembros, entre ellos 30 eminent\u00edsimos cardenales y 4 excelent\u00edsimos arzobispos. Los consultores son 27, mientras que el personal est\u00e1 conformado por 21 personas.<\/p>\n","protected":false},"excerpt":{"rendered":"<p>Nombramientos del Papa<\/p>\n","protected":false},"author":6,"featured_media":35112,"comment_status":"closed","ping_status":"closed","sticky":false,"template":"","format":"standard","meta":{"_acf_changed":false,"_crdt_document":"","inline_featured_image":false,"footnotes":""},"categories":[138,298],"tags":[1976,787,158],"class_list":["post-35111","post","type-post","status-publish","format-standard","has-post-thumbnail","hentry","category-dicasterios","category-ultimas-noticias","tag-congregacion-para-la-educacion-catolica","tag-nombramientos","tag-papa-francisco"],"acf":[],"yoast_head":"<!-- This site is optimized with the Yoast SEO plugin v27.4 - https:\/\/yoast.com\/product\/yoast-seo-wordpress\/ -->\n<title>Congregaci\u00f3n para la Educaci\u00f3n Cat\u00f3lica: Nuevos miembros - Exaudi<\/title>\n<meta name=\"description\" content=\"Seg\u00fan ha confirmado la Santa Sede, el Papa Francisco ha nombrado nuevos miembros de la Congregaci\u00f3n para la Educaci\u00f3n Cat\u00f3lica.\" \/>\n<meta name=\"robots\" content=\"index, follow, max-snippet:-1, max-image-preview:large, max-video-preview:-1\" \/>\n<link rel=\"canonical\" href=\"https:\/\/exaudi.org\/es\/congregacion-educacion-catolica-nuevos-miembros\/\" \/>\n<meta property=\"og:locale\" content=\"es_ES\" \/>\n<meta property=\"og:type\" content=\"article\" \/>\n<meta property=\"og:title\" content=\"Congregaci\u00f3n para la Educaci\u00f3n Cat\u00f3lica: Nuevos miembros - Exaudi\" \/>\n<meta property=\"og:description\" content=\"Seg\u00fan ha confirmado la Santa Sede, el Papa Francisco ha nombrado nuevos miembros de la Congregaci\u00f3n para la Educaci\u00f3n Cat\u00f3lica.\" \/>\n<meta property=\"og:url\" content=\"https:\/\/exaudi.org\/es\/congregacion-educacion-catolica-nuevos-miembros\/\" \/>\n<meta property=\"og:site_name\" content=\"Exaudi\" \/>\n<meta property=\"article:publisher\" content=\"https:\/\/www.facebook.com\/ExaudiNews\" \/>\n<meta property=\"article:published_time\" content=\"2021-09-30T09:32:49+00:00\" \/>\n<meta property=\"og:image\" content=\"https:\/\/exaudi.org\/wp-content\/uploads\/2021\/09\/455v45v-scaled.jpg\" \/>\n\t<meta property=\"og:image:width\" content=\"2560\" \/>\n\t<meta property=\"og:image:height\" content=\"1702\" \/>\n\t<meta property=\"og:image:type\" content=\"image\/jpeg\" \/>\n<meta name=\"author\" content=\"Gabriel Sales\" \/>\n<meta name=\"twitter:card\" content=\"summary_large_image\" \/>\n<meta name=\"twitter:creator\" content=\"@habemusman\" \/>\n<meta name=\"twitter:site\" content=\"@Exaudi_News\" \/>\n<meta name=\"twitter:label1\" content=\"Escrito por\" \/>\n\t<meta name=\"twitter:data1\" content=\"Gabriel Sales\" \/>\n\t<meta name=\"twitter:label2\" content=\"Tiempo de lectura\" \/>\n\t<meta name=\"twitter:data2\" content=\"2 minutos\" \/>\n<script type=\"application\/ld+json\" class=\"yoast-schema-graph\">{\"@context\":\"https:\\\/\\\/schema.org\",\"@graph\":[{\"@type\":\"Article\",\"@id\":\"https:\\\/\\\/exaudi.org\\\/es\\\/congregacion-educacion-catolica-nuevos-miembros\\\/#article\",\"isPartOf\":{\"@id\":\"https:\\\/\\\/exaudi.org\\\/es\\\/congregacion-educacion-catolica-nuevos-miembros\\\/\"},\"author\":{\"name\":\"Gabriel Sales\",\"@id\":\"https:\\\/\\\/exaudi.org\\\/#\\\/schema\\\/person\\\/d134b96438278131ce90c90c03fda6cd\"},\"headline\":\"Congregaci\u00f3n para la Educaci\u00f3n Cat\u00f3lica: Nuevos miembros\",\"datePublished\":\"2021-09-30T09:32:49+00:00\",\"mainEntityOfPage\":{\"@id\":\"https:\\\/\\\/exaudi.org\\\/es\\\/congregacion-educacion-catolica-nuevos-miembros\\\/\"},\"wordCount\":333,\"image\":{\"@id\":\"https:\\\/\\\/exaudi.org\\\/es\\\/congregacion-educacion-catolica-nuevos-miembros\\\/#primaryimage\"},\"thumbnailUrl\":\"https:\\\/\\\/exaudi.org\\\/wp-content\\\/uploads\\\/2021\\\/09\\\/455v45v-scaled.jpg\",\"keywords\":[\"Congregaci\u00f3n para la Educaci\u00f3n Cat\u00f3lica\",\"nombramientos\",\"papa francisco\"],\"articleSection\":[\"Dicasterios\",\"\u00daltimas noticias\"],\"inLanguage\":\"es\"},{\"@type\":\"WebPage\",\"@id\":\"https:\\\/\\\/exaudi.org\\\/es\\\/congregacion-educacion-catolica-nuevos-miembros\\\/\",\"url\":\"https:\\\/\\\/exaudi.org\\\/es\\\/congregacion-educacion-catolica-nuevos-miembros\\\/\",\"name\":\"Congregaci\u00f3n para la Educaci\u00f3n Cat\u00f3lica: Nuevos miembros - Exaudi\",\"isPartOf\":{\"@id\":\"https:\\\/\\\/exaudi.org\\\/#website\"},\"primaryImageOfPage\":{\"@id\":\"https:\\\/\\\/exaudi.org\\\/es\\\/congregacion-educacion-catolica-nuevos-miembros\\\/#primaryimage\"},\"image\":{\"@id\":\"https:\\\/\\\/exaudi.org\\\/es\\\/congregacion-educacion-catolica-nuevos-miembros\\\/#primaryimage\"},\"thumbnailUrl\":\"https:\\\/\\\/exaudi.org\\\/wp-content\\\/uploads\\\/2021\\\/09\\\/455v45v-scaled.jpg\",\"datePublished\":\"2021-09-30T09:32:49+00:00\",\"author\":{\"@id\":\"https:\\\/\\\/exaudi.org\\\/#\\\/schema\\\/person\\\/d134b96438278131ce90c90c03fda6cd\"},\"description\":\"Seg\u00fan ha confirmado la Santa Sede, el Papa Francisco ha nombrado nuevos miembros de la Congregaci\u00f3n para la Educaci\u00f3n Cat\u00f3lica.\",\"breadcrumb\":{\"@id\":\"https:\\\/\\\/exaudi.org\\\/es\\\/congregacion-educacion-catolica-nuevos-miembros\\\/#breadcrumb\"},\"inLanguage\":\"es\",\"potentialAction\":[{\"@type\":\"ReadAction\",\"target\":[\"https:\\\/\\\/exaudi.org\\\/es\\\/congregacion-educacion-catolica-nuevos-miembros\\\/\"]}]},{\"@type\":\"ImageObject\",\"inLanguage\":\"es\",\"@id\":\"https:\\\/\\\/exaudi.org\\\/es\\\/congregacion-educacion-catolica-nuevos-miembros\\\/#primaryimage\",\"url\":\"https:\\\/\\\/exaudi.org\\\/wp-content\\\/uploads\\\/2021\\\/09\\\/455v45v-scaled.jpg\",\"contentUrl\":\"https:\\\/\\\/exaudi.org\\\/wp-content\\\/uploads\\\/2021\\\/09\\\/455v45v-scaled.jpg\",\"width\":2560,\"height\":1702,\"caption\":\"Vaticano \u00a9 Pexels\"},{\"@type\":\"BreadcrumbList\",\"@id\":\"https:\\\/\\\/exaudi.org\\\/es\\\/congregacion-educacion-catolica-nuevos-miembros\\\/#breadcrumb\",\"itemListElement\":[{\"@type\":\"ListItem\",\"position\":1,\"name\":\"Portada\",\"item\":\"https:\\\/\\\/exaudi.org\\\/es\\\/\"},{\"@type\":\"ListItem\",\"position\":2,\"name\":\"Congregaci\u00f3n para la Educaci\u00f3n Cat\u00f3lica: Nuevos miembros\"}]},{\"@type\":\"WebSite\",\"@id\":\"https:\\\/\\\/exaudi.org\\\/#website\",\"url\":\"https:\\\/\\\/exaudi.org\\\/\",\"name\":\"Exaudi\",\"description\":\"News\",\"potentialAction\":[{\"@type\":\"SearchAction\",\"target\":{\"@type\":\"EntryPoint\",\"urlTemplate\":\"https:\\\/\\\/exaudi.org\\\/?s={search_term_string}\"},\"query-input\":{\"@type\":\"PropertyValueSpecification\",\"valueRequired\":true,\"valueName\":\"search_term_string\"}}],\"inLanguage\":\"es\"},{\"@type\":\"Person\",\"@id\":\"https:\\\/\\\/exaudi.org\\\/#\\\/schema\\\/person\\\/d134b96438278131ce90c90c03fda6cd\",\"name\":\"Gabriel Sales\",\"image\":{\"@type\":\"ImageObject\",\"inLanguage\":\"es\",\"@id\":\"https:\\\/\\\/secure.gravatar.com\\\/avatar\\\/9b1269566f6a063ed26ffb3532b66a373cdde231ce5d0effb266167437fdaffd?s=96&d=mm&r=g\",\"url\":\"https:\\\/\\\/secure.gravatar.com\\\/avatar\\\/9b1269566f6a063ed26ffb3532b66a373cdde231ce5d0effb266167437fdaffd?s=96&d=mm&r=g\",\"contentUrl\":\"https:\\\/\\\/secure.gravatar.com\\\/avatar\\\/9b1269566f6a063ed26ffb3532b66a373cdde231ce5d0effb266167437fdaffd?s=96&d=mm&r=g\",\"caption\":\"Gabriel Sales\"},\"description\":\"Periodista y especialista en Comunicaci\u00f3n y Branding digital. Cin\u00e9filo y cr\u00edtico de cine y series de televisi\u00f3n.\",\"sameAs\":[\"https:\\\/\\\/www.instagram.com\\\/cine90segundos\\\/\",\"www.linkedin.com\\\/in\\\/habemusman\",\"https:\\\/\\\/x.com\\\/habemusman\",\"https:\\\/\\\/www.youtube.com\\\/channel\\\/UCVfCiOMkJ_C7T7OpyjuaLDg\"],\"url\":\"https:\\\/\\\/exaudi.org\\\/es\\\/author\\\/gsalesexaudi-org\\\/\"}]}<\/script>\n<!-- \/ Yoast SEO plugin. -->","yoast_head_json":{"title":"Congregaci\u00f3n para la Educaci\u00f3n Cat\u00f3lica: Nuevos miembros - Exaudi","description":"Seg\u00fan ha confirmado la Santa Sede, el Papa Francisco ha nombrado nuevos miembros de la Congregaci\u00f3n para la Educaci\u00f3n Cat\u00f3lica.","robots":{"index":"index","follow":"follow","max-snippet":"max-snippet:-1","max-image-preview":"max-image-preview:large","max-video-preview":"max-video-preview:-1"},"canonical":"https:\/\/exaudi.org\/es\/congregacion-educacion-catolica-nuevos-miembros\/","og_locale":"es_ES","og_type":"article","og_title":"Congregaci\u00f3n para la Educaci\u00f3n Cat\u00f3lica: Nuevos miembros - Exaudi","og_description":"Seg\u00fan ha confirmado la Santa Sede, el Papa Francisco ha nombrado nuevos miembros de la Congregaci\u00f3n para la Educaci\u00f3n Cat\u00f3lica.","og_url":"https:\/\/exaudi.org\/es\/congregacion-educacion-catolica-nuevos-miembros\/","og_site_name":"Exaudi","article_publisher":"https:\/\/www.facebook.com\/ExaudiNews","article_published_time":"2021-09-30T09:32:49+00:00","og_image":[{"width":2560,"height":1702,"url":"https:\/\/exaudi.org\/wp-content\/uploads\/2021\/09\/455v45v-scaled.jpg","type":"image\/jpeg"}],"author":"Gabriel Sales","twitter_card":"summary_large_image","twitter_creator":"@habemusman","twitter_site":"@Exaudi_News","twitter_misc":{"Escrito por":"Gabriel Sales","Tiempo de lectura":"2 minutos"},"schema":{"@context":"https:\/\/schema.org","@graph":[{"@type":"Article","@id":"https:\/\/exaudi.org\/es\/congregacion-educacion-catolica-nuevos-miembros\/#article","isPartOf":{"@id":"https:\/\/exaudi.org\/es\/congregacion-educacion-catolica-nuevos-miembros\/"},"author":{"name":"Gabriel Sales","@id":"https:\/\/exaudi.org\/#\/schema\/person\/d134b96438278131ce90c90c03fda6cd"},"headline":"Congregaci\u00f3n para la Educaci\u00f3n Cat\u00f3lica: Nuevos miembros","datePublished":"2021-09-30T09:32:49+00:00","mainEntityOfPage":{"@id":"https:\/\/exaudi.org\/es\/congregacion-educacion-catolica-nuevos-miembros\/"},"wordCount":333,"image":{"@id":"https:\/\/exaudi.org\/es\/congregacion-educacion-catolica-nuevos-miembros\/#primaryimage"},"thumbnailUrl":"https:\/\/exaudi.org\/wp-content\/uploads\/2021\/09\/455v45v-scaled.jpg","keywords":["Congregaci\u00f3n para la Educaci\u00f3n Cat\u00f3lica","nombramientos","papa francisco"],"articleSection":["Dicasterios","\u00daltimas noticias"],"inLanguage":"es"},{"@type":"WebPage","@id":"https:\/\/exaudi.org\/es\/congregacion-educacion-catolica-nuevos-miembros\/","url":"https:\/\/exaudi.org\/es\/congregacion-educacion-catolica-nuevos-miembros\/","name":"Congregaci\u00f3n para la Educaci\u00f3n Cat\u00f3lica: Nuevos miembros - Exaudi","isPartOf":{"@id":"https:\/\/exaudi.org\/#website"},"primaryImageOfPage":{"@id":"https:\/\/exaudi.org\/es\/congregacion-educacion-catolica-nuevos-miembros\/#primaryimage"},"image":{"@id":"https:\/\/exaudi.org\/es\/congregacion-educacion-catolica-nuevos-miembros\/#primaryimage"},"thumbnailUrl":"https:\/\/exaudi.org\/wp-content\/uploads\/2021\/09\/455v45v-scaled.jpg","datePublished":"2021-09-30T09:32:49+00:00","author":{"@id":"https:\/\/exaudi.org\/#\/schema\/person\/d134b96438278131ce90c90c03fda6cd"},"description":"Seg\u00fan ha confirmado la Santa Sede, el Papa Francisco ha nombrado nuevos miembros de la Congregaci\u00f3n para la Educaci\u00f3n Cat\u00f3lica.","breadcrumb":{"@id":"https:\/\/exaudi.org\/es\/congregacion-educacion-catolica-nuevos-miembros\/#breadcrumb"},"inLanguage":"es","potentialAction":[{"@type":"ReadAction","target":["https:\/\/exaudi.org\/es\/congregacion-educacion-catolica-nuevos-miembros\/"]}]},{"@type":"ImageObject","inLanguage":"es","@id":"https:\/\/exaudi.org\/es\/congregacion-educacion-catolica-nuevos-miembros\/#primaryimage","url":"https:\/\/exaudi.org\/wp-content\/uploads\/2021\/09\/455v45v-scaled.jpg","contentUrl":"https:\/\/exaudi.org\/wp-content\/uploads\/2021\/09\/455v45v-scaled.jpg","width":2560,"height":1702,"caption":"Vaticano \u00a9 Pexels"},{"@type":"BreadcrumbList","@id":"https:\/\/exaudi.org\/es\/congregacion-educacion-catolica-nuevos-miembros\/#breadcrumb","itemListElement":[{"@type":"ListItem","position":1,"name":"Portada","item":"https:\/\/exaudi.org\/es\/"},{"@type":"ListItem","position":2,"name":"Congregaci\u00f3n para la Educaci\u00f3n Cat\u00f3lica: Nuevos miembros"}]},{"@type":"WebSite","@id":"https:\/\/exaudi.org\/#website","url":"https:\/\/exaudi.org\/","name":"Exaudi","description":"News","potentialAction":[{"@type":"SearchAction","target":{"@type":"EntryPoint","urlTemplate":"https:\/\/exaudi.org\/?s={search_term_string}"},"query-input":{"@type":"PropertyValueSpecification","valueRequired":true,"valueName":"search_term_string"}}],"inLanguage":"es"},{"@type":"Person","@id":"https:\/\/exaudi.org\/#\/schema\/person\/d134b96438278131ce90c90c03fda6cd","name":"Gabriel Sales","image":{"@type":"ImageObject","inLanguage":"es","@id":"https:\/\/secure.gravatar.com\/avatar\/9b1269566f6a063ed26ffb3532b66a373cdde231ce5d0effb266167437fdaffd?s=96&d=mm&r=g","url":"https:\/\/secure.gravatar.com\/avatar\/9b1269566f6a063ed26ffb3532b66a373cdde231ce5d0effb266167437fdaffd?s=96&d=mm&r=g","contentUrl":"https:\/\/secure.gravatar.com\/avatar\/9b1269566f6a063ed26ffb3532b66a373cdde231ce5d0effb266167437fdaffd?s=96&d=mm&r=g","caption":"Gabriel Sales"},"description":"Periodista y especialista en Comunicaci\u00f3n y Branding digital. Cin\u00e9filo y cr\u00edtico de cine y series de televisi\u00f3n.","sameAs":["https:\/\/www.instagram.com\/cine90segundos\/","www.linkedin.com\/in\/habemusman","https:\/\/x.com\/habemusman","https:\/\/www.youtube.com\/channel\/UCVfCiOMkJ_C7T7OpyjuaLDg"],"url":"https:\/\/exaudi.org\/es\/author\/gsalesexaudi-org\/"}]}},"jetpack_featured_media_url":"https:\/\/exaudi.org\/wp-content\/uploads\/2021\/09\/455v45v-scaled.jpg","jetpack_shortlink":"https:\/\/wp.me\/pgKjF2-98j","_links":{"self":[{"href":"https:\/\/exaudi.org\/es\/wp-json\/wp\/v2\/posts\/35111","targetHints":{"allow":["GET"]}}],"collection":[{"href":"https:\/\/exaudi.org\/es\/wp-json\/wp\/v2\/posts"}],"about":[{"href":"https:\/\/exaudi.org\/es\/wp-json\/wp\/v2\/types\/post"}],"author":[{"embeddable":true,"href":"https:\/\/exaudi.org\/es\/wp-json\/wp\/v2\/users\/6"}],"replies":[{"embeddable":true,"href":"https:\/\/exaudi.org\/es\/wp-json\/wp\/v2\/comments?post=35111"}],"version-history":[{"count":0,"href":"https:\/\/exaudi.org\/es\/wp-json\/wp\/v2\/posts\/35111\/revisions"}],"wp:featuredmedia":[{"embeddable":true,"href":"https:\/\/exaudi.org\/es\/wp-json\/wp\/v2\/media\/35112"}],"wp:attachment":[{"href":"https:\/\/exaudi.org\/es\/wp-json\/wp\/v2\/media?parent=35111"}],"wp:term":[{"taxonomy":"category","embeddable":true,"href":"https:\/\/exaudi.org\/es\/wp-json\/wp\/v2\/categories?post=35111"},{"taxonomy":"post_tag","embeddable":true,"href":"https:\/\/exaudi.org\/es\/wp-json\/wp\/v2\/tags?post=35111"}],"curies":[{"name":"wp","href":"https:\/\/api.w.org\/{rel}","templated":true}]}}