{"id":34939,"date":"2021-09-29T08:48:30","date_gmt":"2021-09-29T06:48:30","guid":{"rendered":"https:\/\/exaudi.wpengine.com\/?p=34939"},"modified":"2021-09-29T16:13:42","modified_gmt":"2021-09-29T14:13:42","slug":"cardenal-arizmendi-otro-pais-3-garantias","status":"publish","type":"post","link":"https:\/\/exaudi.org\/es\/cardenal-arizmendi-otro-pais-3-garantias\/","title":{"rendered":"Cardenal Arizmendi: Otro pa\u00eds, con 3 garant\u00edas"},"content":{"rendered":"<p>El\u00a0<a href=\"https:\/\/exaudi.wpengine.com\/es\/author\/felipearizmendi\/\">cardenal Felipe Arizmendi Esquivel<\/a>, obispo em\u00e9rito de San Crist\u00f3bal de Las Casas y responsable de la Doctrina de la Fe en la\u00a0<a href=\"https:\/\/www.cem.org.mx\/\">Conferencia del Episcopado Mexicano (CEM)<\/a>, ofrece a los lectores de Exaudi su art\u00edculo semanal titulado \u201cOtro pa\u00eds, con tres garant\u00edas\u201d.<\/p>\n<h4><strong>Ver<\/strong><\/h4>\n<p>Hace a\u00f1os, un anciano sacerdote, Alberto Aguirre, me dec\u00eda: \u201cEste pa\u00eds ser\u00eda muy diferente si Dios me concediera lo que le pido\u201d. Le pregunt\u00e9 que le ped\u00eda a Dios y me respondi\u00f3: \u201cQue se mueran fulano, sutano y mengano\u2026\u201d Eran, en su concepto, personas malas, negativas y problem\u00e1ticas; y si desaparecieran, todo cambiar\u00eda. Es decir, pensamos que el mundo cambia si cambian los dem\u00e1s. Es la actitud de algunos que esperan a marzo pr\u00f3ximo, para votar que se le revoque al actual presidente de la Rep\u00fablica su mandato. As\u00ed como hay quienes lo apoyan en cuanto se le ocurre, otros lo califican de lo peor. Y se imaginan que, cambiando de presidente, el pa\u00eds mejorar\u00e1. Vemos la paja en el ojo ajeno, y no nuestras propias deficiencias. El pa\u00eds cambia si t\u00fa y yo nos esforzamos por ser mejores.<\/p>\n<p>Lo mismo pasa en las familias, en los pueblos y en la misma comunidad eclesial. El esposo exige que su esposa cambie, y \u00e9lla espera lo mismo del marido. Queremos que los vecinos molestos dejen de hacer tanto ruido, que cambien al p\u00e1rroco o al obispo, e incluso que ya termine el tiempo del Papa Francisco, en vez de asumir lo que a cada quien nos toca hacer para que este mundo sea diferente.<\/p>\n<p>Hemos celebrado los 200 a\u00f1os de la \u201cconsumaci\u00f3n de la independencia nacional\u201d, haza\u00f1a llevada a cabo el 27 de septiembre de 1821, cuando hubo acuerdos entre las diferentes corrientes pol\u00edticas del pa\u00eds para unirse bajo tres garant\u00edas: independencia, uni\u00f3n y religi\u00f3n. El 16 de septiembre de 1810 se hab\u00eda iniciado ese proceso, con la inspiraci\u00f3n guadalupana y el liderazgo clerical, pero se tuvieron que sortear muchos intereses partidistas, para que prevaleciera la armon\u00eda nacional: todos diferentes, pero unidos por el bien com\u00fan. La religi\u00f3n jug\u00f3 un papel determinante, aunque hoy se le regatee su lugar, alegando un laicismo que es m\u00e1s un ate\u00edsmo que una ben\u00e9fica laicidad. No pretendemos que se imponga una \u00fanica religi\u00f3n, sino que todos nos reconozcamos como hermanos y nos respetemos, en vez de que haya tanta confrontaci\u00f3n y linchamiento a los que piensan en forma diferente.<\/p>\n<h4><strong>Pensar<\/strong><\/h4>\n<p>El Papa Francisco, en un oportuno mensaje para esta ocasi\u00f3n, nos dice: \u201cCelebrar la independencia es afirmar la libertad, y la libertad es un don y una conquista permanente. Por eso, me uno a la alegr\u00eda de esta celebraci\u00f3n y, al mismo tiempo, deseo que este aniversario tan especial sea una ocasi\u00f3n propicia para fortalecer las ra\u00edces y reafirmar los valores que los constituyen como Naci\u00f3n.<\/p>\n<p>Para fortalecer las ra\u00edces es preciso hacer una relectura del pasado, teniendo en cuenta tanto las luces como las sombras que han forjado la historia del pa\u00eds. Esa mirada retrospectiva incluye necesariamente un proceso de purificaci\u00f3n de la memoria, es decir, reconocer los errores cometidos en el pasado, que han sido muy dolorosos. Por eso, en diversas ocasiones, tanto mis antecesores como yo mismo, hemos pedido perd\u00f3n por los pecados personales y sociales, por todas las acciones u omisiones que no contribuyeron a la evangelizaci\u00f3n. En esa misma perspectiva, tampoco se pueden olvidar las acciones que, en tiempos m\u00e1s recientes, se cometieron contra el sentimiento religioso cristiano de gran parte del Pueblo mexicano, provocando con ello un profundo sufrimiento. Pero no evocamos los dolores del pasado para quedarnos ah\u00ed, sino para aprender de ellos y seguir dando pasos, en vistas a sanar las heridas, a cultivar un di\u00e1logo abierto y respetuoso entre las diferencias, y a construir la tan anhelada fraternidad, priorizando el bien com\u00fan por encima de los intereses particulares, las tensiones y los conflictos.<\/p>\n<p>El aniversario que est\u00e1n celebrando invita a mirar no s\u00f3lo al pasado para fortalecer las ra\u00edces, sino tambi\u00e9n a seguir viviendo el presente y a construir el futuro con gozo y esperanza, reafirmando los valores que los han constituido y los identifican como Pueblo -valores por los que tanto han luchado e incluso han dado la vida muchos de vuestros antecesores- como son la independencia, la uni\u00f3n y la religi\u00f3n. Y en este punto, quisiera destacar otro acontecimiento que marcar\u00e1 sin duda todo un itinerario de fe para la Iglesia mexicana en los pr\u00f3ximos a\u00f1os: la celebraci\u00f3n, dentro de una d\u00e9cada, de los 500 a\u00f1os de las apariciones de Guadalupe. En esta conmemoraci\u00f3n, es bello recordar que la imagen de la Virgen de Guadalupe tomada por el Padre Hidalgo del Santuario de Atotonilco, simboliz\u00f3 una lucha y una esperanza que culmin\u00f3 en las \u201ctres garant\u00edas\u201d de Iguala impresas para siempre en los colores de la bandera. Mar\u00eda de Guadalupe, la Virgen Morenita, dirigi\u00e9ndose de modo particular a los m\u00e1s peque\u00f1os y necesitados, favoreci\u00f3 la hermandad y la libertad, la reconciliaci\u00f3n y la inculturaci\u00f3n del mensaje cristiano, no s\u00f3lo en M\u00e9xico sino en todas las Am\u00e9ricas. Que Ella siga siendo para todos ustedes la Gu\u00eda segura que los lleve a la comuni\u00f3n y a la Vida plena en su Hijo Jesucristo. Que Jes\u00fas bendiga a todos los hijos e hijas de M\u00e9xico, y la Virgen santa los cuide y ampare con su manto celestial. Y, por favor, no se olviden de rezar por m\u00ed\u201d.<\/p>\n<h4><strong>A<\/strong><strong>ctuar<\/strong><\/h4>\n<p>\u00bfQu\u00e9 podemos hacer t\u00fa y yo, para que en nuestro pa\u00eds todos gocemos de esas tres garant\u00edas: independencia, uni\u00f3n y religi\u00f3n? En vez de desgastar energ\u00edas en criticar y lamentar, seamos mejores en la familia y en la comunidad, siendo agentes de cambio, no eternas pla\u00f1ideras.<\/p>\n<audio class=\"wp-audio-shortcode\" id=\"audio-34939-1\" preload=\"none\" style=\"width: 100%;\" controls=\"controls\"><source type=\"audio\/mpeg\" src=\"https:\/\/exaudi.wpengine.com\/wp-content\/uploads\/2021\/09\/Articulo-29-sept.mp3?_=1\" \/><a href=\"https:\/\/exaudi.wpengine.com\/wp-content\/uploads\/2021\/09\/Articulo-29-sept.mp3\">https:\/\/exaudi.wpengine.com\/wp-content\/uploads\/2021\/09\/Articulo-29-sept.mp3<\/a><\/audio>\n","protected":false},"excerpt":{"rendered":"<p>Independencia, uni\u00f3n y religi\u00f3n<\/p>\n","protected":false},"author":24,"featured_media":34940,"comment_status":"open","ping_status":"open","sticky":false,"template":"","format":"standard","meta":{"_acf_changed":false,"_crdt_document":"","inline_featured_image":false,"footnotes":""},"categories":[298,130],"tags":[3727,4141,415,1992,4309],"class_list":["post-34939","post","type-post","status-publish","format-standard","has-post-thumbnail","hentry","category-ultimas-noticias","category-voces","tag-cardenal-felipe-arizmendi","tag-independencia","tag-mexico","tag-religion","tag-union-es"],"acf":[],"yoast_head":"<!-- This site is optimized with the Yoast SEO plugin v27.5 - https:\/\/yoast.com\/product\/yoast-seo-wordpress\/ -->\n<title>Cardenal Arizmendi: Otro pa\u00eds, con 3 garant\u00edas &#8211; Exaudi<\/title>\n<meta name=\"description\" content=\"El\u00a0cardenal Arizmendi, obispo em\u00e9rito de San Crist\u00f3bal de Las Casas, ofrece su art\u00edculo semanal titulado \u201cOtro pa\u00eds, con tres garant\u00edas\u201d.\" \/>\n<meta name=\"robots\" content=\"index, follow, max-snippet:-1, max-image-preview:large, max-video-preview:-1\" \/>\n<link rel=\"canonical\" href=\"https:\/\/exaudi.org\/es\/cardenal-arizmendi-otro-pais-3-garantias\/\" \/>\n<meta property=\"og:locale\" content=\"es_ES\" \/>\n<meta property=\"og:type\" content=\"article\" \/>\n<meta property=\"og:title\" content=\"Cardenal Arizmendi: Otro pa\u00eds, con 3 garant\u00edas &#8211; Exaudi\" \/>\n<meta property=\"og:description\" content=\"El\u00a0cardenal Arizmendi, obispo em\u00e9rito de San Crist\u00f3bal de Las Casas, ofrece su art\u00edculo semanal titulado \u201cOtro pa\u00eds, con tres garant\u00edas\u201d.\" \/>\n<meta property=\"og:url\" content=\"https:\/\/exaudi.org\/es\/cardenal-arizmendi-otro-pais-3-garantias\/\" \/>\n<meta property=\"og:site_name\" content=\"Exaudi\" \/>\n<meta property=\"article:publisher\" content=\"https:\/\/www.facebook.com\/ExaudiNews\" \/>\n<meta property=\"article:published_time\" content=\"2021-09-29T06:48:30+00:00\" \/>\n<meta property=\"article:modified_time\" content=\"2021-09-29T14:13:42+00:00\" \/>\n<meta property=\"og:image\" content=\"https:\/\/exaudi.org\/wp-content\/uploads\/2021\/09\/yandryfernandez_cuba-156485844594-cathopic-scaled.jpg\" \/>\n\t<meta property=\"og:image:width\" content=\"2560\" \/>\n\t<meta property=\"og:image:height\" content=\"1708\" \/>\n\t<meta property=\"og:image:type\" content=\"image\/jpeg\" \/>\n<meta name=\"author\" content=\"Cardenal Felipe Arizmendi\" \/>\n<meta name=\"twitter:card\" content=\"summary_large_image\" \/>\n<meta name=\"twitter:creator\" content=\"@Exaudi_News\" \/>\n<meta name=\"twitter:site\" content=\"@Exaudi_News\" \/>\n<meta name=\"twitter:label1\" content=\"Escrito por\" \/>\n\t<meta name=\"twitter:data1\" content=\"Cardenal Felipe Arizmendi\" \/>\n\t<meta name=\"twitter:label2\" content=\"Tiempo de lectura\" \/>\n\t<meta name=\"twitter:data2\" content=\"5 minutos\" \/>\n<script type=\"application\/ld+json\" class=\"yoast-schema-graph\">{\"@context\":\"https:\\\/\\\/schema.org\",\"@graph\":[{\"@type\":\"Article\",\"@id\":\"https:\\\/\\\/exaudi.org\\\/es\\\/cardenal-arizmendi-otro-pais-3-garantias\\\/#article\",\"isPartOf\":{\"@id\":\"https:\\\/\\\/exaudi.org\\\/es\\\/cardenal-arizmendi-otro-pais-3-garantias\\\/\"},\"author\":{\"name\":\"Cardenal Felipe Arizmendi\",\"@id\":\"https:\\\/\\\/exaudi.org\\\/#\\\/schema\\\/person\\\/c7d223f87e58f1105d044d8da1439102\"},\"headline\":\"Cardenal Arizmendi: Otro pa\u00eds, con 3 garant\u00edas\",\"datePublished\":\"2021-09-29T06:48:30+00:00\",\"dateModified\":\"2021-09-29T14:13:42+00:00\",\"mainEntityOfPage\":{\"@id\":\"https:\\\/\\\/exaudi.org\\\/es\\\/cardenal-arizmendi-otro-pais-3-garantias\\\/\"},\"wordCount\":1038,\"commentCount\":0,\"image\":{\"@id\":\"https:\\\/\\\/exaudi.org\\\/es\\\/cardenal-arizmendi-otro-pais-3-garantias\\\/#primaryimage\"},\"thumbnailUrl\":\"https:\\\/\\\/exaudi.org\\\/wp-content\\\/uploads\\\/2021\\\/09\\\/yandryfernandez_cuba-156485844594-cathopic-scaled.jpg\",\"keywords\":[\"Cardenal Felipe Arizmendi\",\"Independencia\",\"M\u00e9xico\",\"Religi\u00f3n\",\"union\"],\"articleSection\":[\"\u00daltimas noticias\",\"Voces\"],\"inLanguage\":\"es\",\"potentialAction\":[{\"@type\":\"CommentAction\",\"name\":\"Comment\",\"target\":[\"https:\\\/\\\/exaudi.org\\\/es\\\/cardenal-arizmendi-otro-pais-3-garantias\\\/#respond\"]}]},{\"@type\":\"WebPage\",\"@id\":\"https:\\\/\\\/exaudi.org\\\/es\\\/cardenal-arizmendi-otro-pais-3-garantias\\\/\",\"url\":\"https:\\\/\\\/exaudi.org\\\/es\\\/cardenal-arizmendi-otro-pais-3-garantias\\\/\",\"name\":\"Cardenal Arizmendi: Otro pa\u00eds, con 3 garant\u00edas &#8211; Exaudi\",\"isPartOf\":{\"@id\":\"https:\\\/\\\/exaudi.org\\\/#website\"},\"primaryImageOfPage\":{\"@id\":\"https:\\\/\\\/exaudi.org\\\/es\\\/cardenal-arizmendi-otro-pais-3-garantias\\\/#primaryimage\"},\"image\":{\"@id\":\"https:\\\/\\\/exaudi.org\\\/es\\\/cardenal-arizmendi-otro-pais-3-garantias\\\/#primaryimage\"},\"thumbnailUrl\":\"https:\\\/\\\/exaudi.org\\\/wp-content\\\/uploads\\\/2021\\\/09\\\/yandryfernandez_cuba-156485844594-cathopic-scaled.jpg\",\"datePublished\":\"2021-09-29T06:48:30+00:00\",\"dateModified\":\"2021-09-29T14:13:42+00:00\",\"author\":{\"@id\":\"https:\\\/\\\/exaudi.org\\\/#\\\/schema\\\/person\\\/c7d223f87e58f1105d044d8da1439102\"},\"description\":\"El\u00a0cardenal Arizmendi, obispo em\u00e9rito de San Crist\u00f3bal de Las Casas, ofrece su art\u00edculo semanal titulado \u201cOtro pa\u00eds, con tres garant\u00edas\u201d.\",\"breadcrumb\":{\"@id\":\"https:\\\/\\\/exaudi.org\\\/es\\\/cardenal-arizmendi-otro-pais-3-garantias\\\/#breadcrumb\"},\"inLanguage\":\"es\",\"potentialAction\":[{\"@type\":\"ReadAction\",\"target\":[\"https:\\\/\\\/exaudi.org\\\/es\\\/cardenal-arizmendi-otro-pais-3-garantias\\\/\"]}]},{\"@type\":\"ImageObject\",\"inLanguage\":\"es\",\"@id\":\"https:\\\/\\\/exaudi.org\\\/es\\\/cardenal-arizmendi-otro-pais-3-garantias\\\/#primaryimage\",\"url\":\"https:\\\/\\\/exaudi.org\\\/wp-content\\\/uploads\\\/2021\\\/09\\\/yandryfernandez_cuba-156485844594-cathopic-scaled.jpg\",\"contentUrl\":\"https:\\\/\\\/exaudi.org\\\/wp-content\\\/uploads\\\/2021\\\/09\\\/yandryfernandez_cuba-156485844594-cathopic-scaled.jpg\",\"width\":2560,\"height\":1708,\"caption\":\"Uni\u00f3n \u00a9 Cathopic. Yandry Fern\u00e1ndez Perdomo\"},{\"@type\":\"BreadcrumbList\",\"@id\":\"https:\\\/\\\/exaudi.org\\\/es\\\/cardenal-arizmendi-otro-pais-3-garantias\\\/#breadcrumb\",\"itemListElement\":[{\"@type\":\"ListItem\",\"position\":1,\"name\":\"Portada\",\"item\":\"https:\\\/\\\/exaudi.org\\\/es\\\/\"},{\"@type\":\"ListItem\",\"position\":2,\"name\":\"Cardenal Arizmendi: Otro pa\u00eds, con 3 garant\u00edas\"}]},{\"@type\":\"WebSite\",\"@id\":\"https:\\\/\\\/exaudi.org\\\/#website\",\"url\":\"https:\\\/\\\/exaudi.org\\\/\",\"name\":\"Exaudi\",\"description\":\"News\",\"potentialAction\":[{\"@type\":\"SearchAction\",\"target\":{\"@type\":\"EntryPoint\",\"urlTemplate\":\"https:\\\/\\\/exaudi.org\\\/?s={search_term_string}\"},\"query-input\":{\"@type\":\"PropertyValueSpecification\",\"valueRequired\":true,\"valueName\":\"search_term_string\"}}],\"inLanguage\":\"es\"},{\"@type\":\"Person\",\"@id\":\"https:\\\/\\\/exaudi.org\\\/#\\\/schema\\\/person\\\/c7d223f87e58f1105d044d8da1439102\",\"name\":\"Cardenal Felipe Arizmendi\",\"image\":{\"@type\":\"ImageObject\",\"inLanguage\":\"es\",\"@id\":\"https:\\\/\\\/secure.gravatar.com\\\/avatar\\\/4ffc5520d896b86d39346168903de33a17ef0f23d16de0ff45062c1ff422ed2f?s=96&d=mm&r=g\",\"url\":\"https:\\\/\\\/secure.gravatar.com\\\/avatar\\\/4ffc5520d896b86d39346168903de33a17ef0f23d16de0ff45062c1ff422ed2f?s=96&d=mm&r=g\",\"contentUrl\":\"https:\\\/\\\/secure.gravatar.com\\\/avatar\\\/4ffc5520d896b86d39346168903de33a17ef0f23d16de0ff45062c1ff422ed2f?s=96&d=mm&r=g\",\"caption\":\"Cardenal Felipe Arizmendi\"},\"description\":\"Nacido en Chiltepec el 1 de mayo de 1940. Estudi\u00f3 Humanidades y Filosof\u00eda en el Seminario de Toluca, de 1952 a 1959. Curs\u00f3 la Teolog\u00eda en la Universidad Pontificia de Salamanca, Espa\u00f1a, de 1959 a 1963, obteniendo la licenciatura en Teolog\u00eda Dogm\u00e1tica. Por su cuenta, se especializ\u00f3 en Liturgia. Fue ordenado sacerdote el 25 de agosto de 1963 en Toluca. Sirvi\u00f3 como Vicario Parroquial en tres parroquias por tres a\u00f1os y medio y fue p\u00e1rroco de una comunidad ind\u00edgena otom\u00ed, de 1967 a 1970. Fue Director Espiritual del Seminario de Toluca por diez a\u00f1os, y Rector del mismo de 1981 a 1991. El 7 de marzo de 1991, fue ordenado obispo de la di\u00f3cesis de Tapachula, donde estuvo hasta el 30 de abril del a\u00f1o 2000. El 1 de mayo del 2000, inici\u00f3 su ministerio episcopal como XLVI obispo de la di\u00f3cesis de San Crist\u00f3bal de las Casas, Chiapas, una de las di\u00f3cesis m\u00e1s antiguas de M\u00e9xico, erigida en 1539; all\u00ed sirvi\u00f3 por casi 18 a\u00f1os. Ha ocupado diversos cargos en la Conferencia del Episcopado Mexicano y en el CELAM. El 3 de noviembre de 2017, el Papa Francisco le acept\u00f3, por edad, su renuncia al servicio episcopal en esta di\u00f3cesis, que entreg\u00f3 a su sucesor el 3 de enero de 2018. Desde entonces, reside en la ciudad de Toluca. Desde 1979, escribe art\u00edculos de actualidad en varios medios religiosos y civiles. Es autor de varias publicaciones.\",\"url\":\"https:\\\/\\\/exaudi.org\\\/es\\\/author\\\/felipearizmendi\\\/\"}]}<\/script>\n<!-- \/ Yoast SEO plugin. -->","yoast_head_json":{"title":"Cardenal Arizmendi: Otro pa\u00eds, con 3 garant\u00edas &#8211; Exaudi","description":"El\u00a0cardenal Arizmendi, obispo em\u00e9rito de San Crist\u00f3bal de Las Casas, ofrece su art\u00edculo semanal titulado \u201cOtro pa\u00eds, con tres garant\u00edas\u201d.","robots":{"index":"index","follow":"follow","max-snippet":"max-snippet:-1","max-image-preview":"max-image-preview:large","max-video-preview":"max-video-preview:-1"},"canonical":"https:\/\/exaudi.org\/es\/cardenal-arizmendi-otro-pais-3-garantias\/","og_locale":"es_ES","og_type":"article","og_title":"Cardenal Arizmendi: Otro pa\u00eds, con 3 garant\u00edas &#8211; Exaudi","og_description":"El\u00a0cardenal Arizmendi, obispo em\u00e9rito de San Crist\u00f3bal de Las Casas, ofrece su art\u00edculo semanal titulado \u201cOtro pa\u00eds, con tres garant\u00edas\u201d.","og_url":"https:\/\/exaudi.org\/es\/cardenal-arizmendi-otro-pais-3-garantias\/","og_site_name":"Exaudi","article_publisher":"https:\/\/www.facebook.com\/ExaudiNews","article_published_time":"2021-09-29T06:48:30+00:00","article_modified_time":"2021-09-29T14:13:42+00:00","og_image":[{"width":2560,"height":1708,"url":"https:\/\/exaudi.org\/wp-content\/uploads\/2021\/09\/yandryfernandez_cuba-156485844594-cathopic-scaled.jpg","type":"image\/jpeg"}],"author":"Cardenal Felipe Arizmendi","twitter_card":"summary_large_image","twitter_creator":"@Exaudi_News","twitter_site":"@Exaudi_News","twitter_misc":{"Escrito por":"Cardenal Felipe Arizmendi","Tiempo de lectura":"5 minutos"},"schema":{"@context":"https:\/\/schema.org","@graph":[{"@type":"Article","@id":"https:\/\/exaudi.org\/es\/cardenal-arizmendi-otro-pais-3-garantias\/#article","isPartOf":{"@id":"https:\/\/exaudi.org\/es\/cardenal-arizmendi-otro-pais-3-garantias\/"},"author":{"name":"Cardenal Felipe Arizmendi","@id":"https:\/\/exaudi.org\/#\/schema\/person\/c7d223f87e58f1105d044d8da1439102"},"headline":"Cardenal Arizmendi: Otro pa\u00eds, con 3 garant\u00edas","datePublished":"2021-09-29T06:48:30+00:00","dateModified":"2021-09-29T14:13:42+00:00","mainEntityOfPage":{"@id":"https:\/\/exaudi.org\/es\/cardenal-arizmendi-otro-pais-3-garantias\/"},"wordCount":1038,"commentCount":0,"image":{"@id":"https:\/\/exaudi.org\/es\/cardenal-arizmendi-otro-pais-3-garantias\/#primaryimage"},"thumbnailUrl":"https:\/\/exaudi.org\/wp-content\/uploads\/2021\/09\/yandryfernandez_cuba-156485844594-cathopic-scaled.jpg","keywords":["Cardenal Felipe Arizmendi","Independencia","M\u00e9xico","Religi\u00f3n","union"],"articleSection":["\u00daltimas noticias","Voces"],"inLanguage":"es","potentialAction":[{"@type":"CommentAction","name":"Comment","target":["https:\/\/exaudi.org\/es\/cardenal-arizmendi-otro-pais-3-garantias\/#respond"]}]},{"@type":"WebPage","@id":"https:\/\/exaudi.org\/es\/cardenal-arizmendi-otro-pais-3-garantias\/","url":"https:\/\/exaudi.org\/es\/cardenal-arizmendi-otro-pais-3-garantias\/","name":"Cardenal Arizmendi: Otro pa\u00eds, con 3 garant\u00edas &#8211; Exaudi","isPartOf":{"@id":"https:\/\/exaudi.org\/#website"},"primaryImageOfPage":{"@id":"https:\/\/exaudi.org\/es\/cardenal-arizmendi-otro-pais-3-garantias\/#primaryimage"},"image":{"@id":"https:\/\/exaudi.org\/es\/cardenal-arizmendi-otro-pais-3-garantias\/#primaryimage"},"thumbnailUrl":"https:\/\/exaudi.org\/wp-content\/uploads\/2021\/09\/yandryfernandez_cuba-156485844594-cathopic-scaled.jpg","datePublished":"2021-09-29T06:48:30+00:00","dateModified":"2021-09-29T14:13:42+00:00","author":{"@id":"https:\/\/exaudi.org\/#\/schema\/person\/c7d223f87e58f1105d044d8da1439102"},"description":"El\u00a0cardenal Arizmendi, obispo em\u00e9rito de San Crist\u00f3bal de Las Casas, ofrece su art\u00edculo semanal titulado \u201cOtro pa\u00eds, con tres garant\u00edas\u201d.","breadcrumb":{"@id":"https:\/\/exaudi.org\/es\/cardenal-arizmendi-otro-pais-3-garantias\/#breadcrumb"},"inLanguage":"es","potentialAction":[{"@type":"ReadAction","target":["https:\/\/exaudi.org\/es\/cardenal-arizmendi-otro-pais-3-garantias\/"]}]},{"@type":"ImageObject","inLanguage":"es","@id":"https:\/\/exaudi.org\/es\/cardenal-arizmendi-otro-pais-3-garantias\/#primaryimage","url":"https:\/\/exaudi.org\/wp-content\/uploads\/2021\/09\/yandryfernandez_cuba-156485844594-cathopic-scaled.jpg","contentUrl":"https:\/\/exaudi.org\/wp-content\/uploads\/2021\/09\/yandryfernandez_cuba-156485844594-cathopic-scaled.jpg","width":2560,"height":1708,"caption":"Uni\u00f3n \u00a9 Cathopic. Yandry Fern\u00e1ndez Perdomo"},{"@type":"BreadcrumbList","@id":"https:\/\/exaudi.org\/es\/cardenal-arizmendi-otro-pais-3-garantias\/#breadcrumb","itemListElement":[{"@type":"ListItem","position":1,"name":"Portada","item":"https:\/\/exaudi.org\/es\/"},{"@type":"ListItem","position":2,"name":"Cardenal Arizmendi: Otro pa\u00eds, con 3 garant\u00edas"}]},{"@type":"WebSite","@id":"https:\/\/exaudi.org\/#website","url":"https:\/\/exaudi.org\/","name":"Exaudi","description":"News","potentialAction":[{"@type":"SearchAction","target":{"@type":"EntryPoint","urlTemplate":"https:\/\/exaudi.org\/?s={search_term_string}"},"query-input":{"@type":"PropertyValueSpecification","valueRequired":true,"valueName":"search_term_string"}}],"inLanguage":"es"},{"@type":"Person","@id":"https:\/\/exaudi.org\/#\/schema\/person\/c7d223f87e58f1105d044d8da1439102","name":"Cardenal Felipe Arizmendi","image":{"@type":"ImageObject","inLanguage":"es","@id":"https:\/\/secure.gravatar.com\/avatar\/4ffc5520d896b86d39346168903de33a17ef0f23d16de0ff45062c1ff422ed2f?s=96&d=mm&r=g","url":"https:\/\/secure.gravatar.com\/avatar\/4ffc5520d896b86d39346168903de33a17ef0f23d16de0ff45062c1ff422ed2f?s=96&d=mm&r=g","contentUrl":"https:\/\/secure.gravatar.com\/avatar\/4ffc5520d896b86d39346168903de33a17ef0f23d16de0ff45062c1ff422ed2f?s=96&d=mm&r=g","caption":"Cardenal Felipe Arizmendi"},"description":"Nacido en Chiltepec el 1 de mayo de 1940. Estudi\u00f3 Humanidades y Filosof\u00eda en el Seminario de Toluca, de 1952 a 1959. Curs\u00f3 la Teolog\u00eda en la Universidad Pontificia de Salamanca, Espa\u00f1a, de 1959 a 1963, obteniendo la licenciatura en Teolog\u00eda Dogm\u00e1tica. Por su cuenta, se especializ\u00f3 en Liturgia. Fue ordenado sacerdote el 25 de agosto de 1963 en Toluca. Sirvi\u00f3 como Vicario Parroquial en tres parroquias por tres a\u00f1os y medio y fue p\u00e1rroco de una comunidad ind\u00edgena otom\u00ed, de 1967 a 1970. Fue Director Espiritual del Seminario de Toluca por diez a\u00f1os, y Rector del mismo de 1981 a 1991. El 7 de marzo de 1991, fue ordenado obispo de la di\u00f3cesis de Tapachula, donde estuvo hasta el 30 de abril del a\u00f1o 2000. El 1 de mayo del 2000, inici\u00f3 su ministerio episcopal como XLVI obispo de la di\u00f3cesis de San Crist\u00f3bal de las Casas, Chiapas, una de las di\u00f3cesis m\u00e1s antiguas de M\u00e9xico, erigida en 1539; all\u00ed sirvi\u00f3 por casi 18 a\u00f1os. Ha ocupado diversos cargos en la Conferencia del Episcopado Mexicano y en el CELAM. El 3 de noviembre de 2017, el Papa Francisco le acept\u00f3, por edad, su renuncia al servicio episcopal en esta di\u00f3cesis, que entreg\u00f3 a su sucesor el 3 de enero de 2018. Desde entonces, reside en la ciudad de Toluca. Desde 1979, escribe art\u00edculos de actualidad en varios medios religiosos y civiles. Es autor de varias publicaciones.","url":"https:\/\/exaudi.org\/es\/author\/felipearizmendi\/"}]}},"jetpack_featured_media_url":"https:\/\/exaudi.org\/wp-content\/uploads\/2021\/09\/yandryfernandez_cuba-156485844594-cathopic-scaled.jpg","jetpack_shortlink":"https:\/\/wp.me\/pgKjF2-95x","_links":{"self":[{"href":"https:\/\/exaudi.org\/es\/wp-json\/wp\/v2\/posts\/34939","targetHints":{"allow":["GET"]}}],"collection":[{"href":"https:\/\/exaudi.org\/es\/wp-json\/wp\/v2\/posts"}],"about":[{"href":"https:\/\/exaudi.org\/es\/wp-json\/wp\/v2\/types\/post"}],"author":[{"embeddable":true,"href":"https:\/\/exaudi.org\/es\/wp-json\/wp\/v2\/users\/24"}],"replies":[{"embeddable":true,"href":"https:\/\/exaudi.org\/es\/wp-json\/wp\/v2\/comments?post=34939"}],"version-history":[{"count":0,"href":"https:\/\/exaudi.org\/es\/wp-json\/wp\/v2\/posts\/34939\/revisions"}],"wp:featuredmedia":[{"embeddable":true,"href":"https:\/\/exaudi.org\/es\/wp-json\/wp\/v2\/media\/34940"}],"wp:attachment":[{"href":"https:\/\/exaudi.org\/es\/wp-json\/wp\/v2\/media?parent=34939"}],"wp:term":[{"taxonomy":"category","embeddable":true,"href":"https:\/\/exaudi.org\/es\/wp-json\/wp\/v2\/categories?post=34939"},{"taxonomy":"post_tag","embeddable":true,"href":"https:\/\/exaudi.org\/es\/wp-json\/wp\/v2\/tags?post=34939"}],"curies":[{"name":"wp","href":"https:\/\/api.w.org\/{rel}","templated":true}]}}