{"id":34914,"date":"2025-09-29T07:30:03","date_gmt":"2025-09-29T05:30:03","guid":{"rendered":"https:\/\/exaudi.wpengine.com\/?p=34914"},"modified":"2025-09-25T12:24:00","modified_gmt":"2025-09-25T10:24:00","slug":"beato-francesc-castello-i-aleu-29-septiembre","status":"publish","type":"post","link":"https:\/\/exaudi.org\/es\/beato-francesc-castello-i-aleu-29-septiembre\/","title":{"rendered":"Beato Francesc Castell\u00f3 i Aleu, 29 de septiembre"},"content":{"rendered":"<p><span style=\"font-weight: 400;\">Hoy se celebra la festividad de los santos arc\u00e1ngeles Gabriel, Miguel y Rafael. Y junto a otros santos y beatos, la vida de Francisco de Paula Castell\u00f3 i Aleu, uno de los m\u00e1rtires de la fe que cayeron en el transcurso de la tr\u00e1gica contienda espa\u00f1ola de 1936. Como todos los que sucumbieron en ella, ten\u00eda sus anhelos particulares, sue\u00f1os que se vieron truncados de la noche a la ma\u00f1ana.<\/span><\/p>\n<p><iframe title=\"Spotify Embed: Beato Francesc Castell\u00f3 i Aleu, 29 de septiembre\" style=\"border-radius: 12px\" width=\"100%\" height=\"152\" frameborder=\"0\" allowfullscreen allow=\"autoplay; clipboard-write; encrypted-media; fullscreen; picture-in-picture\" loading=\"lazy\" src=\"https:\/\/open.spotify.com\/embed\/episode\/501ysGUptbgxyBDsspkLCY?si=101f00af08ae439a&#038;utm_source=oembed\"><\/iframe><\/p>\n<p><span style=\"font-weight: 400;\">Era un joven de su tiempo, ejemplar, atractivo, brillante ingeniero qu\u00edmico, con un proyecto de vida en com\u00fan fraguado con su novia Mariona, sustentado en una vida espiritual s\u00f3lida. Miraba a su alrededor con los ojos de Cristo y ese fue el legado m\u00e1s preciado que nos ha dejado a todos.\u00a0<\/span><\/p>\n<p><span style=\"font-weight: 400;\">Naci\u00f3 en Alicante, Espa\u00f1a, el 10 de abril de 1914. Era el benjam\u00edn de tres hermanos; \u00fanico var\u00f3n. Dios hab\u00eda escuchado los ruegos de Teresa, su madre, que ped\u00eda un hijo \u201cguapo y santo\u201d. Qued\u00f3 hu\u00e9rfano de padre al poco tiempo de nacer, y Teresa se instal\u00f3 con sus tres v\u00e1stagos en L\u00e9rida.<\/span><\/p>\n<p><span style=\"font-weight: 400;\"> Ocho a\u00f1os m\u00e1s tarde, su actividad laboral como maestra de escuela, una vez ganadas las oposiciones condujo a todos a diversas localidades hasta que en el oto\u00f1o de 1923 se establecieron en Juneda y all\u00ed hizo Francesc su primera comuni\u00f3n en 1924. Estudi\u00f3 con los maristas de L\u00e9rida en r\u00e9gimen de internado, y no perd\u00eda ocasi\u00f3n para hacer todo el bien posible a su alrededor. <\/span><\/p>\n<p><span style=\"font-weight: 400;\">No era un joven pusil\u00e1nime, precisamente, aunque su fuerte car\u00e1cter iba quedando neutralizado con la educaci\u00f3n y formaci\u00f3n que recib\u00eda. Era muy devoto de la Eucarist\u00eda y de la Virgen Mar\u00eda; los tres hermanos la tomaron por Madre, a iniciativa de Francesc, cuando muri\u00f3 Teresa en 1929 a consecuencia de una enfermedad que no fue tratada convenientemente.\u00a0<\/span><\/p>\n<p><span style=\"font-weight: 400;\">Acogidos y ayudados econ\u00f3micamente por una t\u00eda paterna, Francesc, que mostraba interesantes aptitudes para la f\u00edsica y la qu\u00edmica, pudo iniciar la carrera universitaria. Por mediaci\u00f3n del padre Calaf, un jesuita amigo de su t\u00eda, obtuvo una beca que le permiti\u00f3 cursar estudios de qu\u00edmica en la localidad barcelonesa de Sarri\u00e0. <\/span><\/p>\n<p><span style=\"font-weight: 400;\">Otro jesuita, el padre Galant, le ayud\u00f3 a superar la profunda crisis humana y espiritual que sufri\u00f3 en esa \u00e9poca. El carisma ignaciano con los ejercicios espirituales apacigu\u00f3 su angustia y le fortaleci\u00f3. A partir de entonces se comprometi\u00f3 con pautas de vida que sostuvo con firmeza hasta el fin de sus d\u00edas; entre otras acciones inclu\u00eda la recepci\u00f3n peri\u00f3dica de los sacramentos. <\/span><\/p>\n<p><span style=\"font-weight: 400;\">Se afili\u00f3 a la Congregaci\u00f3n Mariana y dentro de ella realiz\u00f3 una actividad apost\u00f3lica ejemplar. En \u00e9l se aunaban visi\u00f3n, oraci\u00f3n y experiencia. Sab\u00eda c\u00f3mo se conquistan las vocaciones: \u201cLas almas hemos de ganarlas con esfuerzo y oraci\u00f3n\u201d, y cu\u00e1l es el \u201cespacio\u201d en el que debe moverse el ap\u00f3stol: \u201cEn el apostolado no os tiente nunca ni la silla c\u00f3moda, ni la cosa f\u00e1cil. Sed personas de alpargata\u201d.\u00a0<\/span><\/p>\n<p><span style=\"font-weight: 400;\">En 1932 ingres\u00f3 en la \u201cFederaci\u00f3 de Joves Cristians de Catalunya\u201d. Un a\u00f1o antes se hab\u00eda proclamado la Segunda Rep\u00fablica, y los \u00e1nimos estaban encrespados. Mientras, y por sugerencia del padre Galant, se traslad\u00f3 a Oviedo para terminar su carrera; se licenci\u00f3 en Qu\u00edmica en 1934.<\/span><\/p>\n<p><span style=\"font-weight: 400;\"> Al a\u00f1o siguiente fue contratado como ingeniero qu\u00edmico en la empresa CROSS de L\u00e9rida. Y se volc\u00f3 con los pobres del barrio del Canyeret; daba clases a los obreros y ayudaba a sus propios compa\u00f1eros de trabajo. Enamorado de Mariona Pelegr\u00ed, una joven piadosa de familia creyente y comprometida, los j\u00f3venes se prometieron formalmente en mayo de 1936. Ella formaba parte de la Acci\u00f3n Cat\u00f3lica y Francesc la secund\u00f3.\u00a0<\/span><\/p>\n<p><span style=\"font-weight: 400;\">Reclutado en el ej\u00e9rcito el 1\u00ba de julio de ese a\u00f1o como soldado de complemento, el 20 su fe cat\u00f3lica le llev\u00f3 a la c\u00e1rcel del castillo de L\u00e9rida. No lleg\u00f3 a cumplir dos meses de reclusi\u00f3n cuando el 12 de septiembre lo trasladaron a la c\u00e1rcel provincial. El 29 no se arredr\u00f3 ante el tribunal popular ad casum, que sin rigor alguno, determinado a cumplir la sentencia de muerte ya fraguada de antemano, quiso conocer la filiaci\u00f3n religiosa del beato.<\/span><\/p>\n<p><span style=\"font-weight: 400;\"> \u201c\u00a1S\u00ed, soy cat\u00f3lico!\u201d, confirm\u00f3 respondiendo con firmeza y claridad, humilde al mismo tiempo, acogiendo con sencillez el gesto bronco y desafiante de sus interlocutores, sin juzgar tan execrable conducta, llevado por el perd\u00f3n. Mientras aguardaba el cumplimento de la pena impuesta en la improvisada c\u00e1rcel del ayuntamiento, animaba a sus compa\u00f1eros. Inmediatamente escribi\u00f3 a su novia, a sus hermanas y al padre Galant.\u00a0<\/span><\/p>\n<p><span style=\"font-weight: 400;\">Fragmentos de las cartas ponen de relieve su altura humana y espiritual. A su novia le dijo: \u201cMe pasa una cosa extra\u00f1a: no puedo sentir ninguna pena por mi suerte. Una alegr\u00eda interna, intensa, fuerte me embarga. Quisiera escribirte una carta triste de despedida, pero no puedo. Estoy rodeado de ideas alegres como un presentimiento de la gloria\u2026\u201d. A sus hermanas: \u201cAcaban de leerme la pena de muerte y nunca he estado m\u00e1s tranquilo que ahora [\u2026]. <\/span><\/p>\n<p><span style=\"font-weight: 400;\">La Providencia de Dios ha querido escogerme como v\u00edctima de los errores y de nuestros pecados. Yo voy con gusto y tranquilo a la muerte. Nunca como ahora tendr\u00e9 tantas probabilidades de salvaci\u00f3n. Ya se ha acabado mi misi\u00f3n en esta vida, ofrezco a Dios los sufrimientos de esta hora\u201d.<\/span><\/p>\n<p><span style=\"font-weight: 400;\"> Al padre Galant: \u201cLe escribo estas letras estando condenado a muerte y faltando unas horas para ser fusilado. Estoy tranquilo y contento, muy contento. Espero poder estar en la glor\u00eda dentro de poco rato. Renuncio a los lazos y placeres que puede darme el mundo y al cari\u00f1o de los m\u00edos. Doy gracias a Dios porque me da una muerte con muchas probabilidades de salvarme\u201d.<\/span><\/p>\n<p><span style=\"font-weight: 400;\"> Cuando estas cartas llegaron a P\u00edo XI las ley\u00f3 sin poder contener la emoci\u00f3n; no fue capaz de desprenderse de ellas. Consider\u00f3 que tales misivas cursadas por un hijo como Francesc \u201ccorrespond\u00eda al padre guardarlas\u201d.\u00a0<\/span><\/p>\n<p><span style=\"font-weight: 400;\">El beato y los seis condenados dieron gozoso testimonio de su fe, con esperanza y valent\u00eda, entonando el credo mientras iban camino de su sepultura. La madrugada del 29 de septiembre cobardes fusiles terminaron con su vida en el umbral del cementerio. Juan Pablo II beatific\u00f3 a Francesc el 11 de marzo de 2001.<\/span><\/p>\n<p><img loading=\"lazy\" decoding=\"async\" class=\"size-full wp-image-132825 alignnone\" src=\"https:\/\/exaudi.org\/wp-content\/uploads\/2024\/09\/Santoral-9-1.jpg\" alt=\"\" width=\"1080\" height=\"1080\" srcset=\"https:\/\/exaudi.org\/wp-content\/uploads\/2024\/09\/Santoral-9-1.jpg 1080w, https:\/\/exaudi.org\/wp-content\/uploads\/2024\/09\/Santoral-9-1-300x300.jpg 300w, https:\/\/exaudi.org\/wp-content\/uploads\/2024\/09\/Santoral-9-1-1024x1024.jpg 1024w, https:\/\/exaudi.org\/wp-content\/uploads\/2024\/09\/Santoral-9-1-100x100.jpg?crop=1 100w, https:\/\/exaudi.org\/wp-content\/uploads\/2024\/09\/Santoral-9-1-770x770.jpg 770w, https:\/\/exaudi.org\/wp-content\/uploads\/2024\/09\/Santoral-9-1-500x500.jpg 500w\" sizes=\"auto, (max-width: 1080px) 100vw, 1080px\" \/><\/p>\n<h6><em>\u00a9\u00a0<a href=\"https:\/\/exaudi.wpengine.com\/es\/author\/isabelorellana\/\" target=\"_blank\" rel=\"noopener noreferrer\">Isabel Orellana Vilches<\/a>, 2018<\/em><\/h6>\n<h6><em>Autora vinculada a<\/em><\/h6>\n<h6><em><img loading=\"lazy\" decoding=\"async\" class=\"alignright wp-image-2208\" src=\"https:\/\/exaudi.org\/wp-content\/uploads\/2021\/02\/santoral-scaled-1-725x1024.jpg\" alt=\"santoral Isabel Orellana\" width=\"262\" height=\"370\" \/><\/em><img loading=\"lazy\" decoding=\"async\" class=\"alignnone size-full wp-image-41949\" src=\"https:\/\/www.idente.org\/wp-content\/uploads\/logo-cedro-v01-843x295-1-e1603384654546.png\" alt=\"\" width=\"80\" height=\"28\" \/><br \/>\nObra protegida por derechos de autor.<br \/>\nInscrita en el Registro de la Propiedad Intelectual el 24 de noviembre de 2014.<br \/>\n________________<br \/>\nDerechos de edici\u00f3n reservados:<br \/>\n<a href=\"https:\/\/rielo.com\/\" target=\"_blank\" rel=\"noopener noreferrer\">Fundaci\u00f3n Fernando Rielo<\/a><br \/>\nGoya 20, 4.\u00ba izq. int. 28001 Madrid<br \/>\nTlf.: (34) 91 575 40 91<br \/>\nCorreo electr\u00f3nico:\u00a0fundacion@rielo.com<\/h6>\n<div class=\"page\" title=\"Page 4\">\n<div class=\"layoutArea\">\n<div class=\"column\">\n<h6>Dep\u00f3sito legal: M-18664-2020<br \/>\nISBN: 978-84-946646-6-3<\/h6>\n<\/div>\n<\/div>\n<\/div>\n","protected":false},"excerpt":{"rendered":"<p>M\u00e1rtir de la Guerra Civil Espa\u00f1ola<\/p>\n","protected":false},"author":23,"featured_media":34915,"comment_status":"closed","ping_status":"closed","sticky":false,"template":"","format":"standard","meta":{"_acf_changed":false,"_crdt_document":"","inline_featured_image":false,"footnotes":""},"categories":[74,2772],"tags":[4306,388,387,58880],"class_list":["post-34914","post","type-post","status-publish","format-standard","has-post-thumbnail","hentry","category-iglesia-y-mundo","category-santoral","tag-beato-francesc-castello-i-aleu","tag-isabel-orellana-vilches","tag-santoral","tag-trending-es-151"],"acf":[],"yoast_head":"<!-- This site is optimized with the Yoast SEO plugin v27.5 - https:\/\/yoast.com\/product\/yoast-seo-wordpress\/ -->\n<title>Beato Francesc Castell\u00f3 i Aleu, 29 de septiembre - Exaudi Catholic News<\/title>\n<meta name=\"description\" content=\"Santoral del 29 de septiembre, beato Francesc Castell\u00f3 i Aleu, escrito por Isabel Orellana y editado por la Fundaci\u00f3n Fernando Rielo.\" \/>\n<meta name=\"robots\" content=\"index, follow, max-snippet:-1, max-image-preview:large, max-video-preview:-1\" \/>\n<link rel=\"canonical\" href=\"https:\/\/exaudi.org\/es\/beato-francesc-castello-i-aleu-29-septiembre\/\" \/>\n<meta property=\"og:locale\" content=\"es_ES\" \/>\n<meta property=\"og:type\" content=\"article\" \/>\n<meta property=\"og:title\" content=\"Beato Francesc Castell\u00f3 i Aleu, 29 de septiembre - Exaudi Catholic News\" \/>\n<meta property=\"og:description\" content=\"Santoral del 29 de septiembre, beato Francesc Castell\u00f3 i Aleu, escrito por Isabel Orellana y editado por la Fundaci\u00f3n Fernando Rielo.\" \/>\n<meta property=\"og:url\" content=\"https:\/\/exaudi.org\/es\/beato-francesc-castello-i-aleu-29-septiembre\/\" \/>\n<meta property=\"og:site_name\" content=\"Exaudi\" \/>\n<meta property=\"article:publisher\" content=\"https:\/\/www.facebook.com\/ExaudiNews\" \/>\n<meta property=\"article:published_time\" content=\"2025-09-29T05:30:03+00:00\" \/>\n<meta property=\"og:image\" content=\"https:\/\/exaudi.org\/wp-content\/uploads\/2021\/09\/65883031-beato-francesc-castello-i-aleu-c-todocoleccion-net-1.jpg\" \/>\n\t<meta property=\"og:image:width\" content=\"343\" \/>\n\t<meta property=\"og:image:height\" content=\"337\" \/>\n\t<meta property=\"og:image:type\" content=\"image\/jpeg\" \/>\n<meta name=\"author\" content=\"Isabel Orellana\" \/>\n<meta name=\"twitter:card\" content=\"summary_large_image\" \/>\n<meta name=\"twitter:creator\" content=\"@Exaudi_News\" \/>\n<meta name=\"twitter:site\" content=\"@Exaudi_News\" \/>\n<meta name=\"twitter:label1\" content=\"Escrito por\" \/>\n\t<meta name=\"twitter:data1\" content=\"Isabel Orellana\" \/>\n\t<meta name=\"twitter:label2\" content=\"Tiempo de lectura\" \/>\n\t<meta name=\"twitter:data2\" content=\"6 minutos\" \/>\n<script type=\"application\/ld+json\" class=\"yoast-schema-graph\">{\"@context\":\"https:\\\/\\\/schema.org\",\"@graph\":[{\"@type\":\"Article\",\"@id\":\"https:\\\/\\\/exaudi.org\\\/es\\\/beato-francesc-castello-i-aleu-29-septiembre\\\/#article\",\"isPartOf\":{\"@id\":\"https:\\\/\\\/exaudi.org\\\/es\\\/beato-francesc-castello-i-aleu-29-septiembre\\\/\"},\"author\":{\"name\":\"Isabel Orellana\",\"@id\":\"https:\\\/\\\/exaudi.org\\\/#\\\/schema\\\/person\\\/64e18b96fd6118559a9217b5b3375fdc\"},\"headline\":\"Beato Francesc Castell\u00f3 i Aleu, 29 de septiembre\",\"datePublished\":\"2025-09-29T05:30:03+00:00\",\"mainEntityOfPage\":{\"@id\":\"https:\\\/\\\/exaudi.org\\\/es\\\/beato-francesc-castello-i-aleu-29-septiembre\\\/\"},\"wordCount\":1166,\"image\":{\"@id\":\"https:\\\/\\\/exaudi.org\\\/es\\\/beato-francesc-castello-i-aleu-29-septiembre\\\/#primaryimage\"},\"thumbnailUrl\":\"https:\\\/\\\/exaudi.org\\\/wp-content\\\/uploads\\\/2021\\\/09\\\/65883031-beato-francesc-castello-i-aleu-c-todocoleccion-net-1.jpg\",\"keywords\":[\"Beato Francesc Castell\u00f3 i Aleu\",\"Isabel Orellana Vilches\",\"Santoral\",\"Trending\"],\"articleSection\":[\"Iglesia y Mundo\",\"Santoral\"],\"inLanguage\":\"es\"},{\"@type\":\"WebPage\",\"@id\":\"https:\\\/\\\/exaudi.org\\\/es\\\/beato-francesc-castello-i-aleu-29-septiembre\\\/\",\"url\":\"https:\\\/\\\/exaudi.org\\\/es\\\/beato-francesc-castello-i-aleu-29-septiembre\\\/\",\"name\":\"Beato Francesc Castell\u00f3 i Aleu, 29 de septiembre - Exaudi Catholic News\",\"isPartOf\":{\"@id\":\"https:\\\/\\\/exaudi.org\\\/#website\"},\"primaryImageOfPage\":{\"@id\":\"https:\\\/\\\/exaudi.org\\\/es\\\/beato-francesc-castello-i-aleu-29-septiembre\\\/#primaryimage\"},\"image\":{\"@id\":\"https:\\\/\\\/exaudi.org\\\/es\\\/beato-francesc-castello-i-aleu-29-septiembre\\\/#primaryimage\"},\"thumbnailUrl\":\"https:\\\/\\\/exaudi.org\\\/wp-content\\\/uploads\\\/2021\\\/09\\\/65883031-beato-francesc-castello-i-aleu-c-todocoleccion-net-1.jpg\",\"datePublished\":\"2025-09-29T05:30:03+00:00\",\"author\":{\"@id\":\"https:\\\/\\\/exaudi.org\\\/#\\\/schema\\\/person\\\/64e18b96fd6118559a9217b5b3375fdc\"},\"description\":\"Santoral del 29 de septiembre, beato Francesc Castell\u00f3 i Aleu, escrito por Isabel Orellana y editado por la Fundaci\u00f3n Fernando Rielo.\",\"breadcrumb\":{\"@id\":\"https:\\\/\\\/exaudi.org\\\/es\\\/beato-francesc-castello-i-aleu-29-septiembre\\\/#breadcrumb\"},\"inLanguage\":\"es\",\"potentialAction\":[{\"@type\":\"ReadAction\",\"target\":[\"https:\\\/\\\/exaudi.org\\\/es\\\/beato-francesc-castello-i-aleu-29-septiembre\\\/\"]}]},{\"@type\":\"ImageObject\",\"inLanguage\":\"es\",\"@id\":\"https:\\\/\\\/exaudi.org\\\/es\\\/beato-francesc-castello-i-aleu-29-septiembre\\\/#primaryimage\",\"url\":\"https:\\\/\\\/exaudi.org\\\/wp-content\\\/uploads\\\/2021\\\/09\\\/65883031-beato-francesc-castello-i-aleu-c-todocoleccion-net-1.jpg\",\"contentUrl\":\"https:\\\/\\\/exaudi.org\\\/wp-content\\\/uploads\\\/2021\\\/09\\\/65883031-beato-francesc-castello-i-aleu-c-todocoleccion-net-1.jpg\",\"width\":343,\"height\":337,\"caption\":\"Beato Francesc Castell\u00f3 i Aleu \u00a9 Todocoleccion.net\"},{\"@type\":\"BreadcrumbList\",\"@id\":\"https:\\\/\\\/exaudi.org\\\/es\\\/beato-francesc-castello-i-aleu-29-septiembre\\\/#breadcrumb\",\"itemListElement\":[{\"@type\":\"ListItem\",\"position\":1,\"name\":\"Portada\",\"item\":\"https:\\\/\\\/exaudi.org\\\/es\\\/\"},{\"@type\":\"ListItem\",\"position\":2,\"name\":\"Beato Francesc Castell\u00f3 i Aleu, 29 de septiembre\"}]},{\"@type\":\"WebSite\",\"@id\":\"https:\\\/\\\/exaudi.org\\\/#website\",\"url\":\"https:\\\/\\\/exaudi.org\\\/\",\"name\":\"Exaudi\",\"description\":\"News\",\"potentialAction\":[{\"@type\":\"SearchAction\",\"target\":{\"@type\":\"EntryPoint\",\"urlTemplate\":\"https:\\\/\\\/exaudi.org\\\/?s={search_term_string}\"},\"query-input\":{\"@type\":\"PropertyValueSpecification\",\"valueRequired\":true,\"valueName\":\"search_term_string\"}}],\"inLanguage\":\"es\"},{\"@type\":\"Person\",\"@id\":\"https:\\\/\\\/exaudi.org\\\/#\\\/schema\\\/person\\\/64e18b96fd6118559a9217b5b3375fdc\",\"name\":\"Isabel Orellana\",\"image\":{\"@type\":\"ImageObject\",\"inLanguage\":\"es\",\"@id\":\"https:\\\/\\\/secure.gravatar.com\\\/avatar\\\/51968380bbb6b22ae85c605634860366fd9a2a611c6341125115bca32cd6c171?s=96&d=mm&r=g\",\"url\":\"https:\\\/\\\/secure.gravatar.com\\\/avatar\\\/51968380bbb6b22ae85c605634860366fd9a2a611c6341125115bca32cd6c171?s=96&d=mm&r=g\",\"contentUrl\":\"https:\\\/\\\/secure.gravatar.com\\\/avatar\\\/51968380bbb6b22ae85c605634860366fd9a2a611c6341125115bca32cd6c171?s=96&d=mm&r=g\",\"caption\":\"Isabel Orellana\"},\"description\":\"Isabel Orellana Vilches Misionera idente. Doctora en Filosof\u00eda por la Universidad Aut\u00f3noma de Barcelona con la tesis Realismo y progreso cient\u00edfico en la epistemolog\u00eda popperiana. Ha cursado estudios de teolog\u00eda en la Universidad Pontificia de Salamanca. Con amplia actividad docente desde 1986, ha publicado libros como: Realismo y progreso cient\u00edfico en la epistemolog\u00eda popperiana, Universitat Aut\u00f2noma de Barcelona, 1993; El evangelio habla a los j\u00f3venes, Atenas, Madrid, 1997; Qu\u00e9 es... LA TOLERANCIA, Paulinas, Madrid, 1999; Pedagog\u00eda del dolor. Ensayo antropol\u00f3gico, Palabra, Madrid, 1999; En colaboraci\u00f3n con Enrique Rivera de Ventosa (\u2020) OFM. Cap. San Francisco de As\u00eds y Fernando Rielo: Convergencias. Respuestas desde la fe a los interrogantes del hombre de hoy, Universidad Pontificia, Salamanca, 2001; La \\\"mirada\\\" del cine. Recursos did\u00e1cticos del s\u00e9ptimo arte. Librer\u00eda Cervantes, Salamanca, 2001; Paradojas de la convivencia, San Pablo, Madrid, 2002; En la Universidad T\u00e9cnica Particular de Loja, Ecuador, ha publicado: La confianza. El arte de amar, 2002; Educar para la responsabilidad, 2003; Apuntes de \u00e9tica en Karl R. Popper, 2003; De soledades y comunicaci\u00f3n, 2005; Yo educo; t\u00fa respondes, 2008; Humanismo y fe en un crisol de culturas, 2008; Repensar lo cotidiano, 2008; Convivir: un constante desaf\u00edo, 2009; La l\u00f3gica del amor, 2010; El dolor del amor. Apuntes sobre la enfermedad y el dolor en relaci\u00f3n con la virtud heroica, el martirio y la vida santa. Seminario Diocesano de M\u00e1laga, 2006 y Universidad T\u00e9cnica Particular de Loja, Ecuador (2007). Cuenta con numerosas colaboraciones en obras colectivas, as\u00ed como relatos, cuentos, f\u00e1bula y novela juvenil, adem\u00e1s de art\u00edculos de tem\u00e1tica cient\u00edfica, pedag\u00f3gica y espiritual, que viene publicando en distintas revistas nacionales e internacionales. En 2012 culmin\u00f3 el santoral Llamados a ser santos y poco m\u00e1s tarde Epopeyas de amor prologado por mons. Fernando Sebasti\u00e1n. Es la bi\u00f3grafa oficial del fundador de su familia espiritual, autora de Fernando Rielo Pardal. Fundador de los Misioneros Identes, Descl\u00e9e de Brouwer, Bilbao, 2009. Culmina la biograf\u00eda completa. Encargada del santoral de ZENIT desde 2012 a 2020 y ahora en Exaudi\",\"url\":\"https:\\\/\\\/exaudi.org\\\/es\\\/author\\\/isabelorellana\\\/\"}]}<\/script>\n<!-- \/ Yoast SEO plugin. -->","yoast_head_json":{"title":"Beato Francesc Castell\u00f3 i Aleu, 29 de septiembre - Exaudi Catholic News","description":"Santoral del 29 de septiembre, beato Francesc Castell\u00f3 i Aleu, escrito por Isabel Orellana y editado por la Fundaci\u00f3n Fernando Rielo.","robots":{"index":"index","follow":"follow","max-snippet":"max-snippet:-1","max-image-preview":"max-image-preview:large","max-video-preview":"max-video-preview:-1"},"canonical":"https:\/\/exaudi.org\/es\/beato-francesc-castello-i-aleu-29-septiembre\/","og_locale":"es_ES","og_type":"article","og_title":"Beato Francesc Castell\u00f3 i Aleu, 29 de septiembre - Exaudi Catholic News","og_description":"Santoral del 29 de septiembre, beato Francesc Castell\u00f3 i Aleu, escrito por Isabel Orellana y editado por la Fundaci\u00f3n Fernando Rielo.","og_url":"https:\/\/exaudi.org\/es\/beato-francesc-castello-i-aleu-29-septiembre\/","og_site_name":"Exaudi","article_publisher":"https:\/\/www.facebook.com\/ExaudiNews","article_published_time":"2025-09-29T05:30:03+00:00","og_image":[{"width":343,"height":337,"url":"https:\/\/exaudi.org\/wp-content\/uploads\/2021\/09\/65883031-beato-francesc-castello-i-aleu-c-todocoleccion-net-1.jpg","type":"image\/jpeg"}],"author":"Isabel Orellana","twitter_card":"summary_large_image","twitter_creator":"@Exaudi_News","twitter_site":"@Exaudi_News","twitter_misc":{"Escrito por":"Isabel Orellana","Tiempo de lectura":"6 minutos"},"schema":{"@context":"https:\/\/schema.org","@graph":[{"@type":"Article","@id":"https:\/\/exaudi.org\/es\/beato-francesc-castello-i-aleu-29-septiembre\/#article","isPartOf":{"@id":"https:\/\/exaudi.org\/es\/beato-francesc-castello-i-aleu-29-septiembre\/"},"author":{"name":"Isabel Orellana","@id":"https:\/\/exaudi.org\/#\/schema\/person\/64e18b96fd6118559a9217b5b3375fdc"},"headline":"Beato Francesc Castell\u00f3 i Aleu, 29 de septiembre","datePublished":"2025-09-29T05:30:03+00:00","mainEntityOfPage":{"@id":"https:\/\/exaudi.org\/es\/beato-francesc-castello-i-aleu-29-septiembre\/"},"wordCount":1166,"image":{"@id":"https:\/\/exaudi.org\/es\/beato-francesc-castello-i-aleu-29-septiembre\/#primaryimage"},"thumbnailUrl":"https:\/\/exaudi.org\/wp-content\/uploads\/2021\/09\/65883031-beato-francesc-castello-i-aleu-c-todocoleccion-net-1.jpg","keywords":["Beato Francesc Castell\u00f3 i Aleu","Isabel Orellana Vilches","Santoral","Trending"],"articleSection":["Iglesia y Mundo","Santoral"],"inLanguage":"es"},{"@type":"WebPage","@id":"https:\/\/exaudi.org\/es\/beato-francesc-castello-i-aleu-29-septiembre\/","url":"https:\/\/exaudi.org\/es\/beato-francesc-castello-i-aleu-29-septiembre\/","name":"Beato Francesc Castell\u00f3 i Aleu, 29 de septiembre - Exaudi Catholic News","isPartOf":{"@id":"https:\/\/exaudi.org\/#website"},"primaryImageOfPage":{"@id":"https:\/\/exaudi.org\/es\/beato-francesc-castello-i-aleu-29-septiembre\/#primaryimage"},"image":{"@id":"https:\/\/exaudi.org\/es\/beato-francesc-castello-i-aleu-29-septiembre\/#primaryimage"},"thumbnailUrl":"https:\/\/exaudi.org\/wp-content\/uploads\/2021\/09\/65883031-beato-francesc-castello-i-aleu-c-todocoleccion-net-1.jpg","datePublished":"2025-09-29T05:30:03+00:00","author":{"@id":"https:\/\/exaudi.org\/#\/schema\/person\/64e18b96fd6118559a9217b5b3375fdc"},"description":"Santoral del 29 de septiembre, beato Francesc Castell\u00f3 i Aleu, escrito por Isabel Orellana y editado por la Fundaci\u00f3n Fernando Rielo.","breadcrumb":{"@id":"https:\/\/exaudi.org\/es\/beato-francesc-castello-i-aleu-29-septiembre\/#breadcrumb"},"inLanguage":"es","potentialAction":[{"@type":"ReadAction","target":["https:\/\/exaudi.org\/es\/beato-francesc-castello-i-aleu-29-septiembre\/"]}]},{"@type":"ImageObject","inLanguage":"es","@id":"https:\/\/exaudi.org\/es\/beato-francesc-castello-i-aleu-29-septiembre\/#primaryimage","url":"https:\/\/exaudi.org\/wp-content\/uploads\/2021\/09\/65883031-beato-francesc-castello-i-aleu-c-todocoleccion-net-1.jpg","contentUrl":"https:\/\/exaudi.org\/wp-content\/uploads\/2021\/09\/65883031-beato-francesc-castello-i-aleu-c-todocoleccion-net-1.jpg","width":343,"height":337,"caption":"Beato Francesc Castell\u00f3 i Aleu \u00a9 Todocoleccion.net"},{"@type":"BreadcrumbList","@id":"https:\/\/exaudi.org\/es\/beato-francesc-castello-i-aleu-29-septiembre\/#breadcrumb","itemListElement":[{"@type":"ListItem","position":1,"name":"Portada","item":"https:\/\/exaudi.org\/es\/"},{"@type":"ListItem","position":2,"name":"Beato Francesc Castell\u00f3 i Aleu, 29 de septiembre"}]},{"@type":"WebSite","@id":"https:\/\/exaudi.org\/#website","url":"https:\/\/exaudi.org\/","name":"Exaudi","description":"News","potentialAction":[{"@type":"SearchAction","target":{"@type":"EntryPoint","urlTemplate":"https:\/\/exaudi.org\/?s={search_term_string}"},"query-input":{"@type":"PropertyValueSpecification","valueRequired":true,"valueName":"search_term_string"}}],"inLanguage":"es"},{"@type":"Person","@id":"https:\/\/exaudi.org\/#\/schema\/person\/64e18b96fd6118559a9217b5b3375fdc","name":"Isabel Orellana","image":{"@type":"ImageObject","inLanguage":"es","@id":"https:\/\/secure.gravatar.com\/avatar\/51968380bbb6b22ae85c605634860366fd9a2a611c6341125115bca32cd6c171?s=96&d=mm&r=g","url":"https:\/\/secure.gravatar.com\/avatar\/51968380bbb6b22ae85c605634860366fd9a2a611c6341125115bca32cd6c171?s=96&d=mm&r=g","contentUrl":"https:\/\/secure.gravatar.com\/avatar\/51968380bbb6b22ae85c605634860366fd9a2a611c6341125115bca32cd6c171?s=96&d=mm&r=g","caption":"Isabel Orellana"},"description":"Isabel Orellana Vilches Misionera idente. Doctora en Filosof\u00eda por la Universidad Aut\u00f3noma de Barcelona con la tesis Realismo y progreso cient\u00edfico en la epistemolog\u00eda popperiana. Ha cursado estudios de teolog\u00eda en la Universidad Pontificia de Salamanca. Con amplia actividad docente desde 1986, ha publicado libros como: Realismo y progreso cient\u00edfico en la epistemolog\u00eda popperiana, Universitat Aut\u00f2noma de Barcelona, 1993; El evangelio habla a los j\u00f3venes, Atenas, Madrid, 1997; Qu\u00e9 es... LA TOLERANCIA, Paulinas, Madrid, 1999; Pedagog\u00eda del dolor. Ensayo antropol\u00f3gico, Palabra, Madrid, 1999; En colaboraci\u00f3n con Enrique Rivera de Ventosa (\u2020) OFM. Cap. San Francisco de As\u00eds y Fernando Rielo: Convergencias. Respuestas desde la fe a los interrogantes del hombre de hoy, Universidad Pontificia, Salamanca, 2001; La \"mirada\" del cine. Recursos did\u00e1cticos del s\u00e9ptimo arte. Librer\u00eda Cervantes, Salamanca, 2001; Paradojas de la convivencia, San Pablo, Madrid, 2002; En la Universidad T\u00e9cnica Particular de Loja, Ecuador, ha publicado: La confianza. El arte de amar, 2002; Educar para la responsabilidad, 2003; Apuntes de \u00e9tica en Karl R. Popper, 2003; De soledades y comunicaci\u00f3n, 2005; Yo educo; t\u00fa respondes, 2008; Humanismo y fe en un crisol de culturas, 2008; Repensar lo cotidiano, 2008; Convivir: un constante desaf\u00edo, 2009; La l\u00f3gica del amor, 2010; El dolor del amor. Apuntes sobre la enfermedad y el dolor en relaci\u00f3n con la virtud heroica, el martirio y la vida santa. Seminario Diocesano de M\u00e1laga, 2006 y Universidad T\u00e9cnica Particular de Loja, Ecuador (2007). Cuenta con numerosas colaboraciones en obras colectivas, as\u00ed como relatos, cuentos, f\u00e1bula y novela juvenil, adem\u00e1s de art\u00edculos de tem\u00e1tica cient\u00edfica, pedag\u00f3gica y espiritual, que viene publicando en distintas revistas nacionales e internacionales. En 2012 culmin\u00f3 el santoral Llamados a ser santos y poco m\u00e1s tarde Epopeyas de amor prologado por mons. Fernando Sebasti\u00e1n. Es la bi\u00f3grafa oficial del fundador de su familia espiritual, autora de Fernando Rielo Pardal. Fundador de los Misioneros Identes, Descl\u00e9e de Brouwer, Bilbao, 2009. Culmina la biograf\u00eda completa. Encargada del santoral de ZENIT desde 2012 a 2020 y ahora en Exaudi","url":"https:\/\/exaudi.org\/es\/author\/isabelorellana\/"}]}},"jetpack_featured_media_url":"https:\/\/exaudi.org\/wp-content\/uploads\/2021\/09\/65883031-beato-francesc-castello-i-aleu-c-todocoleccion-net-1.jpg","jetpack_shortlink":"https:\/\/wp.me\/pgKjF2-958","_links":{"self":[{"href":"https:\/\/exaudi.org\/es\/wp-json\/wp\/v2\/posts\/34914","targetHints":{"allow":["GET"]}}],"collection":[{"href":"https:\/\/exaudi.org\/es\/wp-json\/wp\/v2\/posts"}],"about":[{"href":"https:\/\/exaudi.org\/es\/wp-json\/wp\/v2\/types\/post"}],"author":[{"embeddable":true,"href":"https:\/\/exaudi.org\/es\/wp-json\/wp\/v2\/users\/23"}],"replies":[{"embeddable":true,"href":"https:\/\/exaudi.org\/es\/wp-json\/wp\/v2\/comments?post=34914"}],"version-history":[{"count":3,"href":"https:\/\/exaudi.org\/es\/wp-json\/wp\/v2\/posts\/34914\/revisions"}],"predecessor-version":[{"id":136385,"href":"https:\/\/exaudi.org\/es\/wp-json\/wp\/v2\/posts\/34914\/revisions\/136385"}],"wp:featuredmedia":[{"embeddable":true,"href":"https:\/\/exaudi.org\/es\/wp-json\/wp\/v2\/media\/34915"}],"wp:attachment":[{"href":"https:\/\/exaudi.org\/es\/wp-json\/wp\/v2\/media?parent=34914"}],"wp:term":[{"taxonomy":"category","embeddable":true,"href":"https:\/\/exaudi.org\/es\/wp-json\/wp\/v2\/categories?post=34914"},{"taxonomy":"post_tag","embeddable":true,"href":"https:\/\/exaudi.org\/es\/wp-json\/wp\/v2\/tags?post=34914"}],"curies":[{"name":"wp","href":"https:\/\/api.w.org\/{rel}","templated":true}]}}